{"id":198729,"date":"2020-01-10T13:34:33","date_gmt":"2020-01-10T13:34:33","guid":{"rendered":"https:\/\/www.meydan.tv\/article\/elilliyime-gore-meni-ise-goturmurler\/"},"modified":"2020-01-10T13:34:33","modified_gmt":"2020-01-10T13:34:33","slug":"elilliyime-gore-meni-ise-goturmurler","status":"publish","type":"post","link":"https:\/\/www.meydan.tv\/az\/article\/elilliyime-gore-meni-ise-goturmurler\/","title":{"rendered":"\u201c\u018flilliyim\u0259 g\u00f6r\u0259 m\u0259ni i\u015f\u0259 g\u00f6t\u00fcrm\u00fcrl\u0259r\u201d"},"content":{"rendered":"<p>\n  <i><br \/>\n    Seymur Abdullayev i\u015f \u00fc\u00e7\u00fcn \u00e7ox yerl\u0259r\u0259 m\u00fcraci\u0259t ets\u0259 d\u0259, imtina cavab\u0131 al\u0131b<br \/>\n  <\/i>\n<\/p>\n<p>\n  \u201cNazir Sahil Babayev\u0259 sual verir\u0259m, sizc\u0259, bir g\u0259nc 110 manatla dolana, ail\u0259, g\u0259l\u0259c\u0259k qura bil\u0259rmi? M\u0259n d\u0259 ist\u0259yir\u0259m ail\u0259m olsun, g\u0259l\u0259c\u0259yimi qurum. Ancaq ald\u0131\u011f\u0131m 110 manat t\u0259qa\u00fcd he\u00e7 d\u0259rmanlar\u0131ma \u00e7atm\u0131r\u201d.\n<\/p>\n<p>\n  G\u0259nc\u0259 \u015f\u0259h\u0259r sakini Seymur Abdullayevin 27 ya\u015f\u0131 var, 3-c\u00fc qrup \u0259lildir. Deyir, n\u0259 evi, n\u0259 d\u0259 i\u015fi, qazanc\u0131 var. Valideynl\u0259ri il\u0259 birlikd\u0259 qal\u0131r. Qazanc\u0131 olmad\u0131\u011f\u0131na g\u00f6r\u0259 valideynl\u0259rind\u0259n utan\u0131r.\n<\/p>\n<p>\n  <b><br \/>\n    \u201cDeyirl\u0259r, he\u00e7 sa\u011flamlara i\u015f yoxdur\u201d<br \/>\n  <\/b>\n<\/p>\n<p>\n  \u201cM\u0259n, 27 ya\u015fl\u0131 bir g\u0259nc ev\u0259 \u00e7\u00f6r\u0259k g\u0259tir\u0259, ail\u0259min \u00fcz\u00fcn\u0259 baxa bilmir\u0259m. \u00d6z\u00fcm\u00fc bu c\u0259miyy\u0259t\u0259, bu ail\u0259y\u0259 laz\u0131ms\u0131z kimi hiss edir\u0259m. He\u00e7 kim\u0259 faydam d\u0259ymir, bu ya\u015fda ail\u0259 qura bilmir\u0259m. \u018flil oldu\u011fuma g\u00f6r\u0259 he\u00e7 yerd\u0259 i\u015f vermirl\u0259r. Halbuki, fiziki olmasa da, oturaq bir i\u015fd\u0259 \u00e7al\u0131\u015fa bil\u0259r\u0259m. Deyirl\u0259r, he\u00e7 sa\u011flam adama i\u015f yoxdur, s\u0259n\u0259 hardan i\u015f ver\u0259k?\u201d \u2013 Seymur Abdullayev deyir.\n<\/p>\n<p>\n  Seymurun ASAN Xidm\u0259t k\u00f6n\u00fcll\u00fcs\u00fc kimi 1-ci d\u0259r\u0259c\u0259li sertifikat\u0131 var. Az\u0259rbaycanda ke\u00e7iril\u0259n Avropa oyunlar\u0131n\u0131n da k\u00f6n\u00fcll\u00fcl\u0259rind\u0259n olub. Bir ne\u00e7\u0259 ildir ki, \u0259lill\u0259rin c\u0259miyy\u0259td\u0259ki reablitasiyas\u0131 v\u0259 sosial inki\u015faf\u0131 il\u0259 ba\u011fl\u0131 m\u00fcxt\u0259lif h\u00f6kum\u0259t v\u0259 qeyri-h\u00f6kum\u0259t t\u0259\u015fkilatlar\u0131n\u0131n ke\u00e7irdikl\u0259ri t\u0259dbirl\u0259rd\u0259, konfranslarda yax\u0131ndan i\u015ftirak edir. H\u0259tta ara-s\u0131ra layih\u0259l\u0259r d\u0259 t\u0259qdim edir. \u015eeir yaz\u0131r. \u018fn b\u00f6y\u00fck arzular\u0131ndan biri \u015feirl\u0259r toplusunun \u00e7ap\u0131 olunmas\u0131d\u0131r.\n<\/p>\n<p>\n  <b><br \/>\n    \u201cEv vermirl\u0259r, he\u00e7 olmasa torpaq versinl\u0259r\u201d<br \/>\n  <\/b>\n<\/p>\n<p>\n  \u00dcmumiyy\u0259tl\u0259, Seymurun arzular\u0131 \u00e7oxdur:\n<\/p>\n<p>\n  \u201cM\u0259nim x\u0259st\u0259likl\u0259rim g\u00f6z\u00fcml\u0259 v\u0259 aya\u011f\u0131mla \u0259laq\u0259lidir. Burdan prezident\u0259, Birinci vitse-prezident\u0259, Heyd\u0259r \u018fliyev Fonduna s\u0259sl\u0259nir\u0259m, m\u0259n\u0259 k\u00f6m\u0259k el\u0259sinl\u0259r, \u00f6lk\u0259 xaricind\u0259 m\u00fcayin\u0259 olunum, d\u0259rdim\u0259 \u00e7ar\u0259 varsa, m\u00fcalic\u0259 etdirsinl\u0259r. Bilir\u0259m ki, dey\u0259c\u0259kl\u0259r ev tikm\u0259y\u0259 imkan\u0131m\u0131z yoxdur, he\u00e7 olmasa torpaq versinl\u0259r, ail\u0259min k\u00f6m\u0259kliyi il\u0259 balaca bir otaq tikim, qar\u015f\u0131s\u0131n\u0131 ba\u011f\u00e7a el\u0259yim, meyv\u0259 \u0259kim, t\u0259r\u0259v\u0259z \u0259kim, ordan dolan\u0131m. Fiziki i\u015f vermirl\u0259r, he\u00e7 olmasa bir oturaq i\u015fim olsun, maa\u015f\u0131m olsun. Sonra da ail\u0259 qurmaq ist\u0259yir\u0259m. \u00d6vladlar\u0131m olsun, ist\u0259yir\u0259m. Biz \u0259lill\u0259r bu torpa\u011f\u0131n \u00fcst\u00fcnd\u0259 sad\u0259c\u0259 hava al\u0131r\u0131q, hava almaq ya\u015famaq dem\u0259k deyil. \u0130nsandan bir fayda yoxdursa, o, \u00f6z\u00fcn\u00fc c\u0259miyy\u0259t\u0259 faydas\u0131z hiss edirs\u0259, illah da, bir \u0259lil bu hissl\u0259ri ya\u015fay\u0131rsa, bu hissl\u0259rin ax\u0131r\u0131 yax\u015f\u0131 g\u00f6r\u00fcnm\u00fcr. M\u0259n \u0259lilliyimi \u0259limd\u0259 bayraq etm\u0259mi\u015f\u0259m, sad\u0259c\u0259, dem\u0259yim odur ki, \u0259lilin d\u0259 ham\u0131 kimi i\u015fl\u0259m\u0259y\u0259, \u00f6z \u00e7\u00f6r\u0259yini qazanma\u011fa, \u00f6z\u00fcn\u00fc inki\u015faf etdirm\u0259y\u0259, ail\u0259 qurma\u011fa, \u00f6vladlar\u0131na bax\u0131b f\u0259r\u0259hl\u0259nm\u0259y\u0259 haqq\u0131 var\u201d.\n<\/p>\n<p>\n  <b><br \/>\n    Qanun n\u0259 deyir&#8230;<br \/>\n  <\/b>\n<\/p>\n<p>\n  H\u00fcquq\u015f\u00fcnas Namiz\u0259d S\u0259f\u0259rov deyir, \u201c\u018flill\u0259rin sosial m\u00fcdafi\u0259si haqq\u0131nda\u201d Qanunda \u0259lill\u0259rin i\u015f\u0259 d\u00fcz\u0259ldilm\u0259si, \u0259m\u0259k h\u00fcququnun h\u0259yata ke\u00e7irilm\u0259si, m\u0259\u015f\u011fullu\u011funun t\u0259min edilm\u0259si, i\u015fver\u0259nl\u0259rin \u0259m\u0259k qabiliyy\u0259tini itirmi\u015f \u015f\u0259xsl\u0259ri i\u015f\u0259 d\u00fcz\u0259ltm\u0259k v\u0259zif\u0259si v\u0259 buna aid dig\u0259r madd\u0259l\u0259r var:\n<\/p>\n<p>\n  \u201cQanunun bu madd\u0259l\u0259ri h\u0259m d\u00f6vl\u0259t, h\u0259m d\u0259 qeyri-d\u00f6vl\u0259t t\u0259\u015fkilatlar\u0131n\u0131n v\u0259zif\u0259li \u015f\u0259xsl\u0259rinin \u00fcz\u0259rin\u0259 \u0259lill\u0259rin i\u015f\u0259 g\u00f6t\u00fcr\u00fclm\u0259si il\u0259 ba\u011fl\u0131 birba\u015fa \u00f6hd\u0259likl\u0259r qoyur. H\u0259tta bu Qanunun 28-ci madd\u0259sind\u0259 \u0259lill\u0259rin \u0259m\u0259yini t\u0259tbiq ed\u0259n m\u00fc\u0259ssis\u0259l\u0259r \u00fc\u00e7\u00fcn \u00fcst\u00fcnl\u00fckl\u0259r v\u0259 g\u00fcz\u0259\u015ftl\u0259r d\u0259 n\u0259z\u0259rd\u0259 tutulub. T\u0259\u0259ss\u00fcf ki, bununla bel\u0259 bu g\u00fcn h\u0259r hans\u0131 bir \u0259lil ist\u0259nil\u0259n m\u00fc\u0259ssis\u0259y\u0259 yax\u0131nla\u015fanda, i\u015f\u0259 g\u00f6t\u00fcrm\u00fcrl\u0259r. H\u0259r hans\u0131 m\u00fc\u0259ssis\u0259y\u0259 g\u00f6nd\u0259rdiyi anket m\u0259lumat\u0131nda \u0259lil oldu\u011funu qeyd edirs\u0259, o anketi \u00fcmumiyy\u0259tl\u0259, k\u0259nara at\u0131rlar\u201d.\n<\/p>\n<p>\n  Qanunvericiliy\u0259 g\u00f6r\u0259, m\u00fcvafiq icra hakimiyy\u0259ti orqan\u0131 (\u018fm\u0259k v\u0259 \u018fhalinin Sosial M\u00fcdafi\u0259 Nazirliyi) t\u0259r\u0259find\u0259n g\u00f6nd\u0259rilmi\u015f \u0259lilliyi olan \u015f\u0259xsl\u0259ri kvota \u00fczr\u0259 m\u00fc\u0259yy\u0259n olunmu\u015f i\u015f yerl\u0259rin\u0259 q\u0259bul etm\u0259y\u0259n i\u015f\u0259g\u00f6t\u00fcr\u0259nl\u0259r m\u0259suliyy\u0259t da\u015f\u0131y\u0131rlar. \u0130nzibati X\u0259talar M\u0259c\u0259ll\u0259sinin 194-c\u00fc madd\u0259sin\u0259 g\u00f6r\u0259, m\u00fcvafiq icra hakimiyy\u0259ti orqan\u0131 t\u0259r\u0259find\u0259n g\u00f6nd\u0259rilmi\u015f sosial m\u00fcdafi\u0259y\u0259 x\u00fcsusi ehtiyac\u0131 olan v\u0259 i\u015f\u0259 d\u00fcz\u0259lm\u0259kd\u0259 \u00e7\u0259tinlik \u00e7\u0259k\u0259n \u015f\u0259xsl\u0259rin onlar \u00fc\u00e7\u00fcn kvota \u00fczr\u0259 m\u00fc\u0259yy\u0259n olunmu\u015f i\u015f yerl\u0259rin\u0259 q\u0259bul edilm\u0259m\u0259sin\u0259 g\u00f6r\u0259 m\u00fc\u0259ssis\u0259 r\u0259hb\u0259rliyi 1.500 manatdan 2000 manatad\u0259k c\u0259rim\u0259 n\u0259z\u0259rd\u0259 tutulub.\n<\/p>\n<p>\n  <b><br \/>\n    Nazirlik yol g\u00f6st\u0259rir&#8230;<br \/>\n  <\/b>\n<\/p>\n<p>\n  \u018fm\u0259k v\u0259 \u018fhalinin Sosial M\u00fcdafi\u0259si Nazirliyind\u0259n bildirilib ki, Seymur Abdullayev \u201ce-sosial.az\u201d elektron portal\u0131nda qeydiyyatdan ke\u00e7\u0259r\u0259k qurumun elektron xidm\u0259tl\u0259ri siyah\u0131s\u0131ndan M\u0259\u015f\u011fulluq Altsistemi adl\u0131 elektron xidm\u0259td\u0259n istifad\u0259 ed\u0259r\u0259k, vakansiyalarla tan\u0131\u015f ola, i\u015fl\u0259 ba\u011fl\u0131 elektron m\u00fcraci\u0259t el\u0259 bil\u0259r. H\u0259m\u00e7inin qeydiyyatda oldu\u011fu rayon \u00fczr\u0259 M\u0259\u015f\u011fulluq M\u0259rk\u0259zin\u0259 m\u00fcraci\u0259t ed\u0259r\u0259k \u00f6z\u00fcn\u0259m\u0259\u015f\u011fulluq proqram\u0131na qo\u015fula bil\u0259r.\n<\/p>\n<p>\n  Seymur Abdullayev deyir, \u018fm\u0259k v\u0259 \u018fhalinin Sosial M\u00fcdafi\u0259si Nazirliyinin r\u0259smi s\u0259hif\u0259sin\u0259 m\u00fcraci\u0259t edib, ona bildirilib ki, ya\u015fad\u0131\u011f\u0131 \u0259razi \u00fczr\u0259 M\u0259\u015f\u011fulluq M\u0259rk\u0259zin\u0259 m\u00fcraci\u0259t etm\u0259lidir: \u201cM\u0259\u015f\u011fulluq M\u0259rk\u0259zin\u0259 m\u00fcraci\u0259t etdiks\u0259 deyirl\u0259r ki, i\u015f\u0259g\u00f6t\u00fcr\u0259n kimi m\u00fcraci\u0259t ed\u0259n m\u00fc\u0259ssis\u0259l\u0259r yaln\u0131z fiziki sa\u011flam \u015f\u0259xsl\u0259ri i\u015f\u0259 g\u00f6t\u00fcr\u00fcrl\u0259r\u201d.<\/p>\n","protected":false},"excerpt":{"rendered":"<p>&#8220;Bilir\u0259m ki, dey\u0259c\u0259kl\u0259r ev tikm\u0259y\u0259 imkan\u0131m\u0131z yoxdur, he\u00e7 olmasa torpaq versinl\u0259r, ail\u0259min k\u00f6m\u0259kliyi il\u0259 balaca bir otaq tikim, qar\u015f\u0131s\u0131n\u0131 ba\u011f\u00e7a el\u0259yim, meyv\u0259 \u0259kim, t\u0259r\u0259v\u0259z \u0259kim, ordan dolan\u0131m&#8221;<\/p>\n","protected":false},"author":11,"featured_media":135634,"comment_status":"closed","ping_status":"open","sticky":false,"template":"","format":"standard","meta":{"_acf_changed":false,"_sitemap_exclude":false,"_sitemap_priority":"","_sitemap_frequency":"","footnotes":""},"categories":[60],"tags":[],"class_list":["post-198729","post","type-post","status-publish","format-standard","has-post-thumbnail","hentry","category-bolge","infinite-scroll-item","generate-columns","tablet-grid-50","mobile-grid-100","grid-parent","grid-33","no-featured-image-padding"],"acf":[],"yoast_head":"<!-- This site is optimized with the Yoast SEO plugin v27.5 - https:\/\/yoast.com\/product\/yoast-seo-wordpress\/ -->\n<title>\u201c\u018flilliyim\u0259 g\u00f6r\u0259 m\u0259ni i\u015f\u0259 g\u00f6t\u00fcrm\u00fcrl\u0259r\u201d - MEYDAN.TV<\/title>\n<meta name=\"robots\" content=\"index, follow, max-snippet:-1, max-image-preview:large, max-video-preview:-1\" \/>\n<link rel=\"canonical\" href=\"https:\/\/www.meydan.tv\/az\/article\/elilliyime-gore-meni-ise-goturmurler\/\" \/>\n<meta property=\"og:locale\" content=\"az_AZ\" \/>\n<meta property=\"og:type\" content=\"article\" \/>\n<meta property=\"og:title\" content=\"\u201c\u018flilliyim\u0259 g\u00f6r\u0259 m\u0259ni i\u015f\u0259 g\u00f6t\u00fcrm\u00fcrl\u0259r\u201d - MEYDAN.TV\" \/>\n<meta property=\"og:description\" content=\"&quot;Bilir\u0259m ki, dey\u0259c\u0259kl\u0259r ev tikm\u0259y\u0259 imkan\u0131m\u0131z yoxdur, he\u00e7 olmasa torpaq versinl\u0259r, ail\u0259min k\u00f6m\u0259kliyi il\u0259 balaca bir otaq tikim, qar\u015f\u0131s\u0131n\u0131 ba\u011f\u00e7a el\u0259yim, meyv\u0259 \u0259kim, t\u0259r\u0259v\u0259z \u0259kim, ordan dolan\u0131m&quot;\" \/>\n<meta property=\"og:url\" content=\"https:\/\/www.meydan.tv\/az\/article\/elilliyime-gore-meni-ise-goturmurler\/\" \/>\n<meta property=\"og:site_name\" content=\"MEYDAN.TV\" \/>\n<meta property=\"article:published_time\" content=\"2020-01-10T13:34:33+00:00\" \/>\n<meta property=\"og:image\" content=\"https:\/\/www.meydan.tv\/wp-content\/uploads\/image_from_ios_2_6mx6nml.jpg\" \/>\n\t<meta property=\"og:image:width\" content=\"1280\" \/>\n\t<meta property=\"og:image:height\" content=\"720\" \/>\n\t<meta property=\"og:image:type\" content=\"image\/jpeg\" \/>\n<meta name=\"author\" content=\"user-manager\" \/>\n<meta name=\"twitter:card\" content=\"summary_large_image\" \/>\n<script type=\"application\/ld+json\" class=\"yoast-schema-graph\">{\"@context\":\"https:\\\/\\\/schema.org\",\"@graph\":[{\"@type\":\"Article\",\"@id\":\"https:\\\/\\\/www.meydan.tv\\\/az\\\/article\\\/elilliyime-gore-meni-ise-goturmurler\\\/#article\",\"isPartOf\":{\"@id\":\"https:\\\/\\\/www.meydan.tv\\\/az\\\/article\\\/elilliyime-gore-meni-ise-goturmurler\\\/\"},\"author\":{\"name\":\"user-manager\",\"@id\":\"https:\\\/\\\/www.meydan.tv\\\/az\\\/#\\\/schema\\\/person\\\/10d11eccf6da3662cf5fdab9806ea91a\"},\"headline\":\"\u201c\u018flilliyim\u0259 g\u00f6r\u0259 m\u0259ni i\u015f\u0259 g\u00f6t\u00fcrm\u00fcrl\u0259r\u201d\",\"datePublished\":\"2020-01-10T13:34:33+00:00\",\"mainEntityOfPage\":{\"@id\":\"https:\\\/\\\/www.meydan.tv\\\/az\\\/article\\\/elilliyime-gore-meni-ise-goturmurler\\\/\"},\"wordCount\":1049,\"publisher\":{\"@id\":\"https:\\\/\\\/www.meydan.tv\\\/az\\\/#organization\"},\"image\":{\"@id\":\"https:\\\/\\\/www.meydan.tv\\\/az\\\/article\\\/elilliyime-gore-meni-ise-goturmurler\\\/#primaryimage\"},\"thumbnailUrl\":\"https:\\\/\\\/www.meydan.tv\\\/wp-content\\\/uploads\\\/image_from_ios_2_6mx6nml.jpg\",\"articleSection\":[\"B\u00f6lg\u0259\"],\"inLanguage\":\"az\"},{\"@type\":\"WebPage\",\"@id\":\"https:\\\/\\\/www.meydan.tv\\\/az\\\/article\\\/elilliyime-gore-meni-ise-goturmurler\\\/\",\"url\":\"https:\\\/\\\/www.meydan.tv\\\/az\\\/article\\\/elilliyime-gore-meni-ise-goturmurler\\\/\",\"name\":\"\u201c\u018flilliyim\u0259 g\u00f6r\u0259 m\u0259ni i\u015f\u0259 g\u00f6t\u00fcrm\u00fcrl\u0259r\u201d - MEYDAN.TV\",\"isPartOf\":{\"@id\":\"https:\\\/\\\/www.meydan.tv\\\/az\\\/#website\"},\"primaryImageOfPage\":{\"@id\":\"https:\\\/\\\/www.meydan.tv\\\/az\\\/article\\\/elilliyime-gore-meni-ise-goturmurler\\\/#primaryimage\"},\"image\":{\"@id\":\"https:\\\/\\\/www.meydan.tv\\\/az\\\/article\\\/elilliyime-gore-meni-ise-goturmurler\\\/#primaryimage\"},\"thumbnailUrl\":\"https:\\\/\\\/www.meydan.tv\\\/wp-content\\\/uploads\\\/image_from_ios_2_6mx6nml.jpg\",\"datePublished\":\"2020-01-10T13:34:33+00:00\",\"breadcrumb\":{\"@id\":\"https:\\\/\\\/www.meydan.tv\\\/az\\\/article\\\/elilliyime-gore-meni-ise-goturmurler\\\/#breadcrumb\"},\"inLanguage\":\"az\",\"potentialAction\":[{\"@type\":\"ReadAction\",\"target\":[\"https:\\\/\\\/www.meydan.tv\\\/az\\\/article\\\/elilliyime-gore-meni-ise-goturmurler\\\/\"]}]},{\"@type\":\"ImageObject\",\"inLanguage\":\"az\",\"@id\":\"https:\\\/\\\/www.meydan.tv\\\/az\\\/article\\\/elilliyime-gore-meni-ise-goturmurler\\\/#primaryimage\",\"url\":\"https:\\\/\\\/www.meydan.tv\\\/wp-content\\\/uploads\\\/image_from_ios_2_6mx6nml.jpg\",\"contentUrl\":\"https:\\\/\\\/www.meydan.tv\\\/wp-content\\\/uploads\\\/image_from_ios_2_6mx6nml.jpg\",\"width\":1280,\"height\":720,\"caption\":\"Source: Specify Source\"},{\"@type\":\"BreadcrumbList\",\"@id\":\"https:\\\/\\\/www.meydan.tv\\\/az\\\/article\\\/elilliyime-gore-meni-ise-goturmurler\\\/#breadcrumb\",\"itemListElement\":[{\"@type\":\"ListItem\",\"position\":1,\"name\":\"Ana s\u0259hif\u0259\",\"item\":\"https:\\\/\\\/www.meydan.tv\\\/az\\\/\"},{\"@type\":\"ListItem\",\"position\":2,\"name\":\"B\u00f6lg\u0259\",\"item\":\"https:\\\/\\\/www.meydan.tv\\\/az\\\/section\\\/bolge\\\/\"},{\"@type\":\"ListItem\",\"position\":3,\"name\":\"\u201c\u018flilliyim\u0259 g\u00f6r\u0259 m\u0259ni i\u015f\u0259 g\u00f6t\u00fcrm\u00fcrl\u0259r\u201d\"}]},{\"@type\":\"WebSite\",\"@id\":\"https:\\\/\\\/www.meydan.tv\\\/az\\\/#website\",\"url\":\"https:\\\/\\\/www.meydan.tv\\\/az\\\/\",\"name\":\"MEYDAN.TV\",\"description\":\"Meydan TV Az\u0259rbaycan\u0131n media m\u0259kan\u0131ndak\u0131 alternativ s\u0259sidir\",\"publisher\":{\"@id\":\"https:\\\/\\\/www.meydan.tv\\\/az\\\/#organization\"},\"potentialAction\":[{\"@type\":\"SearchAction\",\"target\":{\"@type\":\"EntryPoint\",\"urlTemplate\":\"https:\\\/\\\/www.meydan.tv\\\/az\\\/?s={search_term_string}\"},\"query-input\":{\"@type\":\"PropertyValueSpecification\",\"valueRequired\":true,\"valueName\":\"search_term_string\"}}],\"inLanguage\":\"az\"},{\"@type\":\"Organization\",\"@id\":\"https:\\\/\\\/www.meydan.tv\\\/az\\\/#organization\",\"name\":\"Meydan TV\",\"url\":\"https:\\\/\\\/www.meydan.tv\\\/az\\\/\",\"logo\":{\"@type\":\"ImageObject\",\"inLanguage\":\"az\",\"@id\":\"https:\\\/\\\/www.meydan.tv\\\/az\\\/#\\\/schema\\\/logo\\\/image\\\/\",\"url\":\"https:\\\/\\\/www.meydan.tv\\\/wp-content\\\/uploads\\\/2021\\\/07\\\/meydan-logo.svg\",\"contentUrl\":\"https:\\\/\\\/www.meydan.tv\\\/wp-content\\\/uploads\\\/2021\\\/07\\\/meydan-logo.svg\",\"width\":195,\"height\":46,\"caption\":\"Meydan TV\"},\"image\":{\"@id\":\"https:\\\/\\\/www.meydan.tv\\\/az\\\/#\\\/schema\\\/logo\\\/image\\\/\"}},{\"@type\":\"Person\",\"@id\":\"https:\\\/\\\/www.meydan.tv\\\/az\\\/#\\\/schema\\\/person\\\/10d11eccf6da3662cf5fdab9806ea91a\",\"name\":\"user-manager\"}]}<\/script>\n<!-- \/ Yoast SEO plugin. -->","yoast_head_json":{"title":"\u201c\u018flilliyim\u0259 g\u00f6r\u0259 m\u0259ni i\u015f\u0259 g\u00f6t\u00fcrm\u00fcrl\u0259r\u201d - MEYDAN.TV","robots":{"index":"index","follow":"follow","max-snippet":"max-snippet:-1","max-image-preview":"max-image-preview:large","max-video-preview":"max-video-preview:-1"},"canonical":"https:\/\/www.meydan.tv\/az\/article\/elilliyime-gore-meni-ise-goturmurler\/","og_locale":"az_AZ","og_type":"article","og_title":"\u201c\u018flilliyim\u0259 g\u00f6r\u0259 m\u0259ni i\u015f\u0259 g\u00f6t\u00fcrm\u00fcrl\u0259r\u201d - MEYDAN.TV","og_description":"\"Bilir\u0259m ki, dey\u0259c\u0259kl\u0259r ev tikm\u0259y\u0259 imkan\u0131m\u0131z yoxdur, he\u00e7 olmasa torpaq versinl\u0259r, ail\u0259min k\u00f6m\u0259kliyi il\u0259 balaca bir otaq tikim, qar\u015f\u0131s\u0131n\u0131 ba\u011f\u00e7a el\u0259yim, meyv\u0259 \u0259kim, t\u0259r\u0259v\u0259z \u0259kim, ordan dolan\u0131m\"","og_url":"https:\/\/www.meydan.tv\/az\/article\/elilliyime-gore-meni-ise-goturmurler\/","og_site_name":"MEYDAN.TV","article_published_time":"2020-01-10T13:34:33+00:00","og_image":[{"width":1280,"height":720,"url":"https:\/\/www.meydan.tv\/wp-content\/uploads\/image_from_ios_2_6mx6nml.jpg","type":"image\/jpeg"}],"author":"user-manager","twitter_card":"summary_large_image","schema":{"@context":"https:\/\/schema.org","@graph":[{"@type":"Article","@id":"https:\/\/www.meydan.tv\/az\/article\/elilliyime-gore-meni-ise-goturmurler\/#article","isPartOf":{"@id":"https:\/\/www.meydan.tv\/az\/article\/elilliyime-gore-meni-ise-goturmurler\/"},"author":{"name":"user-manager","@id":"https:\/\/www.meydan.tv\/az\/#\/schema\/person\/10d11eccf6da3662cf5fdab9806ea91a"},"headline":"\u201c\u018flilliyim\u0259 g\u00f6r\u0259 m\u0259ni i\u015f\u0259 g\u00f6t\u00fcrm\u00fcrl\u0259r\u201d","datePublished":"2020-01-10T13:34:33+00:00","mainEntityOfPage":{"@id":"https:\/\/www.meydan.tv\/az\/article\/elilliyime-gore-meni-ise-goturmurler\/"},"wordCount":1049,"publisher":{"@id":"https:\/\/www.meydan.tv\/az\/#organization"},"image":{"@id":"https:\/\/www.meydan.tv\/az\/article\/elilliyime-gore-meni-ise-goturmurler\/#primaryimage"},"thumbnailUrl":"https:\/\/www.meydan.tv\/wp-content\/uploads\/image_from_ios_2_6mx6nml.jpg","articleSection":["B\u00f6lg\u0259"],"inLanguage":"az"},{"@type":"WebPage","@id":"https:\/\/www.meydan.tv\/az\/article\/elilliyime-gore-meni-ise-goturmurler\/","url":"https:\/\/www.meydan.tv\/az\/article\/elilliyime-gore-meni-ise-goturmurler\/","name":"\u201c\u018flilliyim\u0259 g\u00f6r\u0259 m\u0259ni i\u015f\u0259 g\u00f6t\u00fcrm\u00fcrl\u0259r\u201d - MEYDAN.TV","isPartOf":{"@id":"https:\/\/www.meydan.tv\/az\/#website"},"primaryImageOfPage":{"@id":"https:\/\/www.meydan.tv\/az\/article\/elilliyime-gore-meni-ise-goturmurler\/#primaryimage"},"image":{"@id":"https:\/\/www.meydan.tv\/az\/article\/elilliyime-gore-meni-ise-goturmurler\/#primaryimage"},"thumbnailUrl":"https:\/\/www.meydan.tv\/wp-content\/uploads\/image_from_ios_2_6mx6nml.jpg","datePublished":"2020-01-10T13:34:33+00:00","breadcrumb":{"@id":"https:\/\/www.meydan.tv\/az\/article\/elilliyime-gore-meni-ise-goturmurler\/#breadcrumb"},"inLanguage":"az","potentialAction":[{"@type":"ReadAction","target":["https:\/\/www.meydan.tv\/az\/article\/elilliyime-gore-meni-ise-goturmurler\/"]}]},{"@type":"ImageObject","inLanguage":"az","@id":"https:\/\/www.meydan.tv\/az\/article\/elilliyime-gore-meni-ise-goturmurler\/#primaryimage","url":"https:\/\/www.meydan.tv\/wp-content\/uploads\/image_from_ios_2_6mx6nml.jpg","contentUrl":"https:\/\/www.meydan.tv\/wp-content\/uploads\/image_from_ios_2_6mx6nml.jpg","width":1280,"height":720,"caption":"Source: Specify Source"},{"@type":"BreadcrumbList","@id":"https:\/\/www.meydan.tv\/az\/article\/elilliyime-gore-meni-ise-goturmurler\/#breadcrumb","itemListElement":[{"@type":"ListItem","position":1,"name":"Ana s\u0259hif\u0259","item":"https:\/\/www.meydan.tv\/az\/"},{"@type":"ListItem","position":2,"name":"B\u00f6lg\u0259","item":"https:\/\/www.meydan.tv\/az\/section\/bolge\/"},{"@type":"ListItem","position":3,"name":"\u201c\u018flilliyim\u0259 g\u00f6r\u0259 m\u0259ni i\u015f\u0259 g\u00f6t\u00fcrm\u00fcrl\u0259r\u201d"}]},{"@type":"WebSite","@id":"https:\/\/www.meydan.tv\/az\/#website","url":"https:\/\/www.meydan.tv\/az\/","name":"MEYDAN.TV","description":"Meydan TV Az\u0259rbaycan\u0131n media m\u0259kan\u0131ndak\u0131 alternativ s\u0259sidir","publisher":{"@id":"https:\/\/www.meydan.tv\/az\/#organization"},"potentialAction":[{"@type":"SearchAction","target":{"@type":"EntryPoint","urlTemplate":"https:\/\/www.meydan.tv\/az\/?s={search_term_string}"},"query-input":{"@type":"PropertyValueSpecification","valueRequired":true,"valueName":"search_term_string"}}],"inLanguage":"az"},{"@type":"Organization","@id":"https:\/\/www.meydan.tv\/az\/#organization","name":"Meydan TV","url":"https:\/\/www.meydan.tv\/az\/","logo":{"@type":"ImageObject","inLanguage":"az","@id":"https:\/\/www.meydan.tv\/az\/#\/schema\/logo\/image\/","url":"https:\/\/www.meydan.tv\/wp-content\/uploads\/2021\/07\/meydan-logo.svg","contentUrl":"https:\/\/www.meydan.tv\/wp-content\/uploads\/2021\/07\/meydan-logo.svg","width":195,"height":46,"caption":"Meydan TV"},"image":{"@id":"https:\/\/www.meydan.tv\/az\/#\/schema\/logo\/image\/"}},{"@type":"Person","@id":"https:\/\/www.meydan.tv\/az\/#\/schema\/person\/10d11eccf6da3662cf5fdab9806ea91a","name":"user-manager"}]}},"_links":{"self":[{"href":"https:\/\/www.meydan.tv\/az\/wp-json\/wp\/v2\/posts\/198729","targetHints":{"allow":["GET"]}}],"collection":[{"href":"https:\/\/www.meydan.tv\/az\/wp-json\/wp\/v2\/posts"}],"about":[{"href":"https:\/\/www.meydan.tv\/az\/wp-json\/wp\/v2\/types\/post"}],"author":[{"embeddable":true,"href":"https:\/\/www.meydan.tv\/az\/wp-json\/wp\/v2\/users\/11"}],"replies":[{"embeddable":true,"href":"https:\/\/www.meydan.tv\/az\/wp-json\/wp\/v2\/comments?post=198729"}],"version-history":[{"count":0,"href":"https:\/\/www.meydan.tv\/az\/wp-json\/wp\/v2\/posts\/198729\/revisions"}],"wp:featuredmedia":[{"embeddable":true,"href":"https:\/\/www.meydan.tv\/az\/wp-json\/wp\/v2\/media\/135634"}],"wp:attachment":[{"href":"https:\/\/www.meydan.tv\/az\/wp-json\/wp\/v2\/media?parent=198729"}],"wp:term":[{"taxonomy":"category","embeddable":true,"href":"https:\/\/www.meydan.tv\/az\/wp-json\/wp\/v2\/categories?post=198729"},{"taxonomy":"post_tag","embeddable":true,"href":"https:\/\/www.meydan.tv\/az\/wp-json\/wp\/v2\/tags?post=198729"}],"curies":[{"name":"wp","href":"https:\/\/api.w.org\/{rel}","templated":true}]}}