{"id":198712,"date":"2020-01-09T14:05:19","date_gmt":"2020-01-09T14:05:19","guid":{"rendered":"https:\/\/www.meydan.tv\/article\/sahzade-harri-kral-ailesine-aid-imtiyazlardan-imtina-edir\/"},"modified":"2020-01-09T14:05:19","modified_gmt":"2020-01-09T14:05:19","slug":"sahzade-harri-kral-ailesine-aid-imtiyazlardan-imtina-edir","status":"publish","type":"post","link":"https:\/\/www.meydan.tv\/az\/article\/sahzade-harri-kral-ailesine-aid-imtiyazlardan-imtina-edir\/","title":{"rendered":"\u015eahzad\u0259 Harri kral ail\u0259sin\u0259 aid imtiyazlardan imtina edir"},"content":{"rendered":"<p>\n  <i><br \/>\n    \u201cQ\u0259rar a\u011f\u0131l\u0131n deyil, \u00fcr\u0259yin s\u0259si il\u0259 verilib\u201d<br \/>\n  <\/i>\n<\/p>\n<p>\n  \u015eahzad\u0259 Harri v\u0259 onun h\u0259yat yolda\u015f\u0131 Meqan kral ail\u0259sin\u0259 aid imtiyazlardan imtina etm\u0259k ist\u0259dikl\u0259rini b\u0259yan edibl\u0259r.\n<\/p>\n<p>\n  Sasseks hersoqu v\u0259 hersoginiyas\u0131 olan Harri v\u0259 Meqan bildiribl\u0259r ki, maliyy\u0259 m\u00fcst\u0259qilliyin\u0259 nail olmaq ist\u0259yirl\u0259r.\n<\/p>\n<p>\n  <a href=\"https:\/\/www.bbc.com\/russian\/news-51041201\"><br \/>\n    \u201cBBC\u201d<br \/>\n  <\/a><br \/>\n  -nin m\u0259lumat\u0131na g\u00f6r\u0259, bu bar\u0259d\u0259 c\u00fctl\u00fck \u201c\u0130nstagram\u201d-da yaz\u0131b.\n<\/p>\n<p>\n  Onlar bundan sonra Britaniyadan ba\u015fqa \u015eimali Amerikada da ya\u015famaq ist\u0259dikl\u0259rini deyibl\u0259r.\n<\/p>\n<p>\n  M\u0259lumatda bildirilir ki, c\u00fctl\u00fck monarxiya daxilind\u0259 yeni, proqressiv rol oynamaq niyy\u0259tind\u0259dir. Onlar\u0131n s\u00f6zl\u0259rin\u0259 g\u00f6r\u0259, q\u0259rar bir ne\u00e7\u0259 ay \u00e7\u0259k\u0259n m\u00fczakir\u0259l\u0259rd\u0259n sonra verilib.\n<\/p>\n<p>\n  \u201cH\u0259r iki qit\u0259d\u0259 ya\u015famaq h\u0259m kral ail\u0259sin\u0259 h\u00f6rm\u0259t \u015f\u0259raitind\u0259 o\u011flumuzu t\u0259rbiy\u0259 etm\u0259y\u0259, h\u0259m d\u0259 \u015f\u0259xsi azadl\u0131\u011f\u0131m\u0131z\u0131 geni\u015fl\u0259ndirm\u0259y\u0259 imkan ver\u0259r. Biz h\u0259yat\u0131m\u0131z\u0131n yeni m\u0259rh\u0259l\u0259sini ya\u015famaq ist\u0259yirik. Bu m\u0259rh\u0259l\u0259y\u0259 xeyriyy\u0259\u00e7ilik fondunun yarad\u0131lmas\u0131 da daxildir\u201d, &#8211; Harri v\u0259 Meqan\u0131n b\u0259yanat\u0131nda deyilir.\n<\/p>\n<p>\n  Bukengem saray\u0131 b\u0259yan edib ki, \u015fahzad\u0259 Harri v\u0259 Meqanla dan\u0131\u015f\u0131qlar ilkin m\u0259rh\u0259l\u0259d\u0259dir.\n<\/p>\n<p>\n  \u201cBiz onlar\u0131 \u00f6z yollar\u0131 il\u0259 getm\u0259k ist\u0259yin\u0259 g\u00f6r\u0259 anlay\u0131r\u0131q. Amma bu h\u0259lli el\u0259 d\u0259 asan olmayan v\u0259 zaman t\u0259l\u0259b ed\u0259n m\u0259s\u0259l\u0259dir\u201d, &#8211; saray\u0131n b\u0259yanat\u0131nda deyilir.\n<\/p>\n<p>\n  Bukengem saray\u0131n\u0131n ke\u00e7mi\u015f m\u0259tbuat katibi Diki Arbiter deyib ki, \u015fahzad\u0259 Harri q\u0259rar\u0131 a\u011fl\u0131n\u0131n deyil, \u00fcr\u0259yinin s\u0259si il\u0259 verib. Onun fikrinc\u0259, q\u0259rar\u0131n s\u0259b\u0259bl\u0259rind\u0259n biri c\u00fctl\u00fcy\u00fcn o\u011flu Ar\u00e7inin anadan olmas\u0131ndan sonra K\u0130V-l\u0259rin onlar\u0131n ail\u0259sin\u0259 h\u0259dd\u0259n art\u0131q diqq\u0259t yetirm\u0259sind\u0259dir.\n<\/p>\n<p>\n  M\u00fcasir d\u00f6vrd\u0259 yaln\u0131z bir d\u0259f\u0259 kral ail\u0259sinin \u00fczv\u00fc imtiyazlardan imtina edib. 1936-c\u0131 ild\u0259 VIII Edvard taxt-tac\u0131ndan aktrisa Uollis Simpson il\u0259 evl\u0259nm\u0259k \u00fc\u00e7\u00fcn imtina edib.<\/p>\n","protected":false},"excerpt":{"rendered":"<p>\u201cBiz onlar\u0131 \u00f6z yollar\u0131 il\u0259 getm\u0259k ist\u0259yin\u0259 g\u00f6r\u0259 anlay\u0131r\u0131q&#8221;.<\/p>\n","protected":false},"author":11,"featured_media":135595,"comment_status":"closed","ping_status":"open","sticky":false,"template":"","format":"standard","meta":{"_acf_changed":false,"_sitemap_exclude":false,"_sitemap_priority":"","_sitemap_frequency":"","footnotes":""},"categories":[64],"tags":[],"class_list":["post-198712","post","type-post","status-publish","format-standard","has-post-thumbnail","hentry","category-dunya","infinite-scroll-item","generate-columns","tablet-grid-50","mobile-grid-100","grid-parent","grid-33","no-featured-image-padding"],"acf":[],"yoast_head":"<!-- This site is optimized with the Yoast SEO plugin v27.5 - https:\/\/yoast.com\/product\/yoast-seo-wordpress\/ -->\n<title>\u015eahzad\u0259 Harri kral ail\u0259sin\u0259 aid imtiyazlardan imtina edir - MEYDAN.TV<\/title>\n<meta name=\"robots\" content=\"index, follow, max-snippet:-1, max-image-preview:large, max-video-preview:-1\" \/>\n<link rel=\"canonical\" href=\"https:\/\/www.meydan.tv\/az\/article\/sahzade-harri-kral-ailesine-aid-imtiyazlardan-imtina-edir\/\" \/>\n<meta property=\"og:locale\" content=\"az_AZ\" \/>\n<meta property=\"og:type\" content=\"article\" \/>\n<meta property=\"og:title\" content=\"\u015eahzad\u0259 Harri kral ail\u0259sin\u0259 aid imtiyazlardan imtina edir - MEYDAN.TV\" \/>\n<meta property=\"og:description\" content=\"\u201cBiz onlar\u0131 \u00f6z yollar\u0131 il\u0259 getm\u0259k ist\u0259yin\u0259 g\u00f6r\u0259 anlay\u0131r\u0131q&quot;.\" \/>\n<meta property=\"og:url\" content=\"https:\/\/www.meydan.tv\/az\/article\/sahzade-harri-kral-ailesine-aid-imtiyazlardan-imtina-edir\/\" \/>\n<meta property=\"og:site_name\" content=\"MEYDAN.TV\" \/>\n<meta property=\"article:published_time\" content=\"2020-01-09T14:05:19+00:00\" \/>\n<meta property=\"og:image\" content=\"https:\/\/www.meydan.tv\/wp-content\/uploads\/7b402e3ddd6d636cf313b0b853066365dfd909af.jpg\" \/>\n\t<meta property=\"og:image:width\" content=\"740\" \/>\n\t<meta property=\"og:image:height\" content=\"554\" \/>\n\t<meta property=\"og:image:type\" content=\"image\/jpeg\" \/>\n<meta name=\"author\" content=\"user-manager\" \/>\n<meta name=\"twitter:card\" content=\"summary_large_image\" \/>\n<script type=\"application\/ld+json\" class=\"yoast-schema-graph\">{\"@context\":\"https:\\\/\\\/schema.org\",\"@graph\":[{\"@type\":\"Article\",\"@id\":\"https:\\\/\\\/www.meydan.tv\\\/az\\\/article\\\/sahzade-harri-kral-ailesine-aid-imtiyazlardan-imtina-edir\\\/#article\",\"isPartOf\":{\"@id\":\"https:\\\/\\\/www.meydan.tv\\\/az\\\/article\\\/sahzade-harri-kral-ailesine-aid-imtiyazlardan-imtina-edir\\\/\"},\"author\":{\"name\":\"user-manager\",\"@id\":\"https:\\\/\\\/www.meydan.tv\\\/az\\\/#\\\/schema\\\/person\\\/10d11eccf6da3662cf5fdab9806ea91a\"},\"headline\":\"\u015eahzad\u0259 Harri kral ail\u0259sin\u0259 aid imtiyazlardan imtina edir\",\"datePublished\":\"2020-01-09T14:05:19+00:00\",\"mainEntityOfPage\":{\"@id\":\"https:\\\/\\\/www.meydan.tv\\\/az\\\/article\\\/sahzade-harri-kral-ailesine-aid-imtiyazlardan-imtina-edir\\\/\"},\"wordCount\":364,\"publisher\":{\"@id\":\"https:\\\/\\\/www.meydan.tv\\\/az\\\/#organization\"},\"image\":{\"@id\":\"https:\\\/\\\/www.meydan.tv\\\/az\\\/article\\\/sahzade-harri-kral-ailesine-aid-imtiyazlardan-imtina-edir\\\/#primaryimage\"},\"thumbnailUrl\":\"https:\\\/\\\/www.meydan.tv\\\/wp-content\\\/uploads\\\/7b402e3ddd6d636cf313b0b853066365dfd909af.jpg\",\"articleSection\":[\"D\u00fcnya\"],\"inLanguage\":\"az\"},{\"@type\":\"WebPage\",\"@id\":\"https:\\\/\\\/www.meydan.tv\\\/az\\\/article\\\/sahzade-harri-kral-ailesine-aid-imtiyazlardan-imtina-edir\\\/\",\"url\":\"https:\\\/\\\/www.meydan.tv\\\/az\\\/article\\\/sahzade-harri-kral-ailesine-aid-imtiyazlardan-imtina-edir\\\/\",\"name\":\"\u015eahzad\u0259 Harri kral ail\u0259sin\u0259 aid imtiyazlardan imtina edir - MEYDAN.TV\",\"isPartOf\":{\"@id\":\"https:\\\/\\\/www.meydan.tv\\\/az\\\/#website\"},\"primaryImageOfPage\":{\"@id\":\"https:\\\/\\\/www.meydan.tv\\\/az\\\/article\\\/sahzade-harri-kral-ailesine-aid-imtiyazlardan-imtina-edir\\\/#primaryimage\"},\"image\":{\"@id\":\"https:\\\/\\\/www.meydan.tv\\\/az\\\/article\\\/sahzade-harri-kral-ailesine-aid-imtiyazlardan-imtina-edir\\\/#primaryimage\"},\"thumbnailUrl\":\"https:\\\/\\\/www.meydan.tv\\\/wp-content\\\/uploads\\\/7b402e3ddd6d636cf313b0b853066365dfd909af.jpg\",\"datePublished\":\"2020-01-09T14:05:19+00:00\",\"breadcrumb\":{\"@id\":\"https:\\\/\\\/www.meydan.tv\\\/az\\\/article\\\/sahzade-harri-kral-ailesine-aid-imtiyazlardan-imtina-edir\\\/#breadcrumb\"},\"inLanguage\":\"az\",\"potentialAction\":[{\"@type\":\"ReadAction\",\"target\":[\"https:\\\/\\\/www.meydan.tv\\\/az\\\/article\\\/sahzade-harri-kral-ailesine-aid-imtiyazlardan-imtina-edir\\\/\"]}]},{\"@type\":\"ImageObject\",\"inLanguage\":\"az\",\"@id\":\"https:\\\/\\\/www.meydan.tv\\\/az\\\/article\\\/sahzade-harri-kral-ailesine-aid-imtiyazlardan-imtina-edir\\\/#primaryimage\",\"url\":\"https:\\\/\\\/www.meydan.tv\\\/wp-content\\\/uploads\\\/7b402e3ddd6d636cf313b0b853066365dfd909af.jpg\",\"contentUrl\":\"https:\\\/\\\/www.meydan.tv\\\/wp-content\\\/uploads\\\/7b402e3ddd6d636cf313b0b853066365dfd909af.jpg\",\"width\":740,\"height\":554,\"caption\":\"Source: Foto: arxiv\"},{\"@type\":\"BreadcrumbList\",\"@id\":\"https:\\\/\\\/www.meydan.tv\\\/az\\\/article\\\/sahzade-harri-kral-ailesine-aid-imtiyazlardan-imtina-edir\\\/#breadcrumb\",\"itemListElement\":[{\"@type\":\"ListItem\",\"position\":1,\"name\":\"Ana s\u0259hif\u0259\",\"item\":\"https:\\\/\\\/www.meydan.tv\\\/az\\\/\"},{\"@type\":\"ListItem\",\"position\":2,\"name\":\"D\u00fcnya\",\"item\":\"https:\\\/\\\/www.meydan.tv\\\/az\\\/section\\\/dunya\\\/\"},{\"@type\":\"ListItem\",\"position\":3,\"name\":\"\u015eahzad\u0259 Harri kral ail\u0259sin\u0259 aid imtiyazlardan imtina edir\"}]},{\"@type\":\"WebSite\",\"@id\":\"https:\\\/\\\/www.meydan.tv\\\/az\\\/#website\",\"url\":\"https:\\\/\\\/www.meydan.tv\\\/az\\\/\",\"name\":\"MEYDAN.TV\",\"description\":\"Meydan TV Az\u0259rbaycan\u0131n media m\u0259kan\u0131ndak\u0131 alternativ s\u0259sidir\",\"publisher\":{\"@id\":\"https:\\\/\\\/www.meydan.tv\\\/az\\\/#organization\"},\"potentialAction\":[{\"@type\":\"SearchAction\",\"target\":{\"@type\":\"EntryPoint\",\"urlTemplate\":\"https:\\\/\\\/www.meydan.tv\\\/az\\\/?s={search_term_string}\"},\"query-input\":{\"@type\":\"PropertyValueSpecification\",\"valueRequired\":true,\"valueName\":\"search_term_string\"}}],\"inLanguage\":\"az\"},{\"@type\":\"Organization\",\"@id\":\"https:\\\/\\\/www.meydan.tv\\\/az\\\/#organization\",\"name\":\"Meydan TV\",\"url\":\"https:\\\/\\\/www.meydan.tv\\\/az\\\/\",\"logo\":{\"@type\":\"ImageObject\",\"inLanguage\":\"az\",\"@id\":\"https:\\\/\\\/www.meydan.tv\\\/az\\\/#\\\/schema\\\/logo\\\/image\\\/\",\"url\":\"https:\\\/\\\/www.meydan.tv\\\/wp-content\\\/uploads\\\/2021\\\/07\\\/meydan-logo.svg\",\"contentUrl\":\"https:\\\/\\\/www.meydan.tv\\\/wp-content\\\/uploads\\\/2021\\\/07\\\/meydan-logo.svg\",\"width\":195,\"height\":46,\"caption\":\"Meydan TV\"},\"image\":{\"@id\":\"https:\\\/\\\/www.meydan.tv\\\/az\\\/#\\\/schema\\\/logo\\\/image\\\/\"}},{\"@type\":\"Person\",\"@id\":\"https:\\\/\\\/www.meydan.tv\\\/az\\\/#\\\/schema\\\/person\\\/10d11eccf6da3662cf5fdab9806ea91a\",\"name\":\"user-manager\"}]}<\/script>\n<!-- \/ Yoast SEO plugin. -->","yoast_head_json":{"title":"\u015eahzad\u0259 Harri kral ail\u0259sin\u0259 aid imtiyazlardan imtina edir - MEYDAN.TV","robots":{"index":"index","follow":"follow","max-snippet":"max-snippet:-1","max-image-preview":"max-image-preview:large","max-video-preview":"max-video-preview:-1"},"canonical":"https:\/\/www.meydan.tv\/az\/article\/sahzade-harri-kral-ailesine-aid-imtiyazlardan-imtina-edir\/","og_locale":"az_AZ","og_type":"article","og_title":"\u015eahzad\u0259 Harri kral ail\u0259sin\u0259 aid imtiyazlardan imtina edir - MEYDAN.TV","og_description":"\u201cBiz onlar\u0131 \u00f6z yollar\u0131 il\u0259 getm\u0259k ist\u0259yin\u0259 g\u00f6r\u0259 anlay\u0131r\u0131q\".","og_url":"https:\/\/www.meydan.tv\/az\/article\/sahzade-harri-kral-ailesine-aid-imtiyazlardan-imtina-edir\/","og_site_name":"MEYDAN.TV","article_published_time":"2020-01-09T14:05:19+00:00","og_image":[{"width":740,"height":554,"url":"https:\/\/www.meydan.tv\/wp-content\/uploads\/7b402e3ddd6d636cf313b0b853066365dfd909af.jpg","type":"image\/jpeg"}],"author":"user-manager","twitter_card":"summary_large_image","schema":{"@context":"https:\/\/schema.org","@graph":[{"@type":"Article","@id":"https:\/\/www.meydan.tv\/az\/article\/sahzade-harri-kral-ailesine-aid-imtiyazlardan-imtina-edir\/#article","isPartOf":{"@id":"https:\/\/www.meydan.tv\/az\/article\/sahzade-harri-kral-ailesine-aid-imtiyazlardan-imtina-edir\/"},"author":{"name":"user-manager","@id":"https:\/\/www.meydan.tv\/az\/#\/schema\/person\/10d11eccf6da3662cf5fdab9806ea91a"},"headline":"\u015eahzad\u0259 Harri kral ail\u0259sin\u0259 aid imtiyazlardan imtina edir","datePublished":"2020-01-09T14:05:19+00:00","mainEntityOfPage":{"@id":"https:\/\/www.meydan.tv\/az\/article\/sahzade-harri-kral-ailesine-aid-imtiyazlardan-imtina-edir\/"},"wordCount":364,"publisher":{"@id":"https:\/\/www.meydan.tv\/az\/#organization"},"image":{"@id":"https:\/\/www.meydan.tv\/az\/article\/sahzade-harri-kral-ailesine-aid-imtiyazlardan-imtina-edir\/#primaryimage"},"thumbnailUrl":"https:\/\/www.meydan.tv\/wp-content\/uploads\/7b402e3ddd6d636cf313b0b853066365dfd909af.jpg","articleSection":["D\u00fcnya"],"inLanguage":"az"},{"@type":"WebPage","@id":"https:\/\/www.meydan.tv\/az\/article\/sahzade-harri-kral-ailesine-aid-imtiyazlardan-imtina-edir\/","url":"https:\/\/www.meydan.tv\/az\/article\/sahzade-harri-kral-ailesine-aid-imtiyazlardan-imtina-edir\/","name":"\u015eahzad\u0259 Harri kral ail\u0259sin\u0259 aid imtiyazlardan imtina edir - MEYDAN.TV","isPartOf":{"@id":"https:\/\/www.meydan.tv\/az\/#website"},"primaryImageOfPage":{"@id":"https:\/\/www.meydan.tv\/az\/article\/sahzade-harri-kral-ailesine-aid-imtiyazlardan-imtina-edir\/#primaryimage"},"image":{"@id":"https:\/\/www.meydan.tv\/az\/article\/sahzade-harri-kral-ailesine-aid-imtiyazlardan-imtina-edir\/#primaryimage"},"thumbnailUrl":"https:\/\/www.meydan.tv\/wp-content\/uploads\/7b402e3ddd6d636cf313b0b853066365dfd909af.jpg","datePublished":"2020-01-09T14:05:19+00:00","breadcrumb":{"@id":"https:\/\/www.meydan.tv\/az\/article\/sahzade-harri-kral-ailesine-aid-imtiyazlardan-imtina-edir\/#breadcrumb"},"inLanguage":"az","potentialAction":[{"@type":"ReadAction","target":["https:\/\/www.meydan.tv\/az\/article\/sahzade-harri-kral-ailesine-aid-imtiyazlardan-imtina-edir\/"]}]},{"@type":"ImageObject","inLanguage":"az","@id":"https:\/\/www.meydan.tv\/az\/article\/sahzade-harri-kral-ailesine-aid-imtiyazlardan-imtina-edir\/#primaryimage","url":"https:\/\/www.meydan.tv\/wp-content\/uploads\/7b402e3ddd6d636cf313b0b853066365dfd909af.jpg","contentUrl":"https:\/\/www.meydan.tv\/wp-content\/uploads\/7b402e3ddd6d636cf313b0b853066365dfd909af.jpg","width":740,"height":554,"caption":"Source: Foto: arxiv"},{"@type":"BreadcrumbList","@id":"https:\/\/www.meydan.tv\/az\/article\/sahzade-harri-kral-ailesine-aid-imtiyazlardan-imtina-edir\/#breadcrumb","itemListElement":[{"@type":"ListItem","position":1,"name":"Ana s\u0259hif\u0259","item":"https:\/\/www.meydan.tv\/az\/"},{"@type":"ListItem","position":2,"name":"D\u00fcnya","item":"https:\/\/www.meydan.tv\/az\/section\/dunya\/"},{"@type":"ListItem","position":3,"name":"\u015eahzad\u0259 Harri kral ail\u0259sin\u0259 aid imtiyazlardan imtina edir"}]},{"@type":"WebSite","@id":"https:\/\/www.meydan.tv\/az\/#website","url":"https:\/\/www.meydan.tv\/az\/","name":"MEYDAN.TV","description":"Meydan TV Az\u0259rbaycan\u0131n media m\u0259kan\u0131ndak\u0131 alternativ s\u0259sidir","publisher":{"@id":"https:\/\/www.meydan.tv\/az\/#organization"},"potentialAction":[{"@type":"SearchAction","target":{"@type":"EntryPoint","urlTemplate":"https:\/\/www.meydan.tv\/az\/?s={search_term_string}"},"query-input":{"@type":"PropertyValueSpecification","valueRequired":true,"valueName":"search_term_string"}}],"inLanguage":"az"},{"@type":"Organization","@id":"https:\/\/www.meydan.tv\/az\/#organization","name":"Meydan TV","url":"https:\/\/www.meydan.tv\/az\/","logo":{"@type":"ImageObject","inLanguage":"az","@id":"https:\/\/www.meydan.tv\/az\/#\/schema\/logo\/image\/","url":"https:\/\/www.meydan.tv\/wp-content\/uploads\/2021\/07\/meydan-logo.svg","contentUrl":"https:\/\/www.meydan.tv\/wp-content\/uploads\/2021\/07\/meydan-logo.svg","width":195,"height":46,"caption":"Meydan TV"},"image":{"@id":"https:\/\/www.meydan.tv\/az\/#\/schema\/logo\/image\/"}},{"@type":"Person","@id":"https:\/\/www.meydan.tv\/az\/#\/schema\/person\/10d11eccf6da3662cf5fdab9806ea91a","name":"user-manager"}]}},"_links":{"self":[{"href":"https:\/\/www.meydan.tv\/az\/wp-json\/wp\/v2\/posts\/198712","targetHints":{"allow":["GET"]}}],"collection":[{"href":"https:\/\/www.meydan.tv\/az\/wp-json\/wp\/v2\/posts"}],"about":[{"href":"https:\/\/www.meydan.tv\/az\/wp-json\/wp\/v2\/types\/post"}],"author":[{"embeddable":true,"href":"https:\/\/www.meydan.tv\/az\/wp-json\/wp\/v2\/users\/11"}],"replies":[{"embeddable":true,"href":"https:\/\/www.meydan.tv\/az\/wp-json\/wp\/v2\/comments?post=198712"}],"version-history":[{"count":0,"href":"https:\/\/www.meydan.tv\/az\/wp-json\/wp\/v2\/posts\/198712\/revisions"}],"wp:featuredmedia":[{"embeddable":true,"href":"https:\/\/www.meydan.tv\/az\/wp-json\/wp\/v2\/media\/135595"}],"wp:attachment":[{"href":"https:\/\/www.meydan.tv\/az\/wp-json\/wp\/v2\/media?parent=198712"}],"wp:term":[{"taxonomy":"category","embeddable":true,"href":"https:\/\/www.meydan.tv\/az\/wp-json\/wp\/v2\/categories?post=198712"},{"taxonomy":"post_tag","embeddable":true,"href":"https:\/\/www.meydan.tv\/az\/wp-json\/wp\/v2\/tags?post=198712"}],"curies":[{"name":"wp","href":"https:\/\/api.w.org\/{rel}","templated":true}]}}