{"id":198708,"date":"2020-01-09T12:59:20","date_gmt":"2020-01-09T12:59:20","guid":{"rendered":"https:\/\/www.meydan.tv\/article\/islam-inqilabi-kesikcilerinin-korpusu-dusmene-ciddi-cavab-verilecek\/"},"modified":"2020-01-09T12:59:20","modified_gmt":"2020-01-09T12:59:20","slug":"islam-inqilabi-kesikcilerinin-korpusu-dusmene-ciddi-cavab-verilecek","status":"publish","type":"post","link":"https:\/\/www.meydan.tv\/az\/article\/islam-inqilabi-kesikcilerinin-korpusu-dusmene-ciddi-cavab-verilecek\/","title":{"rendered":"\u0130slam \u0130nqilab\u0131 Ke\u015fik\u00e7il\u0259rinin Korpusu: D\u00fc\u015fm\u0259n\u0259 ciddi cavab veril\u0259c\u0259k"},"content":{"rendered":"<p>\n  <i><br \/>\n    Donald Tramp: \u201c\u0130ran\u0131 \u0130\u015e\u0130D-l\u0259 birg\u0259 m\u00fcbariz\u0259y\u0259 d\u0259v\u0259t edir\u0259m\u201d<br \/>\n  <\/i>\n<\/p>\n<p>\n  \u0130slam \u0130nqilab\u0131 Ke\u015fik\u00e7il\u0259rinin Korpusu \u00f6lk\u0259nin d\u00fc\u015fm\u0259nl\u0259rin\u0259 yax\u0131n zamanlarda ciddi cavab veril\u0259c\u0259yini b\u0259yan edib.\n<\/p>\n<p>\n  <a href=\"https:\/\/tass.ru\/mezhdunarodnaya-panorama\/7485563\"><br \/>\n    TASS<br \/>\n  <\/a><br \/>\n  x\u0259b\u0259r verir ki, bu bar\u0259d\u0259 \u0130ran\u0131n H\u0259rbi Q\u00fcvv\u0259l\u0259rinin Ba\u015f Q\u0259rargah\u0131n\u0131n departament r\u0259hb\u0259ri Abolla \u018fraq\u0131 deyib.\n<\/p>\n<p>\n  O b\u0259yan edib ki, korpus \u0130ran hakimiyy\u0259tind\u0259 \u0259sas q\u00fcvv\u0259l\u0259rd\u0259n biridir.\n<\/p>\n<p>\n  Yanvar\u0131n 3-d\u0259 \u0130raq \u0259razisind\u0259 AB\u015e raket z\u0259rb\u0259si il\u0259 korpusun x\u00fcsusi t\u0259yinatl\u0131 q\u00fcvv\u0259l\u0259rin\u0259 r\u0259hb\u0259rlik ed\u0259n Qas\u0131m S\u00fcleymanini \u00f6ld\u00fcr\u00fcb. \u0130ran buna cavab olaraq yanvar\u0131n 8-d\u0259 \u0130raq \u0259razisind\u0259 yerl\u0259\u015f\u0259n AB\u015e h\u0259rbi bazalar\u0131n\u0131 raket at\u0259\u015fin\u0259 tutub.\n<\/p>\n<p>\n  A\u011f Evd\u0259n xalqa m\u00fcraci\u0259t ed\u0259n AB\u015e prezidenti Donald Tramp b\u0259yan edib ki, Va\u015finqton \u0130rana qar\u015f\u0131 sanksiyalar\u0131 k\u0259skinl\u0259\u015fdir\u0259c\u0259k.\n<\/p>\n<p>\n  Bununla bel\u0259 Donald Tramp bildirib ki, AB\u015e \u0130ranla s\u00fclh\u0259 haz\u0131rd\u0131r v\u0259 r\u0259smi Tehran\u0131 \u0130\u015e\u0130D-l\u0259 birg\u0259 m\u00fcbariz\u0259y\u0259 d\u0259v\u0259t edib.\n<\/p>\n<p>\n  \u0130ran\u0131n BMT-d\u0259 daimi n\u00fcmay\u0259nd\u0259si M\u0259cid Taxt-R\u0259van\u00e7i b\u0259yan edib ki, Tehran raket z\u0259rb\u0259si il\u0259 verdiyi cavabdan qanedir v\u0259 yeni h\u0259rbi add\u0131mlar atma\u011fa haz\u0131rla\u015fm\u0131r.\n<\/p>\n<p>\n  AB\u015e-\u0131n \u0259m\u0259kda\u015fl\u0131q haqq\u0131nda t\u0259klifini sanksiyalar q\u00fcvv\u0259d\u0259 qald\u0131\u011f\u0131 m\u00fcdd\u0259td\u0259 m\u0259nas\u0131z sayan M.Taxt-R\u0259van\u00e7i bildirib ki, sanksiyalar iranl\u0131lar\u0131n h\u0259yat\u0131na ciddi t\u0259sir edib.\n<\/p>\n<p>\n  \u201cVa\u015finqtonun sanksiyalar\u0131 iqtisadi terror\u00e7uluqdur v\u0259 beyn\u0259lxalq h\u00fcquqa ziddir\u201d, &#8211; o deyib.\n<\/p>\n<p>\n  Respublika\u00e7\u0131-senator Rend Pol prezident administrasiyas\u0131n\u0131n n\u00fcmay\u0259nd\u0259l\u0259rinin Qas\u0131m S\u00fcleymaninin \u00f6ld\u00fcr\u00fclm\u0259si bar\u0259d\u0259 izahatlar\u0131ndan raz\u0131 qalmad\u0131qlar\u0131n\u0131 deyib.\n<\/p>\n<p>\n  \u201cCNN\u201d telekanal\u0131na m\u00fcsahib\u0259sind\u0259 senator bildirib ki, qanunvericil\u0259r \u00fc\u00e7\u00fcn ke\u00e7iril\u0259n x\u00fcsusi birifinqd\u0259 administrasiyan\u0131n n\u00fcmay\u0259nd\u0259l\u0259ri Qas\u0131m S\u00fcleymaninin \u00f6ld\u00fcr\u00fclm\u0259sinin vacibliyini s\u00fcbut ed\u0259n inand\u0131r\u0131c\u0131 informasiya ver\u0259 bilm\u0259yibl\u0259r.\n<\/p>\n<p>\n  \u201cAdministrasiyan\u0131n n\u00fcmay\u0259nd\u0259l\u0259ri qanunvericil\u0259r\u0259 q\u0259rar\u0131n vacibliyi bar\u0259d\u0259 izahat verm\u0259li idil\u0259r. Amma onlar biz\u0259 Qas\u0131m S\u00fcleymani t\u0259r\u0259find\u0259n AB\u015e h\u0259rb\u00e7il\u0259ri v\u0259 diplomatlar\u0131na hans\u0131 t\u0259hl\u00fck\u0259nin ya\u015fanmas\u0131 bar\u0259d\u0259 he\u00e7 n\u0259 dey\u0259 bilm\u0259dil\u0259r. Biz\u0259 \u00fcmumi m\u0259lumatlar verdil\u0259r. H\u0259min m\u0259lumatlar\u0131 biz q\u0259zetl\u0259rd\u0259n d\u0259 ala bil\u0259rik\u201d, &#8211; senator deyib.<\/p>\n","protected":false},"excerpt":{"rendered":"<p>O b\u0259yan edib ki, korpus \u0130ran hakimiyy\u0259tind\u0259 \u0259sas q\u00fcvv\u0259l\u0259rd\u0259n biridir.<\/p>\n","protected":false},"author":11,"featured_media":135592,"comment_status":"closed","ping_status":"open","sticky":false,"template":"","format":"standard","meta":{"_acf_changed":false,"_sitemap_exclude":false,"_sitemap_priority":"","_sitemap_frequency":"","footnotes":""},"categories":[64],"tags":[],"class_list":["post-198708","post","type-post","status-publish","format-standard","has-post-thumbnail","hentry","category-dunya","infinite-scroll-item","generate-columns","tablet-grid-50","mobile-grid-100","grid-parent","grid-33","no-featured-image-padding"],"acf":[],"yoast_head":"<!-- This site is optimized with the Yoast SEO plugin v27.5 - https:\/\/yoast.com\/product\/yoast-seo-wordpress\/ -->\n<title>\u0130slam \u0130nqilab\u0131 Ke\u015fik\u00e7il\u0259rinin Korpusu: D\u00fc\u015fm\u0259n\u0259 ciddi cavab veril\u0259c\u0259k - MEYDAN.TV<\/title>\n<meta name=\"robots\" content=\"index, follow, max-snippet:-1, max-image-preview:large, max-video-preview:-1\" \/>\n<link rel=\"canonical\" href=\"https:\/\/www.meydan.tv\/az\/article\/islam-inqilabi-kesikcilerinin-korpusu-dusmene-ciddi-cavab-verilecek\/\" \/>\n<meta property=\"og:locale\" content=\"az_AZ\" \/>\n<meta property=\"og:type\" content=\"article\" \/>\n<meta property=\"og:title\" content=\"\u0130slam \u0130nqilab\u0131 Ke\u015fik\u00e7il\u0259rinin Korpusu: D\u00fc\u015fm\u0259n\u0259 ciddi cavab veril\u0259c\u0259k - MEYDAN.TV\" \/>\n<meta property=\"og:description\" content=\"O b\u0259yan edib ki, korpus \u0130ran hakimiyy\u0259tind\u0259 \u0259sas q\u00fcvv\u0259l\u0259rd\u0259n biridir.\" \/>\n<meta property=\"og:url\" content=\"https:\/\/www.meydan.tv\/az\/article\/islam-inqilabi-kesikcilerinin-korpusu-dusmene-ciddi-cavab-verilecek\/\" \/>\n<meta property=\"og:site_name\" content=\"MEYDAN.TV\" \/>\n<meta property=\"article:published_time\" content=\"2020-01-09T12:59:20+00:00\" \/>\n<meta property=\"og:image\" content=\"https:\/\/www.meydan.tv\/wp-content\/uploads\/165ca7fc754181b.jpg\" \/>\n\t<meta property=\"og:image:width\" content=\"750\" \/>\n\t<meta property=\"og:image:height\" content=\"500\" \/>\n\t<meta property=\"og:image:type\" content=\"image\/jpeg\" \/>\n<meta name=\"author\" content=\"user-manager\" \/>\n<meta name=\"twitter:card\" content=\"summary_large_image\" \/>\n<script type=\"application\/ld+json\" class=\"yoast-schema-graph\">{\"@context\":\"https:\\\/\\\/schema.org\",\"@graph\":[{\"@type\":\"Article\",\"@id\":\"https:\\\/\\\/www.meydan.tv\\\/az\\\/article\\\/islam-inqilabi-kesikcilerinin-korpusu-dusmene-ciddi-cavab-verilecek\\\/#article\",\"isPartOf\":{\"@id\":\"https:\\\/\\\/www.meydan.tv\\\/az\\\/article\\\/islam-inqilabi-kesikcilerinin-korpusu-dusmene-ciddi-cavab-verilecek\\\/\"},\"author\":{\"name\":\"user-manager\",\"@id\":\"https:\\\/\\\/www.meydan.tv\\\/az\\\/#\\\/schema\\\/person\\\/10d11eccf6da3662cf5fdab9806ea91a\"},\"headline\":\"\u0130slam \u0130nqilab\u0131 Ke\u015fik\u00e7il\u0259rinin Korpusu: D\u00fc\u015fm\u0259n\u0259 ciddi cavab veril\u0259c\u0259k\",\"datePublished\":\"2020-01-09T12:59:20+00:00\",\"mainEntityOfPage\":{\"@id\":\"https:\\\/\\\/www.meydan.tv\\\/az\\\/article\\\/islam-inqilabi-kesikcilerinin-korpusu-dusmene-ciddi-cavab-verilecek\\\/\"},\"wordCount\":447,\"publisher\":{\"@id\":\"https:\\\/\\\/www.meydan.tv\\\/az\\\/#organization\"},\"image\":{\"@id\":\"https:\\\/\\\/www.meydan.tv\\\/az\\\/article\\\/islam-inqilabi-kesikcilerinin-korpusu-dusmene-ciddi-cavab-verilecek\\\/#primaryimage\"},\"thumbnailUrl\":\"https:\\\/\\\/www.meydan.tv\\\/wp-content\\\/uploads\\\/165ca7fc754181b.jpg\",\"articleSection\":[\"D\u00fcnya\"],\"inLanguage\":\"az\"},{\"@type\":\"WebPage\",\"@id\":\"https:\\\/\\\/www.meydan.tv\\\/az\\\/article\\\/islam-inqilabi-kesikcilerinin-korpusu-dusmene-ciddi-cavab-verilecek\\\/\",\"url\":\"https:\\\/\\\/www.meydan.tv\\\/az\\\/article\\\/islam-inqilabi-kesikcilerinin-korpusu-dusmene-ciddi-cavab-verilecek\\\/\",\"name\":\"\u0130slam \u0130nqilab\u0131 Ke\u015fik\u00e7il\u0259rinin Korpusu: D\u00fc\u015fm\u0259n\u0259 ciddi cavab veril\u0259c\u0259k - MEYDAN.TV\",\"isPartOf\":{\"@id\":\"https:\\\/\\\/www.meydan.tv\\\/az\\\/#website\"},\"primaryImageOfPage\":{\"@id\":\"https:\\\/\\\/www.meydan.tv\\\/az\\\/article\\\/islam-inqilabi-kesikcilerinin-korpusu-dusmene-ciddi-cavab-verilecek\\\/#primaryimage\"},\"image\":{\"@id\":\"https:\\\/\\\/www.meydan.tv\\\/az\\\/article\\\/islam-inqilabi-kesikcilerinin-korpusu-dusmene-ciddi-cavab-verilecek\\\/#primaryimage\"},\"thumbnailUrl\":\"https:\\\/\\\/www.meydan.tv\\\/wp-content\\\/uploads\\\/165ca7fc754181b.jpg\",\"datePublished\":\"2020-01-09T12:59:20+00:00\",\"breadcrumb\":{\"@id\":\"https:\\\/\\\/www.meydan.tv\\\/az\\\/article\\\/islam-inqilabi-kesikcilerinin-korpusu-dusmene-ciddi-cavab-verilecek\\\/#breadcrumb\"},\"inLanguage\":\"az\",\"potentialAction\":[{\"@type\":\"ReadAction\",\"target\":[\"https:\\\/\\\/www.meydan.tv\\\/az\\\/article\\\/islam-inqilabi-kesikcilerinin-korpusu-dusmene-ciddi-cavab-verilecek\\\/\"]}]},{\"@type\":\"ImageObject\",\"inLanguage\":\"az\",\"@id\":\"https:\\\/\\\/www.meydan.tv\\\/az\\\/article\\\/islam-inqilabi-kesikcilerinin-korpusu-dusmene-ciddi-cavab-verilecek\\\/#primaryimage\",\"url\":\"https:\\\/\\\/www.meydan.tv\\\/wp-content\\\/uploads\\\/165ca7fc754181b.jpg\",\"contentUrl\":\"https:\\\/\\\/www.meydan.tv\\\/wp-content\\\/uploads\\\/165ca7fc754181b.jpg\",\"width\":750,\"height\":500,\"caption\":\"Source: Foto: arxiv\"},{\"@type\":\"BreadcrumbList\",\"@id\":\"https:\\\/\\\/www.meydan.tv\\\/az\\\/article\\\/islam-inqilabi-kesikcilerinin-korpusu-dusmene-ciddi-cavab-verilecek\\\/#breadcrumb\",\"itemListElement\":[{\"@type\":\"ListItem\",\"position\":1,\"name\":\"Ana s\u0259hif\u0259\",\"item\":\"https:\\\/\\\/www.meydan.tv\\\/az\\\/\"},{\"@type\":\"ListItem\",\"position\":2,\"name\":\"D\u00fcnya\",\"item\":\"https:\\\/\\\/www.meydan.tv\\\/az\\\/section\\\/dunya\\\/\"},{\"@type\":\"ListItem\",\"position\":3,\"name\":\"\u0130slam \u0130nqilab\u0131 Ke\u015fik\u00e7il\u0259rinin Korpusu: D\u00fc\u015fm\u0259n\u0259 ciddi cavab veril\u0259c\u0259k\"}]},{\"@type\":\"WebSite\",\"@id\":\"https:\\\/\\\/www.meydan.tv\\\/az\\\/#website\",\"url\":\"https:\\\/\\\/www.meydan.tv\\\/az\\\/\",\"name\":\"MEYDAN.TV\",\"description\":\"Meydan TV Az\u0259rbaycan\u0131n media m\u0259kan\u0131ndak\u0131 alternativ s\u0259sidir\",\"publisher\":{\"@id\":\"https:\\\/\\\/www.meydan.tv\\\/az\\\/#organization\"},\"potentialAction\":[{\"@type\":\"SearchAction\",\"target\":{\"@type\":\"EntryPoint\",\"urlTemplate\":\"https:\\\/\\\/www.meydan.tv\\\/az\\\/?s={search_term_string}\"},\"query-input\":{\"@type\":\"PropertyValueSpecification\",\"valueRequired\":true,\"valueName\":\"search_term_string\"}}],\"inLanguage\":\"az\"},{\"@type\":\"Organization\",\"@id\":\"https:\\\/\\\/www.meydan.tv\\\/az\\\/#organization\",\"name\":\"Meydan TV\",\"url\":\"https:\\\/\\\/www.meydan.tv\\\/az\\\/\",\"logo\":{\"@type\":\"ImageObject\",\"inLanguage\":\"az\",\"@id\":\"https:\\\/\\\/www.meydan.tv\\\/az\\\/#\\\/schema\\\/logo\\\/image\\\/\",\"url\":\"https:\\\/\\\/www.meydan.tv\\\/wp-content\\\/uploads\\\/2021\\\/07\\\/meydan-logo.svg\",\"contentUrl\":\"https:\\\/\\\/www.meydan.tv\\\/wp-content\\\/uploads\\\/2021\\\/07\\\/meydan-logo.svg\",\"width\":195,\"height\":46,\"caption\":\"Meydan TV\"},\"image\":{\"@id\":\"https:\\\/\\\/www.meydan.tv\\\/az\\\/#\\\/schema\\\/logo\\\/image\\\/\"}},{\"@type\":\"Person\",\"@id\":\"https:\\\/\\\/www.meydan.tv\\\/az\\\/#\\\/schema\\\/person\\\/10d11eccf6da3662cf5fdab9806ea91a\",\"name\":\"user-manager\"}]}<\/script>\n<!-- \/ Yoast SEO plugin. -->","yoast_head_json":{"title":"\u0130slam \u0130nqilab\u0131 Ke\u015fik\u00e7il\u0259rinin Korpusu: D\u00fc\u015fm\u0259n\u0259 ciddi cavab veril\u0259c\u0259k - MEYDAN.TV","robots":{"index":"index","follow":"follow","max-snippet":"max-snippet:-1","max-image-preview":"max-image-preview:large","max-video-preview":"max-video-preview:-1"},"canonical":"https:\/\/www.meydan.tv\/az\/article\/islam-inqilabi-kesikcilerinin-korpusu-dusmene-ciddi-cavab-verilecek\/","og_locale":"az_AZ","og_type":"article","og_title":"\u0130slam \u0130nqilab\u0131 Ke\u015fik\u00e7il\u0259rinin Korpusu: D\u00fc\u015fm\u0259n\u0259 ciddi cavab veril\u0259c\u0259k - MEYDAN.TV","og_description":"O b\u0259yan edib ki, korpus \u0130ran hakimiyy\u0259tind\u0259 \u0259sas q\u00fcvv\u0259l\u0259rd\u0259n biridir.","og_url":"https:\/\/www.meydan.tv\/az\/article\/islam-inqilabi-kesikcilerinin-korpusu-dusmene-ciddi-cavab-verilecek\/","og_site_name":"MEYDAN.TV","article_published_time":"2020-01-09T12:59:20+00:00","og_image":[{"width":750,"height":500,"url":"https:\/\/www.meydan.tv\/wp-content\/uploads\/165ca7fc754181b.jpg","type":"image\/jpeg"}],"author":"user-manager","twitter_card":"summary_large_image","schema":{"@context":"https:\/\/schema.org","@graph":[{"@type":"Article","@id":"https:\/\/www.meydan.tv\/az\/article\/islam-inqilabi-kesikcilerinin-korpusu-dusmene-ciddi-cavab-verilecek\/#article","isPartOf":{"@id":"https:\/\/www.meydan.tv\/az\/article\/islam-inqilabi-kesikcilerinin-korpusu-dusmene-ciddi-cavab-verilecek\/"},"author":{"name":"user-manager","@id":"https:\/\/www.meydan.tv\/az\/#\/schema\/person\/10d11eccf6da3662cf5fdab9806ea91a"},"headline":"\u0130slam \u0130nqilab\u0131 Ke\u015fik\u00e7il\u0259rinin Korpusu: D\u00fc\u015fm\u0259n\u0259 ciddi cavab veril\u0259c\u0259k","datePublished":"2020-01-09T12:59:20+00:00","mainEntityOfPage":{"@id":"https:\/\/www.meydan.tv\/az\/article\/islam-inqilabi-kesikcilerinin-korpusu-dusmene-ciddi-cavab-verilecek\/"},"wordCount":447,"publisher":{"@id":"https:\/\/www.meydan.tv\/az\/#organization"},"image":{"@id":"https:\/\/www.meydan.tv\/az\/article\/islam-inqilabi-kesikcilerinin-korpusu-dusmene-ciddi-cavab-verilecek\/#primaryimage"},"thumbnailUrl":"https:\/\/www.meydan.tv\/wp-content\/uploads\/165ca7fc754181b.jpg","articleSection":["D\u00fcnya"],"inLanguage":"az"},{"@type":"WebPage","@id":"https:\/\/www.meydan.tv\/az\/article\/islam-inqilabi-kesikcilerinin-korpusu-dusmene-ciddi-cavab-verilecek\/","url":"https:\/\/www.meydan.tv\/az\/article\/islam-inqilabi-kesikcilerinin-korpusu-dusmene-ciddi-cavab-verilecek\/","name":"\u0130slam \u0130nqilab\u0131 Ke\u015fik\u00e7il\u0259rinin Korpusu: D\u00fc\u015fm\u0259n\u0259 ciddi cavab veril\u0259c\u0259k - MEYDAN.TV","isPartOf":{"@id":"https:\/\/www.meydan.tv\/az\/#website"},"primaryImageOfPage":{"@id":"https:\/\/www.meydan.tv\/az\/article\/islam-inqilabi-kesikcilerinin-korpusu-dusmene-ciddi-cavab-verilecek\/#primaryimage"},"image":{"@id":"https:\/\/www.meydan.tv\/az\/article\/islam-inqilabi-kesikcilerinin-korpusu-dusmene-ciddi-cavab-verilecek\/#primaryimage"},"thumbnailUrl":"https:\/\/www.meydan.tv\/wp-content\/uploads\/165ca7fc754181b.jpg","datePublished":"2020-01-09T12:59:20+00:00","breadcrumb":{"@id":"https:\/\/www.meydan.tv\/az\/article\/islam-inqilabi-kesikcilerinin-korpusu-dusmene-ciddi-cavab-verilecek\/#breadcrumb"},"inLanguage":"az","potentialAction":[{"@type":"ReadAction","target":["https:\/\/www.meydan.tv\/az\/article\/islam-inqilabi-kesikcilerinin-korpusu-dusmene-ciddi-cavab-verilecek\/"]}]},{"@type":"ImageObject","inLanguage":"az","@id":"https:\/\/www.meydan.tv\/az\/article\/islam-inqilabi-kesikcilerinin-korpusu-dusmene-ciddi-cavab-verilecek\/#primaryimage","url":"https:\/\/www.meydan.tv\/wp-content\/uploads\/165ca7fc754181b.jpg","contentUrl":"https:\/\/www.meydan.tv\/wp-content\/uploads\/165ca7fc754181b.jpg","width":750,"height":500,"caption":"Source: Foto: arxiv"},{"@type":"BreadcrumbList","@id":"https:\/\/www.meydan.tv\/az\/article\/islam-inqilabi-kesikcilerinin-korpusu-dusmene-ciddi-cavab-verilecek\/#breadcrumb","itemListElement":[{"@type":"ListItem","position":1,"name":"Ana s\u0259hif\u0259","item":"https:\/\/www.meydan.tv\/az\/"},{"@type":"ListItem","position":2,"name":"D\u00fcnya","item":"https:\/\/www.meydan.tv\/az\/section\/dunya\/"},{"@type":"ListItem","position":3,"name":"\u0130slam \u0130nqilab\u0131 Ke\u015fik\u00e7il\u0259rinin Korpusu: D\u00fc\u015fm\u0259n\u0259 ciddi cavab veril\u0259c\u0259k"}]},{"@type":"WebSite","@id":"https:\/\/www.meydan.tv\/az\/#website","url":"https:\/\/www.meydan.tv\/az\/","name":"MEYDAN.TV","description":"Meydan TV Az\u0259rbaycan\u0131n media m\u0259kan\u0131ndak\u0131 alternativ s\u0259sidir","publisher":{"@id":"https:\/\/www.meydan.tv\/az\/#organization"},"potentialAction":[{"@type":"SearchAction","target":{"@type":"EntryPoint","urlTemplate":"https:\/\/www.meydan.tv\/az\/?s={search_term_string}"},"query-input":{"@type":"PropertyValueSpecification","valueRequired":true,"valueName":"search_term_string"}}],"inLanguage":"az"},{"@type":"Organization","@id":"https:\/\/www.meydan.tv\/az\/#organization","name":"Meydan TV","url":"https:\/\/www.meydan.tv\/az\/","logo":{"@type":"ImageObject","inLanguage":"az","@id":"https:\/\/www.meydan.tv\/az\/#\/schema\/logo\/image\/","url":"https:\/\/www.meydan.tv\/wp-content\/uploads\/2021\/07\/meydan-logo.svg","contentUrl":"https:\/\/www.meydan.tv\/wp-content\/uploads\/2021\/07\/meydan-logo.svg","width":195,"height":46,"caption":"Meydan TV"},"image":{"@id":"https:\/\/www.meydan.tv\/az\/#\/schema\/logo\/image\/"}},{"@type":"Person","@id":"https:\/\/www.meydan.tv\/az\/#\/schema\/person\/10d11eccf6da3662cf5fdab9806ea91a","name":"user-manager"}]}},"_links":{"self":[{"href":"https:\/\/www.meydan.tv\/az\/wp-json\/wp\/v2\/posts\/198708","targetHints":{"allow":["GET"]}}],"collection":[{"href":"https:\/\/www.meydan.tv\/az\/wp-json\/wp\/v2\/posts"}],"about":[{"href":"https:\/\/www.meydan.tv\/az\/wp-json\/wp\/v2\/types\/post"}],"author":[{"embeddable":true,"href":"https:\/\/www.meydan.tv\/az\/wp-json\/wp\/v2\/users\/11"}],"replies":[{"embeddable":true,"href":"https:\/\/www.meydan.tv\/az\/wp-json\/wp\/v2\/comments?post=198708"}],"version-history":[{"count":0,"href":"https:\/\/www.meydan.tv\/az\/wp-json\/wp\/v2\/posts\/198708\/revisions"}],"wp:featuredmedia":[{"embeddable":true,"href":"https:\/\/www.meydan.tv\/az\/wp-json\/wp\/v2\/media\/135592"}],"wp:attachment":[{"href":"https:\/\/www.meydan.tv\/az\/wp-json\/wp\/v2\/media?parent=198708"}],"wp:term":[{"taxonomy":"category","embeddable":true,"href":"https:\/\/www.meydan.tv\/az\/wp-json\/wp\/v2\/categories?post=198708"},{"taxonomy":"post_tag","embeddable":true,"href":"https:\/\/www.meydan.tv\/az\/wp-json\/wp\/v2\/tags?post=198708"}],"curies":[{"name":"wp","href":"https:\/\/api.w.org\/{rel}","templated":true}]}}