{"id":198706,"date":"2020-01-09T12:01:53","date_gmt":"2020-01-09T12:01:53","guid":{"rendered":"https:\/\/www.meydan.tv\/article\/texniki-universitetin-dekani-qanunsuz-pul-yigdigina-gore-isden-cixarilib\/"},"modified":"2020-01-09T12:01:53","modified_gmt":"2020-01-09T12:01:53","slug":"texniki-universitetin-dekani-qanunsuz-pul-yigdigina-gore-isden-cixarilib","status":"publish","type":"post","link":"https:\/\/www.meydan.tv\/az\/article\/texniki-universitetin-dekani-qanunsuz-pul-yigdigina-gore-isden-cixarilib\/","title":{"rendered":"Texniki Universitetin dekan\u0131 qanunsuz pul y\u0131\u011fd\u0131\u011f\u0131na g\u00f6r\u0259 i\u015fd\u0259n \u00e7\u0131xar\u0131l\u0131b"},"content":{"rendered":"<p>\n  <i><br \/>\n    \u201cT\u0259l\u0259b\u0259l\u0259ri x\u00fcsusi geyim alma\u011fa m\u0259cbur edib\u201d<br \/>\n  <\/i>\n<\/p>\n<p>\n  Az\u0259rbaycan Texniki Universitetinin rektoru Vilay\u0259t V\u0259liyev universitetin X\u00fcsusi Texnika v\u0259 Texnologiya fak\u00fclt\u0259sinin dekan\u0131 Ramiz H\u00fcseynovu v\u0259zif\u0259sind\u0259n azad edib.\n<\/p>\n<p>\n  Universitetin rektoru Vilay\u0259t V\u0259liyev report.az sayt\u0131na \u00f6z\u00fc bu bar\u0259d\u0259 dan\u0131\u015f\u0131b.\n<\/p>\n<p>\n  Rektor R.H\u00fcseynovu t\u0259l\u0259b\u0259l\u0259r\u0259 qanunsuz olaraq formalar t\u0259tbiq etdiyin\u0259 g\u00f6r\u0259 v\u0259zif\u0259sind\u0259n k\u0259narla\u015fd\u0131rd\u0131\u011f\u0131n\u0131 deyib.\n<\/p>\n<p>\n  Onun s\u00f6zl\u0259rin\u0259 g\u00f6r\u0259, Ramiz H\u00fcseynov i\u015find\u0259 n\u00f6qsanlara yol verdiyi \u00fc\u00e7\u00fcn \u00f6z xahi\u015fi il\u0259 v\u0259zif\u0259sind\u0259n \u00e7\u0131xar\u0131l\u0131b. Rektor bildirib ki, n\u00f6qsan\u0131 t\u0259l\u0259b\u0259l\u0259r\u0259 \u00f6zba\u015f\u0131na x\u00fcsusi geyim formalar\u0131 t\u0259tbiq etm\u0259kd\u0259dir v\u0259 qeyd edib ki, ona d\u0259f\u0259l\u0259rl\u0259 x\u0259b\u0259rdarl\u0131q olunsa da, buna m\u0259h\u0259l qoymay\u0131b:\n<\/p>\n<p>\n  \u201cUniversitetin \u0259sasnam\u0259sind\u0259 yaz\u0131l\u0131b ki, t\u0259l\u0259b\u0259l\u0259r\u0259 x\u00fcsusi formalar t\u0259tbiq edil\u0259 bilm\u0259z. O t\u0259l\u0259b\u0259l\u0259ri m\u0259cbur edib ki, x\u00fcsusi geyim formalar\u0131 als\u0131nlar v\u0259 formalarla ba\u011fl\u0131 pul y\u0131\u011f\u0131b. \u0130\u015fd\u0259n \u00e7\u0131xmas\u0131 il\u0259 ba\u011fl\u0131 yazd\u0131\u011f\u0131 \u0259riz\u0259d\u0259 d\u0259 \u00f6z m\u0259suliyy\u0259tini boynuna al\u0131b. \u018friz\u0259sind\u0259 h\u0259m\u00e7inin yaz\u0131b ki, t\u0259l\u0259b\u0259l\u0259rin h\u0259r hans\u0131 iddias\u0131 olarsa, cavab ver\u0259c\u0259k. H\u0259tta h\u0259min forman\u0131 geyin\u0259n t\u0259l\u0259b\u0259l\u0259ri polis saxlay\u0131b, soru\u015fub ki, forman\u0131 hardan alm\u0131s\u0131n\u0131z? Sonra h\u0259min t\u0259l\u0259b\u0259l\u0259r s\u0259rb\u0259st burax\u0131l\u0131b\u201d.\n<\/p>\n<p>\n  Eyni zamanda, AzTU-nun T\u0259dris hiss\u0259sinin m\u00fcdiri \u0130mran Yol\u00e7uyev s\u0259ri\u015ft\u0259siz f\u0259aliyy\u0259tin\u0259 v\u0259 i\u015find\u0259 yol verdiyi n\u00f6qsanlara g\u00f6r\u0259 v\u0259zif\u0259sind\u0259n azad edilib. Universitetin ictimaiyy\u0259tl\u0259 \u0259laq\u0259l\u0259r \u015f\u00f6b\u0259sinin r\u0259hb\u0259ri Q\u0259z\u0259nf\u0259r Bayramov Ramiz H\u00fcseynovun 1 ay \u0259vv\u0259l v\u0259zif\u0259sind\u0259n \u00e7\u0131xar\u0131ld\u0131\u011f\u0131n\u0131, bunun yeni rektorun apard\u0131\u011f\u0131 islahatlarla \u0259laq\u0259l\u0259ndirib:\n<\/p>\n<p>\n  \u201cBa\u015fqa m\u0259s\u0259l\u0259 ola bilm\u0259z, Ramiz H\u00fcseynov bar\u0259sind\u0259 deyil\u0259nl\u0259r do\u011fru deyil. Sad\u0259c\u0259, yeni rektor islahatlar apar\u0131r. Y\u0259ni bundan sonra dekanlar se\u00e7ki n\u0259tic\u0259sind\u0259 t\u0259yin olunacaq\u201d.\n<\/p>\n<p>\n  Amma universitetin m\u0259tbuat katibi Sevinc \u0130sg\u0259nd\u0259rova rektor Vilay\u0259t V\u0259liyevin s\u00f6yl\u0259dikl\u0259rini t\u0259sdiql\u0259yib:\n<\/p>\n<p>\n  \u201cB\u0259li, islahatlar onsuz da apar\u0131l\u0131r. Amma Ramiz H\u00fcseynov i\u015fd\u0259 yol verdiyi n\u00f6qsanlara g\u00f6r\u0259 v\u0259zif\u0259sind\u0259n k\u0259narla\u015fd\u0131r\u0131l\u0131b\u201d.<\/p>\n","protected":false},"excerpt":{"rendered":"<p>\u201cUniversitetin \u0259sasnam\u0259sind\u0259 yaz\u0131l\u0131b ki, t\u0259l\u0259b\u0259l\u0259r\u0259 x\u00fcsusi formalar t\u0259tbiq edil\u0259 bilm\u0259z\u201d.<\/p>\n","protected":false},"author":11,"featured_media":135565,"comment_status":"closed","ping_status":"open","sticky":false,"template":"","format":"standard","meta":{"_acf_changed":false,"_sitemap_exclude":false,"_sitemap_priority":"","_sitemap_frequency":"","footnotes":""},"categories":[62],"tags":[],"class_list":["post-198706","post","type-post","status-publish","format-standard","has-post-thumbnail","hentry","category-sosial","infinite-scroll-item","generate-columns","tablet-grid-50","mobile-grid-100","grid-parent","grid-33","no-featured-image-padding"],"acf":[],"yoast_head":"<!-- This site is optimized with the Yoast SEO plugin v27.4 - https:\/\/yoast.com\/product\/yoast-seo-wordpress\/ -->\n<title>Texniki Universitetin dekan\u0131 qanunsuz pul y\u0131\u011fd\u0131\u011f\u0131na g\u00f6r\u0259 i\u015fd\u0259n \u00e7\u0131xar\u0131l\u0131b - MEYDAN.TV<\/title>\n<meta name=\"robots\" content=\"index, follow, max-snippet:-1, max-image-preview:large, max-video-preview:-1\" \/>\n<link rel=\"canonical\" href=\"https:\/\/www.meydan.tv\/az\/article\/texniki-universitetin-dekani-qanunsuz-pul-yigdigina-gore-isden-cixarilib\/\" \/>\n<meta property=\"og:locale\" content=\"az_AZ\" \/>\n<meta property=\"og:type\" content=\"article\" \/>\n<meta property=\"og:title\" content=\"Texniki Universitetin dekan\u0131 qanunsuz pul y\u0131\u011fd\u0131\u011f\u0131na g\u00f6r\u0259 i\u015fd\u0259n \u00e7\u0131xar\u0131l\u0131b - MEYDAN.TV\" \/>\n<meta property=\"og:description\" content=\"\u201cUniversitetin \u0259sasnam\u0259sind\u0259 yaz\u0131l\u0131b ki, t\u0259l\u0259b\u0259l\u0259r\u0259 x\u00fcsusi formalar t\u0259tbiq edil\u0259 bilm\u0259z\u201d.\" \/>\n<meta property=\"og:url\" content=\"https:\/\/www.meydan.tv\/az\/article\/texniki-universitetin-dekani-qanunsuz-pul-yigdigina-gore-isden-cixarilib\/\" \/>\n<meta property=\"og:site_name\" content=\"MEYDAN.TV\" \/>\n<meta property=\"article:published_time\" content=\"2020-01-09T12:01:53+00:00\" \/>\n<meta property=\"og:image\" content=\"https:\/\/www.meydan.tv\/wp-content\/uploads\/2016-10-05.jpg\" \/>\n\t<meta property=\"og:image:width\" content=\"1080\" \/>\n\t<meta property=\"og:image:height\" content=\"608\" \/>\n\t<meta property=\"og:image:type\" content=\"image\/jpeg\" \/>\n<meta name=\"author\" content=\"user-manager\" \/>\n<meta name=\"twitter:card\" content=\"summary_large_image\" \/>\n<script type=\"application\/ld+json\" class=\"yoast-schema-graph\">{\"@context\":\"https:\\\/\\\/schema.org\",\"@graph\":[{\"@type\":\"Article\",\"@id\":\"https:\\\/\\\/www.meydan.tv\\\/az\\\/article\\\/texniki-universitetin-dekani-qanunsuz-pul-yigdigina-gore-isden-cixarilib\\\/#article\",\"isPartOf\":{\"@id\":\"https:\\\/\\\/www.meydan.tv\\\/az\\\/article\\\/texniki-universitetin-dekani-qanunsuz-pul-yigdigina-gore-isden-cixarilib\\\/\"},\"author\":{\"name\":\"user-manager\",\"@id\":\"https:\\\/\\\/www.meydan.tv\\\/az\\\/#\\\/schema\\\/person\\\/10d11eccf6da3662cf5fdab9806ea91a\"},\"headline\":\"Texniki Universitetin dekan\u0131 qanunsuz pul y\u0131\u011fd\u0131\u011f\u0131na g\u00f6r\u0259 i\u015fd\u0259n \u00e7\u0131xar\u0131l\u0131b\",\"datePublished\":\"2020-01-09T12:01:53+00:00\",\"mainEntityOfPage\":{\"@id\":\"https:\\\/\\\/www.meydan.tv\\\/az\\\/article\\\/texniki-universitetin-dekani-qanunsuz-pul-yigdigina-gore-isden-cixarilib\\\/\"},\"wordCount\":450,\"publisher\":{\"@id\":\"https:\\\/\\\/www.meydan.tv\\\/az\\\/#organization\"},\"image\":{\"@id\":\"https:\\\/\\\/www.meydan.tv\\\/az\\\/article\\\/texniki-universitetin-dekani-qanunsuz-pul-yigdigina-gore-isden-cixarilib\\\/#primaryimage\"},\"thumbnailUrl\":\"https:\\\/\\\/www.meydan.tv\\\/wp-content\\\/uploads\\\/2016-10-05.jpg\",\"articleSection\":[\"Sosial\"],\"inLanguage\":\"az\"},{\"@type\":\"WebPage\",\"@id\":\"https:\\\/\\\/www.meydan.tv\\\/az\\\/article\\\/texniki-universitetin-dekani-qanunsuz-pul-yigdigina-gore-isden-cixarilib\\\/\",\"url\":\"https:\\\/\\\/www.meydan.tv\\\/az\\\/article\\\/texniki-universitetin-dekani-qanunsuz-pul-yigdigina-gore-isden-cixarilib\\\/\",\"name\":\"Texniki Universitetin dekan\u0131 qanunsuz pul y\u0131\u011fd\u0131\u011f\u0131na g\u00f6r\u0259 i\u015fd\u0259n \u00e7\u0131xar\u0131l\u0131b - MEYDAN.TV\",\"isPartOf\":{\"@id\":\"https:\\\/\\\/www.meydan.tv\\\/az\\\/#website\"},\"primaryImageOfPage\":{\"@id\":\"https:\\\/\\\/www.meydan.tv\\\/az\\\/article\\\/texniki-universitetin-dekani-qanunsuz-pul-yigdigina-gore-isden-cixarilib\\\/#primaryimage\"},\"image\":{\"@id\":\"https:\\\/\\\/www.meydan.tv\\\/az\\\/article\\\/texniki-universitetin-dekani-qanunsuz-pul-yigdigina-gore-isden-cixarilib\\\/#primaryimage\"},\"thumbnailUrl\":\"https:\\\/\\\/www.meydan.tv\\\/wp-content\\\/uploads\\\/2016-10-05.jpg\",\"datePublished\":\"2020-01-09T12:01:53+00:00\",\"breadcrumb\":{\"@id\":\"https:\\\/\\\/www.meydan.tv\\\/az\\\/article\\\/texniki-universitetin-dekani-qanunsuz-pul-yigdigina-gore-isden-cixarilib\\\/#breadcrumb\"},\"inLanguage\":\"az\",\"potentialAction\":[{\"@type\":\"ReadAction\",\"target\":[\"https:\\\/\\\/www.meydan.tv\\\/az\\\/article\\\/texniki-universitetin-dekani-qanunsuz-pul-yigdigina-gore-isden-cixarilib\\\/\"]}]},{\"@type\":\"ImageObject\",\"inLanguage\":\"az\",\"@id\":\"https:\\\/\\\/www.meydan.tv\\\/az\\\/article\\\/texniki-universitetin-dekani-qanunsuz-pul-yigdigina-gore-isden-cixarilib\\\/#primaryimage\",\"url\":\"https:\\\/\\\/www.meydan.tv\\\/wp-content\\\/uploads\\\/2016-10-05.jpg\",\"contentUrl\":\"https:\\\/\\\/www.meydan.tv\\\/wp-content\\\/uploads\\\/2016-10-05.jpg\",\"width\":1080,\"height\":608,\"caption\":\"Source: Foto: arxiv\"},{\"@type\":\"BreadcrumbList\",\"@id\":\"https:\\\/\\\/www.meydan.tv\\\/az\\\/article\\\/texniki-universitetin-dekani-qanunsuz-pul-yigdigina-gore-isden-cixarilib\\\/#breadcrumb\",\"itemListElement\":[{\"@type\":\"ListItem\",\"position\":1,\"name\":\"Ana s\u0259hif\u0259\",\"item\":\"https:\\\/\\\/www.meydan.tv\\\/az\\\/\"},{\"@type\":\"ListItem\",\"position\":2,\"name\":\"Sosial\",\"item\":\"https:\\\/\\\/www.meydan.tv\\\/az\\\/section\\\/sosial\\\/\"},{\"@type\":\"ListItem\",\"position\":3,\"name\":\"Texniki Universitetin dekan\u0131 qanunsuz pul y\u0131\u011fd\u0131\u011f\u0131na g\u00f6r\u0259 i\u015fd\u0259n \u00e7\u0131xar\u0131l\u0131b\"}]},{\"@type\":\"WebSite\",\"@id\":\"https:\\\/\\\/www.meydan.tv\\\/az\\\/#website\",\"url\":\"https:\\\/\\\/www.meydan.tv\\\/az\\\/\",\"name\":\"MEYDAN.TV\",\"description\":\"Meydan TV Az\u0259rbaycan\u0131n media m\u0259kan\u0131ndak\u0131 alternativ s\u0259sidir\",\"publisher\":{\"@id\":\"https:\\\/\\\/www.meydan.tv\\\/az\\\/#organization\"},\"potentialAction\":[{\"@type\":\"SearchAction\",\"target\":{\"@type\":\"EntryPoint\",\"urlTemplate\":\"https:\\\/\\\/www.meydan.tv\\\/az\\\/?s={search_term_string}\"},\"query-input\":{\"@type\":\"PropertyValueSpecification\",\"valueRequired\":true,\"valueName\":\"search_term_string\"}}],\"inLanguage\":\"az\"},{\"@type\":\"Organization\",\"@id\":\"https:\\\/\\\/www.meydan.tv\\\/az\\\/#organization\",\"name\":\"Meydan TV\",\"url\":\"https:\\\/\\\/www.meydan.tv\\\/az\\\/\",\"logo\":{\"@type\":\"ImageObject\",\"inLanguage\":\"az\",\"@id\":\"https:\\\/\\\/www.meydan.tv\\\/az\\\/#\\\/schema\\\/logo\\\/image\\\/\",\"url\":\"https:\\\/\\\/www.meydan.tv\\\/wp-content\\\/uploads\\\/2021\\\/07\\\/meydan-logo.svg\",\"contentUrl\":\"https:\\\/\\\/www.meydan.tv\\\/wp-content\\\/uploads\\\/2021\\\/07\\\/meydan-logo.svg\",\"width\":195,\"height\":46,\"caption\":\"Meydan TV\"},\"image\":{\"@id\":\"https:\\\/\\\/www.meydan.tv\\\/az\\\/#\\\/schema\\\/logo\\\/image\\\/\"}},{\"@type\":\"Person\",\"@id\":\"https:\\\/\\\/www.meydan.tv\\\/az\\\/#\\\/schema\\\/person\\\/10d11eccf6da3662cf5fdab9806ea91a\",\"name\":\"user-manager\"}]}<\/script>\n<!-- \/ Yoast SEO plugin. -->","yoast_head_json":{"title":"Texniki Universitetin dekan\u0131 qanunsuz pul y\u0131\u011fd\u0131\u011f\u0131na g\u00f6r\u0259 i\u015fd\u0259n \u00e7\u0131xar\u0131l\u0131b - MEYDAN.TV","robots":{"index":"index","follow":"follow","max-snippet":"max-snippet:-1","max-image-preview":"max-image-preview:large","max-video-preview":"max-video-preview:-1"},"canonical":"https:\/\/www.meydan.tv\/az\/article\/texniki-universitetin-dekani-qanunsuz-pul-yigdigina-gore-isden-cixarilib\/","og_locale":"az_AZ","og_type":"article","og_title":"Texniki Universitetin dekan\u0131 qanunsuz pul y\u0131\u011fd\u0131\u011f\u0131na g\u00f6r\u0259 i\u015fd\u0259n \u00e7\u0131xar\u0131l\u0131b - MEYDAN.TV","og_description":"\u201cUniversitetin \u0259sasnam\u0259sind\u0259 yaz\u0131l\u0131b ki, t\u0259l\u0259b\u0259l\u0259r\u0259 x\u00fcsusi formalar t\u0259tbiq edil\u0259 bilm\u0259z\u201d.","og_url":"https:\/\/www.meydan.tv\/az\/article\/texniki-universitetin-dekani-qanunsuz-pul-yigdigina-gore-isden-cixarilib\/","og_site_name":"MEYDAN.TV","article_published_time":"2020-01-09T12:01:53+00:00","og_image":[{"width":1080,"height":608,"url":"https:\/\/www.meydan.tv\/wp-content\/uploads\/2016-10-05.jpg","type":"image\/jpeg"}],"author":"user-manager","twitter_card":"summary_large_image","schema":{"@context":"https:\/\/schema.org","@graph":[{"@type":"Article","@id":"https:\/\/www.meydan.tv\/az\/article\/texniki-universitetin-dekani-qanunsuz-pul-yigdigina-gore-isden-cixarilib\/#article","isPartOf":{"@id":"https:\/\/www.meydan.tv\/az\/article\/texniki-universitetin-dekani-qanunsuz-pul-yigdigina-gore-isden-cixarilib\/"},"author":{"name":"user-manager","@id":"https:\/\/www.meydan.tv\/az\/#\/schema\/person\/10d11eccf6da3662cf5fdab9806ea91a"},"headline":"Texniki Universitetin dekan\u0131 qanunsuz pul y\u0131\u011fd\u0131\u011f\u0131na g\u00f6r\u0259 i\u015fd\u0259n \u00e7\u0131xar\u0131l\u0131b","datePublished":"2020-01-09T12:01:53+00:00","mainEntityOfPage":{"@id":"https:\/\/www.meydan.tv\/az\/article\/texniki-universitetin-dekani-qanunsuz-pul-yigdigina-gore-isden-cixarilib\/"},"wordCount":450,"publisher":{"@id":"https:\/\/www.meydan.tv\/az\/#organization"},"image":{"@id":"https:\/\/www.meydan.tv\/az\/article\/texniki-universitetin-dekani-qanunsuz-pul-yigdigina-gore-isden-cixarilib\/#primaryimage"},"thumbnailUrl":"https:\/\/www.meydan.tv\/wp-content\/uploads\/2016-10-05.jpg","articleSection":["Sosial"],"inLanguage":"az"},{"@type":"WebPage","@id":"https:\/\/www.meydan.tv\/az\/article\/texniki-universitetin-dekani-qanunsuz-pul-yigdigina-gore-isden-cixarilib\/","url":"https:\/\/www.meydan.tv\/az\/article\/texniki-universitetin-dekani-qanunsuz-pul-yigdigina-gore-isden-cixarilib\/","name":"Texniki Universitetin dekan\u0131 qanunsuz pul y\u0131\u011fd\u0131\u011f\u0131na g\u00f6r\u0259 i\u015fd\u0259n \u00e7\u0131xar\u0131l\u0131b - MEYDAN.TV","isPartOf":{"@id":"https:\/\/www.meydan.tv\/az\/#website"},"primaryImageOfPage":{"@id":"https:\/\/www.meydan.tv\/az\/article\/texniki-universitetin-dekani-qanunsuz-pul-yigdigina-gore-isden-cixarilib\/#primaryimage"},"image":{"@id":"https:\/\/www.meydan.tv\/az\/article\/texniki-universitetin-dekani-qanunsuz-pul-yigdigina-gore-isden-cixarilib\/#primaryimage"},"thumbnailUrl":"https:\/\/www.meydan.tv\/wp-content\/uploads\/2016-10-05.jpg","datePublished":"2020-01-09T12:01:53+00:00","breadcrumb":{"@id":"https:\/\/www.meydan.tv\/az\/article\/texniki-universitetin-dekani-qanunsuz-pul-yigdigina-gore-isden-cixarilib\/#breadcrumb"},"inLanguage":"az","potentialAction":[{"@type":"ReadAction","target":["https:\/\/www.meydan.tv\/az\/article\/texniki-universitetin-dekani-qanunsuz-pul-yigdigina-gore-isden-cixarilib\/"]}]},{"@type":"ImageObject","inLanguage":"az","@id":"https:\/\/www.meydan.tv\/az\/article\/texniki-universitetin-dekani-qanunsuz-pul-yigdigina-gore-isden-cixarilib\/#primaryimage","url":"https:\/\/www.meydan.tv\/wp-content\/uploads\/2016-10-05.jpg","contentUrl":"https:\/\/www.meydan.tv\/wp-content\/uploads\/2016-10-05.jpg","width":1080,"height":608,"caption":"Source: Foto: arxiv"},{"@type":"BreadcrumbList","@id":"https:\/\/www.meydan.tv\/az\/article\/texniki-universitetin-dekani-qanunsuz-pul-yigdigina-gore-isden-cixarilib\/#breadcrumb","itemListElement":[{"@type":"ListItem","position":1,"name":"Ana s\u0259hif\u0259","item":"https:\/\/www.meydan.tv\/az\/"},{"@type":"ListItem","position":2,"name":"Sosial","item":"https:\/\/www.meydan.tv\/az\/section\/sosial\/"},{"@type":"ListItem","position":3,"name":"Texniki Universitetin dekan\u0131 qanunsuz pul y\u0131\u011fd\u0131\u011f\u0131na g\u00f6r\u0259 i\u015fd\u0259n \u00e7\u0131xar\u0131l\u0131b"}]},{"@type":"WebSite","@id":"https:\/\/www.meydan.tv\/az\/#website","url":"https:\/\/www.meydan.tv\/az\/","name":"MEYDAN.TV","description":"Meydan TV Az\u0259rbaycan\u0131n media m\u0259kan\u0131ndak\u0131 alternativ s\u0259sidir","publisher":{"@id":"https:\/\/www.meydan.tv\/az\/#organization"},"potentialAction":[{"@type":"SearchAction","target":{"@type":"EntryPoint","urlTemplate":"https:\/\/www.meydan.tv\/az\/?s={search_term_string}"},"query-input":{"@type":"PropertyValueSpecification","valueRequired":true,"valueName":"search_term_string"}}],"inLanguage":"az"},{"@type":"Organization","@id":"https:\/\/www.meydan.tv\/az\/#organization","name":"Meydan TV","url":"https:\/\/www.meydan.tv\/az\/","logo":{"@type":"ImageObject","inLanguage":"az","@id":"https:\/\/www.meydan.tv\/az\/#\/schema\/logo\/image\/","url":"https:\/\/www.meydan.tv\/wp-content\/uploads\/2021\/07\/meydan-logo.svg","contentUrl":"https:\/\/www.meydan.tv\/wp-content\/uploads\/2021\/07\/meydan-logo.svg","width":195,"height":46,"caption":"Meydan TV"},"image":{"@id":"https:\/\/www.meydan.tv\/az\/#\/schema\/logo\/image\/"}},{"@type":"Person","@id":"https:\/\/www.meydan.tv\/az\/#\/schema\/person\/10d11eccf6da3662cf5fdab9806ea91a","name":"user-manager"}]}},"_links":{"self":[{"href":"https:\/\/www.meydan.tv\/az\/wp-json\/wp\/v2\/posts\/198706","targetHints":{"allow":["GET"]}}],"collection":[{"href":"https:\/\/www.meydan.tv\/az\/wp-json\/wp\/v2\/posts"}],"about":[{"href":"https:\/\/www.meydan.tv\/az\/wp-json\/wp\/v2\/types\/post"}],"author":[{"embeddable":true,"href":"https:\/\/www.meydan.tv\/az\/wp-json\/wp\/v2\/users\/11"}],"replies":[{"embeddable":true,"href":"https:\/\/www.meydan.tv\/az\/wp-json\/wp\/v2\/comments?post=198706"}],"version-history":[{"count":0,"href":"https:\/\/www.meydan.tv\/az\/wp-json\/wp\/v2\/posts\/198706\/revisions"}],"wp:featuredmedia":[{"embeddable":true,"href":"https:\/\/www.meydan.tv\/az\/wp-json\/wp\/v2\/media\/135565"}],"wp:attachment":[{"href":"https:\/\/www.meydan.tv\/az\/wp-json\/wp\/v2\/media?parent=198706"}],"wp:term":[{"taxonomy":"category","embeddable":true,"href":"https:\/\/www.meydan.tv\/az\/wp-json\/wp\/v2\/categories?post=198706"},{"taxonomy":"post_tag","embeddable":true,"href":"https:\/\/www.meydan.tv\/az\/wp-json\/wp\/v2\/tags?post=198706"}],"curies":[{"name":"wp","href":"https:\/\/api.w.org\/{rel}","templated":true}]}}