{"id":198701,"date":"2020-01-09T08:10:22","date_gmt":"2020-01-09T08:10:22","guid":{"rendered":"https:\/\/www.meydan.tv\/article\/qoca-qadinam-basim-cixmir-deye-meni-bele-aldatmalidirlar\/"},"modified":"2020-01-09T08:10:22","modified_gmt":"2020-01-09T08:10:22","slug":"qoca-qadinam-basim-cixmir-deye-meni-bele-aldatmalidirlar","status":"publish","type":"post","link":"https:\/\/www.meydan.tv\/az\/article\/qoca-qadinam-basim-cixmir-deye-meni-bele-aldatmalidirlar\/","title":{"rendered":"\u201cQoca qad\u0131nam, ba\u015f\u0131m \u00e7\u0131xm\u0131r dey\u0259, m\u0259ni bel\u0259 aldatmal\u0131d\u0131rlar?\u201d"},"content":{"rendered":"<p>\n  <i><br \/>\n    Zaqatala sakini bankdan gileylidir<br \/>\n  <\/i>\n<\/p>\n<p>\n  H\u00fcr\u00fc \u0130brahimovan\u0131n 77 ya\u015f\u0131 var. O, Zaqatalada, k\u00f6hn\u0259, 2 m\u0259rt\u0259b\u0259li binadak\u0131 m\u0259nzilind\u0259 o\u011flu, g\u0259lini v\u0259 iki n\u0259v\u0259si il\u0259 birg\u0259 ya\u015fay\u0131r. M\u0259nzil ki\u00e7ik oldu\u011fundan m\u0259tb\u0259xi otaq, eyvan\u0131 is\u0259 m\u0259tb\u0259x edibl\u0259r. Yoxsa 5 n\u0259f\u0259rin 1 ota\u011fa s\u0131\u011f\u0131\u015fmas\u0131 m\u00fcmk\u00fcn deyilmi\u015f. Bel\u0259likl\u0259, eyvan\u0131 m\u0259tb\u0259x\u0259 \u00e7evirm\u0259k \u00fc\u00e7\u00fcn ail\u0259y\u0259 1500 manat pul laz\u0131m olub. Evl\u0259rin\u0259 bu m\u0259bl\u0259\u011f olmad\u0131\u011f\u0131ndan, H\u00fcr\u00fc \u0130brahimova \u201cMu\u011fanbank\u201da \u00fcz tutub.\n<\/p>\n<p>\n  \u201c2014-c\u00fc il idi. Getdim, dedil\u0259r, \u201che\u00e7 bir problem yoxdur\u201d. 50 s\u0259n\u0259t d\u00fcz\u0259ltdil\u0259r, imzalad\u0131m. 1500 manat\u0131 verdil\u0259r. G\u0259tirdim verdim o\u011fluma ki, eyvan\u0131 d\u00fcz\u0259ltdir\u0259k. N\u0259 is\u0259, bank borcum m\u00fcqabilind\u0259 pensiyamdan ayda 57 manat k\u0259sm\u0259y\u0259 ba\u015flad\u0131. Bel\u0259likl\u0259, ill\u0259r ke\u00e7di. Ancaq m\u0259nim borcum bitm\u0259di ki, bitm\u0259di\u201d.\n<\/p>\n<p>\n  H\u00fcr\u00fc \u0130brahimova deyir ki, \u0259slind\u0259 krediti 2 il yar\u0131ma bitm\u0259li imi\u015f. Ancaq bu g\u00fcn\u0259 q\u0259d\u0259r bitm\u0259yib. H\u0259l\u0259 d\u0259 pensiyas\u0131ndan h\u0259r ay \u00e7\u0131x\u0131l\u0131r:\n<\/p>\n<p>\n  \u201c\u00dcmumi pensiyam 203 manatd\u0131r. Ondan 57 manat kredit\u0259 \u00e7\u0131x\u0131rlar. Qalan\u0131 il\u0259 d\u0259 i\u015f\u0131\u011f\u0131, qaz\u0131, suyu \u00f6d\u0259yir\u0259m. \u00d6z\u00fcm\u0259 \u0259n yax\u015f\u0131 halda 2 manat qal\u0131r. Ya\u015fl\u0131 adamam, d\u0259rman\u0131m, h\u0259kimim, min problemim var? \u00d6mr\u00fc boyu \u00e7al\u0131\u015fd\u0131m, i\u015fl\u0259dim, \u0259ziyy\u0259t \u00e7\u0259kdim, sonda 203 manat pensiya verdil\u0259r. Onun da ham\u0131s\u0131 \u00e7\u0131x\u0131l\u0131r. Pensiya he\u00e7 n\u0259y\u0259 \u00e7atm\u0131r\u201d.\n<\/p>\n<p>\n  H\u00fcr\u00fc \u0130brahimova deyir ki, d\u0259f\u0259l\u0259rl\u0259 kreditin niy\u0259 bitm\u0259m\u0259si il\u0259 ba\u011fl\u0131 banka gedib. Ancaq onun \u015fikay\u0259tini kims\u0259 dinl\u0259m\u0259yib. H\u0259r d\u0259f\u0259sind\u0259 \u201cs\u0259n bilmirs\u0259n, bel\u0259dir, faizi var\u201d \u2013 deyib, yola sal\u0131rlar:\n<\/p>\n<p>\n  \u201cAx\u0131r\u0131nc\u0131 d\u0259f\u0259 ged\u0259nd\u0259 m\u0259n\u0259 dedil\u0259r ki, s\u0259nin kreditin 2021-ci ild\u0259 bit\u0259c\u0259k. Halbuki, 2016-c\u0131 ilin sentyabr\u0131nda, ad g\u00fcn\u00fcmd\u0259 bitm\u0259li idi kreditim. G\u00f6t\u00fcr\u0259nd\u0259 hesablam\u0131\u015fd\u0131m\u201d.\n<\/p>\n<p>\n  \u015eikay\u0259t\u00e7i deyir ki, ald\u0131\u011f\u0131 1500 manatl\u0131q krediti 5 ildir \u00f6d\u0259yir, bitmir. Bank\u0131n hesab\u0131 il\u0259 h\u0259l\u0259 2 il d\u0259 \u00f6d\u0259m\u0259lidir:\n<\/p>\n<p>\n  \u201cGah dedil\u0259r, faiz g\u0259lib, gah da dedil\u0259r ki, manatla vermi\u015fik, amma dollarla hesablan\u0131b. N\u0259 deyirl\u0259r, bilmir\u0259m, anlam\u0131ram. Deyirl\u0259r, dollar qalx\u0131r, kredit d\u0259 qalx\u0131r\u201d.\n<\/p>\n<figure class=\"wp-block-image size-large\">\n  <img decoding=\"async\" src=\"https:\/\/www.meydan.tv\/az\/image_from_ios-3-jpg-51\/\" alt=\"image_from_ios (3).jpg\" class=\"wp-image-135547\"\/><figcaption>\n    \u015eikay\u0259t\u00e7i deyir ki, ald\u0131\u011f\u0131 1500 manatl\u0131q krediti 5 ildir \u00f6d\u0259yir, bitmir.<br \/>\n  <\/figcaption><\/figure>\n<p>\n  H\u00fcr\u00fc \u0130brahimova krediti \u201cMu\u011fanbank\u201d-dan g\u00f6t\u00fcr\u00fcb. Bank ba\u011flanandan sonra kredit Beyn\u0259lxalq Banka ke\u00e7ib:\n<\/p>\n<p>\n  \u201c\u0130ndi Beyn\u0259lxalq Banka \u00f6d\u0259yirik. \u0130nan\u0131n, soyuluruq ill\u0259rdir. Qoca qad\u0131nam, ba\u015f\u0131m \u00e7\u0131xm\u0131r dey\u0259, m\u0259ni bel\u0259 aldatmal\u0131d\u0131rlar? Deyir\u0259m, bitib ax\u0131 kredit. Deyirl\u0259r, yox, xala, s\u0259n bilmirs\u0259n. Ax\u0131rda m\u0259n\u0259 dedil\u0259r ki, s\u0259nin kreditin bitmi\u015fdi, amma yenid\u0259n g\u0259lib, daha bir 1500 manat da g\u00f6t\u00fcrm\u00fcs\u0259n. Vallah, g\u00f6t\u00fcrm\u0259mi\u015f\u0259m\u201d.\n<\/p>\n<p>\n  H\u00fcr\u00fc \u0130brahimova 2014-\u00fcn sentyabr\u0131ndan bu g\u00fcn\u0259 q\u0259d\u0259r g\u00f6t\u00fcrd\u00fcy\u00fc 1500 manatl\u0131q kredit\u0259 g\u00f6r\u0259 h\u0259r ay 57 manat \u00f6d\u0259yib. Deyir, 2000-n\u0259 yax\u0131n pul qaytar\u0131b. Ham\u0131s\u0131n\u0131n q\u0259bzini saxlay\u0131r:\n<\/p>\n<p>\n  \u201cBunlar\u0131n dem\u0259sin\u0259 g\u00f6r\u0259, h\u0259l\u0259 bundan sonra da qaytarmal\u0131yam. Deyirl\u0259r, \u201chara ist\u0259yirs\u0259n m\u00fcraci\u0259t et\u201d. Kas\u0131b adam\u0131q. 50 kvadratl\u0131q evd\u0259 5 n\u0259f\u0259r ya\u015fay\u0131r\u0131q. G\u0259lin, u\u015faqlar, o\u011flum, m\u0259n. \u00c7\u0259tinlikl\u0259 dolan\u0131r\u0131q. Hara da m\u00fcraci\u0259t edirik, baxan yoxdur. Dedik sosial yard\u0131ma m\u00fcraci\u0259t ed\u0259k, onu da deyirl\u0259r, \u201csiz\u0259 d\u00fc\u015fm\u00fcr\u201d. N\u0259dir ki, da\u011f\u0131n ba\u015f\u0131nda 41 sot torpaq var. \u00d6z\u00fc d\u0259 el\u0259 yerd\u0259dir ki, n\u0259 \u0259km\u0259k, n\u0259 d\u0259 ba\u015fqa n\u0259s\u0259 etm\u0259k olur\u201d.\n<\/p>\n<p>\n  \u015eikay\u0259t\u00e7i deyir ki, ax\u0131r\u0131nc\u0131 d\u0259f\u0259 g\u0259lini gedib sosial yard\u0131ma g\u00f6r\u0259. Ondan r\u00fc\u015fv\u0259t ist\u0259yibl\u0259r. Deyibl\u0259r: \u201cD\u00fcz\u0259ls\u0259, g\u0259r\u0259k 3 ay\u0131n\u0131 biz\u0259 ver\u0259siniz\u201d. 199 manat edir o da. N\u0259 bilim e, biab\u0131r\u00e7\u0131l\u0131qd\u0131r. \u0130mkan vermirl\u0259r ya\u015fayaq. H\u0259r\u0259 bir t\u0259r\u0259fd\u0259n \u00e7\u00f6k\u00fcb, qan\u0131m\u0131z\u0131 sovurur\u201d.\n<\/p>\n<p>\n  Beyn\u0259lxalq Bankdan Meydan TV-y\u0259 \u015fikay\u0259ti qeyd\u0259 g\u00f6t\u00fcrd\u00fckl\u0259rini, bu bar\u0259d\u0259 ara\u015fd\u0131rma aparacaqlar\u0131n\u0131 bildiribl\u0259r:\n<\/p>\n<p>\n  \u201cY\u0259qin n\u0259s\u0259 anla\u015f\u0131lmazl\u0131q olub. Ola bilm\u0259z ki, kredit bitsin, ancaq v\u0259t\u0259nda\u015fdan h\u0259l\u0259 d\u0259 h\u0259r ay pul tutulsun. Ara\u015fd\u0131raca\u011f\u0131q\u201d.<\/p>\n","protected":false},"excerpt":{"rendered":"<p>Bank ba\u011flanandan sonra kredit Beyn\u0259lxalq Banka ke\u00e7ib<\/p>\n","protected":false},"author":11,"featured_media":135544,"comment_status":"closed","ping_status":"open","sticky":false,"template":"","format":"standard","meta":{"_acf_changed":false,"_sitemap_exclude":false,"_sitemap_priority":"","_sitemap_frequency":"","footnotes":""},"categories":[60],"tags":[],"class_list":["post-198701","post","type-post","status-publish","format-standard","has-post-thumbnail","hentry","category-bolge","infinite-scroll-item","generate-columns","tablet-grid-50","mobile-grid-100","grid-parent","grid-33","no-featured-image-padding"],"acf":[],"yoast_head":"<!-- This site is optimized with the Yoast SEO plugin v27.5 - https:\/\/yoast.com\/product\/yoast-seo-wordpress\/ -->\n<title>\u201cQoca qad\u0131nam, ba\u015f\u0131m \u00e7\u0131xm\u0131r dey\u0259, m\u0259ni bel\u0259 aldatmal\u0131d\u0131rlar?\u201d - MEYDAN.TV<\/title>\n<meta name=\"robots\" content=\"index, follow, max-snippet:-1, max-image-preview:large, max-video-preview:-1\" \/>\n<link rel=\"canonical\" href=\"https:\/\/www.meydan.tv\/az\/article\/qoca-qadinam-basim-cixmir-deye-meni-bele-aldatmalidirlar\/\" \/>\n<meta property=\"og:locale\" content=\"az_AZ\" \/>\n<meta property=\"og:type\" content=\"article\" \/>\n<meta property=\"og:title\" content=\"\u201cQoca qad\u0131nam, ba\u015f\u0131m \u00e7\u0131xm\u0131r dey\u0259, m\u0259ni bel\u0259 aldatmal\u0131d\u0131rlar?\u201d - MEYDAN.TV\" \/>\n<meta property=\"og:description\" content=\"Bank ba\u011flanandan sonra kredit Beyn\u0259lxalq Banka ke\u00e7ib\" \/>\n<meta property=\"og:url\" content=\"https:\/\/www.meydan.tv\/az\/article\/qoca-qadinam-basim-cixmir-deye-meni-bele-aldatmalidirlar\/\" \/>\n<meta property=\"og:site_name\" content=\"MEYDAN.TV\" \/>\n<meta property=\"article:published_time\" content=\"2020-01-09T08:10:22+00:00\" \/>\n<meta property=\"og:image\" content=\"https:\/\/www.meydan.tv\/wp-content\/uploads\/image_from_ios_2_iau1x3c-scaled.jpg\" \/>\n\t<meta property=\"og:image:width\" content=\"2560\" \/>\n\t<meta property=\"og:image:height\" content=\"1920\" \/>\n\t<meta property=\"og:image:type\" content=\"image\/jpeg\" \/>\n<meta name=\"author\" content=\"user-manager\" \/>\n<meta name=\"twitter:card\" content=\"summary_large_image\" \/>\n<script type=\"application\/ld+json\" class=\"yoast-schema-graph\">{\"@context\":\"https:\\\/\\\/schema.org\",\"@graph\":[{\"@type\":\"Article\",\"@id\":\"https:\\\/\\\/www.meydan.tv\\\/az\\\/article\\\/qoca-qadinam-basim-cixmir-deye-meni-bele-aldatmalidirlar\\\/#article\",\"isPartOf\":{\"@id\":\"https:\\\/\\\/www.meydan.tv\\\/az\\\/article\\\/qoca-qadinam-basim-cixmir-deye-meni-bele-aldatmalidirlar\\\/\"},\"author\":{\"name\":\"user-manager\",\"@id\":\"https:\\\/\\\/www.meydan.tv\\\/az\\\/#\\\/schema\\\/person\\\/10d11eccf6da3662cf5fdab9806ea91a\"},\"headline\":\"\u201cQoca qad\u0131nam, ba\u015f\u0131m \u00e7\u0131xm\u0131r dey\u0259, m\u0259ni bel\u0259 aldatmal\u0131d\u0131rlar?\u201d\",\"datePublished\":\"2020-01-09T08:10:22+00:00\",\"mainEntityOfPage\":{\"@id\":\"https:\\\/\\\/www.meydan.tv\\\/az\\\/article\\\/qoca-qadinam-basim-cixmir-deye-meni-bele-aldatmalidirlar\\\/\"},\"wordCount\":783,\"publisher\":{\"@id\":\"https:\\\/\\\/www.meydan.tv\\\/az\\\/#organization\"},\"image\":{\"@id\":\"https:\\\/\\\/www.meydan.tv\\\/az\\\/article\\\/qoca-qadinam-basim-cixmir-deye-meni-bele-aldatmalidirlar\\\/#primaryimage\"},\"thumbnailUrl\":\"https:\\\/\\\/www.meydan.tv\\\/wp-content\\\/uploads\\\/image_from_ios_2_iau1x3c-scaled.jpg\",\"articleSection\":[\"B\u00f6lg\u0259\"],\"inLanguage\":\"az\"},{\"@type\":\"WebPage\",\"@id\":\"https:\\\/\\\/www.meydan.tv\\\/az\\\/article\\\/qoca-qadinam-basim-cixmir-deye-meni-bele-aldatmalidirlar\\\/\",\"url\":\"https:\\\/\\\/www.meydan.tv\\\/az\\\/article\\\/qoca-qadinam-basim-cixmir-deye-meni-bele-aldatmalidirlar\\\/\",\"name\":\"\u201cQoca qad\u0131nam, ba\u015f\u0131m \u00e7\u0131xm\u0131r dey\u0259, m\u0259ni bel\u0259 aldatmal\u0131d\u0131rlar?\u201d - MEYDAN.TV\",\"isPartOf\":{\"@id\":\"https:\\\/\\\/www.meydan.tv\\\/az\\\/#website\"},\"primaryImageOfPage\":{\"@id\":\"https:\\\/\\\/www.meydan.tv\\\/az\\\/article\\\/qoca-qadinam-basim-cixmir-deye-meni-bele-aldatmalidirlar\\\/#primaryimage\"},\"image\":{\"@id\":\"https:\\\/\\\/www.meydan.tv\\\/az\\\/article\\\/qoca-qadinam-basim-cixmir-deye-meni-bele-aldatmalidirlar\\\/#primaryimage\"},\"thumbnailUrl\":\"https:\\\/\\\/www.meydan.tv\\\/wp-content\\\/uploads\\\/image_from_ios_2_iau1x3c-scaled.jpg\",\"datePublished\":\"2020-01-09T08:10:22+00:00\",\"breadcrumb\":{\"@id\":\"https:\\\/\\\/www.meydan.tv\\\/az\\\/article\\\/qoca-qadinam-basim-cixmir-deye-meni-bele-aldatmalidirlar\\\/#breadcrumb\"},\"inLanguage\":\"az\",\"potentialAction\":[{\"@type\":\"ReadAction\",\"target\":[\"https:\\\/\\\/www.meydan.tv\\\/az\\\/article\\\/qoca-qadinam-basim-cixmir-deye-meni-bele-aldatmalidirlar\\\/\"]}]},{\"@type\":\"ImageObject\",\"inLanguage\":\"az\",\"@id\":\"https:\\\/\\\/www.meydan.tv\\\/az\\\/article\\\/qoca-qadinam-basim-cixmir-deye-meni-bele-aldatmalidirlar\\\/#primaryimage\",\"url\":\"https:\\\/\\\/www.meydan.tv\\\/wp-content\\\/uploads\\\/image_from_ios_2_iau1x3c-scaled.jpg\",\"contentUrl\":\"https:\\\/\\\/www.meydan.tv\\\/wp-content\\\/uploads\\\/image_from_ios_2_iau1x3c-scaled.jpg\",\"width\":2560,\"height\":1920,\"caption\":\"Source: Specify Source\"},{\"@type\":\"BreadcrumbList\",\"@id\":\"https:\\\/\\\/www.meydan.tv\\\/az\\\/article\\\/qoca-qadinam-basim-cixmir-deye-meni-bele-aldatmalidirlar\\\/#breadcrumb\",\"itemListElement\":[{\"@type\":\"ListItem\",\"position\":1,\"name\":\"Ana s\u0259hif\u0259\",\"item\":\"https:\\\/\\\/www.meydan.tv\\\/az\\\/\"},{\"@type\":\"ListItem\",\"position\":2,\"name\":\"B\u00f6lg\u0259\",\"item\":\"https:\\\/\\\/www.meydan.tv\\\/az\\\/section\\\/bolge\\\/\"},{\"@type\":\"ListItem\",\"position\":3,\"name\":\"\u201cQoca qad\u0131nam, ba\u015f\u0131m \u00e7\u0131xm\u0131r dey\u0259, m\u0259ni bel\u0259 aldatmal\u0131d\u0131rlar?\u201d\"}]},{\"@type\":\"WebSite\",\"@id\":\"https:\\\/\\\/www.meydan.tv\\\/az\\\/#website\",\"url\":\"https:\\\/\\\/www.meydan.tv\\\/az\\\/\",\"name\":\"MEYDAN.TV\",\"description\":\"Meydan TV Az\u0259rbaycan\u0131n media m\u0259kan\u0131ndak\u0131 alternativ s\u0259sidir\",\"publisher\":{\"@id\":\"https:\\\/\\\/www.meydan.tv\\\/az\\\/#organization\"},\"potentialAction\":[{\"@type\":\"SearchAction\",\"target\":{\"@type\":\"EntryPoint\",\"urlTemplate\":\"https:\\\/\\\/www.meydan.tv\\\/az\\\/?s={search_term_string}\"},\"query-input\":{\"@type\":\"PropertyValueSpecification\",\"valueRequired\":true,\"valueName\":\"search_term_string\"}}],\"inLanguage\":\"az\"},{\"@type\":\"Organization\",\"@id\":\"https:\\\/\\\/www.meydan.tv\\\/az\\\/#organization\",\"name\":\"Meydan TV\",\"url\":\"https:\\\/\\\/www.meydan.tv\\\/az\\\/\",\"logo\":{\"@type\":\"ImageObject\",\"inLanguage\":\"az\",\"@id\":\"https:\\\/\\\/www.meydan.tv\\\/az\\\/#\\\/schema\\\/logo\\\/image\\\/\",\"url\":\"https:\\\/\\\/www.meydan.tv\\\/wp-content\\\/uploads\\\/2021\\\/07\\\/meydan-logo.svg\",\"contentUrl\":\"https:\\\/\\\/www.meydan.tv\\\/wp-content\\\/uploads\\\/2021\\\/07\\\/meydan-logo.svg\",\"width\":195,\"height\":46,\"caption\":\"Meydan TV\"},\"image\":{\"@id\":\"https:\\\/\\\/www.meydan.tv\\\/az\\\/#\\\/schema\\\/logo\\\/image\\\/\"}},{\"@type\":\"Person\",\"@id\":\"https:\\\/\\\/www.meydan.tv\\\/az\\\/#\\\/schema\\\/person\\\/10d11eccf6da3662cf5fdab9806ea91a\",\"name\":\"user-manager\"}]}<\/script>\n<!-- \/ Yoast SEO plugin. -->","yoast_head_json":{"title":"\u201cQoca qad\u0131nam, ba\u015f\u0131m \u00e7\u0131xm\u0131r dey\u0259, m\u0259ni bel\u0259 aldatmal\u0131d\u0131rlar?\u201d - MEYDAN.TV","robots":{"index":"index","follow":"follow","max-snippet":"max-snippet:-1","max-image-preview":"max-image-preview:large","max-video-preview":"max-video-preview:-1"},"canonical":"https:\/\/www.meydan.tv\/az\/article\/qoca-qadinam-basim-cixmir-deye-meni-bele-aldatmalidirlar\/","og_locale":"az_AZ","og_type":"article","og_title":"\u201cQoca qad\u0131nam, ba\u015f\u0131m \u00e7\u0131xm\u0131r dey\u0259, m\u0259ni bel\u0259 aldatmal\u0131d\u0131rlar?\u201d - MEYDAN.TV","og_description":"Bank ba\u011flanandan sonra kredit Beyn\u0259lxalq Banka ke\u00e7ib","og_url":"https:\/\/www.meydan.tv\/az\/article\/qoca-qadinam-basim-cixmir-deye-meni-bele-aldatmalidirlar\/","og_site_name":"MEYDAN.TV","article_published_time":"2020-01-09T08:10:22+00:00","og_image":[{"width":2560,"height":1920,"url":"https:\/\/www.meydan.tv\/wp-content\/uploads\/image_from_ios_2_iau1x3c-scaled.jpg","type":"image\/jpeg"}],"author":"user-manager","twitter_card":"summary_large_image","schema":{"@context":"https:\/\/schema.org","@graph":[{"@type":"Article","@id":"https:\/\/www.meydan.tv\/az\/article\/qoca-qadinam-basim-cixmir-deye-meni-bele-aldatmalidirlar\/#article","isPartOf":{"@id":"https:\/\/www.meydan.tv\/az\/article\/qoca-qadinam-basim-cixmir-deye-meni-bele-aldatmalidirlar\/"},"author":{"name":"user-manager","@id":"https:\/\/www.meydan.tv\/az\/#\/schema\/person\/10d11eccf6da3662cf5fdab9806ea91a"},"headline":"\u201cQoca qad\u0131nam, ba\u015f\u0131m \u00e7\u0131xm\u0131r dey\u0259, m\u0259ni bel\u0259 aldatmal\u0131d\u0131rlar?\u201d","datePublished":"2020-01-09T08:10:22+00:00","mainEntityOfPage":{"@id":"https:\/\/www.meydan.tv\/az\/article\/qoca-qadinam-basim-cixmir-deye-meni-bele-aldatmalidirlar\/"},"wordCount":783,"publisher":{"@id":"https:\/\/www.meydan.tv\/az\/#organization"},"image":{"@id":"https:\/\/www.meydan.tv\/az\/article\/qoca-qadinam-basim-cixmir-deye-meni-bele-aldatmalidirlar\/#primaryimage"},"thumbnailUrl":"https:\/\/www.meydan.tv\/wp-content\/uploads\/image_from_ios_2_iau1x3c-scaled.jpg","articleSection":["B\u00f6lg\u0259"],"inLanguage":"az"},{"@type":"WebPage","@id":"https:\/\/www.meydan.tv\/az\/article\/qoca-qadinam-basim-cixmir-deye-meni-bele-aldatmalidirlar\/","url":"https:\/\/www.meydan.tv\/az\/article\/qoca-qadinam-basim-cixmir-deye-meni-bele-aldatmalidirlar\/","name":"\u201cQoca qad\u0131nam, ba\u015f\u0131m \u00e7\u0131xm\u0131r dey\u0259, m\u0259ni bel\u0259 aldatmal\u0131d\u0131rlar?\u201d - MEYDAN.TV","isPartOf":{"@id":"https:\/\/www.meydan.tv\/az\/#website"},"primaryImageOfPage":{"@id":"https:\/\/www.meydan.tv\/az\/article\/qoca-qadinam-basim-cixmir-deye-meni-bele-aldatmalidirlar\/#primaryimage"},"image":{"@id":"https:\/\/www.meydan.tv\/az\/article\/qoca-qadinam-basim-cixmir-deye-meni-bele-aldatmalidirlar\/#primaryimage"},"thumbnailUrl":"https:\/\/www.meydan.tv\/wp-content\/uploads\/image_from_ios_2_iau1x3c-scaled.jpg","datePublished":"2020-01-09T08:10:22+00:00","breadcrumb":{"@id":"https:\/\/www.meydan.tv\/az\/article\/qoca-qadinam-basim-cixmir-deye-meni-bele-aldatmalidirlar\/#breadcrumb"},"inLanguage":"az","potentialAction":[{"@type":"ReadAction","target":["https:\/\/www.meydan.tv\/az\/article\/qoca-qadinam-basim-cixmir-deye-meni-bele-aldatmalidirlar\/"]}]},{"@type":"ImageObject","inLanguage":"az","@id":"https:\/\/www.meydan.tv\/az\/article\/qoca-qadinam-basim-cixmir-deye-meni-bele-aldatmalidirlar\/#primaryimage","url":"https:\/\/www.meydan.tv\/wp-content\/uploads\/image_from_ios_2_iau1x3c-scaled.jpg","contentUrl":"https:\/\/www.meydan.tv\/wp-content\/uploads\/image_from_ios_2_iau1x3c-scaled.jpg","width":2560,"height":1920,"caption":"Source: Specify Source"},{"@type":"BreadcrumbList","@id":"https:\/\/www.meydan.tv\/az\/article\/qoca-qadinam-basim-cixmir-deye-meni-bele-aldatmalidirlar\/#breadcrumb","itemListElement":[{"@type":"ListItem","position":1,"name":"Ana s\u0259hif\u0259","item":"https:\/\/www.meydan.tv\/az\/"},{"@type":"ListItem","position":2,"name":"B\u00f6lg\u0259","item":"https:\/\/www.meydan.tv\/az\/section\/bolge\/"},{"@type":"ListItem","position":3,"name":"\u201cQoca qad\u0131nam, ba\u015f\u0131m \u00e7\u0131xm\u0131r dey\u0259, m\u0259ni bel\u0259 aldatmal\u0131d\u0131rlar?\u201d"}]},{"@type":"WebSite","@id":"https:\/\/www.meydan.tv\/az\/#website","url":"https:\/\/www.meydan.tv\/az\/","name":"MEYDAN.TV","description":"Meydan TV Az\u0259rbaycan\u0131n media m\u0259kan\u0131ndak\u0131 alternativ s\u0259sidir","publisher":{"@id":"https:\/\/www.meydan.tv\/az\/#organization"},"potentialAction":[{"@type":"SearchAction","target":{"@type":"EntryPoint","urlTemplate":"https:\/\/www.meydan.tv\/az\/?s={search_term_string}"},"query-input":{"@type":"PropertyValueSpecification","valueRequired":true,"valueName":"search_term_string"}}],"inLanguage":"az"},{"@type":"Organization","@id":"https:\/\/www.meydan.tv\/az\/#organization","name":"Meydan TV","url":"https:\/\/www.meydan.tv\/az\/","logo":{"@type":"ImageObject","inLanguage":"az","@id":"https:\/\/www.meydan.tv\/az\/#\/schema\/logo\/image\/","url":"https:\/\/www.meydan.tv\/wp-content\/uploads\/2021\/07\/meydan-logo.svg","contentUrl":"https:\/\/www.meydan.tv\/wp-content\/uploads\/2021\/07\/meydan-logo.svg","width":195,"height":46,"caption":"Meydan TV"},"image":{"@id":"https:\/\/www.meydan.tv\/az\/#\/schema\/logo\/image\/"}},{"@type":"Person","@id":"https:\/\/www.meydan.tv\/az\/#\/schema\/person\/10d11eccf6da3662cf5fdab9806ea91a","name":"user-manager"}]}},"_links":{"self":[{"href":"https:\/\/www.meydan.tv\/az\/wp-json\/wp\/v2\/posts\/198701","targetHints":{"allow":["GET"]}}],"collection":[{"href":"https:\/\/www.meydan.tv\/az\/wp-json\/wp\/v2\/posts"}],"about":[{"href":"https:\/\/www.meydan.tv\/az\/wp-json\/wp\/v2\/types\/post"}],"author":[{"embeddable":true,"href":"https:\/\/www.meydan.tv\/az\/wp-json\/wp\/v2\/users\/11"}],"replies":[{"embeddable":true,"href":"https:\/\/www.meydan.tv\/az\/wp-json\/wp\/v2\/comments?post=198701"}],"version-history":[{"count":0,"href":"https:\/\/www.meydan.tv\/az\/wp-json\/wp\/v2\/posts\/198701\/revisions"}],"wp:featuredmedia":[{"embeddable":true,"href":"https:\/\/www.meydan.tv\/az\/wp-json\/wp\/v2\/media\/135544"}],"wp:attachment":[{"href":"https:\/\/www.meydan.tv\/az\/wp-json\/wp\/v2\/media?parent=198701"}],"wp:term":[{"taxonomy":"category","embeddable":true,"href":"https:\/\/www.meydan.tv\/az\/wp-json\/wp\/v2\/categories?post=198701"},{"taxonomy":"post_tag","embeddable":true,"href":"https:\/\/www.meydan.tv\/az\/wp-json\/wp\/v2\/tags?post=198701"}],"curies":[{"name":"wp","href":"https:\/\/api.w.org\/{rel}","templated":true}]}}