{"id":198696,"date":"2020-01-08T15:28:02","date_gmt":"2020-01-08T15:28:02","guid":{"rendered":"https:\/\/www.meydan.tv\/article\/zelzeleden-bir-il-kecir-hele-de-deyirler-ki-gozleyin\/"},"modified":"2020-01-08T15:28:02","modified_gmt":"2020-01-08T15:28:02","slug":"zelzeleden-bir-il-kecir-hele-de-deyirler-ki-gozleyin","status":"publish","type":"post","link":"https:\/\/www.meydan.tv\/az\/article\/zelzeleden-bir-il-kecir-hele-de-deyirler-ki-gozleyin\/","title":{"rendered":"\u201cZ\u0259lz\u0259l\u0259d\u0259n bir il ke\u00e7ir, h\u0259l\u0259 d\u0259 deyirl\u0259r ki, g\u00f6zl\u0259yin\u201d"},"content":{"rendered":"<p>\n  <i><br \/>\n    \u015eamax\u0131n\u0131n k\u0259ndl\u0259rind\u0259 z\u0259r\u0259r \u00e7\u0259kmi\u015f y\u00fczl\u0259rl\u0259 ev h\u0259l\u0259 d\u0259 t\u0259mir-br\u0259pa olunmay\u0131b<br \/>\n  <\/i>\n<\/p>\n<p>\n  \u201cK\u0259ndimizd\u0259 z\u0259lz\u0259l\u0259d\u0259n da\u011f\u0131lan evl\u0259ri tikmirl\u0259r, g\u0259lib imkanl\u0131n\u0131n evini d\u00fcz\u0259ldib gedirl\u0259r. \u018fdal\u0259tsizlik ba\u015f al\u0131b gedir, 1 il\u0259 yax\u0131nd\u0131r ki, evimizin divarlar\u0131 aralan\u0131b, tavan\u0131 ba\u015f\u0131m\u0131za \u00e7\u00f6km\u0259k \u00fczr\u0259dir, d\u00fc\u015fd\u00fcy\u00fcm\u00fcz v\u0259ziyy\u0259t h\u00f6kum\u0259tin vecin\u0259 deyil\u201d.\n<\/p>\n<p>\n  \u00d6t\u0259n il fevral\u0131n 5-d\u0259 \u015eamax\u0131da ba\u015f vermi\u015f z\u0259lz\u0259l\u0259d\u0259n evi q\u0259zal\u0131 v\u0259ziyy\u0259t\u0259 d\u00fc\u015f\u0259nl\u0259rd\u0259n biri d\u0259 Qu\u015f\u00e7u k\u0259ndind\u0259ki Ad\u0131g\u00f6z\u0259lovlar ail\u0259sidir. Ail\u0259nin ba\u015f\u00e7\u0131s\u0131 M\u00fcr\u015f\u00fcd Ad\u0131g\u00f6z\u0259lov Meydan TV-y\u0259 dan\u0131\u015f\u0131r ki, r\u0259smi qurumlar t\u0259r\u0259find\u0259n evin t\u0259mir olunaca\u011f\u0131 v\u0259d edils\u0259 d\u0259, 1 ildir da\u015f da\u015f \u00fcst\u00fcn\u0259 qoyulmay\u0131b.\n<\/p>\n<p>\n  <b><br \/>\n    \u201cS\u0259simiz prezident\u0259 \u00e7ats\u0131n&#8230;\u201d<br \/>\n  <\/b>\n<\/p>\n<p>\n  \u201cK\u0259ndd\u0259 m\u0259nim kimi bir ne\u00e7\u0259 ail\u0259 d\u0259 var ki, evl\u0259ri 1 ildir q\u0259zal\u0131 v\u0259ziyy\u0259td\u0259dir. H\u0259r yer\u0259 m\u00fcraci\u0259t edirik. K\u0259nd icra n\u00fcmay\u0259nd\u0259si deyir: \u201cm\u0259nlik deyil\u201d, icra hakimiyy\u0259ti deyir: \u201cg\u00f6zl\u0259yin, d\u00fcz\u0259l\u0259c\u0259k\u201d. Biz ist\u0259yirik ki, s\u0259simiz prezident\u0259 \u00e7ats\u0131n, \u015f\u0259xs\u0259n maraqlans\u0131n, evl\u0259rimizin t\u0259mir-b\u0259rpas\u0131 \u00fc\u00e7\u00fcn ayr\u0131lan pullarla k\u0259ndl\u0259rd\u0259 hans\u0131 i\u015fl\u0259ri g\u00f6r\u00fcbl\u0259r\u201d, &#8211; M\u00fcr\u015f\u00fcd Ad\u0131g\u00f6z\u0259lov deyir.\n<\/p>\n<p>\n  <b><br \/>\n    \u201c20 g\u00fcn \u0259vv\u0259l q\u0259bulda oldum\u201d<br \/>\n  <\/b>\n<\/p>\n<p>\n  Sakinl\u0259rin s\u00f6zl\u0259rin\u0259 g\u00f6r\u0259, \u015eamax\u0131n\u0131n h\u0259m \u00f6z\u00fcnd\u0259, h\u0259m k\u0259ndl\u0259rind\u0259 y\u00fczl\u0259rl\u0259 bel\u0259 evl\u0259r var ki, z\u0259lz\u0259l\u0259d\u0259n q\u0259zal\u0131 v\u0259ziyy\u0259t\u0259 d\u00fc\u015fs\u0259 d\u0259, d\u00f6vl\u0259t yard\u0131m\u0131 bu evl\u0259rd\u0259n yan ke\u00e7ib. M\u0259s\u0259l\u0259n, M\u00fcr\u015f\u00fcd Ad\u0131g\u00f6z\u0259lov deyir, z\u0259lz\u0259l\u0259d\u0259n bir ay sonra r\u0259smi qurumlar\u0131n n\u00fcmay\u0259nd\u0259l\u0259rinin \u0259l-aya\u011f\u0131n\u0131n k\u0259ndd\u0259n \u00e7\u0259kildiyini g\u00f6r\u0259nd\u0259 \u00f6z\u00fc qap\u0131-qap\u0131 d\u00fc\u015f\u00fcb:\n<\/p>\n<p>\n  \u201c\u00d6t\u0259n ilin mart\u0131ndan icra n\u00fcmay\u0259nd\u0259liyi, icra hakimiyy\u0259ti, f\u00f6vq\u0259lad\u0259 hallar komissiyas\u0131 \u2013 bu \u00fc\u00e7 qurumun aras\u0131nda qalm\u0131\u015fam. Sonuncu d\u0259f\u0259 d\u0259 20 g\u00fcn \u0259vv\u0259l yen\u0259 \u015f\u0259xs\u0259n ba\u015f\u00e7\u0131n\u0131n q\u0259bulunda olmu\u015fam. Deyib: \u201cgedin, g\u00f6zl\u0259yin, g\u0259l\u0259c\u0259kl\u0259r\u201d. Q\u0131\u015fd\u0131r, soyuq aylard\u0131r, evin divarlar\u0131n\u0131n aras\u0131ndan soyuq d\u00fcz \u00fcst\u00fcm\u00fcz\u0259 vurur. Bax\u0131rsan ki, filank\u0259s imkanl\u0131d\u0131r, g\u0259tirdil\u0259r, f\u0259hl\u0259 q\u00fcvv\u0259sini, tikinti material\u0131n\u0131 t\u00f6kd\u00fcl\u0259r, evini d\u00fcz\u0259ldib getdil\u0259r, b\u00f6yr\u00fcnd\u0259ki kas\u0131b\u0131n daxmas\u0131 da\u011f\u0131lm\u0131\u015f v\u0259ziyy\u0259td\u0259 qald\u0131. \u00d6zba\u015f\u0131nal\u0131qd\u0131r, \u0259dal\u0259tsizlikdir, kimin imkan\u0131 var, g\u00fcc\u00fc var, adam\u0131 var, h\u0259r \u015feyi onun \u00fc\u00e7\u00fcn edirl\u0259r\u201d.\n<\/p>\n<figure class=\"wp-block-image size-large\">\n  <img decoding=\"async\" src=\"https:\/\/www.meydan.tv\/az\/image_from_ios-3-jpg-50\/\" alt=\"image_from_ios (3).jpg\" class=\"wp-image-135529\"\/><figcaption>\n    &#8220;\u00d6zba\u015f\u0131nal\u0131qd\u0131r, \u0259dal\u0259tsizlikdir, kimin imkan\u0131 var, g\u00fcc\u00fc var, adam\u0131 var, h\u0259r \u015feyi onun \u00fc\u00e7\u00fcn edirl\u0259r\u201d.<br \/>\n  <\/figcaption><\/figure>\n<p>\n  <b><br \/>\n    Komissiyaya r\u0259smi m\u00fcraci\u0259t etsin, ara\u015fd\u0131r\u0131ls\u0131n\u201d<br \/>\n  <\/b>\n<\/p>\n<p>\n  \u015eamax\u0131 Rayon \u0130cra Hakimiyy\u0259tind\u0259n Meydan TV-y\u0259 bildirilib ki, z\u0259lz\u0259l\u0259d\u0259n q\u0259zal\u0131 v\u0259ziyy\u0259t\u0259 d\u00fc\u015fm\u00fc\u015f tikilil\u0259rin siyah\u0131ya al\u0131nmas\u0131 v\u0259 t\u0259mir-b\u0259rpas\u0131 m\u0259s\u0259l\u0259si il\u0259 rayonun F\u00f6vq\u0259lad\u0259 Hallar Komissiyas\u0131 m\u0259\u015f\u011ful olur: \u201cH\u0259min v\u0259t\u0259nda\u015f\u0131n evi z\u0259lz\u0259l\u0259d\u0259n q\u0259zal\u0131 v\u0259ziyy\u0259t\u0259 d\u00fc\u015f\u00fcbs\u0259 v\u0259 qeydiyyata al\u0131n\u0131bsa, m\u00fcmk\u00fcn deyil ki, t\u0259mir-b\u0259rpa i\u015fl\u0259ri apar\u0131lmas\u0131n. H\u0259min v\u0259t\u0259nda\u015f F\u00f6vq\u0259lad\u0259 Hallar Komissiyas\u0131na r\u0259smi m\u00fcraci\u0259t etsin, m\u0259s\u0259l\u0259 yerind\u0259c\u0259 ara\u015fd\u0131r\u0131ls\u0131n v\u0259 t\u0259dbir g\u00f6r\u00fcls\u00fcn. B\u0259z\u0259n v\u0259t\u0259nda\u015flar g\u0259lib s\u00f6zl\u0259rini qap\u0131da dayanana deyib, gedirl\u0259r, bu, d\u00fczg\u00fcn m\u00fcraci\u0259t formas\u0131 deyil. V\u0259t\u0259nda\u015f r\u0259smi m\u00fcraci\u0259t etsin\u201d.\n<\/p>\n<p>\n  F\u00f6vq\u0259lad\u0259 Hallar Nazirliyinin r\u0259smil\u0259ri is\u0259 bildirirl\u0259r ki, qurumun m\u00fct\u0259x\u0259ssisl\u0259rind\u0259n ibar\u0259t 36 qrup t\u0259r\u0259find\u0259n evl\u0259r\u0259 bax\u0131\u015f ke\u00e7irilib. 847 f\u0259rdi ya\u015fay\u0131\u015f evi q\u0259zal\u0131 hesab edilib. 251 evin tikintisi ba\u015fa \u00e7at\u0131b, 257 evin tikintisi davam edir. B\u0259rpaya ehtiyac\u0131 olan 2192 evd\u0259n 1339-da b\u0259rpa i\u015fl\u0259rin\u0259 ba\u015flan\u0131l\u0131b. 449 evd\u0259 b\u0259rpa i\u015fl\u0259ri yekunla\u015fd\u0131r\u0131l\u0131b.\n<\/p>\n<p>\n  \u00d6t\u0259n il fevral\u0131n 5-d\u0259 Pirqulu stansiyas\u0131ndan 7 km c\u0259nubda, A\u011fsu \u0259razisind\u0259 4,4 bal g\u00fcc\u00fcnd\u0259 z\u0259lz\u0259l\u0259 qeyd\u0259 al\u0131n\u0131b. H\u0259min z\u0259lz\u0259l\u0259 episentrd\u0259 5 bala yax\u0131n, \u0259traf rayonlarda 4,3 bala q\u0259d\u0259r hiss olunub. H\u0259min g\u00fcn Pirqulu stansiyas\u0131ndan 9 km c\u0259nub-q\u0259rbd\u0259, \u0130smay\u0131ll\u0131 \u0259razisind\u0259 z\u0259lz\u0259l\u0259 qeyd\u0259 al\u0131n\u0131b. Fevral\u0131n 9-da v\u0259 11-d\u0259 d\u0259 Pirqulu stansiyas\u0131ndan 8 v\u0259 9 km c\u0259nub-q\u0259rbd\u0259 v\u0259 q\u0259rbd\u0259 yeralt\u0131 t\u0259kanlar ba\u015f verib. Z\u0259lz\u0259l\u0259 zaman\u0131 \u015eamax\u0131, A\u011fsu v\u0259 \u0130smay\u0131ll\u0131da da\u011f\u0131nt\u0131lar qeyd\u0259 al\u0131n\u0131b. \u018fn \u00e7ox z\u0259r\u0259r is\u0259 \u015eamax\u0131 \u015f\u0259h\u0259rind\u0259ki evl\u0259r\u0259 d\u0259yib.\n<\/p>\n<p>\n  Z\u0259lz\u0259l\u0259d\u0259n bir g\u00fcn sonra prezident \u0130lham \u018fliyev \u015eamax\u0131ya s\u0259f\u0259r edib, z\u0259r\u0259r\u00e7\u0259kmi\u015f sakinl\u0259rl\u0259 g\u00f6r\u00fc\u015f\u00fcb, onlara evl\u0259rinin b\u0259rpa edil\u0259c\u0259yini, b\u0259rpas\u0131 m\u00fcmk\u00fcn olmayan evl\u0259rin is\u0259 yenid\u0259n tikil\u0259c\u0259yini bildirib. Aidiyy\u0259ti qurumlara tap\u015f\u0131r\u0131qlar\u0131n\u0131 verib. Bundan bir ne\u00e7\u0259 ay sonra is\u0259 birinci vitse-prezident Mehriban \u018fliyeva da \u015eamax\u0131da olub, v\u0259ziyy\u0259tl\u0259 maraqlan\u0131b.<\/p>\n","protected":false},"excerpt":{"rendered":"<p>&#8220;K\u0259nd icra n\u00fcmay\u0259nd\u0259si deyir: \u201cm\u0259nlik deyil\u201d, icra hakimiyy\u0259ti deyir: \u201cg\u00f6zl\u0259yin, d\u00fcz\u0259l\u0259c\u0259k\u201d<\/p>\n","protected":false},"author":11,"featured_media":135526,"comment_status":"closed","ping_status":"open","sticky":false,"template":"","format":"standard","meta":{"_acf_changed":false,"_sitemap_exclude":false,"_sitemap_priority":"","_sitemap_frequency":"","footnotes":""},"categories":[60],"tags":[],"class_list":["post-198696","post","type-post","status-publish","format-standard","has-post-thumbnail","hentry","category-bolge","infinite-scroll-item","generate-columns","tablet-grid-50","mobile-grid-100","grid-parent","grid-33","no-featured-image-padding"],"acf":[],"yoast_head":"<!-- This site is optimized with the Yoast SEO plugin v27.5 - https:\/\/yoast.com\/product\/yoast-seo-wordpress\/ -->\n<title>\u201cZ\u0259lz\u0259l\u0259d\u0259n bir il ke\u00e7ir, h\u0259l\u0259 d\u0259 deyirl\u0259r ki, g\u00f6zl\u0259yin\u201d - MEYDAN.TV<\/title>\n<meta name=\"robots\" content=\"index, follow, max-snippet:-1, max-image-preview:large, max-video-preview:-1\" \/>\n<link rel=\"canonical\" href=\"https:\/\/www.meydan.tv\/az\/article\/zelzeleden-bir-il-kecir-hele-de-deyirler-ki-gozleyin\/\" \/>\n<meta property=\"og:locale\" content=\"az_AZ\" \/>\n<meta property=\"og:type\" content=\"article\" \/>\n<meta property=\"og:title\" content=\"\u201cZ\u0259lz\u0259l\u0259d\u0259n bir il ke\u00e7ir, h\u0259l\u0259 d\u0259 deyirl\u0259r ki, g\u00f6zl\u0259yin\u201d - MEYDAN.TV\" \/>\n<meta property=\"og:description\" content=\"&quot;K\u0259nd icra n\u00fcmay\u0259nd\u0259si deyir: \u201cm\u0259nlik deyil\u201d, icra hakimiyy\u0259ti deyir: \u201cg\u00f6zl\u0259yin, d\u00fcz\u0259l\u0259c\u0259k\u201d\" \/>\n<meta property=\"og:url\" content=\"https:\/\/www.meydan.tv\/az\/article\/zelzeleden-bir-il-kecir-hele-de-deyirler-ki-gozleyin\/\" \/>\n<meta property=\"og:site_name\" content=\"MEYDAN.TV\" \/>\n<meta property=\"article:published_time\" content=\"2020-01-08T15:28:02+00:00\" \/>\n<meta property=\"og:image\" content=\"https:\/\/www.meydan.tv\/wp-content\/uploads\/image_from_ios_2_dpvshew.jpg\" \/>\n\t<meta property=\"og:image:width\" content=\"1000\" \/>\n\t<meta property=\"og:image:height\" content=\"555\" \/>\n\t<meta property=\"og:image:type\" content=\"image\/jpeg\" \/>\n<meta name=\"author\" content=\"user-manager\" \/>\n<meta name=\"twitter:card\" content=\"summary_large_image\" \/>\n<script type=\"application\/ld+json\" class=\"yoast-schema-graph\">{\"@context\":\"https:\\\/\\\/schema.org\",\"@graph\":[{\"@type\":\"Article\",\"@id\":\"https:\\\/\\\/www.meydan.tv\\\/az\\\/article\\\/zelzeleden-bir-il-kecir-hele-de-deyirler-ki-gozleyin\\\/#article\",\"isPartOf\":{\"@id\":\"https:\\\/\\\/www.meydan.tv\\\/az\\\/article\\\/zelzeleden-bir-il-kecir-hele-de-deyirler-ki-gozleyin\\\/\"},\"author\":{\"name\":\"user-manager\",\"@id\":\"https:\\\/\\\/www.meydan.tv\\\/az\\\/#\\\/schema\\\/person\\\/10d11eccf6da3662cf5fdab9806ea91a\"},\"headline\":\"\u201cZ\u0259lz\u0259l\u0259d\u0259n bir il ke\u00e7ir, h\u0259l\u0259 d\u0259 deyirl\u0259r ki, g\u00f6zl\u0259yin\u201d\",\"datePublished\":\"2020-01-08T15:28:02+00:00\",\"mainEntityOfPage\":{\"@id\":\"https:\\\/\\\/www.meydan.tv\\\/az\\\/article\\\/zelzeleden-bir-il-kecir-hele-de-deyirler-ki-gozleyin\\\/\"},\"wordCount\":970,\"publisher\":{\"@id\":\"https:\\\/\\\/www.meydan.tv\\\/az\\\/#organization\"},\"image\":{\"@id\":\"https:\\\/\\\/www.meydan.tv\\\/az\\\/article\\\/zelzeleden-bir-il-kecir-hele-de-deyirler-ki-gozleyin\\\/#primaryimage\"},\"thumbnailUrl\":\"https:\\\/\\\/www.meydan.tv\\\/wp-content\\\/uploads\\\/image_from_ios_2_dpvshew.jpg\",\"articleSection\":[\"B\u00f6lg\u0259\"],\"inLanguage\":\"az\"},{\"@type\":\"WebPage\",\"@id\":\"https:\\\/\\\/www.meydan.tv\\\/az\\\/article\\\/zelzeleden-bir-il-kecir-hele-de-deyirler-ki-gozleyin\\\/\",\"url\":\"https:\\\/\\\/www.meydan.tv\\\/az\\\/article\\\/zelzeleden-bir-il-kecir-hele-de-deyirler-ki-gozleyin\\\/\",\"name\":\"\u201cZ\u0259lz\u0259l\u0259d\u0259n bir il ke\u00e7ir, h\u0259l\u0259 d\u0259 deyirl\u0259r ki, g\u00f6zl\u0259yin\u201d - MEYDAN.TV\",\"isPartOf\":{\"@id\":\"https:\\\/\\\/www.meydan.tv\\\/az\\\/#website\"},\"primaryImageOfPage\":{\"@id\":\"https:\\\/\\\/www.meydan.tv\\\/az\\\/article\\\/zelzeleden-bir-il-kecir-hele-de-deyirler-ki-gozleyin\\\/#primaryimage\"},\"image\":{\"@id\":\"https:\\\/\\\/www.meydan.tv\\\/az\\\/article\\\/zelzeleden-bir-il-kecir-hele-de-deyirler-ki-gozleyin\\\/#primaryimage\"},\"thumbnailUrl\":\"https:\\\/\\\/www.meydan.tv\\\/wp-content\\\/uploads\\\/image_from_ios_2_dpvshew.jpg\",\"datePublished\":\"2020-01-08T15:28:02+00:00\",\"breadcrumb\":{\"@id\":\"https:\\\/\\\/www.meydan.tv\\\/az\\\/article\\\/zelzeleden-bir-il-kecir-hele-de-deyirler-ki-gozleyin\\\/#breadcrumb\"},\"inLanguage\":\"az\",\"potentialAction\":[{\"@type\":\"ReadAction\",\"target\":[\"https:\\\/\\\/www.meydan.tv\\\/az\\\/article\\\/zelzeleden-bir-il-kecir-hele-de-deyirler-ki-gozleyin\\\/\"]}]},{\"@type\":\"ImageObject\",\"inLanguage\":\"az\",\"@id\":\"https:\\\/\\\/www.meydan.tv\\\/az\\\/article\\\/zelzeleden-bir-il-kecir-hele-de-deyirler-ki-gozleyin\\\/#primaryimage\",\"url\":\"https:\\\/\\\/www.meydan.tv\\\/wp-content\\\/uploads\\\/image_from_ios_2_dpvshew.jpg\",\"contentUrl\":\"https:\\\/\\\/www.meydan.tv\\\/wp-content\\\/uploads\\\/image_from_ios_2_dpvshew.jpg\",\"width\":1000,\"height\":555,\"caption\":\"Source: Foto: Meydan TV\"},{\"@type\":\"BreadcrumbList\",\"@id\":\"https:\\\/\\\/www.meydan.tv\\\/az\\\/article\\\/zelzeleden-bir-il-kecir-hele-de-deyirler-ki-gozleyin\\\/#breadcrumb\",\"itemListElement\":[{\"@type\":\"ListItem\",\"position\":1,\"name\":\"Ana s\u0259hif\u0259\",\"item\":\"https:\\\/\\\/www.meydan.tv\\\/az\\\/\"},{\"@type\":\"ListItem\",\"position\":2,\"name\":\"B\u00f6lg\u0259\",\"item\":\"https:\\\/\\\/www.meydan.tv\\\/az\\\/section\\\/bolge\\\/\"},{\"@type\":\"ListItem\",\"position\":3,\"name\":\"\u201cZ\u0259lz\u0259l\u0259d\u0259n bir il ke\u00e7ir, h\u0259l\u0259 d\u0259 deyirl\u0259r ki, g\u00f6zl\u0259yin\u201d\"}]},{\"@type\":\"WebSite\",\"@id\":\"https:\\\/\\\/www.meydan.tv\\\/az\\\/#website\",\"url\":\"https:\\\/\\\/www.meydan.tv\\\/az\\\/\",\"name\":\"MEYDAN.TV\",\"description\":\"Meydan TV Az\u0259rbaycan\u0131n media m\u0259kan\u0131ndak\u0131 alternativ s\u0259sidir\",\"publisher\":{\"@id\":\"https:\\\/\\\/www.meydan.tv\\\/az\\\/#organization\"},\"potentialAction\":[{\"@type\":\"SearchAction\",\"target\":{\"@type\":\"EntryPoint\",\"urlTemplate\":\"https:\\\/\\\/www.meydan.tv\\\/az\\\/?s={search_term_string}\"},\"query-input\":{\"@type\":\"PropertyValueSpecification\",\"valueRequired\":true,\"valueName\":\"search_term_string\"}}],\"inLanguage\":\"az\"},{\"@type\":\"Organization\",\"@id\":\"https:\\\/\\\/www.meydan.tv\\\/az\\\/#organization\",\"name\":\"Meydan TV\",\"url\":\"https:\\\/\\\/www.meydan.tv\\\/az\\\/\",\"logo\":{\"@type\":\"ImageObject\",\"inLanguage\":\"az\",\"@id\":\"https:\\\/\\\/www.meydan.tv\\\/az\\\/#\\\/schema\\\/logo\\\/image\\\/\",\"url\":\"https:\\\/\\\/www.meydan.tv\\\/wp-content\\\/uploads\\\/2021\\\/07\\\/meydan-logo.svg\",\"contentUrl\":\"https:\\\/\\\/www.meydan.tv\\\/wp-content\\\/uploads\\\/2021\\\/07\\\/meydan-logo.svg\",\"width\":195,\"height\":46,\"caption\":\"Meydan TV\"},\"image\":{\"@id\":\"https:\\\/\\\/www.meydan.tv\\\/az\\\/#\\\/schema\\\/logo\\\/image\\\/\"}},{\"@type\":\"Person\",\"@id\":\"https:\\\/\\\/www.meydan.tv\\\/az\\\/#\\\/schema\\\/person\\\/10d11eccf6da3662cf5fdab9806ea91a\",\"name\":\"user-manager\"}]}<\/script>\n<!-- \/ Yoast SEO plugin. -->","yoast_head_json":{"title":"\u201cZ\u0259lz\u0259l\u0259d\u0259n bir il ke\u00e7ir, h\u0259l\u0259 d\u0259 deyirl\u0259r ki, g\u00f6zl\u0259yin\u201d - MEYDAN.TV","robots":{"index":"index","follow":"follow","max-snippet":"max-snippet:-1","max-image-preview":"max-image-preview:large","max-video-preview":"max-video-preview:-1"},"canonical":"https:\/\/www.meydan.tv\/az\/article\/zelzeleden-bir-il-kecir-hele-de-deyirler-ki-gozleyin\/","og_locale":"az_AZ","og_type":"article","og_title":"\u201cZ\u0259lz\u0259l\u0259d\u0259n bir il ke\u00e7ir, h\u0259l\u0259 d\u0259 deyirl\u0259r ki, g\u00f6zl\u0259yin\u201d - MEYDAN.TV","og_description":"\"K\u0259nd icra n\u00fcmay\u0259nd\u0259si deyir: \u201cm\u0259nlik deyil\u201d, icra hakimiyy\u0259ti deyir: \u201cg\u00f6zl\u0259yin, d\u00fcz\u0259l\u0259c\u0259k\u201d","og_url":"https:\/\/www.meydan.tv\/az\/article\/zelzeleden-bir-il-kecir-hele-de-deyirler-ki-gozleyin\/","og_site_name":"MEYDAN.TV","article_published_time":"2020-01-08T15:28:02+00:00","og_image":[{"width":1000,"height":555,"url":"https:\/\/www.meydan.tv\/wp-content\/uploads\/image_from_ios_2_dpvshew.jpg","type":"image\/jpeg"}],"author":"user-manager","twitter_card":"summary_large_image","schema":{"@context":"https:\/\/schema.org","@graph":[{"@type":"Article","@id":"https:\/\/www.meydan.tv\/az\/article\/zelzeleden-bir-il-kecir-hele-de-deyirler-ki-gozleyin\/#article","isPartOf":{"@id":"https:\/\/www.meydan.tv\/az\/article\/zelzeleden-bir-il-kecir-hele-de-deyirler-ki-gozleyin\/"},"author":{"name":"user-manager","@id":"https:\/\/www.meydan.tv\/az\/#\/schema\/person\/10d11eccf6da3662cf5fdab9806ea91a"},"headline":"\u201cZ\u0259lz\u0259l\u0259d\u0259n bir il ke\u00e7ir, h\u0259l\u0259 d\u0259 deyirl\u0259r ki, g\u00f6zl\u0259yin\u201d","datePublished":"2020-01-08T15:28:02+00:00","mainEntityOfPage":{"@id":"https:\/\/www.meydan.tv\/az\/article\/zelzeleden-bir-il-kecir-hele-de-deyirler-ki-gozleyin\/"},"wordCount":970,"publisher":{"@id":"https:\/\/www.meydan.tv\/az\/#organization"},"image":{"@id":"https:\/\/www.meydan.tv\/az\/article\/zelzeleden-bir-il-kecir-hele-de-deyirler-ki-gozleyin\/#primaryimage"},"thumbnailUrl":"https:\/\/www.meydan.tv\/wp-content\/uploads\/image_from_ios_2_dpvshew.jpg","articleSection":["B\u00f6lg\u0259"],"inLanguage":"az"},{"@type":"WebPage","@id":"https:\/\/www.meydan.tv\/az\/article\/zelzeleden-bir-il-kecir-hele-de-deyirler-ki-gozleyin\/","url":"https:\/\/www.meydan.tv\/az\/article\/zelzeleden-bir-il-kecir-hele-de-deyirler-ki-gozleyin\/","name":"\u201cZ\u0259lz\u0259l\u0259d\u0259n bir il ke\u00e7ir, h\u0259l\u0259 d\u0259 deyirl\u0259r ki, g\u00f6zl\u0259yin\u201d - MEYDAN.TV","isPartOf":{"@id":"https:\/\/www.meydan.tv\/az\/#website"},"primaryImageOfPage":{"@id":"https:\/\/www.meydan.tv\/az\/article\/zelzeleden-bir-il-kecir-hele-de-deyirler-ki-gozleyin\/#primaryimage"},"image":{"@id":"https:\/\/www.meydan.tv\/az\/article\/zelzeleden-bir-il-kecir-hele-de-deyirler-ki-gozleyin\/#primaryimage"},"thumbnailUrl":"https:\/\/www.meydan.tv\/wp-content\/uploads\/image_from_ios_2_dpvshew.jpg","datePublished":"2020-01-08T15:28:02+00:00","breadcrumb":{"@id":"https:\/\/www.meydan.tv\/az\/article\/zelzeleden-bir-il-kecir-hele-de-deyirler-ki-gozleyin\/#breadcrumb"},"inLanguage":"az","potentialAction":[{"@type":"ReadAction","target":["https:\/\/www.meydan.tv\/az\/article\/zelzeleden-bir-il-kecir-hele-de-deyirler-ki-gozleyin\/"]}]},{"@type":"ImageObject","inLanguage":"az","@id":"https:\/\/www.meydan.tv\/az\/article\/zelzeleden-bir-il-kecir-hele-de-deyirler-ki-gozleyin\/#primaryimage","url":"https:\/\/www.meydan.tv\/wp-content\/uploads\/image_from_ios_2_dpvshew.jpg","contentUrl":"https:\/\/www.meydan.tv\/wp-content\/uploads\/image_from_ios_2_dpvshew.jpg","width":1000,"height":555,"caption":"Source: Foto: Meydan TV"},{"@type":"BreadcrumbList","@id":"https:\/\/www.meydan.tv\/az\/article\/zelzeleden-bir-il-kecir-hele-de-deyirler-ki-gozleyin\/#breadcrumb","itemListElement":[{"@type":"ListItem","position":1,"name":"Ana s\u0259hif\u0259","item":"https:\/\/www.meydan.tv\/az\/"},{"@type":"ListItem","position":2,"name":"B\u00f6lg\u0259","item":"https:\/\/www.meydan.tv\/az\/section\/bolge\/"},{"@type":"ListItem","position":3,"name":"\u201cZ\u0259lz\u0259l\u0259d\u0259n bir il ke\u00e7ir, h\u0259l\u0259 d\u0259 deyirl\u0259r ki, g\u00f6zl\u0259yin\u201d"}]},{"@type":"WebSite","@id":"https:\/\/www.meydan.tv\/az\/#website","url":"https:\/\/www.meydan.tv\/az\/","name":"MEYDAN.TV","description":"Meydan TV Az\u0259rbaycan\u0131n media m\u0259kan\u0131ndak\u0131 alternativ s\u0259sidir","publisher":{"@id":"https:\/\/www.meydan.tv\/az\/#organization"},"potentialAction":[{"@type":"SearchAction","target":{"@type":"EntryPoint","urlTemplate":"https:\/\/www.meydan.tv\/az\/?s={search_term_string}"},"query-input":{"@type":"PropertyValueSpecification","valueRequired":true,"valueName":"search_term_string"}}],"inLanguage":"az"},{"@type":"Organization","@id":"https:\/\/www.meydan.tv\/az\/#organization","name":"Meydan TV","url":"https:\/\/www.meydan.tv\/az\/","logo":{"@type":"ImageObject","inLanguage":"az","@id":"https:\/\/www.meydan.tv\/az\/#\/schema\/logo\/image\/","url":"https:\/\/www.meydan.tv\/wp-content\/uploads\/2021\/07\/meydan-logo.svg","contentUrl":"https:\/\/www.meydan.tv\/wp-content\/uploads\/2021\/07\/meydan-logo.svg","width":195,"height":46,"caption":"Meydan TV"},"image":{"@id":"https:\/\/www.meydan.tv\/az\/#\/schema\/logo\/image\/"}},{"@type":"Person","@id":"https:\/\/www.meydan.tv\/az\/#\/schema\/person\/10d11eccf6da3662cf5fdab9806ea91a","name":"user-manager"}]}},"_links":{"self":[{"href":"https:\/\/www.meydan.tv\/az\/wp-json\/wp\/v2\/posts\/198696","targetHints":{"allow":["GET"]}}],"collection":[{"href":"https:\/\/www.meydan.tv\/az\/wp-json\/wp\/v2\/posts"}],"about":[{"href":"https:\/\/www.meydan.tv\/az\/wp-json\/wp\/v2\/types\/post"}],"author":[{"embeddable":true,"href":"https:\/\/www.meydan.tv\/az\/wp-json\/wp\/v2\/users\/11"}],"replies":[{"embeddable":true,"href":"https:\/\/www.meydan.tv\/az\/wp-json\/wp\/v2\/comments?post=198696"}],"version-history":[{"count":0,"href":"https:\/\/www.meydan.tv\/az\/wp-json\/wp\/v2\/posts\/198696\/revisions"}],"wp:featuredmedia":[{"embeddable":true,"href":"https:\/\/www.meydan.tv\/az\/wp-json\/wp\/v2\/media\/135526"}],"wp:attachment":[{"href":"https:\/\/www.meydan.tv\/az\/wp-json\/wp\/v2\/media?parent=198696"}],"wp:term":[{"taxonomy":"category","embeddable":true,"href":"https:\/\/www.meydan.tv\/az\/wp-json\/wp\/v2\/categories?post=198696"},{"taxonomy":"post_tag","embeddable":true,"href":"https:\/\/www.meydan.tv\/az\/wp-json\/wp\/v2\/tags?post=198696"}],"curies":[{"name":"wp","href":"https:\/\/api.w.org\/{rel}","templated":true}]}}