{"id":198684,"date":"2020-01-08T09:15:38","date_gmt":"2020-01-08T09:15:38","guid":{"rendered":"https:\/\/www.meydan.tv\/article\/ukrayna-teyyaresi-iranda-qezaya-ugrayib\/"},"modified":"2020-01-08T09:15:38","modified_gmt":"2020-01-08T09:15:38","slug":"ukrayna-teyyaresi-iranda-qezaya-ugrayib","status":"publish","type":"post","link":"https:\/\/www.meydan.tv\/az\/article\/ukrayna-teyyaresi-iranda-qezaya-ugrayib\/","title":{"rendered":"Ukrayna t\u0259yyar\u0259si \u0130randa q\u0259zaya u\u011fray\u0131b"},"content":{"rendered":"<p>\n  <i><br \/>\n    T\u0259yyar\u0259d\u0259 olan 176 n\u0259f\u0259rd\u0259n he\u00e7 biri sa\u011f qalmay\u0131b<br \/>\n  <\/i>\n<\/p>\n<p>\n  \u0130randan Ukraynan\u0131n Kiyev \u015f\u0259h\u0259rin\u0259 u\u00e7maq \u00fc\u00e7\u00fcn qalxan t\u0259yyar\u0259 q\u0259zaya u\u011fray\u0131b. \u0130\u00e7ind\u0259 176 n\u0259f\u0259r s\u0259rni\u015finin oldu\u011fu q\u0259zada sa\u011f qalan olmay\u0131b.\n<\/p>\n<p>\n  <a href=\"https:\/\/edition.cnn.com\/middleeast\/live-news\/iran-plane-crash-live-intl-hnk\/index.html\"><br \/>\n    CNN<br \/>\n  <\/a><br \/>\n  x\u0259b\u0259r verir ki, Ukrayna Hava Yollar\u0131na m\u0259xsus \u201cBoeing 737\u201d markal\u0131 t\u0259yyar\u0259 \u0130ran\u0131n paytaxt\u0131 Tehran\u0131n 40 kilometr c\u0259nubundak\u0131 Parand b\u00f6lg\u0259sin\u0259 d\u00fc\u015f\u00fcb. \u00d6l\u0259nl\u0259rd\u0259n 167-si s\u0259rni\u015fin, 9-u ekipaj \u00fczv\u00fcd\u00fcr.\n<\/p>\n<p>\n  \u0130ran televiziyas\u0131 q\u0259zan\u0131n texniki probleml\u0259r \u00fcz\u00fcnd\u0259n oldu\u011funu, lakin h\u0259l\u0259lik d\u0259qiql\u0259\u015fm\u0259diyini s\u00f6yl\u0259yib.\n<\/p>\n<p>\n  \u201c<br \/>\n  <a href=\"https:\/\/www.reuters.com\/article\/us-iran-crash\/ukrainian-airliner-crashes-after-take-off-in-iran-killing-all-176-aboard-idUSKBN1Z70EL?il=0\"><br \/>\n    Reuters<br \/>\n  <\/a><br \/>\n  \u201d yaz\u0131r ki, Ukraynan\u0131n \u0130randak\u0131 s\u0259firliyi, t\u0259yyar\u0259nin m\u00fch\u0259rrikind\u0259 nasazl\u0131q oldu\u011funu v\u0259 q\u0259zaya &quot;terror&quot; s\u0259b\u0259b olmad\u0131\u011f\u0131n\u0131 s\u00f6yl\u0259yib.\n<\/p>\n<p>\n  Ukrayna prezidenti<br \/>\n  <a href=\"https:\/\/www.reuters.com\/article\/us-iran-crash\/ukrainian-airliner-crashes-after-take-off-in-iran-killing-all-176-aboard-idUSKBN1Z70EL\"><br \/>\n    Vladimir Zelenski<br \/>\n  <\/a><br \/>\n  (Volodymyr Zelenskiy) sa\u011f qalanlar\u0131n olmad\u0131\u011f\u0131n\u0131 t\u0259sdiql\u0259yib .\n<\/p>\n<p>\n  &quot;B\u00fct\u00fcn s\u0259rni\u015finl\u0259rin v\u0259 ekipaj\u0131n yax\u0131nlar\u0131na d\u0259rin h\u00fcznl\u0259 ba\u015fsa\u011fl\u0131\u011f\u0131 verir\u0259m&quot;,- dey\u0259n Zelenski, Ukraynan\u0131n q\u0259zan\u0131n s\u0259b\u0259bini ara\u015fd\u0131rd\u0131\u011f\u0131n\u0131 bildirib.\n<\/p>\n<figure class=\"wp-block-image size-large\">\n  <img decoding=\"async\" src=\"https:\/\/www.meydan.tv\/az\/wreckage-1-jpg\/\" alt=\"wreckage-1.jpg\" class=\"wp-image-135502\"\/><figcaption>\n    Q\u0259za olan \u0259razi<br \/>\n  <\/figcaption><\/figure>\n","protected":false},"excerpt":{"rendered":"<p>\u0130ran televiziyas\u0131 q\u0259zan\u0131n texniki probleml\u0259r \u00fcz\u00fcnd\u0259n oldu\u011funu, lakin h\u0259l\u0259lik d\u0259qiql\u0259\u015fm\u0259diyini s\u00f6yl\u0259yib<\/p>\n","protected":false},"author":11,"featured_media":135499,"comment_status":"closed","ping_status":"open","sticky":false,"template":"","format":"standard","meta":{"_acf_changed":false,"_sitemap_exclude":false,"_sitemap_priority":"","_sitemap_frequency":"","footnotes":""},"categories":[64],"tags":[],"class_list":["post-198684","post","type-post","status-publish","format-standard","has-post-thumbnail","hentry","category-dunya","infinite-scroll-item","generate-columns","tablet-grid-50","mobile-grid-100","grid-parent","grid-33","no-featured-image-padding"],"acf":[],"yoast_head":"<!-- This site is optimized with the Yoast SEO plugin v27.5 - https:\/\/yoast.com\/product\/yoast-seo-wordpress\/ -->\n<title>Ukrayna t\u0259yyar\u0259si \u0130randa q\u0259zaya u\u011fray\u0131b - MEYDAN.TV<\/title>\n<meta name=\"robots\" content=\"index, follow, max-snippet:-1, max-image-preview:large, max-video-preview:-1\" \/>\n<link rel=\"canonical\" href=\"https:\/\/www.meydan.tv\/az\/article\/ukrayna-teyyaresi-iranda-qezaya-ugrayib\/\" \/>\n<meta property=\"og:locale\" content=\"az_AZ\" \/>\n<meta property=\"og:type\" content=\"article\" \/>\n<meta property=\"og:title\" content=\"Ukrayna t\u0259yyar\u0259si \u0130randa q\u0259zaya u\u011fray\u0131b - MEYDAN.TV\" \/>\n<meta property=\"og:description\" content=\"\u0130ran televiziyas\u0131 q\u0259zan\u0131n texniki probleml\u0259r \u00fcz\u00fcnd\u0259n oldu\u011funu, lakin h\u0259l\u0259lik d\u0259qiql\u0259\u015fm\u0259diyini s\u00f6yl\u0259yib\" \/>\n<meta property=\"og:url\" content=\"https:\/\/www.meydan.tv\/az\/article\/ukrayna-teyyaresi-iranda-qezaya-ugrayib\/\" \/>\n<meta property=\"og:site_name\" content=\"MEYDAN.TV\" \/>\n<meta property=\"article:published_time\" content=\"2020-01-08T09:15:38+00:00\" \/>\n<meta property=\"og:image\" content=\"https:\/\/www.meydan.tv\/wp-content\/uploads\/ukrainianairlinercrashsidteintehran.jpg\" \/>\n\t<meta property=\"og:image:width\" content=\"853\" \/>\n\t<meta property=\"og:image:height\" content=\"480\" \/>\n\t<meta property=\"og:image:type\" content=\"image\/jpeg\" \/>\n<meta name=\"author\" content=\"user-manager\" \/>\n<meta name=\"twitter:card\" content=\"summary_large_image\" \/>\n<script type=\"application\/ld+json\" class=\"yoast-schema-graph\">{\"@context\":\"https:\\\/\\\/schema.org\",\"@graph\":[{\"@type\":\"Article\",\"@id\":\"https:\\\/\\\/www.meydan.tv\\\/az\\\/article\\\/ukrayna-teyyaresi-iranda-qezaya-ugrayib\\\/#article\",\"isPartOf\":{\"@id\":\"https:\\\/\\\/www.meydan.tv\\\/az\\\/article\\\/ukrayna-teyyaresi-iranda-qezaya-ugrayib\\\/\"},\"author\":{\"name\":\"user-manager\",\"@id\":\"https:\\\/\\\/www.meydan.tv\\\/az\\\/#\\\/schema\\\/person\\\/10d11eccf6da3662cf5fdab9806ea91a\"},\"headline\":\"Ukrayna t\u0259yyar\u0259si \u0130randa q\u0259zaya u\u011fray\u0131b\",\"datePublished\":\"2020-01-08T09:15:38+00:00\",\"mainEntityOfPage\":{\"@id\":\"https:\\\/\\\/www.meydan.tv\\\/az\\\/article\\\/ukrayna-teyyaresi-iranda-qezaya-ugrayib\\\/\"},\"wordCount\":214,\"publisher\":{\"@id\":\"https:\\\/\\\/www.meydan.tv\\\/az\\\/#organization\"},\"image\":{\"@id\":\"https:\\\/\\\/www.meydan.tv\\\/az\\\/article\\\/ukrayna-teyyaresi-iranda-qezaya-ugrayib\\\/#primaryimage\"},\"thumbnailUrl\":\"https:\\\/\\\/www.meydan.tv\\\/wp-content\\\/uploads\\\/ukrainianairlinercrashsidteintehran.jpg\",\"articleSection\":[\"D\u00fcnya\"],\"inLanguage\":\"az\"},{\"@type\":\"WebPage\",\"@id\":\"https:\\\/\\\/www.meydan.tv\\\/az\\\/article\\\/ukrayna-teyyaresi-iranda-qezaya-ugrayib\\\/\",\"url\":\"https:\\\/\\\/www.meydan.tv\\\/az\\\/article\\\/ukrayna-teyyaresi-iranda-qezaya-ugrayib\\\/\",\"name\":\"Ukrayna t\u0259yyar\u0259si \u0130randa q\u0259zaya u\u011fray\u0131b - MEYDAN.TV\",\"isPartOf\":{\"@id\":\"https:\\\/\\\/www.meydan.tv\\\/az\\\/#website\"},\"primaryImageOfPage\":{\"@id\":\"https:\\\/\\\/www.meydan.tv\\\/az\\\/article\\\/ukrayna-teyyaresi-iranda-qezaya-ugrayib\\\/#primaryimage\"},\"image\":{\"@id\":\"https:\\\/\\\/www.meydan.tv\\\/az\\\/article\\\/ukrayna-teyyaresi-iranda-qezaya-ugrayib\\\/#primaryimage\"},\"thumbnailUrl\":\"https:\\\/\\\/www.meydan.tv\\\/wp-content\\\/uploads\\\/ukrainianairlinercrashsidteintehran.jpg\",\"datePublished\":\"2020-01-08T09:15:38+00:00\",\"breadcrumb\":{\"@id\":\"https:\\\/\\\/www.meydan.tv\\\/az\\\/article\\\/ukrayna-teyyaresi-iranda-qezaya-ugrayib\\\/#breadcrumb\"},\"inLanguage\":\"az\",\"potentialAction\":[{\"@type\":\"ReadAction\",\"target\":[\"https:\\\/\\\/www.meydan.tv\\\/az\\\/article\\\/ukrayna-teyyaresi-iranda-qezaya-ugrayib\\\/\"]}]},{\"@type\":\"ImageObject\",\"inLanguage\":\"az\",\"@id\":\"https:\\\/\\\/www.meydan.tv\\\/az\\\/article\\\/ukrayna-teyyaresi-iranda-qezaya-ugrayib\\\/#primaryimage\",\"url\":\"https:\\\/\\\/www.meydan.tv\\\/wp-content\\\/uploads\\\/ukrainianairlinercrashsidteintehran.jpg\",\"contentUrl\":\"https:\\\/\\\/www.meydan.tv\\\/wp-content\\\/uploads\\\/ukrainianairlinercrashsidteintehran.jpg\",\"width\":853,\"height\":480,\"caption\":\"Source: Foto: Reuters\"},{\"@type\":\"BreadcrumbList\",\"@id\":\"https:\\\/\\\/www.meydan.tv\\\/az\\\/article\\\/ukrayna-teyyaresi-iranda-qezaya-ugrayib\\\/#breadcrumb\",\"itemListElement\":[{\"@type\":\"ListItem\",\"position\":1,\"name\":\"Ana s\u0259hif\u0259\",\"item\":\"https:\\\/\\\/www.meydan.tv\\\/az\\\/\"},{\"@type\":\"ListItem\",\"position\":2,\"name\":\"D\u00fcnya\",\"item\":\"https:\\\/\\\/www.meydan.tv\\\/az\\\/section\\\/dunya\\\/\"},{\"@type\":\"ListItem\",\"position\":3,\"name\":\"Ukrayna t\u0259yyar\u0259si \u0130randa q\u0259zaya u\u011fray\u0131b\"}]},{\"@type\":\"WebSite\",\"@id\":\"https:\\\/\\\/www.meydan.tv\\\/az\\\/#website\",\"url\":\"https:\\\/\\\/www.meydan.tv\\\/az\\\/\",\"name\":\"MEYDAN.TV\",\"description\":\"Meydan TV Az\u0259rbaycan\u0131n media m\u0259kan\u0131ndak\u0131 alternativ s\u0259sidir\",\"publisher\":{\"@id\":\"https:\\\/\\\/www.meydan.tv\\\/az\\\/#organization\"},\"potentialAction\":[{\"@type\":\"SearchAction\",\"target\":{\"@type\":\"EntryPoint\",\"urlTemplate\":\"https:\\\/\\\/www.meydan.tv\\\/az\\\/?s={search_term_string}\"},\"query-input\":{\"@type\":\"PropertyValueSpecification\",\"valueRequired\":true,\"valueName\":\"search_term_string\"}}],\"inLanguage\":\"az\"},{\"@type\":\"Organization\",\"@id\":\"https:\\\/\\\/www.meydan.tv\\\/az\\\/#organization\",\"name\":\"Meydan TV\",\"url\":\"https:\\\/\\\/www.meydan.tv\\\/az\\\/\",\"logo\":{\"@type\":\"ImageObject\",\"inLanguage\":\"az\",\"@id\":\"https:\\\/\\\/www.meydan.tv\\\/az\\\/#\\\/schema\\\/logo\\\/image\\\/\",\"url\":\"https:\\\/\\\/www.meydan.tv\\\/wp-content\\\/uploads\\\/2021\\\/07\\\/meydan-logo.svg\",\"contentUrl\":\"https:\\\/\\\/www.meydan.tv\\\/wp-content\\\/uploads\\\/2021\\\/07\\\/meydan-logo.svg\",\"width\":195,\"height\":46,\"caption\":\"Meydan TV\"},\"image\":{\"@id\":\"https:\\\/\\\/www.meydan.tv\\\/az\\\/#\\\/schema\\\/logo\\\/image\\\/\"}},{\"@type\":\"Person\",\"@id\":\"https:\\\/\\\/www.meydan.tv\\\/az\\\/#\\\/schema\\\/person\\\/10d11eccf6da3662cf5fdab9806ea91a\",\"name\":\"user-manager\"}]}<\/script>\n<!-- \/ Yoast SEO plugin. -->","yoast_head_json":{"title":"Ukrayna t\u0259yyar\u0259si \u0130randa q\u0259zaya u\u011fray\u0131b - MEYDAN.TV","robots":{"index":"index","follow":"follow","max-snippet":"max-snippet:-1","max-image-preview":"max-image-preview:large","max-video-preview":"max-video-preview:-1"},"canonical":"https:\/\/www.meydan.tv\/az\/article\/ukrayna-teyyaresi-iranda-qezaya-ugrayib\/","og_locale":"az_AZ","og_type":"article","og_title":"Ukrayna t\u0259yyar\u0259si \u0130randa q\u0259zaya u\u011fray\u0131b - MEYDAN.TV","og_description":"\u0130ran televiziyas\u0131 q\u0259zan\u0131n texniki probleml\u0259r \u00fcz\u00fcnd\u0259n oldu\u011funu, lakin h\u0259l\u0259lik d\u0259qiql\u0259\u015fm\u0259diyini s\u00f6yl\u0259yib","og_url":"https:\/\/www.meydan.tv\/az\/article\/ukrayna-teyyaresi-iranda-qezaya-ugrayib\/","og_site_name":"MEYDAN.TV","article_published_time":"2020-01-08T09:15:38+00:00","og_image":[{"width":853,"height":480,"url":"https:\/\/www.meydan.tv\/wp-content\/uploads\/ukrainianairlinercrashsidteintehran.jpg","type":"image\/jpeg"}],"author":"user-manager","twitter_card":"summary_large_image","schema":{"@context":"https:\/\/schema.org","@graph":[{"@type":"Article","@id":"https:\/\/www.meydan.tv\/az\/article\/ukrayna-teyyaresi-iranda-qezaya-ugrayib\/#article","isPartOf":{"@id":"https:\/\/www.meydan.tv\/az\/article\/ukrayna-teyyaresi-iranda-qezaya-ugrayib\/"},"author":{"name":"user-manager","@id":"https:\/\/www.meydan.tv\/az\/#\/schema\/person\/10d11eccf6da3662cf5fdab9806ea91a"},"headline":"Ukrayna t\u0259yyar\u0259si \u0130randa q\u0259zaya u\u011fray\u0131b","datePublished":"2020-01-08T09:15:38+00:00","mainEntityOfPage":{"@id":"https:\/\/www.meydan.tv\/az\/article\/ukrayna-teyyaresi-iranda-qezaya-ugrayib\/"},"wordCount":214,"publisher":{"@id":"https:\/\/www.meydan.tv\/az\/#organization"},"image":{"@id":"https:\/\/www.meydan.tv\/az\/article\/ukrayna-teyyaresi-iranda-qezaya-ugrayib\/#primaryimage"},"thumbnailUrl":"https:\/\/www.meydan.tv\/wp-content\/uploads\/ukrainianairlinercrashsidteintehran.jpg","articleSection":["D\u00fcnya"],"inLanguage":"az"},{"@type":"WebPage","@id":"https:\/\/www.meydan.tv\/az\/article\/ukrayna-teyyaresi-iranda-qezaya-ugrayib\/","url":"https:\/\/www.meydan.tv\/az\/article\/ukrayna-teyyaresi-iranda-qezaya-ugrayib\/","name":"Ukrayna t\u0259yyar\u0259si \u0130randa q\u0259zaya u\u011fray\u0131b - MEYDAN.TV","isPartOf":{"@id":"https:\/\/www.meydan.tv\/az\/#website"},"primaryImageOfPage":{"@id":"https:\/\/www.meydan.tv\/az\/article\/ukrayna-teyyaresi-iranda-qezaya-ugrayib\/#primaryimage"},"image":{"@id":"https:\/\/www.meydan.tv\/az\/article\/ukrayna-teyyaresi-iranda-qezaya-ugrayib\/#primaryimage"},"thumbnailUrl":"https:\/\/www.meydan.tv\/wp-content\/uploads\/ukrainianairlinercrashsidteintehran.jpg","datePublished":"2020-01-08T09:15:38+00:00","breadcrumb":{"@id":"https:\/\/www.meydan.tv\/az\/article\/ukrayna-teyyaresi-iranda-qezaya-ugrayib\/#breadcrumb"},"inLanguage":"az","potentialAction":[{"@type":"ReadAction","target":["https:\/\/www.meydan.tv\/az\/article\/ukrayna-teyyaresi-iranda-qezaya-ugrayib\/"]}]},{"@type":"ImageObject","inLanguage":"az","@id":"https:\/\/www.meydan.tv\/az\/article\/ukrayna-teyyaresi-iranda-qezaya-ugrayib\/#primaryimage","url":"https:\/\/www.meydan.tv\/wp-content\/uploads\/ukrainianairlinercrashsidteintehran.jpg","contentUrl":"https:\/\/www.meydan.tv\/wp-content\/uploads\/ukrainianairlinercrashsidteintehran.jpg","width":853,"height":480,"caption":"Source: Foto: Reuters"},{"@type":"BreadcrumbList","@id":"https:\/\/www.meydan.tv\/az\/article\/ukrayna-teyyaresi-iranda-qezaya-ugrayib\/#breadcrumb","itemListElement":[{"@type":"ListItem","position":1,"name":"Ana s\u0259hif\u0259","item":"https:\/\/www.meydan.tv\/az\/"},{"@type":"ListItem","position":2,"name":"D\u00fcnya","item":"https:\/\/www.meydan.tv\/az\/section\/dunya\/"},{"@type":"ListItem","position":3,"name":"Ukrayna t\u0259yyar\u0259si \u0130randa q\u0259zaya u\u011fray\u0131b"}]},{"@type":"WebSite","@id":"https:\/\/www.meydan.tv\/az\/#website","url":"https:\/\/www.meydan.tv\/az\/","name":"MEYDAN.TV","description":"Meydan TV Az\u0259rbaycan\u0131n media m\u0259kan\u0131ndak\u0131 alternativ s\u0259sidir","publisher":{"@id":"https:\/\/www.meydan.tv\/az\/#organization"},"potentialAction":[{"@type":"SearchAction","target":{"@type":"EntryPoint","urlTemplate":"https:\/\/www.meydan.tv\/az\/?s={search_term_string}"},"query-input":{"@type":"PropertyValueSpecification","valueRequired":true,"valueName":"search_term_string"}}],"inLanguage":"az"},{"@type":"Organization","@id":"https:\/\/www.meydan.tv\/az\/#organization","name":"Meydan TV","url":"https:\/\/www.meydan.tv\/az\/","logo":{"@type":"ImageObject","inLanguage":"az","@id":"https:\/\/www.meydan.tv\/az\/#\/schema\/logo\/image\/","url":"https:\/\/www.meydan.tv\/wp-content\/uploads\/2021\/07\/meydan-logo.svg","contentUrl":"https:\/\/www.meydan.tv\/wp-content\/uploads\/2021\/07\/meydan-logo.svg","width":195,"height":46,"caption":"Meydan TV"},"image":{"@id":"https:\/\/www.meydan.tv\/az\/#\/schema\/logo\/image\/"}},{"@type":"Person","@id":"https:\/\/www.meydan.tv\/az\/#\/schema\/person\/10d11eccf6da3662cf5fdab9806ea91a","name":"user-manager"}]}},"_links":{"self":[{"href":"https:\/\/www.meydan.tv\/az\/wp-json\/wp\/v2\/posts\/198684","targetHints":{"allow":["GET"]}}],"collection":[{"href":"https:\/\/www.meydan.tv\/az\/wp-json\/wp\/v2\/posts"}],"about":[{"href":"https:\/\/www.meydan.tv\/az\/wp-json\/wp\/v2\/types\/post"}],"author":[{"embeddable":true,"href":"https:\/\/www.meydan.tv\/az\/wp-json\/wp\/v2\/users\/11"}],"replies":[{"embeddable":true,"href":"https:\/\/www.meydan.tv\/az\/wp-json\/wp\/v2\/comments?post=198684"}],"version-history":[{"count":0,"href":"https:\/\/www.meydan.tv\/az\/wp-json\/wp\/v2\/posts\/198684\/revisions"}],"wp:featuredmedia":[{"embeddable":true,"href":"https:\/\/www.meydan.tv\/az\/wp-json\/wp\/v2\/media\/135499"}],"wp:attachment":[{"href":"https:\/\/www.meydan.tv\/az\/wp-json\/wp\/v2\/media?parent=198684"}],"wp:term":[{"taxonomy":"category","embeddable":true,"href":"https:\/\/www.meydan.tv\/az\/wp-json\/wp\/v2\/categories?post=198684"},{"taxonomy":"post_tag","embeddable":true,"href":"https:\/\/www.meydan.tv\/az\/wp-json\/wp\/v2\/tags?post=198684"}],"curies":[{"name":"wp","href":"https:\/\/api.w.org\/{rel}","templated":true}]}}