{"id":198667,"date":"2020-01-07T10:05:37","date_gmt":"2020-01-07T10:05:37","guid":{"rendered":"https:\/\/www.meydan.tv\/article\/tovuzda-itkin-dusen-qizin-yanmis-meyiti-tapilib\/"},"modified":"2020-01-07T10:05:37","modified_gmt":"2020-01-07T10:05:37","slug":"tovuzda-itkin-dusen-qizin-yanmis-meyiti-tapilib","status":"publish","type":"post","link":"https:\/\/www.meydan.tv\/az\/article\/tovuzda-itkin-dusen-qizin-yanmis-meyiti-tapilib\/","title":{"rendered":"Tovuzda itkin d\u00fc\u015f\u0259n q\u0131z\u0131n yanm\u0131\u015f meyiti tap\u0131l\u0131b"},"content":{"rendered":"<p>\n  <i><br \/>\n    Adam\u0131 q\u0259sd\u0259n \u00f6ld\u00fcrm\u0259 madd\u0259si il\u0259 cinay\u0259t i\u015fi a\u00e7\u0131l\u0131b<br \/>\n  <\/i>\n<\/p>\n<p>\n  Tovuz rayonunun Dondar Qu\u015f\u00e7u k\u0259ndind\u0259 \u00f6t\u0259n ilin 21 noyabr tarixind\u0259 itkin d\u00fc\u015f\u0259n 10 ya\u015fl\u0131 N\u0259rmin Quliyevan\u0131n yanm\u0131\u015f meyiti tap\u0131l\u0131b.\n<\/p>\n<p>\n  M\u0259lumat\u0131 Respublika Prokurorlu\u011fu yay\u0131b.\n<\/p>\n<p>\n  Bildirilib ki, Daxili \u0130\u015fl\u0259r Nazirliyinin, Ba\u015f Prokurorlu\u011fun, \u018fdliyy\u0259 Nazirliyinin M\u0259hk\u0259m\u0259 Ekspertizas\u0131 M\u0259rk\u0259zinin v\u0259 S\u0259hiyy\u0259 Nazirliyinin M\u0259hk\u0259m\u0259-Tibbi Ekspertiza v\u0259 Patoloji Anatomiya Elmi-T\u0259cr\u00fcbi v\u0259 T\u0259dris Birliyinin \u0259m\u0259kda\u015flar\u0131 yanvar\u0131n 6-da meyit tap\u0131lan \u0259raziy\u0259 bax\u0131\u015f ke\u00e7iribl\u0259r. Hadis\u0259 yeri m\u00fcayin\u0259 edilib v\u0259 i\u015f \u00fc\u00e7\u00fcn z\u0259ruri olan b\u00fct\u00fcn maddi s\u00fcbutlar g\u00f6t\u00fcr\u00fcl\u00fcb.\n<\/p>\n<p>\n  M\u0259lumatda Cinay\u0259t M\u0259c\u0259ll\u0259sinin 120.2.9-cu (t\u0259qsirkar \u015f\u0259xs \u00fc\u00e7\u00fcn a\u015fkar sur\u0259td\u0259 k\u00f6m\u0259ksiz v\u0259ziyy\u0259td\u0259 olan adam\u0131 q\u0259sd\u0259n \u00f6ld\u00fcrm\u0259) madd\u0259si il\u0259 cinay\u0259t i\u015fi ba\u015fland\u0131\u011f\u0131 qeyd olunub:\n<\/p>\n<p>\n  \u201cTovuz rayonunun Dondar Qu\u015f\u00e7u k\u0259ndind\u0259 anadan olan 2010-cu il t\u0259v\u0259ll\u00fcdl\u00fc N\u0259rmin Quliyeva 21 noyabr 2019-cu il tarixd\u0259 itkin d\u00fc\u015fm\u0259si il\u0259 \u0259laq\u0259dar apar\u0131lm\u0131\u015f ara\u015fd\u0131rmalarla onun q\u0259sd\u0259n \u00f6ld\u00fcr\u00fclm\u0259sin\u0259 kifay\u0259t q\u0259d\u0259r \u0259saslar m\u00fc\u0259yy\u0259n edildiyind\u0259n Ba\u015f Prokurorlu\u011fun A\u011f\u0131r cinay\u0259tl\u0259r\u0259 dair i\u015fl\u0259r \u00fczr\u0259 istintaq idar\u0259sind\u0259 Cinay\u0259t M\u0259c\u0259ll\u0259sinin 120.2.9-cu (t\u0259qsirkar \u015f\u0259xs \u00fc\u00e7\u00fcn a\u015fkar sur\u0259td\u0259 k\u00f6m\u0259ksiz v\u0259ziyy\u0259td\u0259 olan adam\u0131 q\u0259sd\u0259n \u00f6ld\u00fcrm\u0259) madd\u0259si il\u0259 cinay\u0259t i\u015fi ba\u015flan\u0131b. Haz\u0131rda i\u015f \u00fczr\u0259 cinay\u0259ti t\u00f6r\u0259tmi\u015f \u015f\u0259xs v\u0259 ya \u015f\u0259xsl\u0259rin m\u00fc\u0259yy\u0259n edilm\u0259si istiqam\u0259tind\u0259 z\u0259ruri v\u0259 t\u0259xir\u0259sal\u0131nmaz istintaq-\u0259m\u0259liyyat t\u0259dbirl\u0259ri davam etdirilir\u201d.<\/p>\n","protected":false},"excerpt":{"rendered":"<p>&#8220;Haz\u0131rda i\u015f \u00fczr\u0259 cinay\u0259ti t\u00f6r\u0259tmi\u015f \u015f\u0259xs v\u0259 ya \u015f\u0259xsl\u0259rin m\u00fc\u0259yy\u0259n edilm\u0259si istiqam\u0259tind\u0259 z\u0259ruri v\u0259 t\u0259xir\u0259sal\u0131nmaz istintaq-\u0259m\u0259liyyat t\u0259dbirl\u0259ri davam etdirilir\u201d<\/p>\n","protected":false},"author":11,"featured_media":91070,"comment_status":"closed","ping_status":"open","sticky":false,"template":"","format":"standard","meta":{"_acf_changed":false,"_sitemap_exclude":false,"_sitemap_priority":"","_sitemap_frequency":"","footnotes":""},"categories":[60],"tags":[],"class_list":["post-198667","post","type-post","status-publish","format-standard","has-post-thumbnail","hentry","category-bolge","infinite-scroll-item","generate-columns","tablet-grid-50","mobile-grid-100","grid-parent","grid-33","no-featured-image-padding"],"acf":[],"yoast_head":"<!-- This site is optimized with the Yoast SEO plugin v27.4 - https:\/\/yoast.com\/product\/yoast-seo-wordpress\/ -->\n<title>Tovuzda itkin d\u00fc\u015f\u0259n q\u0131z\u0131n yanm\u0131\u015f meyiti tap\u0131l\u0131b - MEYDAN.TV<\/title>\n<meta name=\"robots\" content=\"index, follow, max-snippet:-1, max-image-preview:large, max-video-preview:-1\" \/>\n<link rel=\"canonical\" href=\"https:\/\/www.meydan.tv\/az\/article\/tovuzda-itkin-dusen-qizin-yanmis-meyiti-tapilib\/\" \/>\n<meta property=\"og:locale\" content=\"az_AZ\" \/>\n<meta property=\"og:type\" content=\"article\" \/>\n<meta property=\"og:title\" content=\"Tovuzda itkin d\u00fc\u015f\u0259n q\u0131z\u0131n yanm\u0131\u015f meyiti tap\u0131l\u0131b - MEYDAN.TV\" \/>\n<meta property=\"og:description\" content=\"&quot;Haz\u0131rda i\u015f \u00fczr\u0259 cinay\u0259ti t\u00f6r\u0259tmi\u015f \u015f\u0259xs v\u0259 ya \u015f\u0259xsl\u0259rin m\u00fc\u0259yy\u0259n edilm\u0259si istiqam\u0259tind\u0259 z\u0259ruri v\u0259 t\u0259xir\u0259sal\u0131nmaz istintaq-\u0259m\u0259liyyat t\u0259dbirl\u0259ri davam etdirilir\u201d\" \/>\n<meta property=\"og:url\" content=\"https:\/\/www.meydan.tv\/az\/article\/tovuzda-itkin-dusen-qizin-yanmis-meyiti-tapilib\/\" \/>\n<meta property=\"og:site_name\" content=\"MEYDAN.TV\" \/>\n<meta property=\"article:published_time\" content=\"2020-01-07T10:05:37+00:00\" \/>\n<meta property=\"og:image\" content=\"https:\/\/www.meydan.tv\/wp-content\/uploads\/35919.jpg\" \/>\n\t<meta property=\"og:image:width\" content=\"553\" \/>\n\t<meta property=\"og:image:height\" content=\"400\" \/>\n\t<meta property=\"og:image:type\" content=\"image\/jpeg\" \/>\n<meta name=\"author\" content=\"user-manager\" \/>\n<meta name=\"twitter:card\" content=\"summary_large_image\" \/>\n<script type=\"application\/ld+json\" class=\"yoast-schema-graph\">{\"@context\":\"https:\\\/\\\/schema.org\",\"@graph\":[{\"@type\":\"Article\",\"@id\":\"https:\\\/\\\/www.meydan.tv\\\/az\\\/article\\\/tovuzda-itkin-dusen-qizin-yanmis-meyiti-tapilib\\\/#article\",\"isPartOf\":{\"@id\":\"https:\\\/\\\/www.meydan.tv\\\/az\\\/article\\\/tovuzda-itkin-dusen-qizin-yanmis-meyiti-tapilib\\\/\"},\"author\":{\"name\":\"user-manager\",\"@id\":\"https:\\\/\\\/www.meydan.tv\\\/az\\\/#\\\/schema\\\/person\\\/10d11eccf6da3662cf5fdab9806ea91a\"},\"headline\":\"Tovuzda itkin d\u00fc\u015f\u0259n q\u0131z\u0131n yanm\u0131\u015f meyiti tap\u0131l\u0131b\",\"datePublished\":\"2020-01-07T10:05:37+00:00\",\"mainEntityOfPage\":{\"@id\":\"https:\\\/\\\/www.meydan.tv\\\/az\\\/article\\\/tovuzda-itkin-dusen-qizin-yanmis-meyiti-tapilib\\\/\"},\"wordCount\":318,\"publisher\":{\"@id\":\"https:\\\/\\\/www.meydan.tv\\\/az\\\/#organization\"},\"image\":{\"@id\":\"https:\\\/\\\/www.meydan.tv\\\/az\\\/article\\\/tovuzda-itkin-dusen-qizin-yanmis-meyiti-tapilib\\\/#primaryimage\"},\"thumbnailUrl\":\"https:\\\/\\\/www.meydan.tv\\\/wp-content\\\/uploads\\\/35919.jpg\",\"articleSection\":[\"B\u00f6lg\u0259\"],\"inLanguage\":\"az\"},{\"@type\":\"WebPage\",\"@id\":\"https:\\\/\\\/www.meydan.tv\\\/az\\\/article\\\/tovuzda-itkin-dusen-qizin-yanmis-meyiti-tapilib\\\/\",\"url\":\"https:\\\/\\\/www.meydan.tv\\\/az\\\/article\\\/tovuzda-itkin-dusen-qizin-yanmis-meyiti-tapilib\\\/\",\"name\":\"Tovuzda itkin d\u00fc\u015f\u0259n q\u0131z\u0131n yanm\u0131\u015f meyiti tap\u0131l\u0131b - MEYDAN.TV\",\"isPartOf\":{\"@id\":\"https:\\\/\\\/www.meydan.tv\\\/az\\\/#website\"},\"primaryImageOfPage\":{\"@id\":\"https:\\\/\\\/www.meydan.tv\\\/az\\\/article\\\/tovuzda-itkin-dusen-qizin-yanmis-meyiti-tapilib\\\/#primaryimage\"},\"image\":{\"@id\":\"https:\\\/\\\/www.meydan.tv\\\/az\\\/article\\\/tovuzda-itkin-dusen-qizin-yanmis-meyiti-tapilib\\\/#primaryimage\"},\"thumbnailUrl\":\"https:\\\/\\\/www.meydan.tv\\\/wp-content\\\/uploads\\\/35919.jpg\",\"datePublished\":\"2020-01-07T10:05:37+00:00\",\"breadcrumb\":{\"@id\":\"https:\\\/\\\/www.meydan.tv\\\/az\\\/article\\\/tovuzda-itkin-dusen-qizin-yanmis-meyiti-tapilib\\\/#breadcrumb\"},\"inLanguage\":\"az\",\"potentialAction\":[{\"@type\":\"ReadAction\",\"target\":[\"https:\\\/\\\/www.meydan.tv\\\/az\\\/article\\\/tovuzda-itkin-dusen-qizin-yanmis-meyiti-tapilib\\\/\"]}]},{\"@type\":\"ImageObject\",\"inLanguage\":\"az\",\"@id\":\"https:\\\/\\\/www.meydan.tv\\\/az\\\/article\\\/tovuzda-itkin-dusen-qizin-yanmis-meyiti-tapilib\\\/#primaryimage\",\"url\":\"https:\\\/\\\/www.meydan.tv\\\/wp-content\\\/uploads\\\/35919.jpg\",\"contentUrl\":\"https:\\\/\\\/www.meydan.tv\\\/wp-content\\\/uploads\\\/35919.jpg\",\"width\":553,\"height\":400,\"caption\":\"Source:\"},{\"@type\":\"BreadcrumbList\",\"@id\":\"https:\\\/\\\/www.meydan.tv\\\/az\\\/article\\\/tovuzda-itkin-dusen-qizin-yanmis-meyiti-tapilib\\\/#breadcrumb\",\"itemListElement\":[{\"@type\":\"ListItem\",\"position\":1,\"name\":\"Ana s\u0259hif\u0259\",\"item\":\"https:\\\/\\\/www.meydan.tv\\\/az\\\/\"},{\"@type\":\"ListItem\",\"position\":2,\"name\":\"B\u00f6lg\u0259\",\"item\":\"https:\\\/\\\/www.meydan.tv\\\/az\\\/section\\\/bolge\\\/\"},{\"@type\":\"ListItem\",\"position\":3,\"name\":\"Tovuzda itkin d\u00fc\u015f\u0259n q\u0131z\u0131n yanm\u0131\u015f meyiti tap\u0131l\u0131b\"}]},{\"@type\":\"WebSite\",\"@id\":\"https:\\\/\\\/www.meydan.tv\\\/az\\\/#website\",\"url\":\"https:\\\/\\\/www.meydan.tv\\\/az\\\/\",\"name\":\"MEYDAN.TV\",\"description\":\"Meydan TV Az\u0259rbaycan\u0131n media m\u0259kan\u0131ndak\u0131 alternativ s\u0259sidir\",\"publisher\":{\"@id\":\"https:\\\/\\\/www.meydan.tv\\\/az\\\/#organization\"},\"potentialAction\":[{\"@type\":\"SearchAction\",\"target\":{\"@type\":\"EntryPoint\",\"urlTemplate\":\"https:\\\/\\\/www.meydan.tv\\\/az\\\/?s={search_term_string}\"},\"query-input\":{\"@type\":\"PropertyValueSpecification\",\"valueRequired\":true,\"valueName\":\"search_term_string\"}}],\"inLanguage\":\"az\"},{\"@type\":\"Organization\",\"@id\":\"https:\\\/\\\/www.meydan.tv\\\/az\\\/#organization\",\"name\":\"Meydan TV\",\"url\":\"https:\\\/\\\/www.meydan.tv\\\/az\\\/\",\"logo\":{\"@type\":\"ImageObject\",\"inLanguage\":\"az\",\"@id\":\"https:\\\/\\\/www.meydan.tv\\\/az\\\/#\\\/schema\\\/logo\\\/image\\\/\",\"url\":\"https:\\\/\\\/www.meydan.tv\\\/wp-content\\\/uploads\\\/2021\\\/07\\\/meydan-logo.svg\",\"contentUrl\":\"https:\\\/\\\/www.meydan.tv\\\/wp-content\\\/uploads\\\/2021\\\/07\\\/meydan-logo.svg\",\"width\":195,\"height\":46,\"caption\":\"Meydan TV\"},\"image\":{\"@id\":\"https:\\\/\\\/www.meydan.tv\\\/az\\\/#\\\/schema\\\/logo\\\/image\\\/\"}},{\"@type\":\"Person\",\"@id\":\"https:\\\/\\\/www.meydan.tv\\\/az\\\/#\\\/schema\\\/person\\\/10d11eccf6da3662cf5fdab9806ea91a\",\"name\":\"user-manager\"}]}<\/script>\n<!-- \/ Yoast SEO plugin. -->","yoast_head_json":{"title":"Tovuzda itkin d\u00fc\u015f\u0259n q\u0131z\u0131n yanm\u0131\u015f meyiti tap\u0131l\u0131b - MEYDAN.TV","robots":{"index":"index","follow":"follow","max-snippet":"max-snippet:-1","max-image-preview":"max-image-preview:large","max-video-preview":"max-video-preview:-1"},"canonical":"https:\/\/www.meydan.tv\/az\/article\/tovuzda-itkin-dusen-qizin-yanmis-meyiti-tapilib\/","og_locale":"az_AZ","og_type":"article","og_title":"Tovuzda itkin d\u00fc\u015f\u0259n q\u0131z\u0131n yanm\u0131\u015f meyiti tap\u0131l\u0131b - MEYDAN.TV","og_description":"\"Haz\u0131rda i\u015f \u00fczr\u0259 cinay\u0259ti t\u00f6r\u0259tmi\u015f \u015f\u0259xs v\u0259 ya \u015f\u0259xsl\u0259rin m\u00fc\u0259yy\u0259n edilm\u0259si istiqam\u0259tind\u0259 z\u0259ruri v\u0259 t\u0259xir\u0259sal\u0131nmaz istintaq-\u0259m\u0259liyyat t\u0259dbirl\u0259ri davam etdirilir\u201d","og_url":"https:\/\/www.meydan.tv\/az\/article\/tovuzda-itkin-dusen-qizin-yanmis-meyiti-tapilib\/","og_site_name":"MEYDAN.TV","article_published_time":"2020-01-07T10:05:37+00:00","og_image":[{"width":553,"height":400,"url":"https:\/\/www.meydan.tv\/wp-content\/uploads\/35919.jpg","type":"image\/jpeg"}],"author":"user-manager","twitter_card":"summary_large_image","schema":{"@context":"https:\/\/schema.org","@graph":[{"@type":"Article","@id":"https:\/\/www.meydan.tv\/az\/article\/tovuzda-itkin-dusen-qizin-yanmis-meyiti-tapilib\/#article","isPartOf":{"@id":"https:\/\/www.meydan.tv\/az\/article\/tovuzda-itkin-dusen-qizin-yanmis-meyiti-tapilib\/"},"author":{"name":"user-manager","@id":"https:\/\/www.meydan.tv\/az\/#\/schema\/person\/10d11eccf6da3662cf5fdab9806ea91a"},"headline":"Tovuzda itkin d\u00fc\u015f\u0259n q\u0131z\u0131n yanm\u0131\u015f meyiti tap\u0131l\u0131b","datePublished":"2020-01-07T10:05:37+00:00","mainEntityOfPage":{"@id":"https:\/\/www.meydan.tv\/az\/article\/tovuzda-itkin-dusen-qizin-yanmis-meyiti-tapilib\/"},"wordCount":318,"publisher":{"@id":"https:\/\/www.meydan.tv\/az\/#organization"},"image":{"@id":"https:\/\/www.meydan.tv\/az\/article\/tovuzda-itkin-dusen-qizin-yanmis-meyiti-tapilib\/#primaryimage"},"thumbnailUrl":"https:\/\/www.meydan.tv\/wp-content\/uploads\/35919.jpg","articleSection":["B\u00f6lg\u0259"],"inLanguage":"az"},{"@type":"WebPage","@id":"https:\/\/www.meydan.tv\/az\/article\/tovuzda-itkin-dusen-qizin-yanmis-meyiti-tapilib\/","url":"https:\/\/www.meydan.tv\/az\/article\/tovuzda-itkin-dusen-qizin-yanmis-meyiti-tapilib\/","name":"Tovuzda itkin d\u00fc\u015f\u0259n q\u0131z\u0131n yanm\u0131\u015f meyiti tap\u0131l\u0131b - MEYDAN.TV","isPartOf":{"@id":"https:\/\/www.meydan.tv\/az\/#website"},"primaryImageOfPage":{"@id":"https:\/\/www.meydan.tv\/az\/article\/tovuzda-itkin-dusen-qizin-yanmis-meyiti-tapilib\/#primaryimage"},"image":{"@id":"https:\/\/www.meydan.tv\/az\/article\/tovuzda-itkin-dusen-qizin-yanmis-meyiti-tapilib\/#primaryimage"},"thumbnailUrl":"https:\/\/www.meydan.tv\/wp-content\/uploads\/35919.jpg","datePublished":"2020-01-07T10:05:37+00:00","breadcrumb":{"@id":"https:\/\/www.meydan.tv\/az\/article\/tovuzda-itkin-dusen-qizin-yanmis-meyiti-tapilib\/#breadcrumb"},"inLanguage":"az","potentialAction":[{"@type":"ReadAction","target":["https:\/\/www.meydan.tv\/az\/article\/tovuzda-itkin-dusen-qizin-yanmis-meyiti-tapilib\/"]}]},{"@type":"ImageObject","inLanguage":"az","@id":"https:\/\/www.meydan.tv\/az\/article\/tovuzda-itkin-dusen-qizin-yanmis-meyiti-tapilib\/#primaryimage","url":"https:\/\/www.meydan.tv\/wp-content\/uploads\/35919.jpg","contentUrl":"https:\/\/www.meydan.tv\/wp-content\/uploads\/35919.jpg","width":553,"height":400,"caption":"Source:"},{"@type":"BreadcrumbList","@id":"https:\/\/www.meydan.tv\/az\/article\/tovuzda-itkin-dusen-qizin-yanmis-meyiti-tapilib\/#breadcrumb","itemListElement":[{"@type":"ListItem","position":1,"name":"Ana s\u0259hif\u0259","item":"https:\/\/www.meydan.tv\/az\/"},{"@type":"ListItem","position":2,"name":"B\u00f6lg\u0259","item":"https:\/\/www.meydan.tv\/az\/section\/bolge\/"},{"@type":"ListItem","position":3,"name":"Tovuzda itkin d\u00fc\u015f\u0259n q\u0131z\u0131n yanm\u0131\u015f meyiti tap\u0131l\u0131b"}]},{"@type":"WebSite","@id":"https:\/\/www.meydan.tv\/az\/#website","url":"https:\/\/www.meydan.tv\/az\/","name":"MEYDAN.TV","description":"Meydan TV Az\u0259rbaycan\u0131n media m\u0259kan\u0131ndak\u0131 alternativ s\u0259sidir","publisher":{"@id":"https:\/\/www.meydan.tv\/az\/#organization"},"potentialAction":[{"@type":"SearchAction","target":{"@type":"EntryPoint","urlTemplate":"https:\/\/www.meydan.tv\/az\/?s={search_term_string}"},"query-input":{"@type":"PropertyValueSpecification","valueRequired":true,"valueName":"search_term_string"}}],"inLanguage":"az"},{"@type":"Organization","@id":"https:\/\/www.meydan.tv\/az\/#organization","name":"Meydan TV","url":"https:\/\/www.meydan.tv\/az\/","logo":{"@type":"ImageObject","inLanguage":"az","@id":"https:\/\/www.meydan.tv\/az\/#\/schema\/logo\/image\/","url":"https:\/\/www.meydan.tv\/wp-content\/uploads\/2021\/07\/meydan-logo.svg","contentUrl":"https:\/\/www.meydan.tv\/wp-content\/uploads\/2021\/07\/meydan-logo.svg","width":195,"height":46,"caption":"Meydan TV"},"image":{"@id":"https:\/\/www.meydan.tv\/az\/#\/schema\/logo\/image\/"}},{"@type":"Person","@id":"https:\/\/www.meydan.tv\/az\/#\/schema\/person\/10d11eccf6da3662cf5fdab9806ea91a","name":"user-manager"}]}},"_links":{"self":[{"href":"https:\/\/www.meydan.tv\/az\/wp-json\/wp\/v2\/posts\/198667","targetHints":{"allow":["GET"]}}],"collection":[{"href":"https:\/\/www.meydan.tv\/az\/wp-json\/wp\/v2\/posts"}],"about":[{"href":"https:\/\/www.meydan.tv\/az\/wp-json\/wp\/v2\/types\/post"}],"author":[{"embeddable":true,"href":"https:\/\/www.meydan.tv\/az\/wp-json\/wp\/v2\/users\/11"}],"replies":[{"embeddable":true,"href":"https:\/\/www.meydan.tv\/az\/wp-json\/wp\/v2\/comments?post=198667"}],"version-history":[{"count":0,"href":"https:\/\/www.meydan.tv\/az\/wp-json\/wp\/v2\/posts\/198667\/revisions"}],"wp:featuredmedia":[{"embeddable":true,"href":"https:\/\/www.meydan.tv\/az\/wp-json\/wp\/v2\/media\/91070"}],"wp:attachment":[{"href":"https:\/\/www.meydan.tv\/az\/wp-json\/wp\/v2\/media?parent=198667"}],"wp:term":[{"taxonomy":"category","embeddable":true,"href":"https:\/\/www.meydan.tv\/az\/wp-json\/wp\/v2\/categories?post=198667"},{"taxonomy":"post_tag","embeddable":true,"href":"https:\/\/www.meydan.tv\/az\/wp-json\/wp\/v2\/tags?post=198667"}],"curies":[{"name":"wp","href":"https:\/\/api.w.org\/{rel}","templated":true}]}}