{"id":198650,"date":"2020-01-06T13:16:56","date_gmt":"2020-01-06T13:16:56","guid":{"rendered":"https:\/\/www.meydan.tv\/article\/zeyneb-suleymani-axmaq-tramp-atamin-sehidliyi-ile-her-seyin-sonunun-geldiyini-dusunmur\/"},"modified":"2020-01-06T13:16:56","modified_gmt":"2020-01-06T13:16:56","slug":"zeyneb-suleymani-axmaq-tramp-atamin-sehidliyi-ile-her-seyin-sonunun-geldiyini-dusunmur","status":"publish","type":"post","link":"https:\/\/www.meydan.tv\/az\/article\/zeyneb-suleymani-axmaq-tramp-atamin-sehidliyi-ile-her-seyin-sonunun-geldiyini-dusunmur\/","title":{"rendered":"Zeyn\u0259b S\u00fcleymani: Axmaq Tramp atam\u0131n \u015f\u0259hidliyi il\u0259 h\u0259r \u015feyin sonunun g\u0259ldiyini d\u00fc\u015f\u00fcnm\u00fcr"},"content":{"rendered":"<p>\n  <i><br \/>\n    \u0130randa minl\u0259rl\u0259 k\u00fctl\u0259 S\u00fcleymaninin c\u0259naz\u0259sin\u0259 topla\u015f\u0131b<br \/>\n  <\/i>\n<\/p>\n<p>\n  Bazar ert\u0259si g\u00fcn\u00fc on minl\u0259rl\u0259 iranl\u0131 AB\u015e-\u0131n hava h\u00fccumu zaman\u0131 \u00f6ld\u00fcr\u00fcl\u0259n Q\u00fcds Q\u00fcvv\u0259l\u0259ri komandiri Qas\u0131m S\u00fcleymaninin (Qassem Soleimani) c\u0259naz\u0259si \u00fc\u00e7\u00fcn Tehran\u0131n k\u00fc\u00e7\u0259l\u0259rin\u0259 ax\u0131\u015f\u0131b, &#8211; \u201cReuters\u201d x\u0259b\u0259r verir.\n<\/p>\n<p>\n  S\u00fcleymaninin q\u0131z\u0131 deyib ki, onun \u00f6l\u00fcm\u00fc AB\u015e \u00fc\u00e7\u00fcn \u201cqaranl\u0131q g\u00fcn\u201d g\u0259tir\u0259c\u0259k.\n<\/p>\n<p>\n  \u201cAxmaq Tramp atam\u0131n \u015f\u0259hidliyi il\u0259 h\u0259r \u015feyin sonunun g\u0259ldiyini d\u00fc\u015f\u00fcnm\u00fcr\u201d, &#8211; Zeyn\u0259b S\u00fcleymani \u00e7\u0131x\u0131\u015f\u0131nda deyib. AB\u015e prezidenti Donald Tramp c\u00fcm\u0259 g\u00fcn\u00fc \u0130ran\u0131n\u0131n top general\u0131n\u0131n \u00f6ld\u00fcr\u00fclm\u0259si il\u0259 n\u0259tic\u0259l\u0259n\u0259n h\u00fccum \u0259mrini verib.\n<\/p>\n<p>\n  \u0130ran b\u00f6lg\u0259d\u0259 Tehran\u0131n n\u00fcfuzunu geni\u015fl\u0259ndirm\u0259kl\u0259 \u00f6lk\u0259nin memar\u0131 olan S\u00fcleymaninin qisas\u0131n\u0131 alaca\u011f\u0131n\u0131 v\u0259d edib. S\u00fcleymani iranl\u0131lar aras\u0131nda milli q\u0259hr\u0259man kimi tan\u0131n\u0131r. O, h\u0259tta \u00f6z\u00fcn\u00fc \u0130slam Respublikas\u0131n\u0131n din xadiml\u0259rinin t\u0259r\u0259fdarlar\u0131ndan saymayanlar\u0131n da r\u0259\u011fb\u0259tini qazana bilib.\n<\/p>\n<p>\n  Televiziyada n\u00fcmayi\u015f olunan izdiham\u0131n miqyas\u0131 1989-cu ild\u0259 \u0130slam Respublikas\u0131n\u0131n qurucusu Ay\u0259tullah Ruhollah Xomeyninin c\u0259naz\u0259si \u00fc\u00e7\u00fcn topla\u015fan k\u00fctl\u0259ni xat\u0131rlad\u0131r, &#8211; \u201cReuters\u201d t\u0259svir edib.\n<\/p>\n<p>\n  \u0130ran\u0131n x\u0259b\u0259rdarl\u0131qlar\u0131na cavab olaraq Tramp Tehran\u0131n amerikal\u0131lara v\u0259 ya AB\u015e aktivl\u0259rin\u0259 h\u00fccum ed\u0259c\u0259yi t\u0259qdird\u0259 \u0130rana aid 52 hiss\u0259ni, o c\u00fcml\u0259d\u0259n m\u0259d\u0259ni h\u0259d\u0259fl\u0259ri vuraca\u011f\u0131 il\u0259 t\u0259hdid edib. \u0130ki g\u00fcc aras\u0131nda g\u0259rginliyin artmas\u0131 Orta \u015e\u0259rqd\u0259 qar\u015f\u0131l\u0131ql\u0131 qar\u015f\u0131durman\u0131n b\u00f6y\u00fcm\u0259si il\u0259 n\u0259tic\u0259l\u0259n\u0259 bil\u0259r.\n<\/p>\n<p>\n  C\u00fcm\u0259 g\u00fcn\u00fc Ba\u011fdad hava liman\u0131na edil\u0259n h\u00fccumda \u0130ran general\u0131 v\u0259 \u0130raq lideri \u018fbu Mehdi \u0259l-Muhandis d\u0259 \u00f6ld\u00fcr\u00fcl\u00fcb. Onun tabutu Tehran\u0131n m\u0259rk\u0259zind\u0259 mat\u0259m \u00fc\u00e7\u00fcn topla\u015fm\u0131\u015f insanlar\u0131n ba\u015flar\u0131n\u0131n \u00fcst\u00fcnd\u0259n \u00f6t\u00fcr\u00fcl\u00fcb. \u0130nsanlar \u201cAmerikaya \u00f6l\u00fcm\u201d \u015f\u00fcarlar\u0131 s\u0259sl\u0259ndirib.\n<\/p>\n<p>\n  Bazar g\u00fcn\u00fc \u0130raq parlamenti Ba\u015f nazirin b\u00fct\u00fcn xarici qo\u015funlar\u0131n \u00f6lk\u0259d\u0259n \u00e7\u0131xar\u0131lmas\u0131 \u00fc\u00e7\u00fcn verdiyi t\u00f6vsiy\u0259ni d\u0259st\u0259kl\u0259yib. \u0130slam Respublikas\u0131n\u0131n \u0259sas regional h\u0259d\u0259fl\u0259rind\u0259n biri AB\u015e q\u00fcvv\u0259l\u0259rini qon\u015fu \u0130raqdan \u00e7\u0131xarmaq olub.\n<\/p>\n<p>\n  \u201cQar\u015f\u0131m\u0131za \u00e7\u0131xa bil\u0259c\u0259k daxili v\u0259 ya xarici \u00e7\u0259tinlikl\u0259r\u0259 baxmayaraq, bu add\u0131m prinsipc\u0259 v\u0259 praktik olaraq \u0130raq \u00fc\u00e7\u00fcn \u0259n yax\u015f\u0131 se\u00e7im olaraq qal\u0131r\u201d, noyabr ay\u0131nda h\u00f6kum\u0259t \u0259leyhin\u0259 etirazlar zaman\u0131 istefa vermi\u015f \u0130raq\u0131n m\u00fcv\u0259qq\u0259ti Ba\u015f naziri Adel Abdul Mehdi deyib.\n<\/p>\n<p>\n  \u0130raq\u0131n h\u0259m\u00e7inin \u0130ran\u0131n t\u0259sirin\u0259 qar\u015f\u0131 \u00e7\u0131xan r\u0259qibi \u015fi\u0259 liderl\u0259ri c\u00fcm\u0259 h\u00fccumundan sonra AB\u015e qo\u015funlar\u0131n\u0131n qovulmas\u0131na \u00e7a\u011f\u0131r\u0131\u015f \u00fc\u00e7\u00fcn birl\u0259\u015fibl\u0259r.\n<\/p>\n<p>\n  Q\u00fcds Q\u00fcvv\u0259l\u0259rinin yeni r\u0259hb\u0259ri Esmail Qaani \u0130ran\u0131n S\u00fcleymaninin yolunu davam etdir\u0259c\u0259yini deyib v\u0259 \u0259lav\u0259 edib ki, \u201cbizim \u00fc\u00e7\u00fcn yegan\u0259 kompensasiya Amerikan\u0131 b\u00f6lg\u0259d\u0259n \u00e7\u0131xarmaq olacaq\u201d.\n<\/p>\n<p>\n  Tehrandak\u0131 c\u0259naz\u0259 namaz\u0131n\u0131 \u0130ran\u0131n ali lider Ay\u0259tullah \u018fli Xameney q\u0131ld\u0131r\u0131b. S\u00fcleymani \u0130randa Xameneyd\u0259n sonra ikinci \u0259n g\u00fccl\u00fc fiqur olaraq g\u00f6r\u00fcl\u00fcrd\u00fc.\n<\/p>\n<p>\n  D\u0259fn m\u0259rasimind\u0259 \u0130ran\u0131n b\u00f6lg\u0259d\u0259ki b\u0259zi m\u00fctt\u0259fiql\u0259ri, o c\u00fcml\u0259d\u0259n F\u0259l\u0259stin H\u0259mas qrupunun lideri \u0130smail Haniye d\u0259 i\u015ftirak edib. \u201c\u015e\u0259hid komandir S\u00fcleymanini Q\u00fcds \u015f\u0259hidi elan edir\u0259m\u201d,- o deyib.<\/p>\n","protected":false},"excerpt":{"rendered":"<p>\u0130randa minl\u0259rl\u0259 k\u00fctl\u0259 S\u00fcleymaninin c\u0259naz\u0259sin\u0259 topla\u015f\u0131b<\/p>\n","protected":false},"author":11,"featured_media":63796,"comment_status":"closed","ping_status":"open","sticky":false,"template":"","format":"standard","meta":{"_acf_changed":false,"_sitemap_exclude":false,"_sitemap_priority":"","_sitemap_frequency":"","footnotes":""},"categories":[64],"tags":[],"class_list":["post-198650","post","type-post","status-publish","format-standard","has-post-thumbnail","hentry","category-dunya","infinite-scroll-item","generate-columns","tablet-grid-50","mobile-grid-100","grid-parent","grid-33","no-featured-image-padding"],"acf":[],"yoast_head":"<!-- This site is optimized with the Yoast SEO plugin v27.5 - https:\/\/yoast.com\/product\/yoast-seo-wordpress\/ -->\n<title>Zeyn\u0259b S\u00fcleymani: Axmaq Tramp atam\u0131n \u015f\u0259hidliyi il\u0259 h\u0259r \u015feyin sonunun g\u0259ldiyini d\u00fc\u015f\u00fcnm\u00fcr - MEYDAN.TV<\/title>\n<meta name=\"robots\" content=\"index, follow, max-snippet:-1, max-image-preview:large, max-video-preview:-1\" \/>\n<link rel=\"canonical\" href=\"https:\/\/www.meydan.tv\/az\/article\/zeyneb-suleymani-axmaq-tramp-atamin-sehidliyi-ile-her-seyin-sonunun-geldiyini-dusunmur\/\" \/>\n<meta property=\"og:locale\" content=\"az_AZ\" \/>\n<meta property=\"og:type\" content=\"article\" \/>\n<meta property=\"og:title\" content=\"Zeyn\u0259b S\u00fcleymani: Axmaq Tramp atam\u0131n \u015f\u0259hidliyi il\u0259 h\u0259r \u015feyin sonunun g\u0259ldiyini d\u00fc\u015f\u00fcnm\u00fcr - MEYDAN.TV\" \/>\n<meta property=\"og:description\" content=\"\u0130randa minl\u0259rl\u0259 k\u00fctl\u0259 S\u00fcleymaninin c\u0259naz\u0259sin\u0259 topla\u015f\u0131b\" \/>\n<meta property=\"og:url\" content=\"https:\/\/www.meydan.tv\/az\/article\/zeyneb-suleymani-axmaq-tramp-atamin-sehidliyi-ile-her-seyin-sonunun-geldiyini-dusunmur\/\" \/>\n<meta property=\"og:site_name\" content=\"MEYDAN.TV\" \/>\n<meta property=\"article:published_time\" content=\"2020-01-06T13:16:56+00:00\" \/>\n<meta property=\"og:image\" content=\"https:\/\/www.meydan.tv\/wp-content\/uploads\/24320.jpg\" \/>\n\t<meta property=\"og:image:width\" content=\"1180\" \/>\n\t<meta property=\"og:image:height\" content=\"842\" \/>\n\t<meta property=\"og:image:type\" content=\"image\/jpeg\" \/>\n<meta name=\"author\" content=\"user-manager\" \/>\n<meta name=\"twitter:card\" content=\"summary_large_image\" \/>\n<script type=\"application\/ld+json\" class=\"yoast-schema-graph\">{\"@context\":\"https:\\\/\\\/schema.org\",\"@graph\":[{\"@type\":\"Article\",\"@id\":\"https:\\\/\\\/www.meydan.tv\\\/az\\\/article\\\/zeyneb-suleymani-axmaq-tramp-atamin-sehidliyi-ile-her-seyin-sonunun-geldiyini-dusunmur\\\/#article\",\"isPartOf\":{\"@id\":\"https:\\\/\\\/www.meydan.tv\\\/az\\\/article\\\/zeyneb-suleymani-axmaq-tramp-atamin-sehidliyi-ile-her-seyin-sonunun-geldiyini-dusunmur\\\/\"},\"author\":{\"name\":\"user-manager\",\"@id\":\"https:\\\/\\\/www.meydan.tv\\\/az\\\/#\\\/schema\\\/person\\\/10d11eccf6da3662cf5fdab9806ea91a\"},\"headline\":\"Zeyn\u0259b S\u00fcleymani: Axmaq Tramp atam\u0131n \u015f\u0259hidliyi il\u0259 h\u0259r \u015feyin sonunun g\u0259ldiyini d\u00fc\u015f\u00fcnm\u00fcr\",\"datePublished\":\"2020-01-06T13:16:56+00:00\",\"mainEntityOfPage\":{\"@id\":\"https:\\\/\\\/www.meydan.tv\\\/az\\\/article\\\/zeyneb-suleymani-axmaq-tramp-atamin-sehidliyi-ile-her-seyin-sonunun-geldiyini-dusunmur\\\/\"},\"wordCount\":637,\"publisher\":{\"@id\":\"https:\\\/\\\/www.meydan.tv\\\/az\\\/#organization\"},\"image\":{\"@id\":\"https:\\\/\\\/www.meydan.tv\\\/az\\\/article\\\/zeyneb-suleymani-axmaq-tramp-atamin-sehidliyi-ile-her-seyin-sonunun-geldiyini-dusunmur\\\/#primaryimage\"},\"thumbnailUrl\":\"https:\\\/\\\/www.meydan.tv\\\/wp-content\\\/uploads\\\/24320.jpg\",\"articleSection\":[\"D\u00fcnya\"],\"inLanguage\":\"az\"},{\"@type\":\"WebPage\",\"@id\":\"https:\\\/\\\/www.meydan.tv\\\/az\\\/article\\\/zeyneb-suleymani-axmaq-tramp-atamin-sehidliyi-ile-her-seyin-sonunun-geldiyini-dusunmur\\\/\",\"url\":\"https:\\\/\\\/www.meydan.tv\\\/az\\\/article\\\/zeyneb-suleymani-axmaq-tramp-atamin-sehidliyi-ile-her-seyin-sonunun-geldiyini-dusunmur\\\/\",\"name\":\"Zeyn\u0259b S\u00fcleymani: Axmaq Tramp atam\u0131n \u015f\u0259hidliyi il\u0259 h\u0259r \u015feyin sonunun g\u0259ldiyini d\u00fc\u015f\u00fcnm\u00fcr - MEYDAN.TV\",\"isPartOf\":{\"@id\":\"https:\\\/\\\/www.meydan.tv\\\/az\\\/#website\"},\"primaryImageOfPage\":{\"@id\":\"https:\\\/\\\/www.meydan.tv\\\/az\\\/article\\\/zeyneb-suleymani-axmaq-tramp-atamin-sehidliyi-ile-her-seyin-sonunun-geldiyini-dusunmur\\\/#primaryimage\"},\"image\":{\"@id\":\"https:\\\/\\\/www.meydan.tv\\\/az\\\/article\\\/zeyneb-suleymani-axmaq-tramp-atamin-sehidliyi-ile-her-seyin-sonunun-geldiyini-dusunmur\\\/#primaryimage\"},\"thumbnailUrl\":\"https:\\\/\\\/www.meydan.tv\\\/wp-content\\\/uploads\\\/24320.jpg\",\"datePublished\":\"2020-01-06T13:16:56+00:00\",\"breadcrumb\":{\"@id\":\"https:\\\/\\\/www.meydan.tv\\\/az\\\/article\\\/zeyneb-suleymani-axmaq-tramp-atamin-sehidliyi-ile-her-seyin-sonunun-geldiyini-dusunmur\\\/#breadcrumb\"},\"inLanguage\":\"az\",\"potentialAction\":[{\"@type\":\"ReadAction\",\"target\":[\"https:\\\/\\\/www.meydan.tv\\\/az\\\/article\\\/zeyneb-suleymani-axmaq-tramp-atamin-sehidliyi-ile-her-seyin-sonunun-geldiyini-dusunmur\\\/\"]}]},{\"@type\":\"ImageObject\",\"inLanguage\":\"az\",\"@id\":\"https:\\\/\\\/www.meydan.tv\\\/az\\\/article\\\/zeyneb-suleymani-axmaq-tramp-atamin-sehidliyi-ile-her-seyin-sonunun-geldiyini-dusunmur\\\/#primaryimage\",\"url\":\"https:\\\/\\\/www.meydan.tv\\\/wp-content\\\/uploads\\\/24320.jpg\",\"contentUrl\":\"https:\\\/\\\/www.meydan.tv\\\/wp-content\\\/uploads\\\/24320.jpg\",\"width\":1180,\"height\":842,\"caption\":\"Source:\"},{\"@type\":\"BreadcrumbList\",\"@id\":\"https:\\\/\\\/www.meydan.tv\\\/az\\\/article\\\/zeyneb-suleymani-axmaq-tramp-atamin-sehidliyi-ile-her-seyin-sonunun-geldiyini-dusunmur\\\/#breadcrumb\",\"itemListElement\":[{\"@type\":\"ListItem\",\"position\":1,\"name\":\"Ana s\u0259hif\u0259\",\"item\":\"https:\\\/\\\/www.meydan.tv\\\/az\\\/\"},{\"@type\":\"ListItem\",\"position\":2,\"name\":\"D\u00fcnya\",\"item\":\"https:\\\/\\\/www.meydan.tv\\\/az\\\/section\\\/dunya\\\/\"},{\"@type\":\"ListItem\",\"position\":3,\"name\":\"Zeyn\u0259b S\u00fcleymani: Axmaq Tramp atam\u0131n \u015f\u0259hidliyi il\u0259 h\u0259r \u015feyin sonunun g\u0259ldiyini d\u00fc\u015f\u00fcnm\u00fcr\"}]},{\"@type\":\"WebSite\",\"@id\":\"https:\\\/\\\/www.meydan.tv\\\/az\\\/#website\",\"url\":\"https:\\\/\\\/www.meydan.tv\\\/az\\\/\",\"name\":\"MEYDAN.TV\",\"description\":\"Meydan TV Az\u0259rbaycan\u0131n media m\u0259kan\u0131ndak\u0131 alternativ s\u0259sidir\",\"publisher\":{\"@id\":\"https:\\\/\\\/www.meydan.tv\\\/az\\\/#organization\"},\"potentialAction\":[{\"@type\":\"SearchAction\",\"target\":{\"@type\":\"EntryPoint\",\"urlTemplate\":\"https:\\\/\\\/www.meydan.tv\\\/az\\\/?s={search_term_string}\"},\"query-input\":{\"@type\":\"PropertyValueSpecification\",\"valueRequired\":true,\"valueName\":\"search_term_string\"}}],\"inLanguage\":\"az\"},{\"@type\":\"Organization\",\"@id\":\"https:\\\/\\\/www.meydan.tv\\\/az\\\/#organization\",\"name\":\"Meydan TV\",\"url\":\"https:\\\/\\\/www.meydan.tv\\\/az\\\/\",\"logo\":{\"@type\":\"ImageObject\",\"inLanguage\":\"az\",\"@id\":\"https:\\\/\\\/www.meydan.tv\\\/az\\\/#\\\/schema\\\/logo\\\/image\\\/\",\"url\":\"https:\\\/\\\/www.meydan.tv\\\/wp-content\\\/uploads\\\/2021\\\/07\\\/meydan-logo.svg\",\"contentUrl\":\"https:\\\/\\\/www.meydan.tv\\\/wp-content\\\/uploads\\\/2021\\\/07\\\/meydan-logo.svg\",\"width\":195,\"height\":46,\"caption\":\"Meydan TV\"},\"image\":{\"@id\":\"https:\\\/\\\/www.meydan.tv\\\/az\\\/#\\\/schema\\\/logo\\\/image\\\/\"}},{\"@type\":\"Person\",\"@id\":\"https:\\\/\\\/www.meydan.tv\\\/az\\\/#\\\/schema\\\/person\\\/10d11eccf6da3662cf5fdab9806ea91a\",\"name\":\"user-manager\"}]}<\/script>\n<!-- \/ Yoast SEO plugin. -->","yoast_head_json":{"title":"Zeyn\u0259b S\u00fcleymani: Axmaq Tramp atam\u0131n \u015f\u0259hidliyi il\u0259 h\u0259r \u015feyin sonunun g\u0259ldiyini d\u00fc\u015f\u00fcnm\u00fcr - MEYDAN.TV","robots":{"index":"index","follow":"follow","max-snippet":"max-snippet:-1","max-image-preview":"max-image-preview:large","max-video-preview":"max-video-preview:-1"},"canonical":"https:\/\/www.meydan.tv\/az\/article\/zeyneb-suleymani-axmaq-tramp-atamin-sehidliyi-ile-her-seyin-sonunun-geldiyini-dusunmur\/","og_locale":"az_AZ","og_type":"article","og_title":"Zeyn\u0259b S\u00fcleymani: Axmaq Tramp atam\u0131n \u015f\u0259hidliyi il\u0259 h\u0259r \u015feyin sonunun g\u0259ldiyini d\u00fc\u015f\u00fcnm\u00fcr - MEYDAN.TV","og_description":"\u0130randa minl\u0259rl\u0259 k\u00fctl\u0259 S\u00fcleymaninin c\u0259naz\u0259sin\u0259 topla\u015f\u0131b","og_url":"https:\/\/www.meydan.tv\/az\/article\/zeyneb-suleymani-axmaq-tramp-atamin-sehidliyi-ile-her-seyin-sonunun-geldiyini-dusunmur\/","og_site_name":"MEYDAN.TV","article_published_time":"2020-01-06T13:16:56+00:00","og_image":[{"width":1180,"height":842,"url":"https:\/\/www.meydan.tv\/wp-content\/uploads\/24320.jpg","type":"image\/jpeg"}],"author":"user-manager","twitter_card":"summary_large_image","schema":{"@context":"https:\/\/schema.org","@graph":[{"@type":"Article","@id":"https:\/\/www.meydan.tv\/az\/article\/zeyneb-suleymani-axmaq-tramp-atamin-sehidliyi-ile-her-seyin-sonunun-geldiyini-dusunmur\/#article","isPartOf":{"@id":"https:\/\/www.meydan.tv\/az\/article\/zeyneb-suleymani-axmaq-tramp-atamin-sehidliyi-ile-her-seyin-sonunun-geldiyini-dusunmur\/"},"author":{"name":"user-manager","@id":"https:\/\/www.meydan.tv\/az\/#\/schema\/person\/10d11eccf6da3662cf5fdab9806ea91a"},"headline":"Zeyn\u0259b S\u00fcleymani: Axmaq Tramp atam\u0131n \u015f\u0259hidliyi il\u0259 h\u0259r \u015feyin sonunun g\u0259ldiyini d\u00fc\u015f\u00fcnm\u00fcr","datePublished":"2020-01-06T13:16:56+00:00","mainEntityOfPage":{"@id":"https:\/\/www.meydan.tv\/az\/article\/zeyneb-suleymani-axmaq-tramp-atamin-sehidliyi-ile-her-seyin-sonunun-geldiyini-dusunmur\/"},"wordCount":637,"publisher":{"@id":"https:\/\/www.meydan.tv\/az\/#organization"},"image":{"@id":"https:\/\/www.meydan.tv\/az\/article\/zeyneb-suleymani-axmaq-tramp-atamin-sehidliyi-ile-her-seyin-sonunun-geldiyini-dusunmur\/#primaryimage"},"thumbnailUrl":"https:\/\/www.meydan.tv\/wp-content\/uploads\/24320.jpg","articleSection":["D\u00fcnya"],"inLanguage":"az"},{"@type":"WebPage","@id":"https:\/\/www.meydan.tv\/az\/article\/zeyneb-suleymani-axmaq-tramp-atamin-sehidliyi-ile-her-seyin-sonunun-geldiyini-dusunmur\/","url":"https:\/\/www.meydan.tv\/az\/article\/zeyneb-suleymani-axmaq-tramp-atamin-sehidliyi-ile-her-seyin-sonunun-geldiyini-dusunmur\/","name":"Zeyn\u0259b S\u00fcleymani: Axmaq Tramp atam\u0131n \u015f\u0259hidliyi il\u0259 h\u0259r \u015feyin sonunun g\u0259ldiyini d\u00fc\u015f\u00fcnm\u00fcr - MEYDAN.TV","isPartOf":{"@id":"https:\/\/www.meydan.tv\/az\/#website"},"primaryImageOfPage":{"@id":"https:\/\/www.meydan.tv\/az\/article\/zeyneb-suleymani-axmaq-tramp-atamin-sehidliyi-ile-her-seyin-sonunun-geldiyini-dusunmur\/#primaryimage"},"image":{"@id":"https:\/\/www.meydan.tv\/az\/article\/zeyneb-suleymani-axmaq-tramp-atamin-sehidliyi-ile-her-seyin-sonunun-geldiyini-dusunmur\/#primaryimage"},"thumbnailUrl":"https:\/\/www.meydan.tv\/wp-content\/uploads\/24320.jpg","datePublished":"2020-01-06T13:16:56+00:00","breadcrumb":{"@id":"https:\/\/www.meydan.tv\/az\/article\/zeyneb-suleymani-axmaq-tramp-atamin-sehidliyi-ile-her-seyin-sonunun-geldiyini-dusunmur\/#breadcrumb"},"inLanguage":"az","potentialAction":[{"@type":"ReadAction","target":["https:\/\/www.meydan.tv\/az\/article\/zeyneb-suleymani-axmaq-tramp-atamin-sehidliyi-ile-her-seyin-sonunun-geldiyini-dusunmur\/"]}]},{"@type":"ImageObject","inLanguage":"az","@id":"https:\/\/www.meydan.tv\/az\/article\/zeyneb-suleymani-axmaq-tramp-atamin-sehidliyi-ile-her-seyin-sonunun-geldiyini-dusunmur\/#primaryimage","url":"https:\/\/www.meydan.tv\/wp-content\/uploads\/24320.jpg","contentUrl":"https:\/\/www.meydan.tv\/wp-content\/uploads\/24320.jpg","width":1180,"height":842,"caption":"Source:"},{"@type":"BreadcrumbList","@id":"https:\/\/www.meydan.tv\/az\/article\/zeyneb-suleymani-axmaq-tramp-atamin-sehidliyi-ile-her-seyin-sonunun-geldiyini-dusunmur\/#breadcrumb","itemListElement":[{"@type":"ListItem","position":1,"name":"Ana s\u0259hif\u0259","item":"https:\/\/www.meydan.tv\/az\/"},{"@type":"ListItem","position":2,"name":"D\u00fcnya","item":"https:\/\/www.meydan.tv\/az\/section\/dunya\/"},{"@type":"ListItem","position":3,"name":"Zeyn\u0259b S\u00fcleymani: Axmaq Tramp atam\u0131n \u015f\u0259hidliyi il\u0259 h\u0259r \u015feyin sonunun g\u0259ldiyini d\u00fc\u015f\u00fcnm\u00fcr"}]},{"@type":"WebSite","@id":"https:\/\/www.meydan.tv\/az\/#website","url":"https:\/\/www.meydan.tv\/az\/","name":"MEYDAN.TV","description":"Meydan TV Az\u0259rbaycan\u0131n media m\u0259kan\u0131ndak\u0131 alternativ s\u0259sidir","publisher":{"@id":"https:\/\/www.meydan.tv\/az\/#organization"},"potentialAction":[{"@type":"SearchAction","target":{"@type":"EntryPoint","urlTemplate":"https:\/\/www.meydan.tv\/az\/?s={search_term_string}"},"query-input":{"@type":"PropertyValueSpecification","valueRequired":true,"valueName":"search_term_string"}}],"inLanguage":"az"},{"@type":"Organization","@id":"https:\/\/www.meydan.tv\/az\/#organization","name":"Meydan TV","url":"https:\/\/www.meydan.tv\/az\/","logo":{"@type":"ImageObject","inLanguage":"az","@id":"https:\/\/www.meydan.tv\/az\/#\/schema\/logo\/image\/","url":"https:\/\/www.meydan.tv\/wp-content\/uploads\/2021\/07\/meydan-logo.svg","contentUrl":"https:\/\/www.meydan.tv\/wp-content\/uploads\/2021\/07\/meydan-logo.svg","width":195,"height":46,"caption":"Meydan TV"},"image":{"@id":"https:\/\/www.meydan.tv\/az\/#\/schema\/logo\/image\/"}},{"@type":"Person","@id":"https:\/\/www.meydan.tv\/az\/#\/schema\/person\/10d11eccf6da3662cf5fdab9806ea91a","name":"user-manager"}]}},"_links":{"self":[{"href":"https:\/\/www.meydan.tv\/az\/wp-json\/wp\/v2\/posts\/198650","targetHints":{"allow":["GET"]}}],"collection":[{"href":"https:\/\/www.meydan.tv\/az\/wp-json\/wp\/v2\/posts"}],"about":[{"href":"https:\/\/www.meydan.tv\/az\/wp-json\/wp\/v2\/types\/post"}],"author":[{"embeddable":true,"href":"https:\/\/www.meydan.tv\/az\/wp-json\/wp\/v2\/users\/11"}],"replies":[{"embeddable":true,"href":"https:\/\/www.meydan.tv\/az\/wp-json\/wp\/v2\/comments?post=198650"}],"version-history":[{"count":0,"href":"https:\/\/www.meydan.tv\/az\/wp-json\/wp\/v2\/posts\/198650\/revisions"}],"wp:featuredmedia":[{"embeddable":true,"href":"https:\/\/www.meydan.tv\/az\/wp-json\/wp\/v2\/media\/63796"}],"wp:attachment":[{"href":"https:\/\/www.meydan.tv\/az\/wp-json\/wp\/v2\/media?parent=198650"}],"wp:term":[{"taxonomy":"category","embeddable":true,"href":"https:\/\/www.meydan.tv\/az\/wp-json\/wp\/v2\/categories?post=198650"},{"taxonomy":"post_tag","embeddable":true,"href":"https:\/\/www.meydan.tv\/az\/wp-json\/wp\/v2\/tags?post=198650"}],"curies":[{"name":"wp","href":"https:\/\/api.w.org\/{rel}","templated":true}]}}