{"id":198638,"date":"2020-01-04T18:31:26","date_gmt":"2020-01-04T18:31:26","guid":{"rendered":"https:\/\/www.meydan.tv\/article\/vetendas-bu-saxtali-gunlerde-colde-yatsa-da-olar-teki-memurun-istiraheti-pozulmasin\/"},"modified":"2020-01-04T18:31:26","modified_gmt":"2020-01-04T18:31:26","slug":"vetendas-bu-saxtali-gunlerde-colde-yatsa-da-olar-teki-memurun-istiraheti-pozulmasin","status":"publish","type":"post","link":"https:\/\/www.meydan.tv\/az\/article\/vetendas-bu-saxtali-gunlerde-colde-yatsa-da-olar-teki-memurun-istiraheti-pozulmasin\/","title":{"rendered":"\u201cV\u0259t\u0259nda\u015f bu \u015faxtal\u0131 g\u00fcnl\u0259rd\u0259 \u00e7\u00f6ld\u0259 yatsa da olar, t\u0259ki m\u0259murun istirah\u0259ti pozulmas\u0131n\u201d"},"content":{"rendered":"<p>\n  <i><br \/>\n    Evi yanan k\u00f6\u00e7k\u00fcn he\u00e7 kimin onlara k\u00f6m\u0259k etm\u0259diyini deyir<br \/>\n  <\/i>\n<\/p>\n<p>\n  2020-ci il yanvar\u0131n 1-d\u0259n 2-n\u0259 ke\u00e7\u0259n gec\u0259 Ming\u0259\u00e7evird\u0259 be\u015fm\u0259rt\u0259b\u0259li yataqxanan\u0131n be\u015finci m\u0259rt\u0259b\u0259sind\u0259 yan\u011f\u0131n olub. K\u0259lb\u0259c\u0259rd\u0259n m\u0259cburi k\u00f6\u00e7k\u00fcn olan G\u00fclxan\u0131m K\u0259rimovan\u0131n m\u0259skunla\u015fd\u0131\u011f\u0131 12 kvadrat metrlik otaqdak\u0131 yan\u011f\u0131n q\u0131saqapanmadan ba\u015flay\u0131b. N\u0259tic\u0259d\u0259 otaqda n\u0259 varsa, yan\u0131b k\u00fcl olub.\n<\/p>\n<p>\n  G.K\u0259rimova deyir ki, \u00fc\u00e7 g\u00fcnd\u00fcr ki, qohum-qon\u015fu evind\u0259 qal\u0131r. Yan\u011f\u0131n zaman\u0131 olan-qalan pulu da yand\u0131\u011f\u0131na g\u00f6r\u0259 \u00e7ar\u0259siz duruma d\u00fc\u015f\u00fcb, he\u00e7 bir add\u0131m ata bilmir. Ona g\u00f6r\u0259 d\u0259 yard\u0131m \u00fc\u00e7\u00fcn s\u0259lahiyy\u0259tli \u015f\u0259xsl\u0259r\u0259 \u00fcz tutub. Meydan TV-y\u0259 bildirdiyin\u0259 g\u00f6r\u0259, h\u0259m K\u0259lb\u0259c\u0259rin, h\u0259m d\u0259 Ming\u0259\u00e7evirin icra hakimiyy\u0259tl\u0259rin\u0259 m\u00fcraci\u0259t edib.\n<\/p>\n<p>\n  G.K\u0259rimovan\u0131n s\u00f6zl\u0259rin\u0259 g\u00f6r\u0259, icra hakimiyy\u0259tl\u0259ri onun durumundan x\u0259b\u0259rdar olsalar da, he\u00e7 birind\u0259n g\u0259lib maraqlanan olmay\u0131b.\n<\/p>\n<p>\n  \u201c\u0130cra ba\u015f\u00e7\u0131s\u0131n\u0131n h\u0259tta birinci m\u00fcavinin\u0259 d\u0259 z\u0259ng el\u0259mi\u015f\u0259m. K\u0259lb\u0259c\u0259r Rayon \u0130cra Hakimiyy\u0259tinin i\u015f\u00e7isi m\u0259n\u0259 deyir ki, \u201cbayram qurtars\u0131n, probleminizl\u0259 maraqlanar\u0131q\u201d. \u00c7ar\u0259siz v\u0259ziyy\u0259td\u0259 olan v\u0259t\u0259nda\u015fa qar\u015f\u0131 bel\u0259 m\u00fcnasib\u0259t n\u0259 dem\u0259kdir? Bel\u0259 \u00e7\u0131x\u0131r ki, v\u0259t\u0259nda\u015f bu \u015faxtal\u0131 g\u00fcnl\u0259rd\u0259 \u00e7\u00f6ld\u0259 yatsa da olar, t\u0259ki m\u0259murun istirah\u0259ti pozulmas\u0131n. Birc\u0259 Zar k\u0259nd icra n\u00fcmay\u0259nd\u0259si maraqlan\u0131b. Onun da k\u00f6m\u0259k el\u0259m\u0259k imkan\u0131 yoxdur\u201d, &#8211; m\u0259cburi k\u00f6\u00e7k\u00fcn bel\u0259 deyir.\n<\/p>\n<p>\n  G.K\u0259rimova bildirir ki, a\u011f\u0131r v\u0259ziyy\u0259td\u0259 oldu\u011funa g\u00f6r\u0259 prezident\u0259 m\u0259ktub yaz\u0131b, yard\u0131m ist\u0259yib.\n<\/p>\n<p>\n  \u201cC\u0259nab prezident, bir h\u0259ft\u0259 m\u0259murlar bayram edir dey\u0259, m\u0259n k\u00fc\u00e7\u0259d\u0259 qal\u0131m?\u201d, &#8211; bu da m\u0259cburi k\u00f6\u00e7k\u00fcn\u00fcn prezident\u0259 m\u0259ktubundand\u0131r.\n<\/p>\n<p>\n  Yanvar\u0131n 7-n\u0259 q\u0259d\u0259r Az\u0259rbaycanda qeyri-i\u015f g\u00fcn\u00fc oldu\u011fundan G.K\u0259rimovan\u0131n \u015fikay\u0259tin\u0259 K\u0259lb\u0259c\u0259r v\u0259 Ming\u0259\u00e7evir icra hakimiyy\u0259tl\u0259rind\u0259n m\u00fcnasib\u0259t \u00f6yr\u0259nm\u0259k m\u00fcmk\u00fcn olmay\u0131b.\n<\/p>\n<figure class=\"wp-block-image size-large\">\n  <img decoding=\"async\" src=\"https:\/\/www.meydan.tv\/az\/20200104_182250-1-jpg\/\" alt=\"20200104_182250 (1).jpg\" class=\"wp-image-135406\"\/><figcaption>\n    G.K\u0259rimova deyir ki, \u00fc\u00e7 g\u00fcnd\u00fcr ki, qohum-qon\u015fu evind\u0259 qal\u0131r.<br \/>\n  <\/figcaption><\/figure>\n","protected":false},"excerpt":{"rendered":"<p>&#8220;K\u0259lb\u0259c\u0259r Rayon \u0130cra Hakimiyy\u0259tinin i\u015f\u00e7isi m\u0259n\u0259 deyir ki, \u201cbayram qurtars\u0131n, probleminizl\u0259 maraqlanar\u0131q\u201d&#8221;<\/p>\n","protected":false},"author":11,"featured_media":135411,"comment_status":"closed","ping_status":"open","sticky":false,"template":"","format":"standard","meta":{"_acf_changed":false,"_sitemap_exclude":false,"_sitemap_priority":"","_sitemap_frequency":"","footnotes":""},"categories":[60],"tags":[],"class_list":["post-198638","post","type-post","status-publish","format-standard","has-post-thumbnail","hentry","category-bolge","infinite-scroll-item","generate-columns","tablet-grid-50","mobile-grid-100","grid-parent","grid-33","no-featured-image-padding"],"acf":[],"yoast_head":"<!-- This site is optimized with the Yoast SEO plugin v27.5 - https:\/\/yoast.com\/product\/yoast-seo-wordpress\/ -->\n<title>\u201cV\u0259t\u0259nda\u015f bu \u015faxtal\u0131 g\u00fcnl\u0259rd\u0259 \u00e7\u00f6ld\u0259 yatsa da olar, t\u0259ki m\u0259murun istirah\u0259ti pozulmas\u0131n\u201d - MEYDAN.TV<\/title>\n<meta name=\"robots\" content=\"index, follow, max-snippet:-1, max-image-preview:large, max-video-preview:-1\" \/>\n<link rel=\"canonical\" href=\"https:\/\/www.meydan.tv\/az\/article\/vetendas-bu-saxtali-gunlerde-colde-yatsa-da-olar-teki-memurun-istiraheti-pozulmasin\/\" \/>\n<meta property=\"og:locale\" content=\"az_AZ\" \/>\n<meta property=\"og:type\" content=\"article\" \/>\n<meta property=\"og:title\" content=\"\u201cV\u0259t\u0259nda\u015f bu \u015faxtal\u0131 g\u00fcnl\u0259rd\u0259 \u00e7\u00f6ld\u0259 yatsa da olar, t\u0259ki m\u0259murun istirah\u0259ti pozulmas\u0131n\u201d - MEYDAN.TV\" \/>\n<meta property=\"og:description\" content=\"&quot;K\u0259lb\u0259c\u0259r Rayon \u0130cra Hakimiyy\u0259tinin i\u015f\u00e7isi m\u0259n\u0259 deyir ki, \u201cbayram qurtars\u0131n, probleminizl\u0259 maraqlanar\u0131q\u201d&quot;\" \/>\n<meta property=\"og:url\" content=\"https:\/\/www.meydan.tv\/az\/article\/vetendas-bu-saxtali-gunlerde-colde-yatsa-da-olar-teki-memurun-istiraheti-pozulmasin\/\" \/>\n<meta property=\"og:site_name\" content=\"MEYDAN.TV\" \/>\n<meta property=\"article:published_time\" content=\"2020-01-04T18:31:26+00:00\" \/>\n<meta property=\"og:image\" content=\"https:\/\/www.meydan.tv\/wp-content\/uploads\/20200104_182400.jpg\" \/>\n\t<meta property=\"og:image:width\" content=\"1080\" \/>\n\t<meta property=\"og:image:height\" content=\"810\" \/>\n\t<meta property=\"og:image:type\" content=\"image\/jpeg\" \/>\n<meta name=\"author\" content=\"user-manager\" \/>\n<meta name=\"twitter:card\" content=\"summary_large_image\" \/>\n<script type=\"application\/ld+json\" class=\"yoast-schema-graph\">{\"@context\":\"https:\\\/\\\/schema.org\",\"@graph\":[{\"@type\":\"Article\",\"@id\":\"https:\\\/\\\/www.meydan.tv\\\/az\\\/article\\\/vetendas-bu-saxtali-gunlerde-colde-yatsa-da-olar-teki-memurun-istiraheti-pozulmasin\\\/#article\",\"isPartOf\":{\"@id\":\"https:\\\/\\\/www.meydan.tv\\\/az\\\/article\\\/vetendas-bu-saxtali-gunlerde-colde-yatsa-da-olar-teki-memurun-istiraheti-pozulmasin\\\/\"},\"author\":{\"name\":\"user-manager\",\"@id\":\"https:\\\/\\\/www.meydan.tv\\\/az\\\/#\\\/schema\\\/person\\\/10d11eccf6da3662cf5fdab9806ea91a\"},\"headline\":\"\u201cV\u0259t\u0259nda\u015f bu \u015faxtal\u0131 g\u00fcnl\u0259rd\u0259 \u00e7\u00f6ld\u0259 yatsa da olar, t\u0259ki m\u0259murun istirah\u0259ti pozulmas\u0131n\u201d\",\"datePublished\":\"2020-01-04T18:31:26+00:00\",\"mainEntityOfPage\":{\"@id\":\"https:\\\/\\\/www.meydan.tv\\\/az\\\/article\\\/vetendas-bu-saxtali-gunlerde-colde-yatsa-da-olar-teki-memurun-istiraheti-pozulmasin\\\/\"},\"wordCount\":420,\"publisher\":{\"@id\":\"https:\\\/\\\/www.meydan.tv\\\/az\\\/#organization\"},\"image\":{\"@id\":\"https:\\\/\\\/www.meydan.tv\\\/az\\\/article\\\/vetendas-bu-saxtali-gunlerde-colde-yatsa-da-olar-teki-memurun-istiraheti-pozulmasin\\\/#primaryimage\"},\"thumbnailUrl\":\"https:\\\/\\\/www.meydan.tv\\\/wp-content\\\/uploads\\\/20200104_182400.jpg\",\"articleSection\":[\"B\u00f6lg\u0259\"],\"inLanguage\":\"az\"},{\"@type\":\"WebPage\",\"@id\":\"https:\\\/\\\/www.meydan.tv\\\/az\\\/article\\\/vetendas-bu-saxtali-gunlerde-colde-yatsa-da-olar-teki-memurun-istiraheti-pozulmasin\\\/\",\"url\":\"https:\\\/\\\/www.meydan.tv\\\/az\\\/article\\\/vetendas-bu-saxtali-gunlerde-colde-yatsa-da-olar-teki-memurun-istiraheti-pozulmasin\\\/\",\"name\":\"\u201cV\u0259t\u0259nda\u015f bu \u015faxtal\u0131 g\u00fcnl\u0259rd\u0259 \u00e7\u00f6ld\u0259 yatsa da olar, t\u0259ki m\u0259murun istirah\u0259ti pozulmas\u0131n\u201d - MEYDAN.TV\",\"isPartOf\":{\"@id\":\"https:\\\/\\\/www.meydan.tv\\\/az\\\/#website\"},\"primaryImageOfPage\":{\"@id\":\"https:\\\/\\\/www.meydan.tv\\\/az\\\/article\\\/vetendas-bu-saxtali-gunlerde-colde-yatsa-da-olar-teki-memurun-istiraheti-pozulmasin\\\/#primaryimage\"},\"image\":{\"@id\":\"https:\\\/\\\/www.meydan.tv\\\/az\\\/article\\\/vetendas-bu-saxtali-gunlerde-colde-yatsa-da-olar-teki-memurun-istiraheti-pozulmasin\\\/#primaryimage\"},\"thumbnailUrl\":\"https:\\\/\\\/www.meydan.tv\\\/wp-content\\\/uploads\\\/20200104_182400.jpg\",\"datePublished\":\"2020-01-04T18:31:26+00:00\",\"breadcrumb\":{\"@id\":\"https:\\\/\\\/www.meydan.tv\\\/az\\\/article\\\/vetendas-bu-saxtali-gunlerde-colde-yatsa-da-olar-teki-memurun-istiraheti-pozulmasin\\\/#breadcrumb\"},\"inLanguage\":\"az\",\"potentialAction\":[{\"@type\":\"ReadAction\",\"target\":[\"https:\\\/\\\/www.meydan.tv\\\/az\\\/article\\\/vetendas-bu-saxtali-gunlerde-colde-yatsa-da-olar-teki-memurun-istiraheti-pozulmasin\\\/\"]}]},{\"@type\":\"ImageObject\",\"inLanguage\":\"az\",\"@id\":\"https:\\\/\\\/www.meydan.tv\\\/az\\\/article\\\/vetendas-bu-saxtali-gunlerde-colde-yatsa-da-olar-teki-memurun-istiraheti-pozulmasin\\\/#primaryimage\",\"url\":\"https:\\\/\\\/www.meydan.tv\\\/wp-content\\\/uploads\\\/20200104_182400.jpg\",\"contentUrl\":\"https:\\\/\\\/www.meydan.tv\\\/wp-content\\\/uploads\\\/20200104_182400.jpg\",\"width\":1080,\"height\":810,\"caption\":\"Source: Specify Source\"},{\"@type\":\"BreadcrumbList\",\"@id\":\"https:\\\/\\\/www.meydan.tv\\\/az\\\/article\\\/vetendas-bu-saxtali-gunlerde-colde-yatsa-da-olar-teki-memurun-istiraheti-pozulmasin\\\/#breadcrumb\",\"itemListElement\":[{\"@type\":\"ListItem\",\"position\":1,\"name\":\"Ana s\u0259hif\u0259\",\"item\":\"https:\\\/\\\/www.meydan.tv\\\/az\\\/\"},{\"@type\":\"ListItem\",\"position\":2,\"name\":\"B\u00f6lg\u0259\",\"item\":\"https:\\\/\\\/www.meydan.tv\\\/az\\\/section\\\/bolge\\\/\"},{\"@type\":\"ListItem\",\"position\":3,\"name\":\"\u201cV\u0259t\u0259nda\u015f bu \u015faxtal\u0131 g\u00fcnl\u0259rd\u0259 \u00e7\u00f6ld\u0259 yatsa da olar, t\u0259ki m\u0259murun istirah\u0259ti pozulmas\u0131n\u201d\"}]},{\"@type\":\"WebSite\",\"@id\":\"https:\\\/\\\/www.meydan.tv\\\/az\\\/#website\",\"url\":\"https:\\\/\\\/www.meydan.tv\\\/az\\\/\",\"name\":\"MEYDAN.TV\",\"description\":\"Meydan TV Az\u0259rbaycan\u0131n media m\u0259kan\u0131ndak\u0131 alternativ s\u0259sidir\",\"publisher\":{\"@id\":\"https:\\\/\\\/www.meydan.tv\\\/az\\\/#organization\"},\"potentialAction\":[{\"@type\":\"SearchAction\",\"target\":{\"@type\":\"EntryPoint\",\"urlTemplate\":\"https:\\\/\\\/www.meydan.tv\\\/az\\\/?s={search_term_string}\"},\"query-input\":{\"@type\":\"PropertyValueSpecification\",\"valueRequired\":true,\"valueName\":\"search_term_string\"}}],\"inLanguage\":\"az\"},{\"@type\":\"Organization\",\"@id\":\"https:\\\/\\\/www.meydan.tv\\\/az\\\/#organization\",\"name\":\"Meydan TV\",\"url\":\"https:\\\/\\\/www.meydan.tv\\\/az\\\/\",\"logo\":{\"@type\":\"ImageObject\",\"inLanguage\":\"az\",\"@id\":\"https:\\\/\\\/www.meydan.tv\\\/az\\\/#\\\/schema\\\/logo\\\/image\\\/\",\"url\":\"https:\\\/\\\/www.meydan.tv\\\/wp-content\\\/uploads\\\/2021\\\/07\\\/meydan-logo.svg\",\"contentUrl\":\"https:\\\/\\\/www.meydan.tv\\\/wp-content\\\/uploads\\\/2021\\\/07\\\/meydan-logo.svg\",\"width\":195,\"height\":46,\"caption\":\"Meydan TV\"},\"image\":{\"@id\":\"https:\\\/\\\/www.meydan.tv\\\/az\\\/#\\\/schema\\\/logo\\\/image\\\/\"}},{\"@type\":\"Person\",\"@id\":\"https:\\\/\\\/www.meydan.tv\\\/az\\\/#\\\/schema\\\/person\\\/10d11eccf6da3662cf5fdab9806ea91a\",\"name\":\"user-manager\"}]}<\/script>\n<!-- \/ Yoast SEO plugin. -->","yoast_head_json":{"title":"\u201cV\u0259t\u0259nda\u015f bu \u015faxtal\u0131 g\u00fcnl\u0259rd\u0259 \u00e7\u00f6ld\u0259 yatsa da olar, t\u0259ki m\u0259murun istirah\u0259ti pozulmas\u0131n\u201d - MEYDAN.TV","robots":{"index":"index","follow":"follow","max-snippet":"max-snippet:-1","max-image-preview":"max-image-preview:large","max-video-preview":"max-video-preview:-1"},"canonical":"https:\/\/www.meydan.tv\/az\/article\/vetendas-bu-saxtali-gunlerde-colde-yatsa-da-olar-teki-memurun-istiraheti-pozulmasin\/","og_locale":"az_AZ","og_type":"article","og_title":"\u201cV\u0259t\u0259nda\u015f bu \u015faxtal\u0131 g\u00fcnl\u0259rd\u0259 \u00e7\u00f6ld\u0259 yatsa da olar, t\u0259ki m\u0259murun istirah\u0259ti pozulmas\u0131n\u201d - MEYDAN.TV","og_description":"\"K\u0259lb\u0259c\u0259r Rayon \u0130cra Hakimiyy\u0259tinin i\u015f\u00e7isi m\u0259n\u0259 deyir ki, \u201cbayram qurtars\u0131n, probleminizl\u0259 maraqlanar\u0131q\u201d\"","og_url":"https:\/\/www.meydan.tv\/az\/article\/vetendas-bu-saxtali-gunlerde-colde-yatsa-da-olar-teki-memurun-istiraheti-pozulmasin\/","og_site_name":"MEYDAN.TV","article_published_time":"2020-01-04T18:31:26+00:00","og_image":[{"width":1080,"height":810,"url":"https:\/\/www.meydan.tv\/wp-content\/uploads\/20200104_182400.jpg","type":"image\/jpeg"}],"author":"user-manager","twitter_card":"summary_large_image","schema":{"@context":"https:\/\/schema.org","@graph":[{"@type":"Article","@id":"https:\/\/www.meydan.tv\/az\/article\/vetendas-bu-saxtali-gunlerde-colde-yatsa-da-olar-teki-memurun-istiraheti-pozulmasin\/#article","isPartOf":{"@id":"https:\/\/www.meydan.tv\/az\/article\/vetendas-bu-saxtali-gunlerde-colde-yatsa-da-olar-teki-memurun-istiraheti-pozulmasin\/"},"author":{"name":"user-manager","@id":"https:\/\/www.meydan.tv\/az\/#\/schema\/person\/10d11eccf6da3662cf5fdab9806ea91a"},"headline":"\u201cV\u0259t\u0259nda\u015f bu \u015faxtal\u0131 g\u00fcnl\u0259rd\u0259 \u00e7\u00f6ld\u0259 yatsa da olar, t\u0259ki m\u0259murun istirah\u0259ti pozulmas\u0131n\u201d","datePublished":"2020-01-04T18:31:26+00:00","mainEntityOfPage":{"@id":"https:\/\/www.meydan.tv\/az\/article\/vetendas-bu-saxtali-gunlerde-colde-yatsa-da-olar-teki-memurun-istiraheti-pozulmasin\/"},"wordCount":420,"publisher":{"@id":"https:\/\/www.meydan.tv\/az\/#organization"},"image":{"@id":"https:\/\/www.meydan.tv\/az\/article\/vetendas-bu-saxtali-gunlerde-colde-yatsa-da-olar-teki-memurun-istiraheti-pozulmasin\/#primaryimage"},"thumbnailUrl":"https:\/\/www.meydan.tv\/wp-content\/uploads\/20200104_182400.jpg","articleSection":["B\u00f6lg\u0259"],"inLanguage":"az"},{"@type":"WebPage","@id":"https:\/\/www.meydan.tv\/az\/article\/vetendas-bu-saxtali-gunlerde-colde-yatsa-da-olar-teki-memurun-istiraheti-pozulmasin\/","url":"https:\/\/www.meydan.tv\/az\/article\/vetendas-bu-saxtali-gunlerde-colde-yatsa-da-olar-teki-memurun-istiraheti-pozulmasin\/","name":"\u201cV\u0259t\u0259nda\u015f bu \u015faxtal\u0131 g\u00fcnl\u0259rd\u0259 \u00e7\u00f6ld\u0259 yatsa da olar, t\u0259ki m\u0259murun istirah\u0259ti pozulmas\u0131n\u201d - MEYDAN.TV","isPartOf":{"@id":"https:\/\/www.meydan.tv\/az\/#website"},"primaryImageOfPage":{"@id":"https:\/\/www.meydan.tv\/az\/article\/vetendas-bu-saxtali-gunlerde-colde-yatsa-da-olar-teki-memurun-istiraheti-pozulmasin\/#primaryimage"},"image":{"@id":"https:\/\/www.meydan.tv\/az\/article\/vetendas-bu-saxtali-gunlerde-colde-yatsa-da-olar-teki-memurun-istiraheti-pozulmasin\/#primaryimage"},"thumbnailUrl":"https:\/\/www.meydan.tv\/wp-content\/uploads\/20200104_182400.jpg","datePublished":"2020-01-04T18:31:26+00:00","breadcrumb":{"@id":"https:\/\/www.meydan.tv\/az\/article\/vetendas-bu-saxtali-gunlerde-colde-yatsa-da-olar-teki-memurun-istiraheti-pozulmasin\/#breadcrumb"},"inLanguage":"az","potentialAction":[{"@type":"ReadAction","target":["https:\/\/www.meydan.tv\/az\/article\/vetendas-bu-saxtali-gunlerde-colde-yatsa-da-olar-teki-memurun-istiraheti-pozulmasin\/"]}]},{"@type":"ImageObject","inLanguage":"az","@id":"https:\/\/www.meydan.tv\/az\/article\/vetendas-bu-saxtali-gunlerde-colde-yatsa-da-olar-teki-memurun-istiraheti-pozulmasin\/#primaryimage","url":"https:\/\/www.meydan.tv\/wp-content\/uploads\/20200104_182400.jpg","contentUrl":"https:\/\/www.meydan.tv\/wp-content\/uploads\/20200104_182400.jpg","width":1080,"height":810,"caption":"Source: Specify Source"},{"@type":"BreadcrumbList","@id":"https:\/\/www.meydan.tv\/az\/article\/vetendas-bu-saxtali-gunlerde-colde-yatsa-da-olar-teki-memurun-istiraheti-pozulmasin\/#breadcrumb","itemListElement":[{"@type":"ListItem","position":1,"name":"Ana s\u0259hif\u0259","item":"https:\/\/www.meydan.tv\/az\/"},{"@type":"ListItem","position":2,"name":"B\u00f6lg\u0259","item":"https:\/\/www.meydan.tv\/az\/section\/bolge\/"},{"@type":"ListItem","position":3,"name":"\u201cV\u0259t\u0259nda\u015f bu \u015faxtal\u0131 g\u00fcnl\u0259rd\u0259 \u00e7\u00f6ld\u0259 yatsa da olar, t\u0259ki m\u0259murun istirah\u0259ti pozulmas\u0131n\u201d"}]},{"@type":"WebSite","@id":"https:\/\/www.meydan.tv\/az\/#website","url":"https:\/\/www.meydan.tv\/az\/","name":"MEYDAN.TV","description":"Meydan TV Az\u0259rbaycan\u0131n media m\u0259kan\u0131ndak\u0131 alternativ s\u0259sidir","publisher":{"@id":"https:\/\/www.meydan.tv\/az\/#organization"},"potentialAction":[{"@type":"SearchAction","target":{"@type":"EntryPoint","urlTemplate":"https:\/\/www.meydan.tv\/az\/?s={search_term_string}"},"query-input":{"@type":"PropertyValueSpecification","valueRequired":true,"valueName":"search_term_string"}}],"inLanguage":"az"},{"@type":"Organization","@id":"https:\/\/www.meydan.tv\/az\/#organization","name":"Meydan TV","url":"https:\/\/www.meydan.tv\/az\/","logo":{"@type":"ImageObject","inLanguage":"az","@id":"https:\/\/www.meydan.tv\/az\/#\/schema\/logo\/image\/","url":"https:\/\/www.meydan.tv\/wp-content\/uploads\/2021\/07\/meydan-logo.svg","contentUrl":"https:\/\/www.meydan.tv\/wp-content\/uploads\/2021\/07\/meydan-logo.svg","width":195,"height":46,"caption":"Meydan TV"},"image":{"@id":"https:\/\/www.meydan.tv\/az\/#\/schema\/logo\/image\/"}},{"@type":"Person","@id":"https:\/\/www.meydan.tv\/az\/#\/schema\/person\/10d11eccf6da3662cf5fdab9806ea91a","name":"user-manager"}]}},"_links":{"self":[{"href":"https:\/\/www.meydan.tv\/az\/wp-json\/wp\/v2\/posts\/198638","targetHints":{"allow":["GET"]}}],"collection":[{"href":"https:\/\/www.meydan.tv\/az\/wp-json\/wp\/v2\/posts"}],"about":[{"href":"https:\/\/www.meydan.tv\/az\/wp-json\/wp\/v2\/types\/post"}],"author":[{"embeddable":true,"href":"https:\/\/www.meydan.tv\/az\/wp-json\/wp\/v2\/users\/11"}],"replies":[{"embeddable":true,"href":"https:\/\/www.meydan.tv\/az\/wp-json\/wp\/v2\/comments?post=198638"}],"version-history":[{"count":0,"href":"https:\/\/www.meydan.tv\/az\/wp-json\/wp\/v2\/posts\/198638\/revisions"}],"wp:featuredmedia":[{"embeddable":true,"href":"https:\/\/www.meydan.tv\/az\/wp-json\/wp\/v2\/media\/135411"}],"wp:attachment":[{"href":"https:\/\/www.meydan.tv\/az\/wp-json\/wp\/v2\/media?parent=198638"}],"wp:term":[{"taxonomy":"category","embeddable":true,"href":"https:\/\/www.meydan.tv\/az\/wp-json\/wp\/v2\/categories?post=198638"},{"taxonomy":"post_tag","embeddable":true,"href":"https:\/\/www.meydan.tv\/az\/wp-json\/wp\/v2\/tags?post=198638"}],"curies":[{"name":"wp","href":"https:\/\/api.w.org\/{rel}","templated":true}]}}