{"id":198631,"date":"2020-01-03T12:03:43","date_gmt":"2020-01-03T12:03:43","guid":{"rendered":"https:\/\/www.meydan.tv\/article\/xameneyi-vasinqtondan-qisas-alacagiq\/"},"modified":"2020-01-03T12:03:43","modified_gmt":"2020-01-03T12:03:43","slug":"xameneyi-vasinqtondan-qisas-alacagiq","status":"publish","type":"post","link":"https:\/\/www.meydan.tv\/az\/article\/xameneyi-vasinqtondan-qisas-alacagiq\/","title":{"rendered":"Xameneyi: Va\u015finqtondan qisas alaca\u011f\u0131q"},"content":{"rendered":"<p>\n  <i><br \/>\n    \u201c\u018fll\u0259rind\u0259 \u015f\u0259hidl\u0259rin qan\u0131 olanlar\u0131 s\u0259rt qisas g\u00f6zl\u0259yir\u201d<br \/>\n  <\/i>\n<\/p>\n<p>\n  \u0130ran\u0131n Ali lideri Ay\u0259tullah Seyid \u018fli Xameneyi general Qasim S\u00fcleymaninin \u00f6ld\u00fcr\u00fclm\u0259sin\u0259 g\u00f6r\u0259 Va\u015finqtondan qisas alacaqlar\u0131n\u0131 b\u0259yan edib.\n<\/p>\n<p>\n  \u201c\u018fll\u0259rind\u0259 S\u00fcleymaninin v\u0259 dig\u0259r \u015f\u0259hidl\u0259rin qan\u0131 olanlar\u0131 s\u0259rt qisas g\u00f6zl\u0259yir\u201d, &#8211; Xameneyi bel\u0259 deyib.\n<\/p>\n<p>\n  M\u0259lumat\u0131 Rusiyan\u0131n<br \/>\n  <a href=\"https:\/\/www.pravda.ru\/news\/world\/1464075-iran\/\"><br \/>\n    pravda.ru<br \/>\n  <\/a><br \/>\n  sayt\u0131 yay\u0131b.\n<\/p>\n<p>\n  Qasim S\u00fcleymani \u0130slam \u0130nqilab\u0131 Ke\u015fik\u00e7il\u0259ri Korpusunun Q\u00fcds x\u00fcsusi t\u0259yinatl\u0131 q\u00fcvv\u0259l\u0259rinin ba\u015f\u00e7\u0131s\u0131 olub. Yanvar\u0131n 3-d\u0259 Ba\u011fdad Hava Liman\u0131n\u0131n raket z\u0259rb\u0259l\u0259rin\u0259 m\u0259ruz qalmas\u0131 n\u0259tic\u0259sind\u0259 o v\u0259 \u0130ran\u0131n himay\u0259darl\u0131q etdiyi Xalq S\u0259f\u0259rb\u0259rlik Q\u00fcvv\u0259l\u0259rinin (XSQ) komandan m\u00fcavini \u018fbu Mehdi \u0259l-M\u00fch\u0259ndisi \u00f6l\u00fcb.\n<\/p>\n<p>\n  <a href=\"https:\/\/military.pravda.ru\/news\/1464060-pentagon\/\"><br \/>\n    Pentaqon<br \/>\n  <\/a><br \/>\n  Qasim S\u00fcleymaninin q\u0259tli x\u0259b\u0259rini t\u0259sdiq edib. General\u0131n \u00f6l\u00fcm\u00fcn\u0259 s\u0259b\u0259b olan raket z\u0259rb\u0259sinin Prezident Donald Tramp\u0131n \u0259mri il\u0259 endirildiyini b\u0259yan edib.\n<\/p>\n<p>\n  Bu \u0259r\u0259f\u0259d\u0259<br \/>\n  <a href=\"https:\/\/az.trend.az\/other\/world\/3172619.html\"><br \/>\n    AB\u015e D\u00f6vl\u0259t Departamenti<br \/>\n  <\/a><br \/>\n  v\u0259t\u0259nda\u015flar\u0131na \u0130raq\u0131 d\u0259rhal t\u0259rk etm\u0259l\u0259ri il\u0259 ba\u011fl\u0131 \u00e7a\u011f\u0131r\u0131\u015f edib.\n<\/p>\n<p>\n  Birl\u0259\u015fmi\u015f Mill\u0259tl\u0259r T\u0259\u015fkilat\u0131n\u0131n (BMT) \u0130nsan h\u00fcquqlar\u0131 ali komissarl\u0131\u011f\u0131 ofisinin n\u00fcmay\u0259nd\u0259si v\u0259 m\u0259hk\u0259m\u0259siz icra olunan edamlar \u00fczr\u0259 x\u00fcsusi m\u0259ruz\u0259\u00e7isi Aqnes Kallamar general\u0131n q\u0259tlini qanunsuz adland\u0131r\u0131b.\n<\/p>\n<p>\n  &quot;Qasim S\u00fcleymani v\u0259 \u018fbu Mehdi \u018fl-M\u00fch\u0259ndisin m\u0259qs\u0259dy\u00f6nl\u00fc q\u0259tli beyn\u0259lxalq humanitar h\u00fcququ pozur\u201d, &#8211; Aqnes Kallamar bel\u0259 deyib.\n<\/p>\n<p>\n  <a href=\"https:\/\/www.pravda.ru\/news\/world\/1464098-zayavlenie_mid\/\"><br \/>\n    Rusiya Xarici \u0130\u015fl\u0259r Nazirliy<br \/>\n  <\/a><br \/>\n  i iranl\u0131 general\u0131n \u00f6ld\u00fcr\u00fclm\u0259si il\u0259 \u0259laq\u0259dar \u0130ran xalq\u0131na ba\u015fsa\u011fl\u0131\u011f\u0131 verib. Bildirib ki, general S\u00fcleymaninin \u00f6ld\u00fcr\u00fclm\u0259si regionda g\u0259rginliyin artmas\u0131na g\u0259tirib \u00e7\u0131xaracaq avant\u00fcrist add\u0131md\u0131r:\n<\/p>\n<p>\n  \u201cQasim S\u00fcleymani \u0130ran\u0131n milli maraqlar\u0131n\u0131n qorunmas\u0131na s\u0259daq\u0259tl\u0259 xidm\u0259t edirdi\u201d.\n<\/p>\n<p>\n  \u0130ran xarici i\u015fl\u04d9r naziri<br \/>\n  <a href=\"https:\/\/az.trend.az\/other\/world\/3172526.html\"><br \/>\n    M\u04d9h\u04d9mm\u04d9d Cavad Z\u04d9rif<br \/>\n  <\/a><br \/>\n  \u201cTwitter\u201d s\u04d9hif\u04d9sind\u04d9 yaz\u0131b ki, general S\u00fcleymaninin q\u04d9tli t\u04d9hl\u00fck\u04d9li v\u0259 t\u04d9hrikedici add\u0131md\u0131r. AB\u015e \u00f6z h\u04d9r\u04d9k\u04d9tl\u04d9rinin m\u04d9nfi n\u04d9tic\u04d9l\u04d9rinin \u015fahidi olacaq.\n<\/p>\n<p>\n  \u0130srailin Ba\u015f Naziri Binyamin Netanyahu is\u0259 Yunan\u0131stana s\u0259f\u0259rini t\u0259xir\u0259 sal\u0131b. S\u0259b\u0259b general\u0131n q\u0259tlidir.\n<\/p>\n<figure class=\"wp-block-image size-large\">\n  <img decoding=\"async\" src=\"https:\/\/www.meydan.tv\/az\/kasem-jpg\/\" alt=\"kasem.jpg\" class=\"wp-image-135373\"\/><figcaption>\n    Qasim S\u00fcleymani<br \/>\n  <\/figcaption><\/figure>\n<p>\n  Qasim S\u00fcleymani 1957-ci ild\u0259 \u0130ran \u0130slam Respublikas\u0131n\u0131n Kirman ostan\u0131n\u0131n Rabor \u015f\u0259hristan\u0131nda Qanadi Malik k\u0259ndind\u0259 yoxsul k\u0259ndli ail\u0259sind\u0259 anadan olub. 1975-ci ild\u0259 Kirman Su \u0130dar\u0259sind\u0259 podrat\u00e7\u0131 olaraq i\u015f\u0259 ba\u015flay\u0131b. G\u0259ncliyind\u0259 Ay\u0259tullah Xomeyninin s\u0259yah\u0259t ed\u0259n ard\u0131c\u0131llar\u0131ndan olan H\u00f6cc\u0259t Kamyab adl\u0131 t\u0259bli\u011fat\u00e7\u0131s\u0131n\u0131n x\u00fctb\u0259l\u0259rin\u0259 qat\u0131l\u0131b.\n<\/p>\n<p>\n  Karyeras\u0131n\u0131n ba\u015flan\u011f\u0131c\u0131nda o, ke\u015fik\u00e7i v\u0259zif\u0259sind\u0259 \u0130ran\u0131n \u015fimal-q\u0259rbin\u0259 g\u00f6nd\u0259rilib. Q\u0259rbi Az\u0259rbaycan ostan\u0131nda k\u00fcrd separat\u00e7\u0131 \u00fcsyan\u0131n\u0131n yat\u0131r\u0131lmas\u0131nda i\u015ftirak edib. O, h\u0259m\u00e7inin \u0130ran-\u0130raq m\u00fcharib\u0259sind\u0259 d\u0259 i\u015ftirak edib.<\/p>\n","protected":false},"excerpt":{"rendered":"<p>\u201cQasim S\u00fcleymani \u0130ran\u0131n milli maraqlar\u0131n\u0131n qorunmas\u0131na s\u0259daq\u0259tl\u0259 xidm\u0259t edirdi\u201d.<\/p>\n","protected":false},"author":11,"featured_media":135370,"comment_status":"closed","ping_status":"open","sticky":false,"template":"","format":"standard","meta":{"_acf_changed":false,"_sitemap_exclude":false,"_sitemap_priority":"","_sitemap_frequency":"","footnotes":""},"categories":[64],"tags":[],"class_list":["post-198631","post","type-post","status-publish","format-standard","has-post-thumbnail","hentry","category-dunya","infinite-scroll-item","generate-columns","tablet-grid-50","mobile-grid-100","grid-parent","grid-33","no-featured-image-padding"],"acf":[],"yoast_head":"<!-- This site is optimized with the Yoast SEO plugin v27.5 - https:\/\/yoast.com\/product\/yoast-seo-wordpress\/ -->\n<title>Xameneyi: Va\u015finqtondan qisas alaca\u011f\u0131q - MEYDAN.TV<\/title>\n<meta name=\"robots\" content=\"index, follow, max-snippet:-1, max-image-preview:large, max-video-preview:-1\" \/>\n<link rel=\"canonical\" href=\"https:\/\/www.meydan.tv\/az\/article\/xameneyi-vasinqtondan-qisas-alacagiq\/\" \/>\n<meta property=\"og:locale\" content=\"az_AZ\" \/>\n<meta property=\"og:type\" content=\"article\" \/>\n<meta property=\"og:title\" content=\"Xameneyi: Va\u015finqtondan qisas alaca\u011f\u0131q - MEYDAN.TV\" \/>\n<meta property=\"og:description\" content=\"\u201cQasim S\u00fcleymani \u0130ran\u0131n milli maraqlar\u0131n\u0131n qorunmas\u0131na s\u0259daq\u0259tl\u0259 xidm\u0259t edirdi\u201d.\" \/>\n<meta property=\"og:url\" content=\"https:\/\/www.meydan.tv\/az\/article\/xameneyi-vasinqtondan-qisas-alacagiq\/\" \/>\n<meta property=\"og:site_name\" content=\"MEYDAN.TV\" \/>\n<meta property=\"article:published_time\" content=\"2020-01-03T12:03:43+00:00\" \/>\n<meta property=\"og:image\" content=\"https:\/\/www.meydan.tv\/wp-content\/uploads\/xamneyi-qasim.jpg\" \/>\n\t<meta property=\"og:image:width\" content=\"1023\" \/>\n\t<meta property=\"og:image:height\" content=\"575\" \/>\n\t<meta property=\"og:image:type\" content=\"image\/jpeg\" \/>\n<meta name=\"author\" content=\"user-manager\" \/>\n<meta name=\"twitter:card\" content=\"summary_large_image\" \/>\n<script type=\"application\/ld+json\" class=\"yoast-schema-graph\">{\"@context\":\"https:\\\/\\\/schema.org\",\"@graph\":[{\"@type\":\"Article\",\"@id\":\"https:\\\/\\\/www.meydan.tv\\\/az\\\/article\\\/xameneyi-vasinqtondan-qisas-alacagiq\\\/#article\",\"isPartOf\":{\"@id\":\"https:\\\/\\\/www.meydan.tv\\\/az\\\/article\\\/xameneyi-vasinqtondan-qisas-alacagiq\\\/\"},\"author\":{\"name\":\"user-manager\",\"@id\":\"https:\\\/\\\/www.meydan.tv\\\/az\\\/#\\\/schema\\\/person\\\/10d11eccf6da3662cf5fdab9806ea91a\"},\"headline\":\"Xameneyi: Va\u015finqtondan qisas alaca\u011f\u0131q\",\"datePublished\":\"2020-01-03T12:03:43+00:00\",\"mainEntityOfPage\":{\"@id\":\"https:\\\/\\\/www.meydan.tv\\\/az\\\/article\\\/xameneyi-vasinqtondan-qisas-alacagiq\\\/\"},\"wordCount\":543,\"publisher\":{\"@id\":\"https:\\\/\\\/www.meydan.tv\\\/az\\\/#organization\"},\"image\":{\"@id\":\"https:\\\/\\\/www.meydan.tv\\\/az\\\/article\\\/xameneyi-vasinqtondan-qisas-alacagiq\\\/#primaryimage\"},\"thumbnailUrl\":\"https:\\\/\\\/www.meydan.tv\\\/wp-content\\\/uploads\\\/xamneyi-qasim.jpg\",\"articleSection\":[\"D\u00fcnya\"],\"inLanguage\":\"az\"},{\"@type\":\"WebPage\",\"@id\":\"https:\\\/\\\/www.meydan.tv\\\/az\\\/article\\\/xameneyi-vasinqtondan-qisas-alacagiq\\\/\",\"url\":\"https:\\\/\\\/www.meydan.tv\\\/az\\\/article\\\/xameneyi-vasinqtondan-qisas-alacagiq\\\/\",\"name\":\"Xameneyi: Va\u015finqtondan qisas alaca\u011f\u0131q - MEYDAN.TV\",\"isPartOf\":{\"@id\":\"https:\\\/\\\/www.meydan.tv\\\/az\\\/#website\"},\"primaryImageOfPage\":{\"@id\":\"https:\\\/\\\/www.meydan.tv\\\/az\\\/article\\\/xameneyi-vasinqtondan-qisas-alacagiq\\\/#primaryimage\"},\"image\":{\"@id\":\"https:\\\/\\\/www.meydan.tv\\\/az\\\/article\\\/xameneyi-vasinqtondan-qisas-alacagiq\\\/#primaryimage\"},\"thumbnailUrl\":\"https:\\\/\\\/www.meydan.tv\\\/wp-content\\\/uploads\\\/xamneyi-qasim.jpg\",\"datePublished\":\"2020-01-03T12:03:43+00:00\",\"breadcrumb\":{\"@id\":\"https:\\\/\\\/www.meydan.tv\\\/az\\\/article\\\/xameneyi-vasinqtondan-qisas-alacagiq\\\/#breadcrumb\"},\"inLanguage\":\"az\",\"potentialAction\":[{\"@type\":\"ReadAction\",\"target\":[\"https:\\\/\\\/www.meydan.tv\\\/az\\\/article\\\/xameneyi-vasinqtondan-qisas-alacagiq\\\/\"]}]},{\"@type\":\"ImageObject\",\"inLanguage\":\"az\",\"@id\":\"https:\\\/\\\/www.meydan.tv\\\/az\\\/article\\\/xameneyi-vasinqtondan-qisas-alacagiq\\\/#primaryimage\",\"url\":\"https:\\\/\\\/www.meydan.tv\\\/wp-content\\\/uploads\\\/xamneyi-qasim.jpg\",\"contentUrl\":\"https:\\\/\\\/www.meydan.tv\\\/wp-content\\\/uploads\\\/xamneyi-qasim.jpg\",\"width\":1023,\"height\":575,\"caption\":\"Qasim S\u00fcleymani v\u0259 Seyid \u018fli Xameneyi Foto: arxiv\"},{\"@type\":\"BreadcrumbList\",\"@id\":\"https:\\\/\\\/www.meydan.tv\\\/az\\\/article\\\/xameneyi-vasinqtondan-qisas-alacagiq\\\/#breadcrumb\",\"itemListElement\":[{\"@type\":\"ListItem\",\"position\":1,\"name\":\"Ana s\u0259hif\u0259\",\"item\":\"https:\\\/\\\/www.meydan.tv\\\/az\\\/\"},{\"@type\":\"ListItem\",\"position\":2,\"name\":\"D\u00fcnya\",\"item\":\"https:\\\/\\\/www.meydan.tv\\\/az\\\/section\\\/dunya\\\/\"},{\"@type\":\"ListItem\",\"position\":3,\"name\":\"Xameneyi: Va\u015finqtondan qisas alaca\u011f\u0131q\"}]},{\"@type\":\"WebSite\",\"@id\":\"https:\\\/\\\/www.meydan.tv\\\/az\\\/#website\",\"url\":\"https:\\\/\\\/www.meydan.tv\\\/az\\\/\",\"name\":\"MEYDAN.TV\",\"description\":\"Meydan TV Az\u0259rbaycan\u0131n media m\u0259kan\u0131ndak\u0131 alternativ s\u0259sidir\",\"publisher\":{\"@id\":\"https:\\\/\\\/www.meydan.tv\\\/az\\\/#organization\"},\"potentialAction\":[{\"@type\":\"SearchAction\",\"target\":{\"@type\":\"EntryPoint\",\"urlTemplate\":\"https:\\\/\\\/www.meydan.tv\\\/az\\\/?s={search_term_string}\"},\"query-input\":{\"@type\":\"PropertyValueSpecification\",\"valueRequired\":true,\"valueName\":\"search_term_string\"}}],\"inLanguage\":\"az\"},{\"@type\":\"Organization\",\"@id\":\"https:\\\/\\\/www.meydan.tv\\\/az\\\/#organization\",\"name\":\"Meydan TV\",\"url\":\"https:\\\/\\\/www.meydan.tv\\\/az\\\/\",\"logo\":{\"@type\":\"ImageObject\",\"inLanguage\":\"az\",\"@id\":\"https:\\\/\\\/www.meydan.tv\\\/az\\\/#\\\/schema\\\/logo\\\/image\\\/\",\"url\":\"https:\\\/\\\/www.meydan.tv\\\/wp-content\\\/uploads\\\/2021\\\/07\\\/meydan-logo.svg\",\"contentUrl\":\"https:\\\/\\\/www.meydan.tv\\\/wp-content\\\/uploads\\\/2021\\\/07\\\/meydan-logo.svg\",\"width\":195,\"height\":46,\"caption\":\"Meydan TV\"},\"image\":{\"@id\":\"https:\\\/\\\/www.meydan.tv\\\/az\\\/#\\\/schema\\\/logo\\\/image\\\/\"}},{\"@type\":\"Person\",\"@id\":\"https:\\\/\\\/www.meydan.tv\\\/az\\\/#\\\/schema\\\/person\\\/10d11eccf6da3662cf5fdab9806ea91a\",\"name\":\"user-manager\"}]}<\/script>\n<!-- \/ Yoast SEO plugin. -->","yoast_head_json":{"title":"Xameneyi: Va\u015finqtondan qisas alaca\u011f\u0131q - MEYDAN.TV","robots":{"index":"index","follow":"follow","max-snippet":"max-snippet:-1","max-image-preview":"max-image-preview:large","max-video-preview":"max-video-preview:-1"},"canonical":"https:\/\/www.meydan.tv\/az\/article\/xameneyi-vasinqtondan-qisas-alacagiq\/","og_locale":"az_AZ","og_type":"article","og_title":"Xameneyi: Va\u015finqtondan qisas alaca\u011f\u0131q - MEYDAN.TV","og_description":"\u201cQasim S\u00fcleymani \u0130ran\u0131n milli maraqlar\u0131n\u0131n qorunmas\u0131na s\u0259daq\u0259tl\u0259 xidm\u0259t edirdi\u201d.","og_url":"https:\/\/www.meydan.tv\/az\/article\/xameneyi-vasinqtondan-qisas-alacagiq\/","og_site_name":"MEYDAN.TV","article_published_time":"2020-01-03T12:03:43+00:00","og_image":[{"width":1023,"height":575,"url":"https:\/\/www.meydan.tv\/wp-content\/uploads\/xamneyi-qasim.jpg","type":"image\/jpeg"}],"author":"user-manager","twitter_card":"summary_large_image","schema":{"@context":"https:\/\/schema.org","@graph":[{"@type":"Article","@id":"https:\/\/www.meydan.tv\/az\/article\/xameneyi-vasinqtondan-qisas-alacagiq\/#article","isPartOf":{"@id":"https:\/\/www.meydan.tv\/az\/article\/xameneyi-vasinqtondan-qisas-alacagiq\/"},"author":{"name":"user-manager","@id":"https:\/\/www.meydan.tv\/az\/#\/schema\/person\/10d11eccf6da3662cf5fdab9806ea91a"},"headline":"Xameneyi: Va\u015finqtondan qisas alaca\u011f\u0131q","datePublished":"2020-01-03T12:03:43+00:00","mainEntityOfPage":{"@id":"https:\/\/www.meydan.tv\/az\/article\/xameneyi-vasinqtondan-qisas-alacagiq\/"},"wordCount":543,"publisher":{"@id":"https:\/\/www.meydan.tv\/az\/#organization"},"image":{"@id":"https:\/\/www.meydan.tv\/az\/article\/xameneyi-vasinqtondan-qisas-alacagiq\/#primaryimage"},"thumbnailUrl":"https:\/\/www.meydan.tv\/wp-content\/uploads\/xamneyi-qasim.jpg","articleSection":["D\u00fcnya"],"inLanguage":"az"},{"@type":"WebPage","@id":"https:\/\/www.meydan.tv\/az\/article\/xameneyi-vasinqtondan-qisas-alacagiq\/","url":"https:\/\/www.meydan.tv\/az\/article\/xameneyi-vasinqtondan-qisas-alacagiq\/","name":"Xameneyi: Va\u015finqtondan qisas alaca\u011f\u0131q - MEYDAN.TV","isPartOf":{"@id":"https:\/\/www.meydan.tv\/az\/#website"},"primaryImageOfPage":{"@id":"https:\/\/www.meydan.tv\/az\/article\/xameneyi-vasinqtondan-qisas-alacagiq\/#primaryimage"},"image":{"@id":"https:\/\/www.meydan.tv\/az\/article\/xameneyi-vasinqtondan-qisas-alacagiq\/#primaryimage"},"thumbnailUrl":"https:\/\/www.meydan.tv\/wp-content\/uploads\/xamneyi-qasim.jpg","datePublished":"2020-01-03T12:03:43+00:00","breadcrumb":{"@id":"https:\/\/www.meydan.tv\/az\/article\/xameneyi-vasinqtondan-qisas-alacagiq\/#breadcrumb"},"inLanguage":"az","potentialAction":[{"@type":"ReadAction","target":["https:\/\/www.meydan.tv\/az\/article\/xameneyi-vasinqtondan-qisas-alacagiq\/"]}]},{"@type":"ImageObject","inLanguage":"az","@id":"https:\/\/www.meydan.tv\/az\/article\/xameneyi-vasinqtondan-qisas-alacagiq\/#primaryimage","url":"https:\/\/www.meydan.tv\/wp-content\/uploads\/xamneyi-qasim.jpg","contentUrl":"https:\/\/www.meydan.tv\/wp-content\/uploads\/xamneyi-qasim.jpg","width":1023,"height":575,"caption":"Qasim S\u00fcleymani v\u0259 Seyid \u018fli Xameneyi Foto: arxiv"},{"@type":"BreadcrumbList","@id":"https:\/\/www.meydan.tv\/az\/article\/xameneyi-vasinqtondan-qisas-alacagiq\/#breadcrumb","itemListElement":[{"@type":"ListItem","position":1,"name":"Ana s\u0259hif\u0259","item":"https:\/\/www.meydan.tv\/az\/"},{"@type":"ListItem","position":2,"name":"D\u00fcnya","item":"https:\/\/www.meydan.tv\/az\/section\/dunya\/"},{"@type":"ListItem","position":3,"name":"Xameneyi: Va\u015finqtondan qisas alaca\u011f\u0131q"}]},{"@type":"WebSite","@id":"https:\/\/www.meydan.tv\/az\/#website","url":"https:\/\/www.meydan.tv\/az\/","name":"MEYDAN.TV","description":"Meydan TV Az\u0259rbaycan\u0131n media m\u0259kan\u0131ndak\u0131 alternativ s\u0259sidir","publisher":{"@id":"https:\/\/www.meydan.tv\/az\/#organization"},"potentialAction":[{"@type":"SearchAction","target":{"@type":"EntryPoint","urlTemplate":"https:\/\/www.meydan.tv\/az\/?s={search_term_string}"},"query-input":{"@type":"PropertyValueSpecification","valueRequired":true,"valueName":"search_term_string"}}],"inLanguage":"az"},{"@type":"Organization","@id":"https:\/\/www.meydan.tv\/az\/#organization","name":"Meydan TV","url":"https:\/\/www.meydan.tv\/az\/","logo":{"@type":"ImageObject","inLanguage":"az","@id":"https:\/\/www.meydan.tv\/az\/#\/schema\/logo\/image\/","url":"https:\/\/www.meydan.tv\/wp-content\/uploads\/2021\/07\/meydan-logo.svg","contentUrl":"https:\/\/www.meydan.tv\/wp-content\/uploads\/2021\/07\/meydan-logo.svg","width":195,"height":46,"caption":"Meydan TV"},"image":{"@id":"https:\/\/www.meydan.tv\/az\/#\/schema\/logo\/image\/"}},{"@type":"Person","@id":"https:\/\/www.meydan.tv\/az\/#\/schema\/person\/10d11eccf6da3662cf5fdab9806ea91a","name":"user-manager"}]}},"_links":{"self":[{"href":"https:\/\/www.meydan.tv\/az\/wp-json\/wp\/v2\/posts\/198631","targetHints":{"allow":["GET"]}}],"collection":[{"href":"https:\/\/www.meydan.tv\/az\/wp-json\/wp\/v2\/posts"}],"about":[{"href":"https:\/\/www.meydan.tv\/az\/wp-json\/wp\/v2\/types\/post"}],"author":[{"embeddable":true,"href":"https:\/\/www.meydan.tv\/az\/wp-json\/wp\/v2\/users\/11"}],"replies":[{"embeddable":true,"href":"https:\/\/www.meydan.tv\/az\/wp-json\/wp\/v2\/comments?post=198631"}],"version-history":[{"count":0,"href":"https:\/\/www.meydan.tv\/az\/wp-json\/wp\/v2\/posts\/198631\/revisions"}],"wp:featuredmedia":[{"embeddable":true,"href":"https:\/\/www.meydan.tv\/az\/wp-json\/wp\/v2\/media\/135370"}],"wp:attachment":[{"href":"https:\/\/www.meydan.tv\/az\/wp-json\/wp\/v2\/media?parent=198631"}],"wp:term":[{"taxonomy":"category","embeddable":true,"href":"https:\/\/www.meydan.tv\/az\/wp-json\/wp\/v2\/categories?post=198631"},{"taxonomy":"post_tag","embeddable":true,"href":"https:\/\/www.meydan.tv\/az\/wp-json\/wp\/v2\/tags?post=198631"}],"curies":[{"name":"wp","href":"https:\/\/api.w.org\/{rel}","templated":true}]}}