{"id":198629,"date":"2020-01-03T11:38:19","date_gmt":"2020-01-03T11:38:19","guid":{"rendered":"https:\/\/www.meydan.tv\/article\/erdogan-250000-suriyalinin-turkiyeye-qacdigini-deyib\/"},"modified":"2020-01-03T11:38:19","modified_gmt":"2020-01-03T11:38:19","slug":"erdogan-250000-suriyalinin-turkiyeye-qacdigini-deyib","status":"publish","type":"post","link":"https:\/\/www.meydan.tv\/az\/article\/erdogan-250000-suriyalinin-turkiyeye-qacdigini-deyib\/","title":{"rendered":"\u018frdo\u011fan 250.000 suriyal\u0131n\u0131n T\u00fcrkiy\u0259y\u0259 qa\u00e7d\u0131\u011f\u0131n\u0131 deyib"},"content":{"rendered":"<p>\n  <i><br \/>\n    Rusiya v\u0259 Suriya h\u00f6kum\u0259t q\u00fcvv\u0259l\u0259ri t\u0259r\u0259find\u0259n bir ne\u00e7\u0259 h\u0259ft\u0259 davam ed\u0259n bombardmanlardan sonra 250.000-\u0259 yax\u0131n suriyal\u0131 T\u00fcrkiy\u0259y\u0259 qa\u00e7\u0131b.<br \/>\n  <\/i>\n<\/p>\n<p>\n  T\u00fcrkiy\u0259 Prezidenti R\u0259c\u0259b Tayyib \u018frdo\u011fan bel\u0259 deyib. O, suriyal\u0131lar\u0131n Suriyan\u0131n \u015fimal-q\u0259rb-\u0130dlib b\u00f6lg\u0259sind\u0259n T\u00fcrkiy\u0259y\u0259 qa\u00e7d\u0131\u011f\u0131n\u0131 s\u00f6yl\u0259yib.\n<\/p>\n<p>\n  Reuters x\u0259b\u0259r verir.\n<\/p>\n<p>\n  T\u00fcrkiy\u0259 art\u0131q d\u00fcnyan\u0131n \u0259n b\u00f6y\u00fck qa\u00e7q\u0131n \u0259halisi olan \u00f6lk\u0259dir. 3,7 milyon suriyal\u0131ya ev sahibliyi edir. \u018frdo\u011fan deyib ki, T\u00fcrkiy\u0259 yeni bir dal\u011fan\u0131n s\u0259rh\u0259ddi ke\u00e7m\u0259m\u0259si \u00fc\u00e7\u00fcn add\u0131mlar at\u0131r.\n<\/p>\n<p>\n  Q\u0131\u015f\u0131n g\u0259li\u015fiyl\u0259 k\u0259skinl\u0259\u015f\u0259n Suriya b\u00f6hran\u0131 il\u0259 \u0259laq\u0259dar Birl\u0259\u015fmi\u015f Mill\u0259tl\u0259r T\u0259\u015fkilat\u0131 (BMT) bazar ert\u0259si g\u00fcn\u00fcnd\u0259n etibar\u0259n 284.000 insan\u0131n evl\u0259rini t\u0259rk etdiyini deyib. Doqquz illik v\u0259t\u0259nda\u015f m\u00fcharib\u0259sind\u0259n sonra \u00fcsyan\u00e7\u0131lar\u0131n \u0259lind\u0259 qalm\u0131\u015f \u0130dlibd\u0259 3 milyona q\u0259d\u0259r insan ya\u015fay\u0131r.\n<\/p>\n<p>\n  Bu bar\u0259d\u0259 \u018frdo\u011fan Ankaradak\u0131 konfransda da deyib. \u201cHaz\u0131rda 200.000 &#8211; 250.000 miqrant s\u0259rh\u0259dl\u0259rimiz\u0259 do\u011fru ir\u0259lil\u0259yir\u201d \u2013 dey\u0259, o bildirib.\n<\/p>\n<p>\n  \u201cBiz b\u0259zi t\u0259dbirl\u0259rl\u0259 onlar\u0131n qar\u015f\u0131s\u0131n\u0131 alma\u011fa \u00e7al\u0131\u015f\u0131r\u0131q, amma bu asan deyil. \u00c7\u0259tindir, onlar da insand\u0131rlar\u201d, &#8211; \u018frdo\u011fan \u0259lav\u0259 edib.\n<\/p>\n<p>\n  Ke\u00e7\u0259n ilin sentyabr\u0131nda T\u00fcrkiy\u0259, Rusiya v\u0259 \u0130ran liderl\u0259rinin g\u0259rginliyi azaltmaq \u00fc\u00e7\u00fcn raz\u0131l\u0131\u011fa g\u0259lm\u0259l\u0259rin\u0259 baxmayaraq, ke\u00e7\u0259n ayk\u0131 h\u00fccumdan b\u0259ri \u015f\u0259h\u0259rl\u0259r v\u0259 k\u0259ndl\u0259r Rusiya t\u0259yyar\u0259l\u0259ri v\u0259 Suriya artilleriyalar\u0131 t\u0259r\u0259find\u0259n z\u0259bt edilib.\n<\/p>\n<p>\n  Suriya ordusu qa\u00e7q\u0131n ail\u0259l\u0259rin ya\u015fad\u0131\u011f\u0131 s\u0131\u011f\u0131nacaqlar\u0131 raketl\u0259 vurduqdan sonra be\u015f u\u015faq da daxil olmaqla \u0259n az\u0131 s\u0259kkiz n\u0259f\u0259r \u00f6ld\u00fcr\u00fcl\u00fcb.\n<\/p>\n<p>\n  Birl\u0259\u015fmi\u015f Mill\u0259tl\u0259r T\u0259\u015fkilat\u0131n\u0131n Humanitar M\u0259s\u0259l\u0259l\u0259ri Koordinasiya Ofisi (OCHA) hesabat\u0131nda qeyd edir ki, Maarat \u0259l-Numan \u015f\u0259h\u0259ri v\u0259 \u0259traf k\u0259ndl\u0259r \u201cdem\u0259k olar ki, bo\u015fal\u0131b\u201d.\n<\/p>\n<p>\n  \u201cQ\u0131\u015fda yerd\u0259yi\u015fm\u0259 m\u00fcnaqi\u015f\u0259d\u0259n t\u0259sirl\u0259n\u0259nl\u0259rin h\u0259ssasiyy\u0259tini daha da art\u0131r\u0131r. Qa\u00e7anlar\u0131n \u00e7oxu t\u0259cili olaraq humanitar, x\u00fcsusil\u0259 s\u0131\u011f\u0131nacaq, \u0259rzaq, s\u0259hiyy\u0259, qeyri-\u0259rzaq v\u0259 q\u0131\u015flama yard\u0131m\u0131na ehtiyac duyur&quot;, &#8211; hesabatda deyilir.\n<\/p>\n<p>\n  Hesabatda h\u0259m\u00e7inin vur\u011fulan\u0131r ki, dekabrda k\u00f6\u00e7k\u00fcnl\u0259rin \u0259ks\u0259riyy\u0259ti T\u00fcrkiy\u0259y\u0259, \u0130dlibin \u015fimal\u0131ndak\u0131 dig\u0259r hiss\u0259l\u0259r\u0259 v\u0259 ya Suriyan\u0131n \u015fimal\u0131ndak\u0131 T\u00fcrkiy\u0259nin \u0259vv\u0259lki s\u0259rh\u0259d \u0259m\u0259liyyatlar\u0131 zaman\u0131 \u0259l\u0259 ke\u00e7irdikl\u0259ri Afrin v\u0259 \u018fl-Bab kimi b\u00f6lg\u0259l\u0259r\u0259 qa\u00e7\u0131blar.\n<\/p>\n<p>\n  Rusiya v\u0259 \u0130ran\u0131n d\u0259st\u0259kl\u0259diyi Suriya Prezidenti B\u0259\u015f\u0259r \u018fs\u0259d \u0130dlibi geri g\u00f6t\u00fcrm\u0259yi qar\u015f\u0131s\u0131na m\u0259qs\u0259d qoyub. T\u00fcrkiy\u0259 ill\u0259rdir \u018fs\u0259di devirm\u0259k \u00fc\u00e7\u00fcn d\u00f6y\u00fc\u015f\u0259n suriyal\u0131 \u00fcsyan\u00e7\u0131lara d\u0259st\u0259k verir.\n<\/p>\n<p>\n  \u018frdo\u011fan ke\u00e7\u0259n ay \u00f6lk\u0259sinin Suriyadan g\u0259l\u0259n yeni miqrant dal\u011fas\u0131n\u0131 h\u0259ll ed\u0259 bilm\u0259diyini s\u00f6yl\u0259y\u0259r\u0259k, Avropaya bombardmanlar\u0131 dayand\u0131r\u0131lmad\u0131\u011f\u0131 t\u0259qdird\u0259 bel\u0259 bir ax\u0131n\u0131n\u0131n t\u0259sirini qit\u0259nin d\u0259 hiss ed\u0259c\u0259yi il\u0259 ba\u011fl\u0131 x\u0259b\u0259rdarl\u0131q edib.\n<\/p>\n<p>\n  Moskva v\u0259 D\u0259m\u0259\u015fq m\u00fclki \u0259razil\u0259ri qeyri-qanuni \u015f\u0259kild\u0259 bombalamaq iddialar\u0131n\u0131 r\u0259dd edir v\u0259 deyirl\u0259r ki, onlara m\u0259xsus q\u00fcvv\u0259l\u0259r \u018fl Qaid\u0259 islam\u00e7\u0131lar\u0131 il\u0259 m\u00fcbariz\u0259 apar\u0131r. Bununla yana\u015f\u0131, onlar\u0131n Suriyada ir\u0259lil\u0259m\u0259si b\u00f6lg\u0259d\u0259 12 h\u0259rbi postu olan T\u00fcrkiy\u0259y\u0259 d\u0259 t\u0259zyiq edir.\n<\/p>\n<p>\n  \u00c7\u0259r\u015f\u0259nb\u0259 ax\u015fam\u0131 T\u00fcrkiy\u0259nin m\u00fcdafi\u0259 naziri Hulusi Akar Ankaran\u0131n \u0130dlibd\u0259ki m\u00fc\u015fahid\u0259 postlar\u0131n\u0131n bo\u015fald\u0131lmas\u0131n\u0131n m\u00fcmk\u00fcn olmad\u0131\u011f\u0131n\u0131 bildirib.<\/p>\n","protected":false},"excerpt":{"rendered":"<p>Suriya ordusu qa\u00e7q\u0131n ail\u0259l\u0259rin ya\u015fad\u0131\u011f\u0131 s\u0131\u011f\u0131nacaqlar\u0131 raketl\u0259 vurduqdan sonra be\u015f u\u015faq da daxil olmaqla \u0259n az\u0131 s\u0259kkiz n\u0259f\u0259r \u00f6ld\u00fcr\u00fcl\u00fcb.<\/p>\n","protected":false},"author":11,"featured_media":119681,"comment_status":"closed","ping_status":"open","sticky":false,"template":"","format":"standard","meta":{"_acf_changed":false,"_sitemap_exclude":false,"_sitemap_priority":"","_sitemap_frequency":"","footnotes":""},"categories":[64],"tags":[],"class_list":["post-198629","post","type-post","status-publish","format-standard","has-post-thumbnail","hentry","category-dunya","infinite-scroll-item","generate-columns","tablet-grid-50","mobile-grid-100","grid-parent","grid-33","no-featured-image-padding"],"acf":[],"yoast_head":"<!-- This site is optimized with the Yoast SEO plugin v27.5 - https:\/\/yoast.com\/product\/yoast-seo-wordpress\/ -->\n<title>\u018frdo\u011fan 250.000 suriyal\u0131n\u0131n T\u00fcrkiy\u0259y\u0259 qa\u00e7d\u0131\u011f\u0131n\u0131 deyib - MEYDAN.TV<\/title>\n<meta name=\"robots\" content=\"index, follow, max-snippet:-1, max-image-preview:large, max-video-preview:-1\" \/>\n<link rel=\"canonical\" href=\"https:\/\/www.meydan.tv\/az\/article\/erdogan-250000-suriyalinin-turkiyeye-qacdigini-deyib\/\" \/>\n<meta property=\"og:locale\" content=\"az_AZ\" \/>\n<meta property=\"og:type\" content=\"article\" \/>\n<meta property=\"og:title\" content=\"\u018frdo\u011fan 250.000 suriyal\u0131n\u0131n T\u00fcrkiy\u0259y\u0259 qa\u00e7d\u0131\u011f\u0131n\u0131 deyib - MEYDAN.TV\" \/>\n<meta property=\"og:description\" content=\"Suriya ordusu qa\u00e7q\u0131n ail\u0259l\u0259rin ya\u015fad\u0131\u011f\u0131 s\u0131\u011f\u0131nacaqlar\u0131 raketl\u0259 vurduqdan sonra be\u015f u\u015faq da daxil olmaqla \u0259n az\u0131 s\u0259kkiz n\u0259f\u0259r \u00f6ld\u00fcr\u00fcl\u00fcb.\" \/>\n<meta property=\"og:url\" content=\"https:\/\/www.meydan.tv\/az\/article\/erdogan-250000-suriyalinin-turkiyeye-qacdigini-deyib\/\" \/>\n<meta property=\"og:site_name\" content=\"MEYDAN.TV\" \/>\n<meta property=\"article:published_time\" content=\"2020-01-03T11:38:19+00:00\" \/>\n<meta property=\"og:image\" content=\"https:\/\/www.meydan.tv\/wp-content\/uploads\/download.jpeg\" \/>\n\t<meta property=\"og:image:width\" content=\"2290\" \/>\n\t<meta property=\"og:image:height\" content=\"1322\" \/>\n\t<meta property=\"og:image:type\" content=\"image\/jpeg\" \/>\n<meta name=\"author\" content=\"user-manager\" \/>\n<meta name=\"twitter:card\" content=\"summary_large_image\" \/>\n<script type=\"application\/ld+json\" class=\"yoast-schema-graph\">{\"@context\":\"https:\\\/\\\/schema.org\",\"@graph\":[{\"@type\":\"Article\",\"@id\":\"https:\\\/\\\/www.meydan.tv\\\/az\\\/article\\\/erdogan-250000-suriyalinin-turkiyeye-qacdigini-deyib\\\/#article\",\"isPartOf\":{\"@id\":\"https:\\\/\\\/www.meydan.tv\\\/az\\\/article\\\/erdogan-250000-suriyalinin-turkiyeye-qacdigini-deyib\\\/\"},\"author\":{\"name\":\"user-manager\",\"@id\":\"https:\\\/\\\/www.meydan.tv\\\/az\\\/#\\\/schema\\\/person\\\/10d11eccf6da3662cf5fdab9806ea91a\"},\"headline\":\"\u018frdo\u011fan 250.000 suriyal\u0131n\u0131n T\u00fcrkiy\u0259y\u0259 qa\u00e7d\u0131\u011f\u0131n\u0131 deyib\",\"datePublished\":\"2020-01-03T11:38:19+00:00\",\"mainEntityOfPage\":{\"@id\":\"https:\\\/\\\/www.meydan.tv\\\/az\\\/article\\\/erdogan-250000-suriyalinin-turkiyeye-qacdigini-deyib\\\/\"},\"wordCount\":674,\"publisher\":{\"@id\":\"https:\\\/\\\/www.meydan.tv\\\/az\\\/#organization\"},\"image\":{\"@id\":\"https:\\\/\\\/www.meydan.tv\\\/az\\\/article\\\/erdogan-250000-suriyalinin-turkiyeye-qacdigini-deyib\\\/#primaryimage\"},\"thumbnailUrl\":\"https:\\\/\\\/www.meydan.tv\\\/wp-content\\\/uploads\\\/download.jpeg\",\"articleSection\":[\"D\u00fcnya\"],\"inLanguage\":\"az\"},{\"@type\":\"WebPage\",\"@id\":\"https:\\\/\\\/www.meydan.tv\\\/az\\\/article\\\/erdogan-250000-suriyalinin-turkiyeye-qacdigini-deyib\\\/\",\"url\":\"https:\\\/\\\/www.meydan.tv\\\/az\\\/article\\\/erdogan-250000-suriyalinin-turkiyeye-qacdigini-deyib\\\/\",\"name\":\"\u018frdo\u011fan 250.000 suriyal\u0131n\u0131n T\u00fcrkiy\u0259y\u0259 qa\u00e7d\u0131\u011f\u0131n\u0131 deyib - MEYDAN.TV\",\"isPartOf\":{\"@id\":\"https:\\\/\\\/www.meydan.tv\\\/az\\\/#website\"},\"primaryImageOfPage\":{\"@id\":\"https:\\\/\\\/www.meydan.tv\\\/az\\\/article\\\/erdogan-250000-suriyalinin-turkiyeye-qacdigini-deyib\\\/#primaryimage\"},\"image\":{\"@id\":\"https:\\\/\\\/www.meydan.tv\\\/az\\\/article\\\/erdogan-250000-suriyalinin-turkiyeye-qacdigini-deyib\\\/#primaryimage\"},\"thumbnailUrl\":\"https:\\\/\\\/www.meydan.tv\\\/wp-content\\\/uploads\\\/download.jpeg\",\"datePublished\":\"2020-01-03T11:38:19+00:00\",\"breadcrumb\":{\"@id\":\"https:\\\/\\\/www.meydan.tv\\\/az\\\/article\\\/erdogan-250000-suriyalinin-turkiyeye-qacdigini-deyib\\\/#breadcrumb\"},\"inLanguage\":\"az\",\"potentialAction\":[{\"@type\":\"ReadAction\",\"target\":[\"https:\\\/\\\/www.meydan.tv\\\/az\\\/article\\\/erdogan-250000-suriyalinin-turkiyeye-qacdigini-deyib\\\/\"]}]},{\"@type\":\"ImageObject\",\"inLanguage\":\"az\",\"@id\":\"https:\\\/\\\/www.meydan.tv\\\/az\\\/article\\\/erdogan-250000-suriyalinin-turkiyeye-qacdigini-deyib\\\/#primaryimage\",\"url\":\"https:\\\/\\\/www.meydan.tv\\\/wp-content\\\/uploads\\\/download.jpeg\",\"contentUrl\":\"https:\\\/\\\/www.meydan.tv\\\/wp-content\\\/uploads\\\/download.jpeg\",\"width\":2290,\"height\":1322,\"caption\":\"Source: Meydan TV\"},{\"@type\":\"BreadcrumbList\",\"@id\":\"https:\\\/\\\/www.meydan.tv\\\/az\\\/article\\\/erdogan-250000-suriyalinin-turkiyeye-qacdigini-deyib\\\/#breadcrumb\",\"itemListElement\":[{\"@type\":\"ListItem\",\"position\":1,\"name\":\"Ana s\u0259hif\u0259\",\"item\":\"https:\\\/\\\/www.meydan.tv\\\/az\\\/\"},{\"@type\":\"ListItem\",\"position\":2,\"name\":\"D\u00fcnya\",\"item\":\"https:\\\/\\\/www.meydan.tv\\\/az\\\/section\\\/dunya\\\/\"},{\"@type\":\"ListItem\",\"position\":3,\"name\":\"\u018frdo\u011fan 250.000 suriyal\u0131n\u0131n T\u00fcrkiy\u0259y\u0259 qa\u00e7d\u0131\u011f\u0131n\u0131 deyib\"}]},{\"@type\":\"WebSite\",\"@id\":\"https:\\\/\\\/www.meydan.tv\\\/az\\\/#website\",\"url\":\"https:\\\/\\\/www.meydan.tv\\\/az\\\/\",\"name\":\"MEYDAN.TV\",\"description\":\"Meydan TV Az\u0259rbaycan\u0131n media m\u0259kan\u0131ndak\u0131 alternativ s\u0259sidir\",\"publisher\":{\"@id\":\"https:\\\/\\\/www.meydan.tv\\\/az\\\/#organization\"},\"potentialAction\":[{\"@type\":\"SearchAction\",\"target\":{\"@type\":\"EntryPoint\",\"urlTemplate\":\"https:\\\/\\\/www.meydan.tv\\\/az\\\/?s={search_term_string}\"},\"query-input\":{\"@type\":\"PropertyValueSpecification\",\"valueRequired\":true,\"valueName\":\"search_term_string\"}}],\"inLanguage\":\"az\"},{\"@type\":\"Organization\",\"@id\":\"https:\\\/\\\/www.meydan.tv\\\/az\\\/#organization\",\"name\":\"Meydan TV\",\"url\":\"https:\\\/\\\/www.meydan.tv\\\/az\\\/\",\"logo\":{\"@type\":\"ImageObject\",\"inLanguage\":\"az\",\"@id\":\"https:\\\/\\\/www.meydan.tv\\\/az\\\/#\\\/schema\\\/logo\\\/image\\\/\",\"url\":\"https:\\\/\\\/www.meydan.tv\\\/wp-content\\\/uploads\\\/2021\\\/07\\\/meydan-logo.svg\",\"contentUrl\":\"https:\\\/\\\/www.meydan.tv\\\/wp-content\\\/uploads\\\/2021\\\/07\\\/meydan-logo.svg\",\"width\":195,\"height\":46,\"caption\":\"Meydan TV\"},\"image\":{\"@id\":\"https:\\\/\\\/www.meydan.tv\\\/az\\\/#\\\/schema\\\/logo\\\/image\\\/\"}},{\"@type\":\"Person\",\"@id\":\"https:\\\/\\\/www.meydan.tv\\\/az\\\/#\\\/schema\\\/person\\\/10d11eccf6da3662cf5fdab9806ea91a\",\"name\":\"user-manager\"}]}<\/script>\n<!-- \/ Yoast SEO plugin. -->","yoast_head_json":{"title":"\u018frdo\u011fan 250.000 suriyal\u0131n\u0131n T\u00fcrkiy\u0259y\u0259 qa\u00e7d\u0131\u011f\u0131n\u0131 deyib - MEYDAN.TV","robots":{"index":"index","follow":"follow","max-snippet":"max-snippet:-1","max-image-preview":"max-image-preview:large","max-video-preview":"max-video-preview:-1"},"canonical":"https:\/\/www.meydan.tv\/az\/article\/erdogan-250000-suriyalinin-turkiyeye-qacdigini-deyib\/","og_locale":"az_AZ","og_type":"article","og_title":"\u018frdo\u011fan 250.000 suriyal\u0131n\u0131n T\u00fcrkiy\u0259y\u0259 qa\u00e7d\u0131\u011f\u0131n\u0131 deyib - MEYDAN.TV","og_description":"Suriya ordusu qa\u00e7q\u0131n ail\u0259l\u0259rin ya\u015fad\u0131\u011f\u0131 s\u0131\u011f\u0131nacaqlar\u0131 raketl\u0259 vurduqdan sonra be\u015f u\u015faq da daxil olmaqla \u0259n az\u0131 s\u0259kkiz n\u0259f\u0259r \u00f6ld\u00fcr\u00fcl\u00fcb.","og_url":"https:\/\/www.meydan.tv\/az\/article\/erdogan-250000-suriyalinin-turkiyeye-qacdigini-deyib\/","og_site_name":"MEYDAN.TV","article_published_time":"2020-01-03T11:38:19+00:00","og_image":[{"width":2290,"height":1322,"url":"https:\/\/www.meydan.tv\/wp-content\/uploads\/download.jpeg","type":"image\/jpeg"}],"author":"user-manager","twitter_card":"summary_large_image","schema":{"@context":"https:\/\/schema.org","@graph":[{"@type":"Article","@id":"https:\/\/www.meydan.tv\/az\/article\/erdogan-250000-suriyalinin-turkiyeye-qacdigini-deyib\/#article","isPartOf":{"@id":"https:\/\/www.meydan.tv\/az\/article\/erdogan-250000-suriyalinin-turkiyeye-qacdigini-deyib\/"},"author":{"name":"user-manager","@id":"https:\/\/www.meydan.tv\/az\/#\/schema\/person\/10d11eccf6da3662cf5fdab9806ea91a"},"headline":"\u018frdo\u011fan 250.000 suriyal\u0131n\u0131n T\u00fcrkiy\u0259y\u0259 qa\u00e7d\u0131\u011f\u0131n\u0131 deyib","datePublished":"2020-01-03T11:38:19+00:00","mainEntityOfPage":{"@id":"https:\/\/www.meydan.tv\/az\/article\/erdogan-250000-suriyalinin-turkiyeye-qacdigini-deyib\/"},"wordCount":674,"publisher":{"@id":"https:\/\/www.meydan.tv\/az\/#organization"},"image":{"@id":"https:\/\/www.meydan.tv\/az\/article\/erdogan-250000-suriyalinin-turkiyeye-qacdigini-deyib\/#primaryimage"},"thumbnailUrl":"https:\/\/www.meydan.tv\/wp-content\/uploads\/download.jpeg","articleSection":["D\u00fcnya"],"inLanguage":"az"},{"@type":"WebPage","@id":"https:\/\/www.meydan.tv\/az\/article\/erdogan-250000-suriyalinin-turkiyeye-qacdigini-deyib\/","url":"https:\/\/www.meydan.tv\/az\/article\/erdogan-250000-suriyalinin-turkiyeye-qacdigini-deyib\/","name":"\u018frdo\u011fan 250.000 suriyal\u0131n\u0131n T\u00fcrkiy\u0259y\u0259 qa\u00e7d\u0131\u011f\u0131n\u0131 deyib - MEYDAN.TV","isPartOf":{"@id":"https:\/\/www.meydan.tv\/az\/#website"},"primaryImageOfPage":{"@id":"https:\/\/www.meydan.tv\/az\/article\/erdogan-250000-suriyalinin-turkiyeye-qacdigini-deyib\/#primaryimage"},"image":{"@id":"https:\/\/www.meydan.tv\/az\/article\/erdogan-250000-suriyalinin-turkiyeye-qacdigini-deyib\/#primaryimage"},"thumbnailUrl":"https:\/\/www.meydan.tv\/wp-content\/uploads\/download.jpeg","datePublished":"2020-01-03T11:38:19+00:00","breadcrumb":{"@id":"https:\/\/www.meydan.tv\/az\/article\/erdogan-250000-suriyalinin-turkiyeye-qacdigini-deyib\/#breadcrumb"},"inLanguage":"az","potentialAction":[{"@type":"ReadAction","target":["https:\/\/www.meydan.tv\/az\/article\/erdogan-250000-suriyalinin-turkiyeye-qacdigini-deyib\/"]}]},{"@type":"ImageObject","inLanguage":"az","@id":"https:\/\/www.meydan.tv\/az\/article\/erdogan-250000-suriyalinin-turkiyeye-qacdigini-deyib\/#primaryimage","url":"https:\/\/www.meydan.tv\/wp-content\/uploads\/download.jpeg","contentUrl":"https:\/\/www.meydan.tv\/wp-content\/uploads\/download.jpeg","width":2290,"height":1322,"caption":"Source: Meydan TV"},{"@type":"BreadcrumbList","@id":"https:\/\/www.meydan.tv\/az\/article\/erdogan-250000-suriyalinin-turkiyeye-qacdigini-deyib\/#breadcrumb","itemListElement":[{"@type":"ListItem","position":1,"name":"Ana s\u0259hif\u0259","item":"https:\/\/www.meydan.tv\/az\/"},{"@type":"ListItem","position":2,"name":"D\u00fcnya","item":"https:\/\/www.meydan.tv\/az\/section\/dunya\/"},{"@type":"ListItem","position":3,"name":"\u018frdo\u011fan 250.000 suriyal\u0131n\u0131n T\u00fcrkiy\u0259y\u0259 qa\u00e7d\u0131\u011f\u0131n\u0131 deyib"}]},{"@type":"WebSite","@id":"https:\/\/www.meydan.tv\/az\/#website","url":"https:\/\/www.meydan.tv\/az\/","name":"MEYDAN.TV","description":"Meydan TV Az\u0259rbaycan\u0131n media m\u0259kan\u0131ndak\u0131 alternativ s\u0259sidir","publisher":{"@id":"https:\/\/www.meydan.tv\/az\/#organization"},"potentialAction":[{"@type":"SearchAction","target":{"@type":"EntryPoint","urlTemplate":"https:\/\/www.meydan.tv\/az\/?s={search_term_string}"},"query-input":{"@type":"PropertyValueSpecification","valueRequired":true,"valueName":"search_term_string"}}],"inLanguage":"az"},{"@type":"Organization","@id":"https:\/\/www.meydan.tv\/az\/#organization","name":"Meydan TV","url":"https:\/\/www.meydan.tv\/az\/","logo":{"@type":"ImageObject","inLanguage":"az","@id":"https:\/\/www.meydan.tv\/az\/#\/schema\/logo\/image\/","url":"https:\/\/www.meydan.tv\/wp-content\/uploads\/2021\/07\/meydan-logo.svg","contentUrl":"https:\/\/www.meydan.tv\/wp-content\/uploads\/2021\/07\/meydan-logo.svg","width":195,"height":46,"caption":"Meydan TV"},"image":{"@id":"https:\/\/www.meydan.tv\/az\/#\/schema\/logo\/image\/"}},{"@type":"Person","@id":"https:\/\/www.meydan.tv\/az\/#\/schema\/person\/10d11eccf6da3662cf5fdab9806ea91a","name":"user-manager"}]}},"_links":{"self":[{"href":"https:\/\/www.meydan.tv\/az\/wp-json\/wp\/v2\/posts\/198629","targetHints":{"allow":["GET"]}}],"collection":[{"href":"https:\/\/www.meydan.tv\/az\/wp-json\/wp\/v2\/posts"}],"about":[{"href":"https:\/\/www.meydan.tv\/az\/wp-json\/wp\/v2\/types\/post"}],"author":[{"embeddable":true,"href":"https:\/\/www.meydan.tv\/az\/wp-json\/wp\/v2\/users\/11"}],"replies":[{"embeddable":true,"href":"https:\/\/www.meydan.tv\/az\/wp-json\/wp\/v2\/comments?post=198629"}],"version-history":[{"count":0,"href":"https:\/\/www.meydan.tv\/az\/wp-json\/wp\/v2\/posts\/198629\/revisions"}],"wp:featuredmedia":[{"embeddable":true,"href":"https:\/\/www.meydan.tv\/az\/wp-json\/wp\/v2\/media\/119681"}],"wp:attachment":[{"href":"https:\/\/www.meydan.tv\/az\/wp-json\/wp\/v2\/media?parent=198629"}],"wp:term":[{"taxonomy":"category","embeddable":true,"href":"https:\/\/www.meydan.tv\/az\/wp-json\/wp\/v2\/categories?post=198629"},{"taxonomy":"post_tag","embeddable":true,"href":"https:\/\/www.meydan.tv\/az\/wp-json\/wp\/v2\/tags?post=198629"}],"curies":[{"name":"wp","href":"https:\/\/api.w.org\/{rel}","templated":true}]}}