{"id":198628,"date":"2020-01-03T09:58:41","date_gmt":"2020-01-03T09:58:41","guid":{"rendered":"https:\/\/www.meydan.tv\/article\/iran-muharibeye-getmir-amma-munaqiseden-de-qorxmur\/"},"modified":"2020-01-03T09:58:41","modified_gmt":"2020-01-03T09:58:41","slug":"iran-muharibeye-getmir-amma-munaqiseden-de-qorxmur","status":"publish","type":"post","link":"https:\/\/www.meydan.tv\/az\/article\/iran-muharibeye-getmir-amma-munaqiseden-de-qorxmur\/","title":{"rendered":"\u201c\u0130ran m\u00fcharib\u0259y\u0259 getmir, amma m\u00fcnaqi\u015f\u0259d\u0259n d\u0259 qorxmur\u201d"},"content":{"rendered":"<p>\n  <i><br \/>\n    Yanvar\u0131n 2-d\u0259 \u0130ran\u0131n y\u00fcks\u0259k r\u00fctb\u0259li komandiri \u00f6lk\u0259sinin m\u00fcharib\u0259y\u0259 do\u011fru ir\u0259lil\u0259m\u0259diyini, ancaq h\u0259r hans\u0131 bir m\u00fcnaqi\u015f\u0259d\u0259n d\u0259 qorxmad\u0131\u011f\u0131n\u0131 bildirib.<br \/>\n  <\/i>\n<\/p>\n<p>\n  Reuters x\u0259b\u0259r verir.\n<\/p>\n<p>\n  Tehran bu add\u0131m\u0131 AB\u015e prezidenti Donald Tramp\u0131n \u00e7\u0259r\u015f\u0259nb\u0259 ax\u015fam\u0131 AB\u015e-\u0131n \u0130raqdak\u0131 s\u0259firliyind\u0259 ba\u015f vermi\u015f n\u00fcmayi\u015fl\u0259rin t\u0259\u015fkilat\u00e7\u0131l\u0131\u011f\u0131nda \u0130ran\u0131 ittiham etdikd\u0259n sonra at\u0131b.\n<\/p>\n<p>\n  Tramp deyib ki, \u0130ran b\u00f6lg\u0259d\u0259ki h\u0259r\u0259k\u0259tl\u0259rin\u0259 g\u00f6r\u0259 cavabdehdir. Tehran is\u0259 ittihamlar\u0131 r\u0259dd edib.\n<\/p>\n<p>\n  \u201cBiz \u00f6lk\u0259ni m\u00fcharib\u0259y\u0259 aparm\u0131r\u0131q. Amma h\u0259r hans\u0131 bir m\u00fcharib\u0259d\u0259n d\u0259 qorxmuruq. Biz Amerikan\u0131 \u0130ran mill\u0259ti il\u0259 d\u00fczg\u00fcn dan\u0131\u015fma\u011fa s\u0259sl\u0259yirik. Onlar\u0131 d\u0259f\u0259l\u0259rl\u0259 s\u0131nd\u0131rmaq g\u00fcc\u00fcm\u00fcz var v\u0259 narahat deyilik\u201d, &#8211; \u0130nqilab Ke\u015fik\u00e7il\u0259ri Briqada Komandiri General H\u00fcseyn Salami bel\u0259 deyib. Yar\u0131 r\u0259smi Tasnim X\u0259b\u0259r Agentliyi sitat g\u0259tirib.\n<\/p>\n<p>\n  Tramp \u00e7\u0259r\u015f\u0259nb\u0259 ax\u015fam\u0131 bir tvitind\u0259 qeyd edib ki, \u0130ran h\u0259r hans\u0131 bir obyektimizd\u0259 itirilmi\u015f can v\u0259 ya vurulmu\u015f z\u0259r\u0259r \u00fc\u00e7\u00fcn tam m\u0259suliyy\u0259t da\u015f\u0131yacaq.\n<\/p>\n<p>\n  \u201cOnlar \u00e7ox b\u00f6y\u00fck Q\u0130YM\u018fT \u00f6d\u0259y\u0259c\u0259kl\u0259r! Bu, x\u0259b\u0259rdarl\u0131q deyil. Bu, t\u0259hdiddir\u201d.\n<\/p>\n<p>\n  Daha sonra Tramp \u0130ranla m\u00fcharib\u0259 ist\u0259m\u0259diyini v\u0259 ya g\u00f6zl\u0259m\u0259diyini vur\u011fulay\u0131b.\n<\/p>\n<p>\n  \u0130ran Ordusunun r\u0259isi, general Abdolrahim Musavi (Mousavi) c\u00fcm\u0259 ax\u015fam\u0131 q\u00fcvv\u0259l\u0259rinin \u201cd\u00fc\u015fm\u0259n\u201d\u0259 qar\u015f\u0131 haz\u0131r olduqlar\u0131n\u0131 s\u00f6yl\u0259yib.\n<\/p>\n<p>\n  \u201cSilahl\u0131 q\u00fcvv\u0259l\u0259rimiz b\u00fct\u00fcn h\u0259r\u0259k\u0259tl\u0259ri izl\u0259yir. Kims\u0259 ki\u00e7ik bir s\u0259hv ed\u0259rs\u0259, q\u0259tiyy\u0259tli reaksiya ver\u0259c\u0259k. V\u0259ziyy\u0259t g\u0259rginl\u0259\u015f\u0259rs\u0259, bacar\u0131qlar\u0131m\u0131z\u0131 d\u00fc\u015fm\u0259n\u0259 g\u00f6st\u0259r\u0259c\u0259yik\u201d, &#8211; Mus\u0259vi bildirib.<\/p>\n","protected":false},"excerpt":{"rendered":"<p>Daha sonra Tramp \u0130ranla m\u00fcharib\u0259 ist\u0259m\u0259diyini v\u0259 ya g\u00f6zl\u0259m\u0259diyini vur\u011fulay\u0131b.<\/p>\n","protected":false},"author":11,"featured_media":133383,"comment_status":"closed","ping_status":"open","sticky":false,"template":"","format":"standard","meta":{"_acf_changed":false,"_sitemap_exclude":false,"_sitemap_priority":"","_sitemap_frequency":"","footnotes":""},"categories":[64],"tags":[],"class_list":["post-198628","post","type-post","status-publish","format-standard","has-post-thumbnail","hentry","category-dunya","infinite-scroll-item","generate-columns","tablet-grid-50","mobile-grid-100","grid-parent","grid-33","no-featured-image-padding"],"acf":[],"yoast_head":"<!-- This site is optimized with the Yoast SEO plugin v27.5 - https:\/\/yoast.com\/product\/yoast-seo-wordpress\/ -->\n<title>\u201c\u0130ran m\u00fcharib\u0259y\u0259 getmir, amma m\u00fcnaqi\u015f\u0259d\u0259n d\u0259 qorxmur\u201d - MEYDAN.TV<\/title>\n<meta name=\"robots\" content=\"index, follow, max-snippet:-1, max-image-preview:large, max-video-preview:-1\" \/>\n<link rel=\"canonical\" href=\"https:\/\/www.meydan.tv\/az\/article\/iran-muharibeye-getmir-amma-munaqiseden-de-qorxmur\/\" \/>\n<meta property=\"og:locale\" content=\"az_AZ\" \/>\n<meta property=\"og:type\" content=\"article\" \/>\n<meta property=\"og:title\" content=\"\u201c\u0130ran m\u00fcharib\u0259y\u0259 getmir, amma m\u00fcnaqi\u015f\u0259d\u0259n d\u0259 qorxmur\u201d - MEYDAN.TV\" \/>\n<meta property=\"og:description\" content=\"Daha sonra Tramp \u0130ranla m\u00fcharib\u0259 ist\u0259m\u0259diyini v\u0259 ya g\u00f6zl\u0259m\u0259diyini vur\u011fulay\u0131b.\" \/>\n<meta property=\"og:url\" content=\"https:\/\/www.meydan.tv\/az\/article\/iran-muharibeye-getmir-amma-munaqiseden-de-qorxmur\/\" \/>\n<meta property=\"og:site_name\" content=\"MEYDAN.TV\" \/>\n<meta property=\"article:published_time\" content=\"2020-01-03T09:58:41+00:00\" \/>\n<meta property=\"og:image\" content=\"https:\/\/www.meydan.tv\/wp-content\/uploads\/iran_1_bayraq.jpg\" \/>\n\t<meta property=\"og:image:width\" content=\"1200\" \/>\n\t<meta property=\"og:image:height\" content=\"675\" \/>\n\t<meta property=\"og:image:type\" content=\"image\/jpeg\" \/>\n<meta name=\"author\" content=\"user-manager\" \/>\n<meta name=\"twitter:card\" content=\"summary_large_image\" \/>\n<script type=\"application\/ld+json\" class=\"yoast-schema-graph\">{\"@context\":\"https:\\\/\\\/schema.org\",\"@graph\":[{\"@type\":\"Article\",\"@id\":\"https:\\\/\\\/www.meydan.tv\\\/az\\\/article\\\/iran-muharibeye-getmir-amma-munaqiseden-de-qorxmur\\\/#article\",\"isPartOf\":{\"@id\":\"https:\\\/\\\/www.meydan.tv\\\/az\\\/article\\\/iran-muharibeye-getmir-amma-munaqiseden-de-qorxmur\\\/\"},\"author\":{\"name\":\"user-manager\",\"@id\":\"https:\\\/\\\/www.meydan.tv\\\/az\\\/#\\\/schema\\\/person\\\/10d11eccf6da3662cf5fdab9806ea91a\"},\"headline\":\"\u201c\u0130ran m\u00fcharib\u0259y\u0259 getmir, amma m\u00fcnaqi\u015f\u0259d\u0259n d\u0259 qorxmur\u201d\",\"datePublished\":\"2020-01-03T09:58:41+00:00\",\"mainEntityOfPage\":{\"@id\":\"https:\\\/\\\/www.meydan.tv\\\/az\\\/article\\\/iran-muharibeye-getmir-amma-munaqiseden-de-qorxmur\\\/\"},\"wordCount\":337,\"publisher\":{\"@id\":\"https:\\\/\\\/www.meydan.tv\\\/az\\\/#organization\"},\"image\":{\"@id\":\"https:\\\/\\\/www.meydan.tv\\\/az\\\/article\\\/iran-muharibeye-getmir-amma-munaqiseden-de-qorxmur\\\/#primaryimage\"},\"thumbnailUrl\":\"https:\\\/\\\/www.meydan.tv\\\/wp-content\\\/uploads\\\/iran_1_bayraq.jpg\",\"articleSection\":[\"D\u00fcnya\"],\"inLanguage\":\"az\"},{\"@type\":\"WebPage\",\"@id\":\"https:\\\/\\\/www.meydan.tv\\\/az\\\/article\\\/iran-muharibeye-getmir-amma-munaqiseden-de-qorxmur\\\/\",\"url\":\"https:\\\/\\\/www.meydan.tv\\\/az\\\/article\\\/iran-muharibeye-getmir-amma-munaqiseden-de-qorxmur\\\/\",\"name\":\"\u201c\u0130ran m\u00fcharib\u0259y\u0259 getmir, amma m\u00fcnaqi\u015f\u0259d\u0259n d\u0259 qorxmur\u201d - MEYDAN.TV\",\"isPartOf\":{\"@id\":\"https:\\\/\\\/www.meydan.tv\\\/az\\\/#website\"},\"primaryImageOfPage\":{\"@id\":\"https:\\\/\\\/www.meydan.tv\\\/az\\\/article\\\/iran-muharibeye-getmir-amma-munaqiseden-de-qorxmur\\\/#primaryimage\"},\"image\":{\"@id\":\"https:\\\/\\\/www.meydan.tv\\\/az\\\/article\\\/iran-muharibeye-getmir-amma-munaqiseden-de-qorxmur\\\/#primaryimage\"},\"thumbnailUrl\":\"https:\\\/\\\/www.meydan.tv\\\/wp-content\\\/uploads\\\/iran_1_bayraq.jpg\",\"datePublished\":\"2020-01-03T09:58:41+00:00\",\"breadcrumb\":{\"@id\":\"https:\\\/\\\/www.meydan.tv\\\/az\\\/article\\\/iran-muharibeye-getmir-amma-munaqiseden-de-qorxmur\\\/#breadcrumb\"},\"inLanguage\":\"az\",\"potentialAction\":[{\"@type\":\"ReadAction\",\"target\":[\"https:\\\/\\\/www.meydan.tv\\\/az\\\/article\\\/iran-muharibeye-getmir-amma-munaqiseden-de-qorxmur\\\/\"]}]},{\"@type\":\"ImageObject\",\"inLanguage\":\"az\",\"@id\":\"https:\\\/\\\/www.meydan.tv\\\/az\\\/article\\\/iran-muharibeye-getmir-amma-munaqiseden-de-qorxmur\\\/#primaryimage\",\"url\":\"https:\\\/\\\/www.meydan.tv\\\/wp-content\\\/uploads\\\/iran_1_bayraq.jpg\",\"contentUrl\":\"https:\\\/\\\/www.meydan.tv\\\/wp-content\\\/uploads\\\/iran_1_bayraq.jpg\",\"width\":1200,\"height\":675,\"caption\":\"Source: Foto: arxiv\"},{\"@type\":\"BreadcrumbList\",\"@id\":\"https:\\\/\\\/www.meydan.tv\\\/az\\\/article\\\/iran-muharibeye-getmir-amma-munaqiseden-de-qorxmur\\\/#breadcrumb\",\"itemListElement\":[{\"@type\":\"ListItem\",\"position\":1,\"name\":\"Ana s\u0259hif\u0259\",\"item\":\"https:\\\/\\\/www.meydan.tv\\\/az\\\/\"},{\"@type\":\"ListItem\",\"position\":2,\"name\":\"D\u00fcnya\",\"item\":\"https:\\\/\\\/www.meydan.tv\\\/az\\\/section\\\/dunya\\\/\"},{\"@type\":\"ListItem\",\"position\":3,\"name\":\"\u201c\u0130ran m\u00fcharib\u0259y\u0259 getmir, amma m\u00fcnaqi\u015f\u0259d\u0259n d\u0259 qorxmur\u201d\"}]},{\"@type\":\"WebSite\",\"@id\":\"https:\\\/\\\/www.meydan.tv\\\/az\\\/#website\",\"url\":\"https:\\\/\\\/www.meydan.tv\\\/az\\\/\",\"name\":\"MEYDAN.TV\",\"description\":\"Meydan TV Az\u0259rbaycan\u0131n media m\u0259kan\u0131ndak\u0131 alternativ s\u0259sidir\",\"publisher\":{\"@id\":\"https:\\\/\\\/www.meydan.tv\\\/az\\\/#organization\"},\"potentialAction\":[{\"@type\":\"SearchAction\",\"target\":{\"@type\":\"EntryPoint\",\"urlTemplate\":\"https:\\\/\\\/www.meydan.tv\\\/az\\\/?s={search_term_string}\"},\"query-input\":{\"@type\":\"PropertyValueSpecification\",\"valueRequired\":true,\"valueName\":\"search_term_string\"}}],\"inLanguage\":\"az\"},{\"@type\":\"Organization\",\"@id\":\"https:\\\/\\\/www.meydan.tv\\\/az\\\/#organization\",\"name\":\"Meydan TV\",\"url\":\"https:\\\/\\\/www.meydan.tv\\\/az\\\/\",\"logo\":{\"@type\":\"ImageObject\",\"inLanguage\":\"az\",\"@id\":\"https:\\\/\\\/www.meydan.tv\\\/az\\\/#\\\/schema\\\/logo\\\/image\\\/\",\"url\":\"https:\\\/\\\/www.meydan.tv\\\/wp-content\\\/uploads\\\/2021\\\/07\\\/meydan-logo.svg\",\"contentUrl\":\"https:\\\/\\\/www.meydan.tv\\\/wp-content\\\/uploads\\\/2021\\\/07\\\/meydan-logo.svg\",\"width\":195,\"height\":46,\"caption\":\"Meydan TV\"},\"image\":{\"@id\":\"https:\\\/\\\/www.meydan.tv\\\/az\\\/#\\\/schema\\\/logo\\\/image\\\/\"}},{\"@type\":\"Person\",\"@id\":\"https:\\\/\\\/www.meydan.tv\\\/az\\\/#\\\/schema\\\/person\\\/10d11eccf6da3662cf5fdab9806ea91a\",\"name\":\"user-manager\"}]}<\/script>\n<!-- \/ Yoast SEO plugin. -->","yoast_head_json":{"title":"\u201c\u0130ran m\u00fcharib\u0259y\u0259 getmir, amma m\u00fcnaqi\u015f\u0259d\u0259n d\u0259 qorxmur\u201d - MEYDAN.TV","robots":{"index":"index","follow":"follow","max-snippet":"max-snippet:-1","max-image-preview":"max-image-preview:large","max-video-preview":"max-video-preview:-1"},"canonical":"https:\/\/www.meydan.tv\/az\/article\/iran-muharibeye-getmir-amma-munaqiseden-de-qorxmur\/","og_locale":"az_AZ","og_type":"article","og_title":"\u201c\u0130ran m\u00fcharib\u0259y\u0259 getmir, amma m\u00fcnaqi\u015f\u0259d\u0259n d\u0259 qorxmur\u201d - MEYDAN.TV","og_description":"Daha sonra Tramp \u0130ranla m\u00fcharib\u0259 ist\u0259m\u0259diyini v\u0259 ya g\u00f6zl\u0259m\u0259diyini vur\u011fulay\u0131b.","og_url":"https:\/\/www.meydan.tv\/az\/article\/iran-muharibeye-getmir-amma-munaqiseden-de-qorxmur\/","og_site_name":"MEYDAN.TV","article_published_time":"2020-01-03T09:58:41+00:00","og_image":[{"width":1200,"height":675,"url":"https:\/\/www.meydan.tv\/wp-content\/uploads\/iran_1_bayraq.jpg","type":"image\/jpeg"}],"author":"user-manager","twitter_card":"summary_large_image","schema":{"@context":"https:\/\/schema.org","@graph":[{"@type":"Article","@id":"https:\/\/www.meydan.tv\/az\/article\/iran-muharibeye-getmir-amma-munaqiseden-de-qorxmur\/#article","isPartOf":{"@id":"https:\/\/www.meydan.tv\/az\/article\/iran-muharibeye-getmir-amma-munaqiseden-de-qorxmur\/"},"author":{"name":"user-manager","@id":"https:\/\/www.meydan.tv\/az\/#\/schema\/person\/10d11eccf6da3662cf5fdab9806ea91a"},"headline":"\u201c\u0130ran m\u00fcharib\u0259y\u0259 getmir, amma m\u00fcnaqi\u015f\u0259d\u0259n d\u0259 qorxmur\u201d","datePublished":"2020-01-03T09:58:41+00:00","mainEntityOfPage":{"@id":"https:\/\/www.meydan.tv\/az\/article\/iran-muharibeye-getmir-amma-munaqiseden-de-qorxmur\/"},"wordCount":337,"publisher":{"@id":"https:\/\/www.meydan.tv\/az\/#organization"},"image":{"@id":"https:\/\/www.meydan.tv\/az\/article\/iran-muharibeye-getmir-amma-munaqiseden-de-qorxmur\/#primaryimage"},"thumbnailUrl":"https:\/\/www.meydan.tv\/wp-content\/uploads\/iran_1_bayraq.jpg","articleSection":["D\u00fcnya"],"inLanguage":"az"},{"@type":"WebPage","@id":"https:\/\/www.meydan.tv\/az\/article\/iran-muharibeye-getmir-amma-munaqiseden-de-qorxmur\/","url":"https:\/\/www.meydan.tv\/az\/article\/iran-muharibeye-getmir-amma-munaqiseden-de-qorxmur\/","name":"\u201c\u0130ran m\u00fcharib\u0259y\u0259 getmir, amma m\u00fcnaqi\u015f\u0259d\u0259n d\u0259 qorxmur\u201d - MEYDAN.TV","isPartOf":{"@id":"https:\/\/www.meydan.tv\/az\/#website"},"primaryImageOfPage":{"@id":"https:\/\/www.meydan.tv\/az\/article\/iran-muharibeye-getmir-amma-munaqiseden-de-qorxmur\/#primaryimage"},"image":{"@id":"https:\/\/www.meydan.tv\/az\/article\/iran-muharibeye-getmir-amma-munaqiseden-de-qorxmur\/#primaryimage"},"thumbnailUrl":"https:\/\/www.meydan.tv\/wp-content\/uploads\/iran_1_bayraq.jpg","datePublished":"2020-01-03T09:58:41+00:00","breadcrumb":{"@id":"https:\/\/www.meydan.tv\/az\/article\/iran-muharibeye-getmir-amma-munaqiseden-de-qorxmur\/#breadcrumb"},"inLanguage":"az","potentialAction":[{"@type":"ReadAction","target":["https:\/\/www.meydan.tv\/az\/article\/iran-muharibeye-getmir-amma-munaqiseden-de-qorxmur\/"]}]},{"@type":"ImageObject","inLanguage":"az","@id":"https:\/\/www.meydan.tv\/az\/article\/iran-muharibeye-getmir-amma-munaqiseden-de-qorxmur\/#primaryimage","url":"https:\/\/www.meydan.tv\/wp-content\/uploads\/iran_1_bayraq.jpg","contentUrl":"https:\/\/www.meydan.tv\/wp-content\/uploads\/iran_1_bayraq.jpg","width":1200,"height":675,"caption":"Source: Foto: arxiv"},{"@type":"BreadcrumbList","@id":"https:\/\/www.meydan.tv\/az\/article\/iran-muharibeye-getmir-amma-munaqiseden-de-qorxmur\/#breadcrumb","itemListElement":[{"@type":"ListItem","position":1,"name":"Ana s\u0259hif\u0259","item":"https:\/\/www.meydan.tv\/az\/"},{"@type":"ListItem","position":2,"name":"D\u00fcnya","item":"https:\/\/www.meydan.tv\/az\/section\/dunya\/"},{"@type":"ListItem","position":3,"name":"\u201c\u0130ran m\u00fcharib\u0259y\u0259 getmir, amma m\u00fcnaqi\u015f\u0259d\u0259n d\u0259 qorxmur\u201d"}]},{"@type":"WebSite","@id":"https:\/\/www.meydan.tv\/az\/#website","url":"https:\/\/www.meydan.tv\/az\/","name":"MEYDAN.TV","description":"Meydan TV Az\u0259rbaycan\u0131n media m\u0259kan\u0131ndak\u0131 alternativ s\u0259sidir","publisher":{"@id":"https:\/\/www.meydan.tv\/az\/#organization"},"potentialAction":[{"@type":"SearchAction","target":{"@type":"EntryPoint","urlTemplate":"https:\/\/www.meydan.tv\/az\/?s={search_term_string}"},"query-input":{"@type":"PropertyValueSpecification","valueRequired":true,"valueName":"search_term_string"}}],"inLanguage":"az"},{"@type":"Organization","@id":"https:\/\/www.meydan.tv\/az\/#organization","name":"Meydan TV","url":"https:\/\/www.meydan.tv\/az\/","logo":{"@type":"ImageObject","inLanguage":"az","@id":"https:\/\/www.meydan.tv\/az\/#\/schema\/logo\/image\/","url":"https:\/\/www.meydan.tv\/wp-content\/uploads\/2021\/07\/meydan-logo.svg","contentUrl":"https:\/\/www.meydan.tv\/wp-content\/uploads\/2021\/07\/meydan-logo.svg","width":195,"height":46,"caption":"Meydan TV"},"image":{"@id":"https:\/\/www.meydan.tv\/az\/#\/schema\/logo\/image\/"}},{"@type":"Person","@id":"https:\/\/www.meydan.tv\/az\/#\/schema\/person\/10d11eccf6da3662cf5fdab9806ea91a","name":"user-manager"}]}},"_links":{"self":[{"href":"https:\/\/www.meydan.tv\/az\/wp-json\/wp\/v2\/posts\/198628","targetHints":{"allow":["GET"]}}],"collection":[{"href":"https:\/\/www.meydan.tv\/az\/wp-json\/wp\/v2\/posts"}],"about":[{"href":"https:\/\/www.meydan.tv\/az\/wp-json\/wp\/v2\/types\/post"}],"author":[{"embeddable":true,"href":"https:\/\/www.meydan.tv\/az\/wp-json\/wp\/v2\/users\/11"}],"replies":[{"embeddable":true,"href":"https:\/\/www.meydan.tv\/az\/wp-json\/wp\/v2\/comments?post=198628"}],"version-history":[{"count":0,"href":"https:\/\/www.meydan.tv\/az\/wp-json\/wp\/v2\/posts\/198628\/revisions"}],"wp:featuredmedia":[{"embeddable":true,"href":"https:\/\/www.meydan.tv\/az\/wp-json\/wp\/v2\/media\/133383"}],"wp:attachment":[{"href":"https:\/\/www.meydan.tv\/az\/wp-json\/wp\/v2\/media?parent=198628"}],"wp:term":[{"taxonomy":"category","embeddable":true,"href":"https:\/\/www.meydan.tv\/az\/wp-json\/wp\/v2\/categories?post=198628"},{"taxonomy":"post_tag","embeddable":true,"href":"https:\/\/www.meydan.tv\/az\/wp-json\/wp\/v2\/tags?post=198628"}],"curies":[{"name":"wp","href":"https:\/\/api.w.org\/{rel}","templated":true}]}}