{"id":198619,"date":"2020-01-01T15:28:13","date_gmt":"2020-01-01T15:28:13","guid":{"rendered":"https:\/\/www.meydan.tv\/article\/jurnalistin-olumu-ile-bagli-ilk-mehkeme-hokmu-cixarilib\/"},"modified":"2020-01-01T15:28:13","modified_gmt":"2020-01-01T15:28:13","slug":"jurnalistin-olumu-ile-bagli-ilk-mehkeme-hokmu-cixarilib","status":"publish","type":"post","link":"https:\/\/www.meydan.tv\/az\/article\/jurnalistin-olumu-ile-bagli-ilk-mehkeme-hokmu-cixarilib\/","title":{"rendered":"Jurnalistin \u00f6l\u00fcm\u00fc il\u0259 ba\u011fl\u0131 ilk m\u0259hk\u0259m\u0259 h\u00f6km\u00fc \u00e7\u0131xar\u0131l\u0131b"},"content":{"rendered":"<p>\n  Slovakiyada ara\u015fd\u0131rma\u00e7\u0131-jurnalist Yan Ku\u00e7ak\u0131n \u00f6ld\u00fcr\u00fclm\u0259si il\u0259 ba\u011fl\u0131 ilk m\u0259hk\u0259m\u0259 h\u00f6km\u00fc \u00e7\u0131xar\u0131l\u0131b.\n<\/p>\n<p>\n  Xarici median\u0131n m\u0259lumat\u0131na g\u00f6r\u0259, ittiham edil\u0259n 5 n\u0259f\u0259rd\u0259n biri olan Zoltan Andru\u015fko 15 il azadl\u0131qdan m\u0259hrum<br \/>\n  <a href=\"https:\/\/bnr.bg\/horizont\/post\/101209671\/slovakia-15-godini-zatvor-za-edin-ot-podsadimite-za-ubiistvoto-na-jurnalista-an-kuciak\"><br \/>\n    edilib<br \/>\n  <\/a><br \/>\n  .\n<\/p>\n<p>\n  Jurnalist Yan Ku\u00e7ak v\u0259 ni\u015fanl\u0131s\u0131 2018-ci il fevral\u0131n 21-d\u0259 q\u0259tl\u0259 yetirilibl\u0259r. Jurnalist Slovakiyan\u0131n hakim dair\u0259l\u0259rinin korrupsiya sxeml\u0259ri bar\u0259d\u0259 ara\u015fd\u0131rma apar\u0131b v\u0259 h\u00f6kum\u0259tin iki \u00fczv\u00fcn\u00fcn italyan mafia qrupu il\u0259 \u0259laq\u0259l\u0259rini \u00fcz\u0259 \u00e7\u0131xar\u0131b. Hadis\u0259 k\u00fctl\u0259vi etirazlara s\u0259b\u0259b olub v\u0259 \u00f6lk\u0259nin Ba\u015f naziri Roberto Fitso istefa verib.\n<\/p>\n<p>\n  Q\u0259tlin haz\u0131rlanmas\u0131 v\u0259 h\u0259yata ke\u00e7irilm\u0259sind\u0259 \u015f\u00fcbh\u0259li bilin\u0259n daha d\u00f6rd n\u0259f\u0259rin m\u0259hk\u0259m\u0259si 2020-ci ild\u0259 davam ed\u0259c\u0259k. Onlar\u0131n aras\u0131nda biznesmen Marian Kohner var. Onlar t\u0259qsirli bilins\u0259l\u0259r \u00f6m\u00fcrl\u00fck h\u0259bs c\u0259zas\u0131 ala bil\u0259rl\u0259r.\n<\/p>\n<p>\n  15 il h\u0259bs c\u0259zas\u0131 alan Zoltan Andru\u015fko ittiham edil\u0259nl\u0259r aras\u0131nda g\u00fcnah\u0131n\u0131 etiraf ed\u0259n yegan\u0259 \u015f\u0259xsdir. O, istintaqla \u0259m\u0259kda\u015fl\u0131q edib. Z.Andru\u015fko prokurorluqla 10 il h\u0259bs c\u0259zas\u0131 m\u00fcqabilind\u0259 ifad\u0259 verm\u0259y\u0259 raz\u0131 olub. Amma m\u0259hk\u0259m\u0259 daha uzun m\u00fcdd\u0259tli h\u0259bs c\u0259zas\u0131 t\u0259yin edib. \u0130ttiham olunan q\u0259rarla raz\u0131la\u015f\u0131b.<\/p>\n","protected":false},"excerpt":{"rendered":"<p>Dig\u0259r \u015f\u00fcbh\u0259lil\u0259rin m\u0259hk\u0259m\u0259si 2020-ci ild\u0259 davam etdiril\u0259c\u0259k<\/p>\n","protected":false},"author":11,"featured_media":135325,"comment_status":"closed","ping_status":"open","sticky":false,"template":"","format":"standard","meta":{"_acf_changed":false,"_sitemap_exclude":false,"_sitemap_priority":"","_sitemap_frequency":"","footnotes":""},"categories":[64],"tags":[],"class_list":["post-198619","post","type-post","status-publish","format-standard","has-post-thumbnail","hentry","category-dunya","infinite-scroll-item","generate-columns","tablet-grid-50","mobile-grid-100","grid-parent","grid-33","no-featured-image-padding"],"acf":[],"yoast_head":"<!-- This site is optimized with the Yoast SEO plugin v27.5 - https:\/\/yoast.com\/product\/yoast-seo-wordpress\/ -->\n<title>Jurnalistin \u00f6l\u00fcm\u00fc il\u0259 ba\u011fl\u0131 ilk m\u0259hk\u0259m\u0259 h\u00f6km\u00fc \u00e7\u0131xar\u0131l\u0131b - MEYDAN.TV<\/title>\n<meta name=\"robots\" content=\"index, follow, max-snippet:-1, max-image-preview:large, max-video-preview:-1\" \/>\n<link rel=\"canonical\" href=\"https:\/\/www.meydan.tv\/az\/article\/jurnalistin-olumu-ile-bagli-ilk-mehkeme-hokmu-cixarilib\/\" \/>\n<meta property=\"og:locale\" content=\"az_AZ\" \/>\n<meta property=\"og:type\" content=\"article\" \/>\n<meta property=\"og:title\" content=\"Jurnalistin \u00f6l\u00fcm\u00fc il\u0259 ba\u011fl\u0131 ilk m\u0259hk\u0259m\u0259 h\u00f6km\u00fc \u00e7\u0131xar\u0131l\u0131b - MEYDAN.TV\" \/>\n<meta property=\"og:description\" content=\"Dig\u0259r \u015f\u00fcbh\u0259lil\u0259rin m\u0259hk\u0259m\u0259si 2020-ci ild\u0259 davam etdiril\u0259c\u0259k\" \/>\n<meta property=\"og:url\" content=\"https:\/\/www.meydan.tv\/az\/article\/jurnalistin-olumu-ile-bagli-ilk-mehkeme-hokmu-cixarilib\/\" \/>\n<meta property=\"og:site_name\" content=\"MEYDAN.TV\" \/>\n<meta property=\"article:published_time\" content=\"2020-01-01T15:28:13+00:00\" \/>\n<meta property=\"og:image\" content=\"https:\/\/www.meydan.tv\/wp-content\/uploads\/e8c0eed8fcb751d005a2b29d338043f6.jpg\" \/>\n\t<meta property=\"og:image:width\" content=\"925\" \/>\n\t<meta property=\"og:image:height\" content=\"520\" \/>\n\t<meta property=\"og:image:type\" content=\"image\/jpeg\" \/>\n<meta name=\"author\" content=\"user-manager\" \/>\n<meta name=\"twitter:card\" content=\"summary_large_image\" \/>\n<script type=\"application\/ld+json\" class=\"yoast-schema-graph\">{\"@context\":\"https:\\\/\\\/schema.org\",\"@graph\":[{\"@type\":\"Article\",\"@id\":\"https:\\\/\\\/www.meydan.tv\\\/az\\\/article\\\/jurnalistin-olumu-ile-bagli-ilk-mehkeme-hokmu-cixarilib\\\/#article\",\"isPartOf\":{\"@id\":\"https:\\\/\\\/www.meydan.tv\\\/az\\\/article\\\/jurnalistin-olumu-ile-bagli-ilk-mehkeme-hokmu-cixarilib\\\/\"},\"author\":{\"name\":\"user-manager\",\"@id\":\"https:\\\/\\\/www.meydan.tv\\\/az\\\/#\\\/schema\\\/person\\\/10d11eccf6da3662cf5fdab9806ea91a\"},\"headline\":\"Jurnalistin \u00f6l\u00fcm\u00fc il\u0259 ba\u011fl\u0131 ilk m\u0259hk\u0259m\u0259 h\u00f6km\u00fc \u00e7\u0131xar\u0131l\u0131b\",\"datePublished\":\"2020-01-01T15:28:13+00:00\",\"mainEntityOfPage\":{\"@id\":\"https:\\\/\\\/www.meydan.tv\\\/az\\\/article\\\/jurnalistin-olumu-ile-bagli-ilk-mehkeme-hokmu-cixarilib\\\/\"},\"wordCount\":260,\"publisher\":{\"@id\":\"https:\\\/\\\/www.meydan.tv\\\/az\\\/#organization\"},\"image\":{\"@id\":\"https:\\\/\\\/www.meydan.tv\\\/az\\\/article\\\/jurnalistin-olumu-ile-bagli-ilk-mehkeme-hokmu-cixarilib\\\/#primaryimage\"},\"thumbnailUrl\":\"https:\\\/\\\/www.meydan.tv\\\/wp-content\\\/uploads\\\/e8c0eed8fcb751d005a2b29d338043f6.jpg\",\"articleSection\":[\"D\u00fcnya\"],\"inLanguage\":\"az\"},{\"@type\":\"WebPage\",\"@id\":\"https:\\\/\\\/www.meydan.tv\\\/az\\\/article\\\/jurnalistin-olumu-ile-bagli-ilk-mehkeme-hokmu-cixarilib\\\/\",\"url\":\"https:\\\/\\\/www.meydan.tv\\\/az\\\/article\\\/jurnalistin-olumu-ile-bagli-ilk-mehkeme-hokmu-cixarilib\\\/\",\"name\":\"Jurnalistin \u00f6l\u00fcm\u00fc il\u0259 ba\u011fl\u0131 ilk m\u0259hk\u0259m\u0259 h\u00f6km\u00fc \u00e7\u0131xar\u0131l\u0131b - MEYDAN.TV\",\"isPartOf\":{\"@id\":\"https:\\\/\\\/www.meydan.tv\\\/az\\\/#website\"},\"primaryImageOfPage\":{\"@id\":\"https:\\\/\\\/www.meydan.tv\\\/az\\\/article\\\/jurnalistin-olumu-ile-bagli-ilk-mehkeme-hokmu-cixarilib\\\/#primaryimage\"},\"image\":{\"@id\":\"https:\\\/\\\/www.meydan.tv\\\/az\\\/article\\\/jurnalistin-olumu-ile-bagli-ilk-mehkeme-hokmu-cixarilib\\\/#primaryimage\"},\"thumbnailUrl\":\"https:\\\/\\\/www.meydan.tv\\\/wp-content\\\/uploads\\\/e8c0eed8fcb751d005a2b29d338043f6.jpg\",\"datePublished\":\"2020-01-01T15:28:13+00:00\",\"breadcrumb\":{\"@id\":\"https:\\\/\\\/www.meydan.tv\\\/az\\\/article\\\/jurnalistin-olumu-ile-bagli-ilk-mehkeme-hokmu-cixarilib\\\/#breadcrumb\"},\"inLanguage\":\"az\",\"potentialAction\":[{\"@type\":\"ReadAction\",\"target\":[\"https:\\\/\\\/www.meydan.tv\\\/az\\\/article\\\/jurnalistin-olumu-ile-bagli-ilk-mehkeme-hokmu-cixarilib\\\/\"]}]},{\"@type\":\"ImageObject\",\"inLanguage\":\"az\",\"@id\":\"https:\\\/\\\/www.meydan.tv\\\/az\\\/article\\\/jurnalistin-olumu-ile-bagli-ilk-mehkeme-hokmu-cixarilib\\\/#primaryimage\",\"url\":\"https:\\\/\\\/www.meydan.tv\\\/wp-content\\\/uploads\\\/e8c0eed8fcb751d005a2b29d338043f6.jpg\",\"contentUrl\":\"https:\\\/\\\/www.meydan.tv\\\/wp-content\\\/uploads\\\/e8c0eed8fcb751d005a2b29d338043f6.jpg\",\"width\":925,\"height\":520,\"caption\":\"Source: \u0415\u041f\u0410\\\/\u0411\u0413\u041d\u0415\u0421\"},{\"@type\":\"BreadcrumbList\",\"@id\":\"https:\\\/\\\/www.meydan.tv\\\/az\\\/article\\\/jurnalistin-olumu-ile-bagli-ilk-mehkeme-hokmu-cixarilib\\\/#breadcrumb\",\"itemListElement\":[{\"@type\":\"ListItem\",\"position\":1,\"name\":\"Ana s\u0259hif\u0259\",\"item\":\"https:\\\/\\\/www.meydan.tv\\\/az\\\/\"},{\"@type\":\"ListItem\",\"position\":2,\"name\":\"D\u00fcnya\",\"item\":\"https:\\\/\\\/www.meydan.tv\\\/az\\\/section\\\/dunya\\\/\"},{\"@type\":\"ListItem\",\"position\":3,\"name\":\"Jurnalistin \u00f6l\u00fcm\u00fc il\u0259 ba\u011fl\u0131 ilk m\u0259hk\u0259m\u0259 h\u00f6km\u00fc \u00e7\u0131xar\u0131l\u0131b\"}]},{\"@type\":\"WebSite\",\"@id\":\"https:\\\/\\\/www.meydan.tv\\\/az\\\/#website\",\"url\":\"https:\\\/\\\/www.meydan.tv\\\/az\\\/\",\"name\":\"MEYDAN.TV\",\"description\":\"Meydan TV Az\u0259rbaycan\u0131n media m\u0259kan\u0131ndak\u0131 alternativ s\u0259sidir\",\"publisher\":{\"@id\":\"https:\\\/\\\/www.meydan.tv\\\/az\\\/#organization\"},\"potentialAction\":[{\"@type\":\"SearchAction\",\"target\":{\"@type\":\"EntryPoint\",\"urlTemplate\":\"https:\\\/\\\/www.meydan.tv\\\/az\\\/?s={search_term_string}\"},\"query-input\":{\"@type\":\"PropertyValueSpecification\",\"valueRequired\":true,\"valueName\":\"search_term_string\"}}],\"inLanguage\":\"az\"},{\"@type\":\"Organization\",\"@id\":\"https:\\\/\\\/www.meydan.tv\\\/az\\\/#organization\",\"name\":\"Meydan TV\",\"url\":\"https:\\\/\\\/www.meydan.tv\\\/az\\\/\",\"logo\":{\"@type\":\"ImageObject\",\"inLanguage\":\"az\",\"@id\":\"https:\\\/\\\/www.meydan.tv\\\/az\\\/#\\\/schema\\\/logo\\\/image\\\/\",\"url\":\"https:\\\/\\\/www.meydan.tv\\\/wp-content\\\/uploads\\\/2021\\\/07\\\/meydan-logo.svg\",\"contentUrl\":\"https:\\\/\\\/www.meydan.tv\\\/wp-content\\\/uploads\\\/2021\\\/07\\\/meydan-logo.svg\",\"width\":195,\"height\":46,\"caption\":\"Meydan TV\"},\"image\":{\"@id\":\"https:\\\/\\\/www.meydan.tv\\\/az\\\/#\\\/schema\\\/logo\\\/image\\\/\"}},{\"@type\":\"Person\",\"@id\":\"https:\\\/\\\/www.meydan.tv\\\/az\\\/#\\\/schema\\\/person\\\/10d11eccf6da3662cf5fdab9806ea91a\",\"name\":\"user-manager\"}]}<\/script>\n<!-- \/ Yoast SEO plugin. -->","yoast_head_json":{"title":"Jurnalistin \u00f6l\u00fcm\u00fc il\u0259 ba\u011fl\u0131 ilk m\u0259hk\u0259m\u0259 h\u00f6km\u00fc \u00e7\u0131xar\u0131l\u0131b - MEYDAN.TV","robots":{"index":"index","follow":"follow","max-snippet":"max-snippet:-1","max-image-preview":"max-image-preview:large","max-video-preview":"max-video-preview:-1"},"canonical":"https:\/\/www.meydan.tv\/az\/article\/jurnalistin-olumu-ile-bagli-ilk-mehkeme-hokmu-cixarilib\/","og_locale":"az_AZ","og_type":"article","og_title":"Jurnalistin \u00f6l\u00fcm\u00fc il\u0259 ba\u011fl\u0131 ilk m\u0259hk\u0259m\u0259 h\u00f6km\u00fc \u00e7\u0131xar\u0131l\u0131b - MEYDAN.TV","og_description":"Dig\u0259r \u015f\u00fcbh\u0259lil\u0259rin m\u0259hk\u0259m\u0259si 2020-ci ild\u0259 davam etdiril\u0259c\u0259k","og_url":"https:\/\/www.meydan.tv\/az\/article\/jurnalistin-olumu-ile-bagli-ilk-mehkeme-hokmu-cixarilib\/","og_site_name":"MEYDAN.TV","article_published_time":"2020-01-01T15:28:13+00:00","og_image":[{"width":925,"height":520,"url":"https:\/\/www.meydan.tv\/wp-content\/uploads\/e8c0eed8fcb751d005a2b29d338043f6.jpg","type":"image\/jpeg"}],"author":"user-manager","twitter_card":"summary_large_image","schema":{"@context":"https:\/\/schema.org","@graph":[{"@type":"Article","@id":"https:\/\/www.meydan.tv\/az\/article\/jurnalistin-olumu-ile-bagli-ilk-mehkeme-hokmu-cixarilib\/#article","isPartOf":{"@id":"https:\/\/www.meydan.tv\/az\/article\/jurnalistin-olumu-ile-bagli-ilk-mehkeme-hokmu-cixarilib\/"},"author":{"name":"user-manager","@id":"https:\/\/www.meydan.tv\/az\/#\/schema\/person\/10d11eccf6da3662cf5fdab9806ea91a"},"headline":"Jurnalistin \u00f6l\u00fcm\u00fc il\u0259 ba\u011fl\u0131 ilk m\u0259hk\u0259m\u0259 h\u00f6km\u00fc \u00e7\u0131xar\u0131l\u0131b","datePublished":"2020-01-01T15:28:13+00:00","mainEntityOfPage":{"@id":"https:\/\/www.meydan.tv\/az\/article\/jurnalistin-olumu-ile-bagli-ilk-mehkeme-hokmu-cixarilib\/"},"wordCount":260,"publisher":{"@id":"https:\/\/www.meydan.tv\/az\/#organization"},"image":{"@id":"https:\/\/www.meydan.tv\/az\/article\/jurnalistin-olumu-ile-bagli-ilk-mehkeme-hokmu-cixarilib\/#primaryimage"},"thumbnailUrl":"https:\/\/www.meydan.tv\/wp-content\/uploads\/e8c0eed8fcb751d005a2b29d338043f6.jpg","articleSection":["D\u00fcnya"],"inLanguage":"az"},{"@type":"WebPage","@id":"https:\/\/www.meydan.tv\/az\/article\/jurnalistin-olumu-ile-bagli-ilk-mehkeme-hokmu-cixarilib\/","url":"https:\/\/www.meydan.tv\/az\/article\/jurnalistin-olumu-ile-bagli-ilk-mehkeme-hokmu-cixarilib\/","name":"Jurnalistin \u00f6l\u00fcm\u00fc il\u0259 ba\u011fl\u0131 ilk m\u0259hk\u0259m\u0259 h\u00f6km\u00fc \u00e7\u0131xar\u0131l\u0131b - MEYDAN.TV","isPartOf":{"@id":"https:\/\/www.meydan.tv\/az\/#website"},"primaryImageOfPage":{"@id":"https:\/\/www.meydan.tv\/az\/article\/jurnalistin-olumu-ile-bagli-ilk-mehkeme-hokmu-cixarilib\/#primaryimage"},"image":{"@id":"https:\/\/www.meydan.tv\/az\/article\/jurnalistin-olumu-ile-bagli-ilk-mehkeme-hokmu-cixarilib\/#primaryimage"},"thumbnailUrl":"https:\/\/www.meydan.tv\/wp-content\/uploads\/e8c0eed8fcb751d005a2b29d338043f6.jpg","datePublished":"2020-01-01T15:28:13+00:00","breadcrumb":{"@id":"https:\/\/www.meydan.tv\/az\/article\/jurnalistin-olumu-ile-bagli-ilk-mehkeme-hokmu-cixarilib\/#breadcrumb"},"inLanguage":"az","potentialAction":[{"@type":"ReadAction","target":["https:\/\/www.meydan.tv\/az\/article\/jurnalistin-olumu-ile-bagli-ilk-mehkeme-hokmu-cixarilib\/"]}]},{"@type":"ImageObject","inLanguage":"az","@id":"https:\/\/www.meydan.tv\/az\/article\/jurnalistin-olumu-ile-bagli-ilk-mehkeme-hokmu-cixarilib\/#primaryimage","url":"https:\/\/www.meydan.tv\/wp-content\/uploads\/e8c0eed8fcb751d005a2b29d338043f6.jpg","contentUrl":"https:\/\/www.meydan.tv\/wp-content\/uploads\/e8c0eed8fcb751d005a2b29d338043f6.jpg","width":925,"height":520,"caption":"Source: \u0415\u041f\u0410\/\u0411\u0413\u041d\u0415\u0421"},{"@type":"BreadcrumbList","@id":"https:\/\/www.meydan.tv\/az\/article\/jurnalistin-olumu-ile-bagli-ilk-mehkeme-hokmu-cixarilib\/#breadcrumb","itemListElement":[{"@type":"ListItem","position":1,"name":"Ana s\u0259hif\u0259","item":"https:\/\/www.meydan.tv\/az\/"},{"@type":"ListItem","position":2,"name":"D\u00fcnya","item":"https:\/\/www.meydan.tv\/az\/section\/dunya\/"},{"@type":"ListItem","position":3,"name":"Jurnalistin \u00f6l\u00fcm\u00fc il\u0259 ba\u011fl\u0131 ilk m\u0259hk\u0259m\u0259 h\u00f6km\u00fc \u00e7\u0131xar\u0131l\u0131b"}]},{"@type":"WebSite","@id":"https:\/\/www.meydan.tv\/az\/#website","url":"https:\/\/www.meydan.tv\/az\/","name":"MEYDAN.TV","description":"Meydan TV Az\u0259rbaycan\u0131n media m\u0259kan\u0131ndak\u0131 alternativ s\u0259sidir","publisher":{"@id":"https:\/\/www.meydan.tv\/az\/#organization"},"potentialAction":[{"@type":"SearchAction","target":{"@type":"EntryPoint","urlTemplate":"https:\/\/www.meydan.tv\/az\/?s={search_term_string}"},"query-input":{"@type":"PropertyValueSpecification","valueRequired":true,"valueName":"search_term_string"}}],"inLanguage":"az"},{"@type":"Organization","@id":"https:\/\/www.meydan.tv\/az\/#organization","name":"Meydan TV","url":"https:\/\/www.meydan.tv\/az\/","logo":{"@type":"ImageObject","inLanguage":"az","@id":"https:\/\/www.meydan.tv\/az\/#\/schema\/logo\/image\/","url":"https:\/\/www.meydan.tv\/wp-content\/uploads\/2021\/07\/meydan-logo.svg","contentUrl":"https:\/\/www.meydan.tv\/wp-content\/uploads\/2021\/07\/meydan-logo.svg","width":195,"height":46,"caption":"Meydan TV"},"image":{"@id":"https:\/\/www.meydan.tv\/az\/#\/schema\/logo\/image\/"}},{"@type":"Person","@id":"https:\/\/www.meydan.tv\/az\/#\/schema\/person\/10d11eccf6da3662cf5fdab9806ea91a","name":"user-manager"}]}},"_links":{"self":[{"href":"https:\/\/www.meydan.tv\/az\/wp-json\/wp\/v2\/posts\/198619","targetHints":{"allow":["GET"]}}],"collection":[{"href":"https:\/\/www.meydan.tv\/az\/wp-json\/wp\/v2\/posts"}],"about":[{"href":"https:\/\/www.meydan.tv\/az\/wp-json\/wp\/v2\/types\/post"}],"author":[{"embeddable":true,"href":"https:\/\/www.meydan.tv\/az\/wp-json\/wp\/v2\/users\/11"}],"replies":[{"embeddable":true,"href":"https:\/\/www.meydan.tv\/az\/wp-json\/wp\/v2\/comments?post=198619"}],"version-history":[{"count":0,"href":"https:\/\/www.meydan.tv\/az\/wp-json\/wp\/v2\/posts\/198619\/revisions"}],"wp:featuredmedia":[{"embeddable":true,"href":"https:\/\/www.meydan.tv\/az\/wp-json\/wp\/v2\/media\/135325"}],"wp:attachment":[{"href":"https:\/\/www.meydan.tv\/az\/wp-json\/wp\/v2\/media?parent=198619"}],"wp:term":[{"taxonomy":"category","embeddable":true,"href":"https:\/\/www.meydan.tv\/az\/wp-json\/wp\/v2\/categories?post=198619"},{"taxonomy":"post_tag","embeddable":true,"href":"https:\/\/www.meydan.tv\/az\/wp-json\/wp\/v2\/tags?post=198619"}],"curies":[{"name":"wp","href":"https:\/\/api.w.org\/{rel}","templated":true}]}}