{"id":198615,"date":"2019-12-31T13:57:57","date_gmt":"2019-12-31T13:57:57","guid":{"rendered":"https:\/\/www.meydan.tv\/article\/sikayete-getdim-mehriban-eliyevanin-xalasi-qizi-50-manat-verdi\/"},"modified":"2019-12-31T13:57:57","modified_gmt":"2019-12-31T13:57:57","slug":"sikayete-getdim-mehriban-eliyevanin-xalasi-qizi-50-manat-verdi","status":"publish","type":"post","link":"https:\/\/www.meydan.tv\/az\/article\/sikayete-getdim-mehriban-eliyevanin-xalasi-qizi-50-manat-verdi\/","title":{"rendered":"\u201c\u015eikay\u0259t\u0259 getdim, Mehriban \u018fliyevan\u0131n xalas\u0131 q\u0131z\u0131 50 manat verdi\u201d"},"content":{"rendered":"<p>\n  <i><br \/>\n    G\u00f6y\u00e7ay sakini: \u201cSonuncu d\u0259f\u0259 \u0259t ad\u0131na \u00f6l\u00fc toyu\u011fu bi\u015firib yemi\u015fik\u201d<br \/>\n  <\/i>\n<\/p>\n<p>\n  G\u00f6y\u00e7ay sakini \u015e\u0259hla M\u0259mm\u0259dova bizi g\u00f6z ya\u015flar\u0131 il\u0259 qar\u015f\u0131lay\u0131r. Deyir ki, x\u0259r\u00e7\u0259ng x\u0259st\u0259liyi v\u0259 imkans\u0131zl\u0131q onun h\u0259yat\u0131n\u0131 darmada\u011f\u0131n edib.\n<\/p>\n<p>\n  <b><br \/>\n    <i><br \/>\n      \u201c\u0130cra ba\u015f\u00e7\u0131s\u0131na n\u0259 q\u0259d\u0259r yalvard\u0131m&#8230;.\u201d<br \/>\n    <\/i><br \/>\n  <\/b>\n<\/p>\n<p>\n  \u015e\u0259hla M\u0259mm\u0259dova x\u0259st\u0259liyin \u0259lam\u0259tl\u0259rini h\u0259l\u0259 2005-ci ild\u0259 ikinci \u00f6vlad\u0131 do\u011fulanda hiss edib. Dediyin\u0259 g\u00f6r\u0259, imkans\u0131zl\u0131qdan m\u00fcayin\u0259 oluna bilm\u0259yib. Be\u015f il \u0259vv\u0259l h\u0259r \u015feyin xeyli ciddi hal ald\u0131\u011f\u0131 \u00fcz\u0259 \u00e7\u0131x\u0131b. \u015e\u0259hlada yumurtal\u0131q x\u0259r\u00e7\u0259ngi a\u015fkar olunub. Zamanla b\u0259dxass\u0259li t\u00f6r\u0259m\u0259 \u00f6z\u00fcn\u00fc qabar\u0131q g\u00f6st\u0259rm\u0259y\u0259 ba\u015flay\u0131b.\n<\/p>\n<p>\n  \u201cOnda dedil\u0259r ki, t\u00f6r\u0259m\u0259 x\u0131rdad\u0131, ciddi problem deyil. Yumurtal\u0131\u011f\u0131n bir t\u0259r\u0259fini g\u00f6t\u00fcrd\u00fcl\u0259r. Ke\u00e7\u0259n ilin dekabr\u0131nda daxili qanaxma ba\u015flad\u0131. Bu il yanvar\u0131n 18-d\u0259 Bak\u0131da \u0259m\u0259liyyat olundum. Sonra qarn\u0131m\u0131n yava\u015f-yava\u015f \u015fi\u015fdiyini g\u00f6rd\u00fcm. M\u00fcayin\u0259 olundum, dedil\u0259r, yeti\u015fib, yen\u0259 var. Getdim icra hakimiyy\u0259tin\u0259, ba\u015f\u00e7\u0131ya n\u0259 q\u0259d\u0259r yalvard\u0131m. Burda \u0259m\u0259liyyata g\u00f6nd\u0259rdi. Amma yen\u0259 t\u00f6r\u0259m\u0259y\u0259 ba\u015flad\u0131. Respublika x\u0259st\u0259xanas\u0131nda h\u0259kim dedi ki, u\u015faql\u0131q tam \u00e7\u0131xar\u0131lmal\u0131d\u0131. \u0130ndi n\u00f6vb\u0259ti \u0259m\u0259liyyata ehtiyac var\u201d, &#8211; qad\u0131n dan\u0131\u015f\u0131r.\n<\/p>\n<p>\n  \u015e\u0259hla bu x\u0259st\u0259liy\u0259 g\u00f6r\u0259 4 \u0259m\u0259liyyat ke\u00e7irdiyini bildirir. Yaln\u0131z G\u00f6y\u00e7ay\u0131n icra ba\u015f\u00e7\u0131s\u0131 Mehdi S\u0259limzad\u0259nin q\u0259buluna d\u00fc\u015f\u0259nd\u0259n sonra \u0259m\u0259liyyatlardan birinin pulsuz edilm\u0259sin\u0259 nail ola bilib. Qalan hallarda pul \u00f6d\u0259m\u0259k laz\u0131m g\u0259lib.\n<\/p>\n<p>\n  \u201cH\u0259r d\u0259f\u0259 haradansa pul tap\u0131b \u0259m\u0259liyyat\u0131n haqq\u0131n\u0131 \u00f6d\u0259mi\u015f\u0259m. H\u0259tta kredit d\u0259 g\u00f6t\u00fcrm\u00fc\u015f\u0259m. Amma daha g\u00fcc\u00fcm qalmay\u0131b. N\u00f6vb\u0259ti \u0259m\u0259liyyat \u00fc\u00e7\u00fcn pul ist\u0259yirl\u0259r\u201d, &#8211; \u015e\u0259hla deyir.\n<\/p>\n<figure class=\"wp-block-image size-large\">\n  <img decoding=\"async\" src=\"https:\/\/www.meydan.tv\/az\/image_from_ios-3-jpg-45\/\" alt=\"image_from_ios (3).jpg\" class=\"wp-image-134781\"\/><figcaption>\n    &#8220;Yem\u0259yi orda yeyirdil\u0259r, ax\u015fam ev\u0259 g\u0259lirdil\u0259r&#8221;<br \/>\n  <\/figcaption><\/figure>\n<p>\n  <b><br \/>\n    <i><br \/>\n      \u201cU\u015faqlar\u0131m zibillikd\u0259n d\u0259mir y\u0131\u011f\u0131b sat\u0131r\u201d<br \/>\n    <\/i><br \/>\n  <\/b>\n<\/p>\n<p>\n  \u015e\u0259hla t\u0259nha anad\u0131r. Dediyin\u0259 g\u00f6r\u0259, h\u0259yat yolda\u015f\u0131 il\u0259 r\u0259smi nikah ba\u011flamad\u0131\u011f\u0131na g\u00f6r\u0259 ayr\u0131landa aliment\u0259 d\u0259 iddia ed\u0259 bilm\u0259yib. \u0130ki o\u011flunu t\u0259k b\u00f6y\u00fctm\u0259k y\u00fck\u00fc il\u0259 \u00fczl\u0259\u015fib. G\u00fcc\u00fc \u00e7atmay\u0131b, u\u015faqlar\u0131 G\u00f6y\u00e7aydak\u0131 inteqrasiya t\u0259limli internat tipli m\u0259kt\u0259b\u0259 verib.\n<\/p>\n<p>\n  \u201c\u0130mkans\u0131zl\u0131qdan bu add\u0131m\u0131 atd\u0131m. Yem\u0259yi orda yeyirdil\u0259r, ax\u015fam ev\u0259 g\u0259lirdil\u0259r. B\u00f6y\u00fck o\u011flum oran\u0131 t\u0259z\u0259c\u0259 qurtar\u0131b, pe\u015f\u0259 m\u0259kt\u0259bind\u0259 oxuyur. Ki\u00e7iyi h\u0259l\u0259 d\u0259 gedir. Gedir dey\u0259nd\u0259 ki&#8230; Bax\u0131n, ayaqlar\u0131nda corab yoxdu. C\u0131r\u0131q ayaqqab\u0131da g\u0259zirl\u0259r. U\u015faqlar\u0131m zibillikd\u0259n d\u0259mir y\u0131\u011f\u0131b sat\u0131r ki, \u00e7\u00f6r\u0259kpulumuz olsun\u201d, &#8211; \u015e\u0259hla a\u011flay\u0131r.\n<\/p>\n<p>\n  \u0130ki u\u015faq anas\u0131 s\u00fcp\u00fcrg\u0259\u00e7i i\u015fl\u0259yir, 174 manat m\u0259vacib al\u0131r. Sosial yard\u0131m almaq c\u0259hdi u\u011fursuzla bitib. Ail\u0259nin a\u011f\u0131r durumda oldu\u011funu g\u00f6rm\u0259k \u00fc\u00e7\u00fcn evin v\u0259ziyy\u0259tini azac\u0131q m\u00fc\u015fahid\u0259 etm\u0259k yet\u0259r. Ota\u011f\u0131n bir k\u00fcnc\u00fcnd\u0259 as\u0131lm\u0131\u015f sellofan torbada \u00e7\u00f6r\u0259k g\u00f6z\u0259 d\u0259yir. \u015e\u0259hla deyir ki, bundan ba\u015fqa evd\u0259 yem\u0259y\u0259 bir \u015fey yoxdur: \u201cAx\u0131r\u0131nc\u0131 d\u0259f\u0259 \u0259t ad\u0131na \u00f6l\u00fc toyu\u011fu bi\u015firib yemi\u015fik. Biz \u0259ti ancaq Qurban bayram\u0131nda g\u00f6r\u00fcr\u00fck\u201d.\n<\/p>\n<p>\n  <b><br \/>\n    <i><br \/>\n      \u201c\u00c7arpay\u0131n\u0131 qon\u015fu verdi, ham\u0131m\u0131z yerd\u0259 yat\u0131rd\u0131q\u201d<br \/>\n    <\/i><br \/>\n  <\/b>\n<\/p>\n<p>\n  \u015e\u0259hla h\u0259y\u0259cans\u0131z s\u00f6hb\u0259t ed\u0259 bilmir. Deyir ki, \u00f6l\u0259c\u0259yind\u0259n, u\u015faqlar\u0131n\u0131n ba\u015fs\u0131z qalaca\u011f\u0131ndan qorxur: \u201cAptekd\u0259 o\u011flan i\u015fl\u0259yir, m\u0259n\u0259 yaz\u0131\u011f\u0131 g\u0259lir, h\u0259rd\u0259n d\u0259rmanlar\u0131n pulunu cibind\u0259n verir. Yoxsa bir \u201cAnalgin\u201dl\u0259 ya\u015fay\u0131ram. Bu d\u0259qiq\u0259 a\u011fr\u0131dan otura bilmir\u0259m\u201d.\n<\/p>\n<p>\n  Qad\u0131n Heyd\u0259r \u018fliyev Fonduna m\u00fcraci\u0259t edib, qurumun r\u0259hb\u0259ri Mehriban \u018fliyeva il\u0259 g\u00f6r\u00fc\u015fm\u0259k ist\u0259diyini bildirib. Onu Birinci vitse-prezidentin xalas\u0131 q\u0131z\u0131 oldu\u011fu deyil\u0259n M\u0259lah\u0259t xan\u0131m q\u0259bul edib.\n<\/p>\n<figure class=\"wp-block-image size-large\">\n  <img decoding=\"async\" src=\"https:\/\/www.meydan.tv\/az\/image_from_ios-2-jpg-84\/\" alt=\"image_from_ios (2).jpg\" class=\"wp-image-134778\"\/><figcaption>\n    &#8220;H\u0259r d\u0259f\u0259 haradansa pul tap\u0131b \u0259m\u0259liyyat\u0131n haqq\u0131n\u0131 \u00f6d\u0259mi\u015f\u0259m&#8221;<br \/>\n  <\/figcaption><\/figure>\n<p>\n  \u201cMehriban \u018fliyevan\u0131n xalas\u0131 q\u0131z\u0131na dedim ki, G\u00f6y\u00e7aydan borc al\u0131b g\u0259lmi\u015f\u0259m. \u00c7\u0131xar\u0131b 50 manat verdi. Ba\u015fqa he\u00e7 bir k\u00f6m\u0259k olmad\u0131\u201d, &#8211; \u015e\u0259hla deyir.\n<\/p>\n<p>\n  T\u0259nha ana qaza borcun 500 manata \u00e7atd\u0131\u011f\u0131n\u0131 bildirir. U\u015faqlar G\u00f6y\u00e7ay\u0131 add\u0131m-add\u0131m g\u0259zib odun par\u00e7alar\u0131 toplay\u0131r, evi bu c\u00fcr q\u0131zd\u0131r\u0131rlar. \u015e\u0259hla h\u0259m dan\u0131\u015f\u0131r, h\u0259m d\u0259 a\u011flay\u0131r: \u201c\u0130\u015f\u0131\u011f\u0131 yax\u0131n g\u00fcnl\u0259rd\u0259 k\u0259s\u0259c\u0259kl\u0259r. D\u00fckana da xeyli borcumuz y\u0131\u011f\u0131l\u0131b. Evd\u0259 g\u00f6rd\u00fcy\u00fcn\u00fcz b\u00fct\u00fcn \u0259\u015fyalar\u0131 ba\u015fqalar\u0131 verib. Bax, \u0259yl\u0259\u015fdiyiniz stulu da ba\u015fqas\u0131 g\u0259tirib. U\u015faqlar\u0131m yerd\u0259 otururdular&#8230;.\u201d\n<\/p>\n<p>\n  Evd\u0259ki yegan\u0259 stuldan aya\u011fa qalxmaq laz\u0131m g\u0259lir. U\u015faqlar ayaq\u00fcst\u0259 qal\u0131b. \u015e\u0259hla yalvar\u0131r ki, ona k\u00f6m\u0259k olunsun.\n<\/p>\n<p>\n  G\u00f6y\u00e7ay Rayon \u0130cra Hakimiyy\u0259tind\u0259n Meydan TV-nin suallar\u0131n\u0131 cavabland\u0131rmaq ist\u0259m\u0259yibl\u0259r. Yalnz onu deyibl\u0259r ki, bu qurum v\u0259t\u0259nda\u015flar\u0131n sosial probleml\u0259rini h\u0259ll etm\u0259k \u00fc\u00e7\u00fcn deyil. Yen\u0259 d\u0259 v\u0259t\u0259nda\u015f onlara m\u00fcraci\u0259t ets\u0259, \u0259laq\u0259dar qurumlara y\u00f6nl\u0259ndir\u0259 bil\u0259rl\u0259r.<\/p>\n","protected":false},"excerpt":{"rendered":"<p>T\u0259nha ana qaza borcun 500 manata \u00e7atd\u0131\u011f\u0131n\u0131 bildirir.<\/p>\n","protected":false},"author":11,"featured_media":135322,"comment_status":"closed","ping_status":"open","sticky":false,"template":"","format":"standard","meta":{"_acf_changed":false,"_sitemap_exclude":false,"_sitemap_priority":"","_sitemap_frequency":"","footnotes":""},"categories":[60],"tags":[],"class_list":["post-198615","post","type-post","status-publish","format-standard","has-post-thumbnail","hentry","category-bolge","infinite-scroll-item","generate-columns","tablet-grid-50","mobile-grid-100","grid-parent","grid-33","no-featured-image-padding"],"acf":[],"yoast_head":"<!-- This site is optimized with the Yoast SEO plugin v27.5 - https:\/\/yoast.com\/product\/yoast-seo-wordpress\/ -->\n<title>\u201c\u015eikay\u0259t\u0259 getdim, Mehriban \u018fliyevan\u0131n xalas\u0131 q\u0131z\u0131 50 manat verdi\u201d - MEYDAN.TV<\/title>\n<meta name=\"robots\" content=\"index, follow, max-snippet:-1, max-image-preview:large, max-video-preview:-1\" \/>\n<link rel=\"canonical\" href=\"https:\/\/www.meydan.tv\/az\/article\/sikayete-getdim-mehriban-eliyevanin-xalasi-qizi-50-manat-verdi\/\" \/>\n<meta property=\"og:locale\" content=\"az_AZ\" \/>\n<meta property=\"og:type\" content=\"article\" \/>\n<meta property=\"og:title\" content=\"\u201c\u015eikay\u0259t\u0259 getdim, Mehriban \u018fliyevan\u0131n xalas\u0131 q\u0131z\u0131 50 manat verdi\u201d - MEYDAN.TV\" \/>\n<meta property=\"og:description\" content=\"T\u0259nha ana qaza borcun 500 manata \u00e7atd\u0131\u011f\u0131n\u0131 bildirir.\" \/>\n<meta property=\"og:url\" content=\"https:\/\/www.meydan.tv\/az\/article\/sikayete-getdim-mehriban-eliyevanin-xalasi-qizi-50-manat-verdi\/\" \/>\n<meta property=\"og:site_name\" content=\"MEYDAN.TV\" \/>\n<meta property=\"article:published_time\" content=\"2019-12-31T13:57:57+00:00\" \/>\n<meta property=\"og:image\" content=\"https:\/\/www.meydan.tv\/wp-content\/uploads\/copy_of_untitled_design.jpg\" \/>\n\t<meta property=\"og:image:width\" content=\"1280\" \/>\n\t<meta property=\"og:image:height\" content=\"720\" \/>\n\t<meta property=\"og:image:type\" content=\"image\/jpeg\" \/>\n<meta name=\"author\" content=\"user-manager\" \/>\n<meta name=\"twitter:card\" content=\"summary_large_image\" \/>\n<script type=\"application\/ld+json\" class=\"yoast-schema-graph\">{\"@context\":\"https:\\\/\\\/schema.org\",\"@graph\":[{\"@type\":\"Article\",\"@id\":\"https:\\\/\\\/www.meydan.tv\\\/az\\\/article\\\/sikayete-getdim-mehriban-eliyevanin-xalasi-qizi-50-manat-verdi\\\/#article\",\"isPartOf\":{\"@id\":\"https:\\\/\\\/www.meydan.tv\\\/az\\\/article\\\/sikayete-getdim-mehriban-eliyevanin-xalasi-qizi-50-manat-verdi\\\/\"},\"author\":{\"name\":\"user-manager\",\"@id\":\"https:\\\/\\\/www.meydan.tv\\\/az\\\/#\\\/schema\\\/person\\\/10d11eccf6da3662cf5fdab9806ea91a\"},\"headline\":\"\u201c\u015eikay\u0259t\u0259 getdim, Mehriban \u018fliyevan\u0131n xalas\u0131 q\u0131z\u0131 50 manat verdi\u201d\",\"datePublished\":\"2019-12-31T13:57:57+00:00\",\"mainEntityOfPage\":{\"@id\":\"https:\\\/\\\/www.meydan.tv\\\/az\\\/article\\\/sikayete-getdim-mehriban-eliyevanin-xalasi-qizi-50-manat-verdi\\\/\"},\"wordCount\":957,\"publisher\":{\"@id\":\"https:\\\/\\\/www.meydan.tv\\\/az\\\/#organization\"},\"image\":{\"@id\":\"https:\\\/\\\/www.meydan.tv\\\/az\\\/article\\\/sikayete-getdim-mehriban-eliyevanin-xalasi-qizi-50-manat-verdi\\\/#primaryimage\"},\"thumbnailUrl\":\"https:\\\/\\\/www.meydan.tv\\\/wp-content\\\/uploads\\\/copy_of_untitled_design.jpg\",\"articleSection\":[\"B\u00f6lg\u0259\"],\"inLanguage\":\"az\"},{\"@type\":\"WebPage\",\"@id\":\"https:\\\/\\\/www.meydan.tv\\\/az\\\/article\\\/sikayete-getdim-mehriban-eliyevanin-xalasi-qizi-50-manat-verdi\\\/\",\"url\":\"https:\\\/\\\/www.meydan.tv\\\/az\\\/article\\\/sikayete-getdim-mehriban-eliyevanin-xalasi-qizi-50-manat-verdi\\\/\",\"name\":\"\u201c\u015eikay\u0259t\u0259 getdim, Mehriban \u018fliyevan\u0131n xalas\u0131 q\u0131z\u0131 50 manat verdi\u201d - MEYDAN.TV\",\"isPartOf\":{\"@id\":\"https:\\\/\\\/www.meydan.tv\\\/az\\\/#website\"},\"primaryImageOfPage\":{\"@id\":\"https:\\\/\\\/www.meydan.tv\\\/az\\\/article\\\/sikayete-getdim-mehriban-eliyevanin-xalasi-qizi-50-manat-verdi\\\/#primaryimage\"},\"image\":{\"@id\":\"https:\\\/\\\/www.meydan.tv\\\/az\\\/article\\\/sikayete-getdim-mehriban-eliyevanin-xalasi-qizi-50-manat-verdi\\\/#primaryimage\"},\"thumbnailUrl\":\"https:\\\/\\\/www.meydan.tv\\\/wp-content\\\/uploads\\\/copy_of_untitled_design.jpg\",\"datePublished\":\"2019-12-31T13:57:57+00:00\",\"breadcrumb\":{\"@id\":\"https:\\\/\\\/www.meydan.tv\\\/az\\\/article\\\/sikayete-getdim-mehriban-eliyevanin-xalasi-qizi-50-manat-verdi\\\/#breadcrumb\"},\"inLanguage\":\"az\",\"potentialAction\":[{\"@type\":\"ReadAction\",\"target\":[\"https:\\\/\\\/www.meydan.tv\\\/az\\\/article\\\/sikayete-getdim-mehriban-eliyevanin-xalasi-qizi-50-manat-verdi\\\/\"]}]},{\"@type\":\"ImageObject\",\"inLanguage\":\"az\",\"@id\":\"https:\\\/\\\/www.meydan.tv\\\/az\\\/article\\\/sikayete-getdim-mehriban-eliyevanin-xalasi-qizi-50-manat-verdi\\\/#primaryimage\",\"url\":\"https:\\\/\\\/www.meydan.tv\\\/wp-content\\\/uploads\\\/copy_of_untitled_design.jpg\",\"contentUrl\":\"https:\\\/\\\/www.meydan.tv\\\/wp-content\\\/uploads\\\/copy_of_untitled_design.jpg\",\"width\":1280,\"height\":720,\"caption\":\"Source: Meydan TV\"},{\"@type\":\"BreadcrumbList\",\"@id\":\"https:\\\/\\\/www.meydan.tv\\\/az\\\/article\\\/sikayete-getdim-mehriban-eliyevanin-xalasi-qizi-50-manat-verdi\\\/#breadcrumb\",\"itemListElement\":[{\"@type\":\"ListItem\",\"position\":1,\"name\":\"Ana s\u0259hif\u0259\",\"item\":\"https:\\\/\\\/www.meydan.tv\\\/az\\\/\"},{\"@type\":\"ListItem\",\"position\":2,\"name\":\"B\u00f6lg\u0259\",\"item\":\"https:\\\/\\\/www.meydan.tv\\\/az\\\/section\\\/bolge\\\/\"},{\"@type\":\"ListItem\",\"position\":3,\"name\":\"\u201c\u015eikay\u0259t\u0259 getdim, Mehriban \u018fliyevan\u0131n xalas\u0131 q\u0131z\u0131 50 manat verdi\u201d\"}]},{\"@type\":\"WebSite\",\"@id\":\"https:\\\/\\\/www.meydan.tv\\\/az\\\/#website\",\"url\":\"https:\\\/\\\/www.meydan.tv\\\/az\\\/\",\"name\":\"MEYDAN.TV\",\"description\":\"Meydan TV Az\u0259rbaycan\u0131n media m\u0259kan\u0131ndak\u0131 alternativ s\u0259sidir\",\"publisher\":{\"@id\":\"https:\\\/\\\/www.meydan.tv\\\/az\\\/#organization\"},\"potentialAction\":[{\"@type\":\"SearchAction\",\"target\":{\"@type\":\"EntryPoint\",\"urlTemplate\":\"https:\\\/\\\/www.meydan.tv\\\/az\\\/?s={search_term_string}\"},\"query-input\":{\"@type\":\"PropertyValueSpecification\",\"valueRequired\":true,\"valueName\":\"search_term_string\"}}],\"inLanguage\":\"az\"},{\"@type\":\"Organization\",\"@id\":\"https:\\\/\\\/www.meydan.tv\\\/az\\\/#organization\",\"name\":\"Meydan TV\",\"url\":\"https:\\\/\\\/www.meydan.tv\\\/az\\\/\",\"logo\":{\"@type\":\"ImageObject\",\"inLanguage\":\"az\",\"@id\":\"https:\\\/\\\/www.meydan.tv\\\/az\\\/#\\\/schema\\\/logo\\\/image\\\/\",\"url\":\"https:\\\/\\\/www.meydan.tv\\\/wp-content\\\/uploads\\\/2021\\\/07\\\/meydan-logo.svg\",\"contentUrl\":\"https:\\\/\\\/www.meydan.tv\\\/wp-content\\\/uploads\\\/2021\\\/07\\\/meydan-logo.svg\",\"width\":195,\"height\":46,\"caption\":\"Meydan TV\"},\"image\":{\"@id\":\"https:\\\/\\\/www.meydan.tv\\\/az\\\/#\\\/schema\\\/logo\\\/image\\\/\"}},{\"@type\":\"Person\",\"@id\":\"https:\\\/\\\/www.meydan.tv\\\/az\\\/#\\\/schema\\\/person\\\/10d11eccf6da3662cf5fdab9806ea91a\",\"name\":\"user-manager\"}]}<\/script>\n<!-- \/ Yoast SEO plugin. -->","yoast_head_json":{"title":"\u201c\u015eikay\u0259t\u0259 getdim, Mehriban \u018fliyevan\u0131n xalas\u0131 q\u0131z\u0131 50 manat verdi\u201d - MEYDAN.TV","robots":{"index":"index","follow":"follow","max-snippet":"max-snippet:-1","max-image-preview":"max-image-preview:large","max-video-preview":"max-video-preview:-1"},"canonical":"https:\/\/www.meydan.tv\/az\/article\/sikayete-getdim-mehriban-eliyevanin-xalasi-qizi-50-manat-verdi\/","og_locale":"az_AZ","og_type":"article","og_title":"\u201c\u015eikay\u0259t\u0259 getdim, Mehriban \u018fliyevan\u0131n xalas\u0131 q\u0131z\u0131 50 manat verdi\u201d - MEYDAN.TV","og_description":"T\u0259nha ana qaza borcun 500 manata \u00e7atd\u0131\u011f\u0131n\u0131 bildirir.","og_url":"https:\/\/www.meydan.tv\/az\/article\/sikayete-getdim-mehriban-eliyevanin-xalasi-qizi-50-manat-verdi\/","og_site_name":"MEYDAN.TV","article_published_time":"2019-12-31T13:57:57+00:00","og_image":[{"width":1280,"height":720,"url":"https:\/\/www.meydan.tv\/wp-content\/uploads\/copy_of_untitled_design.jpg","type":"image\/jpeg"}],"author":"user-manager","twitter_card":"summary_large_image","schema":{"@context":"https:\/\/schema.org","@graph":[{"@type":"Article","@id":"https:\/\/www.meydan.tv\/az\/article\/sikayete-getdim-mehriban-eliyevanin-xalasi-qizi-50-manat-verdi\/#article","isPartOf":{"@id":"https:\/\/www.meydan.tv\/az\/article\/sikayete-getdim-mehriban-eliyevanin-xalasi-qizi-50-manat-verdi\/"},"author":{"name":"user-manager","@id":"https:\/\/www.meydan.tv\/az\/#\/schema\/person\/10d11eccf6da3662cf5fdab9806ea91a"},"headline":"\u201c\u015eikay\u0259t\u0259 getdim, Mehriban \u018fliyevan\u0131n xalas\u0131 q\u0131z\u0131 50 manat verdi\u201d","datePublished":"2019-12-31T13:57:57+00:00","mainEntityOfPage":{"@id":"https:\/\/www.meydan.tv\/az\/article\/sikayete-getdim-mehriban-eliyevanin-xalasi-qizi-50-manat-verdi\/"},"wordCount":957,"publisher":{"@id":"https:\/\/www.meydan.tv\/az\/#organization"},"image":{"@id":"https:\/\/www.meydan.tv\/az\/article\/sikayete-getdim-mehriban-eliyevanin-xalasi-qizi-50-manat-verdi\/#primaryimage"},"thumbnailUrl":"https:\/\/www.meydan.tv\/wp-content\/uploads\/copy_of_untitled_design.jpg","articleSection":["B\u00f6lg\u0259"],"inLanguage":"az"},{"@type":"WebPage","@id":"https:\/\/www.meydan.tv\/az\/article\/sikayete-getdim-mehriban-eliyevanin-xalasi-qizi-50-manat-verdi\/","url":"https:\/\/www.meydan.tv\/az\/article\/sikayete-getdim-mehriban-eliyevanin-xalasi-qizi-50-manat-verdi\/","name":"\u201c\u015eikay\u0259t\u0259 getdim, Mehriban \u018fliyevan\u0131n xalas\u0131 q\u0131z\u0131 50 manat verdi\u201d - MEYDAN.TV","isPartOf":{"@id":"https:\/\/www.meydan.tv\/az\/#website"},"primaryImageOfPage":{"@id":"https:\/\/www.meydan.tv\/az\/article\/sikayete-getdim-mehriban-eliyevanin-xalasi-qizi-50-manat-verdi\/#primaryimage"},"image":{"@id":"https:\/\/www.meydan.tv\/az\/article\/sikayete-getdim-mehriban-eliyevanin-xalasi-qizi-50-manat-verdi\/#primaryimage"},"thumbnailUrl":"https:\/\/www.meydan.tv\/wp-content\/uploads\/copy_of_untitled_design.jpg","datePublished":"2019-12-31T13:57:57+00:00","breadcrumb":{"@id":"https:\/\/www.meydan.tv\/az\/article\/sikayete-getdim-mehriban-eliyevanin-xalasi-qizi-50-manat-verdi\/#breadcrumb"},"inLanguage":"az","potentialAction":[{"@type":"ReadAction","target":["https:\/\/www.meydan.tv\/az\/article\/sikayete-getdim-mehriban-eliyevanin-xalasi-qizi-50-manat-verdi\/"]}]},{"@type":"ImageObject","inLanguage":"az","@id":"https:\/\/www.meydan.tv\/az\/article\/sikayete-getdim-mehriban-eliyevanin-xalasi-qizi-50-manat-verdi\/#primaryimage","url":"https:\/\/www.meydan.tv\/wp-content\/uploads\/copy_of_untitled_design.jpg","contentUrl":"https:\/\/www.meydan.tv\/wp-content\/uploads\/copy_of_untitled_design.jpg","width":1280,"height":720,"caption":"Source: Meydan TV"},{"@type":"BreadcrumbList","@id":"https:\/\/www.meydan.tv\/az\/article\/sikayete-getdim-mehriban-eliyevanin-xalasi-qizi-50-manat-verdi\/#breadcrumb","itemListElement":[{"@type":"ListItem","position":1,"name":"Ana s\u0259hif\u0259","item":"https:\/\/www.meydan.tv\/az\/"},{"@type":"ListItem","position":2,"name":"B\u00f6lg\u0259","item":"https:\/\/www.meydan.tv\/az\/section\/bolge\/"},{"@type":"ListItem","position":3,"name":"\u201c\u015eikay\u0259t\u0259 getdim, Mehriban \u018fliyevan\u0131n xalas\u0131 q\u0131z\u0131 50 manat verdi\u201d"}]},{"@type":"WebSite","@id":"https:\/\/www.meydan.tv\/az\/#website","url":"https:\/\/www.meydan.tv\/az\/","name":"MEYDAN.TV","description":"Meydan TV Az\u0259rbaycan\u0131n media m\u0259kan\u0131ndak\u0131 alternativ s\u0259sidir","publisher":{"@id":"https:\/\/www.meydan.tv\/az\/#organization"},"potentialAction":[{"@type":"SearchAction","target":{"@type":"EntryPoint","urlTemplate":"https:\/\/www.meydan.tv\/az\/?s={search_term_string}"},"query-input":{"@type":"PropertyValueSpecification","valueRequired":true,"valueName":"search_term_string"}}],"inLanguage":"az"},{"@type":"Organization","@id":"https:\/\/www.meydan.tv\/az\/#organization","name":"Meydan TV","url":"https:\/\/www.meydan.tv\/az\/","logo":{"@type":"ImageObject","inLanguage":"az","@id":"https:\/\/www.meydan.tv\/az\/#\/schema\/logo\/image\/","url":"https:\/\/www.meydan.tv\/wp-content\/uploads\/2021\/07\/meydan-logo.svg","contentUrl":"https:\/\/www.meydan.tv\/wp-content\/uploads\/2021\/07\/meydan-logo.svg","width":195,"height":46,"caption":"Meydan TV"},"image":{"@id":"https:\/\/www.meydan.tv\/az\/#\/schema\/logo\/image\/"}},{"@type":"Person","@id":"https:\/\/www.meydan.tv\/az\/#\/schema\/person\/10d11eccf6da3662cf5fdab9806ea91a","name":"user-manager"}]}},"_links":{"self":[{"href":"https:\/\/www.meydan.tv\/az\/wp-json\/wp\/v2\/posts\/198615","targetHints":{"allow":["GET"]}}],"collection":[{"href":"https:\/\/www.meydan.tv\/az\/wp-json\/wp\/v2\/posts"}],"about":[{"href":"https:\/\/www.meydan.tv\/az\/wp-json\/wp\/v2\/types\/post"}],"author":[{"embeddable":true,"href":"https:\/\/www.meydan.tv\/az\/wp-json\/wp\/v2\/users\/11"}],"replies":[{"embeddable":true,"href":"https:\/\/www.meydan.tv\/az\/wp-json\/wp\/v2\/comments?post=198615"}],"version-history":[{"count":0,"href":"https:\/\/www.meydan.tv\/az\/wp-json\/wp\/v2\/posts\/198615\/revisions"}],"wp:featuredmedia":[{"embeddable":true,"href":"https:\/\/www.meydan.tv\/az\/wp-json\/wp\/v2\/media\/135322"}],"wp:attachment":[{"href":"https:\/\/www.meydan.tv\/az\/wp-json\/wp\/v2\/media?parent=198615"}],"wp:term":[{"taxonomy":"category","embeddable":true,"href":"https:\/\/www.meydan.tv\/az\/wp-json\/wp\/v2\/categories?post=198615"},{"taxonomy":"post_tag","embeddable":true,"href":"https:\/\/www.meydan.tv\/az\/wp-json\/wp\/v2\/tags?post=198615"}],"curies":[{"name":"wp","href":"https:\/\/api.w.org\/{rel}","templated":true}]}}