{"id":198612,"date":"2019-12-31T13:51:42","date_gmt":"2019-12-31T13:51:42","guid":{"rendered":"https:\/\/www.meydan.tv\/article\/qardasim-polis-sobesindeki-isgencelerden-17-gun-sonra-oldu\/"},"modified":"2019-12-31T13:51:42","modified_gmt":"2019-12-31T13:51:42","slug":"qardasim-polis-sobesindeki-isgencelerden-17-gun-sonra-oldu","status":"publish","type":"post","link":"https:\/\/www.meydan.tv\/az\/article\/qardasim-polis-sobesindeki-isgencelerden-17-gun-sonra-oldu\/","title":{"rendered":"\u201cQarda\u015f\u0131m polis \u015f\u00f6b\u0259sind\u0259ki i\u015fg\u0259nc\u0259l\u0259rd\u0259n 17 g\u00fcn sonra \u00f6ld\u00fc\u201d"},"content":{"rendered":"<p>\n  <i><br \/>\n    Xudat sakini Ramin \u018fliosmanovun ald\u0131\u011f\u0131 x\u0259sar\u0259tl\u0259rd\u0259n \u00f6ld\u00fcy\u00fc g\u00fcman edilir<br \/>\n  <\/i>\n<\/p>\n<p>\n  \u201cGec\u0259 saat 11-d\u0259 m\u0259h\u0259ll\u0259d\u0259 dayan\u0131b siqaret \u00e7\u0259kirmi\u015f, iki ma\u015f\u0131n polis t\u00f6k\u00fcl\u00fc\u015f\u00fcb m\u0259h\u0259ll\u0259y\u0259, \u0259lini-aya\u011f\u0131n\u0131 ba\u011flay\u0131b, at\u0131blar ma\u015f\u0131na, apar\u0131blar Xudat polis \u015f\u00f6b\u0259sin\u0259&#8230; S\u0259h\u0259r\u0259c\u0259n i\u015fg\u0259nc\u0259 veribl\u0259r, s\u0259h\u0259r d\u0259 ordan Xa\u00e7maz Polis \u015e\u00f6b\u0259sin\u0259 g\u00f6t\u00fcr\u00fcbl\u0259r\u201d.\n<\/p>\n<p>\n  Bu il noyabr\u0131n 22-d\u0259 Xudat sakini, 35 ya\u015fl\u0131 Ramin \u018fliosmanovun meyiti ya\u015fad\u0131\u011f\u0131 evin vanna ota\u011f\u0131ndan tap\u0131l\u0131b. Bac\u0131s\u0131 Nazil\u0259 M\u0259likova iddia edir ki, qarda\u015f\u0131 Ramin \u00f6l\u00fcm\u00fcnd\u0259n bir ne\u00e7\u0259 g\u00fcn \u0259vv\u0259l saxlan\u0131ld\u0131\u011f\u0131 Xudat Polis \u015e\u00f6b\u0259sind\u0259 ona veril\u0259n i\u015fg\u0259nc\u0259l\u0259r n\u0259tic\u0259sind\u0259 ald\u0131\u011f\u0131 x\u0259sar\u0259tl\u0259rin t\u0259sirind\u0259n \u00f6l\u00fcb.\n<\/p>\n<p>\n  Nazil\u0259 M\u0259likovan\u0131n s\u00f6zl\u0259rin\u0259 g\u00f6r\u0259, qarda\u015f\u0131 Ramin \u018fliosmanov noyabr\u0131n 2-d\u0259 ya\u015fad\u0131\u011f\u0131 m\u0259h\u0259ll\u0259d\u0259 polisl\u0259r t\u0259r\u0259find\u0259n ma\u015f\u0131na mindiril\u0259r\u0259k Xudat Polis \u015e\u00f6b\u0259sin\u0259 apar\u0131l\u0131b. El\u0259 h\u0259min gec\u0259 polisl\u0259r Raminin dostuna m\u0259xsus avtomobili d\u0259 g\u0259lib m\u0259h\u0259ll\u0259d\u0259n apar\u0131blar.\n<\/p>\n<p>\n  <b><br \/>\n    \u201cAnam\u0131 aldad\u0131b 300 manat\u0131n\u0131 alm\u0131\u015fd\u0131lar\u201d<br \/>\n  <\/b>\n<\/p>\n<p>\n  \u201c\u018fvv\u0259l Ramini apar\u0131blar, sonra da dostunun ma\u015f\u0131n\u0131n\u0131&#8230; Sabah\u0131 g\u00fcn dostu ma\u015f\u0131n\u0131n dal\u0131nca g\u0259l\u0259nd\u0259 g\u00f6r\u00fcb ki, yerind\u0259 yoxdur. Anama deyib, ma\u015f\u0131n\u0131 Ramin\u0259 verib getmi\u015fdim. Anamsa bildirib ki, Ramin d\u0259 gec\u0259d\u0259n evd\u0259 yoxdur. Ramini g\u00fcnortaya q\u0259d\u0259r axtar\u0131blar, g\u00fcnorta Raminin d\u0259, ma\u015f\u0131n\u0131n da sora\u011f\u0131 Xudat Polis \u015e\u00f6b\u0259sind\u0259n \u00e7\u0131x\u0131b. Xudat Polis \u015e\u00f6b\u0259sind\u0259 anama deyibl\u0259r ki, Ramin i\u00e7ind\u0259 cinay\u0259t t\u00f6r\u0259tdiyi \u00fc\u00e7\u00fcn ma\u015f\u0131n \u015f\u00f6b\u0259y\u0259 g\u0259tirilib. Ma\u015f\u0131n\u0131 geri qaytarmaq \u00fc\u00e7\u00fcn anamdan 500 manat ist\u0259yibl\u0259r. Anam da ya\u015fl\u0131 arvadd\u0131r, polisl\u0259r\u0259 inan\u0131b, ancaq 300 manat toplaya bilib v\u0259 apar\u0131b polisl\u0259r\u0259 verib, ma\u015f\u0131n\u0131 qaytar\u0131blar. 3 g\u00fcn sonra Ramin ev\u0259 burax\u0131landa m\u0259lum olub ki, ma\u015f\u0131nl\u0131q bir i\u015f yox imi\u015f, anam\u0131 aldad\u0131blarm\u0131\u015f. Biz ora-bura \u015fikay\u0259t ed\u0259c\u0259yimizi dey\u0259nd\u0259n sonra anam\u0131 \u00e7a\u011f\u0131r\u0131b 300 mana\u0131 \u00f6z\u00fcn\u0259 qaytard\u0131lar\u201d, &#8211; Nazil\u0259 M\u0259likova dan\u0131\u015f\u0131r.\n<\/p>\n<p>\n  Qad\u0131n deyir, qarda\u015f\u0131 1 g\u00fcn Xudat, 2 g\u00fcn Xa\u00e7maz polis \u015f\u00f6b\u0259l\u0259rind\u0259 saxlan\u0131l\u0131b, noyabr\u0131n 5-d\u0259 bar\u0259sind\u0259 h\u0259bs-q\u0259timkan t\u0259dbiri se\u00e7ilm\u0259si \u00fc\u00e7\u00fcn Xa\u00e7maz Rayon M\u0259hk\u0259m\u0259sin\u0259 g\u00f6t\u00fcr\u00fcl\u00fcb. Ancaq m\u0259hk\u0259m\u0259d\u0259n ev\u0259 burax\u0131l\u0131b.\n<\/p>\n<p>\n  <b><br \/>\n    \u201cHakim demi\u015fdi, adamlar\u0131 niy\u0259 bu v\u0259ziyy\u0259t\u0259 qoyursuz\u201d<br \/>\n  <\/b>\n<\/p>\n<p>\n  \u201cNoyabr\u0131n 5-d\u0259 ax\u015famt\u0259r\u0259fi ev\u0259 g\u0259ldi. Ba\u015f\u0131-g\u00f6z\u00fc, b\u0259d\u0259ni g\u00f6mg\u00f6y idi. Dedi, \u201cm\u0259n\u0259 \u00e7oxlu i\u015fg\u0259nc\u0259l\u0259r verilib. M\u0259hk\u0259m\u0259y\u0259 g\u00f6t\u00fcr\u00fcl\u0259nd\u0259 d\u0259 hal\u0131m \u00fcst\u00fcmd\u0259 deyildi. Hakim m\u0259n\u0259 baxd\u0131, polisl\u0259r\u0259 ac\u0131qland\u0131, dedi, indi m\u0259n bunu K\u00fcrd\u0259xan\u0131ya (istintaq t\u0259cridxanas\u0131) nec\u0259 g\u00f6nd\u0259rim? Adamlar\u0131 el\u0259 g\u00fcn\u0259 qoyub bura g\u0259tirirsiz ki, burdan o t\u0259r\u0259f\u0259 g\u00f6nd\u0259rm\u0259k olmur. Hakim h\u0259bs-q\u0259timkan t\u0259dbiri se\u00e7m\u0259di, m\u0259ni ev\u0259 buraxd\u0131lar ki, bir az m\u00fcalic\u0259 olunum, sonra m\u0259hk\u0259m\u0259m olacaq\u201d. Ramin\u0259 Cinay\u0259t M\u0259c\u0259ll\u0259sinin 234.2 (Sat\u0131\u015f m\u0259qs\u0259dil\u0259 narkotik vasit\u0259l\u0259ri \u0259ld\u0259 etm\u0259\u201d madd\u0259si verilmi\u015fdi. Ham\u0131 m\u0259\u0259tt\u0259l qalm\u0131\u015fd\u0131 ki, o madd\u0259yl\u0259 adam\u0131 nec\u0259 ev\u0259 buraxarlar&#8230; Ramin ev\u0259 burax\u0131lan g\u00fcnd\u0259n h\u0259m m\u00fcalic\u0259 olunmaqla, h\u0259m d\u0259 \u015fikay\u0259t yazmaqla m\u0259\u015f\u011ful idi. Xudat polis r\u0259isi tez-tez ev\u0259 x\u0259b\u0259r g\u00f6nd\u0259rirdi ki, \u015fikay\u0259tl\u0259ri dayand\u0131rs\u0131n. Xa\u00e7maz Polis \u015e\u00f6b\u0259sinin m\u00fcst\u0259ntiqi is\u0259 anam\u0131 \u00e7a\u011f\u0131r\u0131b s\u00f6z vermi\u015fdi ki, Ramin ora-bura \u015fikay\u0259tl\u0259rini dayand\u0131rsa, 234.2-ni d\u0259yi\u015fib 234.1-l\u0259 \u0259v\u0259z ed\u0259 bil\u0259r\u201d, &#8211; m\u0259rhumun bac\u0131s\u0131 dan\u0131\u015f\u0131r.\n<\/p>\n<p>\n  <b><br \/>\n    \u201cDaxili orqanlar\u0131 s\u0131radan \u00e7\u0131xm\u0131\u015fd\u0131\u201d<br \/>\n  <\/b>\n<\/p>\n<p>\n  Nazil\u0259 M\u0259likovan\u0131n s\u00f6zl\u0259rin\u0259 g\u00f6r\u0259, Ramin ona veril\u0259n i\u015fg\u0259nc\u0259l\u0259rl\u0259 ba\u011fl\u0131 Xa\u00e7maz Rayon Prokurorlu\u011funa \u0259riz\u0259 il\u0259 m\u00fcraci\u0259t edib:\n<\/p>\n<p>\n  \u201cRamin ev\u0259 qay\u0131dandan sonra \u00fcst\u00fc a\u00e7\u0131ld\u0131 ki, qap\u0131dan ma\u015f\u0131n\u0131 aparmaqda m\u0259qs\u0259dl\u0259ri pul qoparmaq olub. Qeyd etdiyim kimi, bunu bil\u0259nd\u0259n sonra anam prokurorlu\u011fa \u015fikay\u0259t ed\u0259c\u0259yini dedi v\u0259 buna g\u00f6r\u0259 d\u0259 polisl\u0259r 300 manat\u0131 geri qaytard\u0131lar. \u0130\u015fg\u0259nc\u0259l\u0259r\u0259 g\u0259linc\u0259, Ramin dan\u0131\u015f\u0131rd\u0131 ki, onu Xudat Polis \u015e\u00f6b\u0259sind\u0259 qap\u0131n\u0131n \u00fcst\u00fcnd\u0259ki d\u0259mir barmaql\u0131qlara ba\u011flay\u0131b, d\u00f6y\u00fcbl\u0259r. Qarda\u015f\u0131m d\u00f6rd d\u0259f\u0259 c\u0259rrahiyy\u0259 \u0259m\u0259liyyat\u0131 ke\u00e7irmi\u015fdi. Sonuncu d\u0259f\u0259ki m\u0259d\u0259 \u0259m\u0259liyyat\u0131ndan he\u00e7 bir il ke\u00e7m\u0259mi\u015fdi. O, bu bar\u0259d\u0259 polisl\u0259r\u0259 bildirmi\u015fdi ki, m\u0259d\u0259sin\u0259 z\u0259rb\u0259l\u0259r vurmas\u0131nlar. Ancaq bunu bil\u0259nd\u0259n sonra polisl\u0259r onun m\u0259d\u0259sin\u0259 \u00e7oxlu t\u0259pikl\u0259r vurmu\u015fdular. T\u0259l\u0259b etmi\u015fdil\u0259r ki, narkotiki ald\u0131\u011f\u0131 adamlar\u0131n adlar\u0131n\u0131 \u00e7\u0259ksin. Ramin ev\u0259 burax\u0131landan sonra Xa\u00e7maz Rayon Prokurorlu\u011funa \u0259riz\u0259 il\u0259 m\u00fcraci\u0259t etdi. H\u0259tta rayon prokuroru \u015f\u0259xs\u0259n \u00f6z\u00fc onu q\u0259bul edib dinl\u0259mi\u015fdi. Ramin gec\u0259l\u0259r a\u011fr\u0131lardan yata bilmirdi. H\u0259kim\u0259 apar\u0131rd\u0131q, daxili orqanlar\u0131n\u0131 m\u00fcalic\u0259 etdirirdik. O q\u0259d\u0259r vurmu\u015fdular ki, b\u00fct\u00fcn daxili orqanlar\u0131 s\u0131radan \u00e7\u0131xm\u0131\u015fd\u0131\u201c.\n<\/p>\n<figure class=\"wp-block-image size-large\">\n  <img decoding=\"async\" src=\"https:\/\/www.meydan.tv\/az\/screenshot-2019-12-27-at-12-45-54-png\/\" alt=\"Screenshot 2019-12-27 at 12.45.54.png\" class=\"wp-image-135160\"\/><figcaption>\n    \u0130\u015fg\u0259nc\u0259 izl\u0259ri<br \/>\n  <\/figcaption><\/figure>\n<p>\n  <b><br \/>\n    Meyiti vanna ota\u011f\u0131ndan tap\u0131l\u0131b<br \/>\n  <\/b>\n<\/p>\n<p>\n  Noyabr\u0131n 22-d\u0259 ax\u015fam saatlar\u0131nda ya\u015fad\u0131\u011f\u0131 m\u0259nzild\u0259ki hamama gir\u0259n Raminin meyiti az sonra vannada suyun i\u00e7\u0259risind\u0259 tap\u0131l\u0131b. Ail\u0259 \u00fczvl\u0259ri onun \u00f6l\u00fcm\u00fcn\u0259 s\u0259b\u0259bin 17 g\u00fcn \u0259vv\u0259l ald\u0131\u011f\u0131 i\u015fg\u0259nc\u0259l\u0259rin oldu\u011funu iddia edirl\u0259r. D\u00fc\u015f\u00fcn\u00fcrl\u0259r ki, ald\u0131\u011f\u0131 z\u0259rb\u0259l\u0259rd\u0259n \u0259zil\u0259n daxili orqanlarda q\u0259fil qanaxma ba\u015f verib. Ail\u0259 \u00fczvl\u0259ri onun \u00f6l\u00fcm\u00fcnd\u0259n sonra r\u0259smi qurumlara m\u00fcraci\u0259t edibl\u0259r:\n<\/p>\n<p>\n  \u201cD\u0259d\u0259l\u0259rl\u0259 Daxili i\u015fl\u0259r nazirin\u0259, Ba\u015f prokurora m\u00fcraci\u0259t etmi\u015fik, h\u0259l\u0259 d\u0259 bizi q\u0259bul edib, dinl\u0259y\u0259n olmay\u0131b. H\u0259qiq\u0259tl\u0259ri \u00f6rt-basd\u0131r etm\u0259y\u0259 \u00e7al\u0131\u015f\u0131rlar. Q\u0259sd\u0259n s\u00f6z yay\u0131rlar ki, guya Ramin narkotikd\u0259n normadan art\u0131q q\u0259bul etdiyi \u00fc\u00e7\u00fcn z\u0259h\u0259rl\u0259nib, \u00f6l\u00fcb. Bir t\u0259r\u0259fd\u0259ns\u0259 deyirl\u0259r, h\u0259l\u0259 ekspertizan\u0131n r\u0259yi g\u0259lm\u0259yib. \u00d6l\u00fcm\u00fcn n\u0259d\u0259n ba\u015f verdiyi h\u0259l\u0259 t\u0259sdiql\u0259nm\u0259yibs\u0259, bel\u0259 m\u0259lkumatlar\u0131 yaymaqda n\u0259 m\u0259qs\u0259dl\u0259ri var?\u201d\n<\/p>\n<p>\n  Ramin \u018fliosmanovun qarda\u015f\u0131 dan\u0131\u015f\u0131r:\n<\/p>\n<p>\n  \u201cMeyiti \u00f6z\u00fcm yudum. Polisd\u0259n burax\u0131lmas\u0131ndan az qala 3 h\u0259ft\u0259 ke\u00e7mi\u015fdi, amma belind\u0259 i\u015fg\u0259nc\u0259 izl\u0259ri h\u0259l\u0259 d\u0259 qal\u0131rd\u0131, qapqara idi\u201d.\n<\/p>\n<p>\n  <b><br \/>\n    \u201cEkspertiza r\u0259yi olmadan dan\u0131\u015fmaq d\u00fczg\u00fcn deyil\u201d<br \/>\n  <\/b>\n<\/p>\n<p>\n  Xa\u00e7maz Rayon Prokurorlu\u011fundan bildirilib ki, Ramin \u018fliosmanov polis t\u0259r\u0259find\u0259n i\u015fg\u0259nc\u0259y\u0259 m\u0259ruz qalmas\u0131 il\u0259 ba\u011fl\u0131 \u00f6l\u00fcm\u00fcnd\u0259n bir ne\u00e7\u0259 g\u00fcn \u0259vv\u0259l prokurorlu\u011fa \u0259riz\u0259 il\u0259 m\u00fcraci\u0259t edib. Onun \u0259riz\u0259si ara\u015fd\u0131r\u0131ld\u0131\u011f\u0131 m\u00fcdd\u0259td\u0259 v\u0259fat edib. Ramin \u018fliosmanovun \u00f6l\u00fcm\u00fcn\u00fcn s\u0259b\u0259bi ekspertiza r\u0259yi prokurorlu\u011fa daxil olandan sonra bilin\u0259c\u0259k.\n<\/p>\n<p>\n  Xudat v\u0259 Xa\u00e7maz polis \u015f\u00f6b\u0259l\u0259rind\u0259n Meydan TV-y\u0259 bildirilib ki, m\u00fcxbir \u0259lav\u0259 m\u0259lumat\u0131 Daxili \u0130\u015fl\u0259r Nazirliyinin (D\u0130N) m\u0259tbuat xidm\u0259tind\u0259n ala bil\u0259r. Qurumun m\u0259tbuat xidm\u0259ti il\u0259 \u0259laq\u0259 saxlamaq m\u00fcmk\u00fcn olmay\u0131b. Ancaq eyni m\u0259s\u0259l\u0259yl\u0259 ba\u011fl\u0131 qurumun m\u0259tbuat xidm\u0259tinin r\u0259isi Ehsan Zahidov \u201ccriminal.az\u201d sayt\u0131na a\u00e7\u0131qlama verib. Bildirib ki, ara\u015fd\u0131rmalar ba\u015fa \u00e7atmad\u0131\u011f\u0131ndan, ekspert r\u0259yi olmadan Ramin \u018fliosmanovun polis \u015f\u00f6b\u0259sind\u0259 d\u00f6y\u00fclm\u0259si il\u0259 ba\u011fl\u0131 iddialar\u0131n s\u0259sl\u0259ndirilm\u0259si d\u00fczg\u00fcn deyil: \u201c&#8230; Ayd\u0131nl\u0131q \u00fc\u00e7\u00fcn bildirim ki, bu il noyabr\u0131n 3-d\u0259 Xa\u00e7maz RP\u015e \u0259m\u0259kda\u015flar\u0131n\u0131n h\u0259yata ke\u00e7irdikl\u0259ri \u0259m\u0259liyyat-axtar\u0131\u015f t\u0259dbirl\u0259ri n\u0259tic\u0259sind\u0259 \u0259vv\u0259ll\u0259r m\u0259hkum olunmu\u015f Ramin \u018fliosmanov Xudat \u015f\u0259h\u0259ri \u0259razisind\u0259 \u015f\u00fcbh\u0259li \u015f\u0259xs qismind\u0259 saxlan\u0131l\u0131b. Hal \u015fahidl\u0259rinin i\u015ftirak\u0131 il\u0259 onun \u00fcz\u0259rind\u0259 ke\u00e7irilmi\u015f \u015f\u0259xsi axtar\u0131\u015f zaman\u0131 0.332 qram tiry\u0259k, 0.281 qram heroin v\u0259 0.470 qram marixuana a\u015fkar edil\u0259r\u0259k g\u00f6t\u00fcr\u00fcl\u00fcb. Fakt \u00fczr\u0259 noyabr\u0131n 4-d\u0259 Cinay\u0259t M\u0259c\u0259ll\u0259sinin 234.2-ci (sat\u0131\u015f m\u0259qs\u0259di il\u0259 qanunsuz olaraq narkotik vasit\u0259l\u0259ri \u0259ld\u0259 etm\u0259 v\u0259 ya saxlama) madd\u0259si il\u0259 cinay\u0259t i\u015fi ba\u015flan\u0131l\u0131b v\u0259 noyabr\u0131n 5-d\u0259 R. \u018fliosmanov h\u0259min madd\u0259 il\u0259 t\u0259qsirl\u0259ndiril\u0259n \u015f\u0259xs qismind\u0259 c\u0259lb edil\u0259r\u0259k bar\u0259sind\u0259 \u201cPolisin n\u0259zar\u0259ti alt\u0131na verm\u0259\u201d q\u0259timkan t\u0259dbiri se\u00e7il\u0259r\u0259k s\u0259rb\u0259st burax\u0131l\u0131b\u201d.\n<\/p>\n<p>\n  X\u0259sar\u0259tl\u0259r\u0259 g\u0259linc\u0259, Ehsan Zahidov bildirib ki, h\u0259l\u0259 polis \u015f\u00f6b\u0259sind\u0259 dindiril\u0259rk\u0259n Ramin \u018fliosmanov h\u0259min x\u0259sar\u0259tl\u0259ri \u015f\u00f6b\u0259y\u0259 g\u0259tirilm\u0259mi\u015fd\u0259n bir ne\u00e7\u0259 g\u00fcn \u0259vv\u0259l h\u0259y\u0259td\u0259 y\u0131x\u0131lma n\u0259tic\u0259sind\u0259 ald\u0131\u011f\u0131n\u0131 bildirib v\u0259 bu aktla\u015fd\u0131r\u0131l\u0131b.<\/p>\n","protected":false},"excerpt":{"rendered":"<p>Xudat sakini Ramin \u018fliosmanovun ald\u0131\u011f\u0131 x\u0259sar\u0259tl\u0259rd\u0259n \u00f6ld\u00fcy\u00fc g\u00fcman edilir<\/p>\n","protected":false},"author":11,"featured_media":135163,"comment_status":"closed","ping_status":"open","sticky":false,"template":"","format":"standard","meta":{"_acf_changed":false,"_sitemap_exclude":false,"_sitemap_priority":"","_sitemap_frequency":"","footnotes":""},"categories":[60],"tags":[],"class_list":["post-198612","post","type-post","status-publish","format-standard","has-post-thumbnail","hentry","category-bolge","infinite-scroll-item","generate-columns","tablet-grid-50","mobile-grid-100","grid-parent","grid-33","no-featured-image-padding"],"acf":[],"yoast_head":"<!-- This site is optimized with the Yoast SEO plugin v27.5 - https:\/\/yoast.com\/product\/yoast-seo-wordpress\/ -->\n<title>\u201cQarda\u015f\u0131m polis \u015f\u00f6b\u0259sind\u0259ki i\u015fg\u0259nc\u0259l\u0259rd\u0259n 17 g\u00fcn sonra \u00f6ld\u00fc\u201d - MEYDAN.TV<\/title>\n<meta name=\"robots\" content=\"index, follow, max-snippet:-1, max-image-preview:large, max-video-preview:-1\" \/>\n<link rel=\"canonical\" href=\"https:\/\/www.meydan.tv\/az\/article\/qardasim-polis-sobesindeki-isgencelerden-17-gun-sonra-oldu\/\" \/>\n<meta property=\"og:locale\" content=\"az_AZ\" \/>\n<meta property=\"og:type\" content=\"article\" \/>\n<meta property=\"og:title\" content=\"\u201cQarda\u015f\u0131m polis \u015f\u00f6b\u0259sind\u0259ki i\u015fg\u0259nc\u0259l\u0259rd\u0259n 17 g\u00fcn sonra \u00f6ld\u00fc\u201d - MEYDAN.TV\" \/>\n<meta property=\"og:description\" content=\"Xudat sakini Ramin \u018fliosmanovun ald\u0131\u011f\u0131 x\u0259sar\u0259tl\u0259rd\u0259n \u00f6ld\u00fcy\u00fc g\u00fcman edilir\" \/>\n<meta property=\"og:url\" content=\"https:\/\/www.meydan.tv\/az\/article\/qardasim-polis-sobesindeki-isgencelerden-17-gun-sonra-oldu\/\" \/>\n<meta property=\"og:site_name\" content=\"MEYDAN.TV\" \/>\n<meta property=\"article:published_time\" content=\"2019-12-31T13:51:42+00:00\" \/>\n<meta property=\"og:image\" content=\"https:\/\/www.meydan.tv\/wp-content\/uploads\/screenshot_2019-12-27_at_12.44.42-1200x745.png\" \/>\n\t<meta property=\"og:image:width\" content=\"1200\" \/>\n\t<meta property=\"og:image:height\" content=\"745\" \/>\n\t<meta property=\"og:image:type\" content=\"image\/png\" \/>\n<meta name=\"author\" content=\"user-manager\" \/>\n<meta name=\"twitter:card\" content=\"summary_large_image\" \/>\n<script type=\"application\/ld+json\" class=\"yoast-schema-graph\">{\"@context\":\"https:\\\/\\\/schema.org\",\"@graph\":[{\"@type\":\"Article\",\"@id\":\"https:\\\/\\\/www.meydan.tv\\\/az\\\/article\\\/qardasim-polis-sobesindeki-isgencelerden-17-gun-sonra-oldu\\\/#article\",\"isPartOf\":{\"@id\":\"https:\\\/\\\/www.meydan.tv\\\/az\\\/article\\\/qardasim-polis-sobesindeki-isgencelerden-17-gun-sonra-oldu\\\/\"},\"author\":{\"name\":\"user-manager\",\"@id\":\"https:\\\/\\\/www.meydan.tv\\\/az\\\/#\\\/schema\\\/person\\\/10d11eccf6da3662cf5fdab9806ea91a\"},\"headline\":\"\u201cQarda\u015f\u0131m polis \u015f\u00f6b\u0259sind\u0259ki i\u015fg\u0259nc\u0259l\u0259rd\u0259n 17 g\u00fcn sonra \u00f6ld\u00fc\u201d\",\"datePublished\":\"2019-12-31T13:51:42+00:00\",\"mainEntityOfPage\":{\"@id\":\"https:\\\/\\\/www.meydan.tv\\\/az\\\/article\\\/qardasim-polis-sobesindeki-isgencelerden-17-gun-sonra-oldu\\\/\"},\"wordCount\":1613,\"publisher\":{\"@id\":\"https:\\\/\\\/www.meydan.tv\\\/az\\\/#organization\"},\"image\":{\"@id\":\"https:\\\/\\\/www.meydan.tv\\\/az\\\/article\\\/qardasim-polis-sobesindeki-isgencelerden-17-gun-sonra-oldu\\\/#primaryimage\"},\"thumbnailUrl\":\"https:\\\/\\\/www.meydan.tv\\\/wp-content\\\/uploads\\\/screenshot_2019-12-27_at_12.44.42.png\",\"articleSection\":[\"B\u00f6lg\u0259\"],\"inLanguage\":\"az\"},{\"@type\":\"WebPage\",\"@id\":\"https:\\\/\\\/www.meydan.tv\\\/az\\\/article\\\/qardasim-polis-sobesindeki-isgencelerden-17-gun-sonra-oldu\\\/\",\"url\":\"https:\\\/\\\/www.meydan.tv\\\/az\\\/article\\\/qardasim-polis-sobesindeki-isgencelerden-17-gun-sonra-oldu\\\/\",\"name\":\"\u201cQarda\u015f\u0131m polis \u015f\u00f6b\u0259sind\u0259ki i\u015fg\u0259nc\u0259l\u0259rd\u0259n 17 g\u00fcn sonra \u00f6ld\u00fc\u201d - MEYDAN.TV\",\"isPartOf\":{\"@id\":\"https:\\\/\\\/www.meydan.tv\\\/az\\\/#website\"},\"primaryImageOfPage\":{\"@id\":\"https:\\\/\\\/www.meydan.tv\\\/az\\\/article\\\/qardasim-polis-sobesindeki-isgencelerden-17-gun-sonra-oldu\\\/#primaryimage\"},\"image\":{\"@id\":\"https:\\\/\\\/www.meydan.tv\\\/az\\\/article\\\/qardasim-polis-sobesindeki-isgencelerden-17-gun-sonra-oldu\\\/#primaryimage\"},\"thumbnailUrl\":\"https:\\\/\\\/www.meydan.tv\\\/wp-content\\\/uploads\\\/screenshot_2019-12-27_at_12.44.42.png\",\"datePublished\":\"2019-12-31T13:51:42+00:00\",\"breadcrumb\":{\"@id\":\"https:\\\/\\\/www.meydan.tv\\\/az\\\/article\\\/qardasim-polis-sobesindeki-isgencelerden-17-gun-sonra-oldu\\\/#breadcrumb\"},\"inLanguage\":\"az\",\"potentialAction\":[{\"@type\":\"ReadAction\",\"target\":[\"https:\\\/\\\/www.meydan.tv\\\/az\\\/article\\\/qardasim-polis-sobesindeki-isgencelerden-17-gun-sonra-oldu\\\/\"]}]},{\"@type\":\"ImageObject\",\"inLanguage\":\"az\",\"@id\":\"https:\\\/\\\/www.meydan.tv\\\/az\\\/article\\\/qardasim-polis-sobesindeki-isgencelerden-17-gun-sonra-oldu\\\/#primaryimage\",\"url\":\"https:\\\/\\\/www.meydan.tv\\\/wp-content\\\/uploads\\\/screenshot_2019-12-27_at_12.44.42.png\",\"contentUrl\":\"https:\\\/\\\/www.meydan.tv\\\/wp-content\\\/uploads\\\/screenshot_2019-12-27_at_12.44.42.png\",\"width\":2404,\"height\":1492,\"caption\":\"Source: Meydan TV\"},{\"@type\":\"BreadcrumbList\",\"@id\":\"https:\\\/\\\/www.meydan.tv\\\/az\\\/article\\\/qardasim-polis-sobesindeki-isgencelerden-17-gun-sonra-oldu\\\/#breadcrumb\",\"itemListElement\":[{\"@type\":\"ListItem\",\"position\":1,\"name\":\"Ana s\u0259hif\u0259\",\"item\":\"https:\\\/\\\/www.meydan.tv\\\/az\\\/\"},{\"@type\":\"ListItem\",\"position\":2,\"name\":\"B\u00f6lg\u0259\",\"item\":\"https:\\\/\\\/www.meydan.tv\\\/az\\\/section\\\/bolge\\\/\"},{\"@type\":\"ListItem\",\"position\":3,\"name\":\"\u201cQarda\u015f\u0131m polis \u015f\u00f6b\u0259sind\u0259ki i\u015fg\u0259nc\u0259l\u0259rd\u0259n 17 g\u00fcn sonra \u00f6ld\u00fc\u201d\"}]},{\"@type\":\"WebSite\",\"@id\":\"https:\\\/\\\/www.meydan.tv\\\/az\\\/#website\",\"url\":\"https:\\\/\\\/www.meydan.tv\\\/az\\\/\",\"name\":\"MEYDAN.TV\",\"description\":\"Meydan TV Az\u0259rbaycan\u0131n media m\u0259kan\u0131ndak\u0131 alternativ s\u0259sidir\",\"publisher\":{\"@id\":\"https:\\\/\\\/www.meydan.tv\\\/az\\\/#organization\"},\"potentialAction\":[{\"@type\":\"SearchAction\",\"target\":{\"@type\":\"EntryPoint\",\"urlTemplate\":\"https:\\\/\\\/www.meydan.tv\\\/az\\\/?s={search_term_string}\"},\"query-input\":{\"@type\":\"PropertyValueSpecification\",\"valueRequired\":true,\"valueName\":\"search_term_string\"}}],\"inLanguage\":\"az\"},{\"@type\":\"Organization\",\"@id\":\"https:\\\/\\\/www.meydan.tv\\\/az\\\/#organization\",\"name\":\"Meydan TV\",\"url\":\"https:\\\/\\\/www.meydan.tv\\\/az\\\/\",\"logo\":{\"@type\":\"ImageObject\",\"inLanguage\":\"az\",\"@id\":\"https:\\\/\\\/www.meydan.tv\\\/az\\\/#\\\/schema\\\/logo\\\/image\\\/\",\"url\":\"https:\\\/\\\/www.meydan.tv\\\/wp-content\\\/uploads\\\/2021\\\/07\\\/meydan-logo.svg\",\"contentUrl\":\"https:\\\/\\\/www.meydan.tv\\\/wp-content\\\/uploads\\\/2021\\\/07\\\/meydan-logo.svg\",\"width\":195,\"height\":46,\"caption\":\"Meydan TV\"},\"image\":{\"@id\":\"https:\\\/\\\/www.meydan.tv\\\/az\\\/#\\\/schema\\\/logo\\\/image\\\/\"}},{\"@type\":\"Person\",\"@id\":\"https:\\\/\\\/www.meydan.tv\\\/az\\\/#\\\/schema\\\/person\\\/10d11eccf6da3662cf5fdab9806ea91a\",\"name\":\"user-manager\"}]}<\/script>\n<!-- \/ Yoast SEO plugin. -->","yoast_head_json":{"title":"\u201cQarda\u015f\u0131m polis \u015f\u00f6b\u0259sind\u0259ki i\u015fg\u0259nc\u0259l\u0259rd\u0259n 17 g\u00fcn sonra \u00f6ld\u00fc\u201d - MEYDAN.TV","robots":{"index":"index","follow":"follow","max-snippet":"max-snippet:-1","max-image-preview":"max-image-preview:large","max-video-preview":"max-video-preview:-1"},"canonical":"https:\/\/www.meydan.tv\/az\/article\/qardasim-polis-sobesindeki-isgencelerden-17-gun-sonra-oldu\/","og_locale":"az_AZ","og_type":"article","og_title":"\u201cQarda\u015f\u0131m polis \u015f\u00f6b\u0259sind\u0259ki i\u015fg\u0259nc\u0259l\u0259rd\u0259n 17 g\u00fcn sonra \u00f6ld\u00fc\u201d - MEYDAN.TV","og_description":"Xudat sakini Ramin \u018fliosmanovun ald\u0131\u011f\u0131 x\u0259sar\u0259tl\u0259rd\u0259n \u00f6ld\u00fcy\u00fc g\u00fcman edilir","og_url":"https:\/\/www.meydan.tv\/az\/article\/qardasim-polis-sobesindeki-isgencelerden-17-gun-sonra-oldu\/","og_site_name":"MEYDAN.TV","article_published_time":"2019-12-31T13:51:42+00:00","og_image":[{"width":1200,"height":745,"url":"https:\/\/www.meydan.tv\/wp-content\/uploads\/screenshot_2019-12-27_at_12.44.42-1200x745.png","type":"image\/png"}],"author":"user-manager","twitter_card":"summary_large_image","schema":{"@context":"https:\/\/schema.org","@graph":[{"@type":"Article","@id":"https:\/\/www.meydan.tv\/az\/article\/qardasim-polis-sobesindeki-isgencelerden-17-gun-sonra-oldu\/#article","isPartOf":{"@id":"https:\/\/www.meydan.tv\/az\/article\/qardasim-polis-sobesindeki-isgencelerden-17-gun-sonra-oldu\/"},"author":{"name":"user-manager","@id":"https:\/\/www.meydan.tv\/az\/#\/schema\/person\/10d11eccf6da3662cf5fdab9806ea91a"},"headline":"\u201cQarda\u015f\u0131m polis \u015f\u00f6b\u0259sind\u0259ki i\u015fg\u0259nc\u0259l\u0259rd\u0259n 17 g\u00fcn sonra \u00f6ld\u00fc\u201d","datePublished":"2019-12-31T13:51:42+00:00","mainEntityOfPage":{"@id":"https:\/\/www.meydan.tv\/az\/article\/qardasim-polis-sobesindeki-isgencelerden-17-gun-sonra-oldu\/"},"wordCount":1613,"publisher":{"@id":"https:\/\/www.meydan.tv\/az\/#organization"},"image":{"@id":"https:\/\/www.meydan.tv\/az\/article\/qardasim-polis-sobesindeki-isgencelerden-17-gun-sonra-oldu\/#primaryimage"},"thumbnailUrl":"https:\/\/www.meydan.tv\/wp-content\/uploads\/screenshot_2019-12-27_at_12.44.42.png","articleSection":["B\u00f6lg\u0259"],"inLanguage":"az"},{"@type":"WebPage","@id":"https:\/\/www.meydan.tv\/az\/article\/qardasim-polis-sobesindeki-isgencelerden-17-gun-sonra-oldu\/","url":"https:\/\/www.meydan.tv\/az\/article\/qardasim-polis-sobesindeki-isgencelerden-17-gun-sonra-oldu\/","name":"\u201cQarda\u015f\u0131m polis \u015f\u00f6b\u0259sind\u0259ki i\u015fg\u0259nc\u0259l\u0259rd\u0259n 17 g\u00fcn sonra \u00f6ld\u00fc\u201d - MEYDAN.TV","isPartOf":{"@id":"https:\/\/www.meydan.tv\/az\/#website"},"primaryImageOfPage":{"@id":"https:\/\/www.meydan.tv\/az\/article\/qardasim-polis-sobesindeki-isgencelerden-17-gun-sonra-oldu\/#primaryimage"},"image":{"@id":"https:\/\/www.meydan.tv\/az\/article\/qardasim-polis-sobesindeki-isgencelerden-17-gun-sonra-oldu\/#primaryimage"},"thumbnailUrl":"https:\/\/www.meydan.tv\/wp-content\/uploads\/screenshot_2019-12-27_at_12.44.42.png","datePublished":"2019-12-31T13:51:42+00:00","breadcrumb":{"@id":"https:\/\/www.meydan.tv\/az\/article\/qardasim-polis-sobesindeki-isgencelerden-17-gun-sonra-oldu\/#breadcrumb"},"inLanguage":"az","potentialAction":[{"@type":"ReadAction","target":["https:\/\/www.meydan.tv\/az\/article\/qardasim-polis-sobesindeki-isgencelerden-17-gun-sonra-oldu\/"]}]},{"@type":"ImageObject","inLanguage":"az","@id":"https:\/\/www.meydan.tv\/az\/article\/qardasim-polis-sobesindeki-isgencelerden-17-gun-sonra-oldu\/#primaryimage","url":"https:\/\/www.meydan.tv\/wp-content\/uploads\/screenshot_2019-12-27_at_12.44.42.png","contentUrl":"https:\/\/www.meydan.tv\/wp-content\/uploads\/screenshot_2019-12-27_at_12.44.42.png","width":2404,"height":1492,"caption":"Source: Meydan TV"},{"@type":"BreadcrumbList","@id":"https:\/\/www.meydan.tv\/az\/article\/qardasim-polis-sobesindeki-isgencelerden-17-gun-sonra-oldu\/#breadcrumb","itemListElement":[{"@type":"ListItem","position":1,"name":"Ana s\u0259hif\u0259","item":"https:\/\/www.meydan.tv\/az\/"},{"@type":"ListItem","position":2,"name":"B\u00f6lg\u0259","item":"https:\/\/www.meydan.tv\/az\/section\/bolge\/"},{"@type":"ListItem","position":3,"name":"\u201cQarda\u015f\u0131m polis \u015f\u00f6b\u0259sind\u0259ki i\u015fg\u0259nc\u0259l\u0259rd\u0259n 17 g\u00fcn sonra \u00f6ld\u00fc\u201d"}]},{"@type":"WebSite","@id":"https:\/\/www.meydan.tv\/az\/#website","url":"https:\/\/www.meydan.tv\/az\/","name":"MEYDAN.TV","description":"Meydan TV Az\u0259rbaycan\u0131n media m\u0259kan\u0131ndak\u0131 alternativ s\u0259sidir","publisher":{"@id":"https:\/\/www.meydan.tv\/az\/#organization"},"potentialAction":[{"@type":"SearchAction","target":{"@type":"EntryPoint","urlTemplate":"https:\/\/www.meydan.tv\/az\/?s={search_term_string}"},"query-input":{"@type":"PropertyValueSpecification","valueRequired":true,"valueName":"search_term_string"}}],"inLanguage":"az"},{"@type":"Organization","@id":"https:\/\/www.meydan.tv\/az\/#organization","name":"Meydan TV","url":"https:\/\/www.meydan.tv\/az\/","logo":{"@type":"ImageObject","inLanguage":"az","@id":"https:\/\/www.meydan.tv\/az\/#\/schema\/logo\/image\/","url":"https:\/\/www.meydan.tv\/wp-content\/uploads\/2021\/07\/meydan-logo.svg","contentUrl":"https:\/\/www.meydan.tv\/wp-content\/uploads\/2021\/07\/meydan-logo.svg","width":195,"height":46,"caption":"Meydan TV"},"image":{"@id":"https:\/\/www.meydan.tv\/az\/#\/schema\/logo\/image\/"}},{"@type":"Person","@id":"https:\/\/www.meydan.tv\/az\/#\/schema\/person\/10d11eccf6da3662cf5fdab9806ea91a","name":"user-manager"}]}},"_links":{"self":[{"href":"https:\/\/www.meydan.tv\/az\/wp-json\/wp\/v2\/posts\/198612","targetHints":{"allow":["GET"]}}],"collection":[{"href":"https:\/\/www.meydan.tv\/az\/wp-json\/wp\/v2\/posts"}],"about":[{"href":"https:\/\/www.meydan.tv\/az\/wp-json\/wp\/v2\/types\/post"}],"author":[{"embeddable":true,"href":"https:\/\/www.meydan.tv\/az\/wp-json\/wp\/v2\/users\/11"}],"replies":[{"embeddable":true,"href":"https:\/\/www.meydan.tv\/az\/wp-json\/wp\/v2\/comments?post=198612"}],"version-history":[{"count":0,"href":"https:\/\/www.meydan.tv\/az\/wp-json\/wp\/v2\/posts\/198612\/revisions"}],"wp:featuredmedia":[{"embeddable":true,"href":"https:\/\/www.meydan.tv\/az\/wp-json\/wp\/v2\/media\/135163"}],"wp:attachment":[{"href":"https:\/\/www.meydan.tv\/az\/wp-json\/wp\/v2\/media?parent=198612"}],"wp:term":[{"taxonomy":"category","embeddable":true,"href":"https:\/\/www.meydan.tv\/az\/wp-json\/wp\/v2\/categories?post=198612"},{"taxonomy":"post_tag","embeddable":true,"href":"https:\/\/www.meydan.tv\/az\/wp-json\/wp\/v2\/tags?post=198612"}],"curies":[{"name":"wp","href":"https:\/\/api.w.org\/{rel}","templated":true}]}}