{"id":198611,"date":"2019-12-31T11:17:58","date_gmt":"2019-12-31T11:17:58","guid":{"rendered":"https:\/\/www.meydan.tv\/article\/oguz-sakini-qan-tokulse-mesuliyyeti-icra-bascisi-dasiyacaq\/"},"modified":"2019-12-31T11:17:58","modified_gmt":"2019-12-31T11:17:58","slug":"oguz-sakini-qan-tokulse-mesuliyyeti-icra-bascisi-dasiyacaq","status":"publish","type":"post","link":"https:\/\/www.meydan.tv\/az\/article\/oguz-sakini-qan-tokulse-mesuliyyeti-icra-bascisi-dasiyacaq\/","title":{"rendered":"O\u011fuz sakini: Qan t\u00f6k\u00fcls\u0259, m\u0259suliyy\u0259ti icra ba\u015f\u00e7\u0131s\u0131 da\u015f\u0131yacaq"},"content":{"rendered":"<p>\n  <i><br \/>\n    V\u0259t\u0259nda\u015f A\u011fda\u015f Rayon \u0130cra Hakimiyy\u0259ti ba\u015f\u00e7\u0131s\u0131ndan prezident\u0259 \u015fikay\u0259t edib<br \/>\n  <\/i>\n<\/p>\n<p>\n  65 ya\u015fl\u0131 Mirbala Yol\u00e7uyev \u00f6z\u00fc O\u011fuzun Qarabulaq k\u0259ndinin sakini olsa da, A\u011fda\u015f\u0131n icra ba\u015f\u00e7\u0131s\u0131ndan naraz\u0131d\u0131r. Deyir ki, Tofiq \u0130brahimov ona bir par\u00e7a \u00e7\u00f6r\u0259k qazan\u0131b, ail\u0259sini doland\u0131rma\u011fa imkan vermir.\n<\/p>\n<p>\n  <b><br \/>\n    \u201cDolanma\u011fa imkan vermirl\u0259r\u201d<br \/>\n  <\/b>\n<\/p>\n<p>\n  Mirbala Yol\u00e7uyev 16 ya\u015f\u0131ndan heyvandarl\u0131qla m\u0259\u015f\u011fuldur, uzun ill\u0259rdir A\u011fda\u015f \u0259razisind\u0259ki q\u0131\u015f otlaq sah\u0259sind\u0259 s\u00fcr\u00fc il\u0259 x\u0131rdabuynuzlu heyvan saxlay\u0131r: \u201c1971-ci ild\u0259n heyvandarl\u0131qla dolan\u0131r\u0131q. Bu ill\u0259r \u0259rzind\u0259 qazanc\u0131m yaratd\u0131\u011f\u0131m t\u0259s\u0259rr\u00fcfat, bir d\u0259 halal \u00e7\u00f6r\u0259yimdi. Buna da imkan vers\u0259l\u0259r&#8230;\u201d\n<\/p>\n<p>\n  K\u0259nd sakini deyir ki, haz\u0131rda heyvan saxlad\u0131\u011f\u0131 \u00f6r\u00fc\u015f sah\u0259si kollektiv t\u0259s\u0259rr\u00fcfat d\u00f6vr\u00fcnd\u0259n qal\u0131b. Kolxoz l\u0259\u011fv olunandan sonra 1996-c\u0131 ild\u0259 qarda\u015flar\u0131yla birlikd\u0259 fermer t\u0259s\u0259rr\u00fcfat\u0131 yarad\u0131b: \u201cP\u00fc\u015fkatma oldu, m\u0259nim p\u00fc\u015fk\u00fcm\u0259 d\u00fc\u015f\u0259n \u0259razid\u0259 heyvandarl\u0131qla m\u0259\u015f\u011ful olurduq. 2001-ci ild\u0259 O\u011fuz Rayon \u0130cra Hakimiyy\u0259tinin s\u0259r\u0259ncam\u0131 il\u0259 h\u0259min \u0259razid\u0259n 200 hektar torpa\u011f\u0131 15 illik icar\u0259y\u0259 g\u00f6t\u00fcrd\u00fcm. Bu m\u00fcdd\u0259td\u0259 yen\u0259 i\u015fl\u0259dim, t\u0259s\u0259rr\u00fcfat\u0131m\u0131 b\u00f6y\u00fctd\u00fcm. 2006-c\u0131 ild\u0259 Nazirl\u0259r Kabinetinin q\u0259rar\u0131yla h\u0259min torpa\u011f\u0131n s\u0259r\u0259ncam\u0131 A\u011fda\u015f Rayon \u0130cra Hakimiyy\u0259tin\u0259 verildi\u201d.\n<\/p>\n<p>\n  Fermerin s\u00f6zl\u0259rin\u0259 g\u00f6r\u0259, 2016-c\u0131 ild\u0259 icar\u0259 m\u00fcdd\u0259ti ba\u015fa \u00e7atanda yeni m\u00fcqavil\u0259 \u00fc\u00e7\u00fcn A\u011fda\u015f Rayon \u0130cra Hakimiyy\u0259tin\u0259 \u00fcz tutub. Etiraz etm\u0259yibl\u0259r, \u018fmlak M\u0259s\u0259l\u0259l\u0259ri \u00fczr\u0259 D\u00f6vl\u0259t Komit\u0259sin\u0259 m\u0259ktub g\u00f6nd\u0259rilib ki, h\u0259min \u0259razini yenid\u0259n bu v\u0259t\u0259nda\u015fa verm\u0259k olarm\u0131? Komit\u0259 \u0259vv\u0259lki s\u0259n\u0259dl\u0259ri d\u0259 ara\u015fd\u0131r\u0131b, m\u00fcsb\u0259t r\u0259y verib: \u201c2017-ci ild\u0259 s\u0259n\u0259di alanda g\u00f6rd\u00fcm ki, uzun ill\u0259rdir istifad\u0259 etdiyim yerl\u0259 indi m\u0259n\u0259 ayr\u0131lm\u0131\u015f yer bir-birin\u0259 uy\u011fun g\u0259lmir. M\u0259nim h\u0259r\u0259k\u0259tl\u0259rimi m\u0259hdudla\u015fd\u0131r\u0131blar. Qap\u0131n\u0131n a\u011fz\u0131ndan s\u0259rh\u0259d qoyublar ki, burdan a\u015fa\u011f\u0131 s\u0259nin \u0259razin deyil. Guya h\u0259min \u0259razi qon\u015fu \u015e\u0259kili k\u0259ndinin b\u0259l\u0259diyy\u0259sin\u0259 aiddir. M\u0259n t\u0259\u0259cc\u00fcbl\u0259ndim ki, bu nec\u0259 ola bil\u0259r? D\u0259rhal komit\u0259 il\u0259 \u0259laq\u0259 saxlad\u0131m, \u00e7a\u011f\u0131rd\u0131lar. Kadastr M\u0259rk\u0259zind\u0259 Ramiz m\u00fc\u0259lliml\u0259 g\u00f6r\u00fc\u015fd\u00fcm, m\u00fct\u0259x\u0259ssisl\u0259ri \u00e7a\u011f\u0131rd\u0131, ara\u015fd\u0131rd\u0131, g\u00f6rd\u00fc ki, m\u0259nd\u0259 olan s\u0259n\u0259dl\u0259r ba\u015fqad\u0131, yeni s\u0259n\u0259dl\u0259 ayr\u0131lan \u0259razi ba\u015fqa. Y\u0259ni yeni s\u0259n\u0259d onlar\u0131n verdiyi r\u0259y\u0259 uy\u011fun i\u015fl\u0259nm\u0259yib. Q\u0259rar \u00e7\u0131xar\u0131ld\u0131 ki, bu s\u0259n\u0259d l\u0259\u011fv olunsun. Komit\u0259nin s\u0259dri K\u0259r\u0259m H\u0259s\u0259novun da q\u0259bulunda olmu\u015fdum. G\u00f6st\u0259ri\u015f verdi, dedi ki, \u0259m\u0259kda\u015flar \u0259raziy\u0259 ezam olunsun, yeni s\u0259n\u0259d haz\u0131rlay\u0131b g\u0259tirsinl\u0259r\u201d.\n<\/p>\n<figure class=\"wp-block-image size-large\">\n  <img decoding=\"async\" src=\"https:\/\/www.meydan.tv\/az\/image_from_ios-2-jpg-91\/\" alt=\"image_from_ios (2).jpg\" class=\"wp-image-135316\"\/><figcaption>\n    A\u011fda\u015f Rayon \u0130cra Ba\u015f\u00e7\u0131s\u0131n\u0131n \u015e\u0259ki \u0130nzibati-\u0130qtisad M\u0259hk\u0259m\u0259sinin s\u0259drin\u0259 m\u00fcraci\u0259ti<br \/>\n  <\/figcaption><\/figure>\n<p>\n  M.Yol\u00e7uyev deyir ki, xeyli g\u00f6zl\u0259yib, amma m\u0259s\u0259l\u0259 h\u0259llini tapmay\u0131b. Bir ne\u00e7\u0259 d\u0259f\u0259 A\u011fda\u015f\u0131n icra ba\u015f\u00e7\u0131s\u0131 Tofiq \u0130brahimovun q\u0259bulunda olub. Onun s\u00f6zl\u0259rin\u0259 g\u00f6r\u0259, icra hakimiyy\u0259tind\u0259 t\u0259klif edibl\u0259r ki, istifad\u0259sind\u0259 olan \u0259razinin bir hiss\u0259sini ba\u015fqalar\u0131na versin. O da raz\u0131la\u015f\u0131b:\n<\/p>\n<p>\n  \u201cAx\u0131rda g\u0259lib dir\u0259\u015fdil\u0259r ki, qap\u0131m\u0131n a\u011fz\u0131ndan s\u0259rh\u0259d qoysunlar. Deyir\u0259m, ay ki\u015fi, m\u0259nim heyvanlar\u0131m g\u00fcnd\u0259 az\u0131 bir d\u0259f\u0259 d\u0259 olsa, suya getm\u0259lidir\u201d.\n<\/p>\n<p>\n  <b><br \/>\n    \u201cG\u0259lib o\u011flumu, yezn\u0259mi d\u00f6y\u00fcbl\u0259r\u201d<br \/>\n  <\/b>\n<\/p>\n<p>\n  Fermer problemin h\u0259lli \u00fc\u00e7\u00fcn m\u0259hk\u0259m\u0259y\u0259 \u00fcz tutub, icra ba\u015f\u00e7\u0131s\u0131na qar\u015f\u0131 iddia qald\u0131r\u0131b. \u0130lyar\u0131md\u0131r ki, bu i\u015f \u015e\u0259ki \u0130nzibati-\u0130qtisadi M\u0259hk\u0259m\u0259sind\u0259dir, h\u0259l\u0259 yekun q\u0259rar \u00e7\u0131xar\u0131lmay\u0131b. M\u0259hk\u0259m\u0259 prosesi m\u00fcv\u0259qq\u0259ti dayand\u0131r\u0131l\u0131b. \u00c7\u00fcnki 15 g\u00fcn \u00f6nc\u0259 hakim q\u0259rar \u00e7\u0131xar\u0131b ki, ekspertiza ke\u00e7irilsin, m\u00fcbahis\u0259li \u0259razinin sxemi haz\u0131rlans\u0131n.\n<\/p>\n<p>\n  \u0130cra ba\u015f\u00e7\u0131s\u0131 2018-ci ilin noyabr\u0131nda v\u0259 2019-cu ilin noyabr\u0131nda m\u0259hk\u0259m\u0259y\u0259 m\u0259ktublar g\u00f6nd\u0259rib. Bu m\u0259ktublar\u0131n h\u0259r ikisind\u0259 eyni m\u0259s\u0259l\u0259d\u0259n s\u00f6hb\u0259t gets\u0259 d\u0259, icra ba\u015f\u00e7\u0131s\u0131 f\u0259rqli fikirl\u0259r yaz\u0131b. M\u0259hk\u0259m\u0259nin ekspertiza q\u0259rar\u0131nda qoyulan suallardan biri d\u0259 budur ki, icra ba\u015f\u00e7\u0131s\u0131n\u0131n h\u0259r iki m\u0259ktubu v\u0259 onlara \u0259lav\u0259 olunan sxeml\u0259rin bir-birind\u0259n f\u0259rqi n\u0259d\u0259dir?\n<\/p>\n<p>\n  M.Yol\u00e7uyev bildirir ki, m\u0259hk\u0259m\u0259nin n\u0259tic\u0259sini g\u00f6zl\u0259m\u0259y\u0259 icra ba\u015f\u00e7\u0131s\u0131n\u0131n s\u0259bri \u00e7atm\u0131r, qon\u015fu k\u0259ndin sakinl\u0259rini ona qar\u015f\u0131 qald\u0131r\u0131r. N\u0259tic\u0259d\u0259 \u0259hali aras\u0131nda g\u0259rginlik yaran\u0131r:\n<\/p>\n<p>\n  \u201c10-15 g\u00fcn olar ki, m\u0259nim \u0259raziml\u0259 h\u0259ms\u0259rh\u0259d olan qon\u015fu k\u0259ndi m\u0259n\u0259 qar\u015f\u0131 aya\u011fa qald\u0131r\u0131blar. Deyirl\u0259r, s\u0259n o\u011fuzlusan, A\u011fda\u015fa aid torpaq s\u0259nd\u0259 olmal\u0131 deyil. Bu, n\u0259 dem\u0259kdir?! D\u00f6rd d\u0259f\u0259 qar\u015f\u0131durma ba\u015f verib. G\u0259lib heyvanlar\u0131m\u0131 apar\u0131rlar, o\u011flumu, yezn\u0259mi d\u00f6y\u00fcbl\u0259r. B\u00fct\u00fcn bunlar da polisl\u0259rin g\u00f6z\u00fc qar\u015f\u0131s\u0131nda ba\u015f verir, he\u00e7 bir t\u0259dbir g\u00f6rm\u00fcrl\u0259r. \u00c7\u00fcnki ham\u0131s\u0131 qura\u015fd\u0131r\u0131lm\u0131\u015f oyundur. D\u00f6rd hal\u0131n ham\u0131s\u0131nda Daxili \u0130\u015fl\u0259r Nazirliyinin 102 xidm\u0259tin\u0259 z\u0259ng el\u0259mi\u015f\u0259m. \u018flim h\u0259r yerd\u0259n \u00fcz\u00fcld\u00fc, dekabr\u0131n 27-d\u0259 t\u0259cili Bak\u0131ya g\u0259ldim ki, m\u0259rk\u0259zi icra orqanlar\u0131na rayondak\u0131 biab\u0131r\u00e7\u0131l\u0131\u011f\u0131 \u00e7atd\u0131r\u0131m. Deyim ki, icra ba\u015f\u00e7\u0131s\u0131 insanlar\u0131n problemini h\u0259ll el\u0259m\u0259kd\u0259n \u0259hali aras\u0131nda g\u0259rginlik yarad\u0131r. \u0130qtisadiyyat Nazirliyin\u0259 getdim, Prezident Administrasiyas\u0131nda oldum. El\u0259 m\u0259n Bak\u0131ya ged\u0259nd\u0259 yolda x\u0259b\u0259r verdil\u0259r ki, yen\u0259 bir qrup adam g\u0259lib o\u011flumu d\u00f6y\u00fcb, yaralay\u0131b. M\u0259n Bak\u0131da \u015fikay\u0259t ed\u0259nd\u0259n sonra icra hakimiyy\u0259ti il\u0259 \u0259laq\u0259 saxlad\u0131lar. Bundan sonra nisb\u0259t\u0259n sakitlik yarand\u0131\u201d.\n<\/p>\n<p>\n  Fermer b\u00fct\u00fcn bu ba\u015f ver\u0259nl\u0259r\u0259 g\u00f6r\u0259 \u015f\u0259xs\u0259n icra ba\u015f\u00e7\u0131s\u0131n\u0131 ittiham edir. Deyir ki, \u0259g\u0259r bu c\u00fcr insidentl\u0259rin a\u011f\u0131r n\u0259tic\u0259si olsa, buna g\u00f6r\u0259 m\u0259suliyy\u0259t T.\u0130brahimovun \u00fcz\u0259rind\u0259dir. Ona g\u00f6r\u0259 d\u0259 b\u0259ri ba\u015fdan prezident\u0259 \u00fcz tutub deyir:\n<\/p>\n<p>\n  \u201cC\u0259nab prezident, sizd\u0259n xahi\u015f edir\u0259m, sad\u0259 k\u0259nd adamlar\u0131na \u0259l\u00e7atanl\u0131q edin. M\u0259murlara ba\u015fa sal\u0131n, imkan versinl\u0259r, ail\u0259mizi doland\u0131raq. V\u0259zif\u0259li \u015f\u0259xsl\u0259rin borcu odur ki, \u0259hali aras\u0131nda g\u0259rginlik yaratmas\u0131nlar. Amma \u00f6zl\u0259ri g\u0259rginlik yarad\u0131rlar. M\u0259n qanunlar\u0131n t\u0259r\u0259find\u0259y\u0259m. Qan t\u00f6k\u00fcls\u0259, m\u0259suliyy\u0259ti icra ba\u015f\u00e7\u0131s\u0131 da\u015f\u0131yacaq\u201d.\n<\/p>\n<figure class=\"wp-block-image size-large\">\n  <img decoding=\"async\" src=\"https:\/\/www.meydan.tv\/az\/image_from_ios-1-jpg-94\/\" alt=\"image_from_ios (1).jpg\" class=\"wp-image-135313\"\/><figcaption>\n    Q\u0131\u015f Otlaq sah\u0259sinin Sxematik Plan\u0131<br \/>\n  <\/figcaption><\/figure>\n<p>\n  <b><br \/>\n    \u0130cra ba\u015f\u00e7\u0131s\u0131 n\u0259 deyir?<br \/>\n  <\/b>\n<\/p>\n<p>\n  A\u011fda\u015f Rayon \u0130cra Hakimiyy\u0259tinin ba\u015f\u00e7\u0131s\u0131 Tofiq \u0130brahimov is\u0259 bildirir ki, \u015e\u0259kili k\u0259ndinin sakinl\u0259ri s\u00f6z\u00fcged\u0259n \u0259razid\u0259ki torpaq sah\u0259l\u0259rind\u0259n istifad\u0259 etm\u0259k ist\u0259yir, buna g\u00f6r\u0259 etiraz edirl\u0259r. \u0130cra ba\u015f\u00e7\u0131s\u0131n\u0131n s\u00f6zl\u0259rin\u0259 g\u00f6r\u0259, m\u00fcbahis\u0259li \u0259razinin \u015fimal hiss\u0259sind\u0259 500 hektardan \u00e7ox istifad\u0259siz qalm\u0131\u015f d\u00f6vl\u0259t fondu q\u0131\u015f otlaq sah\u0259si var. \u015e\u0259kili k\u0259ndinin \u0259halisi h\u0259min sah\u0259d\u0259n torpaq ist\u0259yir. Bu m\u0259qs\u0259dl\u0259 d\u0259 icra hakimiyy\u0259tin\u0259 d\u0259f\u0259l\u0259rl\u0259 m\u00fcraci\u0259t edibl\u0259r:\n<\/p>\n<p>\n  \u201c\u0130cra hakimiyy\u0259ti bu m\u00fcraci\u0259tl\u0259r\u0259 m\u00fcsb\u0259t yana\u015f\u0131r. Amma o torpaq sah\u0259sin\u0259 giri\u015f-\u00e7\u0131x\u0131\u015f\u0131n olmamas\u0131 o \u0259razid\u0259n istifad\u0259ni m\u0259hdudla\u015fd\u0131r\u0131r. \u00dcst\u0259lik, uzun ill\u0259rdir o \u0259razinin istifad\u0259siz qalmas\u0131na s\u0259b\u0259b olub. Ona g\u00f6r\u0259 d\u0259 d\u00f6vl\u0259t fondu q\u0131\u015f otlaq sah\u0259sind\u0259 yerl\u0259\u015f\u0259n yataqdan (tikilid\u0259n) Qo\u015faqovaq k\u0259ndi istiqam\u0259tind\u0259 200 hektar sah\u0259nin Mirbala Yol\u00e7uyev\u0259 icar\u0259y\u0259 verilm\u0259sini m\u0259qs\u0259d\u0259uy\u011fun say\u0131r\u0131q\u201d.\n<\/p>\n<p>\n  \u0130cra ba\u015f\u00e7\u0131s\u0131 \u00f6t\u0259n il m\u0259hk\u0259m\u0259y\u0259 m\u0259ktubunda is\u0259 f\u0259rqli cavab verib. Yaz\u0131b: \u201cD\u00f6vl\u0259t fondu q\u0131\u015f otlaq sah\u0259sind\u0259n k\u0259ndin s\u0259rh\u0259d boyu \u00f6r\u00fc\u015f \u0259razisin\u0259 q\u0259d\u0259r uzanan 40 metr v\u0259 s\u0259rh\u0259dd\u0259n sol t\u0259r\u0259f\u0259 300 metr enind\u0259 d\u0259hliz saxlan\u0131lmaqla, Mirbala Yol\u00e7uyev\u0259 200 hektar torpaq sah\u0259sinin icar\u0259y\u0259 verilm\u0259sini m\u0259qs\u0259d\u0259uy\u011fun hesab edirik\u201d.<\/p>\n","protected":false},"excerpt":{"rendered":"<p>\u0130cra ba\u015f\u00e7\u0131s\u0131 \u00f6t\u0259n il m\u0259hk\u0259m\u0259y\u0259 m\u0259ktubunda is\u0259 f\u0259rqli cavab verib.<\/p>\n","protected":false},"author":11,"featured_media":135310,"comment_status":"closed","ping_status":"open","sticky":false,"template":"","format":"standard","meta":{"_acf_changed":false,"_sitemap_exclude":false,"_sitemap_priority":"","_sitemap_frequency":"","footnotes":""},"categories":[60],"tags":[],"class_list":["post-198611","post","type-post","status-publish","format-standard","has-post-thumbnail","hentry","category-bolge","infinite-scroll-item","generate-columns","tablet-grid-50","mobile-grid-100","grid-parent","grid-33","no-featured-image-padding"],"acf":[],"yoast_head":"<!-- This site is optimized with the Yoast SEO plugin v27.5 - https:\/\/yoast.com\/product\/yoast-seo-wordpress\/ -->\n<title>O\u011fuz sakini: Qan t\u00f6k\u00fcls\u0259, m\u0259suliyy\u0259ti icra ba\u015f\u00e7\u0131s\u0131 da\u015f\u0131yacaq - MEYDAN.TV<\/title>\n<meta name=\"robots\" content=\"index, follow, max-snippet:-1, max-image-preview:large, max-video-preview:-1\" \/>\n<link rel=\"canonical\" href=\"https:\/\/www.meydan.tv\/az\/article\/oguz-sakini-qan-tokulse-mesuliyyeti-icra-bascisi-dasiyacaq\/\" \/>\n<meta property=\"og:locale\" content=\"az_AZ\" \/>\n<meta property=\"og:type\" content=\"article\" \/>\n<meta property=\"og:title\" content=\"O\u011fuz sakini: Qan t\u00f6k\u00fcls\u0259, m\u0259suliyy\u0259ti icra ba\u015f\u00e7\u0131s\u0131 da\u015f\u0131yacaq - MEYDAN.TV\" \/>\n<meta property=\"og:description\" content=\"\u0130cra ba\u015f\u00e7\u0131s\u0131 \u00f6t\u0259n il m\u0259hk\u0259m\u0259y\u0259 m\u0259ktubunda is\u0259 f\u0259rqli cavab verib.\" \/>\n<meta property=\"og:url\" content=\"https:\/\/www.meydan.tv\/az\/article\/oguz-sakini-qan-tokulse-mesuliyyeti-icra-bascisi-dasiyacaq\/\" \/>\n<meta property=\"og:site_name\" content=\"MEYDAN.TV\" \/>\n<meta property=\"article:published_time\" content=\"2019-12-31T11:17:58+00:00\" \/>\n<meta property=\"og:image\" content=\"https:\/\/www.meydan.tv\/wp-content\/uploads\/image_from_ios_xot2x8s.jpg\" \/>\n\t<meta property=\"og:image:width\" content=\"1280\" \/>\n\t<meta property=\"og:image:height\" content=\"960\" \/>\n\t<meta property=\"og:image:type\" content=\"image\/jpeg\" \/>\n<meta name=\"author\" content=\"user-manager\" \/>\n<meta name=\"twitter:card\" content=\"summary_large_image\" \/>\n<script type=\"application\/ld+json\" class=\"yoast-schema-graph\">{\"@context\":\"https:\\\/\\\/schema.org\",\"@graph\":[{\"@type\":\"Article\",\"@id\":\"https:\\\/\\\/www.meydan.tv\\\/az\\\/article\\\/oguz-sakini-qan-tokulse-mesuliyyeti-icra-bascisi-dasiyacaq\\\/#article\",\"isPartOf\":{\"@id\":\"https:\\\/\\\/www.meydan.tv\\\/az\\\/article\\\/oguz-sakini-qan-tokulse-mesuliyyeti-icra-bascisi-dasiyacaq\\\/\"},\"author\":{\"name\":\"user-manager\",\"@id\":\"https:\\\/\\\/www.meydan.tv\\\/az\\\/#\\\/schema\\\/person\\\/10d11eccf6da3662cf5fdab9806ea91a\"},\"headline\":\"O\u011fuz sakini: Qan t\u00f6k\u00fcls\u0259, m\u0259suliyy\u0259ti icra ba\u015f\u00e7\u0131s\u0131 da\u015f\u0131yacaq\",\"datePublished\":\"2019-12-31T11:17:58+00:00\",\"mainEntityOfPage\":{\"@id\":\"https:\\\/\\\/www.meydan.tv\\\/az\\\/article\\\/oguz-sakini-qan-tokulse-mesuliyyeti-icra-bascisi-dasiyacaq\\\/\"},\"wordCount\":1503,\"publisher\":{\"@id\":\"https:\\\/\\\/www.meydan.tv\\\/az\\\/#organization\"},\"image\":{\"@id\":\"https:\\\/\\\/www.meydan.tv\\\/az\\\/article\\\/oguz-sakini-qan-tokulse-mesuliyyeti-icra-bascisi-dasiyacaq\\\/#primaryimage\"},\"thumbnailUrl\":\"https:\\\/\\\/www.meydan.tv\\\/wp-content\\\/uploads\\\/image_from_ios_xot2x8s.jpg\",\"articleSection\":[\"B\u00f6lg\u0259\"],\"inLanguage\":\"az\"},{\"@type\":\"WebPage\",\"@id\":\"https:\\\/\\\/www.meydan.tv\\\/az\\\/article\\\/oguz-sakini-qan-tokulse-mesuliyyeti-icra-bascisi-dasiyacaq\\\/\",\"url\":\"https:\\\/\\\/www.meydan.tv\\\/az\\\/article\\\/oguz-sakini-qan-tokulse-mesuliyyeti-icra-bascisi-dasiyacaq\\\/\",\"name\":\"O\u011fuz sakini: Qan t\u00f6k\u00fcls\u0259, m\u0259suliyy\u0259ti icra ba\u015f\u00e7\u0131s\u0131 da\u015f\u0131yacaq - MEYDAN.TV\",\"isPartOf\":{\"@id\":\"https:\\\/\\\/www.meydan.tv\\\/az\\\/#website\"},\"primaryImageOfPage\":{\"@id\":\"https:\\\/\\\/www.meydan.tv\\\/az\\\/article\\\/oguz-sakini-qan-tokulse-mesuliyyeti-icra-bascisi-dasiyacaq\\\/#primaryimage\"},\"image\":{\"@id\":\"https:\\\/\\\/www.meydan.tv\\\/az\\\/article\\\/oguz-sakini-qan-tokulse-mesuliyyeti-icra-bascisi-dasiyacaq\\\/#primaryimage\"},\"thumbnailUrl\":\"https:\\\/\\\/www.meydan.tv\\\/wp-content\\\/uploads\\\/image_from_ios_xot2x8s.jpg\",\"datePublished\":\"2019-12-31T11:17:58+00:00\",\"breadcrumb\":{\"@id\":\"https:\\\/\\\/www.meydan.tv\\\/az\\\/article\\\/oguz-sakini-qan-tokulse-mesuliyyeti-icra-bascisi-dasiyacaq\\\/#breadcrumb\"},\"inLanguage\":\"az\",\"potentialAction\":[{\"@type\":\"ReadAction\",\"target\":[\"https:\\\/\\\/www.meydan.tv\\\/az\\\/article\\\/oguz-sakini-qan-tokulse-mesuliyyeti-icra-bascisi-dasiyacaq\\\/\"]}]},{\"@type\":\"ImageObject\",\"inLanguage\":\"az\",\"@id\":\"https:\\\/\\\/www.meydan.tv\\\/az\\\/article\\\/oguz-sakini-qan-tokulse-mesuliyyeti-icra-bascisi-dasiyacaq\\\/#primaryimage\",\"url\":\"https:\\\/\\\/www.meydan.tv\\\/wp-content\\\/uploads\\\/image_from_ios_xot2x8s.jpg\",\"contentUrl\":\"https:\\\/\\\/www.meydan.tv\\\/wp-content\\\/uploads\\\/image_from_ios_xot2x8s.jpg\",\"width\":1280,\"height\":960,\"caption\":\"Source: Specify Source\"},{\"@type\":\"BreadcrumbList\",\"@id\":\"https:\\\/\\\/www.meydan.tv\\\/az\\\/article\\\/oguz-sakini-qan-tokulse-mesuliyyeti-icra-bascisi-dasiyacaq\\\/#breadcrumb\",\"itemListElement\":[{\"@type\":\"ListItem\",\"position\":1,\"name\":\"Ana s\u0259hif\u0259\",\"item\":\"https:\\\/\\\/www.meydan.tv\\\/az\\\/\"},{\"@type\":\"ListItem\",\"position\":2,\"name\":\"B\u00f6lg\u0259\",\"item\":\"https:\\\/\\\/www.meydan.tv\\\/az\\\/section\\\/bolge\\\/\"},{\"@type\":\"ListItem\",\"position\":3,\"name\":\"O\u011fuz sakini: Qan t\u00f6k\u00fcls\u0259, m\u0259suliyy\u0259ti icra ba\u015f\u00e7\u0131s\u0131 da\u015f\u0131yacaq\"}]},{\"@type\":\"WebSite\",\"@id\":\"https:\\\/\\\/www.meydan.tv\\\/az\\\/#website\",\"url\":\"https:\\\/\\\/www.meydan.tv\\\/az\\\/\",\"name\":\"MEYDAN.TV\",\"description\":\"Meydan TV Az\u0259rbaycan\u0131n media m\u0259kan\u0131ndak\u0131 alternativ s\u0259sidir\",\"publisher\":{\"@id\":\"https:\\\/\\\/www.meydan.tv\\\/az\\\/#organization\"},\"potentialAction\":[{\"@type\":\"SearchAction\",\"target\":{\"@type\":\"EntryPoint\",\"urlTemplate\":\"https:\\\/\\\/www.meydan.tv\\\/az\\\/?s={search_term_string}\"},\"query-input\":{\"@type\":\"PropertyValueSpecification\",\"valueRequired\":true,\"valueName\":\"search_term_string\"}}],\"inLanguage\":\"az\"},{\"@type\":\"Organization\",\"@id\":\"https:\\\/\\\/www.meydan.tv\\\/az\\\/#organization\",\"name\":\"Meydan TV\",\"url\":\"https:\\\/\\\/www.meydan.tv\\\/az\\\/\",\"logo\":{\"@type\":\"ImageObject\",\"inLanguage\":\"az\",\"@id\":\"https:\\\/\\\/www.meydan.tv\\\/az\\\/#\\\/schema\\\/logo\\\/image\\\/\",\"url\":\"https:\\\/\\\/www.meydan.tv\\\/wp-content\\\/uploads\\\/2021\\\/07\\\/meydan-logo.svg\",\"contentUrl\":\"https:\\\/\\\/www.meydan.tv\\\/wp-content\\\/uploads\\\/2021\\\/07\\\/meydan-logo.svg\",\"width\":195,\"height\":46,\"caption\":\"Meydan TV\"},\"image\":{\"@id\":\"https:\\\/\\\/www.meydan.tv\\\/az\\\/#\\\/schema\\\/logo\\\/image\\\/\"}},{\"@type\":\"Person\",\"@id\":\"https:\\\/\\\/www.meydan.tv\\\/az\\\/#\\\/schema\\\/person\\\/10d11eccf6da3662cf5fdab9806ea91a\",\"name\":\"user-manager\"}]}<\/script>\n<!-- \/ Yoast SEO plugin. -->","yoast_head_json":{"title":"O\u011fuz sakini: Qan t\u00f6k\u00fcls\u0259, m\u0259suliyy\u0259ti icra ba\u015f\u00e7\u0131s\u0131 da\u015f\u0131yacaq - MEYDAN.TV","robots":{"index":"index","follow":"follow","max-snippet":"max-snippet:-1","max-image-preview":"max-image-preview:large","max-video-preview":"max-video-preview:-1"},"canonical":"https:\/\/www.meydan.tv\/az\/article\/oguz-sakini-qan-tokulse-mesuliyyeti-icra-bascisi-dasiyacaq\/","og_locale":"az_AZ","og_type":"article","og_title":"O\u011fuz sakini: Qan t\u00f6k\u00fcls\u0259, m\u0259suliyy\u0259ti icra ba\u015f\u00e7\u0131s\u0131 da\u015f\u0131yacaq - MEYDAN.TV","og_description":"\u0130cra ba\u015f\u00e7\u0131s\u0131 \u00f6t\u0259n il m\u0259hk\u0259m\u0259y\u0259 m\u0259ktubunda is\u0259 f\u0259rqli cavab verib.","og_url":"https:\/\/www.meydan.tv\/az\/article\/oguz-sakini-qan-tokulse-mesuliyyeti-icra-bascisi-dasiyacaq\/","og_site_name":"MEYDAN.TV","article_published_time":"2019-12-31T11:17:58+00:00","og_image":[{"width":1280,"height":960,"url":"https:\/\/www.meydan.tv\/wp-content\/uploads\/image_from_ios_xot2x8s.jpg","type":"image\/jpeg"}],"author":"user-manager","twitter_card":"summary_large_image","schema":{"@context":"https:\/\/schema.org","@graph":[{"@type":"Article","@id":"https:\/\/www.meydan.tv\/az\/article\/oguz-sakini-qan-tokulse-mesuliyyeti-icra-bascisi-dasiyacaq\/#article","isPartOf":{"@id":"https:\/\/www.meydan.tv\/az\/article\/oguz-sakini-qan-tokulse-mesuliyyeti-icra-bascisi-dasiyacaq\/"},"author":{"name":"user-manager","@id":"https:\/\/www.meydan.tv\/az\/#\/schema\/person\/10d11eccf6da3662cf5fdab9806ea91a"},"headline":"O\u011fuz sakini: Qan t\u00f6k\u00fcls\u0259, m\u0259suliyy\u0259ti icra ba\u015f\u00e7\u0131s\u0131 da\u015f\u0131yacaq","datePublished":"2019-12-31T11:17:58+00:00","mainEntityOfPage":{"@id":"https:\/\/www.meydan.tv\/az\/article\/oguz-sakini-qan-tokulse-mesuliyyeti-icra-bascisi-dasiyacaq\/"},"wordCount":1503,"publisher":{"@id":"https:\/\/www.meydan.tv\/az\/#organization"},"image":{"@id":"https:\/\/www.meydan.tv\/az\/article\/oguz-sakini-qan-tokulse-mesuliyyeti-icra-bascisi-dasiyacaq\/#primaryimage"},"thumbnailUrl":"https:\/\/www.meydan.tv\/wp-content\/uploads\/image_from_ios_xot2x8s.jpg","articleSection":["B\u00f6lg\u0259"],"inLanguage":"az"},{"@type":"WebPage","@id":"https:\/\/www.meydan.tv\/az\/article\/oguz-sakini-qan-tokulse-mesuliyyeti-icra-bascisi-dasiyacaq\/","url":"https:\/\/www.meydan.tv\/az\/article\/oguz-sakini-qan-tokulse-mesuliyyeti-icra-bascisi-dasiyacaq\/","name":"O\u011fuz sakini: Qan t\u00f6k\u00fcls\u0259, m\u0259suliyy\u0259ti icra ba\u015f\u00e7\u0131s\u0131 da\u015f\u0131yacaq - MEYDAN.TV","isPartOf":{"@id":"https:\/\/www.meydan.tv\/az\/#website"},"primaryImageOfPage":{"@id":"https:\/\/www.meydan.tv\/az\/article\/oguz-sakini-qan-tokulse-mesuliyyeti-icra-bascisi-dasiyacaq\/#primaryimage"},"image":{"@id":"https:\/\/www.meydan.tv\/az\/article\/oguz-sakini-qan-tokulse-mesuliyyeti-icra-bascisi-dasiyacaq\/#primaryimage"},"thumbnailUrl":"https:\/\/www.meydan.tv\/wp-content\/uploads\/image_from_ios_xot2x8s.jpg","datePublished":"2019-12-31T11:17:58+00:00","breadcrumb":{"@id":"https:\/\/www.meydan.tv\/az\/article\/oguz-sakini-qan-tokulse-mesuliyyeti-icra-bascisi-dasiyacaq\/#breadcrumb"},"inLanguage":"az","potentialAction":[{"@type":"ReadAction","target":["https:\/\/www.meydan.tv\/az\/article\/oguz-sakini-qan-tokulse-mesuliyyeti-icra-bascisi-dasiyacaq\/"]}]},{"@type":"ImageObject","inLanguage":"az","@id":"https:\/\/www.meydan.tv\/az\/article\/oguz-sakini-qan-tokulse-mesuliyyeti-icra-bascisi-dasiyacaq\/#primaryimage","url":"https:\/\/www.meydan.tv\/wp-content\/uploads\/image_from_ios_xot2x8s.jpg","contentUrl":"https:\/\/www.meydan.tv\/wp-content\/uploads\/image_from_ios_xot2x8s.jpg","width":1280,"height":960,"caption":"Source: Specify Source"},{"@type":"BreadcrumbList","@id":"https:\/\/www.meydan.tv\/az\/article\/oguz-sakini-qan-tokulse-mesuliyyeti-icra-bascisi-dasiyacaq\/#breadcrumb","itemListElement":[{"@type":"ListItem","position":1,"name":"Ana s\u0259hif\u0259","item":"https:\/\/www.meydan.tv\/az\/"},{"@type":"ListItem","position":2,"name":"B\u00f6lg\u0259","item":"https:\/\/www.meydan.tv\/az\/section\/bolge\/"},{"@type":"ListItem","position":3,"name":"O\u011fuz sakini: Qan t\u00f6k\u00fcls\u0259, m\u0259suliyy\u0259ti icra ba\u015f\u00e7\u0131s\u0131 da\u015f\u0131yacaq"}]},{"@type":"WebSite","@id":"https:\/\/www.meydan.tv\/az\/#website","url":"https:\/\/www.meydan.tv\/az\/","name":"MEYDAN.TV","description":"Meydan TV Az\u0259rbaycan\u0131n media m\u0259kan\u0131ndak\u0131 alternativ s\u0259sidir","publisher":{"@id":"https:\/\/www.meydan.tv\/az\/#organization"},"potentialAction":[{"@type":"SearchAction","target":{"@type":"EntryPoint","urlTemplate":"https:\/\/www.meydan.tv\/az\/?s={search_term_string}"},"query-input":{"@type":"PropertyValueSpecification","valueRequired":true,"valueName":"search_term_string"}}],"inLanguage":"az"},{"@type":"Organization","@id":"https:\/\/www.meydan.tv\/az\/#organization","name":"Meydan TV","url":"https:\/\/www.meydan.tv\/az\/","logo":{"@type":"ImageObject","inLanguage":"az","@id":"https:\/\/www.meydan.tv\/az\/#\/schema\/logo\/image\/","url":"https:\/\/www.meydan.tv\/wp-content\/uploads\/2021\/07\/meydan-logo.svg","contentUrl":"https:\/\/www.meydan.tv\/wp-content\/uploads\/2021\/07\/meydan-logo.svg","width":195,"height":46,"caption":"Meydan TV"},"image":{"@id":"https:\/\/www.meydan.tv\/az\/#\/schema\/logo\/image\/"}},{"@type":"Person","@id":"https:\/\/www.meydan.tv\/az\/#\/schema\/person\/10d11eccf6da3662cf5fdab9806ea91a","name":"user-manager"}]}},"_links":{"self":[{"href":"https:\/\/www.meydan.tv\/az\/wp-json\/wp\/v2\/posts\/198611","targetHints":{"allow":["GET"]}}],"collection":[{"href":"https:\/\/www.meydan.tv\/az\/wp-json\/wp\/v2\/posts"}],"about":[{"href":"https:\/\/www.meydan.tv\/az\/wp-json\/wp\/v2\/types\/post"}],"author":[{"embeddable":true,"href":"https:\/\/www.meydan.tv\/az\/wp-json\/wp\/v2\/users\/11"}],"replies":[{"embeddable":true,"href":"https:\/\/www.meydan.tv\/az\/wp-json\/wp\/v2\/comments?post=198611"}],"version-history":[{"count":0,"href":"https:\/\/www.meydan.tv\/az\/wp-json\/wp\/v2\/posts\/198611\/revisions"}],"wp:featuredmedia":[{"embeddable":true,"href":"https:\/\/www.meydan.tv\/az\/wp-json\/wp\/v2\/media\/135310"}],"wp:attachment":[{"href":"https:\/\/www.meydan.tv\/az\/wp-json\/wp\/v2\/media?parent=198611"}],"wp:term":[{"taxonomy":"category","embeddable":true,"href":"https:\/\/www.meydan.tv\/az\/wp-json\/wp\/v2\/categories?post=198611"},{"taxonomy":"post_tag","embeddable":true,"href":"https:\/\/www.meydan.tv\/az\/wp-json\/wp\/v2\/tags?post=198611"}],"curies":[{"name":"wp","href":"https:\/\/api.w.org\/{rel}","templated":true}]}}