{"id":198598,"date":"2019-12-30T08:48:40","date_gmt":"2019-12-30T08:48:40","guid":{"rendered":"https:\/\/www.meydan.tv\/article\/2019-cu-ilde-vetendaslarin-sesleri-nece-esidildi\/"},"modified":"2019-12-30T08:48:40","modified_gmt":"2019-12-30T08:48:40","slug":"2019-cu-ilde-vetendaslarin-sesleri-nece-esidildi","status":"publish","type":"post","link":"https:\/\/www.meydan.tv\/az\/article\/2019-cu-ilde-vetendaslarin-sesleri-nece-esidildi\/","title":{"rendered":"2019-cu ild\u0259 v\u0259t\u0259nda\u015flar\u0131n s\u0259sl\u0259ri nec\u0259 e\u015fidildi?"},"content":{"rendered":"<p>\n  <i><br \/>\n    \u00d6t\u0259n il Meydan TV-y\u0259 \u00fcz tutan \u015f\u0259xsl\u0259rin probleml\u0259rinin h\u0259llin\u0259 \u00e7al\u0131\u015f\u0131ld\u0131<br \/>\n  <\/i>\n<\/p>\n<p>\n  2019-cu ild\u0259 Meydan TV-y\u0259 \u00fcz tutanlar aras\u0131nda b\u00f6lg\u0259d\u0259 ya\u015fayanlar \u00e7oxluq t\u0259\u015fkil etdi. Sosial probleml\u0259rini g\u00fcn i\u015f\u0131\u011f\u0131na \u00e7\u0131xarmaq ist\u0259y\u0259nl\u0259r aras\u0131nda d\u0259rdin\u0259 \u00e7ar\u0259 tap\u0131lanlar az olmad\u0131. \u0130mkans\u0131z ail\u0259l\u0259r\u0259 xeyirxah insanlardan d\u0259st\u0259k g\u0259ldi, h\u0259m\u00e7inin b\u0259zi \u0259laq\u0259dar qurumlar probleml\u0259ri h\u0259ll etm\u0259y\u0259 qalxd\u0131lar\u2026\n<\/p>\n<p>\n  <b><br \/>\n    \u0130cra ba\u015f\u00e7\u0131s\u0131: \u201cH\u0259r ail\u0259 pamb\u0131qdan evin\u0259 100 manat apar\u0131r\u201d<br \/>\n  <\/b>\n<\/p>\n<p>\n  Bir ne\u00e7\u0259 ildir ki, pamb\u0131q\u00e7\u0131l\u0131q h\u00f6kum\u0259tin \u0259sas diqq\u0259t ay\u0131rd\u0131\u011f\u0131 sah\u0259l\u0259rd\u0259n birin\u0259 \u00e7evrilib. H\u00f6kum\u0259t bu sah\u0259ni inki\u015faf etdirm\u0259kl\u0259 h\u0259m yeni i\u015f yerl\u0259rinin a\u00e7\u0131lmas\u0131n\u0131, h\u0259m d\u0259 \u00f6lk\u0259y\u0259 valyuta ax\u0131n\u0131n\u0131 art\u0131rma\u011f\u0131 d\u00fc\u015f\u00fcnd\u00fcy\u00fcn\u00fc b\u0259yan edib.\n<\/p>\n<p>\n  Bu il \u0130lham \u018fliyev A\u011fcab\u0259di rayonundak\u0131 pamb\u0131q sah\u0259l\u0259rind\u0259n birin\u0259 getmi\u015fdi. Prezidentin \u201cadamba\u015f\u0131na orta hesabla n\u0259 q\u0259d\u0259r pamb\u0131q y\u0131\u011f\u0131rs\u0131n\u0131z?\u201d sual\u0131na pamb\u0131q\u00e7\u0131lar \u201cg\u00fcnd\u0259 110-120 kiloqram\u201d cavab\u0131n\u0131 vermi\u015fdil\u0259r. Bu zaman \u0130lham \u018fliyev onlar\u0131n g\u00fcnd\u0259lik qazanclar\u0131n\u0131 x\u0259b\u0259r alm\u0131\u015fd\u0131. Pamb\u0131q\u00e7\u0131lardan \u00f6nc\u0259 A\u011fcab\u0259dinin icra ba\u015f\u00e7\u0131s\u0131 \u015eahin M\u0259mm\u0259dov h\u0259r pamb\u0131q\u00e7\u0131n\u0131n g\u00fcn\u0259 24 manat g\u0259lir g\u00f6t\u00fcrd\u00fcy\u00fcn\u00fc s\u00f6yl\u0259mi\u015fdi. \u018flav\u0259 etmi\u015fdi ki, bir evd\u0259n tarlaya be\u015f adam \u00e7\u0131x\u0131rsa, h\u0259r\u0259si 100 kiloqram y\u0131\u011fsa, ax\u015fam evl\u0259rin\u0259 100 manat pul apar\u0131rlar. \u0130lham \u018fliyev bunun \u00e7ox yax\u015f\u0131 oldu\u011funu s\u00f6yl\u0259mi\u015fdi.\n<\/p>\n<p>\n  K\u00fcrd\u0259mird\u0259 ya\u015fayan, 53 ya\u015fl\u0131 pamb\u0131q\u00e7\u0131<br \/>\n  <a href=\"https:\/\/www.meydan.tv\/az\/article\/pambiqci-prezidente-dedikleri-qeder-qazansaydim-qisda-acindan-olmezdim\/?ref=list-regions\"><br \/>\n    P\u00fcst\u0259 Orucova Meydan TV<br \/>\n  <\/a><br \/>\n  vasit\u0259sil\u0259 Prezident \u0130lham \u018fliyev\u0259 v\u0259 icra ba\u015f\u00e7\u0131s\u0131na cavab verdi. Dedi ki, m\u00f6vs\u00fcmd\u0259 g\u00fcn\u00fc 7-8 manatdan i\u015fl\u0259yirl\u0259r, q\u0131\u015fda is\u0259 yem\u0259y\u0259 \u00e7\u00f6r\u0259k tapm\u0131rlar:\n<\/p>\n<p>\n  \u201cOnlar\u0131n dediyi q\u0259d\u0259r qazansayd\u0131m, q\u0131\u015fda ac\u0131ndan \u00f6lm\u0259zdim\u201d.\n<\/p>\n<figure class=\"wp-block-image size-large\">\n  <img decoding=\"async\" src=\"https:\/\/www.meydan.tv\/az\/image00005_c0npbef-original-jpg\/\" alt=\"image00005_C0NPbef.original.jpg\" class=\"wp-image-135269\"\/><figcaption>\n    P\u00fcst\u0259 Orucova<br \/>\n  <\/figcaption><\/figure>\n<p>\n  <b><br \/>\n    \u201cK\u0259mal\u0259ddin Heyd\u0259rov t\u0259s\u0259rr\u00fcfat\u0131m\u0131z\u0131 \u0259limizd\u0259n alma\u011fa \u00e7al\u0131\u015f\u0131r\u201d<br \/>\n  <\/b>\n<\/p>\n<p>\n  \u0130mi\u015flinin Sar\u0131xanl\u0131 k\u0259ndinin sakinl\u0259ri<br \/>\n  <a href=\"https:\/\/www.meydan.tv\/az\/article\/kemaleddin-heyderov-torpaqlarimizi-elimizden-alir\/?\/ref=redirect\"><br \/>\n    Meydan TV<br \/>\n  <\/a><br \/>\n  -y\u0259 m\u00fcraci\u0259t ed\u0259r\u0259k demi\u015fdi ki, F\u00f6vq\u0259lad\u0259 hallar naziri rayon r\u0259hb\u0259rliyi il\u0259 raz\u0131la\u015f\u0131b, fermerl\u0259rin 15 illik icar\u0259y\u0259 g\u00f6t\u00fcrd\u00fckl\u0259ri \u00f6r\u00fc\u015f sah\u0259l\u0259rini \u0259ll\u0259rind\u0259n almaq ist\u0259yir. K\u0259ndlil\u0259r bildirirdil\u0259r ki, g\u00f6r\u00fcn\u00fcr, varlar\u0131na var qatmaq niyy\u0259tind\u0259dirl\u0259r. Sad\u0259 k\u0259ndlini pis v\u0259ziyy\u0259td\u0259 qoyurlar.\n<\/p>\n<p>\n  Meydan TV bu bar\u0259d\u0259 yazandan sonra k\u0259ndlil\u0259r bildirdil\u0259r ki, b\u00fct\u00fcn proses dayan\u0131b, h\u0259l\u0259lik, onlar\u0131 narahat ed\u0259n yoxdur. Ancaq g\u0259l\u0259c\u0259kd\u0259 n\u0259 olaca\u011f\u0131n\u0131 bilmirl\u0259r.\n<\/p>\n<figure class=\"wp-block-image size-large\">\n  <img decoding=\"async\" src=\"https:\/\/www.meydan.tv\/az\/_46695-width-1024-jpg\/\" alt=\"_46695.width-1024.jpg\" class=\"wp-image-135268\"\/><figcaption>\n    Sar\u0131xanl\u0131 k\u0259ndinin sakinl\u0259ri<br \/>\n  <\/figcaption><\/figure>\n<p>\n  <b><br \/>\n    Heyd\u0259r \u018fliyev Fondundan reaksiya<br \/>\n  <\/b>\n<\/p>\n<p>\n  39 ya\u015fl\u0131<br \/>\n  <a href=\"https:\/\/www.meydan.tv\/az\/article\/meni-aileli-bir-kisiye-300-manata-satdilar\/?\/ref=redirect\"><br \/>\n    Nazil\u0259 Musayeva Meydan TV<br \/>\n  <\/a><br \/>\n  -y\u0259 m\u00fcsahib\u0259sind\u0259 h\u0259m onkoloji x\u0259st\u0259likd\u0259n, h\u0259m \u201cHepatit C\u201d virusundan \u0259ziyy\u0259t \u00e7\u0259kdiyini, g\u00f6z\u00fcn\u00fcn birinin is\u0259 g\u00f6rm\u0259diyini s\u00f6yl\u0259mi\u015fdi. Bunlara baxmayaraq, d\u00f6vl\u0259td\u0259n bir q\u0259pik d\u0259 almad\u0131\u011f\u0131n\u0131, x\u0259st\u0259liyinin ir\u0259lil\u0259diyini v\u0259 u\u015fa\u011f\u0131na baxa bilm\u0259diyini demi\u015fdi.\n<\/p>\n<p>\n  Yaz\u0131 Meydan TV-d\u0259 \u00e7\u0131xandan sonra Heyd\u0259r \u018fliyev Fondu Nazil\u0259 Musayevan\u0131n m\u00fcalic\u0259sini \u00f6z \u00fcz\u0259rin\u0259 g\u00f6t\u00fcrd\u00fc. Onu M\u0259rk\u0259zi Neft\u00e7il\u0259r X\u0259st\u0259xanas\u0131nda \u0259m\u0259liyyat etdirdil\u0259r. Eyni zamanda, qad\u0131na ayl\u0131q m\u00fcavin\u0259t k\u0259sildi.\n<\/p>\n<figure class=\"wp-block-image size-large\">\n  <img decoding=\"async\" src=\"https:\/\/www.meydan.tv\/az\/_46766-original-jpg\/\" alt=\"_46766.original.jpg\" class=\"wp-image-135274\"\/><figcaption>\n    Nazil\u0259 Musayeva<br \/>\n  <\/figcaption><\/figure>\n<p>\n  <b><br \/>\n    10 n\u0259f\u0259r i\u015fin\u0259 yenid\u0259n b\u0259rpa edildi<br \/>\n  <\/b>\n<\/p>\n<p>\n  \u0130mi\u015fli Rayon Kommunal \u0130stismar \u0130dar\u0259sind\u0259 \u00e7al\u0131\u015fan 10 n\u0259f\u0259r bu il i\u015fsiz qalm\u0131\u015fd\u0131. Bu bar\u0259d\u0259<br \/>\n  <a href=\"https:\/\/www.meydan.tv\/az\/article\/isini-itiren-mecburi-kockunler-vilyam-haciyevle-gorusmeye-imkan-vermirler\/?\/ref=redirect\"><br \/>\n    Meydan TV<br \/>\n  <\/a><br \/>\n  -y\u0259 m\u00fcraci\u0259t ed\u0259n v\u0259t\u0259nda\u015flar yegan\u0259 g\u0259lir m\u0259nb\u0259l\u0259rinin \u0259ll\u0259rind\u0259n al\u0131nd\u0131\u011f\u0131 \u00fc\u00e7\u00fcn \u00fczg\u00fcn olduqlar\u0131n\u0131 s\u00f6yl\u0259mi\u015fdil\u0259r.\n<\/p>\n<p>\n  Yaz\u0131 Meydan TV-d\u0259 \u00e7\u0131xandan sonra \u0130mi\u015fli Rayon \u0130cra Hakimiyy\u0259tind\u0259n i\u015f\u00e7il\u0259r\u0259 z\u0259ng edib, \u00e7a\u011f\u0131r\u0131blar. Onlarla daha bir illik m\u00fcqavil\u0259 ba\u011flay\u0131blar.\n<\/p>\n<figure class=\"wp-block-image size-large\">\n  <img decoding=\"async\" src=\"https:\/\/www.meydan.tv\/az\/_46866-original-jpg\/\" alt=\"_46866.original.jpg\" class=\"wp-image-135280\"\/><figcaption>\n    \u0130mi\u015fli Rayon Kommunal \u0130stismar \u0130dar\u0259sind\u0259 i\u015fsiz qalan 10 n\u0259f\u0259r<br \/>\n  <\/figcaption><\/figure>\n<p>\n  <b><br \/>\n    Pamb\u0131q Zavodunun tozu-duman\u0131 aradan g\u00f6t\u00fcr\u00fcld\u00fc<br \/>\n  <\/b>\n<\/p>\n<p>\n  \u0130mi\u015flinin Mu\u011fan k\u00fc\u00e7\u0259sinin sakinl\u0259ri<br \/>\n  <a href=\"https:\/\/www.meydan.tv\/az\/article\/imislide-pambiq-zavodunun-elinden-hava-uda-bilmirik\/?ref=list-regions\"><br \/>\n    Meydan TV<br \/>\n  <\/a><br \/>\n  -y\u0259 m\u00fcraci\u0259t ed\u0259r\u0259k, Pamb\u0131q Zavodunun toz-duman\u0131ndan h\u0259y\u0259tl\u0259rind\u0259 otura bilm\u0259dikl\u0259rini s\u00f6yl\u0259mi\u015fdil\u0259r.\n<\/p>\n<p>\n  \u201cGuya pamb\u0131\u011f\u0131 torpaqdan ay\u0131r\u0131rlar. Bu zaman g\u00f6r\u00fcn\u00fcr, filterl\u0259rd\u0259n istifad\u0259 etmirl\u0259r. N\u0259tic\u0259d\u0259 h\u0259min toz-torpa\u011f\u0131n ham\u0131s\u0131 havaya burax\u0131l\u0131r. Ordan da bizim h\u0259y\u0259tl\u0259rimiz\u0259, evl\u0259rimizin i\u00e7in\u0259, \u00e7iy\u0259rl\u0259rimiz\u0259. Ne\u00e7\u0259 ildir \u0259ziyy\u0259t \u00e7\u0259kirik. D\u0259f\u0259l\u0259rl\u0259 icra hakimiyy\u0259tin\u0259, zavodun \u00f6z\u00fcn\u0259 m\u00fcraci\u0259t etmi\u015fik, xeyri olmay\u0131b&quot;.\n<\/p>\n<p>\n  Problem Meydan TV-d\u0259 d\u0259rc edil\u0259nd\u0259n sonra \u0130mi\u015fli Rayon \u0130cra Hakimiyy\u0259ti problemi h\u0259ll etm\u0259k \u00fc\u00e7\u00fcn zavod r\u0259hb\u0259rliyin\u0259 m\u00fcraci\u0259t edib. Sonradan sakinl\u0259r dedil\u0259r ki, art\u0131q zavod filterl\u0259ri i\u015f\u0259 sal\u0131b v\u0259 toz-torpaqdan canlar\u0131 qurtar\u0131b.\n<\/p>\n<figure class=\"wp-block-image size-large\">\n  <img decoding=\"async\" src=\"https:\/\/www.meydan.tv\/az\/image00006_uiaqx9b-original-jpg\/\" alt=\"image00006_UIAQX9b.original.jpg\" class=\"wp-image-135277\"\/><figcaption>\n    \u0130mi\u015fli Pamb\u0131q Zavodu<br \/>\n  <\/figcaption><\/figure>\n<p>\n  <b><br \/>\n    V\u0259t\u0259nda\u015f d\u0259st\u0259yi<br \/>\n  <\/b>\n<\/p>\n<p>\n  &quot;\u0130\u015f yerind\u0259n ixtisara d\u00fc\u015fd\u00fcm. \u0130ndi i\u015f tapa bilmir\u0259m. Yolda\u015f\u0131m da g\u00fcnd\u0259lik 3 manata i\u015fl\u0259yir. Kiray\u0259 pulumuz aya 70 manatd\u0131r. O 70 manat\u0131 d\u00fcz\u0259ldib, k\u0259nara atmayanad\u0259k g\u00f6z\u00fcm\u00fcz\u0259 yuxu getmir\u201d.\n<\/p>\n<p>\n  Ucar\u0131n R\u0259st\u0259c\u0259 k\u0259ndinin sakini<br \/>\n  <a href=\"https:\/\/www.meydan.tv\/az\/article\/ucar-sakini-corek-nedir-ki-menim-usaqlarim-ondan-otru-aglayirlar\/?ref=list-regions\"><br \/>\n    Ayb\u0259niz Cahangirova Meydan TV<br \/>\n  <\/a><br \/>\n  -y\u0259 bel\u0259 demi\u015fdi. Xan\u0131m ail\u0259sinin \u00e7ox a\u011f\u0131r \u015f\u0259raitd\u0259 ya\u015fad\u0131\u011f\u0131n\u0131 s\u00f6yl\u0259yirdi.\n<\/p>\n<p>\n  \u201cKiray\u0259 pulunu ki, d\u00fcz\u0259ldib k\u0259nara atm\u0131ram ha, bax\u0131n, onda u\u015faqlar yem\u0259k, \u00e7ay ist\u0259y\u0259nd\u0259 d\u0259 \u0259s\u0259bi oluram. 4 u\u015faqd\u0131, yem\u0259k ist\u0259yirl\u0259r. O g\u00fcn babalar\u0131na z\u0259ng etdim ki, daha d\u00f6z\u0259 bilmir\u0259m. Biz\u0259 2 \u00e7\u00f6r\u0259k g\u00f6nd\u0259rin. Valideynl\u0259rimin pensiyas\u0131na g\u00f6z dikmi\u015f\u0259m, h\u0259m \u00f6vlad, h\u0259m d\u0259 valideyn kimi utan\u0131ram\u201d.\n<\/p>\n<p>\n  Material Meydan TV-d\u0259 ged\u0259nd\u0259n sonra imkanl\u0131 insanlar ail\u0259y\u0259 k\u00f6m\u0259k etdil\u0259r.\n<\/p>\n<figure class=\"wp-block-image size-large\">\n  <img decoding=\"async\" src=\"https:\/\/www.meydan.tv\/az\/image_from_ios_6_bdia8wq-original-jpg\/\" alt=\"image_from_ios_6_bdia8wq.original.jpg\" class=\"wp-image-135283\"\/><figcaption>\n    Ayb\u0259niz Cahangirova<br \/>\n  <\/figcaption><\/figure>\n<p>\n  <b><br \/>\n    \u0130mkans\u0131z ail\u0259l\u0259r\u0259 d\u0259st\u0259k<br \/>\n  <\/b>\n<\/p>\n<p>\n  Yard\u0131ml\u0131n\u0131n Mirimli k\u0259ndinin sakini<br \/>\n  <a href=\"https:\/\/www.meydan.tv\/az\/article\/nenenin-umidine-qalan-korpeler\/?ref=list-regions\"><br \/>\n    S\u0259xav\u0259t A\u011fayev Meydan TV<br \/>\n  <\/a><br \/>\n  -y\u0259 imkans\u0131zl\u0131qdan, \u00f6vladlar\u0131n\u0131 saxlaya bilm\u0259diyind\u0259n \u015fikay\u0259t etmi\u015fdi.\n<\/p>\n<p>\n  Meydan TV-nin yaz\u0131s\u0131ndan sonra Yard\u0131ml\u0131n\u0131n icra ba\u015f\u00e7\u0131s\u0131 Ayaz \u018fsg\u0259rov 5 u\u015faq atas\u0131 S\u0259xav\u0259t A\u011fayevi q\u0259bul edib. Ona t\u0259s\u0259rr\u00fcfat\u0131n\u0131n inki\u015faf\u0131 \u00fc\u00e7\u00fcn 2 in\u0259k verib.\n<\/p>\n<p>\n  A\u011fda\u015f\u0131n Qarada\u011fl\u0131 k\u0259ndinin sakini<br \/>\n  <a href=\"https:\/\/www.meydan.tv\/az\/article\/usaqlari-mektebe-gondermeye-ayaqqabi-yoxdur\/?ref=list-regions\"><br \/>\n    Qumru R\u0259sulova<br \/>\n  <\/a><br \/>\n  da ox\u015far \u015fikay\u0259tl\u0259 Meydan TV-y\u0259 m\u00fcraci\u0259t etmi\u015fdi.\n<\/p>\n<p>\n  Meydan TV-nin yaz\u0131s\u0131ndan sonra ixtisasca h\u0259kim oldu\u011funu dey\u0259n bir n\u0259f\u0259r qad\u0131n ail\u0259ni tap\u0131b. N\u0259n\u0259 Mirvari Sad\u0131qova il\u0259 g\u00f6r\u00fc\u015f\u00fcb, ona \u00e7oxlu \u0259rzaq, x\u0259st\u0259 n\u0259v\u0259sin\u0259 geyiml\u0259r g\u0259tirib, maddi d\u0259st\u0259k olub. H\u0259kim u\u015fa\u011f\u0131n m\u00fcalic\u0259si il\u0259 m\u0259\u015f\u011ful olaca\u011f\u0131na da s\u00f6z verib. \u015eamax\u0131n\u0131n \u015e\u0259hriyar q\u0259s\u0259b\u0259sind\u0259 ya\u015fayan<br \/>\n  <a href=\"https:\/\/www.meydan.tv\/az\/article\/usaqlarini-qonsusu-saxlayan-aile\/?ref=list-regions\"><br \/>\n    \u018fmin\u0259 S\u0259f\u0259rova<br \/>\n  <\/a><br \/>\n  da imkans\u0131zl\u0131qdan \u015fikay\u0259t\u00e7i idi. Meydan TV-nin yaz\u0131s\u0131ndan sonra bir n\u0259f\u0259r \u018fmin\u0259 S\u0259f\u0259rovan\u0131 x\u0259st\u0259xanada taparaq yard\u0131m \u00e7atd\u0131rm\u0131\u015fd\u0131.\n<\/p>\n<p>\n  G\u00f6y\u00e7ay\u0131n T\u00fcrkm\u0259n k\u0259ndinin sakini<br \/>\n  <a href=\"https:\/\/www.meydan.tv\/az\/article\/fermada-qul-heyati-yasadiq-heyvanlarin-yaninda-yatirdiq\/?ref=list-regions\"><br \/>\n    F\u0259xriyy\u0259 F\u0259tullayeva<br \/>\n  <\/a><br \/>\n  da a\u011f\u0131r sosial v\u0259ziyy\u0259td\u0259n \u015fikay\u0259tl\u0259nmi\u015fdi. Qad\u0131n\u0131n h\u0259m d\u0259 aliment problemi var idi. Meydan TV-nin yaz\u0131s\u0131ndan sonra polis r\u0259isi z\u0259ng vuraraq onu q\u0259bul etmi\u015fdi. M\u0259hk\u0259m\u0259 icra\u00e7\u0131lar\u0131 aliment m\u0259s\u0259l\u0259sini h\u0259ll etm\u0259k \u00fc\u00e7\u00fcn vaxt ist\u0259mi\u015fdi. \u015eBir n\u0259f\u0259r yaz\u0131dan sonra F\u0259xriyy\u0259 F\u0259tullayevaya 50 manat pul g\u00f6nd\u0259rmi\u015fdi.\n<\/p>\n<p>\n  G\u00f6y\u00e7ay (K\u00fcrd\u015faban k\u0259ndi), Elvin M\u0259mm\u0259dov\n<\/p>\n<p>\n  Salyandan olan m\u00fc\u0259llim\u0259<br \/>\n  <a href=\"https:\/\/www.meydan.tv\/az\/article\/geceler-corek-sexinde-isleyen-muellime\/?ref=list-regions\"><br \/>\n    Ayt\u0259n M\u0259mm\u0259dova<br \/>\n  <\/a><br \/>\n  m\u00fcraci\u0259t ed\u0259r\u0259k d\u0259rs saatlar\u0131n\u0131n azald\u0131ld\u0131\u011f\u0131ndan \u015fikay\u0259t etmi\u015fdi.\n<\/p>\n<p>\n  Bu yaz\u0131ya g\u00f6r\u0259 b\u00f6y\u00fck qalmaqal ya\u015fand\u0131. Meydan TV-nin yaz\u0131s\u0131ndan sonra Arbatan k\u0259nd m\u0259kt\u0259bind\u0259 Ayt\u0259n M\u0259mm\u0259dovan\u0131n d\u0259rs saatlar\u0131n\u0131 art\u0131rd\u0131lar.\n<\/p>\n<figure class=\"wp-block-image size-large\">\n  <img decoding=\"async\" src=\"https:\/\/www.meydan.tv\/az\/image_from_ios_9_67xxgq0-original-jpg\/\" alt=\"image_from_ios_9_67XXgq0.original.jpg\" class=\"wp-image-135291\"\/><figcaption>\n    Ayt\u0259n M\u0259mm\u0259dova<br \/>\n  <\/figcaption><\/figure>\n<p>\n  <b><br \/>\n    Evsiz v\u0259t\u0259nda\u015f\u0131n problemi nec\u0259 h\u0259ll edildi?<br \/>\n  <\/b>\n<\/p>\n<p>\n  A\u011fsu sakini<br \/>\n  <a href=\"https:\/\/www.youtube.com\/watch?v=aVD8gdsSmK8\"><br \/>\n    Zakir Allahverdiyev Meydan TV<br \/>\n  <\/a><br \/>\n  -y\u0259 m\u00fcraci\u0259t ed\u0259r\u0259k prezidentin s\u0259r\u0259ncam\u0131na \u0259m\u0259l etm\u0259dikl\u0259rini, evl\u0259rinin ba\u015f\u0131na u\u00e7du\u011fu halda, onlar\u0131 yeni evl\u0259 t\u0259min etm\u0259dikl\u0259rini s\u00f6yl\u0259mi\u015fdi. Onun evi z\u0259lz\u0259l\u0259d\u0259n sonra ya\u015fanmaz hala d\u00fc\u015fm\u00fc\u015fd\u00fc, ancaq aidiyyat\u0131 qurumlar \u015fikay\u0259tl\u0259rin\u0259 baxm\u0131rd\u0131lar.\n<\/p>\n<p>\n  Material Meydan TV-d\u0259 ged\u0259nd\u0259n sonra La\u00e7\u0131ndan olan deputat Mahir Abbasov \u015fikay\u0259t\u00e7iy\u0259 z\u0259ng edib. Ona \u201cmarta kimi \u201c\u00dcmid\u201d q\u0259s\u0259b\u0259sind\u0259 ev tikilir v\u0259 ilk bina t\u0259hvil veril\u0259n kimi sizi ora k\u00f6\u00e7\u00fcr\u0259c\u0259yik\u201d deyib. Deputat art\u0131q s\u0259n\u0259dl\u0259\u015fm\u0259 i\u015finin ba\u015fland\u0131\u011f\u0131n\u0131 da s\u00f6yl\u0259yib.\n<\/p>\n<p>\n  <b><br \/>\n    Zirz\u0259mid\u0259 ya\u015fayan ail\u0259<br \/>\n  <\/b>\n<\/p>\n<p>\n  Zirz\u0259mid\u0259 20 ild\u0259n \u00e7ox ya\u015fayan, \u00f6z\u00fc qan, \u00f6vladlar\u0131 m\u00fcxt\u0259lif x\u0259st\u0259likd\u0259n \u0259ziyy\u0259t \u00e7\u0259k\u0259n<br \/>\n  <a href=\"https:\/\/www.youtube.com\/watch?v=kOJBt-3LZ64\"><br \/>\n    \u0130lham\u0259 K\u0259rimova<br \/>\n  <\/a><br \/>\n  n\u0131n problemi Meydan TV-d\u0259 ged\u0259n kimi h\u0259ll olunub. Ail\u0259ni \u201cQobu Park\u201d Ya\u015fay\u0131\u015f Maasivind\u0259 4 otaql\u0131 m\u0259nzill\u0259 t\u0259min edibl\u0259r.\n<\/p>\n<p>\n  <b><br \/>\n    X\u0131rdalan\u0131n \u00e7\u00f6km\u00fc\u015f yollar\u0131<br \/>\n  <\/b>\n<\/p>\n<p>\n  <a href=\"https:\/\/www.youtube.com\/watch?v=B27bz3ThQjY\"><br \/>\n    X\u0131rdalan<br \/>\n  <\/a><br \/>\n  da b\u0259rbad yollardan bezmi\u015f insanlar hara m\u00fcraci\u0259t ets\u0259 d\u0259, onlara m\u0259h\u0259l qoyan olmurdu. Onlar\u0131n \u015fikay\u0259ti Meydan TV-d\u0259 i\u015f\u0131qland\u0131r\u0131landan sonra n\u0259inki \u0259sas k\u00fc\u00e7\u0259l\u0259r\u0259, el\u0259c\u0259 d\u0259 ara m\u0259h\u0259ll\u0259l\u0259rin yollar\u0131na asfalt \u00e7\u0259kildi.\n<\/p>\n<p>\n  X\u0131rdalanda zirz\u0259mid\u0259 ya\u015fayan, astma v\u0259 \u00fcr\u0259k x\u0259st\u0259si olan u\u015faqlar, el\u0259c\u0259 d\u0259 onlar\u0131n m\u00fcxt\u0259lif x\u0259st\u0259likd\u0259n \u0259ziyy\u0259t \u00e7\u0259k\u0259n valideynl\u0259ri d\u0259f\u0259l\u0259rl\u0259 ev \u00fc\u00e7\u00fcn m\u00fcraci\u0259t etmi\u015fdil\u0259r. Ancaq onlar\u0131n \u015fikay\u0259tin\u0259 bax\u0131lm\u0131rd\u0131. \u0130ll\u0259rdir ya\u011f\u0131\u015f\u0131n alt\u0131nda gec\u0259l\u0259m\u0259li olublar. H\u0259tta yatark\u0259n yor\u011fan\u0131n \u00fcst\u00fcn\u0259 sellofan \u00e7\u0259kibl\u0259r ki, islanmas\u0131nlar. Problem i\u015f\u0131qland\u0131qdan sonra<br \/>\n  <a href=\"https:\/\/www.youtube.com\/watch?v=mPdcURla9jM&amp;t=180s\"><br \/>\n    A\u011fdam Rayon \u0130cra Hakimiyy\u0259ti<br \/>\n  <\/a><br \/>\n  ba\u015f\u00e7\u0131s\u0131 Ab\u015feron rayon icra ba\u015f\u00e7\u0131s\u0131 il\u0259 \u0259laq\u0259 saxlay\u0131b v\u0259 bu ail\u0259y\u0259 k\u00f6m\u0259klik olunmas\u0131 q\u0259rar\u0131na g\u0259linib. Ail\u0259 b\u00fct\u00fcn s\u0259n\u0259dl\u0259ri icra hakimiyy\u0259tin\u0259 t\u0259qdim edib. Onlara yanvarda evl\u0259 t\u0259min olunacaqlar\u0131 bildirilib.\n<\/p>\n<p>\n  Daha bir ne\u00e7\u0259 \u015fikay\u0259t\u00e7i d\u0259 Meydan TV-y\u0259 \u00fcz tutandan sonra probleml\u0259rinin h\u0259ll olundu\u011funu deyir.\n<\/p>\n<p>\n  \u015eamax\u0131 \u015f\u0259h\u0259r sakini \u015e\u0259hla Veyisova \u0259qli q\u00fcsurlu iki \u00f6vlad\u0131na- h\u0259r ikisin\u0259 d\u0259 ikinci qrup \u0259lillik d\u0259r\u0259c\u0259si al\u0131b.\n<\/p>\n<p>\n  <b><br \/>\n    <i><br \/>\n      &#8211; A\u011fsu rayonu, Kala\u011fayl\u0131 k\u0259nd sakini Malik Mehdiyev ikinci qrup \u0259llilik d\u0259r\u0259c\u0259si al\u0131b.<br \/>\n    <\/i><br \/>\n  <\/b>\n<\/p>\n<p>\n  <b><br \/>\n    <i><br \/>\n      &#8211; A\u011fsu rayonu, Kala\u011fayl\u0131 k\u0259nd sakini \u0130bad\u0259t Q\u0259mb\u0259rova Ayd\u0131n q\u0131z\u0131n\u0131n yanan evi yenid\u0259n tikilib.<br \/>\n    <\/i><br \/>\n  <\/b>\n<\/p>\n<p>\n  <b><br \/>\n    <i><br \/>\n      &#8211; U\u00e7ulub-t\u00f6k\u00fcl\u0259n Siyov k\u0259nd tam orta m\u0259kt\u0259bi \u00fc\u00e7\u00fcn yeni bina in\u015fa edilib.<br \/>\n    <\/i><br \/>\n  <\/b>\n<\/p>\n<p>\n  <b><br \/>\n    <i><br \/>\n      &#8211; G\u00f6y\u00e7ay \u015f\u0259h\u0259r sakini Nurlan M\u0259mm\u0259dov M\u0259\u015f\u011fulluq M\u0259rk\u0259zi t\u0259r\u0259find\u0259n kommunal t\u0259s\u0259rr\u00fcfat birliyind\u0259 i\u015fl\u0259 t\u0259min olunub.<br \/>\n    <\/i><br \/>\n  <\/b>\n<\/p>\n<p>\n  <b><br \/>\n    <i><br \/>\n      &#8211; A\u011fsu rayon sakini Murad Soltanovun evi tikil\u0259r\u0259k, t\u0259hvil verilib.<br \/>\n    <\/i><br \/>\n  <\/b>\n<\/p>\n<p>\n  Meydan TV 2020-ci ild\u0259 d\u0259 v\u0259t\u0259nda\u015flar\u0131n \u015fikay\u0259tl\u0259rini i\u015f\u0131qland\u0131rma\u011fa davam ed\u0259c\u0259k.<\/p>\n","protected":false},"excerpt":{"rendered":"<p>Meydan TV 2020-ci ild\u0259 d\u0259 v\u0259t\u0259nda\u015flar\u0131n \u015fikay\u0259tl\u0259rini i\u015f\u0131qland\u0131rma\u011fa davam ed\u0259c\u0259k.<\/p>\n","protected":false},"author":11,"featured_media":126466,"comment_status":"closed","ping_status":"open","sticky":false,"template":"","format":"standard","meta":{"_acf_changed":false,"_sitemap_exclude":false,"_sitemap_priority":"","_sitemap_frequency":"","footnotes":""},"categories":[62],"tags":[],"class_list":["post-198598","post","type-post","status-publish","format-standard","has-post-thumbnail","hentry","category-sosial","infinite-scroll-item","generate-columns","tablet-grid-50","mobile-grid-100","grid-parent","grid-33","no-featured-image-padding"],"acf":[],"yoast_head":"<!-- This site is optimized with the Yoast SEO plugin v27.4 - https:\/\/yoast.com\/product\/yoast-seo-wordpress\/ -->\n<title>2019-cu ild\u0259 v\u0259t\u0259nda\u015flar\u0131n s\u0259sl\u0259ri nec\u0259 e\u015fidildi? - MEYDAN.TV<\/title>\n<meta name=\"robots\" content=\"index, follow, max-snippet:-1, max-image-preview:large, max-video-preview:-1\" \/>\n<link rel=\"canonical\" href=\"https:\/\/www.meydan.tv\/az\/article\/2019-cu-ilde-vetendaslarin-sesleri-nece-esidildi\/\" \/>\n<meta property=\"og:locale\" content=\"az_AZ\" \/>\n<meta property=\"og:type\" content=\"article\" \/>\n<meta property=\"og:title\" content=\"2019-cu ild\u0259 v\u0259t\u0259nda\u015flar\u0131n s\u0259sl\u0259ri nec\u0259 e\u015fidildi? - MEYDAN.TV\" \/>\n<meta property=\"og:description\" content=\"Meydan TV 2020-ci ild\u0259 d\u0259 v\u0259t\u0259nda\u015flar\u0131n \u015fikay\u0259tl\u0259rini i\u015f\u0131qland\u0131rma\u011fa davam ed\u0259c\u0259k.\" \/>\n<meta property=\"og:url\" content=\"https:\/\/www.meydan.tv\/az\/article\/2019-cu-ilde-vetendaslarin-sesleri-nece-esidildi\/\" \/>\n<meta property=\"og:site_name\" content=\"MEYDAN.TV\" \/>\n<meta property=\"article:published_time\" content=\"2019-12-30T08:48:40+00:00\" \/>\n<meta property=\"og:image\" content=\"https:\/\/www.meydan.tv\/wp-content\/uploads\/untitled_design_1_22.09.15.png\" \/>\n\t<meta property=\"og:image:width\" content=\"1280\" \/>\n\t<meta property=\"og:image:height\" content=\"720\" \/>\n\t<meta property=\"og:image:type\" content=\"image\/png\" \/>\n<meta name=\"author\" content=\"user-manager\" \/>\n<meta name=\"twitter:card\" content=\"summary_large_image\" \/>\n<script type=\"application\/ld+json\" class=\"yoast-schema-graph\">{\"@context\":\"https:\\\/\\\/schema.org\",\"@graph\":[{\"@type\":\"Article\",\"@id\":\"https:\\\/\\\/www.meydan.tv\\\/az\\\/article\\\/2019-cu-ilde-vetendaslarin-sesleri-nece-esidildi\\\/#article\",\"isPartOf\":{\"@id\":\"https:\\\/\\\/www.meydan.tv\\\/az\\\/article\\\/2019-cu-ilde-vetendaslarin-sesleri-nece-esidildi\\\/\"},\"author\":{\"name\":\"user-manager\",\"@id\":\"https:\\\/\\\/www.meydan.tv\\\/az\\\/#\\\/schema\\\/person\\\/10d11eccf6da3662cf5fdab9806ea91a\"},\"headline\":\"2019-cu ild\u0259 v\u0259t\u0259nda\u015flar\u0131n s\u0259sl\u0259ri nec\u0259 e\u015fidildi?\",\"datePublished\":\"2019-12-30T08:48:40+00:00\",\"mainEntityOfPage\":{\"@id\":\"https:\\\/\\\/www.meydan.tv\\\/az\\\/article\\\/2019-cu-ilde-vetendaslarin-sesleri-nece-esidildi\\\/\"},\"wordCount\":2002,\"publisher\":{\"@id\":\"https:\\\/\\\/www.meydan.tv\\\/az\\\/#organization\"},\"image\":{\"@id\":\"https:\\\/\\\/www.meydan.tv\\\/az\\\/article\\\/2019-cu-ilde-vetendaslarin-sesleri-nece-esidildi\\\/#primaryimage\"},\"thumbnailUrl\":\"https:\\\/\\\/www.meydan.tv\\\/wp-content\\\/uploads\\\/untitled_design_1_22.09.15.png\",\"articleSection\":[\"Sosial\"],\"inLanguage\":\"az\"},{\"@type\":\"WebPage\",\"@id\":\"https:\\\/\\\/www.meydan.tv\\\/az\\\/article\\\/2019-cu-ilde-vetendaslarin-sesleri-nece-esidildi\\\/\",\"url\":\"https:\\\/\\\/www.meydan.tv\\\/az\\\/article\\\/2019-cu-ilde-vetendaslarin-sesleri-nece-esidildi\\\/\",\"name\":\"2019-cu ild\u0259 v\u0259t\u0259nda\u015flar\u0131n s\u0259sl\u0259ri nec\u0259 e\u015fidildi? - MEYDAN.TV\",\"isPartOf\":{\"@id\":\"https:\\\/\\\/www.meydan.tv\\\/az\\\/#website\"},\"primaryImageOfPage\":{\"@id\":\"https:\\\/\\\/www.meydan.tv\\\/az\\\/article\\\/2019-cu-ilde-vetendaslarin-sesleri-nece-esidildi\\\/#primaryimage\"},\"image\":{\"@id\":\"https:\\\/\\\/www.meydan.tv\\\/az\\\/article\\\/2019-cu-ilde-vetendaslarin-sesleri-nece-esidildi\\\/#primaryimage\"},\"thumbnailUrl\":\"https:\\\/\\\/www.meydan.tv\\\/wp-content\\\/uploads\\\/untitled_design_1_22.09.15.png\",\"datePublished\":\"2019-12-30T08:48:40+00:00\",\"breadcrumb\":{\"@id\":\"https:\\\/\\\/www.meydan.tv\\\/az\\\/article\\\/2019-cu-ilde-vetendaslarin-sesleri-nece-esidildi\\\/#breadcrumb\"},\"inLanguage\":\"az\",\"potentialAction\":[{\"@type\":\"ReadAction\",\"target\":[\"https:\\\/\\\/www.meydan.tv\\\/az\\\/article\\\/2019-cu-ilde-vetendaslarin-sesleri-nece-esidildi\\\/\"]}]},{\"@type\":\"ImageObject\",\"inLanguage\":\"az\",\"@id\":\"https:\\\/\\\/www.meydan.tv\\\/az\\\/article\\\/2019-cu-ilde-vetendaslarin-sesleri-nece-esidildi\\\/#primaryimage\",\"url\":\"https:\\\/\\\/www.meydan.tv\\\/wp-content\\\/uploads\\\/untitled_design_1_22.09.15.png\",\"contentUrl\":\"https:\\\/\\\/www.meydan.tv\\\/wp-content\\\/uploads\\\/untitled_design_1_22.09.15.png\",\"width\":1280,\"height\":720,\"caption\":\"Source: Meydan TV\"},{\"@type\":\"BreadcrumbList\",\"@id\":\"https:\\\/\\\/www.meydan.tv\\\/az\\\/article\\\/2019-cu-ilde-vetendaslarin-sesleri-nece-esidildi\\\/#breadcrumb\",\"itemListElement\":[{\"@type\":\"ListItem\",\"position\":1,\"name\":\"Ana s\u0259hif\u0259\",\"item\":\"https:\\\/\\\/www.meydan.tv\\\/az\\\/\"},{\"@type\":\"ListItem\",\"position\":2,\"name\":\"Sosial\",\"item\":\"https:\\\/\\\/www.meydan.tv\\\/az\\\/section\\\/sosial\\\/\"},{\"@type\":\"ListItem\",\"position\":3,\"name\":\"2019-cu ild\u0259 v\u0259t\u0259nda\u015flar\u0131n s\u0259sl\u0259ri nec\u0259 e\u015fidildi?\"}]},{\"@type\":\"WebSite\",\"@id\":\"https:\\\/\\\/www.meydan.tv\\\/az\\\/#website\",\"url\":\"https:\\\/\\\/www.meydan.tv\\\/az\\\/\",\"name\":\"MEYDAN.TV\",\"description\":\"Meydan TV Az\u0259rbaycan\u0131n media m\u0259kan\u0131ndak\u0131 alternativ s\u0259sidir\",\"publisher\":{\"@id\":\"https:\\\/\\\/www.meydan.tv\\\/az\\\/#organization\"},\"potentialAction\":[{\"@type\":\"SearchAction\",\"target\":{\"@type\":\"EntryPoint\",\"urlTemplate\":\"https:\\\/\\\/www.meydan.tv\\\/az\\\/?s={search_term_string}\"},\"query-input\":{\"@type\":\"PropertyValueSpecification\",\"valueRequired\":true,\"valueName\":\"search_term_string\"}}],\"inLanguage\":\"az\"},{\"@type\":\"Organization\",\"@id\":\"https:\\\/\\\/www.meydan.tv\\\/az\\\/#organization\",\"name\":\"Meydan TV\",\"url\":\"https:\\\/\\\/www.meydan.tv\\\/az\\\/\",\"logo\":{\"@type\":\"ImageObject\",\"inLanguage\":\"az\",\"@id\":\"https:\\\/\\\/www.meydan.tv\\\/az\\\/#\\\/schema\\\/logo\\\/image\\\/\",\"url\":\"https:\\\/\\\/www.meydan.tv\\\/wp-content\\\/uploads\\\/2021\\\/07\\\/meydan-logo.svg\",\"contentUrl\":\"https:\\\/\\\/www.meydan.tv\\\/wp-content\\\/uploads\\\/2021\\\/07\\\/meydan-logo.svg\",\"width\":195,\"height\":46,\"caption\":\"Meydan TV\"},\"image\":{\"@id\":\"https:\\\/\\\/www.meydan.tv\\\/az\\\/#\\\/schema\\\/logo\\\/image\\\/\"}},{\"@type\":\"Person\",\"@id\":\"https:\\\/\\\/www.meydan.tv\\\/az\\\/#\\\/schema\\\/person\\\/10d11eccf6da3662cf5fdab9806ea91a\",\"name\":\"user-manager\"}]}<\/script>\n<!-- \/ Yoast SEO plugin. -->","yoast_head_json":{"title":"2019-cu ild\u0259 v\u0259t\u0259nda\u015flar\u0131n s\u0259sl\u0259ri nec\u0259 e\u015fidildi? - MEYDAN.TV","robots":{"index":"index","follow":"follow","max-snippet":"max-snippet:-1","max-image-preview":"max-image-preview:large","max-video-preview":"max-video-preview:-1"},"canonical":"https:\/\/www.meydan.tv\/az\/article\/2019-cu-ilde-vetendaslarin-sesleri-nece-esidildi\/","og_locale":"az_AZ","og_type":"article","og_title":"2019-cu ild\u0259 v\u0259t\u0259nda\u015flar\u0131n s\u0259sl\u0259ri nec\u0259 e\u015fidildi? - MEYDAN.TV","og_description":"Meydan TV 2020-ci ild\u0259 d\u0259 v\u0259t\u0259nda\u015flar\u0131n \u015fikay\u0259tl\u0259rini i\u015f\u0131qland\u0131rma\u011fa davam ed\u0259c\u0259k.","og_url":"https:\/\/www.meydan.tv\/az\/article\/2019-cu-ilde-vetendaslarin-sesleri-nece-esidildi\/","og_site_name":"MEYDAN.TV","article_published_time":"2019-12-30T08:48:40+00:00","og_image":[{"width":1280,"height":720,"url":"https:\/\/www.meydan.tv\/wp-content\/uploads\/untitled_design_1_22.09.15.png","type":"image\/png"}],"author":"user-manager","twitter_card":"summary_large_image","schema":{"@context":"https:\/\/schema.org","@graph":[{"@type":"Article","@id":"https:\/\/www.meydan.tv\/az\/article\/2019-cu-ilde-vetendaslarin-sesleri-nece-esidildi\/#article","isPartOf":{"@id":"https:\/\/www.meydan.tv\/az\/article\/2019-cu-ilde-vetendaslarin-sesleri-nece-esidildi\/"},"author":{"name":"user-manager","@id":"https:\/\/www.meydan.tv\/az\/#\/schema\/person\/10d11eccf6da3662cf5fdab9806ea91a"},"headline":"2019-cu ild\u0259 v\u0259t\u0259nda\u015flar\u0131n s\u0259sl\u0259ri nec\u0259 e\u015fidildi?","datePublished":"2019-12-30T08:48:40+00:00","mainEntityOfPage":{"@id":"https:\/\/www.meydan.tv\/az\/article\/2019-cu-ilde-vetendaslarin-sesleri-nece-esidildi\/"},"wordCount":2002,"publisher":{"@id":"https:\/\/www.meydan.tv\/az\/#organization"},"image":{"@id":"https:\/\/www.meydan.tv\/az\/article\/2019-cu-ilde-vetendaslarin-sesleri-nece-esidildi\/#primaryimage"},"thumbnailUrl":"https:\/\/www.meydan.tv\/wp-content\/uploads\/untitled_design_1_22.09.15.png","articleSection":["Sosial"],"inLanguage":"az"},{"@type":"WebPage","@id":"https:\/\/www.meydan.tv\/az\/article\/2019-cu-ilde-vetendaslarin-sesleri-nece-esidildi\/","url":"https:\/\/www.meydan.tv\/az\/article\/2019-cu-ilde-vetendaslarin-sesleri-nece-esidildi\/","name":"2019-cu ild\u0259 v\u0259t\u0259nda\u015flar\u0131n s\u0259sl\u0259ri nec\u0259 e\u015fidildi? - MEYDAN.TV","isPartOf":{"@id":"https:\/\/www.meydan.tv\/az\/#website"},"primaryImageOfPage":{"@id":"https:\/\/www.meydan.tv\/az\/article\/2019-cu-ilde-vetendaslarin-sesleri-nece-esidildi\/#primaryimage"},"image":{"@id":"https:\/\/www.meydan.tv\/az\/article\/2019-cu-ilde-vetendaslarin-sesleri-nece-esidildi\/#primaryimage"},"thumbnailUrl":"https:\/\/www.meydan.tv\/wp-content\/uploads\/untitled_design_1_22.09.15.png","datePublished":"2019-12-30T08:48:40+00:00","breadcrumb":{"@id":"https:\/\/www.meydan.tv\/az\/article\/2019-cu-ilde-vetendaslarin-sesleri-nece-esidildi\/#breadcrumb"},"inLanguage":"az","potentialAction":[{"@type":"ReadAction","target":["https:\/\/www.meydan.tv\/az\/article\/2019-cu-ilde-vetendaslarin-sesleri-nece-esidildi\/"]}]},{"@type":"ImageObject","inLanguage":"az","@id":"https:\/\/www.meydan.tv\/az\/article\/2019-cu-ilde-vetendaslarin-sesleri-nece-esidildi\/#primaryimage","url":"https:\/\/www.meydan.tv\/wp-content\/uploads\/untitled_design_1_22.09.15.png","contentUrl":"https:\/\/www.meydan.tv\/wp-content\/uploads\/untitled_design_1_22.09.15.png","width":1280,"height":720,"caption":"Source: Meydan TV"},{"@type":"BreadcrumbList","@id":"https:\/\/www.meydan.tv\/az\/article\/2019-cu-ilde-vetendaslarin-sesleri-nece-esidildi\/#breadcrumb","itemListElement":[{"@type":"ListItem","position":1,"name":"Ana s\u0259hif\u0259","item":"https:\/\/www.meydan.tv\/az\/"},{"@type":"ListItem","position":2,"name":"Sosial","item":"https:\/\/www.meydan.tv\/az\/section\/sosial\/"},{"@type":"ListItem","position":3,"name":"2019-cu ild\u0259 v\u0259t\u0259nda\u015flar\u0131n s\u0259sl\u0259ri nec\u0259 e\u015fidildi?"}]},{"@type":"WebSite","@id":"https:\/\/www.meydan.tv\/az\/#website","url":"https:\/\/www.meydan.tv\/az\/","name":"MEYDAN.TV","description":"Meydan TV Az\u0259rbaycan\u0131n media m\u0259kan\u0131ndak\u0131 alternativ s\u0259sidir","publisher":{"@id":"https:\/\/www.meydan.tv\/az\/#organization"},"potentialAction":[{"@type":"SearchAction","target":{"@type":"EntryPoint","urlTemplate":"https:\/\/www.meydan.tv\/az\/?s={search_term_string}"},"query-input":{"@type":"PropertyValueSpecification","valueRequired":true,"valueName":"search_term_string"}}],"inLanguage":"az"},{"@type":"Organization","@id":"https:\/\/www.meydan.tv\/az\/#organization","name":"Meydan TV","url":"https:\/\/www.meydan.tv\/az\/","logo":{"@type":"ImageObject","inLanguage":"az","@id":"https:\/\/www.meydan.tv\/az\/#\/schema\/logo\/image\/","url":"https:\/\/www.meydan.tv\/wp-content\/uploads\/2021\/07\/meydan-logo.svg","contentUrl":"https:\/\/www.meydan.tv\/wp-content\/uploads\/2021\/07\/meydan-logo.svg","width":195,"height":46,"caption":"Meydan TV"},"image":{"@id":"https:\/\/www.meydan.tv\/az\/#\/schema\/logo\/image\/"}},{"@type":"Person","@id":"https:\/\/www.meydan.tv\/az\/#\/schema\/person\/10d11eccf6da3662cf5fdab9806ea91a","name":"user-manager"}]}},"_links":{"self":[{"href":"https:\/\/www.meydan.tv\/az\/wp-json\/wp\/v2\/posts\/198598","targetHints":{"allow":["GET"]}}],"collection":[{"href":"https:\/\/www.meydan.tv\/az\/wp-json\/wp\/v2\/posts"}],"about":[{"href":"https:\/\/www.meydan.tv\/az\/wp-json\/wp\/v2\/types\/post"}],"author":[{"embeddable":true,"href":"https:\/\/www.meydan.tv\/az\/wp-json\/wp\/v2\/users\/11"}],"replies":[{"embeddable":true,"href":"https:\/\/www.meydan.tv\/az\/wp-json\/wp\/v2\/comments?post=198598"}],"version-history":[{"count":0,"href":"https:\/\/www.meydan.tv\/az\/wp-json\/wp\/v2\/posts\/198598\/revisions"}],"wp:featuredmedia":[{"embeddable":true,"href":"https:\/\/www.meydan.tv\/az\/wp-json\/wp\/v2\/media\/126466"}],"wp:attachment":[{"href":"https:\/\/www.meydan.tv\/az\/wp-json\/wp\/v2\/media?parent=198598"}],"wp:term":[{"taxonomy":"category","embeddable":true,"href":"https:\/\/www.meydan.tv\/az\/wp-json\/wp\/v2\/categories?post=198598"},{"taxonomy":"post_tag","embeddable":true,"href":"https:\/\/www.meydan.tv\/az\/wp-json\/wp\/v2\/tags?post=198598"}],"curies":[{"name":"wp","href":"https:\/\/api.w.org\/{rel}","templated":true}]}}