{"id":198590,"date":"2019-12-29T12:38:44","date_gmt":"2019-12-29T12:38:44","guid":{"rendered":"https:\/\/www.meydan.tv\/article\/dord-il-isiqsiz-yasayan-aile\/"},"modified":"2019-12-29T12:38:44","modified_gmt":"2019-12-29T12:38:44","slug":"dord-il-isiqsiz-yasayan-aile","status":"publish","type":"post","link":"https:\/\/www.meydan.tv\/az\/article\/dord-il-isiqsiz-yasayan-aile\/","title":{"rendered":"D\u00f6rd il i\u015f\u0131qs\u0131z ya\u015fayan ail\u0259"},"content":{"rendered":"<p>\n  <i><br \/>\n    Xank\u0259ndind\u0259n k\u00f6\u00e7k\u00fcn d\u00fc\u015f\u0259n ail\u0259nin indi d\u0259 s\u0131\u011f\u0131nacaqlar\u0131n\u0131 itirm\u0259k qorxusu var<br \/>\n  <\/i>\n<\/p>\n<p>\n  G\u0259nc\u0259nin Cavadxan q\u0259s\u0259b\u0259sind\u0259 ya\u015fayan \u018fhm\u0259dovlar ail\u0259si ikiotaql\u0131 yar\u0131mtikiliy\u0259 s\u0131\u011f\u0131n\u0131b. Ail\u0259 ill\u0259rl\u0259 i\u015f\u0131qs\u0131z ya\u015fay\u0131b.\n<\/p>\n<p>\n  <b><br \/>\n    \u201cD\u00f6rd il \u015fam i\u015f\u0131\u011f\u0131nda oturmu\u015fuq\u201d<br \/>\n  <\/b>\n<\/p>\n<p>\n  Xank\u0259ndinin i\u015f\u011fal\u0131ndan sonra \u00fc\u00e7 \u00f6vlad\u0131 v\u0259 h\u0259yat yolda\u015f\u0131 il\u0259 k\u00f6\u00e7k\u00fcn h\u0259yat\u0131 s\u00fcrm\u0259y\u0259 m\u0259cbur qalan F\u0259rhad \u018fhm\u0259dov \u00e7ox ya\u015fay\u0131\u015f yeri d\u0259yi\u015fdikl\u0259rini deyir. Ayr\u0131-ayr\u0131 vaxtlarda A\u011fdamda, Balak\u0259nd\u0259, Hac\u0131k\u0259nd q\u0259s\u0259b\u0259sind\u0259 ya\u015fay\u0131blar. D\u00f6vl\u0259t o vaxt ev verib ki, ail\u0259 art\u0131q xeyli b\u00f6y\u00fcm\u00fc\u015fd\u00fc, \u00f6vladlar\u0131 evl\u0259nm\u0259k ya\u015f\u0131na \u00e7atm\u0131\u015fd\u0131. \u0130ndi F\u0259rhad h\u0259yat yolda\u015f\u0131 N\u0259sib\u0259, o\u011flu Tural, g\u0259lini Xatir\u0259 v\u0259 \u00fc\u00e7 n\u0259v\u0259si il\u0259 birlikd\u0259 a\u011flay da\u015f\u0131 sexinin h\u0259y\u0259tind\u0259ki yar\u0131mtikilid\u0259 ya\u015fay\u0131r.\n<\/p>\n<p>\n  \u201cH\u0259min evi o biri o\u011fluma verdik. \u00c7\u00fcnki 11 n\u0259f\u0259rlik ail\u0259y\u0259 \u00e7evrilmi\u015fdik, ora s\u0131\u011fm\u0131rd\u0131q. Tural yata\u011fa d\u00fc\u015fd\u00fc, yan\u0131na g\u0259ldik. Buran\u0131 biz\u0259 bir polis zabiti vermi\u015fdi. \u0130ndi d\u0259 deyir ki, torpa\u011f\u0131 sat\u0131ram, \u00e7\u0131x\u0131n. D\u00f6rd il i\u015f\u0131\u011f\u0131m\u0131z olmay\u0131b burda, \u015fam i\u015f\u0131\u011f\u0131nda oturmu\u015fuq. S\u0259kkiz ayd\u0131r i\u015f\u0131q yand\u0131r\u0131r\u0131q\u201d, &#8211; F\u0259rhad dan\u0131\u015f\u0131r.\n<\/p>\n<p>\n  Onun s\u00f6zl\u0259rind\u0259n sonra diqq\u0259timizi otaqda elektrik lampas\u0131n\u0131n olmamas\u0131 \u00e7\u0259kir. Tural deyir ki, lampa yan\u0131b, al\u0131b d\u0259yi\u015f\u0259 bilm\u0259yibl\u0259r: \u201cSexin i\u015f\u0131\u011fa 286 manat borcu vard\u0131, onu hiss\u0259-hiss\u0259 \u00f6d\u0259dik. Qaz yoxdu, odun tap\u0131b yand\u0131r\u0131r\u0131q\u201d.\n<\/p>\n<figure class=\"wp-block-image size-large\">\n  <img decoding=\"async\" src=\"https:\/\/www.meydan.tv\/az\/image_from_ios-2-jpg-88\/\" alt=\"image_from_ios (2).jpg\" class=\"wp-image-135250\"\/><figcaption>\n    &#8220;O\u011flu v\u0259 g\u0259lininin x\u0259st\u0259liyi \u00e7ox x\u0259rc apar\u0131r&#8221;<br \/>\n  <\/figcaption><\/figure>\n<p>\n  <b><br \/>\n    \u201cOnkoloji x\u0259st\u0259y\u0259m, amma i\u015fl\u0259m\u0259k m\u0259cburiyy\u0259tind\u0259y\u0259m\u201d<br \/>\n  <\/b>\n<\/p>\n<p>\n  Tural uzun m\u00fcdd\u0259t yataq x\u0259st\u0259si olub. Onur\u011fas\u0131ndak\u0131 ciddi probleml\u0259r\u0259 g\u00f6r\u0259 i\u015fl\u0259y\u0259 bilmir. M\u0259cburi k\u00f6\u00e7k\u00fcn kimi c\u0259mi 60 manat \u00e7\u00f6r\u0259kpulu al\u0131r. Xatir\u0259 G\u0259nc\u0259d\u0259ki kafel\u0259rd\u0259n birind\u0259 qab yuyur, g\u00fcn\u0259 6 manat qazan\u0131r.\n<\/p>\n<p>\n  \u201cS\u0259h\u0259r 9-da evd\u0259n \u00e7\u0131x\u0131ram, bir d\u0259 gec\u0259 11-d\u0259 qay\u0131d\u0131ram. \u018fld\u0259n d\u00fc\u015f\u00fcr\u0259m. M\u0259n\u0259 bu rejiml\u0259 i\u015fl\u0259m\u0259k olmaz. Onkoloji x\u0259st\u0259y\u0259m. M\u00fcalic\u0259 olunmal\u0131yam, dinc\u0259lm\u0259liy\u0259m. \u00c7\u0259tinlikl\u0259 i\u015fl\u0259yir\u0259m. Ke\u00e7\u0259n il soban\u0131n \u00fcst\u00fcn\u0259 y\u0131x\u0131l\u0131b yanm\u0131\u015fd\u0131m\u201d, &#8211; Xatir\u0259 dan\u0131\u015f\u0131r.\n<\/p>\n<p>\n  N\u0259sib\u0259 deyir ki, h\u0259yat yolda\u015f\u0131 il\u0259 birlikd\u0259 ald\u0131qlar\u0131 t\u0259qa\u00fcd\u00fcn hesab\u0131na birt\u0259h\u0259r dolan\u0131rlar. O\u011flu v\u0259 g\u0259lininin x\u0259st\u0259liyi \u00e7ox x\u0259rc apar\u0131r. Tural anas\u0131n\u0131n s\u00f6z\u00fcn\u0259 q\u00fcvv\u0259t olaraq deyir ki, ill\u0259rdir \u0259ziyy\u0259t i\u00e7ind\u0259 ya\u015fay\u0131rlar. Sosial yard\u0131m \u00fc\u00e7\u00fcn d\u0259 m\u00fcraci\u0259t edibl\u0259r: \u201cN\u0259 q\u0259d\u0259r s\u0259n\u0259d d\u00fcz\u0259ltdik, ax\u0131rda dedil\u0259r ki, siz\u0259 d\u00fc\u015fm\u00fcr\u201d.\n<\/p>\n<figure class=\"wp-block-image size-large\">\n  <img decoding=\"async\" src=\"https:\/\/www.meydan.tv\/az\/image_from_ios-1-jpg-91\/\" alt=\"image_from_ios (1).jpg\" class=\"wp-image-135244\"\/><figcaption>\n    N\u0259sib\u0259 deyir ki, h\u0259yat yolda\u015f\u0131 il\u0259 birlikd\u0259 ald\u0131qlar\u0131 t\u0259qa\u00fcd\u00fcn hesab\u0131na birt\u0259h\u0259r dolan\u0131rlar<br \/>\n  <\/figcaption><\/figure>\n<p>\n  <b><br \/>\n    \u201c\u0130cra ba\u015f\u00e7\u0131s\u0131 dedi ki, s\u0259n\u0259 ev borcluyam?\u201d<br \/>\n  <\/b>\n<\/p>\n<p>\n  Yar\u0131mtikili ya\u015fay\u0131\u015f \u00fc\u00e7\u00fcn yarars\u0131z v\u0259ziyy\u0259td\u0259dir. M\u0259tb\u0259x, hamam g\u00f6z\u0259 d\u0259ymir. Otaqlar aras\u0131nda he\u00e7 qap\u0131 da yoxdur. Ail\u0259 ya\u015fay\u0131\u015f \u015f\u0259raitini yax\u015f\u0131la\u015fd\u0131rmaq \u00fc\u00e7\u00fcn \u00e7ox yer\u0259 m\u00fcraci\u0259t edib. Amma d\u00f6vl\u0259t qurumlar\u0131ndan yaln\u0131z bigan\u0259lik g\u00f6rd\u00fckl\u0259rini deyirl\u0259r.\n<\/p>\n<p>\n  \u201cC\u0259nab \u0130lham \u018fliyev\u0259, Mehriban xan\u0131ma yazm\u0131\u015fd\u0131q. Yaln\u0131z bir d\u0259f\u0259 bildiri\u015f g\u0259ldi ki, m\u0259ktub prezident\u0259 \u00e7at\u0131b. B\u0259lk\u0259 d\u0259, cavab g\u0259lir, burda a\u00e7\u0131b g\u00f6t\u00fcr\u00fcrl\u0259r. \u0130ll\u0259rdir m\u00fcbariz\u0259 apar\u0131r\u0131q, s\u0259simizi yuxar\u0131ya \u00e7atd\u0131rma\u011fa \u00e7al\u0131\u015f\u0131r\u0131q\u201d, &#8211; bunlar\u0131 Xatir\u0259d\u0259n e\u015fidirik.\n<\/p>\n<p>\n  Xank\u0259ndind\u0259n g\u0259l\u0259nl\u0259r Xocal\u0131 Rayon \u0130cra Hakimiyy\u0259tin\u0259 h\u0259val\u0259 olunub. Xatir\u0259 deyir ki, ora az \u00fcz tutmay\u0131blar: \u201c\u0130cra ba\u015f\u00e7\u0131s\u0131n\u0131n q\u0259buluna getmi\u015fdim. Yayxan\u0131b oturmu\u015fdu. V\u0259ziyy\u0259timizi dan\u0131\u015fd\u0131m. Dedi, s\u0259n\u0259 ev borcluyam?\u201d\n<\/p>\n<p>\n  Xatir\u0259 bizim g\u0259l\u0259c\u0259yimizi e\u015fid\u0259nd\u0259 i\u015f\u0259 getm\u0259yib. \u00c7ox narahatd\u0131r. Ail\u0259ni h\u0259r an ya\u015fad\u0131qlar\u0131 yerd\u0259n \u00e7\u0131xara bil\u0259rl\u0259r. H\u0259l\u0259 yoxsulluqla, x\u0259st\u0259likl\u0259 m\u00fcbariz\u0259 d\u0259 var&#8230;\n<\/p>\n<p>\n  Meydan TV Xocal\u0131 Rayon \u0130cra Hakimiyy\u0259tind\u0259n m\u0259s\u0259l\u0259y\u0259 m\u00fcnasib\u0259t \u00f6yr\u0259n\u0259 bilm\u0259yib. Qa\u00e7q\u0131n v\u0259 M\u0259cburi K\u00f6\u00e7k\u00fcnl\u0259rin \u0130\u015fl\u0259ri \u00fczr\u0259 D\u00f6vl\u0259t Komit\u0259sind\u0259n is\u0259 bildirilib ki, k\u00f6\u00e7k\u00fcnl\u0259r m\u0259rh\u0259l\u0259li \u015f\u0259kild\u0259 evl\u0259 t\u0259min olunacaqlar.\n<\/p>\n<figure class=\"wp-block-image size-large\">\n  <img decoding=\"async\" src=\"https:\/\/www.meydan.tv\/az\/image_from_ios-4-jpg-93\/\" alt=\"image_from_ios (4).jpg\" class=\"wp-image-135256\"\/><figcaption>\n    &#8220;S\u0259kkiz ayd\u0131r i\u015f\u0131q yand\u0131r\u0131r\u0131q\u201d<br \/>\n  <\/figcaption><\/figure>\n","protected":false},"excerpt":{"rendered":"<p>&#8220;M\u0259cburi k\u00f6\u00e7k\u00fcn kimi c\u0259mi 60 manat \u00e7\u00f6r\u0259kpulu al\u0131r&#8221;.<\/p>\n","protected":false},"author":11,"featured_media":135253,"comment_status":"closed","ping_status":"open","sticky":false,"template":"","format":"standard","meta":{"_acf_changed":false,"_sitemap_exclude":false,"_sitemap_priority":"","_sitemap_frequency":"","footnotes":""},"categories":[60],"tags":[],"class_list":["post-198590","post","type-post","status-publish","format-standard","has-post-thumbnail","hentry","category-bolge","infinite-scroll-item","generate-columns","tablet-grid-50","mobile-grid-100","grid-parent","grid-33","no-featured-image-padding"],"acf":[],"yoast_head":"<!-- This site is optimized with the Yoast SEO plugin v27.5 - https:\/\/yoast.com\/product\/yoast-seo-wordpress\/ -->\n<title>D\u00f6rd il i\u015f\u0131qs\u0131z ya\u015fayan ail\u0259 - MEYDAN.TV<\/title>\n<meta name=\"robots\" content=\"index, follow, max-snippet:-1, max-image-preview:large, max-video-preview:-1\" \/>\n<link rel=\"canonical\" href=\"https:\/\/www.meydan.tv\/az\/article\/dord-il-isiqsiz-yasayan-aile\/\" \/>\n<meta property=\"og:locale\" content=\"az_AZ\" \/>\n<meta property=\"og:type\" content=\"article\" \/>\n<meta property=\"og:title\" content=\"D\u00f6rd il i\u015f\u0131qs\u0131z ya\u015fayan ail\u0259 - MEYDAN.TV\" \/>\n<meta property=\"og:description\" content=\"&quot;M\u0259cburi k\u00f6\u00e7k\u00fcn kimi c\u0259mi 60 manat \u00e7\u00f6r\u0259kpulu al\u0131r&quot;.\" \/>\n<meta property=\"og:url\" content=\"https:\/\/www.meydan.tv\/az\/article\/dord-il-isiqsiz-yasayan-aile\/\" \/>\n<meta property=\"og:site_name\" content=\"MEYDAN.TV\" \/>\n<meta property=\"article:published_time\" content=\"2019-12-29T12:38:44+00:00\" \/>\n<meta property=\"og:image\" content=\"https:\/\/www.meydan.tv\/wp-content\/uploads\/image_from_ios_3_qxnuopn.jpg\" \/>\n\t<meta property=\"og:image:width\" content=\"1024\" \/>\n\t<meta property=\"og:image:height\" content=\"764\" \/>\n\t<meta property=\"og:image:type\" content=\"image\/jpeg\" \/>\n<meta name=\"author\" content=\"user-manager\" \/>\n<meta name=\"twitter:card\" content=\"summary_large_image\" \/>\n<script type=\"application\/ld+json\" class=\"yoast-schema-graph\">{\"@context\":\"https:\\\/\\\/schema.org\",\"@graph\":[{\"@type\":\"Article\",\"@id\":\"https:\\\/\\\/www.meydan.tv\\\/az\\\/article\\\/dord-il-isiqsiz-yasayan-aile\\\/#article\",\"isPartOf\":{\"@id\":\"https:\\\/\\\/www.meydan.tv\\\/az\\\/article\\\/dord-il-isiqsiz-yasayan-aile\\\/\"},\"author\":{\"name\":\"user-manager\",\"@id\":\"https:\\\/\\\/www.meydan.tv\\\/az\\\/#\\\/schema\\\/person\\\/10d11eccf6da3662cf5fdab9806ea91a\"},\"headline\":\"D\u00f6rd il i\u015f\u0131qs\u0131z ya\u015fayan ail\u0259\",\"datePublished\":\"2019-12-29T12:38:44+00:00\",\"mainEntityOfPage\":{\"@id\":\"https:\\\/\\\/www.meydan.tv\\\/az\\\/article\\\/dord-il-isiqsiz-yasayan-aile\\\/\"},\"wordCount\":828,\"publisher\":{\"@id\":\"https:\\\/\\\/www.meydan.tv\\\/az\\\/#organization\"},\"image\":{\"@id\":\"https:\\\/\\\/www.meydan.tv\\\/az\\\/article\\\/dord-il-isiqsiz-yasayan-aile\\\/#primaryimage\"},\"thumbnailUrl\":\"https:\\\/\\\/www.meydan.tv\\\/wp-content\\\/uploads\\\/image_from_ios_3_qxnuopn.jpg\",\"articleSection\":[\"B\u00f6lg\u0259\"],\"inLanguage\":\"az\"},{\"@type\":\"WebPage\",\"@id\":\"https:\\\/\\\/www.meydan.tv\\\/az\\\/article\\\/dord-il-isiqsiz-yasayan-aile\\\/\",\"url\":\"https:\\\/\\\/www.meydan.tv\\\/az\\\/article\\\/dord-il-isiqsiz-yasayan-aile\\\/\",\"name\":\"D\u00f6rd il i\u015f\u0131qs\u0131z ya\u015fayan ail\u0259 - MEYDAN.TV\",\"isPartOf\":{\"@id\":\"https:\\\/\\\/www.meydan.tv\\\/az\\\/#website\"},\"primaryImageOfPage\":{\"@id\":\"https:\\\/\\\/www.meydan.tv\\\/az\\\/article\\\/dord-il-isiqsiz-yasayan-aile\\\/#primaryimage\"},\"image\":{\"@id\":\"https:\\\/\\\/www.meydan.tv\\\/az\\\/article\\\/dord-il-isiqsiz-yasayan-aile\\\/#primaryimage\"},\"thumbnailUrl\":\"https:\\\/\\\/www.meydan.tv\\\/wp-content\\\/uploads\\\/image_from_ios_3_qxnuopn.jpg\",\"datePublished\":\"2019-12-29T12:38:44+00:00\",\"breadcrumb\":{\"@id\":\"https:\\\/\\\/www.meydan.tv\\\/az\\\/article\\\/dord-il-isiqsiz-yasayan-aile\\\/#breadcrumb\"},\"inLanguage\":\"az\",\"potentialAction\":[{\"@type\":\"ReadAction\",\"target\":[\"https:\\\/\\\/www.meydan.tv\\\/az\\\/article\\\/dord-il-isiqsiz-yasayan-aile\\\/\"]}]},{\"@type\":\"ImageObject\",\"inLanguage\":\"az\",\"@id\":\"https:\\\/\\\/www.meydan.tv\\\/az\\\/article\\\/dord-il-isiqsiz-yasayan-aile\\\/#primaryimage\",\"url\":\"https:\\\/\\\/www.meydan.tv\\\/wp-content\\\/uploads\\\/image_from_ios_3_qxnuopn.jpg\",\"contentUrl\":\"https:\\\/\\\/www.meydan.tv\\\/wp-content\\\/uploads\\\/image_from_ios_3_qxnuopn.jpg\",\"width\":1024,\"height\":764,\"caption\":\"Source: Specify Source\"},{\"@type\":\"BreadcrumbList\",\"@id\":\"https:\\\/\\\/www.meydan.tv\\\/az\\\/article\\\/dord-il-isiqsiz-yasayan-aile\\\/#breadcrumb\",\"itemListElement\":[{\"@type\":\"ListItem\",\"position\":1,\"name\":\"Ana s\u0259hif\u0259\",\"item\":\"https:\\\/\\\/www.meydan.tv\\\/az\\\/\"},{\"@type\":\"ListItem\",\"position\":2,\"name\":\"B\u00f6lg\u0259\",\"item\":\"https:\\\/\\\/www.meydan.tv\\\/az\\\/section\\\/bolge\\\/\"},{\"@type\":\"ListItem\",\"position\":3,\"name\":\"D\u00f6rd il i\u015f\u0131qs\u0131z ya\u015fayan ail\u0259\"}]},{\"@type\":\"WebSite\",\"@id\":\"https:\\\/\\\/www.meydan.tv\\\/az\\\/#website\",\"url\":\"https:\\\/\\\/www.meydan.tv\\\/az\\\/\",\"name\":\"MEYDAN.TV\",\"description\":\"Meydan TV Az\u0259rbaycan\u0131n media m\u0259kan\u0131ndak\u0131 alternativ s\u0259sidir\",\"publisher\":{\"@id\":\"https:\\\/\\\/www.meydan.tv\\\/az\\\/#organization\"},\"potentialAction\":[{\"@type\":\"SearchAction\",\"target\":{\"@type\":\"EntryPoint\",\"urlTemplate\":\"https:\\\/\\\/www.meydan.tv\\\/az\\\/?s={search_term_string}\"},\"query-input\":{\"@type\":\"PropertyValueSpecification\",\"valueRequired\":true,\"valueName\":\"search_term_string\"}}],\"inLanguage\":\"az\"},{\"@type\":\"Organization\",\"@id\":\"https:\\\/\\\/www.meydan.tv\\\/az\\\/#organization\",\"name\":\"Meydan TV\",\"url\":\"https:\\\/\\\/www.meydan.tv\\\/az\\\/\",\"logo\":{\"@type\":\"ImageObject\",\"inLanguage\":\"az\",\"@id\":\"https:\\\/\\\/www.meydan.tv\\\/az\\\/#\\\/schema\\\/logo\\\/image\\\/\",\"url\":\"https:\\\/\\\/www.meydan.tv\\\/wp-content\\\/uploads\\\/2021\\\/07\\\/meydan-logo.svg\",\"contentUrl\":\"https:\\\/\\\/www.meydan.tv\\\/wp-content\\\/uploads\\\/2021\\\/07\\\/meydan-logo.svg\",\"width\":195,\"height\":46,\"caption\":\"Meydan TV\"},\"image\":{\"@id\":\"https:\\\/\\\/www.meydan.tv\\\/az\\\/#\\\/schema\\\/logo\\\/image\\\/\"}},{\"@type\":\"Person\",\"@id\":\"https:\\\/\\\/www.meydan.tv\\\/az\\\/#\\\/schema\\\/person\\\/10d11eccf6da3662cf5fdab9806ea91a\",\"name\":\"user-manager\"}]}<\/script>\n<!-- \/ Yoast SEO plugin. -->","yoast_head_json":{"title":"D\u00f6rd il i\u015f\u0131qs\u0131z ya\u015fayan ail\u0259 - MEYDAN.TV","robots":{"index":"index","follow":"follow","max-snippet":"max-snippet:-1","max-image-preview":"max-image-preview:large","max-video-preview":"max-video-preview:-1"},"canonical":"https:\/\/www.meydan.tv\/az\/article\/dord-il-isiqsiz-yasayan-aile\/","og_locale":"az_AZ","og_type":"article","og_title":"D\u00f6rd il i\u015f\u0131qs\u0131z ya\u015fayan ail\u0259 - MEYDAN.TV","og_description":"\"M\u0259cburi k\u00f6\u00e7k\u00fcn kimi c\u0259mi 60 manat \u00e7\u00f6r\u0259kpulu al\u0131r\".","og_url":"https:\/\/www.meydan.tv\/az\/article\/dord-il-isiqsiz-yasayan-aile\/","og_site_name":"MEYDAN.TV","article_published_time":"2019-12-29T12:38:44+00:00","og_image":[{"width":1024,"height":764,"url":"https:\/\/www.meydan.tv\/wp-content\/uploads\/image_from_ios_3_qxnuopn.jpg","type":"image\/jpeg"}],"author":"user-manager","twitter_card":"summary_large_image","schema":{"@context":"https:\/\/schema.org","@graph":[{"@type":"Article","@id":"https:\/\/www.meydan.tv\/az\/article\/dord-il-isiqsiz-yasayan-aile\/#article","isPartOf":{"@id":"https:\/\/www.meydan.tv\/az\/article\/dord-il-isiqsiz-yasayan-aile\/"},"author":{"name":"user-manager","@id":"https:\/\/www.meydan.tv\/az\/#\/schema\/person\/10d11eccf6da3662cf5fdab9806ea91a"},"headline":"D\u00f6rd il i\u015f\u0131qs\u0131z ya\u015fayan ail\u0259","datePublished":"2019-12-29T12:38:44+00:00","mainEntityOfPage":{"@id":"https:\/\/www.meydan.tv\/az\/article\/dord-il-isiqsiz-yasayan-aile\/"},"wordCount":828,"publisher":{"@id":"https:\/\/www.meydan.tv\/az\/#organization"},"image":{"@id":"https:\/\/www.meydan.tv\/az\/article\/dord-il-isiqsiz-yasayan-aile\/#primaryimage"},"thumbnailUrl":"https:\/\/www.meydan.tv\/wp-content\/uploads\/image_from_ios_3_qxnuopn.jpg","articleSection":["B\u00f6lg\u0259"],"inLanguage":"az"},{"@type":"WebPage","@id":"https:\/\/www.meydan.tv\/az\/article\/dord-il-isiqsiz-yasayan-aile\/","url":"https:\/\/www.meydan.tv\/az\/article\/dord-il-isiqsiz-yasayan-aile\/","name":"D\u00f6rd il i\u015f\u0131qs\u0131z ya\u015fayan ail\u0259 - MEYDAN.TV","isPartOf":{"@id":"https:\/\/www.meydan.tv\/az\/#website"},"primaryImageOfPage":{"@id":"https:\/\/www.meydan.tv\/az\/article\/dord-il-isiqsiz-yasayan-aile\/#primaryimage"},"image":{"@id":"https:\/\/www.meydan.tv\/az\/article\/dord-il-isiqsiz-yasayan-aile\/#primaryimage"},"thumbnailUrl":"https:\/\/www.meydan.tv\/wp-content\/uploads\/image_from_ios_3_qxnuopn.jpg","datePublished":"2019-12-29T12:38:44+00:00","breadcrumb":{"@id":"https:\/\/www.meydan.tv\/az\/article\/dord-il-isiqsiz-yasayan-aile\/#breadcrumb"},"inLanguage":"az","potentialAction":[{"@type":"ReadAction","target":["https:\/\/www.meydan.tv\/az\/article\/dord-il-isiqsiz-yasayan-aile\/"]}]},{"@type":"ImageObject","inLanguage":"az","@id":"https:\/\/www.meydan.tv\/az\/article\/dord-il-isiqsiz-yasayan-aile\/#primaryimage","url":"https:\/\/www.meydan.tv\/wp-content\/uploads\/image_from_ios_3_qxnuopn.jpg","contentUrl":"https:\/\/www.meydan.tv\/wp-content\/uploads\/image_from_ios_3_qxnuopn.jpg","width":1024,"height":764,"caption":"Source: Specify Source"},{"@type":"BreadcrumbList","@id":"https:\/\/www.meydan.tv\/az\/article\/dord-il-isiqsiz-yasayan-aile\/#breadcrumb","itemListElement":[{"@type":"ListItem","position":1,"name":"Ana s\u0259hif\u0259","item":"https:\/\/www.meydan.tv\/az\/"},{"@type":"ListItem","position":2,"name":"B\u00f6lg\u0259","item":"https:\/\/www.meydan.tv\/az\/section\/bolge\/"},{"@type":"ListItem","position":3,"name":"D\u00f6rd il i\u015f\u0131qs\u0131z ya\u015fayan ail\u0259"}]},{"@type":"WebSite","@id":"https:\/\/www.meydan.tv\/az\/#website","url":"https:\/\/www.meydan.tv\/az\/","name":"MEYDAN.TV","description":"Meydan TV Az\u0259rbaycan\u0131n media m\u0259kan\u0131ndak\u0131 alternativ s\u0259sidir","publisher":{"@id":"https:\/\/www.meydan.tv\/az\/#organization"},"potentialAction":[{"@type":"SearchAction","target":{"@type":"EntryPoint","urlTemplate":"https:\/\/www.meydan.tv\/az\/?s={search_term_string}"},"query-input":{"@type":"PropertyValueSpecification","valueRequired":true,"valueName":"search_term_string"}}],"inLanguage":"az"},{"@type":"Organization","@id":"https:\/\/www.meydan.tv\/az\/#organization","name":"Meydan TV","url":"https:\/\/www.meydan.tv\/az\/","logo":{"@type":"ImageObject","inLanguage":"az","@id":"https:\/\/www.meydan.tv\/az\/#\/schema\/logo\/image\/","url":"https:\/\/www.meydan.tv\/wp-content\/uploads\/2021\/07\/meydan-logo.svg","contentUrl":"https:\/\/www.meydan.tv\/wp-content\/uploads\/2021\/07\/meydan-logo.svg","width":195,"height":46,"caption":"Meydan TV"},"image":{"@id":"https:\/\/www.meydan.tv\/az\/#\/schema\/logo\/image\/"}},{"@type":"Person","@id":"https:\/\/www.meydan.tv\/az\/#\/schema\/person\/10d11eccf6da3662cf5fdab9806ea91a","name":"user-manager"}]}},"_links":{"self":[{"href":"https:\/\/www.meydan.tv\/az\/wp-json\/wp\/v2\/posts\/198590","targetHints":{"allow":["GET"]}}],"collection":[{"href":"https:\/\/www.meydan.tv\/az\/wp-json\/wp\/v2\/posts"}],"about":[{"href":"https:\/\/www.meydan.tv\/az\/wp-json\/wp\/v2\/types\/post"}],"author":[{"embeddable":true,"href":"https:\/\/www.meydan.tv\/az\/wp-json\/wp\/v2\/users\/11"}],"replies":[{"embeddable":true,"href":"https:\/\/www.meydan.tv\/az\/wp-json\/wp\/v2\/comments?post=198590"}],"version-history":[{"count":0,"href":"https:\/\/www.meydan.tv\/az\/wp-json\/wp\/v2\/posts\/198590\/revisions"}],"wp:featuredmedia":[{"embeddable":true,"href":"https:\/\/www.meydan.tv\/az\/wp-json\/wp\/v2\/media\/135253"}],"wp:attachment":[{"href":"https:\/\/www.meydan.tv\/az\/wp-json\/wp\/v2\/media?parent=198590"}],"wp:term":[{"taxonomy":"category","embeddable":true,"href":"https:\/\/www.meydan.tv\/az\/wp-json\/wp\/v2\/categories?post=198590"},{"taxonomy":"post_tag","embeddable":true,"href":"https:\/\/www.meydan.tv\/az\/wp-json\/wp\/v2\/tags?post=198590"}],"curies":[{"name":"wp","href":"https:\/\/api.w.org\/{rel}","templated":true}]}}