{"id":198576,"date":"2019-12-28T13:29:45","date_gmt":"2019-12-28T13:29:45","guid":{"rendered":"https:\/\/www.meydan.tv\/article\/aslan-huseynov-insanlar-dar-gunde-komeyi-dovletden-yox-mugennilerden-isteyir\/"},"modified":"2019-12-28T13:29:45","modified_gmt":"2019-12-28T13:29:45","slug":"aslan-huseynov-insanlar-dar-gunde-komeyi-dovletden-yox-mugennilerden-isteyir","status":"publish","type":"post","link":"https:\/\/www.meydan.tv\/az\/article\/aslan-huseynov-insanlar-dar-gunde-komeyi-dovletden-yox-mugennilerden-isteyir\/","title":{"rendered":"Aslan H\u00fcseynov: \u0130nsanlar dar g\u00fcnd\u0259 k\u00f6m\u0259yi d\u00f6vl\u0259td\u0259n yox, m\u00fc\u011f\u0259nnil\u0259rd\u0259n ist\u0259yir"},"content":{"rendered":"<p>\n  <i><br \/>\n    \u201cB\u0259zil\u0259ri sosial \u015f\u0259b\u0259k\u0259l\u0259rd\u0259 el\u0259 nifr\u0259tl\u0259, ac\u0131qla s\u00f6zl\u0259r yaz\u0131rlar, d\u0259h\u015f\u0259t\u0259 g\u0259lirs\u0259n\u201d<br \/>\n  <\/i>\n<\/p>\n<p>\n  \u201cQ\u0259rib\u0259 c\u0259miyy\u0259td\u0259 ya\u015fay\u0131r\u0131q. M\u00fc\u011f\u0259nnil\u0259r\u0259 m\u00fcnasib\u0259t birm\u0259nal\u0131 deyil. Bir \u00e7oxu sosial \u015f\u0259b\u0259k\u0259l\u0259rd\u0259 m\u00fc\u011f\u0259nnil\u0259rin qaras\u0131na dan\u0131\u015f\u0131r. Amma dar g\u00fcnl\u0259rind\u0259 k\u00f6m\u0259yi d\u00f6vl\u0259t strukturlar\u0131ndan ist\u0259mirl\u0259r, m\u00fc\u011f\u0259nnil\u0259r\u0259 m\u00fcraci\u0259t edirl\u0259r\u201d.\n<\/p>\n<p>\n  Bu s\u00f6zl\u0259ri Meydan TV-y\u0259 \u201cheyterl\u0259r\u201dd\u0259n (sosial \u015f\u0259b\u0259k\u0259l\u0259rd\u0259 nifr\u0259t dolu \u015f\u0259rhl\u0259r yazan istifad\u0259\u00e7il\u0259r-red) \u015fikay\u0259tl\u0259n\u0259n Q\u0131r\u011f\u0131z\u0131stan\u0131n \u0259m\u0259kdar artisti, az\u0259rbaycanl\u0131 m\u00fc\u011f\u0259nni Aslan H\u00fcseynov deyib.\n<\/p>\n<p>\n  \u201cQocalar evin\u0259 m\u00fc\u011f\u0259nni gedir, kims\u0259sizl\u0259r evin\u0259 m\u00fc\u011f\u0259nni gedir. H\u0259r yerd\u0259 biz m\u00fc\u011f\u0259nnil\u0259r xalq\u0131n d\u0259rdin\u0259 \u015f\u0259rikik. Amma b\u0259zil\u0259ri sosial \u015f\u0259b\u0259k\u0259l\u0259rd\u0259 el\u0259 nifr\u0259tl\u0259, ac\u0131qla s\u00f6zl\u0259r yaz\u0131rlar, d\u0259h\u015f\u0259t\u0259 g\u0259lirs\u0259n. \u00d6z\u00fc d\u0259 xalq\u0131n\u0131 sayan, sev\u0259n m\u00fc\u011f\u0259nnil\u0259r\u0259 xo\u015fag\u0259lm\u0259z s\u00f6zl\u0259r deyirl\u0259r. Bu aqressiyan\u0131n k\u00f6k\u00fcn\u00fcn n\u0259d\u0259n qaynaqland\u0131\u011f\u0131n\u0131 ba\u015fa d\u00fc\u015f\u0259 bilmir\u0259m\u201d, &#8211; dey\u0259 m\u00fc\u011f\u0259nni bildirib.<\/p>\n","protected":false},"excerpt":{"rendered":"<p>\u201cBu aqressiyan\u0131n k\u00f6k\u00fcn\u00fcn n\u0259d\u0259n qaynaqland\u0131\u011f\u0131n\u0131 ba\u015fa d\u00fc\u015f\u0259 bilmir\u0259m\u201d.<\/p>\n","protected":false},"author":11,"featured_media":135121,"comment_status":"closed","ping_status":"open","sticky":false,"template":"","format":"standard","meta":{"_acf_changed":false,"_sitemap_exclude":false,"_sitemap_priority":"","_sitemap_frequency":"","footnotes":""},"categories":[52],"tags":[],"class_list":["post-198576","post","type-post","status-publish","format-standard","has-post-thumbnail","hentry","category-medeniyyet","infinite-scroll-item","generate-columns","tablet-grid-50","mobile-grid-100","grid-parent","grid-33","no-featured-image-padding"],"acf":[],"yoast_head":"<!-- This site is optimized with the Yoast SEO plugin v28.3 - https:\/\/yoast.com\/product\/yoast-seo-wordpress\/ -->\n<title>Aslan H\u00fcseynov: \u0130nsanlar dar g\u00fcnd\u0259 k\u00f6m\u0259yi d\u00f6vl\u0259td\u0259n yox, m\u00fc\u011f\u0259nnil\u0259rd\u0259n ist\u0259yir - MEYDAN.TV<\/title>\n<meta name=\"robots\" content=\"index, follow, max-snippet:-1, max-image-preview:large, max-video-preview:-1\" \/>\n<link rel=\"canonical\" href=\"https:\/\/www.meydan.tv\/az\/article\/aslan-huseynov-insanlar-dar-gunde-komeyi-dovletden-yox-mugennilerden-isteyir\/\" \/>\n<meta property=\"og:locale\" content=\"az_AZ\" \/>\n<meta property=\"og:type\" content=\"article\" \/>\n<meta property=\"og:title\" content=\"Aslan H\u00fcseynov: \u0130nsanlar dar g\u00fcnd\u0259 k\u00f6m\u0259yi d\u00f6vl\u0259td\u0259n yox, m\u00fc\u011f\u0259nnil\u0259rd\u0259n ist\u0259yir - MEYDAN.TV\" \/>\n<meta property=\"og:description\" content=\"\u201cBu aqressiyan\u0131n k\u00f6k\u00fcn\u00fcn n\u0259d\u0259n qaynaqland\u0131\u011f\u0131n\u0131 ba\u015fa d\u00fc\u015f\u0259 bilmir\u0259m\u201d.\" \/>\n<meta property=\"og:url\" content=\"https:\/\/www.meydan.tv\/az\/article\/aslan-huseynov-insanlar-dar-gunde-komeyi-dovletden-yox-mugennilerden-isteyir\/\" \/>\n<meta property=\"og:site_name\" content=\"MEYDAN.TV\" \/>\n<meta property=\"article:published_time\" content=\"2019-12-28T13:29:45+00:00\" \/>\n<meta property=\"og:image\" content=\"https:\/\/www.meydan.tv\/wp-content\/uploads\/aslan_h__seynov.jpg\" \/>\n\t<meta property=\"og:image:width\" content=\"868\" \/>\n\t<meta property=\"og:image:height\" content=\"480\" \/>\n\t<meta property=\"og:image:type\" content=\"image\/jpeg\" \/>\n<meta name=\"twitter:card\" content=\"summary_large_image\" \/>\n<!-- \/ Yoast SEO plugin. -->","yoast_head_json":{"title":"Aslan H\u00fcseynov: \u0130nsanlar dar g\u00fcnd\u0259 k\u00f6m\u0259yi d\u00f6vl\u0259td\u0259n yox, m\u00fc\u011f\u0259nnil\u0259rd\u0259n ist\u0259yir - MEYDAN.TV","robots":{"index":"index","follow":"follow","max-snippet":"max-snippet:-1","max-image-preview":"max-image-preview:large","max-video-preview":"max-video-preview:-1"},"canonical":"https:\/\/www.meydan.tv\/az\/article\/aslan-huseynov-insanlar-dar-gunde-komeyi-dovletden-yox-mugennilerden-isteyir\/","og_locale":"az_AZ","og_type":"article","og_title":"Aslan H\u00fcseynov: \u0130nsanlar dar g\u00fcnd\u0259 k\u00f6m\u0259yi d\u00f6vl\u0259td\u0259n yox, m\u00fc\u011f\u0259nnil\u0259rd\u0259n ist\u0259yir - MEYDAN.TV","og_description":"\u201cBu aqressiyan\u0131n k\u00f6k\u00fcn\u00fcn n\u0259d\u0259n qaynaqland\u0131\u011f\u0131n\u0131 ba\u015fa d\u00fc\u015f\u0259 bilmir\u0259m\u201d.","og_url":"https:\/\/www.meydan.tv\/az\/article\/aslan-huseynov-insanlar-dar-gunde-komeyi-dovletden-yox-mugennilerden-isteyir\/","og_site_name":"MEYDAN.TV","article_published_time":"2019-12-28T13:29:45+00:00","og_image":[{"width":868,"height":480,"url":"https:\/\/www.meydan.tv\/wp-content\/uploads\/aslan_h__seynov.jpg","type":"image\/jpeg"}],"twitter_card":"summary_large_image","schema":{"@context":"https:\/\/schema.org","@graph":[{"@type":"Article","@id":"https:\/\/www.meydan.tv\/az\/article\/aslan-huseynov-insanlar-dar-gunde-komeyi-dovletden-yox-mugennilerden-isteyir\/#article","isPartOf":{"@id":"https:\/\/www.meydan.tv\/az\/article\/aslan-huseynov-insanlar-dar-gunde-komeyi-dovletden-yox-mugennilerden-isteyir\/"},"author":{"name":"user-manager","@id":"https:\/\/www.meydan.tv\/az\/#\/schema\/person\/10d11eccf6da3662cf5fdab9806ea91a"},"headline":"Aslan H\u00fcseynov: \u0130nsanlar dar g\u00fcnd\u0259 k\u00f6m\u0259yi d\u00f6vl\u0259td\u0259n yox, m\u00fc\u011f\u0259nnil\u0259rd\u0259n ist\u0259yir","datePublished":"2019-12-28T13:29:45+00:00","mainEntityOfPage":{"@id":"https:\/\/www.meydan.tv\/az\/article\/aslan-huseynov-insanlar-dar-gunde-komeyi-dovletden-yox-mugennilerden-isteyir\/"},"wordCount":235,"publisher":{"@id":"https:\/\/www.meydan.tv\/az\/#organization"},"image":{"@id":"https:\/\/www.meydan.tv\/az\/article\/aslan-huseynov-insanlar-dar-gunde-komeyi-dovletden-yox-mugennilerden-isteyir\/#primaryimage"},"thumbnailUrl":"https:\/\/www.meydan.tv\/wp-content\/uploads\/aslan_h__seynov.jpg","articleSection":["M\u0259d\u0259niyy\u0259t"],"inLanguage":"az"},{"@type":"WebPage","@id":"https:\/\/www.meydan.tv\/az\/article\/aslan-huseynov-insanlar-dar-gunde-komeyi-dovletden-yox-mugennilerden-isteyir\/","url":"https:\/\/www.meydan.tv\/az\/article\/aslan-huseynov-insanlar-dar-gunde-komeyi-dovletden-yox-mugennilerden-isteyir\/","name":"Aslan H\u00fcseynov: \u0130nsanlar dar g\u00fcnd\u0259 k\u00f6m\u0259yi d\u00f6vl\u0259td\u0259n yox, m\u00fc\u011f\u0259nnil\u0259rd\u0259n ist\u0259yir - MEYDAN.TV","isPartOf":{"@id":"https:\/\/www.meydan.tv\/az\/#website"},"primaryImageOfPage":{"@id":"https:\/\/www.meydan.tv\/az\/article\/aslan-huseynov-insanlar-dar-gunde-komeyi-dovletden-yox-mugennilerden-isteyir\/#primaryimage"},"image":{"@id":"https:\/\/www.meydan.tv\/az\/article\/aslan-huseynov-insanlar-dar-gunde-komeyi-dovletden-yox-mugennilerden-isteyir\/#primaryimage"},"thumbnailUrl":"https:\/\/www.meydan.tv\/wp-content\/uploads\/aslan_h__seynov.jpg","datePublished":"2019-12-28T13:29:45+00:00","breadcrumb":{"@id":"https:\/\/www.meydan.tv\/az\/article\/aslan-huseynov-insanlar-dar-gunde-komeyi-dovletden-yox-mugennilerden-isteyir\/#breadcrumb"},"inLanguage":"az","potentialAction":[{"@type":"ReadAction","target":["https:\/\/www.meydan.tv\/az\/article\/aslan-huseynov-insanlar-dar-gunde-komeyi-dovletden-yox-mugennilerden-isteyir\/"]}]},{"@type":"ImageObject","inLanguage":"az","@id":"https:\/\/www.meydan.tv\/az\/article\/aslan-huseynov-insanlar-dar-gunde-komeyi-dovletden-yox-mugennilerden-isteyir\/#primaryimage","url":"https:\/\/www.meydan.tv\/wp-content\/uploads\/aslan_h__seynov.jpg","contentUrl":"https:\/\/www.meydan.tv\/wp-content\/uploads\/aslan_h__seynov.jpg","width":868,"height":480,"caption":"Source: Foto: Meydan TV"},{"@type":"BreadcrumbList","@id":"https:\/\/www.meydan.tv\/az\/article\/aslan-huseynov-insanlar-dar-gunde-komeyi-dovletden-yox-mugennilerden-isteyir\/#breadcrumb","itemListElement":[{"@type":"ListItem","position":1,"name":"Ana s\u0259hif\u0259","item":"https:\/\/www.meydan.tv\/az\/"},{"@type":"ListItem","position":2,"name":"M\u0259d\u0259niyy\u0259t","item":"https:\/\/www.meydan.tv\/az\/section\/medeniyyet\/"},{"@type":"ListItem","position":3,"name":"Aslan H\u00fcseynov: \u0130nsanlar dar g\u00fcnd\u0259 k\u00f6m\u0259yi d\u00f6vl\u0259td\u0259n yox, m\u00fc\u011f\u0259nnil\u0259rd\u0259n ist\u0259yir"}]},{"@type":"WebSite","@id":"https:\/\/www.meydan.tv\/az\/#website","url":"https:\/\/www.meydan.tv\/az\/","name":"MEYDAN.TV","description":"Meydan TV Az\u0259rbaycan\u0131n media m\u0259kan\u0131ndak\u0131 alternativ s\u0259sidir","publisher":{"@id":"https:\/\/www.meydan.tv\/az\/#organization"},"potentialAction":[{"@type":"SearchAction","target":{"@type":"EntryPoint","urlTemplate":"https:\/\/www.meydan.tv\/az\/?s={search_term_string}"},"query-input":{"@type":"PropertyValueSpecification","valueRequired":true,"valueName":"search_term_string"}}],"inLanguage":"az"},{"@type":"Organization","@id":"https:\/\/www.meydan.tv\/az\/#organization","name":"Meydan TV","url":"https:\/\/www.meydan.tv\/az\/","logo":{"@type":"ImageObject","inLanguage":"az","@id":"https:\/\/www.meydan.tv\/az\/#\/schema\/logo\/image\/","url":"https:\/\/www.meydan.tv\/wp-content\/uploads\/2021\/07\/meydan-logo.svg","contentUrl":"https:\/\/www.meydan.tv\/wp-content\/uploads\/2021\/07\/meydan-logo.svg","width":195,"height":46,"caption":"Meydan TV"},"image":{"@id":"https:\/\/www.meydan.tv\/az\/#\/schema\/logo\/image\/"}},{"@type":"Person","@id":"https:\/\/www.meydan.tv\/az\/#\/schema\/person\/10d11eccf6da3662cf5fdab9806ea91a","name":"user-manager"}]}},"_links":{"self":[{"href":"https:\/\/www.meydan.tv\/az\/wp-json\/wp\/v2\/posts\/198576","targetHints":{"allow":["GET"]}}],"collection":[{"href":"https:\/\/www.meydan.tv\/az\/wp-json\/wp\/v2\/posts"}],"about":[{"href":"https:\/\/www.meydan.tv\/az\/wp-json\/wp\/v2\/types\/post"}],"author":[{"embeddable":true,"href":"https:\/\/www.meydan.tv\/az\/wp-json\/wp\/v2\/users\/11"}],"replies":[{"embeddable":true,"href":"https:\/\/www.meydan.tv\/az\/wp-json\/wp\/v2\/comments?post=198576"}],"version-history":[{"count":0,"href":"https:\/\/www.meydan.tv\/az\/wp-json\/wp\/v2\/posts\/198576\/revisions"}],"wp:featuredmedia":[{"embeddable":true,"href":"https:\/\/www.meydan.tv\/az\/wp-json\/wp\/v2\/media\/135121"}],"wp:attachment":[{"href":"https:\/\/www.meydan.tv\/az\/wp-json\/wp\/v2\/media?parent=198576"}],"wp:term":[{"taxonomy":"category","embeddable":true,"href":"https:\/\/www.meydan.tv\/az\/wp-json\/wp\/v2\/categories?post=198576"},{"taxonomy":"post_tag","embeddable":true,"href":"https:\/\/www.meydan.tv\/az\/wp-json\/wp\/v2\/tags?post=198576"}],"curies":[{"name":"wp","href":"https:\/\/api.w.org\/{rel}","templated":true}]}}