{"id":198565,"date":"2019-12-28T07:59:18","date_gmt":"2019-12-28T07:59:18","guid":{"rendered":"https:\/\/www.meydan.tv\/article\/zurabisvili-gurcustanin-ermenistan-ve-azerbaycanla-serhed-problemi-va\/"},"modified":"2019-12-28T07:59:18","modified_gmt":"2019-12-28T07:59:18","slug":"zurabisvili-gurcustanin-ermenistan-ve-azerbaycanla-serhed-problemi-va","status":"publish","type":"post","link":"https:\/\/www.meydan.tv\/az\/article\/zurabisvili-gurcustanin-ermenistan-ve-azerbaycanla-serhed-problemi-va\/","title":{"rendered":"Zurabi\u015fvili: G\u00fcrc\u00fcstan\u0131n Erm\u0259nistan v\u0259 Az\u0259rbaycanla s\u0259rh\u0259d problemi va"},"content":{"rendered":"<p>\n  <i><br \/>\n    Prezidentin a\u00e7\u0131qlamas\u0131 ictimaiyy\u0259tin naraz\u0131l\u0131\u011f\u0131na s\u0259b\u0259b olub<br \/>\n  <\/i>\n<\/p>\n<p>\n  G\u00fcrc\u00fcstan prezidenti Salome Zurabi\u015fvilinin Tbilisi v\u0259 Bak\u0131 aras\u0131nda David Qareci (Ke\u015fik\u00e7ida\u011f) monast\u0131r\u0131 il\u0259 \u0259laq\u0259li s\u0259rh\u0259d m\u00fcbahis\u0259si bar\u0259d\u0259 verdiyi a\u00e7\u0131qlama yenid\u0259n m\u00fcxalif\u0259tin v\u0259 ictimaiyy\u0259tin q\u0259z\u0259bin\u0259 s\u0259b\u0259b olub, &#8211; \u201cJamnews\u201d x\u0259b\u0259r verir.\n<\/p>\n<p>\n  Dekabr\u0131n 25-d\u0259 prezident Zurabi\u015fvili deyib ki, bir d\u00f6vl\u0259tin etibarl\u0131 say\u0131lmas\u0131 \u00fc\u00e7\u00fcn onun universal tan\u0131nan s\u0259rh\u0259dl\u0259ri olmal\u0131d\u0131r. G\u00fcrc\u00fcstan is\u0259 sad\u0259c\u0259 Abxaziya v\u0259 C\u0259nubi Osetiyadak\u0131 m\u00fcnaqi\u015f\u0259 b\u00f6lg\u0259l\u0259rind\u0259 deyil, h\u0259m d\u0259 qon\u015fu Erm\u0259nistan v\u0259 Az\u0259rbaycanla s\u0259rh\u0259d probleml\u0259rin\u0259 sahibdir,- Zurabi\u015fvili deyib.\n<\/p>\n<p>\n  Zurabi\u015fvili demarkasiya v\u0259 delimitasiya \u00fczr\u0259 birg\u0259 komissiyalar\u0131n i\u015fin\u0259 baxmayaraq, prosesin dayand\u0131\u011f\u0131n\u0131 s\u00f6yl\u0259yib.\n<\/p>\n<p>\n  \u201cBu prosesin ba\u015fa \u00e7atmas\u0131na mane olan n\u0259dir, bu, ayd\u0131n deyil, x\u00fcsusil\u0259 n\u0259z\u0259r\u0259 alsaq ki, bu m\u0259s\u0259l\u0259 dost \u00f6lk\u0259l\u0259rl\u0259 ba\u015f verir. \u00dcst\u0259lik, h\u0259r iki \u00f6lk\u0259 [Erm\u0259nistan v\u0259 Az\u0259rbaycan] prezidentl\u0259ri r\u0259smi olaraq komissiyalar\u0131n i\u015fin\u0259 \u00f6n\u0259m verdikl\u0259rini b\u0259yan edibl\u0259r\u201d, Zurabi\u015fvili deyib.\n<\/p>\n<p>\n  M\u00fcxalif\u0259t prezidentin Abxaziya v\u0259 C\u0259nubi Osetiya il\u0259 m\u00f6vcud inzibati s\u0259rh\u0259dl\u0259ri \u201cproblemli\u201d olaraq izah etm\u0259sin\u0259 m\u0259nfi m\u00fcnasib\u0259t bildirib.\n<\/p>\n<p>\n  \u201c\u0130nan\u0131r\u0131q ki, bu c\u00fcr b\u0259yanatlarla Zurabi\u015fvili \u00f6lk\u0259y\u0259 ziyan vurur. Hakim G\u00fcrc\u00fc Arzusu bu c\u00fcr savads\u0131z ifad\u0259l\u0259rin s\u0259b\u0259bini g\u00fcrc\u00fc dilini yax\u015f\u0131 bilm\u0259m\u0259l\u0259ri il\u0259 \u0259sasland\u0131rma\u011fa \u00e7al\u0131\u015f\u0131rlar\u201d,- m\u00fcxalif\u0259td\u0259 olan Avropal\u0131 G\u00fcrc\u00fcstan Partiyas\u0131n\u0131n lideri David Bakradze deyib.\n<\/p>\n<p>\n  Avropal\u0131 G\u00fcrc\u00fcstan h\u00f6kum\u0259td\u0259n \u00f6lk\u0259 prezidentinin b\u0259yanat\u0131n\u0131 t\u0259sdiq etm\u0259m\u0259yi t\u0259l\u0259b edib.\n<\/p>\n<p>\n  \u201cBiz \u00f6lk\u0259nin t\u0259hl\u00fck\u0259sizliyini t\u0259hdid ed\u0259n strateji probleml\u0259 m\u0259\u015f\u011fuluq. Yaln\u0131z i\u015f\u011fal v\u0259 milli maraqlara x\u0259yan\u0259t bu \u015f\u0259kild\u0259 ola bil\u0259r. [\u0130\u015f\u011fal m\u0259s\u0259l\u0259sini] Az\u0259rbaycan kimi qon\u015fu \u00f6lk\u0259nin s\u0259rh\u0259di il\u0259 demarkasiya problemin\u0259 b\u0259nz\u0259tm\u0259k d\u0259 yolverilm\u0259zdir\u201d, &#8211; ke\u00e7mi\u015f hakim Vahid Milli H\u0259r\u0259kat\u0131n \u00fczv\u00fc Tina Bokuchava deyib.\n<\/p>\n<p>\n  G\u00fcrc\u00fcstan-Az\u0259rbaycan d\u00f6vl\u0259t s\u0259rh\u0259dl\u0259rinin demarkasiyas\u0131 v\u0259 delimitasiya komissiyas\u0131n\u0131n n\u00f6vb\u0259ti iclas\u0131n\u0131n 2020-ci ilin \u0259vv\u0259lind\u0259 Tbilisid\u0259 ke\u00e7irilm\u0259si planla\u015fd\u0131r\u0131l\u0131r.<\/p>\n","protected":false},"excerpt":{"rendered":"<p>Zurabi\u015fvili demarkasiya v\u0259 delimitasiya \u00fczr\u0259 birg\u0259 komissiyalar\u0131n i\u015fin\u0259 baxmayaraq, prosesin dayand\u0131\u011f\u0131n\u0131 s\u00f6yl\u0259yib.<\/p>\n","protected":false},"author":11,"featured_media":135166,"comment_status":"closed","ping_status":"open","sticky":false,"template":"","format":"standard","meta":{"_acf_changed":false,"_sitemap_exclude":false,"_sitemap_priority":"","_sitemap_frequency":"","footnotes":""},"categories":[64],"tags":[],"class_list":["post-198565","post","type-post","status-publish","format-standard","has-post-thumbnail","hentry","category-dunya","infinite-scroll-item","generate-columns","tablet-grid-50","mobile-grid-100","grid-parent","grid-33","no-featured-image-padding"],"acf":[],"yoast_head":"<!-- This site is optimized with the Yoast SEO plugin v27.5 - https:\/\/yoast.com\/product\/yoast-seo-wordpress\/ -->\n<title>Zurabi\u015fvili: G\u00fcrc\u00fcstan\u0131n Erm\u0259nistan v\u0259 Az\u0259rbaycanla s\u0259rh\u0259d problemi va - MEYDAN.TV<\/title>\n<meta name=\"robots\" content=\"index, follow, max-snippet:-1, max-image-preview:large, max-video-preview:-1\" \/>\n<link rel=\"canonical\" href=\"https:\/\/www.meydan.tv\/az\/article\/zurabisvili-gurcustanin-ermenistan-ve-azerbaycanla-serhed-problemi-va\/\" \/>\n<meta property=\"og:locale\" content=\"az_AZ\" \/>\n<meta property=\"og:type\" content=\"article\" \/>\n<meta property=\"og:title\" content=\"Zurabi\u015fvili: G\u00fcrc\u00fcstan\u0131n Erm\u0259nistan v\u0259 Az\u0259rbaycanla s\u0259rh\u0259d problemi va - MEYDAN.TV\" \/>\n<meta property=\"og:description\" content=\"Zurabi\u015fvili demarkasiya v\u0259 delimitasiya \u00fczr\u0259 birg\u0259 komissiyalar\u0131n i\u015fin\u0259 baxmayaraq, prosesin dayand\u0131\u011f\u0131n\u0131 s\u00f6yl\u0259yib.\" \/>\n<meta property=\"og:url\" content=\"https:\/\/www.meydan.tv\/az\/article\/zurabisvili-gurcustanin-ermenistan-ve-azerbaycanla-serhed-problemi-va\/\" \/>\n<meta property=\"og:site_name\" content=\"MEYDAN.TV\" \/>\n<meta property=\"article:published_time\" content=\"2019-12-28T07:59:18+00:00\" \/>\n<meta property=\"og:image\" content=\"https:\/\/www.meydan.tv\/wp-content\/uploads\/54868716011634559.jpg\" \/>\n\t<meta property=\"og:image:width\" content=\"1000\" \/>\n\t<meta property=\"og:image:height\" content=\"666\" \/>\n\t<meta property=\"og:image:type\" content=\"image\/jpeg\" \/>\n<meta name=\"author\" content=\"user-manager\" \/>\n<meta name=\"twitter:card\" content=\"summary_large_image\" \/>\n<script type=\"application\/ld+json\" class=\"yoast-schema-graph\">{\"@context\":\"https:\\\/\\\/schema.org\",\"@graph\":[{\"@type\":\"Article\",\"@id\":\"https:\\\/\\\/www.meydan.tv\\\/az\\\/article\\\/zurabisvili-gurcustanin-ermenistan-ve-azerbaycanla-serhed-problemi-va\\\/#article\",\"isPartOf\":{\"@id\":\"https:\\\/\\\/www.meydan.tv\\\/az\\\/article\\\/zurabisvili-gurcustanin-ermenistan-ve-azerbaycanla-serhed-problemi-va\\\/\"},\"author\":{\"name\":\"user-manager\",\"@id\":\"https:\\\/\\\/www.meydan.tv\\\/az\\\/#\\\/schema\\\/person\\\/10d11eccf6da3662cf5fdab9806ea91a\"},\"headline\":\"Zurabi\u015fvili: G\u00fcrc\u00fcstan\u0131n Erm\u0259nistan v\u0259 Az\u0259rbaycanla s\u0259rh\u0259d problemi va\",\"datePublished\":\"2019-12-28T07:59:18+00:00\",\"mainEntityOfPage\":{\"@id\":\"https:\\\/\\\/www.meydan.tv\\\/az\\\/article\\\/zurabisvili-gurcustanin-ermenistan-ve-azerbaycanla-serhed-problemi-va\\\/\"},\"wordCount\":442,\"publisher\":{\"@id\":\"https:\\\/\\\/www.meydan.tv\\\/az\\\/#organization\"},\"image\":{\"@id\":\"https:\\\/\\\/www.meydan.tv\\\/az\\\/article\\\/zurabisvili-gurcustanin-ermenistan-ve-azerbaycanla-serhed-problemi-va\\\/#primaryimage\"},\"thumbnailUrl\":\"https:\\\/\\\/www.meydan.tv\\\/wp-content\\\/uploads\\\/54868716011634559.jpg\",\"articleSection\":[\"D\u00fcnya\"],\"inLanguage\":\"az\"},{\"@type\":\"WebPage\",\"@id\":\"https:\\\/\\\/www.meydan.tv\\\/az\\\/article\\\/zurabisvili-gurcustanin-ermenistan-ve-azerbaycanla-serhed-problemi-va\\\/\",\"url\":\"https:\\\/\\\/www.meydan.tv\\\/az\\\/article\\\/zurabisvili-gurcustanin-ermenistan-ve-azerbaycanla-serhed-problemi-va\\\/\",\"name\":\"Zurabi\u015fvili: G\u00fcrc\u00fcstan\u0131n Erm\u0259nistan v\u0259 Az\u0259rbaycanla s\u0259rh\u0259d problemi va - MEYDAN.TV\",\"isPartOf\":{\"@id\":\"https:\\\/\\\/www.meydan.tv\\\/az\\\/#website\"},\"primaryImageOfPage\":{\"@id\":\"https:\\\/\\\/www.meydan.tv\\\/az\\\/article\\\/zurabisvili-gurcustanin-ermenistan-ve-azerbaycanla-serhed-problemi-va\\\/#primaryimage\"},\"image\":{\"@id\":\"https:\\\/\\\/www.meydan.tv\\\/az\\\/article\\\/zurabisvili-gurcustanin-ermenistan-ve-azerbaycanla-serhed-problemi-va\\\/#primaryimage\"},\"thumbnailUrl\":\"https:\\\/\\\/www.meydan.tv\\\/wp-content\\\/uploads\\\/54868716011634559.jpg\",\"datePublished\":\"2019-12-28T07:59:18+00:00\",\"breadcrumb\":{\"@id\":\"https:\\\/\\\/www.meydan.tv\\\/az\\\/article\\\/zurabisvili-gurcustanin-ermenistan-ve-azerbaycanla-serhed-problemi-va\\\/#breadcrumb\"},\"inLanguage\":\"az\",\"potentialAction\":[{\"@type\":\"ReadAction\",\"target\":[\"https:\\\/\\\/www.meydan.tv\\\/az\\\/article\\\/zurabisvili-gurcustanin-ermenistan-ve-azerbaycanla-serhed-problemi-va\\\/\"]}]},{\"@type\":\"ImageObject\",\"inLanguage\":\"az\",\"@id\":\"https:\\\/\\\/www.meydan.tv\\\/az\\\/article\\\/zurabisvili-gurcustanin-ermenistan-ve-azerbaycanla-serhed-problemi-va\\\/#primaryimage\",\"url\":\"https:\\\/\\\/www.meydan.tv\\\/wp-content\\\/uploads\\\/54868716011634559.jpg\",\"contentUrl\":\"https:\\\/\\\/www.meydan.tv\\\/wp-content\\\/uploads\\\/54868716011634559.jpg\",\"width\":1000,\"height\":666,\"caption\":\"Foto: arxiv\"},{\"@type\":\"BreadcrumbList\",\"@id\":\"https:\\\/\\\/www.meydan.tv\\\/az\\\/article\\\/zurabisvili-gurcustanin-ermenistan-ve-azerbaycanla-serhed-problemi-va\\\/#breadcrumb\",\"itemListElement\":[{\"@type\":\"ListItem\",\"position\":1,\"name\":\"Ana s\u0259hif\u0259\",\"item\":\"https:\\\/\\\/www.meydan.tv\\\/az\\\/\"},{\"@type\":\"ListItem\",\"position\":2,\"name\":\"D\u00fcnya\",\"item\":\"https:\\\/\\\/www.meydan.tv\\\/az\\\/section\\\/dunya\\\/\"},{\"@type\":\"ListItem\",\"position\":3,\"name\":\"Zurabi\u015fvili: G\u00fcrc\u00fcstan\u0131n Erm\u0259nistan v\u0259 Az\u0259rbaycanla s\u0259rh\u0259d problemi va\"}]},{\"@type\":\"WebSite\",\"@id\":\"https:\\\/\\\/www.meydan.tv\\\/az\\\/#website\",\"url\":\"https:\\\/\\\/www.meydan.tv\\\/az\\\/\",\"name\":\"MEYDAN.TV\",\"description\":\"Meydan TV Az\u0259rbaycan\u0131n media m\u0259kan\u0131ndak\u0131 alternativ s\u0259sidir\",\"publisher\":{\"@id\":\"https:\\\/\\\/www.meydan.tv\\\/az\\\/#organization\"},\"potentialAction\":[{\"@type\":\"SearchAction\",\"target\":{\"@type\":\"EntryPoint\",\"urlTemplate\":\"https:\\\/\\\/www.meydan.tv\\\/az\\\/?s={search_term_string}\"},\"query-input\":{\"@type\":\"PropertyValueSpecification\",\"valueRequired\":true,\"valueName\":\"search_term_string\"}}],\"inLanguage\":\"az\"},{\"@type\":\"Organization\",\"@id\":\"https:\\\/\\\/www.meydan.tv\\\/az\\\/#organization\",\"name\":\"Meydan TV\",\"url\":\"https:\\\/\\\/www.meydan.tv\\\/az\\\/\",\"logo\":{\"@type\":\"ImageObject\",\"inLanguage\":\"az\",\"@id\":\"https:\\\/\\\/www.meydan.tv\\\/az\\\/#\\\/schema\\\/logo\\\/image\\\/\",\"url\":\"https:\\\/\\\/www.meydan.tv\\\/wp-content\\\/uploads\\\/2021\\\/07\\\/meydan-logo.svg\",\"contentUrl\":\"https:\\\/\\\/www.meydan.tv\\\/wp-content\\\/uploads\\\/2021\\\/07\\\/meydan-logo.svg\",\"width\":195,\"height\":46,\"caption\":\"Meydan TV\"},\"image\":{\"@id\":\"https:\\\/\\\/www.meydan.tv\\\/az\\\/#\\\/schema\\\/logo\\\/image\\\/\"}},{\"@type\":\"Person\",\"@id\":\"https:\\\/\\\/www.meydan.tv\\\/az\\\/#\\\/schema\\\/person\\\/10d11eccf6da3662cf5fdab9806ea91a\",\"name\":\"user-manager\"}]}<\/script>\n<!-- \/ Yoast SEO plugin. -->","yoast_head_json":{"title":"Zurabi\u015fvili: G\u00fcrc\u00fcstan\u0131n Erm\u0259nistan v\u0259 Az\u0259rbaycanla s\u0259rh\u0259d problemi va - MEYDAN.TV","robots":{"index":"index","follow":"follow","max-snippet":"max-snippet:-1","max-image-preview":"max-image-preview:large","max-video-preview":"max-video-preview:-1"},"canonical":"https:\/\/www.meydan.tv\/az\/article\/zurabisvili-gurcustanin-ermenistan-ve-azerbaycanla-serhed-problemi-va\/","og_locale":"az_AZ","og_type":"article","og_title":"Zurabi\u015fvili: G\u00fcrc\u00fcstan\u0131n Erm\u0259nistan v\u0259 Az\u0259rbaycanla s\u0259rh\u0259d problemi va - MEYDAN.TV","og_description":"Zurabi\u015fvili demarkasiya v\u0259 delimitasiya \u00fczr\u0259 birg\u0259 komissiyalar\u0131n i\u015fin\u0259 baxmayaraq, prosesin dayand\u0131\u011f\u0131n\u0131 s\u00f6yl\u0259yib.","og_url":"https:\/\/www.meydan.tv\/az\/article\/zurabisvili-gurcustanin-ermenistan-ve-azerbaycanla-serhed-problemi-va\/","og_site_name":"MEYDAN.TV","article_published_time":"2019-12-28T07:59:18+00:00","og_image":[{"width":1000,"height":666,"url":"https:\/\/www.meydan.tv\/wp-content\/uploads\/54868716011634559.jpg","type":"image\/jpeg"}],"author":"user-manager","twitter_card":"summary_large_image","schema":{"@context":"https:\/\/schema.org","@graph":[{"@type":"Article","@id":"https:\/\/www.meydan.tv\/az\/article\/zurabisvili-gurcustanin-ermenistan-ve-azerbaycanla-serhed-problemi-va\/#article","isPartOf":{"@id":"https:\/\/www.meydan.tv\/az\/article\/zurabisvili-gurcustanin-ermenistan-ve-azerbaycanla-serhed-problemi-va\/"},"author":{"name":"user-manager","@id":"https:\/\/www.meydan.tv\/az\/#\/schema\/person\/10d11eccf6da3662cf5fdab9806ea91a"},"headline":"Zurabi\u015fvili: G\u00fcrc\u00fcstan\u0131n Erm\u0259nistan v\u0259 Az\u0259rbaycanla s\u0259rh\u0259d problemi va","datePublished":"2019-12-28T07:59:18+00:00","mainEntityOfPage":{"@id":"https:\/\/www.meydan.tv\/az\/article\/zurabisvili-gurcustanin-ermenistan-ve-azerbaycanla-serhed-problemi-va\/"},"wordCount":442,"publisher":{"@id":"https:\/\/www.meydan.tv\/az\/#organization"},"image":{"@id":"https:\/\/www.meydan.tv\/az\/article\/zurabisvili-gurcustanin-ermenistan-ve-azerbaycanla-serhed-problemi-va\/#primaryimage"},"thumbnailUrl":"https:\/\/www.meydan.tv\/wp-content\/uploads\/54868716011634559.jpg","articleSection":["D\u00fcnya"],"inLanguage":"az"},{"@type":"WebPage","@id":"https:\/\/www.meydan.tv\/az\/article\/zurabisvili-gurcustanin-ermenistan-ve-azerbaycanla-serhed-problemi-va\/","url":"https:\/\/www.meydan.tv\/az\/article\/zurabisvili-gurcustanin-ermenistan-ve-azerbaycanla-serhed-problemi-va\/","name":"Zurabi\u015fvili: G\u00fcrc\u00fcstan\u0131n Erm\u0259nistan v\u0259 Az\u0259rbaycanla s\u0259rh\u0259d problemi va - MEYDAN.TV","isPartOf":{"@id":"https:\/\/www.meydan.tv\/az\/#website"},"primaryImageOfPage":{"@id":"https:\/\/www.meydan.tv\/az\/article\/zurabisvili-gurcustanin-ermenistan-ve-azerbaycanla-serhed-problemi-va\/#primaryimage"},"image":{"@id":"https:\/\/www.meydan.tv\/az\/article\/zurabisvili-gurcustanin-ermenistan-ve-azerbaycanla-serhed-problemi-va\/#primaryimage"},"thumbnailUrl":"https:\/\/www.meydan.tv\/wp-content\/uploads\/54868716011634559.jpg","datePublished":"2019-12-28T07:59:18+00:00","breadcrumb":{"@id":"https:\/\/www.meydan.tv\/az\/article\/zurabisvili-gurcustanin-ermenistan-ve-azerbaycanla-serhed-problemi-va\/#breadcrumb"},"inLanguage":"az","potentialAction":[{"@type":"ReadAction","target":["https:\/\/www.meydan.tv\/az\/article\/zurabisvili-gurcustanin-ermenistan-ve-azerbaycanla-serhed-problemi-va\/"]}]},{"@type":"ImageObject","inLanguage":"az","@id":"https:\/\/www.meydan.tv\/az\/article\/zurabisvili-gurcustanin-ermenistan-ve-azerbaycanla-serhed-problemi-va\/#primaryimage","url":"https:\/\/www.meydan.tv\/wp-content\/uploads\/54868716011634559.jpg","contentUrl":"https:\/\/www.meydan.tv\/wp-content\/uploads\/54868716011634559.jpg","width":1000,"height":666,"caption":"Foto: arxiv"},{"@type":"BreadcrumbList","@id":"https:\/\/www.meydan.tv\/az\/article\/zurabisvili-gurcustanin-ermenistan-ve-azerbaycanla-serhed-problemi-va\/#breadcrumb","itemListElement":[{"@type":"ListItem","position":1,"name":"Ana s\u0259hif\u0259","item":"https:\/\/www.meydan.tv\/az\/"},{"@type":"ListItem","position":2,"name":"D\u00fcnya","item":"https:\/\/www.meydan.tv\/az\/section\/dunya\/"},{"@type":"ListItem","position":3,"name":"Zurabi\u015fvili: G\u00fcrc\u00fcstan\u0131n Erm\u0259nistan v\u0259 Az\u0259rbaycanla s\u0259rh\u0259d problemi va"}]},{"@type":"WebSite","@id":"https:\/\/www.meydan.tv\/az\/#website","url":"https:\/\/www.meydan.tv\/az\/","name":"MEYDAN.TV","description":"Meydan TV Az\u0259rbaycan\u0131n media m\u0259kan\u0131ndak\u0131 alternativ s\u0259sidir","publisher":{"@id":"https:\/\/www.meydan.tv\/az\/#organization"},"potentialAction":[{"@type":"SearchAction","target":{"@type":"EntryPoint","urlTemplate":"https:\/\/www.meydan.tv\/az\/?s={search_term_string}"},"query-input":{"@type":"PropertyValueSpecification","valueRequired":true,"valueName":"search_term_string"}}],"inLanguage":"az"},{"@type":"Organization","@id":"https:\/\/www.meydan.tv\/az\/#organization","name":"Meydan TV","url":"https:\/\/www.meydan.tv\/az\/","logo":{"@type":"ImageObject","inLanguage":"az","@id":"https:\/\/www.meydan.tv\/az\/#\/schema\/logo\/image\/","url":"https:\/\/www.meydan.tv\/wp-content\/uploads\/2021\/07\/meydan-logo.svg","contentUrl":"https:\/\/www.meydan.tv\/wp-content\/uploads\/2021\/07\/meydan-logo.svg","width":195,"height":46,"caption":"Meydan TV"},"image":{"@id":"https:\/\/www.meydan.tv\/az\/#\/schema\/logo\/image\/"}},{"@type":"Person","@id":"https:\/\/www.meydan.tv\/az\/#\/schema\/person\/10d11eccf6da3662cf5fdab9806ea91a","name":"user-manager"}]}},"_links":{"self":[{"href":"https:\/\/www.meydan.tv\/az\/wp-json\/wp\/v2\/posts\/198565","targetHints":{"allow":["GET"]}}],"collection":[{"href":"https:\/\/www.meydan.tv\/az\/wp-json\/wp\/v2\/posts"}],"about":[{"href":"https:\/\/www.meydan.tv\/az\/wp-json\/wp\/v2\/types\/post"}],"author":[{"embeddable":true,"href":"https:\/\/www.meydan.tv\/az\/wp-json\/wp\/v2\/users\/11"}],"replies":[{"embeddable":true,"href":"https:\/\/www.meydan.tv\/az\/wp-json\/wp\/v2\/comments?post=198565"}],"version-history":[{"count":0,"href":"https:\/\/www.meydan.tv\/az\/wp-json\/wp\/v2\/posts\/198565\/revisions"}],"wp:featuredmedia":[{"embeddable":true,"href":"https:\/\/www.meydan.tv\/az\/wp-json\/wp\/v2\/media\/135166"}],"wp:attachment":[{"href":"https:\/\/www.meydan.tv\/az\/wp-json\/wp\/v2\/media?parent=198565"}],"wp:term":[{"taxonomy":"category","embeddable":true,"href":"https:\/\/www.meydan.tv\/az\/wp-json\/wp\/v2\/categories?post=198565"},{"taxonomy":"post_tag","embeddable":true,"href":"https:\/\/www.meydan.tv\/az\/wp-json\/wp\/v2\/tags?post=198565"}],"curies":[{"name":"wp","href":"https:\/\/api.w.org\/{rel}","templated":true}]}}