{"id":198555,"date":"2019-12-27T13:50:25","date_gmt":"2019-12-27T13:50:25","guid":{"rendered":"https:\/\/www.meydan.tv\/article\/hemyeli-sakini-1-ildir-evimizi-tikmirler-basqa-qesebeye-siginmisiq\/"},"modified":"2019-12-27T13:50:25","modified_gmt":"2019-12-27T13:50:25","slug":"hemyeli-sakini-1-ildir-evimizi-tikmirler-basqa-qesebeye-siginmisiq","status":"publish","type":"post","link":"https:\/\/www.meydan.tv\/az\/article\/hemyeli-sakini-1-ildir-evimizi-tikmirler-basqa-qesebeye-siginmisiq\/","title":{"rendered":"H\u0259my\u0259li sakini: 1 ildir evimizi tikmirl\u0259r, ba\u015fqa q\u0259s\u0259b\u0259y\u0259 s\u0131\u011f\u0131nm\u0131\u015f\u0131q"},"content":{"rendered":"<p>\n  \u201c1 ay, 2 h\u0259ft\u0259d\u0259n sonra z\u0259lz\u0259l\u0259nin 1 ili tamam olacaq. Ancaq h\u0259l\u0259 d\u0259 z\u0259lz\u0259l\u0259d\u0259n q\u0259zal\u0131 v\u0259ziyy\u0259t\u0259 d\u00fc\u015f\u0259n evimiz yarars\u0131z halda qal\u0131b. 1 ildir ki, N\u0259simi q\u0259s\u0259b\u0259sind\u0259 qohum evind\u0259 qal\u0131r\u0131q. H\u00f6kum\u0259t biziml\u0259 maraqlanm\u0131r\u201d.\n<\/p>\n<p>\n  \u015eamax\u0131n\u0131n H\u0259my\u0259li k\u0259nd sakini R\u0259hman Qas\u0131mov Meydan TV-y\u0259 z\u0259lz\u0259l\u0259d\u0259n z\u0259r\u0259r \u00e7\u0259kmi\u015f evinin fotolar\u0131n\u0131 \u00e7\u0259kib g\u00f6nd\u0259rib v\u0259 bildirib ki, 1 il\u0259 yax\u0131n vaxt ke\u00e7m\u0259sin\u0259 baxmayaraq, ev h\u0259l\u0259 d\u0259 q\u0259zal\u0131 v\u0259ziyy\u0259td\u0259 qal\u0131b. R\u0259hman Qas\u0131mov \u00f6t\u0259n m\u00fcdd\u0259t \u0259rzind\u0259 ail\u0259si il\u0259 N\u0259simi q\u0259s\u0259b\u0259sind\u0259ki qohumunun evin\u0259 s\u0131\u011f\u0131n\u0131b v\u0259 h\u0259l\u0259 d\u0259 orada ya\u015fama\u011fa davam edir. O, h\u00f6kum\u0259td\u0259n evinin ya t\u0259mir b\u0259rpa olunmas\u0131n\u0131, ya da t\u0259z\u0259 ev tikilib verilm\u0259sini ist\u0259yir.\n<\/p>\n<h3>\n  \u201cDedil\u0259r, burdan \u00e7\u0131x\u0131n, da\u011f\u0131nt\u0131 alt\u0131nda qalars\u0131z\u201d<br \/>\n<\/h3>\n<p>\n  \u201cK\u0259ndd\u0259 xeyli ev vard\u0131 ki, q\u0259zal\u0131 v\u0259ziyy\u0259t\u0259 d\u00fc\u015fm\u00fc\u015fd\u00fc. Z\u0259lz\u0259l\u0259d\u0259n d\u0259rhal sonra h\u0259min evl\u0259rl\u0259 b\u0259rab\u0259r m\u0259nim evim\u0259 d\u0259 bax\u0131\u015f ke\u00e7irildi v\u0259 siyah\u0131ya al\u0131nd\u0131. Sonra evl\u0259rin bir qismini t\u0259z\u0259d\u0259n tikdil\u0259r, bir qismini t\u0259mir el\u0259dil\u0259r, ancaq b\u00f6y\u00fck qismi h\u0259l\u0259 d\u0259 ya\u015fay\u0131\u015f \u00fc\u00e7\u00fcn t\u0259hl\u00fck\u0259li olaraq qal\u0131b. Ya\u015fay\u0131\u015f \u00fc\u00e7\u00fcn t\u0259hl\u00fck\u0259li olan evl\u0259rd\u0259n biri d\u0259 m\u0259nim evimdir. 1 il\u0259 yax\u0131nd\u0131r ki, evimizd\u0259n uzaq d\u00fc\u015fm\u00fc\u015f\u00fck, \u00e7\u00fcnki z\u0259lz\u0259l\u0259 n\u0259tic\u0259sind\u0259 divarlar\u0131 aralan\u0131b, tavan\u0131 da\u011f\u0131l\u0131b, h\u0259r an ba\u015f\u0131m\u0131za u\u00e7a bil\u0259r. Z\u0259lz\u0259l\u0259d\u0259n sonra ev\u0259 bax\u0131\u015f ke\u00e7ir\u0259n komissiya \u00fczvl\u0259ri bildirdil\u0259r ki, burdan \u00e7\u0131x\u0131n, h\u0259r an da\u011f\u0131nt\u0131 alt\u0131nda qala bil\u0259rsiz. Dedil\u0259r, \u00f6lk\u0259 ba\u015f\u00e7\u0131s\u0131 v\u0259ziyy\u0259ti n\u0259zar\u0259t\u0259 g\u00f6t\u00fcr\u00fcb, tezlikl\u0259 bu ev d\u0259 s\u00f6k\u00fcl\u0259c\u0259k, yerind\u0259 ev tikil\u0259c\u0259k. Biz d\u0259 evi t\u0259rk el\u0259dik, ba\u015fqa q\u0259s\u0259b\u0259d\u0259 ya\u015fayan qohum evin\u0259 y\u0131\u011f\u0131\u015fd\u0131q. O vaxtdan n\u0259 ev tikildi, n\u0259 d\u0259 ikinci d\u0259f\u0259 g\u0259lib v\u0259ziyy\u0259tl\u0259 maraqlanan oldu\u201d, &#8211; \u015fikay\u0259t\u00e7i deyir.\n<\/p>\n<h3>\n  \u201cH\u0259r d\u0259f\u0259 deyirl\u0259r, get, g\u0259lib evini tik\u0259c\u0259yik\u201d<br \/>\n<\/h3>\n<p>\n  R\u0259hman Qas\u0131mov h\u00f6kum\u0259tin maraqlanmad\u0131\u011f\u0131n\u0131 g\u00f6rd\u00fckd\u0259 \u00f6z\u00fc d\u00f6vl\u0259t qurumlar\u0131na m\u00fcraci\u0259t etm\u0259li olub. Deyir ki, h\u0259r d\u0259f\u0259 d\u0259 ona \u201cyax\u0131n g\u00fcnl\u0259rd\u0259 g\u0259l\u0259c\u0259yik\u201d deyib, yola sal\u0131blar:\n<\/p>\n<p>\n  \u201c\u0130cra hakimiyy\u0259tin\u0259 gedib-g\u0259lir\u0259m. Deyirl\u0259r, narahat olma, tezlikl\u0259 evin tikil\u0259c\u0259k. Aylard\u0131r ki, eyni s\u00f6zl\u0259ri e\u015fidirik. Heyvan saxlay\u0131rd\u0131q, \u0259kinl\u0259 m\u0259\u015f\u011ful olurduq, dolan\u0131rd\u0131q. 1 il\u0259 yax\u0131nd\u0131r ki, t\u0259s\u0259rr\u00fcfatdan da, i\u015f-g\u00fccd\u0259n d\u0259 uzaq d\u00fc\u015fm\u00fc\u015f\u00fck. Bu, hara q\u0259d\u0259r bel\u0259 davam ed\u0259c\u0259k, bilmirik. Evimizin durumu g\u00f6z qaba\u011f\u0131ndad\u0131r, prezident ham\u0131 kimi m\u0259nim evimin tikintisin\u0259 d\u0259 pul ay\u0131r\u0131b, ist\u0259diyimiz odur ki, aidiyy\u0259ti qurumlar da evimi tikib t\u0259hvil versinl\u0259r, k\u00f6\u00e7\u0259k, t\u0259s\u0259rr\u00fcfat\u0131m\u0131z\u0131 b\u0259rpa ed\u0259k, ya\u015fayaq\u201d.\n<\/p>\n<p>\n  R\u0259hman Qas\u0131mov deyir, d\u0259f\u0259l\u0259rl\u0259 \u015eamax\u0131 Rayon \u0130cra Hakimiyy\u0259tinin ba\u015f\u00e7\u0131s\u0131n\u0131n q\u0259buluna d\u00fc\u015fm\u0259k ist\u0259s\u0259 d\u0259, onu qurumun qap\u0131s\u0131ndan geri qaytar\u0131blar.\n<\/p>\n<figure class=\"wp-block-image size-large\">\n  <img decoding=\"async\" src=\"https:\/\/www.meydan.tv\/az\/copy-of-untitled9-png\/\" alt=\"Copy of untitled9.png\" class=\"wp-image-135145\"\/><figcaption>\n    \u015eamax\u0131n\u0131n H\u0259my\u0259li k\u0259nd sakini R\u0259hman Qas\u0131movun evi<br \/>\n  <\/figcaption><\/figure>\n<h3>\n  &#8220;Komissiyaya r\u0259smi m\u00fcraci\u0259t etsin, ara\u015fd\u0131r\u0131ls\u0131n\u201d<br \/>\n<\/h3>\n<p>\n  \u015eamax\u0131 Rayon \u0130cra Hakimiyy\u0259tind\u0259n Meydan TV-y\u0259 bildirilib ki, z\u0259lz\u0259l\u0259d\u0259n q\u0259zal\u0131 v\u0259ziyy\u0259t\u0259 d\u00fc\u015fm\u00fc\u015f tikilil\u0259rin siyah\u0131ya al\u0131nmas\u0131 v\u0259 t\u0259mir-b\u0259rpas\u0131 m\u0259s\u0259l\u0259si il\u0259 rayonun F\u00f6vq\u0259lad\u0259 Hallar Komissiyas\u0131 m\u0259\u015f\u011ful olur: \u201cH\u0259min v\u0259t\u0259nda\u015f\u0131n evi z\u0259lz\u0259l\u0259d\u0259n q\u0259zal\u0131 v\u0259ziyy\u0259t\u0259 d\u00fc\u015f\u00fcbs\u0259 v\u0259 qeydiyyata al\u0131n\u0131bsa, m\u00fcmk\u00fcn deyil ki, t\u0259mir-b\u0259rpa i\u015fl\u0259ri apar\u0131lmas\u0131n. H\u0259min v\u0259t\u0259nda\u015f F\u00f6vq\u0259lad\u0259 Hallar Komissiyas\u0131na r\u0259smi m\u00fcraci\u0259t etsin, m\u0259s\u0259l\u0259 yerind\u0259c\u0259 ara\u015fd\u0131r\u0131ls\u0131n v\u0259 t\u0259dbir g\u00f6r\u00fcls\u00fcn. B\u0259z\u0259n v\u0259t\u0259nda\u015flar g\u0259lib s\u00f6zl\u0259rini qap\u0131da dayanana deyib, gedirl\u0259r, bu, d\u00fczg\u00fcn m\u00fcraci\u0259t formas\u0131 deyil. V\u0259t\u0259nda\u015f r\u0259smi m\u00fcraci\u0259t etsin\u201d.\n<\/p>\n<h3>\n  R\u0259smil\u0259r n\u0259 deyir&#8230;<br \/>\n<\/h3>\n<p>\n  R\u0259smi qurumlar bildirirl\u0259r ki, \u015eamax\u0131da z\u0259lz\u0259l\u0259d\u0259n z\u0259r\u0259r\u00e7\u0259kmi\u015f xeyli ev tikilib v\u0259 bu i\u015fl\u0259r haz\u0131rda da davam edir. Bu yax\u0131nlarda F\u00f6vq\u0259lad\u0259 Hallar Nazirliyinin (FHN) z\u0259lz\u0259l\u0259 b\u00f6lg\u0259si \u00fczr\u0259 ezam olunmu\u015f n\u00fcmay\u0259nd\u0259si H\u0259s\u0259n Qas\u0131mzad\u0259 jurnalistl\u0259r\u0259 bildirib ki, z\u0259lz\u0259l\u0259nin z\u0259r\u0259r vurdu\u011fu evl\u0259r\u0259 nazirliyin m\u00fct\u0259x\u0259ssisl\u0259rind\u0259n ibar\u0259t 36 qrup t\u0259r\u0259find\u0259n bax\u0131\u015f ke\u00e7irilib. 847 f\u0259rdi ya\u015fay\u0131\u015f evi q\u0259zal\u0131 hesab edilib. 251 evin tikintisi ba\u015fa \u00e7at\u0131b, 257 evin tikintisi davam edir. B\u0259rpaya ehtiyac\u0131 olan 2192 evd\u0259n 1339-da b\u0259rpa i\u015fl\u0259rin\u0259 ba\u015flan\u0131l\u0131b. 449 evd\u0259 b\u0259rpa i\u015fl\u0259ri yekunla\u015fd\u0131r\u0131l\u0131b.\n<\/p>\n<p>\n  FHN r\u0259smisi bildirib ki, z\u0259lz\u0259l\u0259 ba\u015f ver\u0259n rayonlarda in\u015fa edil\u0259n evl\u0259rin keyfiyy\u0259ti ciddi n\u0259zar\u0259td\u0259 saxlan\u0131l\u0131r.\n<\/p>\n<p>\n  Bu il fevral\u0131n 5-d\u0259 Pirqulu stansiyas\u0131ndan 7 km c\u0259nubda, A\u011fsu \u0259razisind\u0259 4,4 bal g\u00fcc\u00fcnd\u0259 z\u0259lz\u0259l\u0259 qeyd\u0259 al\u0131n\u0131b. H\u0259min z\u0259lz\u0259l\u0259 episentrd\u0259 5 bala yax\u0131n, \u0259traf rayonlarda 4,3 bala q\u0259d\u0259r hiss olunub. H\u0259min g\u00fcn Pirqulu stansiyas\u0131ndan 9 km c\u0259nub-q\u0259rbd\u0259, \u0130smay\u0131ll\u0131 \u0259razisind\u0259 z\u0259lz\u0259l\u0259 qeyd\u0259 al\u0131n\u0131b. Fevral\u0131n 9-da v\u0259 11-d\u0259 d\u0259 Pirqulu stansiyas\u0131ndan 8 v\u0259 9 km c\u0259nub-q\u0259rbd\u0259 v\u0259 q\u0259rbd\u0259 yeralt\u0131 t\u0259kanlar ba\u015f verib. Z\u0259lz\u0259l\u0259 zaman\u0131 \u015eamax\u0131, A\u011fsu v\u0259 \u0130smay\u0131ll\u0131da da\u011f\u0131nt\u0131lar qeyd\u0259 al\u0131n\u0131b. \u018fn \u00e7ox z\u0259r\u0259r is\u0259 \u015eamax\u0131 \u015f\u0259h\u0259rind\u0259ki evl\u0259r\u0259 d\u0259yib.\n<\/p>\n<p>\n  Z\u0259lz\u0259l\u0259d\u0259n bir g\u00fcn sonra prezident \u0130lham \u018fliyev \u015eamax\u0131ya s\u0259f\u0259r edib, z\u0259lz\u0259l\u0259d\u0259n z\u0259r\u0259r \u00e7\u0259kmi\u015f sakinl\u0259rl\u0259 g\u00f6r\u00fc\u015f\u00fcb, onlara evl\u0259rinin b\u0259rpa edil\u0259c\u0259yini, b\u0259rpas\u0131 m\u00fcmk\u00fcn olmayan evl\u0259rin is\u0259 yenid\u0259n tikil\u0259c\u0259yini bildirib. Aidiyy\u0259ti qurumlara is\u0259 tap\u015f\u0131r\u0131qlar\u0131n\u0131 verib. Bundan bir ne\u00e7\u0259 ay sonra is\u0259 birinci vitse-prezident Mehriban \u018fliyeva da \u015eamax\u0131da olub, v\u0259ziyy\u0259tl\u0259 maraqlan\u0131b.<\/p>\n","protected":false},"excerpt":{"rendered":"<p>R\u0259hman Qas\u0131mov 1 il\u0259 yax\u0131nd\u0131r ki, h\u0259m evind\u0259n, h\u0259m d\u0259 t\u0259s\u0259rr\u00fcfat\u0131ndan uzaq d\u00fc\u015f\u00fcb<\/p>\n","protected":false},"author":11,"featured_media":135148,"comment_status":"closed","ping_status":"open","sticky":false,"template":"","format":"standard","meta":{"_acf_changed":false,"_sitemap_exclude":false,"_sitemap_priority":"","_sitemap_frequency":"","footnotes":""},"categories":[62],"tags":[],"class_list":["post-198555","post","type-post","status-publish","format-standard","has-post-thumbnail","hentry","category-sosial","infinite-scroll-item","generate-columns","tablet-grid-50","mobile-grid-100","grid-parent","grid-33","no-featured-image-padding"],"acf":[],"yoast_head":"<!-- This site is optimized with the Yoast SEO plugin v27.4 - https:\/\/yoast.com\/product\/yoast-seo-wordpress\/ -->\n<title>H\u0259my\u0259li sakini: 1 ildir evimizi tikmirl\u0259r, ba\u015fqa q\u0259s\u0259b\u0259y\u0259 s\u0131\u011f\u0131nm\u0131\u015f\u0131q - MEYDAN.TV<\/title>\n<meta name=\"robots\" content=\"index, follow, max-snippet:-1, max-image-preview:large, max-video-preview:-1\" \/>\n<link rel=\"canonical\" href=\"https:\/\/www.meydan.tv\/az\/article\/hemyeli-sakini-1-ildir-evimizi-tikmirler-basqa-qesebeye-siginmisiq\/\" \/>\n<meta property=\"og:locale\" content=\"az_AZ\" \/>\n<meta property=\"og:type\" content=\"article\" \/>\n<meta property=\"og:title\" content=\"H\u0259my\u0259li sakini: 1 ildir evimizi tikmirl\u0259r, ba\u015fqa q\u0259s\u0259b\u0259y\u0259 s\u0131\u011f\u0131nm\u0131\u015f\u0131q - MEYDAN.TV\" \/>\n<meta property=\"og:description\" content=\"R\u0259hman Qas\u0131mov 1 il\u0259 yax\u0131nd\u0131r ki, h\u0259m evind\u0259n, h\u0259m d\u0259 t\u0259s\u0259rr\u00fcfat\u0131ndan uzaq d\u00fc\u015f\u00fcb\" \/>\n<meta property=\"og:url\" content=\"https:\/\/www.meydan.tv\/az\/article\/hemyeli-sakini-1-ildir-evimizi-tikmirler-basqa-qesebeye-siginmisiq\/\" \/>\n<meta property=\"og:site_name\" content=\"MEYDAN.TV\" \/>\n<meta property=\"article:published_time\" content=\"2019-12-27T13:50:25+00:00\" \/>\n<meta property=\"og:image\" content=\"https:\/\/www.meydan.tv\/wp-content\/uploads\/screenshot_183.png\" \/>\n\t<meta property=\"og:image:width\" content=\"1032\" \/>\n\t<meta property=\"og:image:height\" content=\"618\" \/>\n\t<meta property=\"og:image:type\" content=\"image\/png\" \/>\n<meta name=\"author\" content=\"user-manager\" \/>\n<meta name=\"twitter:card\" content=\"summary_large_image\" \/>\n<script type=\"application\/ld+json\" class=\"yoast-schema-graph\">{\"@context\":\"https:\\\/\\\/schema.org\",\"@graph\":[{\"@type\":\"Article\",\"@id\":\"https:\\\/\\\/www.meydan.tv\\\/az\\\/article\\\/hemyeli-sakini-1-ildir-evimizi-tikmirler-basqa-qesebeye-siginmisiq\\\/#article\",\"isPartOf\":{\"@id\":\"https:\\\/\\\/www.meydan.tv\\\/az\\\/article\\\/hemyeli-sakini-1-ildir-evimizi-tikmirler-basqa-qesebeye-siginmisiq\\\/\"},\"author\":{\"name\":\"user-manager\",\"@id\":\"https:\\\/\\\/www.meydan.tv\\\/az\\\/#\\\/schema\\\/person\\\/10d11eccf6da3662cf5fdab9806ea91a\"},\"headline\":\"H\u0259my\u0259li sakini: 1 ildir evimizi tikmirl\u0259r, ba\u015fqa q\u0259s\u0259b\u0259y\u0259 s\u0131\u011f\u0131nm\u0131\u015f\u0131q\",\"datePublished\":\"2019-12-27T13:50:25+00:00\",\"mainEntityOfPage\":{\"@id\":\"https:\\\/\\\/www.meydan.tv\\\/az\\\/article\\\/hemyeli-sakini-1-ildir-evimizi-tikmirler-basqa-qesebeye-siginmisiq\\\/\"},\"wordCount\":1173,\"publisher\":{\"@id\":\"https:\\\/\\\/www.meydan.tv\\\/az\\\/#organization\"},\"image\":{\"@id\":\"https:\\\/\\\/www.meydan.tv\\\/az\\\/article\\\/hemyeli-sakini-1-ildir-evimizi-tikmirler-basqa-qesebeye-siginmisiq\\\/#primaryimage\"},\"thumbnailUrl\":\"https:\\\/\\\/www.meydan.tv\\\/wp-content\\\/uploads\\\/screenshot_183.png\",\"articleSection\":[\"Sosial\"],\"inLanguage\":\"az\"},{\"@type\":\"WebPage\",\"@id\":\"https:\\\/\\\/www.meydan.tv\\\/az\\\/article\\\/hemyeli-sakini-1-ildir-evimizi-tikmirler-basqa-qesebeye-siginmisiq\\\/\",\"url\":\"https:\\\/\\\/www.meydan.tv\\\/az\\\/article\\\/hemyeli-sakini-1-ildir-evimizi-tikmirler-basqa-qesebeye-siginmisiq\\\/\",\"name\":\"H\u0259my\u0259li sakini: 1 ildir evimizi tikmirl\u0259r, ba\u015fqa q\u0259s\u0259b\u0259y\u0259 s\u0131\u011f\u0131nm\u0131\u015f\u0131q - MEYDAN.TV\",\"isPartOf\":{\"@id\":\"https:\\\/\\\/www.meydan.tv\\\/az\\\/#website\"},\"primaryImageOfPage\":{\"@id\":\"https:\\\/\\\/www.meydan.tv\\\/az\\\/article\\\/hemyeli-sakini-1-ildir-evimizi-tikmirler-basqa-qesebeye-siginmisiq\\\/#primaryimage\"},\"image\":{\"@id\":\"https:\\\/\\\/www.meydan.tv\\\/az\\\/article\\\/hemyeli-sakini-1-ildir-evimizi-tikmirler-basqa-qesebeye-siginmisiq\\\/#primaryimage\"},\"thumbnailUrl\":\"https:\\\/\\\/www.meydan.tv\\\/wp-content\\\/uploads\\\/screenshot_183.png\",\"datePublished\":\"2019-12-27T13:50:25+00:00\",\"breadcrumb\":{\"@id\":\"https:\\\/\\\/www.meydan.tv\\\/az\\\/article\\\/hemyeli-sakini-1-ildir-evimizi-tikmirler-basqa-qesebeye-siginmisiq\\\/#breadcrumb\"},\"inLanguage\":\"az\",\"potentialAction\":[{\"@type\":\"ReadAction\",\"target\":[\"https:\\\/\\\/www.meydan.tv\\\/az\\\/article\\\/hemyeli-sakini-1-ildir-evimizi-tikmirler-basqa-qesebeye-siginmisiq\\\/\"]}]},{\"@type\":\"ImageObject\",\"inLanguage\":\"az\",\"@id\":\"https:\\\/\\\/www.meydan.tv\\\/az\\\/article\\\/hemyeli-sakini-1-ildir-evimizi-tikmirler-basqa-qesebeye-siginmisiq\\\/#primaryimage\",\"url\":\"https:\\\/\\\/www.meydan.tv\\\/wp-content\\\/uploads\\\/screenshot_183.png\",\"contentUrl\":\"https:\\\/\\\/www.meydan.tv\\\/wp-content\\\/uploads\\\/screenshot_183.png\",\"width\":1032,\"height\":618,\"caption\":\"Source: Meydan TV\"},{\"@type\":\"BreadcrumbList\",\"@id\":\"https:\\\/\\\/www.meydan.tv\\\/az\\\/article\\\/hemyeli-sakini-1-ildir-evimizi-tikmirler-basqa-qesebeye-siginmisiq\\\/#breadcrumb\",\"itemListElement\":[{\"@type\":\"ListItem\",\"position\":1,\"name\":\"Ana s\u0259hif\u0259\",\"item\":\"https:\\\/\\\/www.meydan.tv\\\/az\\\/\"},{\"@type\":\"ListItem\",\"position\":2,\"name\":\"Sosial\",\"item\":\"https:\\\/\\\/www.meydan.tv\\\/az\\\/section\\\/sosial\\\/\"},{\"@type\":\"ListItem\",\"position\":3,\"name\":\"H\u0259my\u0259li sakini: 1 ildir evimizi tikmirl\u0259r, ba\u015fqa q\u0259s\u0259b\u0259y\u0259 s\u0131\u011f\u0131nm\u0131\u015f\u0131q\"}]},{\"@type\":\"WebSite\",\"@id\":\"https:\\\/\\\/www.meydan.tv\\\/az\\\/#website\",\"url\":\"https:\\\/\\\/www.meydan.tv\\\/az\\\/\",\"name\":\"MEYDAN.TV\",\"description\":\"Meydan TV Az\u0259rbaycan\u0131n media m\u0259kan\u0131ndak\u0131 alternativ s\u0259sidir\",\"publisher\":{\"@id\":\"https:\\\/\\\/www.meydan.tv\\\/az\\\/#organization\"},\"potentialAction\":[{\"@type\":\"SearchAction\",\"target\":{\"@type\":\"EntryPoint\",\"urlTemplate\":\"https:\\\/\\\/www.meydan.tv\\\/az\\\/?s={search_term_string}\"},\"query-input\":{\"@type\":\"PropertyValueSpecification\",\"valueRequired\":true,\"valueName\":\"search_term_string\"}}],\"inLanguage\":\"az\"},{\"@type\":\"Organization\",\"@id\":\"https:\\\/\\\/www.meydan.tv\\\/az\\\/#organization\",\"name\":\"Meydan TV\",\"url\":\"https:\\\/\\\/www.meydan.tv\\\/az\\\/\",\"logo\":{\"@type\":\"ImageObject\",\"inLanguage\":\"az\",\"@id\":\"https:\\\/\\\/www.meydan.tv\\\/az\\\/#\\\/schema\\\/logo\\\/image\\\/\",\"url\":\"https:\\\/\\\/www.meydan.tv\\\/wp-content\\\/uploads\\\/2021\\\/07\\\/meydan-logo.svg\",\"contentUrl\":\"https:\\\/\\\/www.meydan.tv\\\/wp-content\\\/uploads\\\/2021\\\/07\\\/meydan-logo.svg\",\"width\":195,\"height\":46,\"caption\":\"Meydan TV\"},\"image\":{\"@id\":\"https:\\\/\\\/www.meydan.tv\\\/az\\\/#\\\/schema\\\/logo\\\/image\\\/\"}},{\"@type\":\"Person\",\"@id\":\"https:\\\/\\\/www.meydan.tv\\\/az\\\/#\\\/schema\\\/person\\\/10d11eccf6da3662cf5fdab9806ea91a\",\"name\":\"user-manager\"}]}<\/script>\n<!-- \/ Yoast SEO plugin. -->","yoast_head_json":{"title":"H\u0259my\u0259li sakini: 1 ildir evimizi tikmirl\u0259r, ba\u015fqa q\u0259s\u0259b\u0259y\u0259 s\u0131\u011f\u0131nm\u0131\u015f\u0131q - MEYDAN.TV","robots":{"index":"index","follow":"follow","max-snippet":"max-snippet:-1","max-image-preview":"max-image-preview:large","max-video-preview":"max-video-preview:-1"},"canonical":"https:\/\/www.meydan.tv\/az\/article\/hemyeli-sakini-1-ildir-evimizi-tikmirler-basqa-qesebeye-siginmisiq\/","og_locale":"az_AZ","og_type":"article","og_title":"H\u0259my\u0259li sakini: 1 ildir evimizi tikmirl\u0259r, ba\u015fqa q\u0259s\u0259b\u0259y\u0259 s\u0131\u011f\u0131nm\u0131\u015f\u0131q - MEYDAN.TV","og_description":"R\u0259hman Qas\u0131mov 1 il\u0259 yax\u0131nd\u0131r ki, h\u0259m evind\u0259n, h\u0259m d\u0259 t\u0259s\u0259rr\u00fcfat\u0131ndan uzaq d\u00fc\u015f\u00fcb","og_url":"https:\/\/www.meydan.tv\/az\/article\/hemyeli-sakini-1-ildir-evimizi-tikmirler-basqa-qesebeye-siginmisiq\/","og_site_name":"MEYDAN.TV","article_published_time":"2019-12-27T13:50:25+00:00","og_image":[{"width":1032,"height":618,"url":"https:\/\/www.meydan.tv\/wp-content\/uploads\/screenshot_183.png","type":"image\/png"}],"author":"user-manager","twitter_card":"summary_large_image","schema":{"@context":"https:\/\/schema.org","@graph":[{"@type":"Article","@id":"https:\/\/www.meydan.tv\/az\/article\/hemyeli-sakini-1-ildir-evimizi-tikmirler-basqa-qesebeye-siginmisiq\/#article","isPartOf":{"@id":"https:\/\/www.meydan.tv\/az\/article\/hemyeli-sakini-1-ildir-evimizi-tikmirler-basqa-qesebeye-siginmisiq\/"},"author":{"name":"user-manager","@id":"https:\/\/www.meydan.tv\/az\/#\/schema\/person\/10d11eccf6da3662cf5fdab9806ea91a"},"headline":"H\u0259my\u0259li sakini: 1 ildir evimizi tikmirl\u0259r, ba\u015fqa q\u0259s\u0259b\u0259y\u0259 s\u0131\u011f\u0131nm\u0131\u015f\u0131q","datePublished":"2019-12-27T13:50:25+00:00","mainEntityOfPage":{"@id":"https:\/\/www.meydan.tv\/az\/article\/hemyeli-sakini-1-ildir-evimizi-tikmirler-basqa-qesebeye-siginmisiq\/"},"wordCount":1173,"publisher":{"@id":"https:\/\/www.meydan.tv\/az\/#organization"},"image":{"@id":"https:\/\/www.meydan.tv\/az\/article\/hemyeli-sakini-1-ildir-evimizi-tikmirler-basqa-qesebeye-siginmisiq\/#primaryimage"},"thumbnailUrl":"https:\/\/www.meydan.tv\/wp-content\/uploads\/screenshot_183.png","articleSection":["Sosial"],"inLanguage":"az"},{"@type":"WebPage","@id":"https:\/\/www.meydan.tv\/az\/article\/hemyeli-sakini-1-ildir-evimizi-tikmirler-basqa-qesebeye-siginmisiq\/","url":"https:\/\/www.meydan.tv\/az\/article\/hemyeli-sakini-1-ildir-evimizi-tikmirler-basqa-qesebeye-siginmisiq\/","name":"H\u0259my\u0259li sakini: 1 ildir evimizi tikmirl\u0259r, ba\u015fqa q\u0259s\u0259b\u0259y\u0259 s\u0131\u011f\u0131nm\u0131\u015f\u0131q - MEYDAN.TV","isPartOf":{"@id":"https:\/\/www.meydan.tv\/az\/#website"},"primaryImageOfPage":{"@id":"https:\/\/www.meydan.tv\/az\/article\/hemyeli-sakini-1-ildir-evimizi-tikmirler-basqa-qesebeye-siginmisiq\/#primaryimage"},"image":{"@id":"https:\/\/www.meydan.tv\/az\/article\/hemyeli-sakini-1-ildir-evimizi-tikmirler-basqa-qesebeye-siginmisiq\/#primaryimage"},"thumbnailUrl":"https:\/\/www.meydan.tv\/wp-content\/uploads\/screenshot_183.png","datePublished":"2019-12-27T13:50:25+00:00","breadcrumb":{"@id":"https:\/\/www.meydan.tv\/az\/article\/hemyeli-sakini-1-ildir-evimizi-tikmirler-basqa-qesebeye-siginmisiq\/#breadcrumb"},"inLanguage":"az","potentialAction":[{"@type":"ReadAction","target":["https:\/\/www.meydan.tv\/az\/article\/hemyeli-sakini-1-ildir-evimizi-tikmirler-basqa-qesebeye-siginmisiq\/"]}]},{"@type":"ImageObject","inLanguage":"az","@id":"https:\/\/www.meydan.tv\/az\/article\/hemyeli-sakini-1-ildir-evimizi-tikmirler-basqa-qesebeye-siginmisiq\/#primaryimage","url":"https:\/\/www.meydan.tv\/wp-content\/uploads\/screenshot_183.png","contentUrl":"https:\/\/www.meydan.tv\/wp-content\/uploads\/screenshot_183.png","width":1032,"height":618,"caption":"Source: Meydan TV"},{"@type":"BreadcrumbList","@id":"https:\/\/www.meydan.tv\/az\/article\/hemyeli-sakini-1-ildir-evimizi-tikmirler-basqa-qesebeye-siginmisiq\/#breadcrumb","itemListElement":[{"@type":"ListItem","position":1,"name":"Ana s\u0259hif\u0259","item":"https:\/\/www.meydan.tv\/az\/"},{"@type":"ListItem","position":2,"name":"Sosial","item":"https:\/\/www.meydan.tv\/az\/section\/sosial\/"},{"@type":"ListItem","position":3,"name":"H\u0259my\u0259li sakini: 1 ildir evimizi tikmirl\u0259r, ba\u015fqa q\u0259s\u0259b\u0259y\u0259 s\u0131\u011f\u0131nm\u0131\u015f\u0131q"}]},{"@type":"WebSite","@id":"https:\/\/www.meydan.tv\/az\/#website","url":"https:\/\/www.meydan.tv\/az\/","name":"MEYDAN.TV","description":"Meydan TV Az\u0259rbaycan\u0131n media m\u0259kan\u0131ndak\u0131 alternativ s\u0259sidir","publisher":{"@id":"https:\/\/www.meydan.tv\/az\/#organization"},"potentialAction":[{"@type":"SearchAction","target":{"@type":"EntryPoint","urlTemplate":"https:\/\/www.meydan.tv\/az\/?s={search_term_string}"},"query-input":{"@type":"PropertyValueSpecification","valueRequired":true,"valueName":"search_term_string"}}],"inLanguage":"az"},{"@type":"Organization","@id":"https:\/\/www.meydan.tv\/az\/#organization","name":"Meydan TV","url":"https:\/\/www.meydan.tv\/az\/","logo":{"@type":"ImageObject","inLanguage":"az","@id":"https:\/\/www.meydan.tv\/az\/#\/schema\/logo\/image\/","url":"https:\/\/www.meydan.tv\/wp-content\/uploads\/2021\/07\/meydan-logo.svg","contentUrl":"https:\/\/www.meydan.tv\/wp-content\/uploads\/2021\/07\/meydan-logo.svg","width":195,"height":46,"caption":"Meydan TV"},"image":{"@id":"https:\/\/www.meydan.tv\/az\/#\/schema\/logo\/image\/"}},{"@type":"Person","@id":"https:\/\/www.meydan.tv\/az\/#\/schema\/person\/10d11eccf6da3662cf5fdab9806ea91a","name":"user-manager"}]}},"_links":{"self":[{"href":"https:\/\/www.meydan.tv\/az\/wp-json\/wp\/v2\/posts\/198555","targetHints":{"allow":["GET"]}}],"collection":[{"href":"https:\/\/www.meydan.tv\/az\/wp-json\/wp\/v2\/posts"}],"about":[{"href":"https:\/\/www.meydan.tv\/az\/wp-json\/wp\/v2\/types\/post"}],"author":[{"embeddable":true,"href":"https:\/\/www.meydan.tv\/az\/wp-json\/wp\/v2\/users\/11"}],"replies":[{"embeddable":true,"href":"https:\/\/www.meydan.tv\/az\/wp-json\/wp\/v2\/comments?post=198555"}],"version-history":[{"count":0,"href":"https:\/\/www.meydan.tv\/az\/wp-json\/wp\/v2\/posts\/198555\/revisions"}],"wp:featuredmedia":[{"embeddable":true,"href":"https:\/\/www.meydan.tv\/az\/wp-json\/wp\/v2\/media\/135148"}],"wp:attachment":[{"href":"https:\/\/www.meydan.tv\/az\/wp-json\/wp\/v2\/media?parent=198555"}],"wp:term":[{"taxonomy":"category","embeddable":true,"href":"https:\/\/www.meydan.tv\/az\/wp-json\/wp\/v2\/categories?post=198555"},{"taxonomy":"post_tag","embeddable":true,"href":"https:\/\/www.meydan.tv\/az\/wp-json\/wp\/v2\/tags?post=198555"}],"curies":[{"name":"wp","href":"https:\/\/api.w.org\/{rel}","templated":true}]}}