{"id":198554,"date":"2019-12-27T12:09:43","date_gmt":"2019-12-27T12:09:43","guid":{"rendered":"https:\/\/www.meydan.tv\/article\/goycay-sakini-icra-hakimiyyetindeki-memurlar-meni-ozuneqesde-mecbur-edirler\/"},"modified":"2019-12-27T12:09:43","modified_gmt":"2019-12-27T12:09:43","slug":"goycay-sakini-icra-hakimiyyetindeki-memurlar-meni-ozuneqesde-mecbur-edirler","status":"publish","type":"post","link":"https:\/\/www.meydan.tv\/az\/article\/goycay-sakini-icra-hakimiyyetindeki-memurlar-meni-ozuneqesde-mecbur-edirler\/","title":{"rendered":"G\u00f6y\u00e7ay sakini: \u0130cra Hakimiyy\u0259tind\u0259ki m\u0259murlar m\u0259ni \u00f6z\u00fcn\u0259q\u0259sd\u0259 m\u0259cbur edirl\u0259r"},"content":{"rendered":"<p>\n  <i><br \/>\n    Seymur Azadov acl\u0131q aksiyas\u0131na ba\u015flad\u0131\u011f\u0131n\u0131 deyir<br \/>\n  <\/i>\n<\/p>\n<p>\n  \u201cG\u00f6y\u00e7ay rayonunun icra ba\u015f\u00e7\u0131s\u0131 Mehdi S\u0259limzad\u0259 v\u0259 onun \u0259lalt\u0131lar\u0131 rayonda at oynad\u0131rlar. M\u0259n\u0259 \u00fc\u00e7 d\u0259f\u0259 torpaq sat\u0131b, pulumu al\u0131b, \u0259v\u0259zind\u0259 saxta s\u0259n\u0259d veribl\u0259r. H\u0259r d\u0259f\u0259 d\u0259 onlardan ald\u0131\u011f\u0131m \u0259razid\u0259 avtomobil t\u0259miri sexi tikmi\u015f\u0259m. Sonradan torpaq sahibl\u0259ri g\u0259lib s\u00f6k\u00fcbl\u0259r. Bir m\u00fcdd\u0259t \u00f6nc\u0259 bu haqs\u0131zl\u0131\u011fa g\u00f6r\u0259 intihara c\u0259hd g\u00f6st\u0259rdim. Bununla ba\u011fl\u0131 rayon prokurorlu\u011funda cinay\u0259t i\u015fi a\u00e7\u0131lsa da, he\u00e7 bir n\u0259tic\u0259si yoxdur\u201d.\n<\/p>\n<p>\n  Bu s\u00f6zl\u0259ri<br \/>\n  <a href=\"https:\/\/d9mc3ts4czbpr.cloudfront.net\/ru\/article\/intihara-cehd-eden-adam-goycayin-icra-bascisinin-elaltilari-meni-bu-hedde-catdirib\/\"><br \/>\n    Meydan TV<br \/>\n  <\/a><br \/>\n  -y\u0259 2019-cu il sentyabr\u0131n 19-da intihara c\u0259hd ed\u0259n G\u00f6y\u00e7ay sakini Seymur Azadov s\u00f6yl\u0259yir.\n<\/p>\n<p>\n  Dediyin\u0259 g\u00f6r\u0259, G\u00f6y\u00e7ay Rayonu Prokurorlu\u011fu t\u0259r\u0259find\u0259n onun intihar fakt\u0131 il\u0259 \u0259laq\u0259dar Cinay\u0259t M\u0259c\u0259ll\u0259sinin 125-ci (\u00d6z\u00fcn\u00fc \u00f6ld\u00fcrm\u0259 h\u0259ddin\u0259 \u00e7atd\u0131rma) madd\u0259si il\u0259 a\u00e7\u0131lan cinay\u0259t i\u015fi nam\u0259lum s\u0259b\u0259bl\u0259rd\u0259n \u00fc\u00e7 ayd\u0131r ki, yubad\u0131l\u0131r:\n<\/p>\n<p>\n  \u201cG\u00f6y\u00e7ay Rayonu Prokurorlu\u011fu i\u015fi uzad\u0131r. D\u0259f\u0259l\u0259rl\u0259 naraz\u0131l\u0131q etmi\u015f\u0259m, amma n\u0259tic\u0259siz qal\u0131b. Ba\u015f Prokurorlu\u011fun 961 \u00c7a\u011fr\u0131 M\u0259rk\u0259zin\u0259 z\u0259ng el\u0259dim. Onlara bildirdim ki, cinay\u0259t i\u015finin gedi\u015fat\u0131ndan naraz\u0131yam. Bundan sonra G\u00f6y\u00e7ay Rayon Prokurorlu\u011fundan m\u0259ni \u00e7a\u011f\u0131rd\u0131lar ki, i\u015f h\u0259l\u0259 gedir. T\u0259krar yen\u0259 \u00e7a\u011fr\u0131 m\u0259rk\u0259zini y\u0131\u011fd\u0131m, naraz\u0131l\u0131\u011f\u0131m\u0131 bildir\u0259nd\u0259n sonra Ba\u015f Prokurorlu\u011fun \u00fc\u00e7 rayon \u00fczr\u0259 n\u00fcmay\u0259nd\u0259si g\u0259ldi. M\u0259ni rayon prokuroru Muxtar Eminovun ota\u011f\u0131nda q\u0259bul etdi. Dedi ki, Seymur Azadov, bunlar \u00fc\u00e7\u00fcn 125-ci madd\u0259 he\u00e7 n\u0259dir. G\u0259r\u0259k \u00f6z\u00fcn\u00fc \u00f6ld\u00fcr\u0259s\u0259n ki, biz onlara qar\u015f\u0131 cinay\u0259t i\u015fi a\u00e7aq. S\u00f6z tapmad\u0131m dem\u0259y\u0259, prokurorluq i\u015f\u00e7isi m\u0259n\u0259 bel\u0259 deyirs\u0259, \u00fcmidim ancaq \u00f6lk\u0259 ba\u015f\u00e7\u0131s\u0131na qal\u0131r.\n<\/p>\n<p>\n  Prezidentd\u0259n k\u00f6m\u0259k ist\u0259yir\u0259m, G\u00f6y\u00e7ay Rayon \u0130cra Hakimiyy\u0259tind\u0259ki m\u0259murlar m\u0259ni \u00f6z\u00fcn\u0259q\u0259sd\u0259 m\u0259cbur edirl\u0259r. \u00dc\u00e7 ildir ki, bunlar m\u0259n\u0259 \u00fc\u00e7 d\u0259f\u0259 saxta yer sat\u0131blar. Mehdi S\u0259limzad\u0259nin \u0259lalt\u0131lar\u0131 ba\u015f\u0131ma a\u00e7mad\u0131qlar\u0131 oyun qalmay\u0131b. Onlara verdiyim pul, \u00e7\u0259kdiyim x\u0259rc v\u0259 \u0259s\u0259bl\u0259rim gedib. M\u0259n\u0259 o q\u0259d\u0259r z\u00fclm edibl\u0259r, dan\u0131\u015fmaqla bitmir.\n<\/p>\n<p>\n  G\u00f6y\u00e7ay Rayon \u0130cra Hakimiyy\u0259tinin Memarl\u0131q v\u0259 Tikinti \u015f\u00f6b\u0259sinin m\u00fcdiri, ba\u015f memar \u0130ntiqam S\u00fcleymanovla b\u00f6y\u00fck m\u0259sl\u0259h\u0259t\u00e7i, m\u00fch\u0259ndis Kamil Qas\u0131mov m\u0259nd\u0259n pulu al\u0131b, ba\u015f\u0131ma da bu oyunu a\u00e7\u0131blar\u201d.\n<\/p>\n<figure class=\"wp-block-image size-large\">\n  <img decoding=\"async\" src=\"https:\/\/www.meydan.tv\/az\/80987696_2477629909224054_3829136710738903040_n-jpg\/\" alt=\"80987696_2477629909224054_3829136710738903040_n.jpg\" class=\"wp-image-135136\"\/><figcaption>\n    &#8220;D\u0259f\u0259l\u0259rl\u0259 naraz\u0131l\u0131q etmi\u015f\u0259m, amma n\u0259tic\u0259siz qal\u0131b&#8221;.<br \/>\n  <\/figcaption><\/figure>\n<p>\n  Ba\u015f prokuror yan\u0131nda Korrupsiyaya qar\u015f\u0131 M\u00fcbariz\u0259 Ba\u015f \u0130dar\u0259si v\u0259 Ba\u015f M\u00fct\u0259\u015f\u0259kkil Cinay\u0259tkarl\u0131qla M\u00fcbariz\u0259 \u0130dar\u0259sin\u0259 \u015fikay\u0259t m\u0259ktublar\u0131 yazan Seymur Azadovun dediyin\u0259 g\u00f6r\u0259, bundan sonra icra hakimiyy\u0259ti t\u0259r\u0259find\u0259n ona \u00f6d\u0259nil\u0259c\u0259k m\u0259bl\u0259\u011fin bir hiss\u0259si qaytar\u0131l\u0131b:\n<\/p>\n<p>\n  \u201c\u018fvv\u0259lc\u0259 \u00fc\u00e7 il \u00f6nc\u0259 olan pul haqq-hesab\u0131n\u0131 boyunlar\u0131na alm\u0131rd\u0131lar. Deyirdil\u0259r ki, guya m\u0259n\u0259 yeri pulsuz veribl\u0259r. Ba\u015f prokuror yan\u0131nda Korrupsiyaya qar\u015f\u0131 M\u00fcbariz\u0259 Ba\u015f \u0130dar\u0259sin\u0259 m\u0259ktub yazd\u0131m, i\u015f b\u00f6y\u00fcy\u0259nd\u0259n sonra m\u0259n\u0259 c\u0259misi min manat pul qaytard\u0131lar. Guya ki, ilin sonunad\u0259k b\u00fct\u00fcn pulu \u00f6d\u0259y\u0259c\u0259kdil\u0259r. \u0130l d\u0259 art\u0131q ba\u015fa \u00e7atmaq \u00fczr\u0259dir. Tikintid\u0259 d\u0259ymi\u015f ziyan 3700 manat idi. Bu sonuncu yerin d\u0259 s\u0259n\u0259di yoxdur. \u00d6z halal pulumu onlardan ala bilmir\u0259m. Qalm\u0131\u015fam, pis v\u0259ziyy\u0259td\u0259. Yaz\u0131b-pozuram, g\u0259lib, bax\u0131rlar, deyirl\u0259r ki, bura \u00f6r\u00fc\u015f yeridir. Buran\u0131 s\u0259n\u0259 niy\u0259 veribl\u0259r? Qanunsuz yerdir\u201d.\n<\/p>\n<p>\n  \u015eikay\u0259t\u00e7inin s\u00f6zl\u0259rin\u0259 g\u00f6r\u0259, Da\u015f\u0131nmaz \u018fmlak\u0131n D\u00f6vl\u0259t Reyestri Xidm\u0259tinin 16 sayl\u0131 Ucar \u018frazi \u0130dar\u0259sind\u0259n g\u0259lib \u0259raziy\u0259 bax\u0131\u015f ke\u00e7iribl\u0259r. Bildiribl\u0259r ki, veril\u0259n torpaq sah\u0259sini s\u0259n\u0259dl\u0259\u015fdirm\u0259k olmaz:\n<\/p>\n<p>\n  \u201cDedil\u0259r ki, s\u0259ni yen\u0259 aldad\u0131blar. Bu yer\u0259 art\u0131q s\u0259n\u0259d verilmir. \u00c7\u0131x\u0131lmaz v\u0259ziyy\u0259t\u0259 d\u00fc\u015fm\u00fc\u015f\u0259m. D\u0259f\u0259l\u0259rl\u0259 Mehdi S\u0259limzad\u0259nin q\u0259bulunda olmu\u015fam. M\u0259n\u0259 t\u0259hqir dolu s\u00f6zl\u0259r ya\u011fd\u0131r\u0131b. G\u0259lib evimd\u0259n apar\u0131blar, be\u015f-alt\u0131 n\u0259f\u0259rin t\u0259zyiqi il\u0259 \u00fcz-\u00fcz\u0259 qalm\u0131\u015fam.\n<\/p>\n<figure class=\"wp-block-image size-large\">\n  <img decoding=\"async\" src=\"https:\/\/www.meydan.tv\/az\/80209402_2477629815890730_7011705913706807296_n-jpg\/\" alt=\"80209402_2477629815890730_7011705913706807296_n.jpg\" class=\"wp-image-135133\"\/><figcaption>\n    &#8220;\u018fvv\u0259lc\u0259 \u00fc\u00e7 il \u00f6nc\u0259 olan pul haqq-hesab\u0131n\u0131 boyunlar\u0131na alm\u0131rd\u0131lar&#8221;<br \/>\n  <\/figcaption><\/figure>\n<p>\n  \u00dcmidim h\u0259r yerd\u0259n \u00fcz\u00fcl\u00fcb art\u0131q \u00fc\u00e7 g\u00fcnd\u00fcr ki, acl\u0131q aksiyas\u0131na ba\u015flam\u0131\u015fam. Prezident g\u00f6rs\u00fcn ki, bu m\u0259murlar m\u0259ni hans\u0131 v\u0259ziyy\u0259t\u0259 qoyub. Acl\u0131q aksiyas\u0131 ke\u00e7irir\u0259m, m\u0259n\u0259 deyirl\u0259r ki, c\u0259h\u0259nn\u0259m\u0259 ke\u00e7ir, ist\u0259yirs\u0259n \u00f6l. Ail\u0259mi d\u0259 bu acl\u0131q aksiyas\u0131na qo\u015faca\u011fam. Onlardan ist\u0259diyim odur ki, pulumu v\u0259 m\u0259n\u0259 satd\u0131qlar\u0131 torpa\u011f\u0131n s\u0259n\u0259dini versil\u0259r. D\u00f6rd u\u015faq saxlay\u0131ram. \u0130nsan n\u0259 q\u0259d\u0259r fikir c\u0259k\u0259r. Bu, sahibkarl\u0131q yox, z\u00fclm oldu. Prezidentin d\u0259 s\u0259r\u0259ncam\u0131 var ki, sahibkarlara \u015f\u0259rait yarad\u0131ls\u0131n, amma m\u0259h\u0259l qoyan yoxdur. Bunlar bizim qan\u0131m\u0131s\u0131 i\u00e7irl\u0259r. Sonuncu d\u0259f\u0259 satd\u0131qlar\u0131 torpaqda avtomobil t\u0259miri sexi tikirdim, i\u015fl\u0259ri dayand\u0131rd\u0131m, yan-y\u00f6r\u0259si a\u00e7\u0131qd\u0131r. Q\u0131\u015f\u0131n g\u00fcn\u00fc oturmu\u015fam burda ki, be\u015f-\u00fc\u00e7 manat pul qazan\u0131m. Amma tikm\u0259y\u0259 qorxuram ki, bu d\u0259f\u0259 d\u0259 kims\u0259 g\u0259lib, s\u00f6kd\u00fcr\u0259c\u0259k.\n<\/p>\n<p>\n  \u0130ntiqam S\u00fcleymavov bug\u00fcnl\u0259rd\u0259 m\u0259n\u0259 dedi ki, pulun qalan hiss\u0259si \u00f6d\u0259nil\u0259c\u0259k, h\u0259m\u00e7inin torpa\u011fa s\u0259n\u0259d d\u0259 veril\u0259c\u0259k. S\u00f6yl\u0259yir ki, bayrama kimi g\u00f6zl\u0259, bir az s\u0259brli ol, h\u0259r \u015fey d\u00fcz\u0259l\u0259c\u0259k. Bilir\u0259m ki, ham\u0131s\u0131 yalandan v\u0259dl\u0259rdir, \u00fc\u00e7 ildir m\u0259ni aldad\u0131rlar\u201d.\n<\/p>\n<figure class=\"wp-block-image size-large\">\n  <img decoding=\"async\" src=\"https:\/\/www.meydan.tv\/az\/80297566_2477629629224082_7972752949820522496_n-jpg\/\" alt=\"80297566_2477629629224082_7972752949820522496_n.jpg\" class=\"wp-image-135139\"\/><figcaption>\n    &#8220;Prezidentd\u0259n k\u00f6m\u0259k ist\u0259yir\u0259m, G\u00f6y\u00e7ay Rayon \u0130cra Hakimiyy\u0259tind\u0259ki m\u0259murlar m\u0259ni \u00f6z\u00fcn\u0259q\u0259sd\u0259 m\u0259cbur edirl\u0259r&#8221;<br \/>\n  <\/figcaption><\/figure>\n<p>\n  G\u00f6y\u00e7ay Rayon \u0130cra Hakimiyy\u0259tinin Memarl\u0131q v\u0259 Tikinti \u015f\u00f6b\u0259sinin m\u00fcdiri \u0130ntiqam S\u00fcleymanov Meydan TV-y\u0259 a\u00e7\u0131qlamas\u0131nda ittiham\u00e7\u0131 t\u0259r\u0259fin s\u00f6yl\u0259dikl\u0259rini \u0259sass\u0131z adland\u0131r\u0131b. \u018flav\u0259 edib ki, v\u0259t\u0259nda\u015fa sat\u0131lan torpaq sah\u0259sinin s\u0259n\u0259dl\u0259ri D\u00f6vl\u0259t Reyestri \u0130dar\u0259sind\u0259 qeyd\u0259 al\u0131n\u0131b:\n<\/p>\n<p>\n  \u201cBu adam reketlik etm\u0259kd\u0259n yorulmur. Biz d\u0259 ona qar\u015f\u0131 m\u0259hk\u0259m\u0259d\u0259 v\u0259zif\u0259li \u015f\u0259xs\u0259 qar\u015f\u0131 \u015f\u0259r-b\u00f6htan atmas\u0131 il\u0259 ba\u011fl\u0131 iddia qald\u0131ra bil\u0259rik. Amma \u00f6z\u00fcm\u00fcz\u00fc o s\u0259viyy\u0259y\u0259 salmaq ist\u0259mirik, sad\u0259 v\u0259t\u0259nda\u015fd\u0131r, z\u0259r\u0259r yoxdur.\n<\/p>\n<p>\n  \u0130cra Hakimiyy\u0259ti t\u0259r\u0259find\u0259n tikintiy\u0259 aid olan b\u00fct\u00fcn s\u0259n\u0259dl\u0259r \u018fmlak M\u0259s\u0259l\u0259l\u0259ri D\u00f6vl\u0259t Komit\u0259sin\u0259 t\u0259qdim olunmu\u015fdu. H\u0259min qurum l\u0259\u011fv olunub, s\u0259lahiyy\u0259tl\u0259ri \u0130qtisadiyyat Nazirliyin\u0259 verilib. Orada da struktur d\u0259yi\u015fikliyi gedir. Yax\u0131n zamanlarda h\u0259min adama m\u00fclkiyy\u0259t h\u00fcququ veril\u0259c\u0259k\u201d.\n<\/p>\n<p>\n  G\u00f6y\u00e7ay Rayon Prokurorlu\u011fundan m\u0259s\u0259l\u0259y\u0259 m\u00fcnasib\u0259t bildirilm\u0259yib.<\/p>\n","protected":false},"excerpt":{"rendered":"<p>&#8220;Onlara verdiyim pul, \u00e7\u0259kdiyim x\u0259rc v\u0259 \u0259s\u0259bl\u0259rim gedib&#8221;<\/p>\n","protected":false},"author":11,"featured_media":135130,"comment_status":"closed","ping_status":"open","sticky":false,"template":"","format":"standard","meta":{"_acf_changed":false,"_sitemap_exclude":false,"_sitemap_priority":"","_sitemap_frequency":"","footnotes":""},"categories":[60],"tags":[],"class_list":["post-198554","post","type-post","status-publish","format-standard","has-post-thumbnail","hentry","category-bolge","infinite-scroll-item","generate-columns","tablet-grid-50","mobile-grid-100","grid-parent","grid-33","no-featured-image-padding"],"acf":[],"yoast_head":"<!-- This site is optimized with the Yoast SEO plugin v27.5 - https:\/\/yoast.com\/product\/yoast-seo-wordpress\/ -->\n<title>G\u00f6y\u00e7ay sakini: \u0130cra Hakimiyy\u0259tind\u0259ki m\u0259murlar m\u0259ni \u00f6z\u00fcn\u0259q\u0259sd\u0259 m\u0259cbur edirl\u0259r - MEYDAN.TV<\/title>\n<meta name=\"robots\" content=\"index, follow, max-snippet:-1, max-image-preview:large, max-video-preview:-1\" \/>\n<link rel=\"canonical\" href=\"https:\/\/www.meydan.tv\/az\/article\/goycay-sakini-icra-hakimiyyetindeki-memurlar-meni-ozuneqesde-mecbur-edirler\/\" \/>\n<meta property=\"og:locale\" content=\"az_AZ\" \/>\n<meta property=\"og:type\" content=\"article\" \/>\n<meta property=\"og:title\" content=\"G\u00f6y\u00e7ay sakini: \u0130cra Hakimiyy\u0259tind\u0259ki m\u0259murlar m\u0259ni \u00f6z\u00fcn\u0259q\u0259sd\u0259 m\u0259cbur edirl\u0259r - MEYDAN.TV\" \/>\n<meta property=\"og:description\" content=\"&quot;Onlara verdiyim pul, \u00e7\u0259kdiyim x\u0259rc v\u0259 \u0259s\u0259bl\u0259rim gedib&quot;\" \/>\n<meta property=\"og:url\" content=\"https:\/\/www.meydan.tv\/az\/article\/goycay-sakini-icra-hakimiyyetindeki-memurlar-meni-ozuneqesde-mecbur-edirler\/\" \/>\n<meta property=\"og:site_name\" content=\"MEYDAN.TV\" \/>\n<meta property=\"article:published_time\" content=\"2019-12-27T12:09:43+00:00\" \/>\n<meta property=\"og:image\" content=\"https:\/\/www.meydan.tv\/wp-content\/uploads\/80544857_2477629712557407_6202325043377078272_n.jpg\" \/>\n\t<meta property=\"og:image:width\" content=\"717\" \/>\n\t<meta property=\"og:image:height\" content=\"960\" \/>\n\t<meta property=\"og:image:type\" content=\"image\/jpeg\" \/>\n<meta name=\"author\" content=\"user-manager\" \/>\n<meta name=\"twitter:card\" content=\"summary_large_image\" \/>\n<script type=\"application\/ld+json\" class=\"yoast-schema-graph\">{\"@context\":\"https:\\\/\\\/schema.org\",\"@graph\":[{\"@type\":\"Article\",\"@id\":\"https:\\\/\\\/www.meydan.tv\\\/az\\\/article\\\/goycay-sakini-icra-hakimiyyetindeki-memurlar-meni-ozuneqesde-mecbur-edirler\\\/#article\",\"isPartOf\":{\"@id\":\"https:\\\/\\\/www.meydan.tv\\\/az\\\/article\\\/goycay-sakini-icra-hakimiyyetindeki-memurlar-meni-ozuneqesde-mecbur-edirler\\\/\"},\"author\":{\"name\":\"user-manager\",\"@id\":\"https:\\\/\\\/www.meydan.tv\\\/az\\\/#\\\/schema\\\/person\\\/10d11eccf6da3662cf5fdab9806ea91a\"},\"headline\":\"G\u00f6y\u00e7ay sakini: \u0130cra Hakimiyy\u0259tind\u0259ki m\u0259murlar m\u0259ni \u00f6z\u00fcn\u0259q\u0259sd\u0259 m\u0259cbur edirl\u0259r\",\"datePublished\":\"2019-12-27T12:09:43+00:00\",\"mainEntityOfPage\":{\"@id\":\"https:\\\/\\\/www.meydan.tv\\\/az\\\/article\\\/goycay-sakini-icra-hakimiyyetindeki-memurlar-meni-ozuneqesde-mecbur-edirler\\\/\"},\"wordCount\":1286,\"publisher\":{\"@id\":\"https:\\\/\\\/www.meydan.tv\\\/az\\\/#organization\"},\"image\":{\"@id\":\"https:\\\/\\\/www.meydan.tv\\\/az\\\/article\\\/goycay-sakini-icra-hakimiyyetindeki-memurlar-meni-ozuneqesde-mecbur-edirler\\\/#primaryimage\"},\"thumbnailUrl\":\"https:\\\/\\\/www.meydan.tv\\\/wp-content\\\/uploads\\\/80544857_2477629712557407_6202325043377078272_n.jpg\",\"articleSection\":[\"B\u00f6lg\u0259\"],\"inLanguage\":\"az\"},{\"@type\":\"WebPage\",\"@id\":\"https:\\\/\\\/www.meydan.tv\\\/az\\\/article\\\/goycay-sakini-icra-hakimiyyetindeki-memurlar-meni-ozuneqesde-mecbur-edirler\\\/\",\"url\":\"https:\\\/\\\/www.meydan.tv\\\/az\\\/article\\\/goycay-sakini-icra-hakimiyyetindeki-memurlar-meni-ozuneqesde-mecbur-edirler\\\/\",\"name\":\"G\u00f6y\u00e7ay sakini: \u0130cra Hakimiyy\u0259tind\u0259ki m\u0259murlar m\u0259ni \u00f6z\u00fcn\u0259q\u0259sd\u0259 m\u0259cbur edirl\u0259r - MEYDAN.TV\",\"isPartOf\":{\"@id\":\"https:\\\/\\\/www.meydan.tv\\\/az\\\/#website\"},\"primaryImageOfPage\":{\"@id\":\"https:\\\/\\\/www.meydan.tv\\\/az\\\/article\\\/goycay-sakini-icra-hakimiyyetindeki-memurlar-meni-ozuneqesde-mecbur-edirler\\\/#primaryimage\"},\"image\":{\"@id\":\"https:\\\/\\\/www.meydan.tv\\\/az\\\/article\\\/goycay-sakini-icra-hakimiyyetindeki-memurlar-meni-ozuneqesde-mecbur-edirler\\\/#primaryimage\"},\"thumbnailUrl\":\"https:\\\/\\\/www.meydan.tv\\\/wp-content\\\/uploads\\\/80544857_2477629712557407_6202325043377078272_n.jpg\",\"datePublished\":\"2019-12-27T12:09:43+00:00\",\"breadcrumb\":{\"@id\":\"https:\\\/\\\/www.meydan.tv\\\/az\\\/article\\\/goycay-sakini-icra-hakimiyyetindeki-memurlar-meni-ozuneqesde-mecbur-edirler\\\/#breadcrumb\"},\"inLanguage\":\"az\",\"potentialAction\":[{\"@type\":\"ReadAction\",\"target\":[\"https:\\\/\\\/www.meydan.tv\\\/az\\\/article\\\/goycay-sakini-icra-hakimiyyetindeki-memurlar-meni-ozuneqesde-mecbur-edirler\\\/\"]}]},{\"@type\":\"ImageObject\",\"inLanguage\":\"az\",\"@id\":\"https:\\\/\\\/www.meydan.tv\\\/az\\\/article\\\/goycay-sakini-icra-hakimiyyetindeki-memurlar-meni-ozuneqesde-mecbur-edirler\\\/#primaryimage\",\"url\":\"https:\\\/\\\/www.meydan.tv\\\/wp-content\\\/uploads\\\/80544857_2477629712557407_6202325043377078272_n.jpg\",\"contentUrl\":\"https:\\\/\\\/www.meydan.tv\\\/wp-content\\\/uploads\\\/80544857_2477629712557407_6202325043377078272_n.jpg\",\"width\":717,\"height\":960,\"caption\":\"Source: Foto: Meydan TV\"},{\"@type\":\"BreadcrumbList\",\"@id\":\"https:\\\/\\\/www.meydan.tv\\\/az\\\/article\\\/goycay-sakini-icra-hakimiyyetindeki-memurlar-meni-ozuneqesde-mecbur-edirler\\\/#breadcrumb\",\"itemListElement\":[{\"@type\":\"ListItem\",\"position\":1,\"name\":\"Ana s\u0259hif\u0259\",\"item\":\"https:\\\/\\\/www.meydan.tv\\\/az\\\/\"},{\"@type\":\"ListItem\",\"position\":2,\"name\":\"B\u00f6lg\u0259\",\"item\":\"https:\\\/\\\/www.meydan.tv\\\/az\\\/section\\\/bolge\\\/\"},{\"@type\":\"ListItem\",\"position\":3,\"name\":\"G\u00f6y\u00e7ay sakini: \u0130cra Hakimiyy\u0259tind\u0259ki m\u0259murlar m\u0259ni \u00f6z\u00fcn\u0259q\u0259sd\u0259 m\u0259cbur edirl\u0259r\"}]},{\"@type\":\"WebSite\",\"@id\":\"https:\\\/\\\/www.meydan.tv\\\/az\\\/#website\",\"url\":\"https:\\\/\\\/www.meydan.tv\\\/az\\\/\",\"name\":\"MEYDAN.TV\",\"description\":\"Meydan TV Az\u0259rbaycan\u0131n media m\u0259kan\u0131ndak\u0131 alternativ s\u0259sidir\",\"publisher\":{\"@id\":\"https:\\\/\\\/www.meydan.tv\\\/az\\\/#organization\"},\"potentialAction\":[{\"@type\":\"SearchAction\",\"target\":{\"@type\":\"EntryPoint\",\"urlTemplate\":\"https:\\\/\\\/www.meydan.tv\\\/az\\\/?s={search_term_string}\"},\"query-input\":{\"@type\":\"PropertyValueSpecification\",\"valueRequired\":true,\"valueName\":\"search_term_string\"}}],\"inLanguage\":\"az\"},{\"@type\":\"Organization\",\"@id\":\"https:\\\/\\\/www.meydan.tv\\\/az\\\/#organization\",\"name\":\"Meydan TV\",\"url\":\"https:\\\/\\\/www.meydan.tv\\\/az\\\/\",\"logo\":{\"@type\":\"ImageObject\",\"inLanguage\":\"az\",\"@id\":\"https:\\\/\\\/www.meydan.tv\\\/az\\\/#\\\/schema\\\/logo\\\/image\\\/\",\"url\":\"https:\\\/\\\/www.meydan.tv\\\/wp-content\\\/uploads\\\/2021\\\/07\\\/meydan-logo.svg\",\"contentUrl\":\"https:\\\/\\\/www.meydan.tv\\\/wp-content\\\/uploads\\\/2021\\\/07\\\/meydan-logo.svg\",\"width\":195,\"height\":46,\"caption\":\"Meydan TV\"},\"image\":{\"@id\":\"https:\\\/\\\/www.meydan.tv\\\/az\\\/#\\\/schema\\\/logo\\\/image\\\/\"}},{\"@type\":\"Person\",\"@id\":\"https:\\\/\\\/www.meydan.tv\\\/az\\\/#\\\/schema\\\/person\\\/10d11eccf6da3662cf5fdab9806ea91a\",\"name\":\"user-manager\"}]}<\/script>\n<!-- \/ Yoast SEO plugin. -->","yoast_head_json":{"title":"G\u00f6y\u00e7ay sakini: \u0130cra Hakimiyy\u0259tind\u0259ki m\u0259murlar m\u0259ni \u00f6z\u00fcn\u0259q\u0259sd\u0259 m\u0259cbur edirl\u0259r - MEYDAN.TV","robots":{"index":"index","follow":"follow","max-snippet":"max-snippet:-1","max-image-preview":"max-image-preview:large","max-video-preview":"max-video-preview:-1"},"canonical":"https:\/\/www.meydan.tv\/az\/article\/goycay-sakini-icra-hakimiyyetindeki-memurlar-meni-ozuneqesde-mecbur-edirler\/","og_locale":"az_AZ","og_type":"article","og_title":"G\u00f6y\u00e7ay sakini: \u0130cra Hakimiyy\u0259tind\u0259ki m\u0259murlar m\u0259ni \u00f6z\u00fcn\u0259q\u0259sd\u0259 m\u0259cbur edirl\u0259r - MEYDAN.TV","og_description":"\"Onlara verdiyim pul, \u00e7\u0259kdiyim x\u0259rc v\u0259 \u0259s\u0259bl\u0259rim gedib\"","og_url":"https:\/\/www.meydan.tv\/az\/article\/goycay-sakini-icra-hakimiyyetindeki-memurlar-meni-ozuneqesde-mecbur-edirler\/","og_site_name":"MEYDAN.TV","article_published_time":"2019-12-27T12:09:43+00:00","og_image":[{"width":717,"height":960,"url":"https:\/\/www.meydan.tv\/wp-content\/uploads\/80544857_2477629712557407_6202325043377078272_n.jpg","type":"image\/jpeg"}],"author":"user-manager","twitter_card":"summary_large_image","schema":{"@context":"https:\/\/schema.org","@graph":[{"@type":"Article","@id":"https:\/\/www.meydan.tv\/az\/article\/goycay-sakini-icra-hakimiyyetindeki-memurlar-meni-ozuneqesde-mecbur-edirler\/#article","isPartOf":{"@id":"https:\/\/www.meydan.tv\/az\/article\/goycay-sakini-icra-hakimiyyetindeki-memurlar-meni-ozuneqesde-mecbur-edirler\/"},"author":{"name":"user-manager","@id":"https:\/\/www.meydan.tv\/az\/#\/schema\/person\/10d11eccf6da3662cf5fdab9806ea91a"},"headline":"G\u00f6y\u00e7ay sakini: \u0130cra Hakimiyy\u0259tind\u0259ki m\u0259murlar m\u0259ni \u00f6z\u00fcn\u0259q\u0259sd\u0259 m\u0259cbur edirl\u0259r","datePublished":"2019-12-27T12:09:43+00:00","mainEntityOfPage":{"@id":"https:\/\/www.meydan.tv\/az\/article\/goycay-sakini-icra-hakimiyyetindeki-memurlar-meni-ozuneqesde-mecbur-edirler\/"},"wordCount":1286,"publisher":{"@id":"https:\/\/www.meydan.tv\/az\/#organization"},"image":{"@id":"https:\/\/www.meydan.tv\/az\/article\/goycay-sakini-icra-hakimiyyetindeki-memurlar-meni-ozuneqesde-mecbur-edirler\/#primaryimage"},"thumbnailUrl":"https:\/\/www.meydan.tv\/wp-content\/uploads\/80544857_2477629712557407_6202325043377078272_n.jpg","articleSection":["B\u00f6lg\u0259"],"inLanguage":"az"},{"@type":"WebPage","@id":"https:\/\/www.meydan.tv\/az\/article\/goycay-sakini-icra-hakimiyyetindeki-memurlar-meni-ozuneqesde-mecbur-edirler\/","url":"https:\/\/www.meydan.tv\/az\/article\/goycay-sakini-icra-hakimiyyetindeki-memurlar-meni-ozuneqesde-mecbur-edirler\/","name":"G\u00f6y\u00e7ay sakini: \u0130cra Hakimiyy\u0259tind\u0259ki m\u0259murlar m\u0259ni \u00f6z\u00fcn\u0259q\u0259sd\u0259 m\u0259cbur edirl\u0259r - MEYDAN.TV","isPartOf":{"@id":"https:\/\/www.meydan.tv\/az\/#website"},"primaryImageOfPage":{"@id":"https:\/\/www.meydan.tv\/az\/article\/goycay-sakini-icra-hakimiyyetindeki-memurlar-meni-ozuneqesde-mecbur-edirler\/#primaryimage"},"image":{"@id":"https:\/\/www.meydan.tv\/az\/article\/goycay-sakini-icra-hakimiyyetindeki-memurlar-meni-ozuneqesde-mecbur-edirler\/#primaryimage"},"thumbnailUrl":"https:\/\/www.meydan.tv\/wp-content\/uploads\/80544857_2477629712557407_6202325043377078272_n.jpg","datePublished":"2019-12-27T12:09:43+00:00","breadcrumb":{"@id":"https:\/\/www.meydan.tv\/az\/article\/goycay-sakini-icra-hakimiyyetindeki-memurlar-meni-ozuneqesde-mecbur-edirler\/#breadcrumb"},"inLanguage":"az","potentialAction":[{"@type":"ReadAction","target":["https:\/\/www.meydan.tv\/az\/article\/goycay-sakini-icra-hakimiyyetindeki-memurlar-meni-ozuneqesde-mecbur-edirler\/"]}]},{"@type":"ImageObject","inLanguage":"az","@id":"https:\/\/www.meydan.tv\/az\/article\/goycay-sakini-icra-hakimiyyetindeki-memurlar-meni-ozuneqesde-mecbur-edirler\/#primaryimage","url":"https:\/\/www.meydan.tv\/wp-content\/uploads\/80544857_2477629712557407_6202325043377078272_n.jpg","contentUrl":"https:\/\/www.meydan.tv\/wp-content\/uploads\/80544857_2477629712557407_6202325043377078272_n.jpg","width":717,"height":960,"caption":"Source: Foto: Meydan TV"},{"@type":"BreadcrumbList","@id":"https:\/\/www.meydan.tv\/az\/article\/goycay-sakini-icra-hakimiyyetindeki-memurlar-meni-ozuneqesde-mecbur-edirler\/#breadcrumb","itemListElement":[{"@type":"ListItem","position":1,"name":"Ana s\u0259hif\u0259","item":"https:\/\/www.meydan.tv\/az\/"},{"@type":"ListItem","position":2,"name":"B\u00f6lg\u0259","item":"https:\/\/www.meydan.tv\/az\/section\/bolge\/"},{"@type":"ListItem","position":3,"name":"G\u00f6y\u00e7ay sakini: \u0130cra Hakimiyy\u0259tind\u0259ki m\u0259murlar m\u0259ni \u00f6z\u00fcn\u0259q\u0259sd\u0259 m\u0259cbur edirl\u0259r"}]},{"@type":"WebSite","@id":"https:\/\/www.meydan.tv\/az\/#website","url":"https:\/\/www.meydan.tv\/az\/","name":"MEYDAN.TV","description":"Meydan TV Az\u0259rbaycan\u0131n media m\u0259kan\u0131ndak\u0131 alternativ s\u0259sidir","publisher":{"@id":"https:\/\/www.meydan.tv\/az\/#organization"},"potentialAction":[{"@type":"SearchAction","target":{"@type":"EntryPoint","urlTemplate":"https:\/\/www.meydan.tv\/az\/?s={search_term_string}"},"query-input":{"@type":"PropertyValueSpecification","valueRequired":true,"valueName":"search_term_string"}}],"inLanguage":"az"},{"@type":"Organization","@id":"https:\/\/www.meydan.tv\/az\/#organization","name":"Meydan TV","url":"https:\/\/www.meydan.tv\/az\/","logo":{"@type":"ImageObject","inLanguage":"az","@id":"https:\/\/www.meydan.tv\/az\/#\/schema\/logo\/image\/","url":"https:\/\/www.meydan.tv\/wp-content\/uploads\/2021\/07\/meydan-logo.svg","contentUrl":"https:\/\/www.meydan.tv\/wp-content\/uploads\/2021\/07\/meydan-logo.svg","width":195,"height":46,"caption":"Meydan TV"},"image":{"@id":"https:\/\/www.meydan.tv\/az\/#\/schema\/logo\/image\/"}},{"@type":"Person","@id":"https:\/\/www.meydan.tv\/az\/#\/schema\/person\/10d11eccf6da3662cf5fdab9806ea91a","name":"user-manager"}]}},"_links":{"self":[{"href":"https:\/\/www.meydan.tv\/az\/wp-json\/wp\/v2\/posts\/198554","targetHints":{"allow":["GET"]}}],"collection":[{"href":"https:\/\/www.meydan.tv\/az\/wp-json\/wp\/v2\/posts"}],"about":[{"href":"https:\/\/www.meydan.tv\/az\/wp-json\/wp\/v2\/types\/post"}],"author":[{"embeddable":true,"href":"https:\/\/www.meydan.tv\/az\/wp-json\/wp\/v2\/users\/11"}],"replies":[{"embeddable":true,"href":"https:\/\/www.meydan.tv\/az\/wp-json\/wp\/v2\/comments?post=198554"}],"version-history":[{"count":0,"href":"https:\/\/www.meydan.tv\/az\/wp-json\/wp\/v2\/posts\/198554\/revisions"}],"wp:featuredmedia":[{"embeddable":true,"href":"https:\/\/www.meydan.tv\/az\/wp-json\/wp\/v2\/media\/135130"}],"wp:attachment":[{"href":"https:\/\/www.meydan.tv\/az\/wp-json\/wp\/v2\/media?parent=198554"}],"wp:term":[{"taxonomy":"category","embeddable":true,"href":"https:\/\/www.meydan.tv\/az\/wp-json\/wp\/v2\/categories?post=198554"},{"taxonomy":"post_tag","embeddable":true,"href":"https:\/\/www.meydan.tv\/az\/wp-json\/wp\/v2\/tags?post=198554"}],"curies":[{"name":"wp","href":"https:\/\/api.w.org\/{rel}","templated":true}]}}