{"id":198547,"date":"2019-12-27T08:35:39","date_gmt":"2019-12-27T08:35:39","guid":{"rendered":"https:\/\/www.meydan.tv\/article\/gurcustan-hakimiyyetinin-facebook-da-yuzlerle-feyk-sehifesinin-oldugu-askarlanib\/"},"modified":"2019-12-27T08:35:39","modified_gmt":"2019-12-27T08:35:39","slug":"gurcustan-hakimiyyetinin-facebook-da-yuzlerle-feyk-sehifesinin-oldugu-askarlanib","status":"publish","type":"post","link":"https:\/\/www.meydan.tv\/az\/article\/gurcustan-hakimiyyetinin-facebook-da-yuzlerle-feyk-sehifesinin-oldugu-askarlanib\/","title":{"rendered":"G\u00fcrc\u00fcstan hakimiyy\u0259tinin Facebook-da y\u00fczl\u0259rl\u0259 feyk-s\u0259hif\u0259sinin oldu\u011fu a\u015fkarlan\u0131b"},"content":{"rendered":"<p>\n  M\u0259qal\u0259<br \/>\n  <a href=\"https:\/\/jam-news.net\/gurcustan-hakimiyy\u0259tinin-facebook-da-yuzl\u0259rl\u0259-feyk-s\u0259hif\u0259sinin-oldugu-askarlanib\/?lang=az-AZ\"><br \/>\n    &quot;Jamnews&quot;<br \/>\n  <\/a><br \/>\n  sayt\u0131nda d\u0259rc olunub\n<\/p>\n<p>\n  <b><br \/>\n    <i><br \/>\n      \u018fn n\u00fcfuzlu siyasi dezinformatorlardan biri tineycerl\u0259r aras\u0131nda populyar olan \u201cPanda\u201d musiqili xidm\u0259tidir<br \/>\n    <\/i><br \/>\n  <\/b>\n<\/p>\n<p>\n  <i><br \/>\n    G\u00fcrc\u00fcstanda dekabr\u0131n 20-d\u0259 Facebook administrasiyas\u0131n\u0131n apard\u0131\u011f\u0131 yoxlama n\u0259tic\u0259sind\u0259 Facebook-da h\u00f6kum\u0259tin y\u00fcks\u0259k v\u0259zif\u0259li \u015f\u0259xsl\u0259ri il\u0259 \u0259laq\u0259li olan y\u00fczl\u0259rl\u0259 saxta s\u0259hif\u0259 a\u015fkarlan\u0131b. Facebook-un kiber-t\u0259hl\u00fck\u0259sizlik siyas\u0259tinin r\u0259hb\u0259ri Nataniel Qleyerin b\u0259yanat\u0131nda deyilir ki,<br \/>\n  <\/i><br \/>\n  <b><br \/>\n    <i><br \/>\n      sosial \u015f\u0259b\u0259k\u0259 administrasiyas\u0131 \u00fcmumilikd\u0259 418 obyekti l\u0259\u011fv edib, onlardan 39-u profil, 344-\u00fc s\u0259hif\u0259, 13-\u00fc qrup v\u0259 22-i instagramd\u0131r.<br \/>\n    <\/i><br \/>\n  <\/b>\n<\/p>\n<p>\n  <b><br \/>\n    <i><br \/>\n      B\u0259yanatda vur\u011fulan\u0131r ki, b\u00fct\u00fcn bu \u015f\u0259b\u0259k\u0259 istifad\u0259\u00e7il\u0259r\u0259 siyasi dezinformasiya \u00f6t\u00fcrm\u0259k \u00fc\u00e7\u00fcn f\u0259aliyy\u0259t g\u00f6st\u0259rib.<br \/>\n    <\/i><br \/>\n  <\/b>\n<\/p>\n<p>\n  <b><br \/>\n    Dezinformasiya yayanlar \u00f6zl\u0259rini mediaya b\u0259rab\u0259r tutur<br \/>\n  <\/b>\n<\/p>\n<p>\n  L\u0259\u011fv olunmu\u015f s\u0259hif\u0259l\u0259r \u0259sas\u0259n yerli siyasi x\u0259b\u0259rl\u0259rin yay\u0131lmas\u0131 il\u0259 m\u0259\u015f\u011ful olur v\u0259 \u00f6zl\u0259rini k\u00fctl\u0259vi informasiya vasit\u0259si (K\u0130V) adland\u0131r\u0131rd\u0131lar. H\u0259r biri m\u00fcxalif\u0259tin v\u0259 v\u0259t\u0259nda\u015f f\u0259allar\u0131n\u0131n \u00fcnvan\u0131na t\u0259nqidi materiallar yay\u0131r, hakimiyy\u0259ty\u00f6nl\u00fc m\u00f6vqeyi t\u0259bli\u011f edirdi.\n<\/p>\n<p>\n  Nataniel Qleyerin b\u0259yanat\u0131nda qeyd olunur ki, silinmi\u015f resurslar auditoriyaya hakimiyy\u0259t, m\u0259murlar haqda birm\u0259nal\u0131 olaraq m\u00fcsb\u0259t, m\u00fcxalif\u0259t liderl\u0259ri v\u0259 f\u0259allar haqda is\u0259 m\u0259nfi x\u0259b\u0259rl\u0259r yay\u0131rm\u0131\u015f.\n<\/p>\n<p>\n  T\u0259xmin\u0259n 442300 n\u0259f\u0259r bu c\u00fcr dezinformasiyan\u0131n qurban\u0131 olub. M\u0259s\u0259l\u0259n, \u201cs\u0131f\u0131rlanm\u0131\u015f\u201d qruplardan birinin 52 min n\u0259f\u0259r \u00fczv\u00fc olub v\u0259 onlar h\u0259r g\u00fcn administratorun d\u00fcz\u00fcb-qo\u015fdu\u011fu \u201cx\u0259b\u0259rl\u0259rd\u0259n\u201d istifad\u0259 edibl\u0259r.\n<\/p>\n<p>\n  S\u00f6z\u00fcged\u0259n \u015f\u0259b\u0259k\u0259 t\u0259r\u0259find\u0259n payla\u015f\u0131lan statuslar\u0131n \u00e7oxunun arxas\u0131nda sponsorlar dayan\u0131b. L\u0259\u011fv olunmu\u015f obyektl\u0259rin t\u0259bli\u011fi v\u0259 reklam\u0131 \u00fc\u00e7\u00fcn \u00fcmumilikd\u0259 316 min dollara yax\u0131n v\u0259saitin x\u0259rcl\u0259ndiyi g\u00fcman edilir.\n<\/p>\n<p>\n  Facebook administrasiyas\u0131n\u0131n bu resurslara mara\u011f\u0131 onlar\u0131n f\u0259aliyy\u0259tinin bir istiqam\u0259td\u0259 koordinasiya olundu\u011fu \u00fcz\u0259 \u00e7\u0131xandan sonra yaran\u0131b.\n<\/p>\n<p>\n  <b><br \/>\n    T\u0259hl\u00fck\u0259li siyasi \u201cPanda\u201d<br \/>\n  <\/b>\n<\/p>\n<p>\n  Facebook-un kiber-t\u0259hl\u00fck\u0259sizlik xidm\u0259tinin b\u0259yanat\u0131nda deyilir ki, feyk-s\u0259hif\u0259l\u0259rin arxas\u0131nda dayanan konkret personalar\u0131n kimliyini m\u00fc\u0259yy\u0259n etm\u0259k m\u00fcmk\u00fcn deyil. Amma apar\u0131lan analiz n\u0259tic\u0259sind\u0259 l\u0259\u011fv edilmi\u015f \u015f\u0259b\u0259k\u0259nin G\u00fcrc\u00fcstan hakimiyy\u0259ti, o c\u00fcml\u0259d\u0259n d\u0259 \u201cPanda\u201d reklam agentliyi il\u0259 \u0259laq\u0259si \u00fcz\u0259 \u00e7\u0131xar\u0131l\u0131b.\n<\/p>\n<p>\n  \u201cNetgazeti\u201d n\u0259\u015frinin m\u0259lumat\u0131na g\u00f6r\u0259, \u201cPanda\u201d reklam agentliyi G\u00fcrc\u00fcstan bazar\u0131nda 2019-cu ilin aprelind\u0259n<br \/>\n  <a href=\"https:\/\/netgazeti.ge\/news\/416171\/\"><br \/>\n    <b><br \/>\n      f\u0259aliyy\u0259td\u0259dir<br \/>\n    <\/b><br \/>\n    .<br \/>\n  <\/a>\n<\/p>\n<p>\n  Buna q\u0259d\u0259r is\u0259 \u201cPanda\u201d populyar musiqi layih\u0259si kimi m\u0259\u015fhur olub \u2013 bu qrupun bir ne\u00e7\u0259 klipi Youtube-da tineycerl\u0259r aras\u0131nda \u00e7ox m\u0259\u015fhurdur.\n<\/p>\n<p>\n  M\u00fc\u0259yy\u0259n edilib ki, \u201cPanda\u201d qrupu eyni adl\u0131 reklam agentliyin\u0259 transformasiya olunub v\u0259 realda minl\u0259rl\u0259 istifad\u0259\u00e7i aras\u0131nda dezinformasiya yaymaqla m\u0259\u015f\u011ful olub.\n<\/p>\n<p>\n  <b><br \/>\n    AB\u015e-la eyni s\u0131rada<br \/>\n  <\/b>\n<\/p>\n<p>\n  G\u00fcrc\u00fcstandan ba\u015fqa bu c\u00fcr \u015f\u0259b\u0259k\u0259l\u0259r Vyetnamda v\u0259 AB\u015e-da da \u00fcz\u0259 \u00e7\u0131xar\u0131l\u0131b. Onlar m\u00fcvafiq olaraq \u00e7in v\u0259 ispan dilind\u0259 dan\u0131\u015fan insanlar\u0131n istifad\u0259si \u00fc\u00e7\u00fcn n\u0259z\u0259rd\u0259 tutulub.\n<\/p>\n<p>\n  Facebook son ill\u0259rd\u0259 dezinformasiya il\u0259 kifay\u0259t q\u0259d\u0259r s\u0259rt m\u00fcbariz\u0259 aparmad\u0131\u011f\u0131 \u00fc\u00e7\u00fcn d\u0259f\u0259l\u0259rl\u0259 t\u0259nqid obyektin\u0259 \u00e7evrilib. Bununla \u0259laq\u0259dar olaraq sosial \u015f\u0259b\u0259k\u0259nin kiber-t\u0259hl\u00fck\u0259sizlik xidm\u0259ti 2017-ci ild\u0259n fake news m\u0259nb\u0259l\u0259rin\u0259 qar\u015f\u0131 q\u0259ti v\u0259 s\u0259rt m\u00fcharib\u0259 elan edib.\n<\/p>\n<p>\n  R\u0259smi m\u0259lumatlara \u0259sas\u0259n, 2019-cu ilin aprel ay\u0131ndan sentyabr ay\u0131na q\u0259d\u0259r 3,2 milyard saxta hesab a\u015fkarlan\u0131b v\u0259 l\u0259\u011fv olunub.<\/p>\n","protected":false},"excerpt":{"rendered":"<p>Facebook-un kiber-t\u0259hl\u00fck\u0259sizlik xidm\u0259tinin b\u0259yanat\u0131nda deyilir ki, feyk-s\u0259hif\u0259l\u0259rin arxas\u0131nda dayanan konkret personalar\u0131n kimliyini m\u00fc\u0259yy\u0259n etm\u0259k m\u00fcmk\u00fcn deyil. Amma apar\u0131lan analiz n\u0259tic\u0259sind\u0259 l\u0259\u011fv edilmi\u015f \u015f\u0259b\u0259k\u0259nin G\u00fcrc\u00fcstan hakimiyy\u0259ti, o c\u00fcml\u0259d\u0259n d\u0259 \u201cPanda\u201d reklam agentliyi il\u0259 \u0259laq\u0259si \u00fcz\u0259 \u00e7\u0131xar\u0131l\u0131b.<\/p>\n","protected":false},"author":11,"featured_media":134724,"comment_status":"closed","ping_status":"open","sticky":false,"template":"","format":"standard","meta":{"_acf_changed":false,"_sitemap_exclude":false,"_sitemap_priority":"","_sitemap_frequency":"","footnotes":""},"categories":[64],"tags":[],"class_list":["post-198547","post","type-post","status-publish","format-standard","has-post-thumbnail","hentry","category-dunya","infinite-scroll-item","generate-columns","tablet-grid-50","mobile-grid-100","grid-parent","grid-33","no-featured-image-padding"],"acf":[],"yoast_head":"<!-- This site is optimized with the Yoast SEO plugin v27.5 - https:\/\/yoast.com\/product\/yoast-seo-wordpress\/ -->\n<title>G\u00fcrc\u00fcstan hakimiyy\u0259tinin Facebook-da y\u00fczl\u0259rl\u0259 feyk-s\u0259hif\u0259sinin oldu\u011fu a\u015fkarlan\u0131b - MEYDAN.TV<\/title>\n<meta name=\"robots\" content=\"index, follow, max-snippet:-1, max-image-preview:large, max-video-preview:-1\" \/>\n<link rel=\"canonical\" href=\"https:\/\/www.meydan.tv\/az\/article\/gurcustan-hakimiyyetinin-facebook-da-yuzlerle-feyk-sehifesinin-oldugu-askarlanib\/\" \/>\n<meta property=\"og:locale\" content=\"az_AZ\" \/>\n<meta property=\"og:type\" content=\"article\" \/>\n<meta property=\"og:title\" content=\"G\u00fcrc\u00fcstan hakimiyy\u0259tinin Facebook-da y\u00fczl\u0259rl\u0259 feyk-s\u0259hif\u0259sinin oldu\u011fu a\u015fkarlan\u0131b - MEYDAN.TV\" \/>\n<meta property=\"og:description\" content=\"Facebook-un kiber-t\u0259hl\u00fck\u0259sizlik xidm\u0259tinin b\u0259yanat\u0131nda deyilir ki, feyk-s\u0259hif\u0259l\u0259rin arxas\u0131nda dayanan konkret personalar\u0131n kimliyini m\u00fc\u0259yy\u0259n etm\u0259k m\u00fcmk\u00fcn deyil. Amma apar\u0131lan analiz n\u0259tic\u0259sind\u0259 l\u0259\u011fv edilmi\u015f \u015f\u0259b\u0259k\u0259nin G\u00fcrc\u00fcstan hakimiyy\u0259ti, o c\u00fcml\u0259d\u0259n d\u0259 \u201cPanda\u201d reklam agentliyi il\u0259 \u0259laq\u0259si \u00fcz\u0259 \u00e7\u0131xar\u0131l\u0131b.\" \/>\n<meta property=\"og:url\" content=\"https:\/\/www.meydan.tv\/az\/article\/gurcustan-hakimiyyetinin-facebook-da-yuzlerle-feyk-sehifesinin-oldugu-askarlanib\/\" \/>\n<meta property=\"og:site_name\" content=\"MEYDAN.TV\" \/>\n<meta property=\"article:published_time\" content=\"2019-12-27T08:35:39+00:00\" \/>\n<meta property=\"og:image\" content=\"https:\/\/www.meydan.tv\/wp-content\/uploads\/ezgif.com-webp-to-jpg_2_gfzeopx.jpg\" \/>\n\t<meta property=\"og:image:width\" content=\"1024\" \/>\n\t<meta property=\"og:image:height\" content=\"839\" \/>\n\t<meta property=\"og:image:type\" content=\"image\/jpeg\" \/>\n<meta name=\"author\" content=\"user-manager\" \/>\n<meta name=\"twitter:card\" content=\"summary_large_image\" \/>\n<script type=\"application\/ld+json\" class=\"yoast-schema-graph\">{\"@context\":\"https:\\\/\\\/schema.org\",\"@graph\":[{\"@type\":\"Article\",\"@id\":\"https:\\\/\\\/www.meydan.tv\\\/az\\\/article\\\/gurcustan-hakimiyyetinin-facebook-da-yuzlerle-feyk-sehifesinin-oldugu-askarlanib\\\/#article\",\"isPartOf\":{\"@id\":\"https:\\\/\\\/www.meydan.tv\\\/az\\\/article\\\/gurcustan-hakimiyyetinin-facebook-da-yuzlerle-feyk-sehifesinin-oldugu-askarlanib\\\/\"},\"author\":{\"name\":\"user-manager\",\"@id\":\"https:\\\/\\\/www.meydan.tv\\\/az\\\/#\\\/schema\\\/person\\\/10d11eccf6da3662cf5fdab9806ea91a\"},\"headline\":\"G\u00fcrc\u00fcstan hakimiyy\u0259tinin Facebook-da y\u00fczl\u0259rl\u0259 feyk-s\u0259hif\u0259sinin oldu\u011fu a\u015fkarlan\u0131b\",\"datePublished\":\"2019-12-27T08:35:39+00:00\",\"mainEntityOfPage\":{\"@id\":\"https:\\\/\\\/www.meydan.tv\\\/az\\\/article\\\/gurcustan-hakimiyyetinin-facebook-da-yuzlerle-feyk-sehifesinin-oldugu-askarlanib\\\/\"},\"wordCount\":656,\"publisher\":{\"@id\":\"https:\\\/\\\/www.meydan.tv\\\/az\\\/#organization\"},\"image\":{\"@id\":\"https:\\\/\\\/www.meydan.tv\\\/az\\\/article\\\/gurcustan-hakimiyyetinin-facebook-da-yuzlerle-feyk-sehifesinin-oldugu-askarlanib\\\/#primaryimage\"},\"thumbnailUrl\":\"https:\\\/\\\/www.meydan.tv\\\/wp-content\\\/uploads\\\/ezgif.com-webp-to-jpg_2_gfzeopx.jpg\",\"articleSection\":[\"D\u00fcnya\"],\"inLanguage\":\"az\"},{\"@type\":\"WebPage\",\"@id\":\"https:\\\/\\\/www.meydan.tv\\\/az\\\/article\\\/gurcustan-hakimiyyetinin-facebook-da-yuzlerle-feyk-sehifesinin-oldugu-askarlanib\\\/\",\"url\":\"https:\\\/\\\/www.meydan.tv\\\/az\\\/article\\\/gurcustan-hakimiyyetinin-facebook-da-yuzlerle-feyk-sehifesinin-oldugu-askarlanib\\\/\",\"name\":\"G\u00fcrc\u00fcstan hakimiyy\u0259tinin Facebook-da y\u00fczl\u0259rl\u0259 feyk-s\u0259hif\u0259sinin oldu\u011fu a\u015fkarlan\u0131b - MEYDAN.TV\",\"isPartOf\":{\"@id\":\"https:\\\/\\\/www.meydan.tv\\\/az\\\/#website\"},\"primaryImageOfPage\":{\"@id\":\"https:\\\/\\\/www.meydan.tv\\\/az\\\/article\\\/gurcustan-hakimiyyetinin-facebook-da-yuzlerle-feyk-sehifesinin-oldugu-askarlanib\\\/#primaryimage\"},\"image\":{\"@id\":\"https:\\\/\\\/www.meydan.tv\\\/az\\\/article\\\/gurcustan-hakimiyyetinin-facebook-da-yuzlerle-feyk-sehifesinin-oldugu-askarlanib\\\/#primaryimage\"},\"thumbnailUrl\":\"https:\\\/\\\/www.meydan.tv\\\/wp-content\\\/uploads\\\/ezgif.com-webp-to-jpg_2_gfzeopx.jpg\",\"datePublished\":\"2019-12-27T08:35:39+00:00\",\"breadcrumb\":{\"@id\":\"https:\\\/\\\/www.meydan.tv\\\/az\\\/article\\\/gurcustan-hakimiyyetinin-facebook-da-yuzlerle-feyk-sehifesinin-oldugu-askarlanib\\\/#breadcrumb\"},\"inLanguage\":\"az\",\"potentialAction\":[{\"@type\":\"ReadAction\",\"target\":[\"https:\\\/\\\/www.meydan.tv\\\/az\\\/article\\\/gurcustan-hakimiyyetinin-facebook-da-yuzlerle-feyk-sehifesinin-oldugu-askarlanib\\\/\"]}]},{\"@type\":\"ImageObject\",\"inLanguage\":\"az\",\"@id\":\"https:\\\/\\\/www.meydan.tv\\\/az\\\/article\\\/gurcustan-hakimiyyetinin-facebook-da-yuzlerle-feyk-sehifesinin-oldugu-askarlanib\\\/#primaryimage\",\"url\":\"https:\\\/\\\/www.meydan.tv\\\/wp-content\\\/uploads\\\/ezgif.com-webp-to-jpg_2_gfzeopx.jpg\",\"contentUrl\":\"https:\\\/\\\/www.meydan.tv\\\/wp-content\\\/uploads\\\/ezgif.com-webp-to-jpg_2_gfzeopx.jpg\",\"width\":1024,\"height\":839,\"caption\":\"Source: JAMnews\"},{\"@type\":\"BreadcrumbList\",\"@id\":\"https:\\\/\\\/www.meydan.tv\\\/az\\\/article\\\/gurcustan-hakimiyyetinin-facebook-da-yuzlerle-feyk-sehifesinin-oldugu-askarlanib\\\/#breadcrumb\",\"itemListElement\":[{\"@type\":\"ListItem\",\"position\":1,\"name\":\"Ana s\u0259hif\u0259\",\"item\":\"https:\\\/\\\/www.meydan.tv\\\/az\\\/\"},{\"@type\":\"ListItem\",\"position\":2,\"name\":\"D\u00fcnya\",\"item\":\"https:\\\/\\\/www.meydan.tv\\\/az\\\/section\\\/dunya\\\/\"},{\"@type\":\"ListItem\",\"position\":3,\"name\":\"G\u00fcrc\u00fcstan hakimiyy\u0259tinin Facebook-da y\u00fczl\u0259rl\u0259 feyk-s\u0259hif\u0259sinin oldu\u011fu a\u015fkarlan\u0131b\"}]},{\"@type\":\"WebSite\",\"@id\":\"https:\\\/\\\/www.meydan.tv\\\/az\\\/#website\",\"url\":\"https:\\\/\\\/www.meydan.tv\\\/az\\\/\",\"name\":\"MEYDAN.TV\",\"description\":\"Meydan TV Az\u0259rbaycan\u0131n media m\u0259kan\u0131ndak\u0131 alternativ s\u0259sidir\",\"publisher\":{\"@id\":\"https:\\\/\\\/www.meydan.tv\\\/az\\\/#organization\"},\"potentialAction\":[{\"@type\":\"SearchAction\",\"target\":{\"@type\":\"EntryPoint\",\"urlTemplate\":\"https:\\\/\\\/www.meydan.tv\\\/az\\\/?s={search_term_string}\"},\"query-input\":{\"@type\":\"PropertyValueSpecification\",\"valueRequired\":true,\"valueName\":\"search_term_string\"}}],\"inLanguage\":\"az\"},{\"@type\":\"Organization\",\"@id\":\"https:\\\/\\\/www.meydan.tv\\\/az\\\/#organization\",\"name\":\"Meydan TV\",\"url\":\"https:\\\/\\\/www.meydan.tv\\\/az\\\/\",\"logo\":{\"@type\":\"ImageObject\",\"inLanguage\":\"az\",\"@id\":\"https:\\\/\\\/www.meydan.tv\\\/az\\\/#\\\/schema\\\/logo\\\/image\\\/\",\"url\":\"https:\\\/\\\/www.meydan.tv\\\/wp-content\\\/uploads\\\/2021\\\/07\\\/meydan-logo.svg\",\"contentUrl\":\"https:\\\/\\\/www.meydan.tv\\\/wp-content\\\/uploads\\\/2021\\\/07\\\/meydan-logo.svg\",\"width\":195,\"height\":46,\"caption\":\"Meydan TV\"},\"image\":{\"@id\":\"https:\\\/\\\/www.meydan.tv\\\/az\\\/#\\\/schema\\\/logo\\\/image\\\/\"}},{\"@type\":\"Person\",\"@id\":\"https:\\\/\\\/www.meydan.tv\\\/az\\\/#\\\/schema\\\/person\\\/10d11eccf6da3662cf5fdab9806ea91a\",\"name\":\"user-manager\"}]}<\/script>\n<!-- \/ Yoast SEO plugin. -->","yoast_head_json":{"title":"G\u00fcrc\u00fcstan hakimiyy\u0259tinin Facebook-da y\u00fczl\u0259rl\u0259 feyk-s\u0259hif\u0259sinin oldu\u011fu a\u015fkarlan\u0131b - MEYDAN.TV","robots":{"index":"index","follow":"follow","max-snippet":"max-snippet:-1","max-image-preview":"max-image-preview:large","max-video-preview":"max-video-preview:-1"},"canonical":"https:\/\/www.meydan.tv\/az\/article\/gurcustan-hakimiyyetinin-facebook-da-yuzlerle-feyk-sehifesinin-oldugu-askarlanib\/","og_locale":"az_AZ","og_type":"article","og_title":"G\u00fcrc\u00fcstan hakimiyy\u0259tinin Facebook-da y\u00fczl\u0259rl\u0259 feyk-s\u0259hif\u0259sinin oldu\u011fu a\u015fkarlan\u0131b - MEYDAN.TV","og_description":"Facebook-un kiber-t\u0259hl\u00fck\u0259sizlik xidm\u0259tinin b\u0259yanat\u0131nda deyilir ki, feyk-s\u0259hif\u0259l\u0259rin arxas\u0131nda dayanan konkret personalar\u0131n kimliyini m\u00fc\u0259yy\u0259n etm\u0259k m\u00fcmk\u00fcn deyil. Amma apar\u0131lan analiz n\u0259tic\u0259sind\u0259 l\u0259\u011fv edilmi\u015f \u015f\u0259b\u0259k\u0259nin G\u00fcrc\u00fcstan hakimiyy\u0259ti, o c\u00fcml\u0259d\u0259n d\u0259 \u201cPanda\u201d reklam agentliyi il\u0259 \u0259laq\u0259si \u00fcz\u0259 \u00e7\u0131xar\u0131l\u0131b.","og_url":"https:\/\/www.meydan.tv\/az\/article\/gurcustan-hakimiyyetinin-facebook-da-yuzlerle-feyk-sehifesinin-oldugu-askarlanib\/","og_site_name":"MEYDAN.TV","article_published_time":"2019-12-27T08:35:39+00:00","og_image":[{"width":1024,"height":839,"url":"https:\/\/www.meydan.tv\/wp-content\/uploads\/ezgif.com-webp-to-jpg_2_gfzeopx.jpg","type":"image\/jpeg"}],"author":"user-manager","twitter_card":"summary_large_image","schema":{"@context":"https:\/\/schema.org","@graph":[{"@type":"Article","@id":"https:\/\/www.meydan.tv\/az\/article\/gurcustan-hakimiyyetinin-facebook-da-yuzlerle-feyk-sehifesinin-oldugu-askarlanib\/#article","isPartOf":{"@id":"https:\/\/www.meydan.tv\/az\/article\/gurcustan-hakimiyyetinin-facebook-da-yuzlerle-feyk-sehifesinin-oldugu-askarlanib\/"},"author":{"name":"user-manager","@id":"https:\/\/www.meydan.tv\/az\/#\/schema\/person\/10d11eccf6da3662cf5fdab9806ea91a"},"headline":"G\u00fcrc\u00fcstan hakimiyy\u0259tinin Facebook-da y\u00fczl\u0259rl\u0259 feyk-s\u0259hif\u0259sinin oldu\u011fu a\u015fkarlan\u0131b","datePublished":"2019-12-27T08:35:39+00:00","mainEntityOfPage":{"@id":"https:\/\/www.meydan.tv\/az\/article\/gurcustan-hakimiyyetinin-facebook-da-yuzlerle-feyk-sehifesinin-oldugu-askarlanib\/"},"wordCount":656,"publisher":{"@id":"https:\/\/www.meydan.tv\/az\/#organization"},"image":{"@id":"https:\/\/www.meydan.tv\/az\/article\/gurcustan-hakimiyyetinin-facebook-da-yuzlerle-feyk-sehifesinin-oldugu-askarlanib\/#primaryimage"},"thumbnailUrl":"https:\/\/www.meydan.tv\/wp-content\/uploads\/ezgif.com-webp-to-jpg_2_gfzeopx.jpg","articleSection":["D\u00fcnya"],"inLanguage":"az"},{"@type":"WebPage","@id":"https:\/\/www.meydan.tv\/az\/article\/gurcustan-hakimiyyetinin-facebook-da-yuzlerle-feyk-sehifesinin-oldugu-askarlanib\/","url":"https:\/\/www.meydan.tv\/az\/article\/gurcustan-hakimiyyetinin-facebook-da-yuzlerle-feyk-sehifesinin-oldugu-askarlanib\/","name":"G\u00fcrc\u00fcstan hakimiyy\u0259tinin Facebook-da y\u00fczl\u0259rl\u0259 feyk-s\u0259hif\u0259sinin oldu\u011fu a\u015fkarlan\u0131b - MEYDAN.TV","isPartOf":{"@id":"https:\/\/www.meydan.tv\/az\/#website"},"primaryImageOfPage":{"@id":"https:\/\/www.meydan.tv\/az\/article\/gurcustan-hakimiyyetinin-facebook-da-yuzlerle-feyk-sehifesinin-oldugu-askarlanib\/#primaryimage"},"image":{"@id":"https:\/\/www.meydan.tv\/az\/article\/gurcustan-hakimiyyetinin-facebook-da-yuzlerle-feyk-sehifesinin-oldugu-askarlanib\/#primaryimage"},"thumbnailUrl":"https:\/\/www.meydan.tv\/wp-content\/uploads\/ezgif.com-webp-to-jpg_2_gfzeopx.jpg","datePublished":"2019-12-27T08:35:39+00:00","breadcrumb":{"@id":"https:\/\/www.meydan.tv\/az\/article\/gurcustan-hakimiyyetinin-facebook-da-yuzlerle-feyk-sehifesinin-oldugu-askarlanib\/#breadcrumb"},"inLanguage":"az","potentialAction":[{"@type":"ReadAction","target":["https:\/\/www.meydan.tv\/az\/article\/gurcustan-hakimiyyetinin-facebook-da-yuzlerle-feyk-sehifesinin-oldugu-askarlanib\/"]}]},{"@type":"ImageObject","inLanguage":"az","@id":"https:\/\/www.meydan.tv\/az\/article\/gurcustan-hakimiyyetinin-facebook-da-yuzlerle-feyk-sehifesinin-oldugu-askarlanib\/#primaryimage","url":"https:\/\/www.meydan.tv\/wp-content\/uploads\/ezgif.com-webp-to-jpg_2_gfzeopx.jpg","contentUrl":"https:\/\/www.meydan.tv\/wp-content\/uploads\/ezgif.com-webp-to-jpg_2_gfzeopx.jpg","width":1024,"height":839,"caption":"Source: JAMnews"},{"@type":"BreadcrumbList","@id":"https:\/\/www.meydan.tv\/az\/article\/gurcustan-hakimiyyetinin-facebook-da-yuzlerle-feyk-sehifesinin-oldugu-askarlanib\/#breadcrumb","itemListElement":[{"@type":"ListItem","position":1,"name":"Ana s\u0259hif\u0259","item":"https:\/\/www.meydan.tv\/az\/"},{"@type":"ListItem","position":2,"name":"D\u00fcnya","item":"https:\/\/www.meydan.tv\/az\/section\/dunya\/"},{"@type":"ListItem","position":3,"name":"G\u00fcrc\u00fcstan hakimiyy\u0259tinin Facebook-da y\u00fczl\u0259rl\u0259 feyk-s\u0259hif\u0259sinin oldu\u011fu a\u015fkarlan\u0131b"}]},{"@type":"WebSite","@id":"https:\/\/www.meydan.tv\/az\/#website","url":"https:\/\/www.meydan.tv\/az\/","name":"MEYDAN.TV","description":"Meydan TV Az\u0259rbaycan\u0131n media m\u0259kan\u0131ndak\u0131 alternativ s\u0259sidir","publisher":{"@id":"https:\/\/www.meydan.tv\/az\/#organization"},"potentialAction":[{"@type":"SearchAction","target":{"@type":"EntryPoint","urlTemplate":"https:\/\/www.meydan.tv\/az\/?s={search_term_string}"},"query-input":{"@type":"PropertyValueSpecification","valueRequired":true,"valueName":"search_term_string"}}],"inLanguage":"az"},{"@type":"Organization","@id":"https:\/\/www.meydan.tv\/az\/#organization","name":"Meydan TV","url":"https:\/\/www.meydan.tv\/az\/","logo":{"@type":"ImageObject","inLanguage":"az","@id":"https:\/\/www.meydan.tv\/az\/#\/schema\/logo\/image\/","url":"https:\/\/www.meydan.tv\/wp-content\/uploads\/2021\/07\/meydan-logo.svg","contentUrl":"https:\/\/www.meydan.tv\/wp-content\/uploads\/2021\/07\/meydan-logo.svg","width":195,"height":46,"caption":"Meydan TV"},"image":{"@id":"https:\/\/www.meydan.tv\/az\/#\/schema\/logo\/image\/"}},{"@type":"Person","@id":"https:\/\/www.meydan.tv\/az\/#\/schema\/person\/10d11eccf6da3662cf5fdab9806ea91a","name":"user-manager"}]}},"_links":{"self":[{"href":"https:\/\/www.meydan.tv\/az\/wp-json\/wp\/v2\/posts\/198547","targetHints":{"allow":["GET"]}}],"collection":[{"href":"https:\/\/www.meydan.tv\/az\/wp-json\/wp\/v2\/posts"}],"about":[{"href":"https:\/\/www.meydan.tv\/az\/wp-json\/wp\/v2\/types\/post"}],"author":[{"embeddable":true,"href":"https:\/\/www.meydan.tv\/az\/wp-json\/wp\/v2\/users\/11"}],"replies":[{"embeddable":true,"href":"https:\/\/www.meydan.tv\/az\/wp-json\/wp\/v2\/comments?post=198547"}],"version-history":[{"count":0,"href":"https:\/\/www.meydan.tv\/az\/wp-json\/wp\/v2\/posts\/198547\/revisions"}],"wp:featuredmedia":[{"embeddable":true,"href":"https:\/\/www.meydan.tv\/az\/wp-json\/wp\/v2\/media\/134724"}],"wp:attachment":[{"href":"https:\/\/www.meydan.tv\/az\/wp-json\/wp\/v2\/media?parent=198547"}],"wp:term":[{"taxonomy":"category","embeddable":true,"href":"https:\/\/www.meydan.tv\/az\/wp-json\/wp\/v2\/categories?post=198547"},{"taxonomy":"post_tag","embeddable":true,"href":"https:\/\/www.meydan.tv\/az\/wp-json\/wp\/v2\/tags?post=198547"}],"curies":[{"name":"wp","href":"https:\/\/api.w.org\/{rel}","templated":true}]}}