{"id":198540,"date":"2019-12-26T15:10:48","date_gmt":"2019-12-26T15:10:48","guid":{"rendered":"https:\/\/www.meydan.tv\/article\/rusiya-muxalifet-lideri-navalniy-saxlanmadigini-deyib\/"},"modified":"2019-12-26T15:10:48","modified_gmt":"2019-12-26T15:10:48","slug":"rusiya-muxalifet-lideri-navalniy-saxlanmadigini-deyib","status":"publish","type":"post","link":"https:\/\/www.meydan.tv\/az\/article\/rusiya-muxalifet-lideri-navalniy-saxlanmadigini-deyib\/","title":{"rendered":"Rusiya m\u00fcxalif\u0259t lideri Navaln\u0131y saxlanmad\u0131\u011f\u0131n\u0131 deyib"},"content":{"rendered":"<p>\n  <i><br \/>\n    Polis m\u00fcxalif\u0259t\u00e7iy\u0259 m\u0259xsus binada axtar\u0131\u015f apar\u0131b<br \/>\n  <\/i>\n<\/p>\n<p>\n  Rusiyal\u0131 m\u00fcxalif\u00e7i Aleksey Navaln\u0131y Moskvada ona aid olan Anti-korrupsiya Fondunun (FBK) binas\u0131nda axtar\u0131\u015f aparan polis \u0259m\u0259kda\u015flar\u0131 t\u0259r\u0259find\u0259n ofisind\u0259n qovulub,- RFE\/RL x\u0259b\u0259r verir.\n<\/p>\n<p>\n  \u201c\u018fn son m\u0259lumat: he\u00e7 kim saxlan\u0131lmay\u0131b. Sad\u0259c\u0259 m\u0259ni ofisd\u0259n \u00e7\u0131xar\u0131blar\u201d,- dey\u0259 Navaln\u0131y dekabr\u0131n 26-da s\u00f6z\u00e7\u00fcs\u00fcn\u00fcn, Kremlinin t\u0259nqid\u00e7isinin zorla tutuldu\u011funu v\u0259 hadis\u0259 yerind\u0259n uzaqla\u015fd\u0131r\u0131ld\u0131\u011f\u0131n\u0131 s\u00f6yl\u0259dikd\u0259n az sonra \u201cTwitter\u201d hesab\u0131nda bildirib.\n<\/p>\n<p>\n  Navaln\u0131y polis \u0259m\u0259kda\u015flar\u0131n\u0131n ofis\u0259 girdiyi anlar\u0131 \u201cTwitter\u201d-d\u0259 canl\u0131 yay\u0131mlay\u0131b.\n<\/p>\n<p>\n  Kremlinin t\u0259nqid\u00e7isinin polis n\u0259zar\u0259tin\u0259 al\u0131nma s\u0259b\u0259bi b\u0259lli deyil.\n<\/p>\n<p>\n  Dekabr\u0131n 23-d\u0259 FBK-in layih\u0259 r\u0259hb\u0259ri m\u0259cburi h\u0259rbi xidm\u0259t\u0259 g\u00f6nd\u0259rilib.\n<\/p>\n<p>\n  23 ya\u015fl\u0131 Ruslan \u015eaveddinov Moskvada m\u0259nzilind\u0259 tutulub v\u0259 n\u0259tic\u0259d\u0259 \u015eimal Buzlu okeanda m\u00f6vcud olan uzaq hava h\u00fccumundan m\u00fcdafi\u0259 bazas\u0131nda xidm\u0259t etm\u0259k \u00fc\u00e7\u00fcn Novaya Zemlyaya g\u00f6nd\u0259rilib, &#8211; Navaln\u0131y dekabr\u0131n 24-d\u0259 m\u0259lumat \u0259ld\u0259 edib.\n<\/p>\n<p>\n  Prezident Vladimir Putinin hakimiyy\u0259tini t\u0259nqid ed\u0259n Navaln\u0131y Kremlinin r\u0259hb\u0259rini qrupun layih\u0259 r\u0259hb\u0259rini FBK-dan uzaqla\u015fd\u0131rmaqda g\u00fcnahland\u0131r\u0131b.\n<\/p>\n<p>\n  Rusiyada \u0259ks\u0259r ki\u015fi v\u0259t\u0259nda\u015flar \u00fc\u00e7\u00fcn h\u0259rbi xidm\u0259t m\u0259cburidir. Bel\u0259 ki, onlar 18 ya\u015f\u0131na \u00e7atd\u0131qdan sonra 28 ya\u015fa q\u0259d\u0259r bir il m\u00fcdd\u0259tin\u0259 h\u0259rbi xidm\u0259t\u0259 getm\u0259lidirl\u0259r.\n<\/p>\n<p>\n  Yeni \u00e7a\u011f\u0131r\u0131\u015f\u00e7\u0131lar tez-tez daha ya\u015fl\u0131 \u0259sg\u0259rl\u0259r t\u0259r\u0259find\u0259n v\u0259h\u015fic\u0259sin\u0259 t\u0259hqir edilirl\u0259r v\u0259 bu s\u0259b\u0259bd\u0259n bir \u00e7ox g\u0259nc \u0259sg\u0259r namiz\u0259d bu tip m\u0259cburi h\u0259rbi xidm\u0259td\u0259n yay\u0131nma\u011fa \u00e7al\u0131\u015f\u0131r.\n<\/p>\n<p>\n  Dekabr\u0131n 24-d\u0259 Moskva m\u0259hk\u0259m\u0259si FBK v\u0259kili Lyubov Sobolu ictimai t\u0259dbirl\u0259rin t\u0259\u015fkili qaydalar\u0131n\u0131 iki d\u0259f\u0259 pozdu\u011funa g\u00f6r\u0259 16 min AB\u015e dollar\u0131 h\u0259cmind\u0259 c\u0259rim\u0259 edib.\n<\/p>\n<p>\n  Son c\u0259za 10 v\u0259 31 avqust tarixl\u0259rind\u0259 Sobolun r\u0259hb\u0259rlik etdiyi azad b\u0259l\u0259diyy\u0259 se\u00e7kil\u0259rinin ke\u00e7irilm\u0259si il\u0259 ba\u011fl\u0131 m\u00fcxalif\u0259t mitinql\u0259rin\u0259 g\u00f6r\u0259 t\u0259tbiq edilib.\n<\/p>\n<p>\n  M\u00fcxalif\u0259tin mitinqi avqustun 10-da yerli hakimiyy\u0259t orqanlar\u0131n\u0131n icaz\u0259si il\u0259 ke\u00e7irilib. Mitinq Sobolun i\u015ftirak\u0131 olmadan ke\u00e7irilib, \u00e7\u00fcnki h\u0259min g\u00fcn FBK-n\u0131n ofisl\u0259rind\u0259 axtar\u0131\u015f apar\u0131l\u0131b.\n<\/p>\n<p>\n  RFE\/RL-in m\u0259lumat\u0131na g\u00f6r\u0259, Navaln\u0131y yaz\u0131b ki, FBK-da axtar\u0131\u015f Ba\u015f nazir Dmitry Medvedyev bar\u0259d\u0259 2017-ci ilin yaz\u0131nda \u00e7\u0131xm\u0131\u015f \u201cO, sizin \u00fc\u00e7\u00fcn Dimon deyil\u201d filmi il\u0259 ba\u011fl\u0131d\u0131r.\n<\/p>\n<p>\n  Filmd\u0259 iddia olunurdu ki, bir ne\u00e7\u0259 xeyriyy\u0259 t\u0259\u015fkilat\u0131 Rusiyan\u0131n z\u0259ngin biznesmenl\u0259rind\u0259n pul al\u0131r v\u0259 onlar\u0131 Medvedyevin maraqlar\u0131na uy\u011fun da\u015f\u0131nmaz \u0259mlaka x\u0259rcl\u0259yir. Ba\u015f nazirin m\u0259tbuat xidm\u0259ti is\u0259 hans\u0131sa \u0259mlaka ba\u011fl\u0131l\u0131\u011f\u0131n\u0131 r\u0259dd edib, Medvedyevi dostlar\u0131n\u0131n s\u00f6z\u00fcged\u0259n imar\u0259t\u0259 d\u0259v\u0259t etdiyini deyib. Ancaq h\u0259min filmd\u0259n sonra Rusiyada korrupsiyaya qar\u015f\u0131 \u201cO, bizim \u00fc\u00e7\u00fcn Dimon deyil\u201d deviziyl\u0259 mitinql\u0259r ke\u00e7irilib, &#8211; radio bildirir.<\/p>\n","protected":false},"excerpt":{"rendered":"<p>Dekabr\u0131n 23-d\u0259 FBK-in layih\u0259 r\u0259hb\u0259ri m\u0259cburi h\u0259rbi xidm\u0259t\u0259 g\u00f6nd\u0259rilib.<\/p>\n","protected":false},"author":11,"featured_media":121617,"comment_status":"closed","ping_status":"open","sticky":false,"template":"","format":"standard","meta":{"_acf_changed":false,"_sitemap_exclude":false,"_sitemap_priority":"","_sitemap_frequency":"","footnotes":""},"categories":[64],"tags":[],"class_list":["post-198540","post","type-post","status-publish","format-standard","has-post-thumbnail","hentry","category-dunya","infinite-scroll-item","generate-columns","tablet-grid-50","mobile-grid-100","grid-parent","grid-33","no-featured-image-padding"],"acf":[],"yoast_head":"<!-- This site is optimized with the Yoast SEO plugin v27.5 - https:\/\/yoast.com\/product\/yoast-seo-wordpress\/ -->\n<title>Rusiya m\u00fcxalif\u0259t lideri Navaln\u0131y saxlanmad\u0131\u011f\u0131n\u0131 deyib - MEYDAN.TV<\/title>\n<meta name=\"robots\" content=\"index, follow, max-snippet:-1, max-image-preview:large, max-video-preview:-1\" \/>\n<link rel=\"canonical\" href=\"https:\/\/www.meydan.tv\/az\/article\/rusiya-muxalifet-lideri-navalniy-saxlanmadigini-deyib\/\" \/>\n<meta property=\"og:locale\" content=\"az_AZ\" \/>\n<meta property=\"og:type\" content=\"article\" \/>\n<meta property=\"og:title\" content=\"Rusiya m\u00fcxalif\u0259t lideri Navaln\u0131y saxlanmad\u0131\u011f\u0131n\u0131 deyib - MEYDAN.TV\" \/>\n<meta property=\"og:description\" content=\"Dekabr\u0131n 23-d\u0259 FBK-in layih\u0259 r\u0259hb\u0259ri m\u0259cburi h\u0259rbi xidm\u0259t\u0259 g\u00f6nd\u0259rilib.\" \/>\n<meta property=\"og:url\" content=\"https:\/\/www.meydan.tv\/az\/article\/rusiya-muxalifet-lideri-navalniy-saxlanmadigini-deyib\/\" \/>\n<meta property=\"og:site_name\" content=\"MEYDAN.TV\" \/>\n<meta property=\"article:published_time\" content=\"2019-12-26T15:10:48+00:00\" \/>\n<meta property=\"og:image\" content=\"https:\/\/www.meydan.tv\/wp-content\/uploads\/ab68ef1c-acbe-411a-8977-d71ec49bcd68_cx0_cy3_cw0_w1023_r1_s.jpg\" \/>\n\t<meta property=\"og:image:width\" content=\"1023\" \/>\n\t<meta property=\"og:image:height\" content=\"575\" \/>\n\t<meta property=\"og:image:type\" content=\"image\/jpeg\" \/>\n<meta name=\"author\" content=\"user-manager\" \/>\n<meta name=\"twitter:card\" content=\"summary_large_image\" \/>\n<script type=\"application\/ld+json\" class=\"yoast-schema-graph\">{\"@context\":\"https:\\\/\\\/schema.org\",\"@graph\":[{\"@type\":\"Article\",\"@id\":\"https:\\\/\\\/www.meydan.tv\\\/az\\\/article\\\/rusiya-muxalifet-lideri-navalniy-saxlanmadigini-deyib\\\/#article\",\"isPartOf\":{\"@id\":\"https:\\\/\\\/www.meydan.tv\\\/az\\\/article\\\/rusiya-muxalifet-lideri-navalniy-saxlanmadigini-deyib\\\/\"},\"author\":{\"name\":\"user-manager\",\"@id\":\"https:\\\/\\\/www.meydan.tv\\\/az\\\/#\\\/schema\\\/person\\\/10d11eccf6da3662cf5fdab9806ea91a\"},\"headline\":\"Rusiya m\u00fcxalif\u0259t lideri Navaln\u0131y saxlanmad\u0131\u011f\u0131n\u0131 deyib\",\"datePublished\":\"2019-12-26T15:10:48+00:00\",\"mainEntityOfPage\":{\"@id\":\"https:\\\/\\\/www.meydan.tv\\\/az\\\/article\\\/rusiya-muxalifet-lideri-navalniy-saxlanmadigini-deyib\\\/\"},\"wordCount\":558,\"publisher\":{\"@id\":\"https:\\\/\\\/www.meydan.tv\\\/az\\\/#organization\"},\"image\":{\"@id\":\"https:\\\/\\\/www.meydan.tv\\\/az\\\/article\\\/rusiya-muxalifet-lideri-navalniy-saxlanmadigini-deyib\\\/#primaryimage\"},\"thumbnailUrl\":\"https:\\\/\\\/www.meydan.tv\\\/wp-content\\\/uploads\\\/ab68ef1c-acbe-411a-8977-d71ec49bcd68_cx0_cy3_cw0_w1023_r1_s.jpg\",\"articleSection\":[\"D\u00fcnya\"],\"inLanguage\":\"az\"},{\"@type\":\"WebPage\",\"@id\":\"https:\\\/\\\/www.meydan.tv\\\/az\\\/article\\\/rusiya-muxalifet-lideri-navalniy-saxlanmadigini-deyib\\\/\",\"url\":\"https:\\\/\\\/www.meydan.tv\\\/az\\\/article\\\/rusiya-muxalifet-lideri-navalniy-saxlanmadigini-deyib\\\/\",\"name\":\"Rusiya m\u00fcxalif\u0259t lideri Navaln\u0131y saxlanmad\u0131\u011f\u0131n\u0131 deyib - MEYDAN.TV\",\"isPartOf\":{\"@id\":\"https:\\\/\\\/www.meydan.tv\\\/az\\\/#website\"},\"primaryImageOfPage\":{\"@id\":\"https:\\\/\\\/www.meydan.tv\\\/az\\\/article\\\/rusiya-muxalifet-lideri-navalniy-saxlanmadigini-deyib\\\/#primaryimage\"},\"image\":{\"@id\":\"https:\\\/\\\/www.meydan.tv\\\/az\\\/article\\\/rusiya-muxalifet-lideri-navalniy-saxlanmadigini-deyib\\\/#primaryimage\"},\"thumbnailUrl\":\"https:\\\/\\\/www.meydan.tv\\\/wp-content\\\/uploads\\\/ab68ef1c-acbe-411a-8977-d71ec49bcd68_cx0_cy3_cw0_w1023_r1_s.jpg\",\"datePublished\":\"2019-12-26T15:10:48+00:00\",\"breadcrumb\":{\"@id\":\"https:\\\/\\\/www.meydan.tv\\\/az\\\/article\\\/rusiya-muxalifet-lideri-navalniy-saxlanmadigini-deyib\\\/#breadcrumb\"},\"inLanguage\":\"az\",\"potentialAction\":[{\"@type\":\"ReadAction\",\"target\":[\"https:\\\/\\\/www.meydan.tv\\\/az\\\/article\\\/rusiya-muxalifet-lideri-navalniy-saxlanmadigini-deyib\\\/\"]}]},{\"@type\":\"ImageObject\",\"inLanguage\":\"az\",\"@id\":\"https:\\\/\\\/www.meydan.tv\\\/az\\\/article\\\/rusiya-muxalifet-lideri-navalniy-saxlanmadigini-deyib\\\/#primaryimage\",\"url\":\"https:\\\/\\\/www.meydan.tv\\\/wp-content\\\/uploads\\\/ab68ef1c-acbe-411a-8977-d71ec49bcd68_cx0_cy3_cw0_w1023_r1_s.jpg\",\"contentUrl\":\"https:\\\/\\\/www.meydan.tv\\\/wp-content\\\/uploads\\\/ab68ef1c-acbe-411a-8977-d71ec49bcd68_cx0_cy3_cw0_w1023_r1_s.jpg\",\"width\":1023,\"height\":575,\"caption\":\"Source: google.az\"},{\"@type\":\"BreadcrumbList\",\"@id\":\"https:\\\/\\\/www.meydan.tv\\\/az\\\/article\\\/rusiya-muxalifet-lideri-navalniy-saxlanmadigini-deyib\\\/#breadcrumb\",\"itemListElement\":[{\"@type\":\"ListItem\",\"position\":1,\"name\":\"Ana s\u0259hif\u0259\",\"item\":\"https:\\\/\\\/www.meydan.tv\\\/az\\\/\"},{\"@type\":\"ListItem\",\"position\":2,\"name\":\"D\u00fcnya\",\"item\":\"https:\\\/\\\/www.meydan.tv\\\/az\\\/section\\\/dunya\\\/\"},{\"@type\":\"ListItem\",\"position\":3,\"name\":\"Rusiya m\u00fcxalif\u0259t lideri Navaln\u0131y saxlanmad\u0131\u011f\u0131n\u0131 deyib\"}]},{\"@type\":\"WebSite\",\"@id\":\"https:\\\/\\\/www.meydan.tv\\\/az\\\/#website\",\"url\":\"https:\\\/\\\/www.meydan.tv\\\/az\\\/\",\"name\":\"MEYDAN.TV\",\"description\":\"Meydan TV Az\u0259rbaycan\u0131n media m\u0259kan\u0131ndak\u0131 alternativ s\u0259sidir\",\"publisher\":{\"@id\":\"https:\\\/\\\/www.meydan.tv\\\/az\\\/#organization\"},\"potentialAction\":[{\"@type\":\"SearchAction\",\"target\":{\"@type\":\"EntryPoint\",\"urlTemplate\":\"https:\\\/\\\/www.meydan.tv\\\/az\\\/?s={search_term_string}\"},\"query-input\":{\"@type\":\"PropertyValueSpecification\",\"valueRequired\":true,\"valueName\":\"search_term_string\"}}],\"inLanguage\":\"az\"},{\"@type\":\"Organization\",\"@id\":\"https:\\\/\\\/www.meydan.tv\\\/az\\\/#organization\",\"name\":\"Meydan TV\",\"url\":\"https:\\\/\\\/www.meydan.tv\\\/az\\\/\",\"logo\":{\"@type\":\"ImageObject\",\"inLanguage\":\"az\",\"@id\":\"https:\\\/\\\/www.meydan.tv\\\/az\\\/#\\\/schema\\\/logo\\\/image\\\/\",\"url\":\"https:\\\/\\\/www.meydan.tv\\\/wp-content\\\/uploads\\\/2021\\\/07\\\/meydan-logo.svg\",\"contentUrl\":\"https:\\\/\\\/www.meydan.tv\\\/wp-content\\\/uploads\\\/2021\\\/07\\\/meydan-logo.svg\",\"width\":195,\"height\":46,\"caption\":\"Meydan TV\"},\"image\":{\"@id\":\"https:\\\/\\\/www.meydan.tv\\\/az\\\/#\\\/schema\\\/logo\\\/image\\\/\"}},{\"@type\":\"Person\",\"@id\":\"https:\\\/\\\/www.meydan.tv\\\/az\\\/#\\\/schema\\\/person\\\/10d11eccf6da3662cf5fdab9806ea91a\",\"name\":\"user-manager\"}]}<\/script>\n<!-- \/ Yoast SEO plugin. -->","yoast_head_json":{"title":"Rusiya m\u00fcxalif\u0259t lideri Navaln\u0131y saxlanmad\u0131\u011f\u0131n\u0131 deyib - MEYDAN.TV","robots":{"index":"index","follow":"follow","max-snippet":"max-snippet:-1","max-image-preview":"max-image-preview:large","max-video-preview":"max-video-preview:-1"},"canonical":"https:\/\/www.meydan.tv\/az\/article\/rusiya-muxalifet-lideri-navalniy-saxlanmadigini-deyib\/","og_locale":"az_AZ","og_type":"article","og_title":"Rusiya m\u00fcxalif\u0259t lideri Navaln\u0131y saxlanmad\u0131\u011f\u0131n\u0131 deyib - MEYDAN.TV","og_description":"Dekabr\u0131n 23-d\u0259 FBK-in layih\u0259 r\u0259hb\u0259ri m\u0259cburi h\u0259rbi xidm\u0259t\u0259 g\u00f6nd\u0259rilib.","og_url":"https:\/\/www.meydan.tv\/az\/article\/rusiya-muxalifet-lideri-navalniy-saxlanmadigini-deyib\/","og_site_name":"MEYDAN.TV","article_published_time":"2019-12-26T15:10:48+00:00","og_image":[{"width":1023,"height":575,"url":"https:\/\/www.meydan.tv\/wp-content\/uploads\/ab68ef1c-acbe-411a-8977-d71ec49bcd68_cx0_cy3_cw0_w1023_r1_s.jpg","type":"image\/jpeg"}],"author":"user-manager","twitter_card":"summary_large_image","schema":{"@context":"https:\/\/schema.org","@graph":[{"@type":"Article","@id":"https:\/\/www.meydan.tv\/az\/article\/rusiya-muxalifet-lideri-navalniy-saxlanmadigini-deyib\/#article","isPartOf":{"@id":"https:\/\/www.meydan.tv\/az\/article\/rusiya-muxalifet-lideri-navalniy-saxlanmadigini-deyib\/"},"author":{"name":"user-manager","@id":"https:\/\/www.meydan.tv\/az\/#\/schema\/person\/10d11eccf6da3662cf5fdab9806ea91a"},"headline":"Rusiya m\u00fcxalif\u0259t lideri Navaln\u0131y saxlanmad\u0131\u011f\u0131n\u0131 deyib","datePublished":"2019-12-26T15:10:48+00:00","mainEntityOfPage":{"@id":"https:\/\/www.meydan.tv\/az\/article\/rusiya-muxalifet-lideri-navalniy-saxlanmadigini-deyib\/"},"wordCount":558,"publisher":{"@id":"https:\/\/www.meydan.tv\/az\/#organization"},"image":{"@id":"https:\/\/www.meydan.tv\/az\/article\/rusiya-muxalifet-lideri-navalniy-saxlanmadigini-deyib\/#primaryimage"},"thumbnailUrl":"https:\/\/www.meydan.tv\/wp-content\/uploads\/ab68ef1c-acbe-411a-8977-d71ec49bcd68_cx0_cy3_cw0_w1023_r1_s.jpg","articleSection":["D\u00fcnya"],"inLanguage":"az"},{"@type":"WebPage","@id":"https:\/\/www.meydan.tv\/az\/article\/rusiya-muxalifet-lideri-navalniy-saxlanmadigini-deyib\/","url":"https:\/\/www.meydan.tv\/az\/article\/rusiya-muxalifet-lideri-navalniy-saxlanmadigini-deyib\/","name":"Rusiya m\u00fcxalif\u0259t lideri Navaln\u0131y saxlanmad\u0131\u011f\u0131n\u0131 deyib - MEYDAN.TV","isPartOf":{"@id":"https:\/\/www.meydan.tv\/az\/#website"},"primaryImageOfPage":{"@id":"https:\/\/www.meydan.tv\/az\/article\/rusiya-muxalifet-lideri-navalniy-saxlanmadigini-deyib\/#primaryimage"},"image":{"@id":"https:\/\/www.meydan.tv\/az\/article\/rusiya-muxalifet-lideri-navalniy-saxlanmadigini-deyib\/#primaryimage"},"thumbnailUrl":"https:\/\/www.meydan.tv\/wp-content\/uploads\/ab68ef1c-acbe-411a-8977-d71ec49bcd68_cx0_cy3_cw0_w1023_r1_s.jpg","datePublished":"2019-12-26T15:10:48+00:00","breadcrumb":{"@id":"https:\/\/www.meydan.tv\/az\/article\/rusiya-muxalifet-lideri-navalniy-saxlanmadigini-deyib\/#breadcrumb"},"inLanguage":"az","potentialAction":[{"@type":"ReadAction","target":["https:\/\/www.meydan.tv\/az\/article\/rusiya-muxalifet-lideri-navalniy-saxlanmadigini-deyib\/"]}]},{"@type":"ImageObject","inLanguage":"az","@id":"https:\/\/www.meydan.tv\/az\/article\/rusiya-muxalifet-lideri-navalniy-saxlanmadigini-deyib\/#primaryimage","url":"https:\/\/www.meydan.tv\/wp-content\/uploads\/ab68ef1c-acbe-411a-8977-d71ec49bcd68_cx0_cy3_cw0_w1023_r1_s.jpg","contentUrl":"https:\/\/www.meydan.tv\/wp-content\/uploads\/ab68ef1c-acbe-411a-8977-d71ec49bcd68_cx0_cy3_cw0_w1023_r1_s.jpg","width":1023,"height":575,"caption":"Source: google.az"},{"@type":"BreadcrumbList","@id":"https:\/\/www.meydan.tv\/az\/article\/rusiya-muxalifet-lideri-navalniy-saxlanmadigini-deyib\/#breadcrumb","itemListElement":[{"@type":"ListItem","position":1,"name":"Ana s\u0259hif\u0259","item":"https:\/\/www.meydan.tv\/az\/"},{"@type":"ListItem","position":2,"name":"D\u00fcnya","item":"https:\/\/www.meydan.tv\/az\/section\/dunya\/"},{"@type":"ListItem","position":3,"name":"Rusiya m\u00fcxalif\u0259t lideri Navaln\u0131y saxlanmad\u0131\u011f\u0131n\u0131 deyib"}]},{"@type":"WebSite","@id":"https:\/\/www.meydan.tv\/az\/#website","url":"https:\/\/www.meydan.tv\/az\/","name":"MEYDAN.TV","description":"Meydan TV Az\u0259rbaycan\u0131n media m\u0259kan\u0131ndak\u0131 alternativ s\u0259sidir","publisher":{"@id":"https:\/\/www.meydan.tv\/az\/#organization"},"potentialAction":[{"@type":"SearchAction","target":{"@type":"EntryPoint","urlTemplate":"https:\/\/www.meydan.tv\/az\/?s={search_term_string}"},"query-input":{"@type":"PropertyValueSpecification","valueRequired":true,"valueName":"search_term_string"}}],"inLanguage":"az"},{"@type":"Organization","@id":"https:\/\/www.meydan.tv\/az\/#organization","name":"Meydan TV","url":"https:\/\/www.meydan.tv\/az\/","logo":{"@type":"ImageObject","inLanguage":"az","@id":"https:\/\/www.meydan.tv\/az\/#\/schema\/logo\/image\/","url":"https:\/\/www.meydan.tv\/wp-content\/uploads\/2021\/07\/meydan-logo.svg","contentUrl":"https:\/\/www.meydan.tv\/wp-content\/uploads\/2021\/07\/meydan-logo.svg","width":195,"height":46,"caption":"Meydan TV"},"image":{"@id":"https:\/\/www.meydan.tv\/az\/#\/schema\/logo\/image\/"}},{"@type":"Person","@id":"https:\/\/www.meydan.tv\/az\/#\/schema\/person\/10d11eccf6da3662cf5fdab9806ea91a","name":"user-manager"}]}},"_links":{"self":[{"href":"https:\/\/www.meydan.tv\/az\/wp-json\/wp\/v2\/posts\/198540","targetHints":{"allow":["GET"]}}],"collection":[{"href":"https:\/\/www.meydan.tv\/az\/wp-json\/wp\/v2\/posts"}],"about":[{"href":"https:\/\/www.meydan.tv\/az\/wp-json\/wp\/v2\/types\/post"}],"author":[{"embeddable":true,"href":"https:\/\/www.meydan.tv\/az\/wp-json\/wp\/v2\/users\/11"}],"replies":[{"embeddable":true,"href":"https:\/\/www.meydan.tv\/az\/wp-json\/wp\/v2\/comments?post=198540"}],"version-history":[{"count":0,"href":"https:\/\/www.meydan.tv\/az\/wp-json\/wp\/v2\/posts\/198540\/revisions"}],"wp:featuredmedia":[{"embeddable":true,"href":"https:\/\/www.meydan.tv\/az\/wp-json\/wp\/v2\/media\/121617"}],"wp:attachment":[{"href":"https:\/\/www.meydan.tv\/az\/wp-json\/wp\/v2\/media?parent=198540"}],"wp:term":[{"taxonomy":"category","embeddable":true,"href":"https:\/\/www.meydan.tv\/az\/wp-json\/wp\/v2\/categories?post=198540"},{"taxonomy":"post_tag","embeddable":true,"href":"https:\/\/www.meydan.tv\/az\/wp-json\/wp\/v2\/tags?post=198540"}],"curies":[{"name":"wp","href":"https:\/\/api.w.org\/{rel}","templated":true}]}}