{"id":198528,"date":"2019-12-25T21:25:07","date_gmt":"2019-12-25T21:25:07","guid":{"rendered":"https:\/\/www.meydan.tv\/article\/islamcilarin-hucumunda-qadinlar-hedef-olub\/"},"modified":"2019-12-25T21:25:07","modified_gmt":"2019-12-25T21:25:07","slug":"islamcilarin-hucumunda-qadinlar-hedef-olub","status":"publish","type":"post","link":"https:\/\/www.meydan.tv\/az\/article\/islamcilarin-hucumunda-qadinlar-hedef-olub\/","title":{"rendered":"\u0130slam\u00e7\u0131lar\u0131n h\u00fccumunda qad\u0131nlar h\u0259d\u0259f olub"},"content":{"rendered":"<p>\n  <i><br \/>\n    Ba\u015f vermi\u015f h\u00fccum motosikletli onlarla d\u00f6y\u00fc\u015f\u00e7\u00fc t\u0259r\u0259find\u0259n h\u0259yata ke\u00e7irilib<br \/>\n  <\/i>\n<\/p>\n<p>\n  \u015e\u00fcbh\u0259li islam\u00e7\u0131 militanlar t\u0259r\u0259find\u0259n h\u0259rbi bazaya v\u0259 Burkina Fasoda yerl\u0259\u015f\u0259n bir \u015f\u0259h\u0259r\u0259 h\u00fccumda 31-i qad\u0131n olmaqla 35 m\u00fclki \u015f\u0259xs \u00f6ld\u00fcr\u00fcl\u00fcb, &#8211; r\u0259smil\u0259r bildirir.\n<\/p>\n<p>\n  BBC x\u0259b\u0259r verir ki, ordu \u00e7\u0259r\u015f\u0259nb\u0259 ax\u015fam\u0131 Soum vilay\u0259tinin \u015fimal\u0131nda yerl\u0259\u015f\u0259n Arbinda b\u00f6lg\u0259sin\u0259 edilmi\u015f h\u00fccumu d\u0259f ed\u0259rk\u0259n 7 \u0259sg\u0259r v\u0259 80 h\u0259rb\u00e7i \u00f6ld\u00fcr\u00fcl\u00fcb.\n<\/p>\n<p>\n  Prezident Roch Mark Christian Kabor\u00e9 iki g\u00fcnl\u00fck milli mat\u0259m elan edib.\n<\/p>\n<p>\n  Cihad\u00e7\u0131 qruplar son ill\u0259rd\u0259 Burkina Faso v\u0259 dig\u0259r Q\u0259rbi Afrika \u00f6lk\u0259l\u0259rind\u0259 h\u00fccumlar\u0131 art\u0131r\u0131b.\n<\/p>\n<p>\n  Q\u0259rbin regional h\u00f6kum\u0259tl\u0259r\u0259 \u00fcsyan\u00e7\u0131lara qar\u015f\u0131 m\u00fcbariz\u0259d\u0259 k\u00f6m\u0259k etm\u0259sin\u0259 baxmayaraq, islam\u00e7\u0131lar\u0131n h\u00fccumlar\u0131 davam edir. Noyabr ay\u0131nda Burkina Fasonun s\u0259rh\u0259di yax\u0131nl\u0131\u011f\u0131nda yerl\u0259\u015f\u0259n Malinin c\u0259nubunda apar\u0131lm\u0131\u015f \u0259m\u0259liyyat zaman\u0131 vertolyotun toqqu\u015fmas\u0131 ba\u015f verib v\u0259 n\u0259tic\u0259d\u0259 13 frans\u0131z \u0259sg\u0259ri \u00f6ld\u00fcr\u00fcl\u00fcb.\n<\/p>\n<p>\n  \u00d6t\u0259n h\u0259ft\u0259 sonu Fransa prezidenti Emmanuel Makron (Macron) Nigeriyaya s\u0259f\u0259r ed\u0259rk\u0259n Sahel b\u00f6lg\u0259sind\u0259 m\u0259skunla\u015fm\u0131\u015f silahl\u0131lara qar\u015f\u0131 m\u00fcbariz\u0259ni x\u00fcsusil\u0259 vur\u011fulay\u0131b.\n<\/p>\n<p>\n  \u201c\u00d6n\u00fcm\u00fczd\u0259ki h\u0259ft\u0259l\u0259r terrorizm\u0259 qar\u015f\u0131 m\u00fcbariz\u0259d\u0259 bizim \u00fc\u00e7\u00fcn \u00f6n\u0259mlidir\u201d,- o deyib.\n<\/p>\n<p>\n  \u00c7\u0259r\u015f\u0259nb\u0259 ax\u015fam\u0131 g\u00fcn\u00fc ba\u015f vermi\u015f h\u00fccum motosikletli onlarla d\u00f6y\u00fc\u015f\u00e7\u00fc t\u0259r\u0259find\u0259n h\u0259yata ke\u00e7irilib v\u0259 bir ne\u00e7\u0259 saat davam edib. \u0130ndiy\u0259 q\u0259d\u0259r he\u00e7 bir qrup bu h\u00fccumla ba\u011fl\u0131 m\u0259suliyy\u0259ti \u00f6z \u00fcz\u0259rin\u0259 g\u00f6t\u00fcrm\u0259yib. Lakin b\u00f6lg\u0259d\u0259 \u0259sas\u0259n \u018fl-Qaid\u0259 v\u0259 ya \u0130slam D\u00f6vl\u0259ti il\u0259 ba\u011fl\u0131l\u0131\u011f\u0131 olan qruplar aktivdir.\n<\/p>\n<p>\n  \u201cBu v\u0259h\u015fi h\u00fccum 35 m\u00fclki \u015f\u0259xsin, \u0259ks\u0259riyy\u0259ti qad\u0131nlar\u0131n \u00f6l\u00fcm\u00fcn\u0259 s\u0259b\u0259b olub\u201d,- prezident Kabore deyib. O, h\u0259m\u00e7inin h\u00fccum ed\u0259nl\u0259r\u0259 qar\u015f\u0131 m\u00fcbariz\u0259 aparan \u0259sg\u0259rl\u0259rin \u201cq\u0259hr\u0259manl\u0131\u011f\u0131n\u0131\u201d y\u00fcks\u0259k qiym\u0259tl\u0259ndirib.\n<\/p>\n<p>\n  Bu ay\u0131n \u0259vv\u0259lind\u0259 silahl\u0131lar \u00f6lk\u0259nin \u015f\u0259rqind\u0259 yerl\u0259\u015f\u0259n kils\u0259y\u0259 at\u0259\u015f a\u00e7araq \u0259n az\u0131 14 n\u0259f\u0259rin \u00f6l\u00fcm\u00fcn\u0259 s\u0259b\u0259b olublar.\n<\/p>\n<p>\n  \u018fsas\u0259n m\u00fcs\u0259lman \u00f6lk\u0259si olan Burkina Faso \u0259vv\u0259ll\u0259r nisb\u0259t\u0259n daha sabit olub, lakin 2015-ci ild\u0259n etibar\u0259n ciddi toqqu\u015fmalara ev sahibliyi edir.\n<\/p>\n<p>\n  Burkina Fasoya m\u00fcnaqi\u015f\u0259 qon\u015fu \u00f6lk\u0259 Malid\u0259n yay\u0131l\u0131r. 2012-ci ild\u0259 islam\u00e7\u0131lar Malinin \u015fimal\u0131n\u0131 \u0259l\u0259 ke\u00e7iribl\u0259r.<\/p>\n","protected":false},"excerpt":{"rendered":"<p>Noyabr ay\u0131nda Burkina Fasonun s\u0259rh\u0259di yax\u0131nl\u0131\u011f\u0131nda yerl\u0259\u015f\u0259n Malinin c\u0259nubunda apar\u0131lm\u0131\u015f \u0259m\u0259liyyat zaman\u0131 vertolyotun toqqu\u015fmas\u0131 ba\u015f verib v\u0259 n\u0259tic\u0259d\u0259 13 frans\u0131z \u0259sg\u0259ri \u00f6ld\u00fcr\u00fcl\u00fcb.<\/p>\n","protected":false},"author":11,"featured_media":135046,"comment_status":"closed","ping_status":"open","sticky":false,"template":"","format":"standard","meta":{"_acf_changed":false,"_sitemap_exclude":false,"_sitemap_priority":"","_sitemap_frequency":"","footnotes":""},"categories":[64],"tags":[],"class_list":["post-198528","post","type-post","status-publish","format-standard","has-post-thumbnail","hentry","category-dunya","infinite-scroll-item","generate-columns","tablet-grid-50","mobile-grid-100","grid-parent","grid-33","no-featured-image-padding"],"acf":[],"yoast_head":"<!-- This site is optimized with the Yoast SEO plugin v27.5 - https:\/\/yoast.com\/product\/yoast-seo-wordpress\/ -->\n<title>\u0130slam\u00e7\u0131lar\u0131n h\u00fccumunda qad\u0131nlar h\u0259d\u0259f olub - MEYDAN.TV<\/title>\n<meta name=\"robots\" content=\"index, follow, max-snippet:-1, max-image-preview:large, max-video-preview:-1\" \/>\n<link rel=\"canonical\" href=\"https:\/\/www.meydan.tv\/az\/article\/islamcilarin-hucumunda-qadinlar-hedef-olub\/\" \/>\n<meta property=\"og:locale\" content=\"az_AZ\" \/>\n<meta property=\"og:type\" content=\"article\" \/>\n<meta property=\"og:title\" content=\"\u0130slam\u00e7\u0131lar\u0131n h\u00fccumunda qad\u0131nlar h\u0259d\u0259f olub - MEYDAN.TV\" \/>\n<meta property=\"og:description\" content=\"Noyabr ay\u0131nda Burkina Fasonun s\u0259rh\u0259di yax\u0131nl\u0131\u011f\u0131nda yerl\u0259\u015f\u0259n Malinin c\u0259nubunda apar\u0131lm\u0131\u015f \u0259m\u0259liyyat zaman\u0131 vertolyotun toqqu\u015fmas\u0131 ba\u015f verib v\u0259 n\u0259tic\u0259d\u0259 13 frans\u0131z \u0259sg\u0259ri \u00f6ld\u00fcr\u00fcl\u00fcb.\" \/>\n<meta property=\"og:url\" content=\"https:\/\/www.meydan.tv\/az\/article\/islamcilarin-hucumunda-qadinlar-hedef-olub\/\" \/>\n<meta property=\"og:site_name\" content=\"MEYDAN.TV\" \/>\n<meta property=\"article:published_time\" content=\"2019-12-25T21:25:07+00:00\" \/>\n<meta property=\"og:image\" content=\"https:\/\/www.meydan.tv\/wp-content\/uploads\/burkina_faso_160115.jpg\" \/>\n\t<meta property=\"og:image:width\" content=\"847\" \/>\n\t<meta property=\"og:image:height\" content=\"480\" \/>\n\t<meta property=\"og:image:type\" content=\"image\/jpeg\" \/>\n<meta name=\"author\" content=\"user-manager\" \/>\n<meta name=\"twitter:card\" content=\"summary_large_image\" \/>\n<script type=\"application\/ld+json\" class=\"yoast-schema-graph\">{\"@context\":\"https:\\\/\\\/schema.org\",\"@graph\":[{\"@type\":\"Article\",\"@id\":\"https:\\\/\\\/www.meydan.tv\\\/az\\\/article\\\/islamcilarin-hucumunda-qadinlar-hedef-olub\\\/#article\",\"isPartOf\":{\"@id\":\"https:\\\/\\\/www.meydan.tv\\\/az\\\/article\\\/islamcilarin-hucumunda-qadinlar-hedef-olub\\\/\"},\"author\":{\"name\":\"user-manager\",\"@id\":\"https:\\\/\\\/www.meydan.tv\\\/az\\\/#\\\/schema\\\/person\\\/10d11eccf6da3662cf5fdab9806ea91a\"},\"headline\":\"\u0130slam\u00e7\u0131lar\u0131n h\u00fccumunda qad\u0131nlar h\u0259d\u0259f olub\",\"datePublished\":\"2019-12-25T21:25:07+00:00\",\"mainEntityOfPage\":{\"@id\":\"https:\\\/\\\/www.meydan.tv\\\/az\\\/article\\\/islamcilarin-hucumunda-qadinlar-hedef-olub\\\/\"},\"wordCount\":463,\"publisher\":{\"@id\":\"https:\\\/\\\/www.meydan.tv\\\/az\\\/#organization\"},\"image\":{\"@id\":\"https:\\\/\\\/www.meydan.tv\\\/az\\\/article\\\/islamcilarin-hucumunda-qadinlar-hedef-olub\\\/#primaryimage\"},\"thumbnailUrl\":\"https:\\\/\\\/www.meydan.tv\\\/wp-content\\\/uploads\\\/burkina_faso_160115.jpg\",\"articleSection\":[\"D\u00fcnya\"],\"inLanguage\":\"az\"},{\"@type\":\"WebPage\",\"@id\":\"https:\\\/\\\/www.meydan.tv\\\/az\\\/article\\\/islamcilarin-hucumunda-qadinlar-hedef-olub\\\/\",\"url\":\"https:\\\/\\\/www.meydan.tv\\\/az\\\/article\\\/islamcilarin-hucumunda-qadinlar-hedef-olub\\\/\",\"name\":\"\u0130slam\u00e7\u0131lar\u0131n h\u00fccumunda qad\u0131nlar h\u0259d\u0259f olub - MEYDAN.TV\",\"isPartOf\":{\"@id\":\"https:\\\/\\\/www.meydan.tv\\\/az\\\/#website\"},\"primaryImageOfPage\":{\"@id\":\"https:\\\/\\\/www.meydan.tv\\\/az\\\/article\\\/islamcilarin-hucumunda-qadinlar-hedef-olub\\\/#primaryimage\"},\"image\":{\"@id\":\"https:\\\/\\\/www.meydan.tv\\\/az\\\/article\\\/islamcilarin-hucumunda-qadinlar-hedef-olub\\\/#primaryimage\"},\"thumbnailUrl\":\"https:\\\/\\\/www.meydan.tv\\\/wp-content\\\/uploads\\\/burkina_faso_160115.jpg\",\"datePublished\":\"2019-12-25T21:25:07+00:00\",\"breadcrumb\":{\"@id\":\"https:\\\/\\\/www.meydan.tv\\\/az\\\/article\\\/islamcilarin-hucumunda-qadinlar-hedef-olub\\\/#breadcrumb\"},\"inLanguage\":\"az\",\"potentialAction\":[{\"@type\":\"ReadAction\",\"target\":[\"https:\\\/\\\/www.meydan.tv\\\/az\\\/article\\\/islamcilarin-hucumunda-qadinlar-hedef-olub\\\/\"]}]},{\"@type\":\"ImageObject\",\"inLanguage\":\"az\",\"@id\":\"https:\\\/\\\/www.meydan.tv\\\/az\\\/article\\\/islamcilarin-hucumunda-qadinlar-hedef-olub\\\/#primaryimage\",\"url\":\"https:\\\/\\\/www.meydan.tv\\\/wp-content\\\/uploads\\\/burkina_faso_160115.jpg\",\"contentUrl\":\"https:\\\/\\\/www.meydan.tv\\\/wp-content\\\/uploads\\\/burkina_faso_160115.jpg\",\"width\":847,\"height\":480,\"caption\":\"Source: Foto: arxiv\"},{\"@type\":\"BreadcrumbList\",\"@id\":\"https:\\\/\\\/www.meydan.tv\\\/az\\\/article\\\/islamcilarin-hucumunda-qadinlar-hedef-olub\\\/#breadcrumb\",\"itemListElement\":[{\"@type\":\"ListItem\",\"position\":1,\"name\":\"Ana s\u0259hif\u0259\",\"item\":\"https:\\\/\\\/www.meydan.tv\\\/az\\\/\"},{\"@type\":\"ListItem\",\"position\":2,\"name\":\"D\u00fcnya\",\"item\":\"https:\\\/\\\/www.meydan.tv\\\/az\\\/section\\\/dunya\\\/\"},{\"@type\":\"ListItem\",\"position\":3,\"name\":\"\u0130slam\u00e7\u0131lar\u0131n h\u00fccumunda qad\u0131nlar h\u0259d\u0259f olub\"}]},{\"@type\":\"WebSite\",\"@id\":\"https:\\\/\\\/www.meydan.tv\\\/az\\\/#website\",\"url\":\"https:\\\/\\\/www.meydan.tv\\\/az\\\/\",\"name\":\"MEYDAN.TV\",\"description\":\"Meydan TV Az\u0259rbaycan\u0131n media m\u0259kan\u0131ndak\u0131 alternativ s\u0259sidir\",\"publisher\":{\"@id\":\"https:\\\/\\\/www.meydan.tv\\\/az\\\/#organization\"},\"potentialAction\":[{\"@type\":\"SearchAction\",\"target\":{\"@type\":\"EntryPoint\",\"urlTemplate\":\"https:\\\/\\\/www.meydan.tv\\\/az\\\/?s={search_term_string}\"},\"query-input\":{\"@type\":\"PropertyValueSpecification\",\"valueRequired\":true,\"valueName\":\"search_term_string\"}}],\"inLanguage\":\"az\"},{\"@type\":\"Organization\",\"@id\":\"https:\\\/\\\/www.meydan.tv\\\/az\\\/#organization\",\"name\":\"Meydan TV\",\"url\":\"https:\\\/\\\/www.meydan.tv\\\/az\\\/\",\"logo\":{\"@type\":\"ImageObject\",\"inLanguage\":\"az\",\"@id\":\"https:\\\/\\\/www.meydan.tv\\\/az\\\/#\\\/schema\\\/logo\\\/image\\\/\",\"url\":\"https:\\\/\\\/www.meydan.tv\\\/wp-content\\\/uploads\\\/2021\\\/07\\\/meydan-logo.svg\",\"contentUrl\":\"https:\\\/\\\/www.meydan.tv\\\/wp-content\\\/uploads\\\/2021\\\/07\\\/meydan-logo.svg\",\"width\":195,\"height\":46,\"caption\":\"Meydan TV\"},\"image\":{\"@id\":\"https:\\\/\\\/www.meydan.tv\\\/az\\\/#\\\/schema\\\/logo\\\/image\\\/\"}},{\"@type\":\"Person\",\"@id\":\"https:\\\/\\\/www.meydan.tv\\\/az\\\/#\\\/schema\\\/person\\\/10d11eccf6da3662cf5fdab9806ea91a\",\"name\":\"user-manager\"}]}<\/script>\n<!-- \/ Yoast SEO plugin. -->","yoast_head_json":{"title":"\u0130slam\u00e7\u0131lar\u0131n h\u00fccumunda qad\u0131nlar h\u0259d\u0259f olub - MEYDAN.TV","robots":{"index":"index","follow":"follow","max-snippet":"max-snippet:-1","max-image-preview":"max-image-preview:large","max-video-preview":"max-video-preview:-1"},"canonical":"https:\/\/www.meydan.tv\/az\/article\/islamcilarin-hucumunda-qadinlar-hedef-olub\/","og_locale":"az_AZ","og_type":"article","og_title":"\u0130slam\u00e7\u0131lar\u0131n h\u00fccumunda qad\u0131nlar h\u0259d\u0259f olub - MEYDAN.TV","og_description":"Noyabr ay\u0131nda Burkina Fasonun s\u0259rh\u0259di yax\u0131nl\u0131\u011f\u0131nda yerl\u0259\u015f\u0259n Malinin c\u0259nubunda apar\u0131lm\u0131\u015f \u0259m\u0259liyyat zaman\u0131 vertolyotun toqqu\u015fmas\u0131 ba\u015f verib v\u0259 n\u0259tic\u0259d\u0259 13 frans\u0131z \u0259sg\u0259ri \u00f6ld\u00fcr\u00fcl\u00fcb.","og_url":"https:\/\/www.meydan.tv\/az\/article\/islamcilarin-hucumunda-qadinlar-hedef-olub\/","og_site_name":"MEYDAN.TV","article_published_time":"2019-12-25T21:25:07+00:00","og_image":[{"width":847,"height":480,"url":"https:\/\/www.meydan.tv\/wp-content\/uploads\/burkina_faso_160115.jpg","type":"image\/jpeg"}],"author":"user-manager","twitter_card":"summary_large_image","schema":{"@context":"https:\/\/schema.org","@graph":[{"@type":"Article","@id":"https:\/\/www.meydan.tv\/az\/article\/islamcilarin-hucumunda-qadinlar-hedef-olub\/#article","isPartOf":{"@id":"https:\/\/www.meydan.tv\/az\/article\/islamcilarin-hucumunda-qadinlar-hedef-olub\/"},"author":{"name":"user-manager","@id":"https:\/\/www.meydan.tv\/az\/#\/schema\/person\/10d11eccf6da3662cf5fdab9806ea91a"},"headline":"\u0130slam\u00e7\u0131lar\u0131n h\u00fccumunda qad\u0131nlar h\u0259d\u0259f olub","datePublished":"2019-12-25T21:25:07+00:00","mainEntityOfPage":{"@id":"https:\/\/www.meydan.tv\/az\/article\/islamcilarin-hucumunda-qadinlar-hedef-olub\/"},"wordCount":463,"publisher":{"@id":"https:\/\/www.meydan.tv\/az\/#organization"},"image":{"@id":"https:\/\/www.meydan.tv\/az\/article\/islamcilarin-hucumunda-qadinlar-hedef-olub\/#primaryimage"},"thumbnailUrl":"https:\/\/www.meydan.tv\/wp-content\/uploads\/burkina_faso_160115.jpg","articleSection":["D\u00fcnya"],"inLanguage":"az"},{"@type":"WebPage","@id":"https:\/\/www.meydan.tv\/az\/article\/islamcilarin-hucumunda-qadinlar-hedef-olub\/","url":"https:\/\/www.meydan.tv\/az\/article\/islamcilarin-hucumunda-qadinlar-hedef-olub\/","name":"\u0130slam\u00e7\u0131lar\u0131n h\u00fccumunda qad\u0131nlar h\u0259d\u0259f olub - MEYDAN.TV","isPartOf":{"@id":"https:\/\/www.meydan.tv\/az\/#website"},"primaryImageOfPage":{"@id":"https:\/\/www.meydan.tv\/az\/article\/islamcilarin-hucumunda-qadinlar-hedef-olub\/#primaryimage"},"image":{"@id":"https:\/\/www.meydan.tv\/az\/article\/islamcilarin-hucumunda-qadinlar-hedef-olub\/#primaryimage"},"thumbnailUrl":"https:\/\/www.meydan.tv\/wp-content\/uploads\/burkina_faso_160115.jpg","datePublished":"2019-12-25T21:25:07+00:00","breadcrumb":{"@id":"https:\/\/www.meydan.tv\/az\/article\/islamcilarin-hucumunda-qadinlar-hedef-olub\/#breadcrumb"},"inLanguage":"az","potentialAction":[{"@type":"ReadAction","target":["https:\/\/www.meydan.tv\/az\/article\/islamcilarin-hucumunda-qadinlar-hedef-olub\/"]}]},{"@type":"ImageObject","inLanguage":"az","@id":"https:\/\/www.meydan.tv\/az\/article\/islamcilarin-hucumunda-qadinlar-hedef-olub\/#primaryimage","url":"https:\/\/www.meydan.tv\/wp-content\/uploads\/burkina_faso_160115.jpg","contentUrl":"https:\/\/www.meydan.tv\/wp-content\/uploads\/burkina_faso_160115.jpg","width":847,"height":480,"caption":"Source: Foto: arxiv"},{"@type":"BreadcrumbList","@id":"https:\/\/www.meydan.tv\/az\/article\/islamcilarin-hucumunda-qadinlar-hedef-olub\/#breadcrumb","itemListElement":[{"@type":"ListItem","position":1,"name":"Ana s\u0259hif\u0259","item":"https:\/\/www.meydan.tv\/az\/"},{"@type":"ListItem","position":2,"name":"D\u00fcnya","item":"https:\/\/www.meydan.tv\/az\/section\/dunya\/"},{"@type":"ListItem","position":3,"name":"\u0130slam\u00e7\u0131lar\u0131n h\u00fccumunda qad\u0131nlar h\u0259d\u0259f olub"}]},{"@type":"WebSite","@id":"https:\/\/www.meydan.tv\/az\/#website","url":"https:\/\/www.meydan.tv\/az\/","name":"MEYDAN.TV","description":"Meydan TV Az\u0259rbaycan\u0131n media m\u0259kan\u0131ndak\u0131 alternativ s\u0259sidir","publisher":{"@id":"https:\/\/www.meydan.tv\/az\/#organization"},"potentialAction":[{"@type":"SearchAction","target":{"@type":"EntryPoint","urlTemplate":"https:\/\/www.meydan.tv\/az\/?s={search_term_string}"},"query-input":{"@type":"PropertyValueSpecification","valueRequired":true,"valueName":"search_term_string"}}],"inLanguage":"az"},{"@type":"Organization","@id":"https:\/\/www.meydan.tv\/az\/#organization","name":"Meydan TV","url":"https:\/\/www.meydan.tv\/az\/","logo":{"@type":"ImageObject","inLanguage":"az","@id":"https:\/\/www.meydan.tv\/az\/#\/schema\/logo\/image\/","url":"https:\/\/www.meydan.tv\/wp-content\/uploads\/2021\/07\/meydan-logo.svg","contentUrl":"https:\/\/www.meydan.tv\/wp-content\/uploads\/2021\/07\/meydan-logo.svg","width":195,"height":46,"caption":"Meydan TV"},"image":{"@id":"https:\/\/www.meydan.tv\/az\/#\/schema\/logo\/image\/"}},{"@type":"Person","@id":"https:\/\/www.meydan.tv\/az\/#\/schema\/person\/10d11eccf6da3662cf5fdab9806ea91a","name":"user-manager"}]}},"_links":{"self":[{"href":"https:\/\/www.meydan.tv\/az\/wp-json\/wp\/v2\/posts\/198528","targetHints":{"allow":["GET"]}}],"collection":[{"href":"https:\/\/www.meydan.tv\/az\/wp-json\/wp\/v2\/posts"}],"about":[{"href":"https:\/\/www.meydan.tv\/az\/wp-json\/wp\/v2\/types\/post"}],"author":[{"embeddable":true,"href":"https:\/\/www.meydan.tv\/az\/wp-json\/wp\/v2\/users\/11"}],"replies":[{"embeddable":true,"href":"https:\/\/www.meydan.tv\/az\/wp-json\/wp\/v2\/comments?post=198528"}],"version-history":[{"count":0,"href":"https:\/\/www.meydan.tv\/az\/wp-json\/wp\/v2\/posts\/198528\/revisions"}],"wp:featuredmedia":[{"embeddable":true,"href":"https:\/\/www.meydan.tv\/az\/wp-json\/wp\/v2\/media\/135046"}],"wp:attachment":[{"href":"https:\/\/www.meydan.tv\/az\/wp-json\/wp\/v2\/media?parent=198528"}],"wp:term":[{"taxonomy":"category","embeddable":true,"href":"https:\/\/www.meydan.tv\/az\/wp-json\/wp\/v2\/categories?post=198528"},{"taxonomy":"post_tag","embeddable":true,"href":"https:\/\/www.meydan.tv\/az\/wp-json\/wp\/v2\/tags?post=198528"}],"curies":[{"name":"wp","href":"https:\/\/api.w.org\/{rel}","templated":true}]}}