{"id":198527,"date":"2019-12-25T21:17:53","date_gmt":"2019-12-25T21:17:53","guid":{"rendered":"https:\/\/www.meydan.tv\/article\/milad-gunu-honq-konqda-qarsidurmalara-son-qoymayib\/"},"modified":"2019-12-25T21:17:53","modified_gmt":"2019-12-25T21:17:53","slug":"milad-gunu-honq-konqda-qarsidurmalara-son-qoymayib","status":"publish","type":"post","link":"https:\/\/www.meydan.tv\/az\/article\/milad-gunu-honq-konqda-qarsidurmalara-son-qoymayib\/","title":{"rendered":"Milad g\u00fcn\u00fc Honq Konqda qar\u015f\u0131durmalara son qoymay\u0131b"},"content":{"rendered":"<p>\n  <i><br \/>\n    Polis g\u00f6zya\u015fard\u0131c\u0131 v\u0259 bib\u0259r qaz\u0131ndan istifad\u0259 ed\u0259r\u0259k, onlar\u0131 da\u011f\u0131tma\u011fa \u00e7al\u0131\u015f\u0131b<br \/>\n  <\/i>\n<\/p>\n<p>\n  Honq Konqda Milad g\u00fcn\u00fc polis v\u0259 demokratiya t\u0259r\u0259fdarlar\u0131 aras\u0131nda ba\u015f ver\u0259n toqqu\u015fmalars\u0131z \u00f6t\u00fc\u015fm\u0259yib, &#8211; BBC x\u0259b\u0259r verir.\n<\/p>\n<p>\n  Al\u0131\u015f-veri\u015f b\u00f6lg\u0259l\u0259rind\u0259 n\u00fcmayi\u015f\u00e7il\u0259r yenid\u0259n topland\u0131\u011f\u0131 \u00fc\u00e7\u00fcn polis g\u00f6zya\u015fard\u0131c\u0131 v\u0259 bib\u0259r qaz\u0131ndan istifad\u0259 ed\u0259r\u0259k, onlar\u0131 da\u011f\u0131tma\u011fa \u00e7al\u0131\u015f\u0131b.\n<\/p>\n<p>\n  Son etirazlar Milad \u0259r\u0259f\u0259sind\u0259 ba\u015flay\u0131b. Polisin yanacaql\u0131 bomba atan aktivistl\u0259rl\u0259 qar\u015f\u0131durmas\u0131 m\u00fc\u015fahid\u0259 edilib.\n<\/p>\n<p>\n  Honq Konq lideri Carrie Lam deyib ki, bir \u00e7ox sakin v\u0259 turistin Milad \u015f\u0259nlikl\u0259ri \u201cbir qrup ehtiyats\u0131z v\u0259 eqoist i\u011fti\u015fa\u015f\u00e7\u0131lar t\u0259r\u0259find\u0259n m\u0259hv edilib\u201d.\n<\/p>\n<p>\n  \u201cBu c\u00fcr qanunsuz h\u0259r\u0259k\u0259tl\u0259r yaln\u0131z bayram \u0259hval-ruhiyy\u0259sini sars\u0131tmay\u0131b, h\u0259m d\u0259 yerli m\u00fc\u0259ssis\u0259l\u0259r\u0259 m\u0259nfi t\u0259sir g\u00f6st\u0259rib\u201d,- o vur\u011fulay\u0131b.\n<\/p>\n<p>\n  Etirazlar iyun ay\u0131nda \u015f\u00fcbh\u0259lil\u0259rin \u00c7in\u0259 t\u0259hvil verilm\u0259sin\u0259 imkan ver\u0259c\u0259k qanun layih\u0259sin\u0259 qar\u015f\u0131 ba\u015flay\u0131b.\n<\/p>\n<p>\n  Daha sonra qanun layih\u0259si geri g\u00f6t\u00fcr\u00fcl\u00fcb, lakin n\u00fcmayi\u015fl\u0259r o vaxtdan etibar\u0259n polis v\u0259h\u015filiyini v\u0259 demokratik islahatlar\u0131 ara\u015fd\u0131rma\u011f\u0131 t\u0259l\u0259b ed\u0259n daha geni\u015f bir h\u0259r\u0259kata \u00e7evrilib.\n<\/p>\n<p>\n  Son h\u0259ft\u0259l\u0259rd\u0259 xeyli dinc ke\u00e7\u0259n etiraz aksiyalar\u0131 bayram m\u00f6vs\u00fcm\u00fcnd\u0259 qar\u015f\u0131durmaya \u00e7evrilib.\n<\/p>\n<p>\n  \u00c7\u0259r\u015f\u0259nb\u0259 g\u00fcn\u00fc y\u00fczl\u0259rl\u0259 f\u0259al al\u0131\u015f-veri\u015f m\u0259rk\u0259zl\u0259rind\u0259 \u201cHonq Konqu azad edin! D\u00f6vr\u00fcm\u00fcz\u00fcn inqilab\u0131!\u201d kimi \u015f\u00fcarlar s\u0259sl\u0259ndiribl\u0259r. Polis bib\u0259r qaz\u0131 istifad\u0259 edib, bir ne\u00e7\u0259 n\u0259f\u0259r h\u0259bs edilib.\n<\/p>\n<p>\n  Honq Konq 1997-ci il\u0259 q\u0259d\u0259r ingilis m\u00fcst\u0259ml\u0259k\u0259si olub, bundan sonra o, \u00c7in\u0259 \u201cbir \u00f6lk\u0259, iki sistem\u201d t\u0259nziml\u0259m\u0259si il\u0259 geri qaytar\u0131l\u0131b.\n<\/p>\n<p>\n  Raz\u0131la\u015fmaya g\u00f6r\u0259 Honq Konq \u00c7ind\u0259n y\u00fcks\u0259k muxtariyy\u0259t\u0259 sahib olmal\u0131d\u0131r. Sakinl\u0259r \u00c7inin \u0259sas \u0259razisind\u0259 m\u0259skunla\u015fanlara nisb\u0259t\u0259n daha \u00e7ox azadl\u0131qlara sahibdirl\u0259r.<\/p>\n","protected":false},"excerpt":{"rendered":"<p>Honq Konq lideri Carrie Lam deyib ki, bir \u00e7ox sakin v\u0259 turistin Milad \u015f\u0259nlikl\u0259ri \u201cbir qrup ehtiyats\u0131z v\u0259 eqoist i\u011fti\u015fa\u015f\u00e7\u0131lar t\u0259r\u0259find\u0259n m\u0259hv edilib\u201d.<\/p>\n","protected":false},"author":11,"featured_media":135043,"comment_status":"closed","ping_status":"open","sticky":false,"template":"","format":"standard","meta":{"_acf_changed":false,"_sitemap_exclude":false,"_sitemap_priority":"","_sitemap_frequency":"","footnotes":""},"categories":[64],"tags":[],"class_list":["post-198527","post","type-post","status-publish","format-standard","has-post-thumbnail","hentry","category-dunya","infinite-scroll-item","generate-columns","tablet-grid-50","mobile-grid-100","grid-parent","grid-33","no-featured-image-padding"],"acf":[],"yoast_head":"<!-- This site is optimized with the Yoast SEO plugin v27.5 - https:\/\/yoast.com\/product\/yoast-seo-wordpress\/ -->\n<title>Milad g\u00fcn\u00fc Honq Konqda qar\u015f\u0131durmalara son qoymay\u0131b - MEYDAN.TV<\/title>\n<meta name=\"robots\" content=\"index, follow, max-snippet:-1, max-image-preview:large, max-video-preview:-1\" \/>\n<link rel=\"canonical\" href=\"https:\/\/www.meydan.tv\/az\/article\/milad-gunu-honq-konqda-qarsidurmalara-son-qoymayib\/\" \/>\n<meta property=\"og:locale\" content=\"az_AZ\" \/>\n<meta property=\"og:type\" content=\"article\" \/>\n<meta property=\"og:title\" content=\"Milad g\u00fcn\u00fc Honq Konqda qar\u015f\u0131durmalara son qoymay\u0131b - MEYDAN.TV\" \/>\n<meta property=\"og:description\" content=\"Honq Konq lideri Carrie Lam deyib ki, bir \u00e7ox sakin v\u0259 turistin Milad \u015f\u0259nlikl\u0259ri \u201cbir qrup ehtiyats\u0131z v\u0259 eqoist i\u011fti\u015fa\u015f\u00e7\u0131lar t\u0259r\u0259find\u0259n m\u0259hv edilib\u201d.\" \/>\n<meta property=\"og:url\" content=\"https:\/\/www.meydan.tv\/az\/article\/milad-gunu-honq-konqda-qarsidurmalara-son-qoymayib\/\" \/>\n<meta property=\"og:site_name\" content=\"MEYDAN.TV\" \/>\n<meta property=\"article:published_time\" content=\"2019-12-25T21:17:53+00:00\" \/>\n<meta property=\"og:image\" content=\"https:\/\/www.meydan.tv\/wp-content\/uploads\/thumbs_b_c_697053b751ff9e8199580f248058560d.jpg\" \/>\n\t<meta property=\"og:image:width\" content=\"864\" \/>\n\t<meta property=\"og:image:height\" content=\"486\" \/>\n\t<meta property=\"og:image:type\" content=\"image\/jpeg\" \/>\n<meta name=\"author\" content=\"user-manager\" \/>\n<meta name=\"twitter:card\" content=\"summary_large_image\" \/>\n<script type=\"application\/ld+json\" class=\"yoast-schema-graph\">{\"@context\":\"https:\\\/\\\/schema.org\",\"@graph\":[{\"@type\":\"Article\",\"@id\":\"https:\\\/\\\/www.meydan.tv\\\/az\\\/article\\\/milad-gunu-honq-konqda-qarsidurmalara-son-qoymayib\\\/#article\",\"isPartOf\":{\"@id\":\"https:\\\/\\\/www.meydan.tv\\\/az\\\/article\\\/milad-gunu-honq-konqda-qarsidurmalara-son-qoymayib\\\/\"},\"author\":{\"name\":\"user-manager\",\"@id\":\"https:\\\/\\\/www.meydan.tv\\\/az\\\/#\\\/schema\\\/person\\\/10d11eccf6da3662cf5fdab9806ea91a\"},\"headline\":\"Milad g\u00fcn\u00fc Honq Konqda qar\u015f\u0131durmalara son qoymay\u0131b\",\"datePublished\":\"2019-12-25T21:17:53+00:00\",\"mainEntityOfPage\":{\"@id\":\"https:\\\/\\\/www.meydan.tv\\\/az\\\/article\\\/milad-gunu-honq-konqda-qarsidurmalara-son-qoymayib\\\/\"},\"wordCount\":376,\"publisher\":{\"@id\":\"https:\\\/\\\/www.meydan.tv\\\/az\\\/#organization\"},\"image\":{\"@id\":\"https:\\\/\\\/www.meydan.tv\\\/az\\\/article\\\/milad-gunu-honq-konqda-qarsidurmalara-son-qoymayib\\\/#primaryimage\"},\"thumbnailUrl\":\"https:\\\/\\\/www.meydan.tv\\\/wp-content\\\/uploads\\\/thumbs_b_c_697053b751ff9e8199580f248058560d.jpg\",\"articleSection\":[\"D\u00fcnya\"],\"inLanguage\":\"az\"},{\"@type\":\"WebPage\",\"@id\":\"https:\\\/\\\/www.meydan.tv\\\/az\\\/article\\\/milad-gunu-honq-konqda-qarsidurmalara-son-qoymayib\\\/\",\"url\":\"https:\\\/\\\/www.meydan.tv\\\/az\\\/article\\\/milad-gunu-honq-konqda-qarsidurmalara-son-qoymayib\\\/\",\"name\":\"Milad g\u00fcn\u00fc Honq Konqda qar\u015f\u0131durmalara son qoymay\u0131b - MEYDAN.TV\",\"isPartOf\":{\"@id\":\"https:\\\/\\\/www.meydan.tv\\\/az\\\/#website\"},\"primaryImageOfPage\":{\"@id\":\"https:\\\/\\\/www.meydan.tv\\\/az\\\/article\\\/milad-gunu-honq-konqda-qarsidurmalara-son-qoymayib\\\/#primaryimage\"},\"image\":{\"@id\":\"https:\\\/\\\/www.meydan.tv\\\/az\\\/article\\\/milad-gunu-honq-konqda-qarsidurmalara-son-qoymayib\\\/#primaryimage\"},\"thumbnailUrl\":\"https:\\\/\\\/www.meydan.tv\\\/wp-content\\\/uploads\\\/thumbs_b_c_697053b751ff9e8199580f248058560d.jpg\",\"datePublished\":\"2019-12-25T21:17:53+00:00\",\"breadcrumb\":{\"@id\":\"https:\\\/\\\/www.meydan.tv\\\/az\\\/article\\\/milad-gunu-honq-konqda-qarsidurmalara-son-qoymayib\\\/#breadcrumb\"},\"inLanguage\":\"az\",\"potentialAction\":[{\"@type\":\"ReadAction\",\"target\":[\"https:\\\/\\\/www.meydan.tv\\\/az\\\/article\\\/milad-gunu-honq-konqda-qarsidurmalara-son-qoymayib\\\/\"]}]},{\"@type\":\"ImageObject\",\"inLanguage\":\"az\",\"@id\":\"https:\\\/\\\/www.meydan.tv\\\/az\\\/article\\\/milad-gunu-honq-konqda-qarsidurmalara-son-qoymayib\\\/#primaryimage\",\"url\":\"https:\\\/\\\/www.meydan.tv\\\/wp-content\\\/uploads\\\/thumbs_b_c_697053b751ff9e8199580f248058560d.jpg\",\"contentUrl\":\"https:\\\/\\\/www.meydan.tv\\\/wp-content\\\/uploads\\\/thumbs_b_c_697053b751ff9e8199580f248058560d.jpg\",\"width\":864,\"height\":486,\"caption\":\"Source: Foto: arxiv\"},{\"@type\":\"BreadcrumbList\",\"@id\":\"https:\\\/\\\/www.meydan.tv\\\/az\\\/article\\\/milad-gunu-honq-konqda-qarsidurmalara-son-qoymayib\\\/#breadcrumb\",\"itemListElement\":[{\"@type\":\"ListItem\",\"position\":1,\"name\":\"Ana s\u0259hif\u0259\",\"item\":\"https:\\\/\\\/www.meydan.tv\\\/az\\\/\"},{\"@type\":\"ListItem\",\"position\":2,\"name\":\"D\u00fcnya\",\"item\":\"https:\\\/\\\/www.meydan.tv\\\/az\\\/section\\\/dunya\\\/\"},{\"@type\":\"ListItem\",\"position\":3,\"name\":\"Milad g\u00fcn\u00fc Honq Konqda qar\u015f\u0131durmalara son qoymay\u0131b\"}]},{\"@type\":\"WebSite\",\"@id\":\"https:\\\/\\\/www.meydan.tv\\\/az\\\/#website\",\"url\":\"https:\\\/\\\/www.meydan.tv\\\/az\\\/\",\"name\":\"MEYDAN.TV\",\"description\":\"Meydan TV Az\u0259rbaycan\u0131n media m\u0259kan\u0131ndak\u0131 alternativ s\u0259sidir\",\"publisher\":{\"@id\":\"https:\\\/\\\/www.meydan.tv\\\/az\\\/#organization\"},\"potentialAction\":[{\"@type\":\"SearchAction\",\"target\":{\"@type\":\"EntryPoint\",\"urlTemplate\":\"https:\\\/\\\/www.meydan.tv\\\/az\\\/?s={search_term_string}\"},\"query-input\":{\"@type\":\"PropertyValueSpecification\",\"valueRequired\":true,\"valueName\":\"search_term_string\"}}],\"inLanguage\":\"az\"},{\"@type\":\"Organization\",\"@id\":\"https:\\\/\\\/www.meydan.tv\\\/az\\\/#organization\",\"name\":\"Meydan TV\",\"url\":\"https:\\\/\\\/www.meydan.tv\\\/az\\\/\",\"logo\":{\"@type\":\"ImageObject\",\"inLanguage\":\"az\",\"@id\":\"https:\\\/\\\/www.meydan.tv\\\/az\\\/#\\\/schema\\\/logo\\\/image\\\/\",\"url\":\"https:\\\/\\\/www.meydan.tv\\\/wp-content\\\/uploads\\\/2021\\\/07\\\/meydan-logo.svg\",\"contentUrl\":\"https:\\\/\\\/www.meydan.tv\\\/wp-content\\\/uploads\\\/2021\\\/07\\\/meydan-logo.svg\",\"width\":195,\"height\":46,\"caption\":\"Meydan TV\"},\"image\":{\"@id\":\"https:\\\/\\\/www.meydan.tv\\\/az\\\/#\\\/schema\\\/logo\\\/image\\\/\"}},{\"@type\":\"Person\",\"@id\":\"https:\\\/\\\/www.meydan.tv\\\/az\\\/#\\\/schema\\\/person\\\/10d11eccf6da3662cf5fdab9806ea91a\",\"name\":\"user-manager\"}]}<\/script>\n<!-- \/ Yoast SEO plugin. -->","yoast_head_json":{"title":"Milad g\u00fcn\u00fc Honq Konqda qar\u015f\u0131durmalara son qoymay\u0131b - MEYDAN.TV","robots":{"index":"index","follow":"follow","max-snippet":"max-snippet:-1","max-image-preview":"max-image-preview:large","max-video-preview":"max-video-preview:-1"},"canonical":"https:\/\/www.meydan.tv\/az\/article\/milad-gunu-honq-konqda-qarsidurmalara-son-qoymayib\/","og_locale":"az_AZ","og_type":"article","og_title":"Milad g\u00fcn\u00fc Honq Konqda qar\u015f\u0131durmalara son qoymay\u0131b - MEYDAN.TV","og_description":"Honq Konq lideri Carrie Lam deyib ki, bir \u00e7ox sakin v\u0259 turistin Milad \u015f\u0259nlikl\u0259ri \u201cbir qrup ehtiyats\u0131z v\u0259 eqoist i\u011fti\u015fa\u015f\u00e7\u0131lar t\u0259r\u0259find\u0259n m\u0259hv edilib\u201d.","og_url":"https:\/\/www.meydan.tv\/az\/article\/milad-gunu-honq-konqda-qarsidurmalara-son-qoymayib\/","og_site_name":"MEYDAN.TV","article_published_time":"2019-12-25T21:17:53+00:00","og_image":[{"width":864,"height":486,"url":"https:\/\/www.meydan.tv\/wp-content\/uploads\/thumbs_b_c_697053b751ff9e8199580f248058560d.jpg","type":"image\/jpeg"}],"author":"user-manager","twitter_card":"summary_large_image","schema":{"@context":"https:\/\/schema.org","@graph":[{"@type":"Article","@id":"https:\/\/www.meydan.tv\/az\/article\/milad-gunu-honq-konqda-qarsidurmalara-son-qoymayib\/#article","isPartOf":{"@id":"https:\/\/www.meydan.tv\/az\/article\/milad-gunu-honq-konqda-qarsidurmalara-son-qoymayib\/"},"author":{"name":"user-manager","@id":"https:\/\/www.meydan.tv\/az\/#\/schema\/person\/10d11eccf6da3662cf5fdab9806ea91a"},"headline":"Milad g\u00fcn\u00fc Honq Konqda qar\u015f\u0131durmalara son qoymay\u0131b","datePublished":"2019-12-25T21:17:53+00:00","mainEntityOfPage":{"@id":"https:\/\/www.meydan.tv\/az\/article\/milad-gunu-honq-konqda-qarsidurmalara-son-qoymayib\/"},"wordCount":376,"publisher":{"@id":"https:\/\/www.meydan.tv\/az\/#organization"},"image":{"@id":"https:\/\/www.meydan.tv\/az\/article\/milad-gunu-honq-konqda-qarsidurmalara-son-qoymayib\/#primaryimage"},"thumbnailUrl":"https:\/\/www.meydan.tv\/wp-content\/uploads\/thumbs_b_c_697053b751ff9e8199580f248058560d.jpg","articleSection":["D\u00fcnya"],"inLanguage":"az"},{"@type":"WebPage","@id":"https:\/\/www.meydan.tv\/az\/article\/milad-gunu-honq-konqda-qarsidurmalara-son-qoymayib\/","url":"https:\/\/www.meydan.tv\/az\/article\/milad-gunu-honq-konqda-qarsidurmalara-son-qoymayib\/","name":"Milad g\u00fcn\u00fc Honq Konqda qar\u015f\u0131durmalara son qoymay\u0131b - MEYDAN.TV","isPartOf":{"@id":"https:\/\/www.meydan.tv\/az\/#website"},"primaryImageOfPage":{"@id":"https:\/\/www.meydan.tv\/az\/article\/milad-gunu-honq-konqda-qarsidurmalara-son-qoymayib\/#primaryimage"},"image":{"@id":"https:\/\/www.meydan.tv\/az\/article\/milad-gunu-honq-konqda-qarsidurmalara-son-qoymayib\/#primaryimage"},"thumbnailUrl":"https:\/\/www.meydan.tv\/wp-content\/uploads\/thumbs_b_c_697053b751ff9e8199580f248058560d.jpg","datePublished":"2019-12-25T21:17:53+00:00","breadcrumb":{"@id":"https:\/\/www.meydan.tv\/az\/article\/milad-gunu-honq-konqda-qarsidurmalara-son-qoymayib\/#breadcrumb"},"inLanguage":"az","potentialAction":[{"@type":"ReadAction","target":["https:\/\/www.meydan.tv\/az\/article\/milad-gunu-honq-konqda-qarsidurmalara-son-qoymayib\/"]}]},{"@type":"ImageObject","inLanguage":"az","@id":"https:\/\/www.meydan.tv\/az\/article\/milad-gunu-honq-konqda-qarsidurmalara-son-qoymayib\/#primaryimage","url":"https:\/\/www.meydan.tv\/wp-content\/uploads\/thumbs_b_c_697053b751ff9e8199580f248058560d.jpg","contentUrl":"https:\/\/www.meydan.tv\/wp-content\/uploads\/thumbs_b_c_697053b751ff9e8199580f248058560d.jpg","width":864,"height":486,"caption":"Source: Foto: arxiv"},{"@type":"BreadcrumbList","@id":"https:\/\/www.meydan.tv\/az\/article\/milad-gunu-honq-konqda-qarsidurmalara-son-qoymayib\/#breadcrumb","itemListElement":[{"@type":"ListItem","position":1,"name":"Ana s\u0259hif\u0259","item":"https:\/\/www.meydan.tv\/az\/"},{"@type":"ListItem","position":2,"name":"D\u00fcnya","item":"https:\/\/www.meydan.tv\/az\/section\/dunya\/"},{"@type":"ListItem","position":3,"name":"Milad g\u00fcn\u00fc Honq Konqda qar\u015f\u0131durmalara son qoymay\u0131b"}]},{"@type":"WebSite","@id":"https:\/\/www.meydan.tv\/az\/#website","url":"https:\/\/www.meydan.tv\/az\/","name":"MEYDAN.TV","description":"Meydan TV Az\u0259rbaycan\u0131n media m\u0259kan\u0131ndak\u0131 alternativ s\u0259sidir","publisher":{"@id":"https:\/\/www.meydan.tv\/az\/#organization"},"potentialAction":[{"@type":"SearchAction","target":{"@type":"EntryPoint","urlTemplate":"https:\/\/www.meydan.tv\/az\/?s={search_term_string}"},"query-input":{"@type":"PropertyValueSpecification","valueRequired":true,"valueName":"search_term_string"}}],"inLanguage":"az"},{"@type":"Organization","@id":"https:\/\/www.meydan.tv\/az\/#organization","name":"Meydan TV","url":"https:\/\/www.meydan.tv\/az\/","logo":{"@type":"ImageObject","inLanguage":"az","@id":"https:\/\/www.meydan.tv\/az\/#\/schema\/logo\/image\/","url":"https:\/\/www.meydan.tv\/wp-content\/uploads\/2021\/07\/meydan-logo.svg","contentUrl":"https:\/\/www.meydan.tv\/wp-content\/uploads\/2021\/07\/meydan-logo.svg","width":195,"height":46,"caption":"Meydan TV"},"image":{"@id":"https:\/\/www.meydan.tv\/az\/#\/schema\/logo\/image\/"}},{"@type":"Person","@id":"https:\/\/www.meydan.tv\/az\/#\/schema\/person\/10d11eccf6da3662cf5fdab9806ea91a","name":"user-manager"}]}},"_links":{"self":[{"href":"https:\/\/www.meydan.tv\/az\/wp-json\/wp\/v2\/posts\/198527","targetHints":{"allow":["GET"]}}],"collection":[{"href":"https:\/\/www.meydan.tv\/az\/wp-json\/wp\/v2\/posts"}],"about":[{"href":"https:\/\/www.meydan.tv\/az\/wp-json\/wp\/v2\/types\/post"}],"author":[{"embeddable":true,"href":"https:\/\/www.meydan.tv\/az\/wp-json\/wp\/v2\/users\/11"}],"replies":[{"embeddable":true,"href":"https:\/\/www.meydan.tv\/az\/wp-json\/wp\/v2\/comments?post=198527"}],"version-history":[{"count":0,"href":"https:\/\/www.meydan.tv\/az\/wp-json\/wp\/v2\/posts\/198527\/revisions"}],"wp:featuredmedia":[{"embeddable":true,"href":"https:\/\/www.meydan.tv\/az\/wp-json\/wp\/v2\/media\/135043"}],"wp:attachment":[{"href":"https:\/\/www.meydan.tv\/az\/wp-json\/wp\/v2\/media?parent=198527"}],"wp:term":[{"taxonomy":"category","embeddable":true,"href":"https:\/\/www.meydan.tv\/az\/wp-json\/wp\/v2\/categories?post=198527"},{"taxonomy":"post_tag","embeddable":true,"href":"https:\/\/www.meydan.tv\/az\/wp-json\/wp\/v2\/tags?post=198527"}],"curies":[{"name":"wp","href":"https:\/\/api.w.org\/{rel}","templated":true}]}}