{"id":198523,"date":"2019-12-25T15:16:45","date_gmt":"2019-12-25T15:16:45","guid":{"rendered":"https:\/\/www.meydan.tv\/article\/27-efqan-feali-taliban-terefinden-qacirilib\/"},"modified":"2019-12-25T15:16:45","modified_gmt":"2019-12-25T15:16:45","slug":"27-efqan-feali-taliban-terefinden-qacirilib","status":"publish","type":"post","link":"https:\/\/www.meydan.tv\/az\/article\/27-efqan-feali-taliban-terefinden-qacirilib\/","title":{"rendered":"27 \u0259fqan f\u0259al\u0131 Taliban t\u0259r\u0259find\u0259n qa\u00e7\u0131r\u0131l\u0131b"},"content":{"rendered":"<p>\n  <i><br \/>\n    F\u0259rah \u0259yal\u0259t m\u0259clisinin \u00fczv\u00fc Dadullah Qani hadis\u0259ni t\u0259sdiql\u0259yib<br \/>\n  <\/i>\n<\/p>\n<p>\n  \u00d6lk\u0259boyu ba\u015flad\u0131lm\u0131\u015f s\u00fclh y\u00fcr\u00fc\u015f\u00fc zaman\u0131 iyirmi yeddi \u018ffqan\u0131nstan f\u0259al\u0131 Taliban t\u0259r\u0259find\u0259n qa\u00e7\u0131r\u0131l\u0131b, &#8211; RFE\/RL x\u0259b\u0259r verir.\n<\/p>\n<p>\n  Xalqlar\u0131n S\u00fclh H\u0259r\u0259kat\u0131n\u0131n (PPM) lideri \u0130qbal Xaybar (Khaibar) dekabr\u0131n 25-d\u0259 deyib ki, f\u0259allar F\u0259rah \u0259yal\u0259tinin Bala Buluk b\u00f6lg\u0259sind\u0259 qon\u015fu Herat \u0259yal\u0259tind\u0259n g\u0259l\u0259rk\u0259n qa\u00e7\u0131r\u0131l\u0131b.\n<\/p>\n<p>\n  F\u0259rah \u0259yal\u0259t m\u0259clisinin \u00fczv\u00fc Dadullah Qani hadis\u0259ni t\u0259sdiql\u0259yib.\n<\/p>\n<p>\n  F\u0259rah polisi qa\u00e7\u0131r\u0131lanlar\u0131n izin\u0259 d\u00fc\u015fd\u00fckl\u0259rini bildirib.\n<\/p>\n<p>\n  Taliban hadis\u0259y\u0259 m\u00fcnasib\u0259t bildirm\u0259yib.\n<\/p>\n<p>\n  PPM-d\u0259n veril\u0259n a\u00e7\u0131qlamada bildirilir ki, f\u0259allar bar\u0131\u015f mesaj\u0131 yaymaq \u00fc\u00e7\u00fcn \u00f6lk\u0259ni g\u0259zm\u0259yi h\u0259d\u0259fl\u0259yibl\u0259r v\u0259 onlar\u0131n m\u0259qs\u0259di \u018ffqan\u0131standa m\u00f6vcud m\u00fcnaqi\u015f\u0259nin b\u00fct\u00fcn t\u0259r\u0259fl\u0259rini at\u0259\u015fk\u0259s m\u00f6vzusunda raz\u0131l\u0131\u011fa g\u0259lm\u0259y\u0259 t\u0259\u015fviq etm\u0259k olub.\n<\/p>\n<p>\n  Qrup bildirib ki, bu, art\u0131q d\u00f6rd\u00fcnc\u00fc d\u0259f\u0259dir ki, Taliban PPM s\u00fclh y\u00fcr\u00fc\u015fl\u0259rind\u0259 i\u015ftirak ed\u0259n f\u0259allar\u0131 qa\u00e7\u0131r\u0131r.\n<\/p>\n<p>\n  \u018fn son hadis\u0259 iyun ay\u0131nda ba\u015f verib. Bel\u0259 ki, Taliban silahl\u0131lar\u0131 g\u00f6r\u00fc\u015fm\u0259k v\u0259 bar\u0131\u015f\u0131q \u0259li uzatmaq \u00fc\u00e7\u00fcn Taliban\u0131n \u0259n g\u00fccl\u00fc s\u0131\u011f\u0131naca\u011f\u0131 olan Helmand \u0259yal\u0259tind\u0259ki Musa Qalaya ged\u0259n 25 f\u0259al\u0131 \u0259l\u0259 ke\u00e7irmi\u015fdi. Onlar bir ne\u00e7\u0259 g\u00fcn sonra s\u0259rb\u0259st burax\u0131lm\u0131\u015fd\u0131.\n<\/p>\n<p>\n  PPM ke\u00e7\u0259n il \u018ffqan\u0131standa v\u0259 Kabild\u0259ki s\u00fclh y\u00fcr\u00fc\u015fl\u0259ri il\u0259 beyn\u0259lxalq diqq\u0259ti c\u0259lb ed\u0259 bilmi\u015fdi.\n<\/p>\n<p>\n  H\u0259r\u0259kat h\u0259mi\u015f\u0259 t\u0259r\u0259fsiz oldu\u011funu iddia edib v\u0259 m\u0259qs\u0259dl\u0259rinin m\u00fcharib\u0259 \u015f\u0259raitind\u0259 olan \u00f6lk\u0259d\u0259 s\u00fclh\u00fcn b\u0259rq\u0259rar oldu\u011funu bildirib.<\/p>\n","protected":false},"excerpt":{"rendered":"<p>Taliban hadis\u0259y\u0259 m\u00fcnasib\u0259t bildirm\u0259yib.<\/p>\n","protected":false},"author":11,"featured_media":135019,"comment_status":"closed","ping_status":"open","sticky":false,"template":"","format":"standard","meta":{"_acf_changed":false,"_sitemap_exclude":false,"_sitemap_priority":"","_sitemap_frequency":"","footnotes":""},"categories":[64],"tags":[],"class_list":["post-198523","post","type-post","status-publish","format-standard","has-post-thumbnail","hentry","category-dunya","infinite-scroll-item","generate-columns","tablet-grid-50","mobile-grid-100","grid-parent","grid-33","no-featured-image-padding"],"acf":[],"yoast_head":"<!-- This site is optimized with the Yoast SEO plugin v27.5 - https:\/\/yoast.com\/product\/yoast-seo-wordpress\/ -->\n<title>27 \u0259fqan f\u0259al\u0131 Taliban t\u0259r\u0259find\u0259n qa\u00e7\u0131r\u0131l\u0131b - MEYDAN.TV<\/title>\n<meta name=\"robots\" content=\"index, follow, max-snippet:-1, max-image-preview:large, max-video-preview:-1\" \/>\n<link rel=\"canonical\" href=\"https:\/\/www.meydan.tv\/az\/article\/27-efqan-feali-taliban-terefinden-qacirilib\/\" \/>\n<meta property=\"og:locale\" content=\"az_AZ\" \/>\n<meta property=\"og:type\" content=\"article\" \/>\n<meta property=\"og:title\" content=\"27 \u0259fqan f\u0259al\u0131 Taliban t\u0259r\u0259find\u0259n qa\u00e7\u0131r\u0131l\u0131b - MEYDAN.TV\" \/>\n<meta property=\"og:description\" content=\"Taliban hadis\u0259y\u0259 m\u00fcnasib\u0259t bildirm\u0259yib.\" \/>\n<meta property=\"og:url\" content=\"https:\/\/www.meydan.tv\/az\/article\/27-efqan-feali-taliban-terefinden-qacirilib\/\" \/>\n<meta property=\"og:site_name\" content=\"MEYDAN.TV\" \/>\n<meta property=\"article:published_time\" content=\"2019-12-25T15:16:45+00:00\" \/>\n<meta property=\"og:image\" content=\"https:\/\/www.meydan.tv\/wp-content\/uploads\/3000.jpeg\" \/>\n\t<meta property=\"og:image:width\" content=\"1000\" \/>\n\t<meta property=\"og:image:height\" content=\"636\" \/>\n\t<meta property=\"og:image:type\" content=\"image\/jpeg\" \/>\n<meta name=\"author\" content=\"user-manager\" \/>\n<meta name=\"twitter:card\" content=\"summary_large_image\" \/>\n<script type=\"application\/ld+json\" class=\"yoast-schema-graph\">{\"@context\":\"https:\\\/\\\/schema.org\",\"@graph\":[{\"@type\":\"Article\",\"@id\":\"https:\\\/\\\/www.meydan.tv\\\/az\\\/article\\\/27-efqan-feali-taliban-terefinden-qacirilib\\\/#article\",\"isPartOf\":{\"@id\":\"https:\\\/\\\/www.meydan.tv\\\/az\\\/article\\\/27-efqan-feali-taliban-terefinden-qacirilib\\\/\"},\"author\":{\"name\":\"user-manager\",\"@id\":\"https:\\\/\\\/www.meydan.tv\\\/az\\\/#\\\/schema\\\/person\\\/10d11eccf6da3662cf5fdab9806ea91a\"},\"headline\":\"27 \u0259fqan f\u0259al\u0131 Taliban t\u0259r\u0259find\u0259n qa\u00e7\u0131r\u0131l\u0131b\",\"datePublished\":\"2019-12-25T15:16:45+00:00\",\"mainEntityOfPage\":{\"@id\":\"https:\\\/\\\/www.meydan.tv\\\/az\\\/article\\\/27-efqan-feali-taliban-terefinden-qacirilib\\\/\"},\"wordCount\":341,\"publisher\":{\"@id\":\"https:\\\/\\\/www.meydan.tv\\\/az\\\/#organization\"},\"image\":{\"@id\":\"https:\\\/\\\/www.meydan.tv\\\/az\\\/article\\\/27-efqan-feali-taliban-terefinden-qacirilib\\\/#primaryimage\"},\"thumbnailUrl\":\"https:\\\/\\\/www.meydan.tv\\\/wp-content\\\/uploads\\\/3000.jpeg\",\"articleSection\":[\"D\u00fcnya\"],\"inLanguage\":\"az\"},{\"@type\":\"WebPage\",\"@id\":\"https:\\\/\\\/www.meydan.tv\\\/az\\\/article\\\/27-efqan-feali-taliban-terefinden-qacirilib\\\/\",\"url\":\"https:\\\/\\\/www.meydan.tv\\\/az\\\/article\\\/27-efqan-feali-taliban-terefinden-qacirilib\\\/\",\"name\":\"27 \u0259fqan f\u0259al\u0131 Taliban t\u0259r\u0259find\u0259n qa\u00e7\u0131r\u0131l\u0131b - MEYDAN.TV\",\"isPartOf\":{\"@id\":\"https:\\\/\\\/www.meydan.tv\\\/az\\\/#website\"},\"primaryImageOfPage\":{\"@id\":\"https:\\\/\\\/www.meydan.tv\\\/az\\\/article\\\/27-efqan-feali-taliban-terefinden-qacirilib\\\/#primaryimage\"},\"image\":{\"@id\":\"https:\\\/\\\/www.meydan.tv\\\/az\\\/article\\\/27-efqan-feali-taliban-terefinden-qacirilib\\\/#primaryimage\"},\"thumbnailUrl\":\"https:\\\/\\\/www.meydan.tv\\\/wp-content\\\/uploads\\\/3000.jpeg\",\"datePublished\":\"2019-12-25T15:16:45+00:00\",\"breadcrumb\":{\"@id\":\"https:\\\/\\\/www.meydan.tv\\\/az\\\/article\\\/27-efqan-feali-taliban-terefinden-qacirilib\\\/#breadcrumb\"},\"inLanguage\":\"az\",\"potentialAction\":[{\"@type\":\"ReadAction\",\"target\":[\"https:\\\/\\\/www.meydan.tv\\\/az\\\/article\\\/27-efqan-feali-taliban-terefinden-qacirilib\\\/\"]}]},{\"@type\":\"ImageObject\",\"inLanguage\":\"az\",\"@id\":\"https:\\\/\\\/www.meydan.tv\\\/az\\\/article\\\/27-efqan-feali-taliban-terefinden-qacirilib\\\/#primaryimage\",\"url\":\"https:\\\/\\\/www.meydan.tv\\\/wp-content\\\/uploads\\\/3000.jpeg\",\"contentUrl\":\"https:\\\/\\\/www.meydan.tv\\\/wp-content\\\/uploads\\\/3000.jpeg\",\"width\":1000,\"height\":636,\"caption\":\"Source: Foto: arxiv\"},{\"@type\":\"BreadcrumbList\",\"@id\":\"https:\\\/\\\/www.meydan.tv\\\/az\\\/article\\\/27-efqan-feali-taliban-terefinden-qacirilib\\\/#breadcrumb\",\"itemListElement\":[{\"@type\":\"ListItem\",\"position\":1,\"name\":\"Ana s\u0259hif\u0259\",\"item\":\"https:\\\/\\\/www.meydan.tv\\\/az\\\/\"},{\"@type\":\"ListItem\",\"position\":2,\"name\":\"D\u00fcnya\",\"item\":\"https:\\\/\\\/www.meydan.tv\\\/az\\\/section\\\/dunya\\\/\"},{\"@type\":\"ListItem\",\"position\":3,\"name\":\"27 \u0259fqan f\u0259al\u0131 Taliban t\u0259r\u0259find\u0259n qa\u00e7\u0131r\u0131l\u0131b\"}]},{\"@type\":\"WebSite\",\"@id\":\"https:\\\/\\\/www.meydan.tv\\\/az\\\/#website\",\"url\":\"https:\\\/\\\/www.meydan.tv\\\/az\\\/\",\"name\":\"MEYDAN.TV\",\"description\":\"Meydan TV Az\u0259rbaycan\u0131n media m\u0259kan\u0131ndak\u0131 alternativ s\u0259sidir\",\"publisher\":{\"@id\":\"https:\\\/\\\/www.meydan.tv\\\/az\\\/#organization\"},\"potentialAction\":[{\"@type\":\"SearchAction\",\"target\":{\"@type\":\"EntryPoint\",\"urlTemplate\":\"https:\\\/\\\/www.meydan.tv\\\/az\\\/?s={search_term_string}\"},\"query-input\":{\"@type\":\"PropertyValueSpecification\",\"valueRequired\":true,\"valueName\":\"search_term_string\"}}],\"inLanguage\":\"az\"},{\"@type\":\"Organization\",\"@id\":\"https:\\\/\\\/www.meydan.tv\\\/az\\\/#organization\",\"name\":\"Meydan TV\",\"url\":\"https:\\\/\\\/www.meydan.tv\\\/az\\\/\",\"logo\":{\"@type\":\"ImageObject\",\"inLanguage\":\"az\",\"@id\":\"https:\\\/\\\/www.meydan.tv\\\/az\\\/#\\\/schema\\\/logo\\\/image\\\/\",\"url\":\"https:\\\/\\\/www.meydan.tv\\\/wp-content\\\/uploads\\\/2021\\\/07\\\/meydan-logo.svg\",\"contentUrl\":\"https:\\\/\\\/www.meydan.tv\\\/wp-content\\\/uploads\\\/2021\\\/07\\\/meydan-logo.svg\",\"width\":195,\"height\":46,\"caption\":\"Meydan TV\"},\"image\":{\"@id\":\"https:\\\/\\\/www.meydan.tv\\\/az\\\/#\\\/schema\\\/logo\\\/image\\\/\"}},{\"@type\":\"Person\",\"@id\":\"https:\\\/\\\/www.meydan.tv\\\/az\\\/#\\\/schema\\\/person\\\/10d11eccf6da3662cf5fdab9806ea91a\",\"name\":\"user-manager\"}]}<\/script>\n<!-- \/ Yoast SEO plugin. -->","yoast_head_json":{"title":"27 \u0259fqan f\u0259al\u0131 Taliban t\u0259r\u0259find\u0259n qa\u00e7\u0131r\u0131l\u0131b - MEYDAN.TV","robots":{"index":"index","follow":"follow","max-snippet":"max-snippet:-1","max-image-preview":"max-image-preview:large","max-video-preview":"max-video-preview:-1"},"canonical":"https:\/\/www.meydan.tv\/az\/article\/27-efqan-feali-taliban-terefinden-qacirilib\/","og_locale":"az_AZ","og_type":"article","og_title":"27 \u0259fqan f\u0259al\u0131 Taliban t\u0259r\u0259find\u0259n qa\u00e7\u0131r\u0131l\u0131b - MEYDAN.TV","og_description":"Taliban hadis\u0259y\u0259 m\u00fcnasib\u0259t bildirm\u0259yib.","og_url":"https:\/\/www.meydan.tv\/az\/article\/27-efqan-feali-taliban-terefinden-qacirilib\/","og_site_name":"MEYDAN.TV","article_published_time":"2019-12-25T15:16:45+00:00","og_image":[{"width":1000,"height":636,"url":"https:\/\/www.meydan.tv\/wp-content\/uploads\/3000.jpeg","type":"image\/jpeg"}],"author":"user-manager","twitter_card":"summary_large_image","schema":{"@context":"https:\/\/schema.org","@graph":[{"@type":"Article","@id":"https:\/\/www.meydan.tv\/az\/article\/27-efqan-feali-taliban-terefinden-qacirilib\/#article","isPartOf":{"@id":"https:\/\/www.meydan.tv\/az\/article\/27-efqan-feali-taliban-terefinden-qacirilib\/"},"author":{"name":"user-manager","@id":"https:\/\/www.meydan.tv\/az\/#\/schema\/person\/10d11eccf6da3662cf5fdab9806ea91a"},"headline":"27 \u0259fqan f\u0259al\u0131 Taliban t\u0259r\u0259find\u0259n qa\u00e7\u0131r\u0131l\u0131b","datePublished":"2019-12-25T15:16:45+00:00","mainEntityOfPage":{"@id":"https:\/\/www.meydan.tv\/az\/article\/27-efqan-feali-taliban-terefinden-qacirilib\/"},"wordCount":341,"publisher":{"@id":"https:\/\/www.meydan.tv\/az\/#organization"},"image":{"@id":"https:\/\/www.meydan.tv\/az\/article\/27-efqan-feali-taliban-terefinden-qacirilib\/#primaryimage"},"thumbnailUrl":"https:\/\/www.meydan.tv\/wp-content\/uploads\/3000.jpeg","articleSection":["D\u00fcnya"],"inLanguage":"az"},{"@type":"WebPage","@id":"https:\/\/www.meydan.tv\/az\/article\/27-efqan-feali-taliban-terefinden-qacirilib\/","url":"https:\/\/www.meydan.tv\/az\/article\/27-efqan-feali-taliban-terefinden-qacirilib\/","name":"27 \u0259fqan f\u0259al\u0131 Taliban t\u0259r\u0259find\u0259n qa\u00e7\u0131r\u0131l\u0131b - MEYDAN.TV","isPartOf":{"@id":"https:\/\/www.meydan.tv\/az\/#website"},"primaryImageOfPage":{"@id":"https:\/\/www.meydan.tv\/az\/article\/27-efqan-feali-taliban-terefinden-qacirilib\/#primaryimage"},"image":{"@id":"https:\/\/www.meydan.tv\/az\/article\/27-efqan-feali-taliban-terefinden-qacirilib\/#primaryimage"},"thumbnailUrl":"https:\/\/www.meydan.tv\/wp-content\/uploads\/3000.jpeg","datePublished":"2019-12-25T15:16:45+00:00","breadcrumb":{"@id":"https:\/\/www.meydan.tv\/az\/article\/27-efqan-feali-taliban-terefinden-qacirilib\/#breadcrumb"},"inLanguage":"az","potentialAction":[{"@type":"ReadAction","target":["https:\/\/www.meydan.tv\/az\/article\/27-efqan-feali-taliban-terefinden-qacirilib\/"]}]},{"@type":"ImageObject","inLanguage":"az","@id":"https:\/\/www.meydan.tv\/az\/article\/27-efqan-feali-taliban-terefinden-qacirilib\/#primaryimage","url":"https:\/\/www.meydan.tv\/wp-content\/uploads\/3000.jpeg","contentUrl":"https:\/\/www.meydan.tv\/wp-content\/uploads\/3000.jpeg","width":1000,"height":636,"caption":"Source: Foto: arxiv"},{"@type":"BreadcrumbList","@id":"https:\/\/www.meydan.tv\/az\/article\/27-efqan-feali-taliban-terefinden-qacirilib\/#breadcrumb","itemListElement":[{"@type":"ListItem","position":1,"name":"Ana s\u0259hif\u0259","item":"https:\/\/www.meydan.tv\/az\/"},{"@type":"ListItem","position":2,"name":"D\u00fcnya","item":"https:\/\/www.meydan.tv\/az\/section\/dunya\/"},{"@type":"ListItem","position":3,"name":"27 \u0259fqan f\u0259al\u0131 Taliban t\u0259r\u0259find\u0259n qa\u00e7\u0131r\u0131l\u0131b"}]},{"@type":"WebSite","@id":"https:\/\/www.meydan.tv\/az\/#website","url":"https:\/\/www.meydan.tv\/az\/","name":"MEYDAN.TV","description":"Meydan TV Az\u0259rbaycan\u0131n media m\u0259kan\u0131ndak\u0131 alternativ s\u0259sidir","publisher":{"@id":"https:\/\/www.meydan.tv\/az\/#organization"},"potentialAction":[{"@type":"SearchAction","target":{"@type":"EntryPoint","urlTemplate":"https:\/\/www.meydan.tv\/az\/?s={search_term_string}"},"query-input":{"@type":"PropertyValueSpecification","valueRequired":true,"valueName":"search_term_string"}}],"inLanguage":"az"},{"@type":"Organization","@id":"https:\/\/www.meydan.tv\/az\/#organization","name":"Meydan TV","url":"https:\/\/www.meydan.tv\/az\/","logo":{"@type":"ImageObject","inLanguage":"az","@id":"https:\/\/www.meydan.tv\/az\/#\/schema\/logo\/image\/","url":"https:\/\/www.meydan.tv\/wp-content\/uploads\/2021\/07\/meydan-logo.svg","contentUrl":"https:\/\/www.meydan.tv\/wp-content\/uploads\/2021\/07\/meydan-logo.svg","width":195,"height":46,"caption":"Meydan TV"},"image":{"@id":"https:\/\/www.meydan.tv\/az\/#\/schema\/logo\/image\/"}},{"@type":"Person","@id":"https:\/\/www.meydan.tv\/az\/#\/schema\/person\/10d11eccf6da3662cf5fdab9806ea91a","name":"user-manager"}]}},"_links":{"self":[{"href":"https:\/\/www.meydan.tv\/az\/wp-json\/wp\/v2\/posts\/198523","targetHints":{"allow":["GET"]}}],"collection":[{"href":"https:\/\/www.meydan.tv\/az\/wp-json\/wp\/v2\/posts"}],"about":[{"href":"https:\/\/www.meydan.tv\/az\/wp-json\/wp\/v2\/types\/post"}],"author":[{"embeddable":true,"href":"https:\/\/www.meydan.tv\/az\/wp-json\/wp\/v2\/users\/11"}],"replies":[{"embeddable":true,"href":"https:\/\/www.meydan.tv\/az\/wp-json\/wp\/v2\/comments?post=198523"}],"version-history":[{"count":0,"href":"https:\/\/www.meydan.tv\/az\/wp-json\/wp\/v2\/posts\/198523\/revisions"}],"wp:featuredmedia":[{"embeddable":true,"href":"https:\/\/www.meydan.tv\/az\/wp-json\/wp\/v2\/media\/135019"}],"wp:attachment":[{"href":"https:\/\/www.meydan.tv\/az\/wp-json\/wp\/v2\/media?parent=198523"}],"wp:term":[{"taxonomy":"category","embeddable":true,"href":"https:\/\/www.meydan.tv\/az\/wp-json\/wp\/v2\/categories?post=198523"},{"taxonomy":"post_tag","embeddable":true,"href":"https:\/\/www.meydan.tv\/az\/wp-json\/wp\/v2\/tags?post=198523"}],"curies":[{"name":"wp","href":"https:\/\/api.w.org\/{rel}","templated":true}]}}