{"id":198516,"date":"2019-12-25T12:51:12","date_gmt":"2019-12-25T12:51:12","guid":{"rendered":"https:\/\/www.meydan.tv\/article\/goycay-sakinleri-seherin-merkezindeki-mekteb-cokur\/"},"modified":"2019-12-25T12:51:12","modified_gmt":"2019-12-25T12:51:12","slug":"goycay-sakinleri-seherin-merkezindeki-mekteb-cokur","status":"publish","type":"post","link":"https:\/\/www.meydan.tv\/az\/article\/goycay-sakinleri-seherin-merkezindeki-mekteb-cokur\/","title":{"rendered":"G\u00f6y\u00e7ay sakinl\u0259ri: \u015e\u0259h\u0259rin m\u0259rk\u0259zind\u0259ki m\u0259kt\u0259b \u00e7\u00f6k\u00fcr"},"content":{"rendered":"<p>\n  <i><br \/>\n    Sakinl\u0259r 9 sayl\u0131 orta m\u0259kt\u0259bin t\u0259mir olunmas\u0131n\u0131 v\u0259 d\u0259rs l\u0259vazimatlar\u0131, avadanl\u0131qlarla t\u0259min olunmas\u0131n\u0131 ist\u0259yirl\u0259r<br \/>\n  <\/i>\n<\/p>\n<p>\n  \u201cM\u0259kt\u0259bin birc\u0259 dam \u00f6rt\u00fcy\u00fcn\u00fc t\u0259mir edibl\u0259r. \u00c7\u00fcnki uzaqdan-yax\u0131ndan ke\u00e7\u0259nl\u0259r daha \u00e7ox dam \u00f6rt\u00fcy\u00fcn\u00fc g\u00f6r\u00fcr. Binan\u0131n i\u00e7\u0259risi b\u0259rbad v\u0259ziyy\u0259td\u0259dir. Halbuki, G\u00f6y\u00e7ay\u0131n m\u0259rk\u0259zind\u0259 olan bir m\u0259kt\u0259bdir. Bax\u0131ms\u0131z, t\u0259mirsiz, soyuq m\u0259kt\u0259b&#8230;\u201d\n<\/p>\n<p>\n  G\u00f6y\u00e7ay sakinl\u0259ri Meydan TV-y\u0259 \u015f\u0259h\u0259rin m\u0259kk\u0259zind\u0259 &#8211; Heyd\u0259r \u018fliyev prospektind\u0259 yerl\u0259\u015f\u0259n Qant\u0259mir ad\u0131na 9 sayl\u0131 tam orta m\u0259kt\u0259bin fotolar\u0131n\u0131 \u00e7\u0259kib g\u00f6nd\u0259ribl\u0259r. Onlar m\u0259kt\u0259bin v\u0259ziyy\u0259tind\u0259n \u015fikay\u0259t\u00e7idil\u0259r.\n<\/p>\n<p>\n  <b><br \/>\n    <i><br \/>\n      \u201cSalyarkan\u0131n t\u00fcst\u00fcs\u00fc u\u015faqlar\u0131n ciy\u0259rl\u0259rin\u0259 dolur\u201d<br \/>\n    <\/i><br \/>\n  <\/b>\n<\/p>\n<p>\n  Sakinl\u0259rin dem\u0259sin\u0259 g\u00f6r\u0259, m\u0259kt\u0259b sovet vaxt\u0131 istifad\u0259y\u0259 verilib. \u0130ll\u0259r \u0259rzind\u0259 ara-s\u0131ra x\u0131rda t\u0259mirl\u0259r apar\u0131l\u0131b. Ancaq binada he\u00e7 vaxt \u0259sasl\u0131 t\u0259mir i\u015fl\u0259ri g\u00f6r\u00fclm\u0259yib. Sakinl\u0259r dan\u0131\u015f\u0131r:\n<\/p>\n<p>\n  \u201cSinif otaqlar\u0131 salyarkayla q\u0131zd\u0131r\u0131l\u0131r. Otaqlardan salyarka iyi g\u0259lir. U\u015faqlar o t\u00fcst\u00fcn\u00fc saatlarla ciy\u0259rl\u0259rin\u0259 \u00e7\u0259kirl\u0259r, bu, onlar\u0131n s\u0259hh\u0259tin\u0259 z\u0259r\u0259rdir. Valideynl\u0259r s\u0259sl\u0259rini \u00e7\u0131xaranda salyarkadan istifad\u0259ni dayand\u0131r\u0131rlar, onda da sinifl\u0259r buz kimi olur, u\u015faqlar donurlar. Qalm\u0131\u015f\u0131q bel\u0259c\u0259 \u00e7\u0131x\u0131lmaz durumda&#8230;\u201d\n<\/p>\n<figure class=\"wp-block-image size-large\">\n  <img decoding=\"async\" src=\"https:\/\/www.meydan.tv\/az\/image_from_ios-6-jpg-56\/\" alt=\"image_from_ios (6).jpg\" class=\"wp-image-134941\"\/><figcaption>\n    &#8220;M\u0259kt\u0259b sovet vaxt\u0131 istifad\u0259y\u0259 verilib&#8221;<br \/>\n  <\/figcaption><\/figure>\n<p>\n  Valideynl\u0259rin s\u00f6zl\u0259rin\u0259 g\u00f6r\u0259, binan\u0131n \u00e7\u00f6l t\u0259r\u0259fd\u0259n dam \u00f6rt\u00fcy\u00fc t\u0259mir olunsa da, i\u00e7\u0259ri t\u0259r\u0259fd\u0259n tavan\u0131 da\u011f\u0131l\u0131b hiss\u0259-hiss\u0259 d\u00f6\u015f\u0259m\u0259y\u0259 t\u00f6k\u00fcl\u00fcr. Divarlar \u00e7at verib, d\u00f6\u015f\u0259m\u0259l\u0259r adam\u0131n aya\u011f\u0131n\u0131n alt\u0131ndan qa\u00e7\u0131r.\n<\/p>\n<p>\n  <b><br \/>\n    <i><br \/>\n      \u201cPartalar, l\u00f6vh\u0259l\u0259r s\u0131n\u0131q-s\u0131n\u0131qd\u0131r\u201d<br \/>\n    <\/i><br \/>\n  <\/b>\n<\/p>\n<p>\n  \u201cM\u0259kt\u0259bin d\u0259hlizl\u0259rind\u0259 si\u00e7ovullar u\u015faqlar\u0131n aya\u011f\u0131n\u0131n alt\u0131ndan qa\u00e7\u0131r. N\u0259mi\u015flikd\u0259n, r\u00fctub\u0259td\u0259n dan\u0131\u015fma\u011fa d\u0259ymir, h\u0259r \u015fey g\u00f6z \u00f6n\u00fcnd\u0259dir. D\u0259rs l\u0259vazimatlar\u0131 k\u00f6hn\u0259dir, yarars\u0131zd\u0131r. Partalar, stullar, l\u00f6vh\u0259l\u0259r s\u0131n\u0131q-s\u0131n\u0131qd\u0131r. Bir h\u00f6kum\u0259t adam\u0131 qap\u0131dan girib m\u0259kt\u0259bin v\u0259ziyy\u0259ti il\u0259 maraqlanm\u0131r. D\u0259f\u0259l\u0259rl\u0259 rayon t\u0259hsil \u015f\u00f6b\u0259sin\u0259 m\u00fcraci\u0259t etmi\u015fik ki, he\u00e7 olmasa istilik m\u0259s\u0259l\u0259sini h\u0259ll etsinl\u0259r. Deyirl\u0259r, Bak\u0131 m\u0259\u015f\u011ful olmal\u0131d\u0131r\u201d, &#8211; valideynl\u0259rd\u0259n biri bildirib.\n<\/p>\n<p>\n  <b><br \/>\n    <i><br \/>\n      \u201cM\u0259rk\u0259zd\u0259ki m\u0259kt\u0259bl\u0259r t\u0259mir olunub, birc\u0259 bu qal\u0131b\u201d<br \/>\n    <\/i><br \/>\n  <\/b>\n<\/p>\n<p>\n  Sakinl\u0259r deyir, 9 sayl\u0131 m\u0259kt\u0259bd\u0259n ba\u015fqa, G\u00f6y\u00e7ay\u0131n m\u0259rk\u0259zind\u0259ki m\u0131\u0259kt\u0259bl\u0259rin dem\u0259k olar ki, ham\u0131s\u0131 \u0259sasl\u0131 t\u0259mir olunub. Ancaq n\u0259d\u0259ns\u0259 h\u00f6kum\u0259t bu m\u0259kt\u0259b\u0259 diqq\u0259t g\u00f6st\u0259rmir:\n<\/p>\n<p>\n  \u201cBu m\u0259kt\u0259bin ba\u015f\u0131 qalmaqall\u0131d\u0131r. Yad\u0131n\u0131zdad\u0131rsa, 2 il \u0259vv\u0259l direktor da el\u0259 m\u0259kt\u0259bin qar\u015f\u0131s\u0131nda \u00f6z\u00fcn\u00fc do\u011frad\u0131. Rayonda s\u00f6z-s\u00f6hb\u0259t yay\u0131lm\u0131\u015fd\u0131 ki, icra ba\u015f\u00e7\u0131s\u0131 ondan pul t\u0259l\u0259b edir, o da pulu y\u0131\u011f\u0131b ver\u0259 bilmir. Prokurorluq da i\u015fi sona q\u0259d\u0259r ara\u015fd\u0131rmad\u0131, \u00f6rt-basd\u0131r el\u0259di, \u00e7\u00fcnki ortada ba\u015f\u00e7\u0131n\u0131n ad\u0131 hallan\u0131rd\u0131. Bizd\u0259 d\u0259 bel\u0259 fikir yaran\u0131b ki, \u015f\u0259h\u0259rin m\u0259rk\u0259zind\u0259ki b\u00fct\u00fcn m\u0259kt\u0259bl\u0259r t\u0259mir olunub, bu m\u0259kt\u0259b qal\u0131bsa, burda bir q\u0259r\u0259z var, bu m\u0259kt\u0259bin t\u0259mirin\u0259 icra hakimiyy\u0259ti q\u0259sd\u0259n \u0259ng\u0259ll\u0259r yarad\u0131r. Yoxsa, ba\u015fqa hans\u0131 s\u0259b\u0259bd\u0259n ola bil\u0259r ki, b\u00fct\u00fcn m\u0259kt\u0259bl\u0259r t\u0259mir olunsun, m\u00fcasir standartlara cavab versin. Birc\u0259 9 sayl\u0131 m\u0259kt\u0259b t\u00f6vl\u0259 v\u0259ziyy\u0259tind\u0259 qals\u0131n&#8230;\u201d\n<\/p>\n<figure class=\"wp-block-image size-large\">\n  <img decoding=\"async\" src=\"https:\/\/www.meydan.tv\/az\/image_from_ios-4-jpg-91\/\" alt=\"image_from_ios (4).jpg\" class=\"wp-image-134932\"\/><figcaption>\n    \u201cSinif otaqlar\u0131 salyarkayla q\u0131zd\u0131r\u0131l\u0131r&#8221;<br \/>\n  <\/figcaption><\/figure>\n<p>\n  Valideynl\u0259r deyir, ill\u0259rdir ki, binan\u0131n p\u0259nc\u0259r\u0259l\u0259rind\u0259ki \u015f\u00fc\u015f\u0259l\u0259r d\u0259 s\u0131n\u0131q-s\u0131n\u0131qd\u0131r. Havalar soyuyanda u\u015faqlar binan\u0131n d\u0259hliz v\u0259 sinifl\u0259rind\u0259 paltolar\u0131na b\u00fcr\u00fcn\u00fcrl\u0259r.\n<\/p>\n<p>\n  G\u00f6y\u00e7ay Rayon \u0130cra Hakimiyy\u0259tind\u0259n Meydan TV-y\u0259 bildirilib ki, m\u0259kt\u0259b binalar\u0131 n\u00f6vb\u0259li qaydada t\u0259mir olunur: \u201cHe\u00e7 bir q\u0259r\u0259z yoxdur, direktorla ba\u011fl\u0131 vaxtil\u0259 ba\u015f vermi\u015f hadis\u0259nin d\u0259 ba\u015f\u00e7\u0131 il\u0259 he\u00e7 bir \u0259laq\u0259si yoxdur. O m\u0259kt\u0259b t\u0259mir \u00fc\u00e7\u00fcn n\u00f6vb\u0259d\u0259dir. H\u0259m G\u00f6y\u00e7ay\u0131n m\u0259rk\u0259zind\u0259, h\u0259m d\u0259 k\u0259ndl\u0259rd\u0259 m\u0259kt\u0259bl\u0259r keyfiyy\u0259tli, m\u00fcasir standartlara uy\u011fun \u015f\u0259kild\u0259 t\u0259mir-b\u0259rpa olunub v\u0259 bu i\u015fl\u0259r davam edir\u201d.\n<\/p>\n<p>\n  Bu m\u0259kt\u0259bin direktoru Akif Q\u0259ribov 2 il \u0259vv\u0259l intihara c\u0259hd etmi\u015fdi. El\u0259 m\u0259kt\u0259bin qar\u015f\u0131s\u0131nda qol damarlar\u0131n\u0131 k\u0259smi\u015fdi. M\u0259kt\u0259b direktoruna vaxt\u0131nda tibbi yard\u0131m g\u00f6st\u0259rildiyi \u00fc\u00e7\u00fcn h\u0259yatda qal\u0131b v\u0259 bir m\u00fcdd\u0259td\u0259n sonra yenid\u0259n i\u015fin\u0259 davam edib.\n<\/p>\n<figure class=\"wp-block-image size-large\">\n  <img decoding=\"async\" src=\"https:\/\/www.meydan.tv\/az\/image_from_ios-9-jpg-24\/\" alt=\"image_from_ios (9).jpg\" class=\"wp-image-134950\"\/><figcaption>\n    Valideynl\u0259r deyir, ill\u0259rdir ki, binan\u0131n p\u0259nc\u0259r\u0259l\u0259rind\u0259ki \u015f\u00fc\u015f\u0259l\u0259r d\u0259 s\u0131n\u0131q-s\u0131n\u0131qd\u0131r.<br \/>\n  <\/figcaption><\/figure>\n<figure class=\"wp-block-image size-large\">\n  <img decoding=\"async\" src=\"https:\/\/www.meydan.tv\/az\/image_from_ios-10-jpg-19\/\" alt=\"image_from_ios (10).jpg\" class=\"wp-image-134953\"\/><figcaption>\n    &#8220;\u0130ll\u0259r \u0259rzind\u0259 ara-s\u0131ra x\u0131rda t\u0259mirl\u0259r apar\u0131l\u0131b&#8221;<br \/>\n  <\/figcaption><\/figure>\n<figure class=\"wp-block-image size-large\">\n  <img decoding=\"async\" src=\"https:\/\/www.meydan.tv\/az\/image_from_ios-7-jpg-36\/\" alt=\"image_from_ios (7).jpg\" class=\"wp-image-134944\"\/><figcaption>\n    &#8220;Bax\u0131ms\u0131z, t\u0259mirsiz, soyuq m\u0259kt\u0259b&#8230;\u201d<br \/>\n  <\/figcaption><\/figure>\n<figure class=\"wp-block-image size-large\">\n  <img decoding=\"async\" src=\"https:\/\/www.meydan.tv\/az\/image_from_ios-3-jpg-46\/\" alt=\"image_from_ios (3).jpg\" class=\"wp-image-134938\"\/><figcaption>\n    &#8220;M\u0259kt\u0259bin direktoru Akif Q\u0259ribov 2 il \u0259vv\u0259l intihara c\u0259hd etmi\u015fdi&#8221;.<br \/>\n  <\/figcaption><\/figure>\n","protected":false},"excerpt":{"rendered":"<p>&#8220;M\u0259kt\u0259bin direktoru Akif Q\u0259ribov 2 il \u0259vv\u0259l intihara c\u0259hd etmi\u015fdi&#8221;.<\/p>\n","protected":false},"author":11,"featured_media":134947,"comment_status":"closed","ping_status":"open","sticky":false,"template":"","format":"standard","meta":{"_acf_changed":false,"_sitemap_exclude":false,"_sitemap_priority":"","_sitemap_frequency":"","footnotes":""},"categories":[60],"tags":[],"class_list":["post-198516","post","type-post","status-publish","format-standard","has-post-thumbnail","hentry","category-bolge","infinite-scroll-item","generate-columns","tablet-grid-50","mobile-grid-100","grid-parent","grid-33","no-featured-image-padding"],"acf":[],"yoast_head":"<!-- This site is optimized with the Yoast SEO plugin v27.5 - https:\/\/yoast.com\/product\/yoast-seo-wordpress\/ -->\n<title>G\u00f6y\u00e7ay sakinl\u0259ri: \u015e\u0259h\u0259rin m\u0259rk\u0259zind\u0259ki m\u0259kt\u0259b \u00e7\u00f6k\u00fcr - MEYDAN.TV<\/title>\n<meta name=\"robots\" content=\"index, follow, max-snippet:-1, max-image-preview:large, max-video-preview:-1\" \/>\n<link rel=\"canonical\" href=\"https:\/\/www.meydan.tv\/az\/article\/goycay-sakinleri-seherin-merkezindeki-mekteb-cokur\/\" \/>\n<meta property=\"og:locale\" content=\"az_AZ\" \/>\n<meta property=\"og:type\" content=\"article\" \/>\n<meta property=\"og:title\" content=\"G\u00f6y\u00e7ay sakinl\u0259ri: \u015e\u0259h\u0259rin m\u0259rk\u0259zind\u0259ki m\u0259kt\u0259b \u00e7\u00f6k\u00fcr - MEYDAN.TV\" \/>\n<meta property=\"og:description\" content=\"&quot;M\u0259kt\u0259bin direktoru Akif Q\u0259ribov 2 il \u0259vv\u0259l intihara c\u0259hd etmi\u015fdi&quot;.\" \/>\n<meta property=\"og:url\" content=\"https:\/\/www.meydan.tv\/az\/article\/goycay-sakinleri-seherin-merkezindeki-mekteb-cokur\/\" \/>\n<meta property=\"og:site_name\" content=\"MEYDAN.TV\" \/>\n<meta property=\"article:published_time\" content=\"2019-12-25T12:51:12+00:00\" \/>\n<meta property=\"og:image\" content=\"https:\/\/www.meydan.tv\/wp-content\/uploads\/image_from_ios_8_tedkpso.jpg\" \/>\n\t<meta property=\"og:image:width\" content=\"1032\" \/>\n\t<meta property=\"og:image:height\" content=\"774\" \/>\n\t<meta property=\"og:image:type\" content=\"image\/jpeg\" \/>\n<meta name=\"author\" content=\"user-manager\" \/>\n<meta name=\"twitter:card\" content=\"summary_large_image\" \/>\n<script type=\"application\/ld+json\" class=\"yoast-schema-graph\">{\"@context\":\"https:\\\/\\\/schema.org\",\"@graph\":[{\"@type\":\"Article\",\"@id\":\"https:\\\/\\\/www.meydan.tv\\\/az\\\/article\\\/goycay-sakinleri-seherin-merkezindeki-mekteb-cokur\\\/#article\",\"isPartOf\":{\"@id\":\"https:\\\/\\\/www.meydan.tv\\\/az\\\/article\\\/goycay-sakinleri-seherin-merkezindeki-mekteb-cokur\\\/\"},\"author\":{\"name\":\"user-manager\",\"@id\":\"https:\\\/\\\/www.meydan.tv\\\/az\\\/#\\\/schema\\\/person\\\/10d11eccf6da3662cf5fdab9806ea91a\"},\"headline\":\"G\u00f6y\u00e7ay sakinl\u0259ri: \u015e\u0259h\u0259rin m\u0259rk\u0259zind\u0259ki m\u0259kt\u0259b \u00e7\u00f6k\u00fcr\",\"datePublished\":\"2019-12-25T12:51:12+00:00\",\"mainEntityOfPage\":{\"@id\":\"https:\\\/\\\/www.meydan.tv\\\/az\\\/article\\\/goycay-sakinleri-seherin-merkezindeki-mekteb-cokur\\\/\"},\"wordCount\":953,\"publisher\":{\"@id\":\"https:\\\/\\\/www.meydan.tv\\\/az\\\/#organization\"},\"image\":{\"@id\":\"https:\\\/\\\/www.meydan.tv\\\/az\\\/article\\\/goycay-sakinleri-seherin-merkezindeki-mekteb-cokur\\\/#primaryimage\"},\"thumbnailUrl\":\"https:\\\/\\\/www.meydan.tv\\\/wp-content\\\/uploads\\\/image_from_ios_8_tedkpso.jpg\",\"articleSection\":[\"B\u00f6lg\u0259\"],\"inLanguage\":\"az\"},{\"@type\":\"WebPage\",\"@id\":\"https:\\\/\\\/www.meydan.tv\\\/az\\\/article\\\/goycay-sakinleri-seherin-merkezindeki-mekteb-cokur\\\/\",\"url\":\"https:\\\/\\\/www.meydan.tv\\\/az\\\/article\\\/goycay-sakinleri-seherin-merkezindeki-mekteb-cokur\\\/\",\"name\":\"G\u00f6y\u00e7ay sakinl\u0259ri: \u015e\u0259h\u0259rin m\u0259rk\u0259zind\u0259ki m\u0259kt\u0259b \u00e7\u00f6k\u00fcr - MEYDAN.TV\",\"isPartOf\":{\"@id\":\"https:\\\/\\\/www.meydan.tv\\\/az\\\/#website\"},\"primaryImageOfPage\":{\"@id\":\"https:\\\/\\\/www.meydan.tv\\\/az\\\/article\\\/goycay-sakinleri-seherin-merkezindeki-mekteb-cokur\\\/#primaryimage\"},\"image\":{\"@id\":\"https:\\\/\\\/www.meydan.tv\\\/az\\\/article\\\/goycay-sakinleri-seherin-merkezindeki-mekteb-cokur\\\/#primaryimage\"},\"thumbnailUrl\":\"https:\\\/\\\/www.meydan.tv\\\/wp-content\\\/uploads\\\/image_from_ios_8_tedkpso.jpg\",\"datePublished\":\"2019-12-25T12:51:12+00:00\",\"breadcrumb\":{\"@id\":\"https:\\\/\\\/www.meydan.tv\\\/az\\\/article\\\/goycay-sakinleri-seherin-merkezindeki-mekteb-cokur\\\/#breadcrumb\"},\"inLanguage\":\"az\",\"potentialAction\":[{\"@type\":\"ReadAction\",\"target\":[\"https:\\\/\\\/www.meydan.tv\\\/az\\\/article\\\/goycay-sakinleri-seherin-merkezindeki-mekteb-cokur\\\/\"]}]},{\"@type\":\"ImageObject\",\"inLanguage\":\"az\",\"@id\":\"https:\\\/\\\/www.meydan.tv\\\/az\\\/article\\\/goycay-sakinleri-seherin-merkezindeki-mekteb-cokur\\\/#primaryimage\",\"url\":\"https:\\\/\\\/www.meydan.tv\\\/wp-content\\\/uploads\\\/image_from_ios_8_tedkpso.jpg\",\"contentUrl\":\"https:\\\/\\\/www.meydan.tv\\\/wp-content\\\/uploads\\\/image_from_ios_8_tedkpso.jpg\",\"width\":1032,\"height\":774,\"caption\":\"Source: Specify Source\"},{\"@type\":\"BreadcrumbList\",\"@id\":\"https:\\\/\\\/www.meydan.tv\\\/az\\\/article\\\/goycay-sakinleri-seherin-merkezindeki-mekteb-cokur\\\/#breadcrumb\",\"itemListElement\":[{\"@type\":\"ListItem\",\"position\":1,\"name\":\"Ana s\u0259hif\u0259\",\"item\":\"https:\\\/\\\/www.meydan.tv\\\/az\\\/\"},{\"@type\":\"ListItem\",\"position\":2,\"name\":\"B\u00f6lg\u0259\",\"item\":\"https:\\\/\\\/www.meydan.tv\\\/az\\\/section\\\/bolge\\\/\"},{\"@type\":\"ListItem\",\"position\":3,\"name\":\"G\u00f6y\u00e7ay sakinl\u0259ri: \u015e\u0259h\u0259rin m\u0259rk\u0259zind\u0259ki m\u0259kt\u0259b \u00e7\u00f6k\u00fcr\"}]},{\"@type\":\"WebSite\",\"@id\":\"https:\\\/\\\/www.meydan.tv\\\/az\\\/#website\",\"url\":\"https:\\\/\\\/www.meydan.tv\\\/az\\\/\",\"name\":\"MEYDAN.TV\",\"description\":\"Meydan TV Az\u0259rbaycan\u0131n media m\u0259kan\u0131ndak\u0131 alternativ s\u0259sidir\",\"publisher\":{\"@id\":\"https:\\\/\\\/www.meydan.tv\\\/az\\\/#organization\"},\"potentialAction\":[{\"@type\":\"SearchAction\",\"target\":{\"@type\":\"EntryPoint\",\"urlTemplate\":\"https:\\\/\\\/www.meydan.tv\\\/az\\\/?s={search_term_string}\"},\"query-input\":{\"@type\":\"PropertyValueSpecification\",\"valueRequired\":true,\"valueName\":\"search_term_string\"}}],\"inLanguage\":\"az\"},{\"@type\":\"Organization\",\"@id\":\"https:\\\/\\\/www.meydan.tv\\\/az\\\/#organization\",\"name\":\"Meydan TV\",\"url\":\"https:\\\/\\\/www.meydan.tv\\\/az\\\/\",\"logo\":{\"@type\":\"ImageObject\",\"inLanguage\":\"az\",\"@id\":\"https:\\\/\\\/www.meydan.tv\\\/az\\\/#\\\/schema\\\/logo\\\/image\\\/\",\"url\":\"https:\\\/\\\/www.meydan.tv\\\/wp-content\\\/uploads\\\/2021\\\/07\\\/meydan-logo.svg\",\"contentUrl\":\"https:\\\/\\\/www.meydan.tv\\\/wp-content\\\/uploads\\\/2021\\\/07\\\/meydan-logo.svg\",\"width\":195,\"height\":46,\"caption\":\"Meydan TV\"},\"image\":{\"@id\":\"https:\\\/\\\/www.meydan.tv\\\/az\\\/#\\\/schema\\\/logo\\\/image\\\/\"}},{\"@type\":\"Person\",\"@id\":\"https:\\\/\\\/www.meydan.tv\\\/az\\\/#\\\/schema\\\/person\\\/10d11eccf6da3662cf5fdab9806ea91a\",\"name\":\"user-manager\"}]}<\/script>\n<!-- \/ Yoast SEO plugin. -->","yoast_head_json":{"title":"G\u00f6y\u00e7ay sakinl\u0259ri: \u015e\u0259h\u0259rin m\u0259rk\u0259zind\u0259ki m\u0259kt\u0259b \u00e7\u00f6k\u00fcr - MEYDAN.TV","robots":{"index":"index","follow":"follow","max-snippet":"max-snippet:-1","max-image-preview":"max-image-preview:large","max-video-preview":"max-video-preview:-1"},"canonical":"https:\/\/www.meydan.tv\/az\/article\/goycay-sakinleri-seherin-merkezindeki-mekteb-cokur\/","og_locale":"az_AZ","og_type":"article","og_title":"G\u00f6y\u00e7ay sakinl\u0259ri: \u015e\u0259h\u0259rin m\u0259rk\u0259zind\u0259ki m\u0259kt\u0259b \u00e7\u00f6k\u00fcr - MEYDAN.TV","og_description":"\"M\u0259kt\u0259bin direktoru Akif Q\u0259ribov 2 il \u0259vv\u0259l intihara c\u0259hd etmi\u015fdi\".","og_url":"https:\/\/www.meydan.tv\/az\/article\/goycay-sakinleri-seherin-merkezindeki-mekteb-cokur\/","og_site_name":"MEYDAN.TV","article_published_time":"2019-12-25T12:51:12+00:00","og_image":[{"width":1032,"height":774,"url":"https:\/\/www.meydan.tv\/wp-content\/uploads\/image_from_ios_8_tedkpso.jpg","type":"image\/jpeg"}],"author":"user-manager","twitter_card":"summary_large_image","schema":{"@context":"https:\/\/schema.org","@graph":[{"@type":"Article","@id":"https:\/\/www.meydan.tv\/az\/article\/goycay-sakinleri-seherin-merkezindeki-mekteb-cokur\/#article","isPartOf":{"@id":"https:\/\/www.meydan.tv\/az\/article\/goycay-sakinleri-seherin-merkezindeki-mekteb-cokur\/"},"author":{"name":"user-manager","@id":"https:\/\/www.meydan.tv\/az\/#\/schema\/person\/10d11eccf6da3662cf5fdab9806ea91a"},"headline":"G\u00f6y\u00e7ay sakinl\u0259ri: \u015e\u0259h\u0259rin m\u0259rk\u0259zind\u0259ki m\u0259kt\u0259b \u00e7\u00f6k\u00fcr","datePublished":"2019-12-25T12:51:12+00:00","mainEntityOfPage":{"@id":"https:\/\/www.meydan.tv\/az\/article\/goycay-sakinleri-seherin-merkezindeki-mekteb-cokur\/"},"wordCount":953,"publisher":{"@id":"https:\/\/www.meydan.tv\/az\/#organization"},"image":{"@id":"https:\/\/www.meydan.tv\/az\/article\/goycay-sakinleri-seherin-merkezindeki-mekteb-cokur\/#primaryimage"},"thumbnailUrl":"https:\/\/www.meydan.tv\/wp-content\/uploads\/image_from_ios_8_tedkpso.jpg","articleSection":["B\u00f6lg\u0259"],"inLanguage":"az"},{"@type":"WebPage","@id":"https:\/\/www.meydan.tv\/az\/article\/goycay-sakinleri-seherin-merkezindeki-mekteb-cokur\/","url":"https:\/\/www.meydan.tv\/az\/article\/goycay-sakinleri-seherin-merkezindeki-mekteb-cokur\/","name":"G\u00f6y\u00e7ay sakinl\u0259ri: \u015e\u0259h\u0259rin m\u0259rk\u0259zind\u0259ki m\u0259kt\u0259b \u00e7\u00f6k\u00fcr - MEYDAN.TV","isPartOf":{"@id":"https:\/\/www.meydan.tv\/az\/#website"},"primaryImageOfPage":{"@id":"https:\/\/www.meydan.tv\/az\/article\/goycay-sakinleri-seherin-merkezindeki-mekteb-cokur\/#primaryimage"},"image":{"@id":"https:\/\/www.meydan.tv\/az\/article\/goycay-sakinleri-seherin-merkezindeki-mekteb-cokur\/#primaryimage"},"thumbnailUrl":"https:\/\/www.meydan.tv\/wp-content\/uploads\/image_from_ios_8_tedkpso.jpg","datePublished":"2019-12-25T12:51:12+00:00","breadcrumb":{"@id":"https:\/\/www.meydan.tv\/az\/article\/goycay-sakinleri-seherin-merkezindeki-mekteb-cokur\/#breadcrumb"},"inLanguage":"az","potentialAction":[{"@type":"ReadAction","target":["https:\/\/www.meydan.tv\/az\/article\/goycay-sakinleri-seherin-merkezindeki-mekteb-cokur\/"]}]},{"@type":"ImageObject","inLanguage":"az","@id":"https:\/\/www.meydan.tv\/az\/article\/goycay-sakinleri-seherin-merkezindeki-mekteb-cokur\/#primaryimage","url":"https:\/\/www.meydan.tv\/wp-content\/uploads\/image_from_ios_8_tedkpso.jpg","contentUrl":"https:\/\/www.meydan.tv\/wp-content\/uploads\/image_from_ios_8_tedkpso.jpg","width":1032,"height":774,"caption":"Source: Specify Source"},{"@type":"BreadcrumbList","@id":"https:\/\/www.meydan.tv\/az\/article\/goycay-sakinleri-seherin-merkezindeki-mekteb-cokur\/#breadcrumb","itemListElement":[{"@type":"ListItem","position":1,"name":"Ana s\u0259hif\u0259","item":"https:\/\/www.meydan.tv\/az\/"},{"@type":"ListItem","position":2,"name":"B\u00f6lg\u0259","item":"https:\/\/www.meydan.tv\/az\/section\/bolge\/"},{"@type":"ListItem","position":3,"name":"G\u00f6y\u00e7ay sakinl\u0259ri: \u015e\u0259h\u0259rin m\u0259rk\u0259zind\u0259ki m\u0259kt\u0259b \u00e7\u00f6k\u00fcr"}]},{"@type":"WebSite","@id":"https:\/\/www.meydan.tv\/az\/#website","url":"https:\/\/www.meydan.tv\/az\/","name":"MEYDAN.TV","description":"Meydan TV Az\u0259rbaycan\u0131n media m\u0259kan\u0131ndak\u0131 alternativ s\u0259sidir","publisher":{"@id":"https:\/\/www.meydan.tv\/az\/#organization"},"potentialAction":[{"@type":"SearchAction","target":{"@type":"EntryPoint","urlTemplate":"https:\/\/www.meydan.tv\/az\/?s={search_term_string}"},"query-input":{"@type":"PropertyValueSpecification","valueRequired":true,"valueName":"search_term_string"}}],"inLanguage":"az"},{"@type":"Organization","@id":"https:\/\/www.meydan.tv\/az\/#organization","name":"Meydan TV","url":"https:\/\/www.meydan.tv\/az\/","logo":{"@type":"ImageObject","inLanguage":"az","@id":"https:\/\/www.meydan.tv\/az\/#\/schema\/logo\/image\/","url":"https:\/\/www.meydan.tv\/wp-content\/uploads\/2021\/07\/meydan-logo.svg","contentUrl":"https:\/\/www.meydan.tv\/wp-content\/uploads\/2021\/07\/meydan-logo.svg","width":195,"height":46,"caption":"Meydan TV"},"image":{"@id":"https:\/\/www.meydan.tv\/az\/#\/schema\/logo\/image\/"}},{"@type":"Person","@id":"https:\/\/www.meydan.tv\/az\/#\/schema\/person\/10d11eccf6da3662cf5fdab9806ea91a","name":"user-manager"}]}},"_links":{"self":[{"href":"https:\/\/www.meydan.tv\/az\/wp-json\/wp\/v2\/posts\/198516","targetHints":{"allow":["GET"]}}],"collection":[{"href":"https:\/\/www.meydan.tv\/az\/wp-json\/wp\/v2\/posts"}],"about":[{"href":"https:\/\/www.meydan.tv\/az\/wp-json\/wp\/v2\/types\/post"}],"author":[{"embeddable":true,"href":"https:\/\/www.meydan.tv\/az\/wp-json\/wp\/v2\/users\/11"}],"replies":[{"embeddable":true,"href":"https:\/\/www.meydan.tv\/az\/wp-json\/wp\/v2\/comments?post=198516"}],"version-history":[{"count":0,"href":"https:\/\/www.meydan.tv\/az\/wp-json\/wp\/v2\/posts\/198516\/revisions"}],"wp:featuredmedia":[{"embeddable":true,"href":"https:\/\/www.meydan.tv\/az\/wp-json\/wp\/v2\/media\/134947"}],"wp:attachment":[{"href":"https:\/\/www.meydan.tv\/az\/wp-json\/wp\/v2\/media?parent=198516"}],"wp:term":[{"taxonomy":"category","embeddable":true,"href":"https:\/\/www.meydan.tv\/az\/wp-json\/wp\/v2\/categories?post=198516"},{"taxonomy":"post_tag","embeddable":true,"href":"https:\/\/www.meydan.tv\/az\/wp-json\/wp\/v2\/tags?post=198516"}],"curies":[{"name":"wp","href":"https:\/\/api.w.org\/{rel}","templated":true}]}}