{"id":198514,"date":"2019-12-25T12:40:47","date_gmt":"2019-12-25T12:40:47","guid":{"rendered":"https:\/\/www.meydan.tv\/article\/abs-simali-koreyanin-milad-hediyyesi-ile-bas-etmeye-hazirdir\/"},"modified":"2019-12-25T12:40:47","modified_gmt":"2019-12-25T12:40:47","slug":"abs-simali-koreyanin-milad-hediyyesi-ile-bas-etmeye-hazirdir","status":"publish","type":"post","link":"https:\/\/www.meydan.tv\/az\/article\/abs-simali-koreyanin-milad-hediyyesi-ile-bas-etmeye-hazirdir\/","title":{"rendered":"AB\u015e \u015eimali Koreyan\u0131n \u201cMilad h\u0259diyy\u0259si\u201d il\u0259 ba\u015f etm\u0259y\u0259 haz\u0131rd\u0131r"},"content":{"rendered":"<p>\n  <i><br \/>\n    Tramp: \u201cB\u0259lk\u0259 raket s\u0131na\u011f\u0131ndan f\u0259rqli olaraq m\u0259n\u0259 g\u00f6z\u0259l bir vaza g\u00f6nd\u0259ril\u0259c\u0259k\u201d<br \/>\n  <\/i>\n<\/p>\n<p>\n  AB\u015e prezidenti Donald Tramp \u00e7\u0259r\u015f\u0259nb\u0259 ax\u015fam\u0131 \u015eimali Koreyan\u0131n \u201cMilad h\u0259diyy\u0259si\u201d bar\u0259d\u0259 x\u0259b\u0259rdarl\u0131\u011f\u0131n\u0131 qulaqard\u0131 ed\u0259r\u0259k, Pxenyan\u0131n uzun m\u0259nzilli raket s\u0131na\u011f\u0131 planlar\u0131n\u0131n AB\u015e-\u0131n diqq\u0259tind\u0259 oldu\u011funu s\u00f6yl\u0259yib.\n<\/p>\n<p>\n  \u015eimali Koreyan\u0131n \u0259n \u00f6n\u0259mli d\u0259st\u0259k\u00e7isi \u00c7in Va\u015finqtonu Tramp v\u0259 \u015eimali Koreya lideri Kim Jong Un aras\u0131nda Sinqapurda \u00f6t\u0259n il ke\u00e7irilmi\u015f zirv\u0259 g\u00f6r\u00fc\u015f\u00fcnd\u0259 \u0259ld\u0259 edil\u0259n raz\u0131la\u015fmalar\u0131 h\u0259yata ke\u00e7irm\u0259k \u00fc\u00e7\u00fcn konkret add\u0131mlar atma\u011fa \u00e7a\u011f\u0131r\u0131b.\n<\/p>\n<p>\n  \u00c7inin Xarici i\u015fl\u0259r naziri Wang Yi \u015eimali Koreya v\u0259 AB\u015e-\u0131 \u201cdaimi s\u00fclh rejiminin qurulmas\u0131 \u00fcz\u0259rind\u0259 v\u0259 (Koreya) yar\u0131madas\u0131nda tam n\u00fcv\u0259sizl\u0259\u015fm\u0259 \u00fc\u00e7\u00fcn m\u00fcmk\u00fcn yol x\u0259rit\u0259si\u201d i\u015fl\u0259m\u0259y\u0259 d\u0259v\u0259t edib.\n<\/p>\n<p>\n  \u015eimali Koreya bu ilin sonuna q\u0259d\u0259r AB\u015e-a \u00f6lk\u0259sinin n\u00fcv\u0259 arsenal\u0131na dair dan\u0131\u015f\u0131qlarda yeni g\u00fcz\u0259\u015ftl\u0259r t\u0259klif etm\u0259k v\u0259 r\u0259qibl\u0259r aras\u0131ndak\u0131 g\u0259rginliyi azaltmaq \u00fc\u00e7\u00fcn vaxt vermi\u015fdi. Bu add\u0131mlar\u0131n at\u0131lmad\u0131\u011f\u0131 t\u0259qdird\u0259 Va\u015finqton \u00fc\u00e7\u00fcn \u201cMilad h\u0259diyy\u0259si\u201d edil\u0259c\u0259yi x\u0259b\u0259rdarl\u0131\u011f\u0131 edilmi\u015fdi.\n<\/p>\n<p>\n  \u201cS\u00fcrprizin n\u0259 oldu\u011funu \u00f6yr\u0259n\u0259c\u0259yik v\u0259 bununla m\u0259\u015f\u011ful olaca\u011f\u0131q\u201d,- Tramp Mar-a-Lago kurortunda jurnalistl\u0259r\u0259 deyib: \u201cN\u0259 olaca\u011f\u0131n\u0131 g\u00f6r\u0259c\u0259yik\u201d.\n<\/p>\n<p>\n  \u201cB\u0259lk\u0259 d\u0259 bu, g\u00f6z\u0259l h\u0259diyy\u0259dir\u201d,- o bildirib: \u201cB\u0259lk\u0259 raket s\u0131na\u011f\u0131ndan f\u0259rqli olaraq m\u0259n\u0259 g\u00f6z\u0259l bir vaza g\u00f6nd\u0259ril\u0259c\u0259k?!\u201d\n<\/p>\n<p>\n  X\u0259b\u0259rdarl\u0131q ed\u0259rk\u0259n \u015eimali Koreya Va\u015finqtonu Tramp\u0131n g\u0259l\u0259n il t\u0259krar se\u00e7ki maratonu \u00f6nc\u0259si n\u00fcv\u0259sizl\u0259\u015fdirm\u0259 dan\u0131\u015f\u0131qlar\u0131n\u0131 uzatma\u011fa \u00e7al\u0131\u015fmaqda g\u00fcnahland\u0131r\u0131b v\u0259 milad h\u0259diyy\u0259sinin n\u0259 olaca\u011f\u0131n\u0131n tamamil\u0259 AB\u015e-a ba\u011fl\u0131 oldu\u011funu bildirib.\n<\/p>\n<p>\n  AB\u015e h\u0259rbi komandirl\u0259ri bildirib ki, \u015eimali Koreyan\u0131n cavab\u0131 2017-ci ild\u0259n b\u0259ri n\u00fcv\u0259 bombas\u0131 s\u0131naqlar\u0131 il\u0259 yana\u015f\u0131 \u015eimali Koreyan\u0131n dayand\u0131rd\u0131\u011f\u0131 uzun m\u0259nzilli raketin s\u0131na\u011f\u0131 ola bil\u0259r.\n<\/p>\n<p>\n  Tramp d\u0259f\u0259l\u0259rl\u0259 \u015eimali Koreya il\u0259 siyas\u0259tin u\u011furlu i\u015fl\u0259m\u0259sinin s\u00fcbutu olaraq raket s\u0131naqlar\u0131n\u0131n dayand\u0131r\u0131lmas\u0131n\u0131 g\u00f6st\u0259rib.<\/p>\n","protected":false},"excerpt":{"rendered":"<p>\u201cS\u00fcrprizin n\u0259 oldu\u011funu \u00f6yr\u0259n\u0259c\u0259yik v\u0259 bununla m\u0259\u015f\u011ful olaca\u011f\u0131q\u201d,- Tramp Mar-a-Lago kurortunda jurnalistl\u0259r\u0259 deyib<\/p>\n","protected":false},"author":11,"featured_media":134929,"comment_status":"closed","ping_status":"open","sticky":false,"template":"","format":"standard","meta":{"_acf_changed":false,"_sitemap_exclude":false,"_sitemap_priority":"","_sitemap_frequency":"","footnotes":""},"categories":[64],"tags":[],"class_list":["post-198514","post","type-post","status-publish","format-standard","has-post-thumbnail","hentry","category-dunya","infinite-scroll-item","generate-columns","tablet-grid-50","mobile-grid-100","grid-parent","grid-33","no-featured-image-padding"],"acf":[],"yoast_head":"<!-- This site is optimized with the Yoast SEO plugin v27.5 - https:\/\/yoast.com\/product\/yoast-seo-wordpress\/ -->\n<title>AB\u015e \u015eimali Koreyan\u0131n \u201cMilad h\u0259diyy\u0259si\u201d il\u0259 ba\u015f etm\u0259y\u0259 haz\u0131rd\u0131r - MEYDAN.TV<\/title>\n<meta name=\"robots\" content=\"index, follow, max-snippet:-1, max-image-preview:large, max-video-preview:-1\" \/>\n<link rel=\"canonical\" href=\"https:\/\/www.meydan.tv\/az\/article\/abs-simali-koreyanin-milad-hediyyesi-ile-bas-etmeye-hazirdir\/\" \/>\n<meta property=\"og:locale\" content=\"az_AZ\" \/>\n<meta property=\"og:type\" content=\"article\" \/>\n<meta property=\"og:title\" content=\"AB\u015e \u015eimali Koreyan\u0131n \u201cMilad h\u0259diyy\u0259si\u201d il\u0259 ba\u015f etm\u0259y\u0259 haz\u0131rd\u0131r - MEYDAN.TV\" \/>\n<meta property=\"og:description\" content=\"\u201cS\u00fcrprizin n\u0259 oldu\u011funu \u00f6yr\u0259n\u0259c\u0259yik v\u0259 bununla m\u0259\u015f\u011ful olaca\u011f\u0131q\u201d,- Tramp Mar-a-Lago kurortunda jurnalistl\u0259r\u0259 deyib\" \/>\n<meta property=\"og:url\" content=\"https:\/\/www.meydan.tv\/az\/article\/abs-simali-koreyanin-milad-hediyyesi-ile-bas-etmeye-hazirdir\/\" \/>\n<meta property=\"og:site_name\" content=\"MEYDAN.TV\" \/>\n<meta property=\"article:published_time\" content=\"2019-12-25T12:40:47+00:00\" \/>\n<meta property=\"og:image\" content=\"https:\/\/www.meydan.tv\/wp-content\/uploads\/maxresdefault_lcu57my.jpg\" \/>\n\t<meta property=\"og:image:width\" content=\"1280\" \/>\n\t<meta property=\"og:image:height\" content=\"720\" \/>\n\t<meta property=\"og:image:type\" content=\"image\/jpeg\" \/>\n<meta name=\"author\" content=\"user-manager\" \/>\n<meta name=\"twitter:card\" content=\"summary_large_image\" \/>\n<script type=\"application\/ld+json\" class=\"yoast-schema-graph\">{\"@context\":\"https:\\\/\\\/schema.org\",\"@graph\":[{\"@type\":\"Article\",\"@id\":\"https:\\\/\\\/www.meydan.tv\\\/az\\\/article\\\/abs-simali-koreyanin-milad-hediyyesi-ile-bas-etmeye-hazirdir\\\/#article\",\"isPartOf\":{\"@id\":\"https:\\\/\\\/www.meydan.tv\\\/az\\\/article\\\/abs-simali-koreyanin-milad-hediyyesi-ile-bas-etmeye-hazirdir\\\/\"},\"author\":{\"name\":\"user-manager\",\"@id\":\"https:\\\/\\\/www.meydan.tv\\\/az\\\/#\\\/schema\\\/person\\\/10d11eccf6da3662cf5fdab9806ea91a\"},\"headline\":\"AB\u015e \u015eimali Koreyan\u0131n \u201cMilad h\u0259diyy\u0259si\u201d il\u0259 ba\u015f etm\u0259y\u0259 haz\u0131rd\u0131r\",\"datePublished\":\"2019-12-25T12:40:47+00:00\",\"mainEntityOfPage\":{\"@id\":\"https:\\\/\\\/www.meydan.tv\\\/az\\\/article\\\/abs-simali-koreyanin-milad-hediyyesi-ile-bas-etmeye-hazirdir\\\/\"},\"wordCount\":433,\"publisher\":{\"@id\":\"https:\\\/\\\/www.meydan.tv\\\/az\\\/#organization\"},\"image\":{\"@id\":\"https:\\\/\\\/www.meydan.tv\\\/az\\\/article\\\/abs-simali-koreyanin-milad-hediyyesi-ile-bas-etmeye-hazirdir\\\/#primaryimage\"},\"thumbnailUrl\":\"https:\\\/\\\/www.meydan.tv\\\/wp-content\\\/uploads\\\/maxresdefault_lcu57my.jpg\",\"articleSection\":[\"D\u00fcnya\"],\"inLanguage\":\"az\"},{\"@type\":\"WebPage\",\"@id\":\"https:\\\/\\\/www.meydan.tv\\\/az\\\/article\\\/abs-simali-koreyanin-milad-hediyyesi-ile-bas-etmeye-hazirdir\\\/\",\"url\":\"https:\\\/\\\/www.meydan.tv\\\/az\\\/article\\\/abs-simali-koreyanin-milad-hediyyesi-ile-bas-etmeye-hazirdir\\\/\",\"name\":\"AB\u015e \u015eimali Koreyan\u0131n \u201cMilad h\u0259diyy\u0259si\u201d il\u0259 ba\u015f etm\u0259y\u0259 haz\u0131rd\u0131r - MEYDAN.TV\",\"isPartOf\":{\"@id\":\"https:\\\/\\\/www.meydan.tv\\\/az\\\/#website\"},\"primaryImageOfPage\":{\"@id\":\"https:\\\/\\\/www.meydan.tv\\\/az\\\/article\\\/abs-simali-koreyanin-milad-hediyyesi-ile-bas-etmeye-hazirdir\\\/#primaryimage\"},\"image\":{\"@id\":\"https:\\\/\\\/www.meydan.tv\\\/az\\\/article\\\/abs-simali-koreyanin-milad-hediyyesi-ile-bas-etmeye-hazirdir\\\/#primaryimage\"},\"thumbnailUrl\":\"https:\\\/\\\/www.meydan.tv\\\/wp-content\\\/uploads\\\/maxresdefault_lcu57my.jpg\",\"datePublished\":\"2019-12-25T12:40:47+00:00\",\"breadcrumb\":{\"@id\":\"https:\\\/\\\/www.meydan.tv\\\/az\\\/article\\\/abs-simali-koreyanin-milad-hediyyesi-ile-bas-etmeye-hazirdir\\\/#breadcrumb\"},\"inLanguage\":\"az\",\"potentialAction\":[{\"@type\":\"ReadAction\",\"target\":[\"https:\\\/\\\/www.meydan.tv\\\/az\\\/article\\\/abs-simali-koreyanin-milad-hediyyesi-ile-bas-etmeye-hazirdir\\\/\"]}]},{\"@type\":\"ImageObject\",\"inLanguage\":\"az\",\"@id\":\"https:\\\/\\\/www.meydan.tv\\\/az\\\/article\\\/abs-simali-koreyanin-milad-hediyyesi-ile-bas-etmeye-hazirdir\\\/#primaryimage\",\"url\":\"https:\\\/\\\/www.meydan.tv\\\/wp-content\\\/uploads\\\/maxresdefault_lcu57my.jpg\",\"contentUrl\":\"https:\\\/\\\/www.meydan.tv\\\/wp-content\\\/uploads\\\/maxresdefault_lcu57my.jpg\",\"width\":1280,\"height\":720,\"caption\":\"Source: Foto: arxiv\"},{\"@type\":\"BreadcrumbList\",\"@id\":\"https:\\\/\\\/www.meydan.tv\\\/az\\\/article\\\/abs-simali-koreyanin-milad-hediyyesi-ile-bas-etmeye-hazirdir\\\/#breadcrumb\",\"itemListElement\":[{\"@type\":\"ListItem\",\"position\":1,\"name\":\"Ana s\u0259hif\u0259\",\"item\":\"https:\\\/\\\/www.meydan.tv\\\/az\\\/\"},{\"@type\":\"ListItem\",\"position\":2,\"name\":\"D\u00fcnya\",\"item\":\"https:\\\/\\\/www.meydan.tv\\\/az\\\/section\\\/dunya\\\/\"},{\"@type\":\"ListItem\",\"position\":3,\"name\":\"AB\u015e \u015eimali Koreyan\u0131n \u201cMilad h\u0259diyy\u0259si\u201d il\u0259 ba\u015f etm\u0259y\u0259 haz\u0131rd\u0131r\"}]},{\"@type\":\"WebSite\",\"@id\":\"https:\\\/\\\/www.meydan.tv\\\/az\\\/#website\",\"url\":\"https:\\\/\\\/www.meydan.tv\\\/az\\\/\",\"name\":\"MEYDAN.TV\",\"description\":\"Meydan TV Az\u0259rbaycan\u0131n media m\u0259kan\u0131ndak\u0131 alternativ s\u0259sidir\",\"publisher\":{\"@id\":\"https:\\\/\\\/www.meydan.tv\\\/az\\\/#organization\"},\"potentialAction\":[{\"@type\":\"SearchAction\",\"target\":{\"@type\":\"EntryPoint\",\"urlTemplate\":\"https:\\\/\\\/www.meydan.tv\\\/az\\\/?s={search_term_string}\"},\"query-input\":{\"@type\":\"PropertyValueSpecification\",\"valueRequired\":true,\"valueName\":\"search_term_string\"}}],\"inLanguage\":\"az\"},{\"@type\":\"Organization\",\"@id\":\"https:\\\/\\\/www.meydan.tv\\\/az\\\/#organization\",\"name\":\"Meydan TV\",\"url\":\"https:\\\/\\\/www.meydan.tv\\\/az\\\/\",\"logo\":{\"@type\":\"ImageObject\",\"inLanguage\":\"az\",\"@id\":\"https:\\\/\\\/www.meydan.tv\\\/az\\\/#\\\/schema\\\/logo\\\/image\\\/\",\"url\":\"https:\\\/\\\/www.meydan.tv\\\/wp-content\\\/uploads\\\/2021\\\/07\\\/meydan-logo.svg\",\"contentUrl\":\"https:\\\/\\\/www.meydan.tv\\\/wp-content\\\/uploads\\\/2021\\\/07\\\/meydan-logo.svg\",\"width\":195,\"height\":46,\"caption\":\"Meydan TV\"},\"image\":{\"@id\":\"https:\\\/\\\/www.meydan.tv\\\/az\\\/#\\\/schema\\\/logo\\\/image\\\/\"}},{\"@type\":\"Person\",\"@id\":\"https:\\\/\\\/www.meydan.tv\\\/az\\\/#\\\/schema\\\/person\\\/10d11eccf6da3662cf5fdab9806ea91a\",\"name\":\"user-manager\"}]}<\/script>\n<!-- \/ Yoast SEO plugin. -->","yoast_head_json":{"title":"AB\u015e \u015eimali Koreyan\u0131n \u201cMilad h\u0259diyy\u0259si\u201d il\u0259 ba\u015f etm\u0259y\u0259 haz\u0131rd\u0131r - MEYDAN.TV","robots":{"index":"index","follow":"follow","max-snippet":"max-snippet:-1","max-image-preview":"max-image-preview:large","max-video-preview":"max-video-preview:-1"},"canonical":"https:\/\/www.meydan.tv\/az\/article\/abs-simali-koreyanin-milad-hediyyesi-ile-bas-etmeye-hazirdir\/","og_locale":"az_AZ","og_type":"article","og_title":"AB\u015e \u015eimali Koreyan\u0131n \u201cMilad h\u0259diyy\u0259si\u201d il\u0259 ba\u015f etm\u0259y\u0259 haz\u0131rd\u0131r - MEYDAN.TV","og_description":"\u201cS\u00fcrprizin n\u0259 oldu\u011funu \u00f6yr\u0259n\u0259c\u0259yik v\u0259 bununla m\u0259\u015f\u011ful olaca\u011f\u0131q\u201d,- Tramp Mar-a-Lago kurortunda jurnalistl\u0259r\u0259 deyib","og_url":"https:\/\/www.meydan.tv\/az\/article\/abs-simali-koreyanin-milad-hediyyesi-ile-bas-etmeye-hazirdir\/","og_site_name":"MEYDAN.TV","article_published_time":"2019-12-25T12:40:47+00:00","og_image":[{"width":1280,"height":720,"url":"https:\/\/www.meydan.tv\/wp-content\/uploads\/maxresdefault_lcu57my.jpg","type":"image\/jpeg"}],"author":"user-manager","twitter_card":"summary_large_image","schema":{"@context":"https:\/\/schema.org","@graph":[{"@type":"Article","@id":"https:\/\/www.meydan.tv\/az\/article\/abs-simali-koreyanin-milad-hediyyesi-ile-bas-etmeye-hazirdir\/#article","isPartOf":{"@id":"https:\/\/www.meydan.tv\/az\/article\/abs-simali-koreyanin-milad-hediyyesi-ile-bas-etmeye-hazirdir\/"},"author":{"name":"user-manager","@id":"https:\/\/www.meydan.tv\/az\/#\/schema\/person\/10d11eccf6da3662cf5fdab9806ea91a"},"headline":"AB\u015e \u015eimali Koreyan\u0131n \u201cMilad h\u0259diyy\u0259si\u201d il\u0259 ba\u015f etm\u0259y\u0259 haz\u0131rd\u0131r","datePublished":"2019-12-25T12:40:47+00:00","mainEntityOfPage":{"@id":"https:\/\/www.meydan.tv\/az\/article\/abs-simali-koreyanin-milad-hediyyesi-ile-bas-etmeye-hazirdir\/"},"wordCount":433,"publisher":{"@id":"https:\/\/www.meydan.tv\/az\/#organization"},"image":{"@id":"https:\/\/www.meydan.tv\/az\/article\/abs-simali-koreyanin-milad-hediyyesi-ile-bas-etmeye-hazirdir\/#primaryimage"},"thumbnailUrl":"https:\/\/www.meydan.tv\/wp-content\/uploads\/maxresdefault_lcu57my.jpg","articleSection":["D\u00fcnya"],"inLanguage":"az"},{"@type":"WebPage","@id":"https:\/\/www.meydan.tv\/az\/article\/abs-simali-koreyanin-milad-hediyyesi-ile-bas-etmeye-hazirdir\/","url":"https:\/\/www.meydan.tv\/az\/article\/abs-simali-koreyanin-milad-hediyyesi-ile-bas-etmeye-hazirdir\/","name":"AB\u015e \u015eimali Koreyan\u0131n \u201cMilad h\u0259diyy\u0259si\u201d il\u0259 ba\u015f etm\u0259y\u0259 haz\u0131rd\u0131r - MEYDAN.TV","isPartOf":{"@id":"https:\/\/www.meydan.tv\/az\/#website"},"primaryImageOfPage":{"@id":"https:\/\/www.meydan.tv\/az\/article\/abs-simali-koreyanin-milad-hediyyesi-ile-bas-etmeye-hazirdir\/#primaryimage"},"image":{"@id":"https:\/\/www.meydan.tv\/az\/article\/abs-simali-koreyanin-milad-hediyyesi-ile-bas-etmeye-hazirdir\/#primaryimage"},"thumbnailUrl":"https:\/\/www.meydan.tv\/wp-content\/uploads\/maxresdefault_lcu57my.jpg","datePublished":"2019-12-25T12:40:47+00:00","breadcrumb":{"@id":"https:\/\/www.meydan.tv\/az\/article\/abs-simali-koreyanin-milad-hediyyesi-ile-bas-etmeye-hazirdir\/#breadcrumb"},"inLanguage":"az","potentialAction":[{"@type":"ReadAction","target":["https:\/\/www.meydan.tv\/az\/article\/abs-simali-koreyanin-milad-hediyyesi-ile-bas-etmeye-hazirdir\/"]}]},{"@type":"ImageObject","inLanguage":"az","@id":"https:\/\/www.meydan.tv\/az\/article\/abs-simali-koreyanin-milad-hediyyesi-ile-bas-etmeye-hazirdir\/#primaryimage","url":"https:\/\/www.meydan.tv\/wp-content\/uploads\/maxresdefault_lcu57my.jpg","contentUrl":"https:\/\/www.meydan.tv\/wp-content\/uploads\/maxresdefault_lcu57my.jpg","width":1280,"height":720,"caption":"Source: Foto: arxiv"},{"@type":"BreadcrumbList","@id":"https:\/\/www.meydan.tv\/az\/article\/abs-simali-koreyanin-milad-hediyyesi-ile-bas-etmeye-hazirdir\/#breadcrumb","itemListElement":[{"@type":"ListItem","position":1,"name":"Ana s\u0259hif\u0259","item":"https:\/\/www.meydan.tv\/az\/"},{"@type":"ListItem","position":2,"name":"D\u00fcnya","item":"https:\/\/www.meydan.tv\/az\/section\/dunya\/"},{"@type":"ListItem","position":3,"name":"AB\u015e \u015eimali Koreyan\u0131n \u201cMilad h\u0259diyy\u0259si\u201d il\u0259 ba\u015f etm\u0259y\u0259 haz\u0131rd\u0131r"}]},{"@type":"WebSite","@id":"https:\/\/www.meydan.tv\/az\/#website","url":"https:\/\/www.meydan.tv\/az\/","name":"MEYDAN.TV","description":"Meydan TV Az\u0259rbaycan\u0131n media m\u0259kan\u0131ndak\u0131 alternativ s\u0259sidir","publisher":{"@id":"https:\/\/www.meydan.tv\/az\/#organization"},"potentialAction":[{"@type":"SearchAction","target":{"@type":"EntryPoint","urlTemplate":"https:\/\/www.meydan.tv\/az\/?s={search_term_string}"},"query-input":{"@type":"PropertyValueSpecification","valueRequired":true,"valueName":"search_term_string"}}],"inLanguage":"az"},{"@type":"Organization","@id":"https:\/\/www.meydan.tv\/az\/#organization","name":"Meydan TV","url":"https:\/\/www.meydan.tv\/az\/","logo":{"@type":"ImageObject","inLanguage":"az","@id":"https:\/\/www.meydan.tv\/az\/#\/schema\/logo\/image\/","url":"https:\/\/www.meydan.tv\/wp-content\/uploads\/2021\/07\/meydan-logo.svg","contentUrl":"https:\/\/www.meydan.tv\/wp-content\/uploads\/2021\/07\/meydan-logo.svg","width":195,"height":46,"caption":"Meydan TV"},"image":{"@id":"https:\/\/www.meydan.tv\/az\/#\/schema\/logo\/image\/"}},{"@type":"Person","@id":"https:\/\/www.meydan.tv\/az\/#\/schema\/person\/10d11eccf6da3662cf5fdab9806ea91a","name":"user-manager"}]}},"_links":{"self":[{"href":"https:\/\/www.meydan.tv\/az\/wp-json\/wp\/v2\/posts\/198514","targetHints":{"allow":["GET"]}}],"collection":[{"href":"https:\/\/www.meydan.tv\/az\/wp-json\/wp\/v2\/posts"}],"about":[{"href":"https:\/\/www.meydan.tv\/az\/wp-json\/wp\/v2\/types\/post"}],"author":[{"embeddable":true,"href":"https:\/\/www.meydan.tv\/az\/wp-json\/wp\/v2\/users\/11"}],"replies":[{"embeddable":true,"href":"https:\/\/www.meydan.tv\/az\/wp-json\/wp\/v2\/comments?post=198514"}],"version-history":[{"count":0,"href":"https:\/\/www.meydan.tv\/az\/wp-json\/wp\/v2\/posts\/198514\/revisions"}],"wp:featuredmedia":[{"embeddable":true,"href":"https:\/\/www.meydan.tv\/az\/wp-json\/wp\/v2\/media\/134929"}],"wp:attachment":[{"href":"https:\/\/www.meydan.tv\/az\/wp-json\/wp\/v2\/media?parent=198514"}],"wp:term":[{"taxonomy":"category","embeddable":true,"href":"https:\/\/www.meydan.tv\/az\/wp-json\/wp\/v2\/categories?post=198514"},{"taxonomy":"post_tag","embeddable":true,"href":"https:\/\/www.meydan.tv\/az\/wp-json\/wp\/v2\/tags?post=198514"}],"curies":[{"name":"wp","href":"https:\/\/api.w.org\/{rel}","templated":true}]}}