{"id":198513,"date":"2019-12-25T11:20:38","date_gmt":"2019-12-25T11:20:38","guid":{"rendered":"https:\/\/www.meydan.tv\/article\/cernobil-faciesinin-qurbani-heyati-haqqinda-film-cekilmesine-etiraz-edib\/"},"modified":"2019-12-25T11:20:38","modified_gmt":"2019-12-25T11:20:38","slug":"cernobil-faciesinin-qurbani-heyati-haqqinda-film-cekilmesine-etiraz-edib","status":"publish","type":"post","link":"https:\/\/www.meydan.tv\/az\/article\/cernobil-faciesinin-qurbani-heyati-haqqinda-film-cekilmesine-etiraz-edib\/","title":{"rendered":"\u00c7ernob\u0131l faci\u0259sinin qurban\u0131 h\u0259yat\u0131 haqq\u0131nda film \u00e7\u0259kilm\u0259sin\u0259 etiraz edib"},"content":{"rendered":"<p>\n  <i><br \/>\n    \u201cBil\u0259nd\u0259 ki, haqq\u0131mda film \u00e7\u0259kil\u0259c\u0259k, \u00e7ox pis oldum\u201d<br \/>\n  <\/i>\n<\/p>\n<p>\n  \u00c7ernob\u0131l texnogen faci\u0259si zaman\u0131 h\u0259yat\u0131n\u0131 itir\u0259n yan\u011f\u0131ns\u00f6nd\u00fcr\u0259n Vasili \u0130qnatenkonun h\u0259yat yolda\u015f\u0131 Lyudmila eyniadl\u0131 serialda onun h\u0259yat hekay\u0259sinin ekranla\u015fd\u0131rmas\u0131na etiraz edib.\n<\/p>\n<p>\n  <a href=\"https:\/\/ria.ru\/20191224\/1562766961.html\"><br \/>\n    Rusiya m\u0259tbuat\u0131<br \/>\n  <\/a><br \/>\n  yaz\u0131r yaz\u0131r ki, m\u0259rhum yan\u011f\u0131ns\u00f6nd\u00fcr\u0259nin h\u0259yat yolda\u015f\u0131na filmin yarad\u0131c\u0131 hey\u0259ti t\u0259r\u0259find\u0259n m\u00fcraci\u0259t olunub ki, hadis\u0259l\u0259ri t\u0259fsilat\u0131 il\u0259 dan\u0131\u015fs\u0131n. Lakin Lyudmila raz\u0131la\u015fmay\u0131b, h\u0259tta onlara h\u0259yat\u0131 il\u0259 ba\u011fl\u0131 film \u00e7\u0259kilm\u0259sin\u0259 etiraz edib. Lakin onun t\u0259l\u0259bi yerin\u0259 yetirilm\u0259yib. \u00c7\u0259kili\u015fl\u0259r bit\u0259nd\u0259n sonra is\u0259 ona \u00fc\u00e7 min dollar t\u0259klif olunub. \u0130qnatenko pulu g\u00f6t\u00fcrm\u0259kd\u0259n imtina edib.\n<\/p>\n<p>\n  \u201cBil\u0259nd\u0259 ki, haqq\u0131mda film \u00e7\u0259kil\u0259c\u0259k, \u00e7ox pis oldum. Filmin n\u00fcmayi\u015find\u0259n sonra i\u015f o yer\u0259 \u00e7atm\u0131\u015fd\u0131 ki, jurnalistl\u0259r evim\u0259 q\u0259d\u0259r soxulurdular\u201d, &#8211; Lyudmila \u0130qnatenko deyib .\n<\/p>\n<p>\n  Serialla ba\u011fl\u0131 m\u0259sul \u015f\u0259xsl\u0259r v\u0259 HBO telekanal\u0131n\u0131n r\u0259smil\u0259ri Lyudmila \u0130qnatenkonun \u015fikay\u0259tini t\u0259kzib edib.\n<\/p>\n<p>\n  Serialda Lyudmila \u0130qnatenko obraz\u0131n\u0131 Cessi Bakli canland\u0131r\u0131b.\n<\/p>\n<p>\n  2019-cu ilin may\u0131nda AB\u015e-\u0131n \u201cHBO\u201d telekanal\u0131nda yay\u0131mlanan be\u015fhiss\u0259li \u201c\u00c7ernob\u0131l\u201d serial\u0131 b\u00fct\u00fcn d\u00fcnyada b\u00f6y\u00fck mara\u011fa s\u0259b\u0259b olub. Rejissor Yohan Renkin tarixi dram janr\u0131nda \u00e7\u0259kdiyi film, 1986-ci il aprelin 26-da \u00c7ernob\u0131l \u015f\u0259h\u0259rind\u0259 Atom Elektrik Stansiyas\u0131n\u0131n 4-c\u00fc enerji blokunda partlay\u0131\u015f n\u0259tic\u0259sind\u0259 ba\u015f ver\u0259n faci\u0259d\u0259n b\u0259hs edir.\n<\/p>\n<p>\n  Serial\u0131n 30 faizi Kiyevd\u0259, qalan hiss\u0259l\u0259ri is\u0259 Litvada \u00e7\u0259kilib.\n<\/p>\n<p>\n  Ssenari m\u00fc\u0259llifi Kreyq Meyzi miniserialda \u00c7ernob\u0131l faci\u0259si il\u0259 yana\u015f\u0131, d\u00f6vr\u00fcn m\u00f6vcud hakimiyy\u0259tinin yalan\u00e7\u0131 t\u0259bli\u011fat\u0131n\u0131 da g\u00f6st\u0259rm\u0259k ist\u0259yib. Bunun \u00fc\u00e7\u00fcn o, 2,5 il \u0259rzind\u0259 arxiv materiallar\u0131n\u0131 toplay\u0131b. Tarixi m\u0259nb\u0259l\u0259rl\u0259 yana\u015f\u0131, h\u0259m\u00e7inin Ukrayna \u0259silli Belarus yaz\u0131\u00e7\u0131s\u0131, \u0259d\u0259biyyat \u00fczr\u0259 Nobel m\u00fckafat\u0131 laureat\u0131 Svetlana Aleksiyevi\u00e7in s\u0259n\u0259dli n\u0259sr janr\u0131nda yazd\u0131\u011f\u0131 \u201c\u00c7ernob\u0131l dualar\u0131. G\u0259l\u0259c\u0259yin xronikas\u0131\u201d adl\u0131 kitab\u0131ndan b\u0259hr\u0259l\u0259nib.\n<\/p>\n<p>\n  Haz\u0131rda partlay\u0131\u015f ba\u015f ver\u0259n 4 sayl\u0131 n\u00fcv\u0259 reaktorunun \u00fcz\u0259ri 360 min tonluq sarkofaqla \u00f6rt\u00fcl\u00fcb. H\u0259min \u0259m\u0259liyyatda 129 n\u0259f\u0259r Az\u0259rbaycan v\u0259t\u0259nda\u015f\u0131 da i\u015ftirak edib. Hadis\u0259 ba\u015f ver\u0259n ilk aylarda is\u0259 q\u0259za yerin\u0259 t\u0259xmin\u0259n 7 min az\u0259rbaycanl\u0131 apar\u0131l\u0131b. \u018fn son m\u0259lumatlara g\u00f6r\u0259, Az\u0259rbaycanda 4594 \u00c7ernob\u0131l q\u0259zas\u0131n\u0131n i\u015ftirak\u00e7\u0131s\u0131 ya\u015fay\u0131r. Onlar\u0131n doxsan faizind\u0259n \u00e7oxuna \u0259lillik statusu verilib. Haz\u0131rda kateqoriyas\u0131ndan as\u0131l\u0131 olaraq, \u0259lill\u0259r\u0259 ayl\u0131q m\u00fcavin\u0259t kimi 100-150 manat pul \u00f6d\u0259nilir.\n<\/p>\n<p>\n  \u201cReuters\u201din verdiyi m\u0259lumata g\u00f6r\u0259, m\u0259hz bu serialdan sonra \u00c7ernob\u0131la s\u0259yah\u0259t ed\u0259n turistl\u0259rin say\u0131 q\u0131rx faiz art\u0131b.\n<\/p>\n<p>\n  Aliml\u0259rin g\u0259ldiyi q\u0259na\u0259t\u0259 g\u00f6r\u0259, \u00c7ernob\u0131l \u0259razisind\u0259 tam t\u0259hl\u00fck\u0259siz \u015f\u0259raitd\u0259 ya\u015famaq \u00fc\u00e7\u00fcn t\u0259qrib\u0259n 20 min il\u0259 ehtiyac var.<\/p>\n","protected":false},"excerpt":{"rendered":"<p>Ssenari m\u00fc\u0259llifi Kreyq Meyzi miniserialda \u00c7ernob\u0131l faci\u0259si il\u0259 yana\u015f\u0131, d\u00f6vr\u00fcn m\u00f6vcud hakimiyy\u0259tinin yalan\u00e7\u0131 t\u0259bli\u011fat\u0131n\u0131 da g\u00f6st\u0259rm\u0259k ist\u0259yib.<\/p>\n","protected":false},"author":11,"featured_media":134896,"comment_status":"closed","ping_status":"open","sticky":false,"template":"","format":"standard","meta":{"_acf_changed":false,"_sitemap_exclude":false,"_sitemap_priority":"","_sitemap_frequency":"","footnotes":""},"categories":[64],"tags":[],"class_list":["post-198513","post","type-post","status-publish","format-standard","has-post-thumbnail","hentry","category-dunya","infinite-scroll-item","generate-columns","tablet-grid-50","mobile-grid-100","grid-parent","grid-33","no-featured-image-padding"],"acf":[],"yoast_head":"<!-- This site is optimized with the Yoast SEO plugin v27.5 - https:\/\/yoast.com\/product\/yoast-seo-wordpress\/ -->\n<title>\u00c7ernob\u0131l faci\u0259sinin qurban\u0131 h\u0259yat\u0131 haqq\u0131nda film \u00e7\u0259kilm\u0259sin\u0259 etiraz edib - MEYDAN.TV<\/title>\n<meta name=\"robots\" content=\"index, follow, max-snippet:-1, max-image-preview:large, max-video-preview:-1\" \/>\n<link rel=\"canonical\" href=\"https:\/\/www.meydan.tv\/az\/article\/cernobil-faciesinin-qurbani-heyati-haqqinda-film-cekilmesine-etiraz-edib\/\" \/>\n<meta property=\"og:locale\" content=\"az_AZ\" \/>\n<meta property=\"og:type\" content=\"article\" \/>\n<meta property=\"og:title\" content=\"\u00c7ernob\u0131l faci\u0259sinin qurban\u0131 h\u0259yat\u0131 haqq\u0131nda film \u00e7\u0259kilm\u0259sin\u0259 etiraz edib - MEYDAN.TV\" \/>\n<meta property=\"og:description\" content=\"Ssenari m\u00fc\u0259llifi Kreyq Meyzi miniserialda \u00c7ernob\u0131l faci\u0259si il\u0259 yana\u015f\u0131, d\u00f6vr\u00fcn m\u00f6vcud hakimiyy\u0259tinin yalan\u00e7\u0131 t\u0259bli\u011fat\u0131n\u0131 da g\u00f6st\u0259rm\u0259k ist\u0259yib.\" \/>\n<meta property=\"og:url\" content=\"https:\/\/www.meydan.tv\/az\/article\/cernobil-faciesinin-qurbani-heyati-haqqinda-film-cekilmesine-etiraz-edib\/\" \/>\n<meta property=\"og:site_name\" content=\"MEYDAN.TV\" \/>\n<meta property=\"article:published_time\" content=\"2019-12-25T11:20:38+00:00\" \/>\n<meta property=\"og:image\" content=\"https:\/\/www.meydan.tv\/wp-content\/uploads\/irina.jpg\" \/>\n\t<meta property=\"og:image:width\" content=\"1193\" \/>\n\t<meta property=\"og:image:height\" content=\"685\" \/>\n\t<meta property=\"og:image:type\" content=\"image\/jpeg\" \/>\n<meta name=\"author\" content=\"user-manager\" \/>\n<meta name=\"twitter:card\" content=\"summary_large_image\" \/>\n<script type=\"application\/ld+json\" class=\"yoast-schema-graph\">{\"@context\":\"https:\\\/\\\/schema.org\",\"@graph\":[{\"@type\":\"Article\",\"@id\":\"https:\\\/\\\/www.meydan.tv\\\/az\\\/article\\\/cernobil-faciesinin-qurbani-heyati-haqqinda-film-cekilmesine-etiraz-edib\\\/#article\",\"isPartOf\":{\"@id\":\"https:\\\/\\\/www.meydan.tv\\\/az\\\/article\\\/cernobil-faciesinin-qurbani-heyati-haqqinda-film-cekilmesine-etiraz-edib\\\/\"},\"author\":{\"name\":\"user-manager\",\"@id\":\"https:\\\/\\\/www.meydan.tv\\\/az\\\/#\\\/schema\\\/person\\\/10d11eccf6da3662cf5fdab9806ea91a\"},\"headline\":\"\u00c7ernob\u0131l faci\u0259sinin qurban\u0131 h\u0259yat\u0131 haqq\u0131nda film \u00e7\u0259kilm\u0259sin\u0259 etiraz edib\",\"datePublished\":\"2019-12-25T11:20:38+00:00\",\"mainEntityOfPage\":{\"@id\":\"https:\\\/\\\/www.meydan.tv\\\/az\\\/article\\\/cernobil-faciesinin-qurbani-heyati-haqqinda-film-cekilmesine-etiraz-edib\\\/\"},\"wordCount\":546,\"publisher\":{\"@id\":\"https:\\\/\\\/www.meydan.tv\\\/az\\\/#organization\"},\"image\":{\"@id\":\"https:\\\/\\\/www.meydan.tv\\\/az\\\/article\\\/cernobil-faciesinin-qurbani-heyati-haqqinda-film-cekilmesine-etiraz-edib\\\/#primaryimage\"},\"thumbnailUrl\":\"https:\\\/\\\/www.meydan.tv\\\/wp-content\\\/uploads\\\/irina.jpg\",\"articleSection\":[\"D\u00fcnya\"],\"inLanguage\":\"az\"},{\"@type\":\"WebPage\",\"@id\":\"https:\\\/\\\/www.meydan.tv\\\/az\\\/article\\\/cernobil-faciesinin-qurbani-heyati-haqqinda-film-cekilmesine-etiraz-edib\\\/\",\"url\":\"https:\\\/\\\/www.meydan.tv\\\/az\\\/article\\\/cernobil-faciesinin-qurbani-heyati-haqqinda-film-cekilmesine-etiraz-edib\\\/\",\"name\":\"\u00c7ernob\u0131l faci\u0259sinin qurban\u0131 h\u0259yat\u0131 haqq\u0131nda film \u00e7\u0259kilm\u0259sin\u0259 etiraz edib - MEYDAN.TV\",\"isPartOf\":{\"@id\":\"https:\\\/\\\/www.meydan.tv\\\/az\\\/#website\"},\"primaryImageOfPage\":{\"@id\":\"https:\\\/\\\/www.meydan.tv\\\/az\\\/article\\\/cernobil-faciesinin-qurbani-heyati-haqqinda-film-cekilmesine-etiraz-edib\\\/#primaryimage\"},\"image\":{\"@id\":\"https:\\\/\\\/www.meydan.tv\\\/az\\\/article\\\/cernobil-faciesinin-qurbani-heyati-haqqinda-film-cekilmesine-etiraz-edib\\\/#primaryimage\"},\"thumbnailUrl\":\"https:\\\/\\\/www.meydan.tv\\\/wp-content\\\/uploads\\\/irina.jpg\",\"datePublished\":\"2019-12-25T11:20:38+00:00\",\"breadcrumb\":{\"@id\":\"https:\\\/\\\/www.meydan.tv\\\/az\\\/article\\\/cernobil-faciesinin-qurbani-heyati-haqqinda-film-cekilmesine-etiraz-edib\\\/#breadcrumb\"},\"inLanguage\":\"az\",\"potentialAction\":[{\"@type\":\"ReadAction\",\"target\":[\"https:\\\/\\\/www.meydan.tv\\\/az\\\/article\\\/cernobil-faciesinin-qurbani-heyati-haqqinda-film-cekilmesine-etiraz-edib\\\/\"]}]},{\"@type\":\"ImageObject\",\"inLanguage\":\"az\",\"@id\":\"https:\\\/\\\/www.meydan.tv\\\/az\\\/article\\\/cernobil-faciesinin-qurbani-heyati-haqqinda-film-cekilmesine-etiraz-edib\\\/#primaryimage\",\"url\":\"https:\\\/\\\/www.meydan.tv\\\/wp-content\\\/uploads\\\/irina.jpg\",\"contentUrl\":\"https:\\\/\\\/www.meydan.tv\\\/wp-content\\\/uploads\\\/irina.jpg\",\"width\":1193,\"height\":685,\"caption\":\"Source: Foto: arxiv\"},{\"@type\":\"BreadcrumbList\",\"@id\":\"https:\\\/\\\/www.meydan.tv\\\/az\\\/article\\\/cernobil-faciesinin-qurbani-heyati-haqqinda-film-cekilmesine-etiraz-edib\\\/#breadcrumb\",\"itemListElement\":[{\"@type\":\"ListItem\",\"position\":1,\"name\":\"Ana s\u0259hif\u0259\",\"item\":\"https:\\\/\\\/www.meydan.tv\\\/az\\\/\"},{\"@type\":\"ListItem\",\"position\":2,\"name\":\"D\u00fcnya\",\"item\":\"https:\\\/\\\/www.meydan.tv\\\/az\\\/section\\\/dunya\\\/\"},{\"@type\":\"ListItem\",\"position\":3,\"name\":\"\u00c7ernob\u0131l faci\u0259sinin qurban\u0131 h\u0259yat\u0131 haqq\u0131nda film \u00e7\u0259kilm\u0259sin\u0259 etiraz edib\"}]},{\"@type\":\"WebSite\",\"@id\":\"https:\\\/\\\/www.meydan.tv\\\/az\\\/#website\",\"url\":\"https:\\\/\\\/www.meydan.tv\\\/az\\\/\",\"name\":\"MEYDAN.TV\",\"description\":\"Meydan TV Az\u0259rbaycan\u0131n media m\u0259kan\u0131ndak\u0131 alternativ s\u0259sidir\",\"publisher\":{\"@id\":\"https:\\\/\\\/www.meydan.tv\\\/az\\\/#organization\"},\"potentialAction\":[{\"@type\":\"SearchAction\",\"target\":{\"@type\":\"EntryPoint\",\"urlTemplate\":\"https:\\\/\\\/www.meydan.tv\\\/az\\\/?s={search_term_string}\"},\"query-input\":{\"@type\":\"PropertyValueSpecification\",\"valueRequired\":true,\"valueName\":\"search_term_string\"}}],\"inLanguage\":\"az\"},{\"@type\":\"Organization\",\"@id\":\"https:\\\/\\\/www.meydan.tv\\\/az\\\/#organization\",\"name\":\"Meydan TV\",\"url\":\"https:\\\/\\\/www.meydan.tv\\\/az\\\/\",\"logo\":{\"@type\":\"ImageObject\",\"inLanguage\":\"az\",\"@id\":\"https:\\\/\\\/www.meydan.tv\\\/az\\\/#\\\/schema\\\/logo\\\/image\\\/\",\"url\":\"https:\\\/\\\/www.meydan.tv\\\/wp-content\\\/uploads\\\/2021\\\/07\\\/meydan-logo.svg\",\"contentUrl\":\"https:\\\/\\\/www.meydan.tv\\\/wp-content\\\/uploads\\\/2021\\\/07\\\/meydan-logo.svg\",\"width\":195,\"height\":46,\"caption\":\"Meydan TV\"},\"image\":{\"@id\":\"https:\\\/\\\/www.meydan.tv\\\/az\\\/#\\\/schema\\\/logo\\\/image\\\/\"}},{\"@type\":\"Person\",\"@id\":\"https:\\\/\\\/www.meydan.tv\\\/az\\\/#\\\/schema\\\/person\\\/10d11eccf6da3662cf5fdab9806ea91a\",\"name\":\"user-manager\"}]}<\/script>\n<!-- \/ Yoast SEO plugin. -->","yoast_head_json":{"title":"\u00c7ernob\u0131l faci\u0259sinin qurban\u0131 h\u0259yat\u0131 haqq\u0131nda film \u00e7\u0259kilm\u0259sin\u0259 etiraz edib - MEYDAN.TV","robots":{"index":"index","follow":"follow","max-snippet":"max-snippet:-1","max-image-preview":"max-image-preview:large","max-video-preview":"max-video-preview:-1"},"canonical":"https:\/\/www.meydan.tv\/az\/article\/cernobil-faciesinin-qurbani-heyati-haqqinda-film-cekilmesine-etiraz-edib\/","og_locale":"az_AZ","og_type":"article","og_title":"\u00c7ernob\u0131l faci\u0259sinin qurban\u0131 h\u0259yat\u0131 haqq\u0131nda film \u00e7\u0259kilm\u0259sin\u0259 etiraz edib - MEYDAN.TV","og_description":"Ssenari m\u00fc\u0259llifi Kreyq Meyzi miniserialda \u00c7ernob\u0131l faci\u0259si il\u0259 yana\u015f\u0131, d\u00f6vr\u00fcn m\u00f6vcud hakimiyy\u0259tinin yalan\u00e7\u0131 t\u0259bli\u011fat\u0131n\u0131 da g\u00f6st\u0259rm\u0259k ist\u0259yib.","og_url":"https:\/\/www.meydan.tv\/az\/article\/cernobil-faciesinin-qurbani-heyati-haqqinda-film-cekilmesine-etiraz-edib\/","og_site_name":"MEYDAN.TV","article_published_time":"2019-12-25T11:20:38+00:00","og_image":[{"width":1193,"height":685,"url":"https:\/\/www.meydan.tv\/wp-content\/uploads\/irina.jpg","type":"image\/jpeg"}],"author":"user-manager","twitter_card":"summary_large_image","schema":{"@context":"https:\/\/schema.org","@graph":[{"@type":"Article","@id":"https:\/\/www.meydan.tv\/az\/article\/cernobil-faciesinin-qurbani-heyati-haqqinda-film-cekilmesine-etiraz-edib\/#article","isPartOf":{"@id":"https:\/\/www.meydan.tv\/az\/article\/cernobil-faciesinin-qurbani-heyati-haqqinda-film-cekilmesine-etiraz-edib\/"},"author":{"name":"user-manager","@id":"https:\/\/www.meydan.tv\/az\/#\/schema\/person\/10d11eccf6da3662cf5fdab9806ea91a"},"headline":"\u00c7ernob\u0131l faci\u0259sinin qurban\u0131 h\u0259yat\u0131 haqq\u0131nda film \u00e7\u0259kilm\u0259sin\u0259 etiraz edib","datePublished":"2019-12-25T11:20:38+00:00","mainEntityOfPage":{"@id":"https:\/\/www.meydan.tv\/az\/article\/cernobil-faciesinin-qurbani-heyati-haqqinda-film-cekilmesine-etiraz-edib\/"},"wordCount":546,"publisher":{"@id":"https:\/\/www.meydan.tv\/az\/#organization"},"image":{"@id":"https:\/\/www.meydan.tv\/az\/article\/cernobil-faciesinin-qurbani-heyati-haqqinda-film-cekilmesine-etiraz-edib\/#primaryimage"},"thumbnailUrl":"https:\/\/www.meydan.tv\/wp-content\/uploads\/irina.jpg","articleSection":["D\u00fcnya"],"inLanguage":"az"},{"@type":"WebPage","@id":"https:\/\/www.meydan.tv\/az\/article\/cernobil-faciesinin-qurbani-heyati-haqqinda-film-cekilmesine-etiraz-edib\/","url":"https:\/\/www.meydan.tv\/az\/article\/cernobil-faciesinin-qurbani-heyati-haqqinda-film-cekilmesine-etiraz-edib\/","name":"\u00c7ernob\u0131l faci\u0259sinin qurban\u0131 h\u0259yat\u0131 haqq\u0131nda film \u00e7\u0259kilm\u0259sin\u0259 etiraz edib - MEYDAN.TV","isPartOf":{"@id":"https:\/\/www.meydan.tv\/az\/#website"},"primaryImageOfPage":{"@id":"https:\/\/www.meydan.tv\/az\/article\/cernobil-faciesinin-qurbani-heyati-haqqinda-film-cekilmesine-etiraz-edib\/#primaryimage"},"image":{"@id":"https:\/\/www.meydan.tv\/az\/article\/cernobil-faciesinin-qurbani-heyati-haqqinda-film-cekilmesine-etiraz-edib\/#primaryimage"},"thumbnailUrl":"https:\/\/www.meydan.tv\/wp-content\/uploads\/irina.jpg","datePublished":"2019-12-25T11:20:38+00:00","breadcrumb":{"@id":"https:\/\/www.meydan.tv\/az\/article\/cernobil-faciesinin-qurbani-heyati-haqqinda-film-cekilmesine-etiraz-edib\/#breadcrumb"},"inLanguage":"az","potentialAction":[{"@type":"ReadAction","target":["https:\/\/www.meydan.tv\/az\/article\/cernobil-faciesinin-qurbani-heyati-haqqinda-film-cekilmesine-etiraz-edib\/"]}]},{"@type":"ImageObject","inLanguage":"az","@id":"https:\/\/www.meydan.tv\/az\/article\/cernobil-faciesinin-qurbani-heyati-haqqinda-film-cekilmesine-etiraz-edib\/#primaryimage","url":"https:\/\/www.meydan.tv\/wp-content\/uploads\/irina.jpg","contentUrl":"https:\/\/www.meydan.tv\/wp-content\/uploads\/irina.jpg","width":1193,"height":685,"caption":"Source: Foto: arxiv"},{"@type":"BreadcrumbList","@id":"https:\/\/www.meydan.tv\/az\/article\/cernobil-faciesinin-qurbani-heyati-haqqinda-film-cekilmesine-etiraz-edib\/#breadcrumb","itemListElement":[{"@type":"ListItem","position":1,"name":"Ana s\u0259hif\u0259","item":"https:\/\/www.meydan.tv\/az\/"},{"@type":"ListItem","position":2,"name":"D\u00fcnya","item":"https:\/\/www.meydan.tv\/az\/section\/dunya\/"},{"@type":"ListItem","position":3,"name":"\u00c7ernob\u0131l faci\u0259sinin qurban\u0131 h\u0259yat\u0131 haqq\u0131nda film \u00e7\u0259kilm\u0259sin\u0259 etiraz edib"}]},{"@type":"WebSite","@id":"https:\/\/www.meydan.tv\/az\/#website","url":"https:\/\/www.meydan.tv\/az\/","name":"MEYDAN.TV","description":"Meydan TV Az\u0259rbaycan\u0131n media m\u0259kan\u0131ndak\u0131 alternativ s\u0259sidir","publisher":{"@id":"https:\/\/www.meydan.tv\/az\/#organization"},"potentialAction":[{"@type":"SearchAction","target":{"@type":"EntryPoint","urlTemplate":"https:\/\/www.meydan.tv\/az\/?s={search_term_string}"},"query-input":{"@type":"PropertyValueSpecification","valueRequired":true,"valueName":"search_term_string"}}],"inLanguage":"az"},{"@type":"Organization","@id":"https:\/\/www.meydan.tv\/az\/#organization","name":"Meydan TV","url":"https:\/\/www.meydan.tv\/az\/","logo":{"@type":"ImageObject","inLanguage":"az","@id":"https:\/\/www.meydan.tv\/az\/#\/schema\/logo\/image\/","url":"https:\/\/www.meydan.tv\/wp-content\/uploads\/2021\/07\/meydan-logo.svg","contentUrl":"https:\/\/www.meydan.tv\/wp-content\/uploads\/2021\/07\/meydan-logo.svg","width":195,"height":46,"caption":"Meydan TV"},"image":{"@id":"https:\/\/www.meydan.tv\/az\/#\/schema\/logo\/image\/"}},{"@type":"Person","@id":"https:\/\/www.meydan.tv\/az\/#\/schema\/person\/10d11eccf6da3662cf5fdab9806ea91a","name":"user-manager"}]}},"_links":{"self":[{"href":"https:\/\/www.meydan.tv\/az\/wp-json\/wp\/v2\/posts\/198513","targetHints":{"allow":["GET"]}}],"collection":[{"href":"https:\/\/www.meydan.tv\/az\/wp-json\/wp\/v2\/posts"}],"about":[{"href":"https:\/\/www.meydan.tv\/az\/wp-json\/wp\/v2\/types\/post"}],"author":[{"embeddable":true,"href":"https:\/\/www.meydan.tv\/az\/wp-json\/wp\/v2\/users\/11"}],"replies":[{"embeddable":true,"href":"https:\/\/www.meydan.tv\/az\/wp-json\/wp\/v2\/comments?post=198513"}],"version-history":[{"count":0,"href":"https:\/\/www.meydan.tv\/az\/wp-json\/wp\/v2\/posts\/198513\/revisions"}],"wp:featuredmedia":[{"embeddable":true,"href":"https:\/\/www.meydan.tv\/az\/wp-json\/wp\/v2\/media\/134896"}],"wp:attachment":[{"href":"https:\/\/www.meydan.tv\/az\/wp-json\/wp\/v2\/media?parent=198513"}],"wp:term":[{"taxonomy":"category","embeddable":true,"href":"https:\/\/www.meydan.tv\/az\/wp-json\/wp\/v2\/categories?post=198513"},{"taxonomy":"post_tag","embeddable":true,"href":"https:\/\/www.meydan.tv\/az\/wp-json\/wp\/v2\/tags?post=198513"}],"curies":[{"name":"wp","href":"https:\/\/api.w.org\/{rel}","templated":true}]}}