{"id":198505,"date":"2019-12-24T17:38:18","date_gmt":"2019-12-24T17:38:18","guid":{"rendered":"https:\/\/www.meydan.tv\/article\/jurnalistler-novruz-memmedovun-ispaniyada-mulkunu-askarlayib1\/"},"modified":"2019-12-24T17:38:18","modified_gmt":"2019-12-24T17:38:18","slug":"jurnalistler-novruz-memmedovun-ispaniyada-mulkunu-askarlayib1","status":"publish","type":"post","link":"https:\/\/www.meydan.tv\/az\/article\/jurnalistler-novruz-memmedovun-ispaniyada-mulkunu-askarlayib1\/","title":{"rendered":"Jurnalistl\u0259r Novruz M\u0259mm\u0259dovun \u0130spaniyada m\u00fclk\u00fcn\u00fc a\u015fkarlay\u0131b"},"content":{"rendered":"<p>\n  M\u0259qal\u0259<br \/>\n  <a href=\"https:\/\/novayagazeta.ru\/articles\/2019\/12\/22\/83259-mitropolit-v-metropolii?fbclid=IwAR1-DSTDv1EP4AJJbf4ZOnYU34qX5hHVdvzFsbaiqdbtMXPA79iUay11FUM\"><br \/>\n    Novaya q\u0430zet\u0430<br \/>\n  <\/a><br \/>\n  sayt\u0131nda d\u0259rc olunub\n<\/p>\n<p>\n  Rusiya Pravoslav kils\u0259sinin\u201cxarici i\u015fl\u0259r naziri\u201d \u015f\u00fcbh\u0259li \u015f\u00f6hr\u0259ti olan biznesmend\u0259n \u0130spaniyada elit da\u015f\u0131nmaz \u0259mlak\u0131 hans\u0131 xidm\u0259tin\u0259 g\u00f6r\u0259 al\u0131b?\n<\/p>\n<p>\n  \u201cBu g\u00fcn \u00e7i\u00e7\u0259kl\u0259n\u0259n \u00f6lk\u0259l\u0259rd\u0259n biri olan \u0130spaniyada yerlil\u0259rin k\u00fctl\u0259vi \u015f\u0259kild\u0259 da\u015f\u0131nmaz \u0259mlak satmas\u0131 v\u0259 onlar\u0131n rusiyal\u0131lar t\u0259r\u0259find\u0259n al\u0131nmas\u0131 fakt\u0131 b\u00fct\u00fcn d\u00fcnyaya yax\u015f\u0131 siqnald\u0131r\u201d.\n<\/p>\n<p>\n  Patriarx Kirill bu s\u00f6zl\u0259ri 2012-ci il fevral\u0131n 8-d\u0259 Vladimir Putin\u0259 \u00fc\u00e7\u00fcnc\u00fc d\u0259f\u0259 prezident se\u00e7ilm\u0259si m\u00fcnasib\u0259ti il\u0259 xeyir-dua ver\u0259nd\u0259 deyib. O q\u0131\u015f Moskvada v\u0259 Peterburqda etiraz \u0259hval-ruhiyy\u0259nin rekord s\u0259s-k\u00fcy\u00fc il\u0259 yadda qalm\u0131\u015fd\u0131, bu s\u0259b\u0259bd\u0259n Rusiya Pravoslav kils\u0259sinin Putini d\u0259st\u0259kl\u0259m\u0259si he\u00e7 d\u0259 art\u0131q deyildi. \u0130spaniyadak\u0131 passaj Kirillin tarixi k\u0259lm\u0259l\u0259rinin hadis\u0259l\u0259ri \u00f6nc\u0259d\u0259n qabaqlad\u0131\u011f\u0131n\u0131 s\u00fcbuta yetirib: \u201cVladimir Vladimirovi\u00e7, \u015f\u0259xs\u0259n siz tariximizin \u0259yrilikl\u0259rinin d\u00fcz\u0259ldilm\u0259sind\u0259 b\u00f6y\u00fck rol oynam\u0131s\u0131n\u0131z\u201d.\n<\/p>\n<figure class=\"wp-block-embed is-type-video is-provider-youtube wp-block-embed-youtube wp-embed-aspect-16-9 wp-has-aspect-ratio\">\n<div class=\"wp-block-embed__wrapper\">\n    <iframe\ttitle=\"Patriarx Kiril Putin haqq\u0131nda d\u00fc\u015f\u00fcnd\u00fckl\u0259rini deyir\" width=\"1200\" height=\"675\" data-src=\"https:\/\/www.youtube.com\/embed\/watch?v=dcP2QU0cXZ4&#038;feature=emb_logo\"\tframeborder=\"0\"\tallow=\"accelerometer; autoplay; clipboard-write; encrypted-media; gyroscope; picture-in-picture\" allowfullscreen src=\"data:image\/svg+xml;base64,PHN2ZyB3aWR0aD0iMSIgaGVpZ2h0PSIxIiB4bWxucz0iaHR0cDovL3d3dy53My5vcmcvMjAwMC9zdmciPjwvc3ZnPg==\" class=\"lazyload\" data-load-mode=\"1\"><\/iframe>\n  <\/div><figcaption>\n    Patriarx Kiril Putin haqq\u0131nda d\u00fc\u015f\u00fcnd\u00fckl\u0259rini deyir<br \/>\n  <\/figcaption><\/figure>\n<p>\n  G\u00f6r\u0259s\u0259n, patriarx o zaman bilirdi ki, d\u00f6rd ay \u0259vv\u0259l, 2011-ci il sentyabr\u0131n 30-da onun yax\u0131n \u0259m\u0259kda\u015f\u0131 v\u0259 Daxili Kils\u0259l\u0259r \u018flaq\u0259l\u0259r \u015e\u00f6b\u0259sinin s\u0259dri v\u0259zif\u0259sind\u0259 x\u0259l\u0259fi mitropolit \u0130larion (Alfeyev) Putinin say\u0259sind\u0259 \u0130spaniyada da\u015f\u0131nmaz \u0259mlak sahibi olan xo\u015fb\u0259xt rusiyal\u0131lar\u0131n siyah\u0131s\u0131na d\u00fc\u015f\u00fcb? Rusiya Pravoslav kils\u0259sinin patriarx\u0131 onu d\u0259qiq bilm\u0259yib ki, tezlikl\u0259 bu rusiyal\u0131lar \u201cd\u00fcnyaya \u00e7ox yax\u015f\u0131 siqnal \u0259v\u0259zin\u0259\u201d f\u0259lak\u0259t siqnal\u0131 g\u00f6nd\u0259rm\u0259y\u0259 ba\u015flayacaqlar.\n<\/p>\n<p>\n  \u0130spaniyada da\u015f\u0131nmaz \u0259mlakla ba\u011fl\u0131 \u015f\u00fcbh\u0259li \u201csxem\u201din qurbanlar\u0131 aras\u0131nda mitropolit \u0130larion da ola bil\u0259r. Onun Alteya \u015f\u0259h\u0259rind\u0259 (Alikante \u0259yal\u0259ti), d\u0259niz k\u0259nar\u0131nda, t\u0259p\u0259nin g\u00f6z ox\u015fayan \u0259t\u0259yind\u0259 yerl\u0259\u015f\u0259n Mare Nostrum II ya\u015fay\u0131\u015f kooperativind\u0259ki, dem\u0259k olar, b\u00fct\u00fcn qon\u015fular\u0131 bu durumdad\u0131r.\n<\/p>\n<p>\n  Rahib penthausu\n<\/p>\n<p>\n  Qriqori Alfeyev (d\u00fcny\u0259vi ad\u0131 \u0130lariondur) kooperativin \u0259n bahal\u0131 penthauslar\u0131ndan birinin sahibidir. O, son iki m\u0259rt\u0259b\u0259d\u0259 yerl\u0259\u015fir, \u00f6z a\u00e7\u0131q v\u0259 qapal\u0131 terraslar\u0131, barbekyu meydan\u00e7alar\u0131, hovuzu, iki yataq ota\u011f\u0131 v\u0259 bir \u00e7ox ba\u015fqa \u00f6z\u0259llikl\u0259ri var. Repetidor k\u00fc\u00e7\u0259sind\u0259ki 25 sayl\u0131 evd\u0259 yerl\u0259\u015f\u0259n apartamentin \u00fcmumi sah\u0259si in\u015faat\u0131n r\u0259smi bukletind\u0259 235 kv.m g\u00f6st\u0259rilib, qiym\u0259ti is\u0259 (2011-ci ilin hesablamalar\u0131na g\u00f6r\u0259) 950 000 avrodur. \u0130yerarx\u0131n yax\u0131n qon\u015fusu, h\u0259m d\u0259 \u00f6z\u00fcn\u00fcn b\u0259st\u0259karl\u0131q istedad\u0131 il\u0259 m\u0259\u015fhur olan Tamara Qverdsitelidir. Evd\u0259 h\u0259m\u00e7inin televiziya apar\u0131c\u0131s\u0131 Yuli Qusman, prod\u00fcser Timur Vayn\u015fteyn, Az\u0259rbaycan\u0131n ke\u00e7mi\u015f Ba\u015f naziri Novruz M\u0259mm\u0259dov, ukraynal\u0131 biznezmen Yuri Aptekar v\u0259 dig\u0259r m\u00f6t\u0259b\u0259r adamlar\u0131n m\u0259nzill\u0259ri var.\n<\/p>\n<figure class=\"wp-block-image size-large\">\n  <img decoding=\"async\" src=\"https:\/\/www.meydan.tv\/az\/bd-jpg\/\" alt=\"bd.jpg\" class=\"wp-image-134815\"\/><figcaption>\n    Mare Nostrum II ya\u015fay\u0131\u015f kompleksi:<br \/>\n  <\/figcaption><\/figure>\n<figure class=\"wp-block-image size-large\">\n  <img decoding=\"async\" src=\"https:\/\/www.meydan.tv\/az\/dd-jpg-2\/\" alt=\"dd.jpg\" class=\"wp-image-134824\"\/><figcaption>\n    Koopretaivin plan\u0131. Mitropolit \u0130larionun apartamenti q\u0131rm\u0131z\u0131 r\u0259ngl\u0259 qeyd edilib<br \/>\n  <\/figcaption><\/figure>\n<p>\n  Mitropolitin m\u0259nzili nec\u0259 almas\u0131 o q\u0259d\u0259r d\u0259 \u015f\u0259ffaf deyil. Bir t\u0259r\u0259fd\u0259n, o ist\u0259nil\u0259n rahib kimi tamahs\u0131zl\u0131q v\u0259di verib v\u0259 \u0259slind\u0259 g\u00fcnd\u0259lik m\u0259i\u015f\u0259td\u0259 \u0259n z\u0259rurisi istisna olmaqla, \u015f\u0259xsi m\u00fclk\u00fc ola bilm\u0259z. Dig\u0259r t\u0259r\u0259fd\u0259n, \u0130larion bir ne\u00e7\u0259 kils\u0259 v\u0259zif\u0259sin\u0259 g\u00f6r\u0259 kifay\u0259t q\u0259d\u0259r az maa\u015f al\u0131r v\u0259 bu q\u0259d\u0259r qazanc xaricd\u0259 elit da\u015f\u0131nmaz \u0259mlaka \u00e7\u0259tin ki \u00e7ats\u0131n. Amma m\u0259s\u0259l\u0259nin \u00fc\u00e7\u00fcnc\u00fc t\u0259r\u0259fi d\u0259 var. \u0130yerarx \u00f6z intellektual \u0259m\u0259yi v\u0259 yarad\u0131c\u0131l\u0131\u011f\u0131 say\u0259sind\u0259 \u2013 \u00e7oxsayl\u0131 kitablar, filml\u0259r v\u0259 musiqi \u0259s\u0259rl\u0259ri \u2013 m\u00fcxt\u0259lif qonorar v\u0259 m\u00fckafatlar al\u0131r.\n<\/p>\n<p>\n  Yeri g\u0259lmi\u015fk\u0259n, mitropolitin d\u00fcny\u0259vi ad\u0131 daha bir da\u015f\u0131nmaz \u0259mlak siyah\u0131s\u0131nda \u00e7\u0259kilir \u2013 bu d\u0259f\u0259 Rusiya. \u0130larion Moskva \u0259traf\u0131nda, M\u0131ti\u015fi \u015f\u0259h\u0259r dair\u0259sind\u0259 \u201cNovoaleksandrovo\u201d \u015f\u0259xsi evl\u0259r t\u0259\u015fkilat\u0131n\u0131n \u00fc\u00e7 t\u0259sis\u00e7isind\u0259n biridir.\n<\/p>\n<p>\n  Mitropolit Alteyaya tez-tez g\u0259lmir. Daha do\u011frusu, onun birc\u0259 d\u0259f\u0259, Aral\u0131q d\u0259nizind\u0259 bahal\u0131 yaxtada \u00fcz\u0259rk\u0259n bu \u015f\u0259h\u0259r\u0259 g\u0259lm\u0259si v\u0259 az m\u00fcdd\u0259t qalmas\u0131 d\u0259qiq m\u0259lumdur. \u018fv\u0259zind\u0259 penthausda iyerarx\u0131n anas\u0131 Valeriya Anatolyevnan\u0131 \u2013 sovet \u0259d\u0259biyyat\u00e7\u0131s\u0131n\u0131 g\u00f6r\u00fcbl\u0259r. Mitropolit\u0259 u\u015faq vaxt\u0131 bu qad\u0131n\u0131n soyad\u0131n\u0131 veribl\u0259r (\u0130larionun atas\u0131n\u0131n soayd\u0131 Da\u015fevskidir). Valeriya Anatolyevna qon\u015fular\u0131 il\u0259 gec-gec rastla\u015f\u0131b \u00ad\u2013 penthausun k\u00fc\u00e7\u0259y\u0259 ayr\u0131ca \u00e7\u0131x\u0131\u015f\u0131 var.\n<\/p>\n<p>\n  Evin yan\u0131nda 33 ya\u015fl\u0131 iyerorahib \u0130oanna (Kopeykin) b\u0259nz\u0259y\u0259n adam\u0131 da g\u00f6r\u00fcbl\u0259r. O, mitropolit \u0130larionun hamiliyi alt\u0131nda ba\u015fgic\u0259ll\u0259ndirici s\u00fcr\u0259tli karyera edib. 2007-ci ild\u0259 Penzen \u015ftatdan k\u0259nar ruhani m\u0259kt\u0259bini bitir\u0259n \u0130oann art\u0131q \u00fc\u00e7 ild\u0259n sonra \u0130sve\u00e7r\u0259d\u0259 Frisburq universitetind\u0259 t\u0259hsil al\u0131b, daha iki il sonra \u00dcmimi Kils\u0259l\u0259r aspiranturas\u0131 v\u0259 doktoranturas\u0131na ba\u015f\u00e7\u0131l\u0131q edib. H\u0259min t\u0259sisat\u0131n rektoru \u0130lariondur. \u201c\u0130drak M\u0259rk\u0259zi\u201d qeyri-kommersiya muxtar t\u0259\u015fkilat\u0131 il\u0259 ba\u011fl\u0131d\u0131r. H\u0259min t\u0259\u015fkilat Rusiya Pravoslav kils\u0259sinin ruhani m\u0259kt\u0259bl\u0259ri \u00fc\u00e7\u00fcn r\u0259smi kitablar d\u0259rc edir. T\u0259\u015fklat\u0131n arxas\u0131nda yegan\u0259 t\u0259sis\u00e7isi mitropolit \u0130larionun oldu\u011fu \u201c\u0130drak\u201d xeyriyy\u0259 fondu durur. Bel\u0259c\u0259, h\u0259min kitablar\u0131n m\u00fc\u0259lliflik h\u00fcququ Rusiya Pravoslav kils\u0259sind\u0259n \u015f\u0259xs\u0259n \u0130lariona ke\u00e7ib. H\u0259r\u00e7\u0259nd bu ba\u015fqa s\u00f6hb\u0259tin m\u00f6vzusudur&#8230;\n<\/p>\n<p>\n  Dam\n<\/p>\n<p>\n  F\u0131r\u0131lda\u011f\u0131n qurban\u0131 olan mitropolitin qon\u015fular\u0131 \u0259mindirl\u0259r ki, \u0130spaniya sahill\u0259rind\u0259ki m\u0259nzili Daxili Kils\u0259l\u0259r \u018flaq\u0259l\u0259r \u015e\u00f6b\u0259sinin s\u0259drin\u0259&#8230; ba\u011f\u0131\u015flay\u0131blar. Bunun bilavasit\u0259 t\u0259sdiqini kommunal \u00f6d\u0259m\u0259l\u0259rin borclular\u0131 bar\u0259d\u0259 m\u0259lumatlarda tapmaq olar.\n<\/p>\n<p>\n  Onun kommunal porcu 20 min avroya \u00e7at\u0131b. \u201cM\u0259nzil\u0259 milyonlar x\u0259rcl\u0259diyin halda bir ne\u00e7\u0259 min\u0259 \u201cq\u0259na\u0259t etm\u0259yin\u201d, bununla da xo\u015fag\u0259lm\u0259zliy\u0259 v\u0259 ad\u0131n\u0131n al\u0259m\u0259 yay\u0131mas\u0131na s\u0259b\u0259b olman\u0131n n\u0259 m\u0259nas\u0131 var ki? \u2013 \u0130larionun qon\u015fusu Yelena Mi\u015fenko t\u0259\u0259cc\u00fcbl\u0259nir. \u2013 Yegan\u0259 m\u0259ntiqi versiya budur: adam hesab edir ki, h\u0259diyy\u0259 ald\u0131\u011f\u0131 m\u0259nzil\u0259 g\u00f6r\u0259 he\u00e7 n\u0259 \u00f6d\u0259m\u0259m\u0259lidir\u201d.\n<\/p>\n<p>\n  Bu c\u00fcr d\u0259bd\u0259b\u0259li h\u0259diyy\u0259nin n\u0259 anlam\u0131 var v\u0259 onu kim edib?\n<\/p>\n<figure class=\"wp-block-image size-large\">\n  <img decoding=\"async\" src=\"https:\/\/www.meydan.tv\/az\/xr-jpg\/\" alt=\"xr.jpg\" class=\"wp-image-134821\"\/><figcaption>\n    Alteya \u015f\u0259h\u0259rind\u0259 M\u00fcq\u0259dd\u0259s Arxangel Mixail kils\u0259si<br \/>\n  <\/figcaption><\/figure>\n<p>\n  Mare Nostrum II ya\u015fay\u0131\u015f kompleksinin yan\u0131nda rus taxta kils\u0259si yerl\u0259\u015fir. Bu kils\u0259 \u015f\u0259xsi olsa da, qanunla Rusiya Pravoslav kils\u0259sin\u0259 aiddir. O, \u0130spaniyada ayr\u0131ca dayanan ilk rus m\u0259b\u0259didir. \u0130n\u015faat 2004-c\u00fc ld\u0259 ba\u015fa \u00e7at\u0131b, 2007-ci ild\u0259 is\u0259 kils\u0259y\u0259 \u015f\u0259xs\u0259n mitropolit Kirill xeyir-dua verib. G\u0259l\u0259c\u0259k patriarx onu Rusiya m\u0259n\u015f\u0259li ispan biznesmeni Mixail Boskonun, \u2013 bu \u015f\u0259xs kompleks v\u0259 kils\u0259nin in\u015faat\u00e7\u0131s\u0131d\u0131r, \u2013 s\u0259mavi hamisi arxistratiq \u0130lahi Mixailin ad\u0131n\u0131 verib.\n<\/p>\n<p>\n  Mixail Bosko dil\u00e7ilik n\u00f6qteyi-n\u0259z\u0259rd\u0259n qeyri-korrekt olsa da, soyad\u0131n\u0131n ispan dilind\u0259 kommersiya u\u011furlu transkripsiyas\u0131n\u0131 \u2013Bosco soyad\u0131n\u0131 se\u00e7ib. O, \u201cBosco\u201d \u015firk\u0259tin\u0259 xarakterik nax\u0131\u015flardan istifad\u0259 etm\u0259kl\u0259 \u00f6z \u015f\u0259xsi reklam m\u0259hsullar\u0131n\u0131 d\u0259rc etdikd\u0259n sonra ispanlar 90-c\u0131 ill\u0259rd\u0259 Rostovdan \u0130spaniyaya k\u00f6\u00e7m\u00fc\u015f sahibkar\u0131 d\u00fcnya brendinin qanuni n\u00fcmay\u0259nd\u0259si kimi q\u0259bul etm\u0259y\u0259 ba\u015flay\u0131blar. Biznesmen apar\u0131c\u0131 \u201cAlikante\u201d q\u0259zetin\u0259 a\u00e7\u0131qlay\u0131b ki, m\u0259hz Mixail Bosko (Bosco) \u201c\u0130spaniya v\u0259 Rusiya olimpiya y\u0131\u011fmalar\u0131 \u00fc\u00e7\u00fcn formalar tikir\u201d.\n<\/p>\n<p>\n  Bosko da\u015f\u0131nmaz \u0259mlakla i\u015f \u00fc\u00e7\u00fcn \u201cVeraBosco\u201d \u015firk\u0259tini qeydiyyatdan ke\u00e7irir. Bu \u015firk\u0259t onun iki il \u0259vv\u0259l Rostovda f\u0131r\u0131ldaq \u00fcst\u00fcnd\u0259 m\u00fchakim\u0259 edilmi\u015f anas\u0131n\u0131n \u015f\u0259r\u0259fin\u0259 adland\u0131r\u0131l\u0131b. 2000-l\u0259rin sonunda \u015firk\u0259t Moskvada xarici da\u015f\u0131nmaz \u0259mlak yarmarkalar\u0131nda yax\u0131ndan i\u015ftirak edib v\u0259 Yakimankada ofisi olub, lakin haz\u0131rda he\u00e7 sayt\u0131 da a\u00e7\u0131lm\u0131r. Vera Boskonun ad\u0131na bizi maraqland\u0131ran evd\u0259 bir ne\u00e7\u0259 m\u0259nzil var, qad\u0131n 2016-cl ild\u0259 \u0130spaniyaya getm\u0259y\u0259 c\u0259hd ed\u0259rk\u0259n Domodedovo hava liman\u0131nda saxlan\u0131l\u0131b. \u201cKristall Loqist\u201d MMC-nin r\u0259hb\u0259ri olan Vera Bosko C\u0259nub federal universitetin\u0259 mebal \u00e7atd\u0131rmaq \u00fc\u00e7\u00fcn federal b\u00fcdc\u0259d\u0259n 13 milyon rubl al\u0131b, lakin a\u015fa\u011f\u0131 keyfiyy\u0259tli mal \u00e7atd\u0131rmaqla sifari\u015f\u00e7ini aldatma\u011fa c\u0259hd edib. Rostovun Leninski M\u0259hk\u0259m\u0259si 2017-ci ild\u0259 onu f\u0131r\u0131ldaqla ittiham edib, lakin ah\u0131l ya\u015f\u0131na g\u00f6r\u0259 (76 ya\u015f) s\u0259rb\u0259st burax\u0131b. Bununla bel\u0259 m\u0259hk\u0259m\u0259d\u0259 ayd\u0131nla\u015f\u0131b ki, n\u0259n\u0259 daha 19 firmaya ba\u015f\u00e7\u0131l\u0131q edir v\u0259 bu \u015firk\u0259tl\u0259r h\u0259m\u00e7inin pul yuyulmas\u0131nda i\u015ftirak ed\u0259 bil\u0259r.\n<\/p>\n<p>\n  Bir s\u00f6zl\u0259, Mixail Bosko-Bosconun yax\u015f\u0131 ail\u0259 m\u0259kt\u0259bi olub.\n<\/p>\n<figure class=\"wp-block-image size-large\">\n  <img decoding=\"async\" src=\"https:\/\/www.meydan.tv\/az\/dee-jpg\/\" alt=\"dee.jpg\" class=\"wp-image-134827\"\/><figcaption>\n    Mixail Bosko (m\u0259rk\u0259zd\u0259)<br \/>\n  <\/figcaption><\/figure>\n<p>\n  Yelena Mi\u015fenkonun dan\u0131\u015fd\u0131\u011f\u0131na g\u00f6r\u0259, \u201co, evimizd\u0259ki m\u0259nzill\u0259rin \u0259sas hiss\u0259sini in\u015faat m\u0259rh\u0259l\u0259sind\u0259 g\u00f6t\u00fcrd\u00fcy\u00fc, amma el\u0259c\u0259 d\u0259 \u00f6d\u0259m\u0259diyi ipoteka \u015f\u0259klind\u0259 sat\u0131b. O, al\u0131c\u0131n\u0131n ispan dilini bilm\u0259m\u0259sind\u0259n v\u0259 pravoslav kils\u0259si tikmi\u015f h\u0259myerlisin\u0259 etibar\u0131ndan yararlanaraq, s\u00f6vd\u0259l\u0259\u015fm\u0259ni, ad\u0259t\u0259n, etibarnam\u0259 il\u0259 qeyd\u0259 al\u0131rd\u0131\u201d. \u201cEvd\u0259 mitropolit \u0130larionun ya\u015famas\u0131\u201dn\u0131n etibar d\u0259r\u0259c\u0259sini art\u0131rd\u0131\u011f\u0131n\u0131 s\u00f6yl\u0259m\u0259yin\u0259 d\u0259y\u0259rmi? Saf al\u0131c\u0131lar uzun ill\u0259rboyu ipotekadan x\u0259b\u0259rsiz qal\u0131blar. Bu detal onlar\u0131n m\u0259nzill\u0259r\u0259 sahiblik \u015f\u0259had\u0259tnam\u0259l\u0259rind\u0259 qeyd\u0259 al\u0131nmay\u0131b.\n<\/p>\n<p>\n  \u201cVeraBosco\u201d-nun qurbanlar\u0131 aras\u0131nda Yuli Qusman, Timur Vayn\u015fteyn v\u0259 Yuri Aptekar da var. Qusman v\u0259 Aptekar art\u0131q Boskoya qar\u015f\u0131 m\u0259hk\u0259m\u0259 prosesin ba\u015flay\u0131blar. Prosesin gedi\u015fat\u0131 zaman\u0131 m\u0259lum olub ki, in\u015faat\u00e7\u0131n\u0131n ad\u0131 \u0130spaniyada 79 cinay\u0259t i\u015find\u0259 hallan\u0131r. Onun f\u0131r\u0131ldaq\u00e7\u0131 karyeras\u0131n\u0131n zirv\u0259si 2014-c\u00fc ild\u0259 verdiyi r\u0259smi \u0259riz\u0259&#8230; \u201cValensiya\u201d klubunu almaq niyy\u0259ti olub. N\u0259 q\u0259d\u0259r q\u0259rib\u0259 s\u0259sl\u0259ns\u0259 d\u0259, m\u00fcsabiq\u0259nin ispan t\u0259\u015fkilat\u00e7\u0131lar\u0131 ba\u015flan\u011f\u0131cda Maxail Boskonun \u201colimpiya y\u0131\u011fmalar\u0131n\u0131 geyindirdiyin\u0259\u201d, bank sahibi oldu\u011funa v\u0259 pravoslav kils\u0259l\u0259r tikdiyin\u0259 inan\u0131blar. O, m\u00fcsabiq\u0259y\u0259 \u0259riz\u0259ni hans\u0131sa \u201cQ\u0131z\u0131l ulduz\u201d MMC-nin blank\u0131nda verib. Blank\u0131n \u00fcz\u0259rind\u0259 neft buru\u011funun \u015f\u0259kli v\u0259 Petrol investment s\u00f6zl\u0259ri var. Sbis-in Rusiya<br \/>\n  <a href=\"https:\/\/sbis.ru\/contragents\/7701831630\/770101001\"><br \/>\n    bazas\u0131n\u0131n<br \/>\n  <\/a><br \/>\n  m\u0259lumat\u0131na g\u00f6r\u0259, bu MMC 10 000 rubl nizamnam\u0259 kapital\u0131na malikdir v\u0259 \u201cqeyri-\u0259rzaq istehlak m\u0259hsullar\u0131n\u0131n topdan ticar\u0259ti il\u0259\u201dm\u0259\u015f\u011fuldur. Bununla bel\u0259, c\u0259nab Bosco ispan t\u0259r\u0259fin\u0259 \u018fman\u0259t bank\u0131ndan saxta \u0259riz\u0259 t\u0259qdim edib. Bu \u0259riz\u0259y\u0259 g\u00f6r\u0259, \u201cQ\u0131z\u0131l ulduz\u201dun hesab\u0131ndak\u0131 m\u0259bl\u0259\u011f 12 milyard rubldan \u00e7ox olub. \u201cValensiya\u201dn\u0131n sat\u0131\u015f\u0131 il\u0259 ba\u011fl\u0131 m\u00fcsabiq\u0259d\u0259n az \u0259vv\u0259l \u201cEposa\u201d ispan q\u0259zeti yalan\u00e7\u0131 don Bosconun<br \/>\n  <a href=\"http:\/\/epoca1.plazadeportiva.com\/ver\/23309\/botsko-acumula-deudas-por-seis-millones-con-bankia-y-sabadell-y-tiene-79-causas-abiertas-en-los-juzgados-de-benidorm.html\"><br \/>\n    if\u015fa ed\u0259<br \/>\n  <\/a><br \/>\n  bilib.\n<\/p>\n<figure class=\"wp-block-image size-large\">\n  <img decoding=\"async\" src=\"https:\/\/www.meydan.tv\/az\/sp-jpg\/\" alt=\"sp.jpg\" class=\"wp-image-134836\"\/><figcaption>\n    \u018fman\u0259t bank\u0131ndan saxta \u0259riz\u0259<br \/>\n  <\/figcaption><\/figure>\n<p>\n  \u201cRusiya m\u0259n\u015f\u0259li v\u0259t\u0259nda\u015f qad\u0131n, \u2013 q\u0259zet yaz\u0131b, \u2013 Mixail Bosko, o\u011flu Maksim Bosko v\u0259 \u201cVeraBosco\u201d da\u015f\u0131nmaz \u0259mlak agentliyind\u0259n \u015fikay\u0259t\u00e7i olub. \u015eikay\u0259t\u00e7i 270 000 avro t\u0259l\u0259b edir \u2013 Bosko onu \u015f\u0259xsi \u0259mlak al\u0131\u015f-veri\u015find\u0259 bu m\u0259bl\u0259\u011fd\u0259 aldad\u0131b. Hakim cinay\u0259t \u0259lam\u0259tl\u0259rini tan\u0131y\u0131b v\u0259 Bosko ail\u0259sinin \u00fczvl\u0259rin\u0259 qar\u015f\u0131 ittiham ir\u0259li s\u00fcrm\u0259yi q\u0259rara al\u0131b. Bel\u0259 ki, evin ipoteka krediti var v\u0259 bu kredit m\u0259nzil sat\u0131lark\u0259n l\u0259\u011fv edilm\u0259li idi\u201d.\n<\/p>\n<p>\n  2009-2011-ci ill\u0259rd\u0259 rusiyal\u0131lara m\u0259nzil sat\u0131\u015f\u0131 bumundan sonra ispan da\u015f\u0131nmaz \u0259mlak bazar\u0131 xeyli kas\u0131blay\u0131b: son bir ne\u00e7\u0259 il \u0259rzind\u0259 orda m\u0259nzill\u0259r orta hesabla iki d\u0259f\u0259 a\u015fa\u011f\u0131 d\u00fc\u015f\u00fcb, bel\u0259 ki bu m\u0259nzill\u0259ri satmaq \u00e7ox \u00e7\u0259tindir. Boskonun ipoteka g\u00f6t\u00fcrd\u00fcy\u00fc ispan bank\u0131 onun borclar\u0131n\u0131 \u201cDoy\u00e7e Bank\u201da sat\u0131b. \u0130lkin m\u0259lumatlara g\u00f6r\u0259, bu bank he\u00e7 bir g\u00fcnah\u0131 olmayan al\u0131c\u0131larla m\u0259hk\u0259m\u0259d\u0259 g\u00f6r\u00fc\u015fm\u0259y\u0259 v\u0259 borcu ba\u011flamaq \u00fc\u00e7\u00fcn m\u0259nzill\u0259ri h\u0259bs etm\u0259y\u0259 haz\u0131rla\u015f\u0131r. Yeri g\u0259lmi\u015fk\u0259n, h\u0259m\u00e7inin \u201csxem\u201din qurban\u0131 olan mitropolit \u0130larionun 8 il \u0259rzind\u0259 ipoteka borcu 440 min avroya \u00e7at\u0131b. Amma, deyil\u0259n\u0259 g\u00f6r\u0259, Mixail Bosko bu s\u0259s-k\u00fcyl\u00fc qalmaqal\u0131n qar\u015f\u0131s\u0131n\u0131 almaq \u00fc\u00e7\u00fcn iyerarx\u0131n borcunu \u00f6d\u0259m\u0259k \u00fc\u00e7\u00fcn yollar axtar\u0131r. \u018fv\u0259zind\u0259 Novruz M\u0259mm\u0259dov m\u0259nzilinin \u0259lind\u0259n getm\u0259m\u0259si \u00fc\u00e7\u00fcn onun m\u00fcqabilind\u0259 ikinci d\u0259f\u0259 pul \u00f6d\u0259m\u0259y\u0259 haz\u0131rd\u0131r&#8230;\n<\/p>\n<p>\n  Yen\u0259 \u201cqan \u00fcz\u0259rind\u0259 m\u0259b\u0259d\u201d?\n<\/p>\n<p>\n  M\u00fcasir Rusiyada Pravoslav kils\u0259sinin s\u0131radan ibad\u0259t ed\u0259nl\u0259ri il\u0259 korrupsiya kriminal d\u00fcnyas\u0131 aras\u0131nda s\u0259rh\u0259d \u00e7\u0259km\u0259k \u00e7\u0259tindir. K\u0259ndl\u0259rd\u0259 q\u0259dim m\u0259b\u0259dl\u0259r g\u00f6z\u00fcm\u00fcz\u00fcn \u00f6n\u00fcnd\u0259 xaraba qald\u0131\u011f\u0131 halda z\u0259ngin \u015f\u0259h\u0259rl\u0259rd\u0259 qaz-neft hasilat\u0131 regionlar\u0131nda sonsuz sayda q\u0131z\u0131l q\u00fcbb\u0259l\u0259r in\u015fa edilir. \u201cBir add\u0131ml\u0131qda olan m\u0259b\u0259dl\u0259r\u201d tikintisi k\u00f6lg\u0259 pullar\u0131n yuyulmas\u0131 \u00fc\u00e7\u00fcn \u0259n etibarl\u0131 vasit\u0259dir. Alteya \u015f\u0259h\u0259rind\u0259 M\u00fcq\u0259dd\u0259s Mixail kils\u0259sinin in\u015fas\u0131 da istisna deyil.\n<\/p>\n<p>\n  Mixail Bosko yaratd\u0131\u011f\u0131 fond vasit\u0259sil\u0259 m\u0259b\u0259d binalar\u0131na sahibdir v\u0259 kils\u0259nin n\u00fcmay\u0259nd\u0259sidir, arvad\u0131sa x\u0259zin\u0259dard\u0131r. 12 il \u0259vv\u0259l kils\u0259y\u0259 xeyir-dua ver\u0259n, o zaman mitropolit olan Kirill Boskonu m\u00fcq\u0259dd\u0259s Sergi Radonejski ordeni il\u0259 t\u0259ltif edib. Lakin Bosko m\u0259b\u0259di \u00f6z hesab\u0131na tikm\u0259yib \u2013 in\u015faat \u00fc\u00e7\u00fcn pulu, daha do\u011frusu, borcu ona h\u0259mkar\u0131 v\u0259 h\u0259myerlisi Nikolay Qorelov verib. H\u0259min \u015f\u0259xs bu add\u0131m\u0131 atmaqla 77 ya\u015f\u0131nda \u00e7ox \u00e7\u0259tin v\u0259ziyy\u0259t\u0259 d\u00fc\u015f\u00fcb. Qorelov ba\u015flan\u011f\u0131cda \u0130spaniya m\u0259hk\u0259m\u0259si vasit\u0259si il\u0259 Boskonun b\u00fct\u00fcn m\u0259nzill\u0259rini h\u0259bs ed\u0259 bilib. Lakin 2011-ci ild\u0259 haz\u0131rda \u0130larionun sahib oldu\u011fu m\u0259nzili h\u0259bsd\u0259n \u00e7\u0131xarma\u011fa raz\u0131 d\u00fc\u015f\u00fcb. Daha sonra Boskonun v\u0259kill\u0259ri dig\u0259r m\u0259nzill\u0259rin d\u0259 h\u0259bsd\u0259n \u00e7\u0131xar\u0131lmas\u0131na nail olublar. Bosko Qorelova olan borcunu pulla \u00f6d\u0259y\u0259c\u0259yini v\u0259d edib. M\u00fcqavil\u0259y\u0259 g\u00f6r\u0259, borcun \u00f6d\u0259nilm\u0259si m\u00fcdd\u0259yi 2012-ci il dekabr\u0131n 19-da ba\u015fa \u00e7at\u0131b. 2014-c\u00fc il mart\u0131n 17-d\u0259 Rostov vilay\u0259t m\u0259hk\u0259m\u0259sinin v\u0259t\u0259nda\u015f m\u0259s\u0259l\u0259l\u0259ri \u00fczr\u0259 m\u0259hk\u0259m\u0259 kollegiyas\u0131 Boskonun borcu qaytarmad\u0131\u011f\u0131n\u0131 t\u0259sdiql\u0259yib v\u0259 onun \u00f6hd\u0259sin\u0259 Qorelova 13,5 milyon rubldan \u00e7ox m\u0259bl\u0259\u011f \u00f6d\u0259m\u0259yi qoyub. M\u0259hk\u0259m\u0259 q\u0259rar\u0131 el\u0259c\u0259 d\u0259 yerin\u0259 yetirilm\u0259diyind\u0259n Bosko M.V.-nin RF-d\u0259n \u00e7\u0131x\u0131\u015f\u0131na m\u0259hdudiyy\u0259tl\u0259r qoyulub. Lakin partnyorlar\u0131n\u0131n t\u0259sdqil\u0259diyin\u0259 g\u00f6r\u0259, o, ikinci pasportu il\u0259 s\u0259rh\u0259di rahat ke\u00e7\u0259 bilir. O\u011flunu v\u0259 arvad\u0131n\u0131, mal-m\u00fclk\u00fcn\u00fc itir\u0259n Nikolay Qorelovsa a\u011f\u0131r x\u0259st\u0259l\u0259nib v\u0259 k\u00f6m\u0259y\u0259 ehtiyac\u0131 var. \u0130spaniyan\u0131n Alteya \u015f\u0259h\u0259rind\u0259ki d\u0259bd\u0259b\u0259li rus kils\u0259ninin humanitar qiym\u0259ti bax budur.\n<\/p>\n<p>\n  Sahibinin m\u00fcnaqi\u015f\u0259li xarakteri i\u015f\u0131qland\u0131r\u0131landan sonra m\u0259b\u0259din ba\u015f ke\u015fi\u015fi be\u015f d\u0259f\u0259 d\u0259yi\u015fib. Onlardan sonuncusu \u2013 Adam Kondratyuk ata \u2013 qon\u015fu \u015f\u0259h\u0259r\u0259, Benidorma qa\u00e7\u0131b v\u0259 orda m\u00fcq\u0259dd\u0259s Serafim Sarovskinin ad\u0131na yeni kils\u0259 tikm\u0259y\u0259 ba\u015flay\u0131b. D\u00fcz bir il \u0259vv\u0259l Moskva ptriarxiyas\u0131 \u0130spaniya yeparxiyas\u0131n\u0131 yarad\u0131b ki, onun da r\u0259hb\u0259ri yepiskop Nestor (Sirotenko) t\u0259yin edilib. M\u00fcq\u0259dd\u0259s Mixail kils\u0259si h\u00fcquqi olaraq eparxiyan\u0131n t\u0259rkibin\u0259 verilm\u0259yib, lakin Mixail Bosko Fondunun ixtiyar\u0131nda qal\u0131r&#8230;\n<\/p>\n<p>\n  Sinodun q\u0259rarlar\u0131na cavab olaraq\n<\/p>\n<p>\n  Dekabr\u0131n 25-d\u0259 M\u00fcq\u0259dd\u0259s Sinodla Ali Kils\u0259 \u015euras\u0131n\u0131n m\u00fc\u015ft\u0259r\u0259k iclas\u0131 \u00e7a\u011fr\u0131l\u0131b. Bu, Rusiya Pravoslav kils\u0259sinin tarixind\u0259 misli g\u00f6r\u00fcnm\u0259mi\u015f hadis\u0259sdir.\n<\/p>\n<p>\n  Sinodun oktyabr iclas\u0131nda onun m\u00fcavini t\u0259yin olunub. Bu, arxiyepiskop Leoniddir (Qorba\u00e7ov). Sinodun q\u0259rar\u0131nda Leonidin karyera perspektivl\u0259rin\u0259 gizli eyham vurulur.\n<\/p>\n<p>\n  Mitropolit \u0130larion art\u0131q 11 ildir ki, Rusiya Pravoslav kils\u0259sinin \u201cxarici i\u015fl\u0259r naziri\u201ddir. \u201cUkraynan\u0131n itkisi\u201dv\u0259 iri m\u0259h\u0259lli kils\u0259l\u0259r \u2013 Konstantinopol v\u0259 \u0130sg\u0259nd\u0259riyy\u0259 patriarxatlar\u0131 v\u0259 Ellada arxiyepiskopiyas\u0131 (Yunan\u0131stan) il\u0259 ayr\u0131lma n\u0259tic\u0259sind\u0259 Rusiya Pravoslav kils\u0259sinin \u201cd\u00fcnya pravoslaviyas\u0131\u201dndan t\u0259dric\u0259n t\u0259crid olunmas\u0131 m\u0259hz onun r\u0259hb\u0259rliyi zaman\u0131 ba\u015f verib. Yepiskopat aras\u0131nda onun \u201cB\u0259st\u0259kar\u201d l\u0259q\u0259bi var. Bununla ke\u015fi\u015fl\u0259r onun diplomatik sah\u0259d\u0259n \u00e7ox m\u0259d\u0259niyy\u0259td\u0259 daha u\u011furlu olmas\u0131na istehaza il\u0259 eyham vururlar. \u018fg\u0259r Kirillin patriarxl\u0131\u011f\u0131 d\u00f6vr\u00fcn\u00fcn ilk ill\u0259rind\u0259 m\u0259hz \u0130larion patriarx\u0131n az qala r\u0259smi x\u0259l\u0259fi say\u0131l\u0131rd\u0131sa, son zamanlar onun aparat \u00e7\u0259kisi xeyli a\u015fa\u011f\u0131 d\u00fc\u015f\u00fcb v\u0259 \u201clyubyanl\u0131\u201d mitropolit Tixon (\u015eevkunov) \u015f\u0259ksiz lider olub. B\u0259lk\u0259 d\u0259 Tixonun ir\u0259lid\u0259 g\u00fccl\u0259nm\u0259si qorxusu patriarx\u0131 \u0130larionu v\u0259zif\u0259sind\u0259 saxlama\u011fa m\u0259cbur edir. MiMitrop\u00f6olit\u0412\u043b\u0430\u0434\u0435\u043d\u0438\u0435 \u0435\u0433\u0438\u043f\u0435\u0442\u0441\u043a\u0438\u043c \u0434\u0438\u0430\u043b\u0435\u043a\u0442\u043e\u043c \u0440\u0438\u0430\u0440\u0445\u0430\u0442\u043e\u043c \u2014 \u0432\u0442\u043e\u0440\u044b\u043c \u043f\u043e \u0432\u0430\u0436\u043d\u043e\u0441\u0442\u0438 \u0432 \u043f\u0440\u0430\u0432\u043e\u0441\u043b\u0430\u0432\u043d\u043e\u043c \u043c\u0438\u0440\u0435.\n<\/p>\n<p>\n  S\u0259tiralt\u0131\n<\/p>\n<p>\n  Rusiya Pravoslav kils\u0259sind\u0259 y\u00fcks\u0259k arxiyeriya standartlar\u0131n\u0131, \u015f\u00fcbh\u0259siz ki, patriarx Kirill verir. \u201cMoskovski novosti\u201dnin m\u0259lumatlar\u0131na g\u00f6r\u0259, h\u0259l\u0259 1997-ci ild\u0259 onun r\u0259hb\u0259rlik etdiyi Daxili Kils\u0259l\u0259r \u018flaq\u0259l\u0259r \u015e\u00f6b\u0259si Rusiyaya aksiz r\u00fcsumu olmayan 18 milyard siqaret g\u0259tirib. Daha sonra Kirillin avtomobil, neft, z\u0259rg\u0259r v\u0259 bal\u0131q biznesind\u0259 i\u015ftirak\u0131 haqda m\u0259qal\u0259l\u0259r d\u0259rc olundu. Bel\u0259likl\u0259, onun Rusiya Pravoslav kils\u0259sind\u0259 \u0259n varl\u0131 adam, milyarder oldu\u011fu hallan\u0131b. Bel\u0259 ki, bu \u015f\u0259xsin var-d\u00f6vl\u0259ti 4-8 milyar dollar h\u0259cmind\u0259 qiym\u0259tl\u0259ndirilir. Bu m\u0259lumat, dem\u0259k olar ki, yoxlan\u0131la bilmir, \u00e7\u00fcnki ptriarx \u0259man\u0259tl\u0259rini \u0130sve\u00e7r\u0259 banklar\u0131nda saxlama\u011fa \u00fcst\u00fcnl\u00fck verir. H\u0259min \u0259man\u0259tl\u0259rin yaln\u0131z bir qismi son ill\u0259r Avstriya v\u0259 \u0130taliyaya k\u00f6\u00e7\u00fcr\u00fcl\u00fcb (y\u0259qin ki Vatikan\u0131n z\u0259man\u0259ti il\u0259).\n<\/p>\n<p>\n  Birc\u0259 o d\u0259qiq m\u0259lumdur ki, Kirill \u00f6z d\u00fcny\u0259vi ad\u0131 olan Vladimir Mixaylovi\u00e7 Qundyayev ad\u0131 il\u0259 Naberejnayada (Serafimovi\u00e7 k\u00fce\u00e7\u0259si 2) Moskva evind\u0259 penthausa malikdir. Bu fakt 2012-2013-c\u00fc ill\u0259rd\u0259 \u00fcz\u0259 \u00e7\u0131x\u0131b. M\u0259hz h\u0259min d\u00f6vrd\u0259 \u00f6z\u00fcn\u00fc patriarx\u0131n yax\u0131n qohumu adland\u0131ran Lidiya Leonova adl\u0131 birisi m\u0259hk\u0259m\u0259 prosesin\u0259 ba\u015flay\u0131b. Bu qad\u0131n qon\u015fu m\u0259nzild\u0259n RF-nin ke\u00e7mi\u015f s\u0259hiyy\u0259 naziri Yuri \u015eev\u00e7enkonun \u00e7\u0131xar\u0131lmas\u0131n\u0131 t\u0259l\u0259b edib. Guya h\u0259min \u015f\u0259xs kitablar\u0131n \u00fcz\u0259rini g\u00f6z\u0259g\u00f6r\u00fcnm\u0259z \u201cnanotoz\u201d qat\u0131 il\u0259 \u00f6rt\u0259r\u0259k, patriarx\u0131n kitabxanas\u0131na ziyan vurub. M\u0259hk\u0259m\u0259 ziyan\u0131n kompensasiyas\u0131 kimi m\u0259nzili \u015eev\u00e7enkonun \u0259lind\u0259n al\u0131b ki, n\u0259tic\u0259d\u0259 patriarx\u0131n bu evd\u0259ki m\u00fclk\u00fc bir az da b\u00f6y\u00fcy\u00fcb.<\/p>\n","protected":false},"excerpt":{"rendered":"<p>Evd\u0259 h\u0259m\u00e7inin televiziya apar\u0131c\u0131s\u0131 Yuli Qusman, prod\u00fcser Timur Vayn\u015fteyn, Az\u0259rbaycan\u0131n ke\u00e7mi\u015f Ba\u015f naziri Novruz M\u0259mm\u0259dov, ukraynal\u0131 biznezmen Yuri Aptekar v\u0259 dig\u0259r m\u00f6t\u0259b\u0259r adamlar\u0131n m\u0259nzill\u0259ri var.<\/p>\n","protected":false},"author":11,"featured_media":134812,"comment_status":"closed","ping_status":"open","sticky":false,"template":"","format":"standard","meta":{"_acf_changed":false,"_sitemap_exclude":false,"_sitemap_priority":"","_sitemap_frequency":"","footnotes":""},"categories":[64],"tags":[],"class_list":["post-198505","post","type-post","status-publish","format-standard","has-post-thumbnail","hentry","category-dunya","infinite-scroll-item","generate-columns","tablet-grid-50","mobile-grid-100","grid-parent","grid-33","no-featured-image-padding"],"acf":[],"yoast_head":"<!-- This site is optimized with the Yoast SEO plugin v27.5 - https:\/\/yoast.com\/product\/yoast-seo-wordpress\/ -->\n<title>Jurnalistl\u0259r Novruz M\u0259mm\u0259dovun \u0130spaniyada m\u00fclk\u00fcn\u00fc a\u015fkarlay\u0131b - MEYDAN.TV<\/title>\n<meta name=\"robots\" content=\"index, follow, max-snippet:-1, max-image-preview:large, max-video-preview:-1\" \/>\n<link rel=\"canonical\" href=\"https:\/\/www.meydan.tv\/az\/article\/jurnalistler-novruz-memmedovun-ispaniyada-mulkunu-askarlayib1\/\" \/>\n<meta property=\"og:locale\" content=\"az_AZ\" \/>\n<meta property=\"og:type\" content=\"article\" \/>\n<meta property=\"og:title\" content=\"Jurnalistl\u0259r Novruz M\u0259mm\u0259dovun \u0130spaniyada m\u00fclk\u00fcn\u00fc a\u015fkarlay\u0131b - MEYDAN.TV\" \/>\n<meta property=\"og:description\" content=\"Evd\u0259 h\u0259m\u00e7inin televiziya apar\u0131c\u0131s\u0131 Yuli Qusman, prod\u00fcser Timur Vayn\u015fteyn, Az\u0259rbaycan\u0131n ke\u00e7mi\u015f Ba\u015f naziri Novruz M\u0259mm\u0259dov, ukraynal\u0131 biznezmen Yuri Aptekar v\u0259 dig\u0259r m\u00f6t\u0259b\u0259r adamlar\u0131n m\u0259nzill\u0259ri var.\" \/>\n<meta property=\"og:url\" content=\"https:\/\/www.meydan.tv\/az\/article\/jurnalistler-novruz-memmedovun-ispaniyada-mulkunu-askarlayib1\/\" \/>\n<meta property=\"og:site_name\" content=\"MEYDAN.TV\" \/>\n<meta property=\"article:published_time\" content=\"2019-12-24T17:38:18+00:00\" \/>\n<meta property=\"og:image\" content=\"https:\/\/www.meydan.tv\/wp-content\/uploads\/de.jpg\" \/>\n\t<meta property=\"og:image:width\" content=\"721\" \/>\n\t<meta property=\"og:image:height\" content=\"480\" \/>\n\t<meta property=\"og:image:type\" content=\"image\/jpeg\" \/>\n<meta name=\"author\" content=\"user-manager\" \/>\n<meta name=\"twitter:card\" content=\"summary_large_image\" \/>\n<script type=\"application\/ld+json\" class=\"yoast-schema-graph\">{\"@context\":\"https:\\\/\\\/schema.org\",\"@graph\":[{\"@type\":\"Article\",\"@id\":\"https:\\\/\\\/www.meydan.tv\\\/az\\\/article\\\/jurnalistler-novruz-memmedovun-ispaniyada-mulkunu-askarlayib1\\\/#article\",\"isPartOf\":{\"@id\":\"https:\\\/\\\/www.meydan.tv\\\/az\\\/article\\\/jurnalistler-novruz-memmedovun-ispaniyada-mulkunu-askarlayib1\\\/\"},\"author\":{\"name\":\"user-manager\",\"@id\":\"https:\\\/\\\/www.meydan.tv\\\/az\\\/#\\\/schema\\\/person\\\/10d11eccf6da3662cf5fdab9806ea91a\"},\"headline\":\"Jurnalistl\u0259r Novruz M\u0259mm\u0259dovun \u0130spaniyada m\u00fclk\u00fcn\u00fc a\u015fkarlay\u0131b\",\"datePublished\":\"2019-12-24T17:38:18+00:00\",\"mainEntityOfPage\":{\"@id\":\"https:\\\/\\\/www.meydan.tv\\\/az\\\/article\\\/jurnalistler-novruz-memmedovun-ispaniyada-mulkunu-askarlayib1\\\/\"},\"wordCount\":3782,\"publisher\":{\"@id\":\"https:\\\/\\\/www.meydan.tv\\\/az\\\/#organization\"},\"image\":{\"@id\":\"https:\\\/\\\/www.meydan.tv\\\/az\\\/article\\\/jurnalistler-novruz-memmedovun-ispaniyada-mulkunu-askarlayib1\\\/#primaryimage\"},\"thumbnailUrl\":\"https:\\\/\\\/www.meydan.tv\\\/wp-content\\\/uploads\\\/de.jpg\",\"articleSection\":[\"D\u00fcnya\"],\"inLanguage\":\"az\"},{\"@type\":\"WebPage\",\"@id\":\"https:\\\/\\\/www.meydan.tv\\\/az\\\/article\\\/jurnalistler-novruz-memmedovun-ispaniyada-mulkunu-askarlayib1\\\/\",\"url\":\"https:\\\/\\\/www.meydan.tv\\\/az\\\/article\\\/jurnalistler-novruz-memmedovun-ispaniyada-mulkunu-askarlayib1\\\/\",\"name\":\"Jurnalistl\u0259r Novruz M\u0259mm\u0259dovun \u0130spaniyada m\u00fclk\u00fcn\u00fc a\u015fkarlay\u0131b - MEYDAN.TV\",\"isPartOf\":{\"@id\":\"https:\\\/\\\/www.meydan.tv\\\/az\\\/#website\"},\"primaryImageOfPage\":{\"@id\":\"https:\\\/\\\/www.meydan.tv\\\/az\\\/article\\\/jurnalistler-novruz-memmedovun-ispaniyada-mulkunu-askarlayib1\\\/#primaryimage\"},\"image\":{\"@id\":\"https:\\\/\\\/www.meydan.tv\\\/az\\\/article\\\/jurnalistler-novruz-memmedovun-ispaniyada-mulkunu-askarlayib1\\\/#primaryimage\"},\"thumbnailUrl\":\"https:\\\/\\\/www.meydan.tv\\\/wp-content\\\/uploads\\\/de.jpg\",\"datePublished\":\"2019-12-24T17:38:18+00:00\",\"breadcrumb\":{\"@id\":\"https:\\\/\\\/www.meydan.tv\\\/az\\\/article\\\/jurnalistler-novruz-memmedovun-ispaniyada-mulkunu-askarlayib1\\\/#breadcrumb\"},\"inLanguage\":\"az\",\"potentialAction\":[{\"@type\":\"ReadAction\",\"target\":[\"https:\\\/\\\/www.meydan.tv\\\/az\\\/article\\\/jurnalistler-novruz-memmedovun-ispaniyada-mulkunu-askarlayib1\\\/\"]}]},{\"@type\":\"ImageObject\",\"inLanguage\":\"az\",\"@id\":\"https:\\\/\\\/www.meydan.tv\\\/az\\\/article\\\/jurnalistler-novruz-memmedovun-ispaniyada-mulkunu-askarlayib1\\\/#primaryimage\",\"url\":\"https:\\\/\\\/www.meydan.tv\\\/wp-content\\\/uploads\\\/de.jpg\",\"contentUrl\":\"https:\\\/\\\/www.meydan.tv\\\/wp-content\\\/uploads\\\/de.jpg\",\"width\":721,\"height\":480,\"caption\":\"Source: \u041d\u043e\u0432\u0430\u044f \u0433\u0430\u0437\u0435\u0442\u0430\"},{\"@type\":\"BreadcrumbList\",\"@id\":\"https:\\\/\\\/www.meydan.tv\\\/az\\\/article\\\/jurnalistler-novruz-memmedovun-ispaniyada-mulkunu-askarlayib1\\\/#breadcrumb\",\"itemListElement\":[{\"@type\":\"ListItem\",\"position\":1,\"name\":\"Ana s\u0259hif\u0259\",\"item\":\"https:\\\/\\\/www.meydan.tv\\\/az\\\/\"},{\"@type\":\"ListItem\",\"position\":2,\"name\":\"D\u00fcnya\",\"item\":\"https:\\\/\\\/www.meydan.tv\\\/az\\\/section\\\/dunya\\\/\"},{\"@type\":\"ListItem\",\"position\":3,\"name\":\"Jurnalistl\u0259r Novruz M\u0259mm\u0259dovun \u0130spaniyada m\u00fclk\u00fcn\u00fc a\u015fkarlay\u0131b\"}]},{\"@type\":\"WebSite\",\"@id\":\"https:\\\/\\\/www.meydan.tv\\\/az\\\/#website\",\"url\":\"https:\\\/\\\/www.meydan.tv\\\/az\\\/\",\"name\":\"MEYDAN.TV\",\"description\":\"Meydan TV Az\u0259rbaycan\u0131n media m\u0259kan\u0131ndak\u0131 alternativ s\u0259sidir\",\"publisher\":{\"@id\":\"https:\\\/\\\/www.meydan.tv\\\/az\\\/#organization\"},\"potentialAction\":[{\"@type\":\"SearchAction\",\"target\":{\"@type\":\"EntryPoint\",\"urlTemplate\":\"https:\\\/\\\/www.meydan.tv\\\/az\\\/?s={search_term_string}\"},\"query-input\":{\"@type\":\"PropertyValueSpecification\",\"valueRequired\":true,\"valueName\":\"search_term_string\"}}],\"inLanguage\":\"az\"},{\"@type\":\"Organization\",\"@id\":\"https:\\\/\\\/www.meydan.tv\\\/az\\\/#organization\",\"name\":\"Meydan TV\",\"url\":\"https:\\\/\\\/www.meydan.tv\\\/az\\\/\",\"logo\":{\"@type\":\"ImageObject\",\"inLanguage\":\"az\",\"@id\":\"https:\\\/\\\/www.meydan.tv\\\/az\\\/#\\\/schema\\\/logo\\\/image\\\/\",\"url\":\"https:\\\/\\\/www.meydan.tv\\\/wp-content\\\/uploads\\\/2021\\\/07\\\/meydan-logo.svg\",\"contentUrl\":\"https:\\\/\\\/www.meydan.tv\\\/wp-content\\\/uploads\\\/2021\\\/07\\\/meydan-logo.svg\",\"width\":195,\"height\":46,\"caption\":\"Meydan TV\"},\"image\":{\"@id\":\"https:\\\/\\\/www.meydan.tv\\\/az\\\/#\\\/schema\\\/logo\\\/image\\\/\"}},{\"@type\":\"Person\",\"@id\":\"https:\\\/\\\/www.meydan.tv\\\/az\\\/#\\\/schema\\\/person\\\/10d11eccf6da3662cf5fdab9806ea91a\",\"name\":\"user-manager\"}]}<\/script>\n<!-- \/ Yoast SEO plugin. -->","yoast_head_json":{"title":"Jurnalistl\u0259r Novruz M\u0259mm\u0259dovun \u0130spaniyada m\u00fclk\u00fcn\u00fc a\u015fkarlay\u0131b - MEYDAN.TV","robots":{"index":"index","follow":"follow","max-snippet":"max-snippet:-1","max-image-preview":"max-image-preview:large","max-video-preview":"max-video-preview:-1"},"canonical":"https:\/\/www.meydan.tv\/az\/article\/jurnalistler-novruz-memmedovun-ispaniyada-mulkunu-askarlayib1\/","og_locale":"az_AZ","og_type":"article","og_title":"Jurnalistl\u0259r Novruz M\u0259mm\u0259dovun \u0130spaniyada m\u00fclk\u00fcn\u00fc a\u015fkarlay\u0131b - MEYDAN.TV","og_description":"Evd\u0259 h\u0259m\u00e7inin televiziya apar\u0131c\u0131s\u0131 Yuli Qusman, prod\u00fcser Timur Vayn\u015fteyn, Az\u0259rbaycan\u0131n ke\u00e7mi\u015f Ba\u015f naziri Novruz M\u0259mm\u0259dov, ukraynal\u0131 biznezmen Yuri Aptekar v\u0259 dig\u0259r m\u00f6t\u0259b\u0259r adamlar\u0131n m\u0259nzill\u0259ri var.","og_url":"https:\/\/www.meydan.tv\/az\/article\/jurnalistler-novruz-memmedovun-ispaniyada-mulkunu-askarlayib1\/","og_site_name":"MEYDAN.TV","article_published_time":"2019-12-24T17:38:18+00:00","og_image":[{"width":721,"height":480,"url":"https:\/\/www.meydan.tv\/wp-content\/uploads\/de.jpg","type":"image\/jpeg"}],"author":"user-manager","twitter_card":"summary_large_image","schema":{"@context":"https:\/\/schema.org","@graph":[{"@type":"Article","@id":"https:\/\/www.meydan.tv\/az\/article\/jurnalistler-novruz-memmedovun-ispaniyada-mulkunu-askarlayib1\/#article","isPartOf":{"@id":"https:\/\/www.meydan.tv\/az\/article\/jurnalistler-novruz-memmedovun-ispaniyada-mulkunu-askarlayib1\/"},"author":{"name":"user-manager","@id":"https:\/\/www.meydan.tv\/az\/#\/schema\/person\/10d11eccf6da3662cf5fdab9806ea91a"},"headline":"Jurnalistl\u0259r Novruz M\u0259mm\u0259dovun \u0130spaniyada m\u00fclk\u00fcn\u00fc a\u015fkarlay\u0131b","datePublished":"2019-12-24T17:38:18+00:00","mainEntityOfPage":{"@id":"https:\/\/www.meydan.tv\/az\/article\/jurnalistler-novruz-memmedovun-ispaniyada-mulkunu-askarlayib1\/"},"wordCount":3782,"publisher":{"@id":"https:\/\/www.meydan.tv\/az\/#organization"},"image":{"@id":"https:\/\/www.meydan.tv\/az\/article\/jurnalistler-novruz-memmedovun-ispaniyada-mulkunu-askarlayib1\/#primaryimage"},"thumbnailUrl":"https:\/\/www.meydan.tv\/wp-content\/uploads\/de.jpg","articleSection":["D\u00fcnya"],"inLanguage":"az"},{"@type":"WebPage","@id":"https:\/\/www.meydan.tv\/az\/article\/jurnalistler-novruz-memmedovun-ispaniyada-mulkunu-askarlayib1\/","url":"https:\/\/www.meydan.tv\/az\/article\/jurnalistler-novruz-memmedovun-ispaniyada-mulkunu-askarlayib1\/","name":"Jurnalistl\u0259r Novruz M\u0259mm\u0259dovun \u0130spaniyada m\u00fclk\u00fcn\u00fc a\u015fkarlay\u0131b - MEYDAN.TV","isPartOf":{"@id":"https:\/\/www.meydan.tv\/az\/#website"},"primaryImageOfPage":{"@id":"https:\/\/www.meydan.tv\/az\/article\/jurnalistler-novruz-memmedovun-ispaniyada-mulkunu-askarlayib1\/#primaryimage"},"image":{"@id":"https:\/\/www.meydan.tv\/az\/article\/jurnalistler-novruz-memmedovun-ispaniyada-mulkunu-askarlayib1\/#primaryimage"},"thumbnailUrl":"https:\/\/www.meydan.tv\/wp-content\/uploads\/de.jpg","datePublished":"2019-12-24T17:38:18+00:00","breadcrumb":{"@id":"https:\/\/www.meydan.tv\/az\/article\/jurnalistler-novruz-memmedovun-ispaniyada-mulkunu-askarlayib1\/#breadcrumb"},"inLanguage":"az","potentialAction":[{"@type":"ReadAction","target":["https:\/\/www.meydan.tv\/az\/article\/jurnalistler-novruz-memmedovun-ispaniyada-mulkunu-askarlayib1\/"]}]},{"@type":"ImageObject","inLanguage":"az","@id":"https:\/\/www.meydan.tv\/az\/article\/jurnalistler-novruz-memmedovun-ispaniyada-mulkunu-askarlayib1\/#primaryimage","url":"https:\/\/www.meydan.tv\/wp-content\/uploads\/de.jpg","contentUrl":"https:\/\/www.meydan.tv\/wp-content\/uploads\/de.jpg","width":721,"height":480,"caption":"Source: \u041d\u043e\u0432\u0430\u044f \u0433\u0430\u0437\u0435\u0442\u0430"},{"@type":"BreadcrumbList","@id":"https:\/\/www.meydan.tv\/az\/article\/jurnalistler-novruz-memmedovun-ispaniyada-mulkunu-askarlayib1\/#breadcrumb","itemListElement":[{"@type":"ListItem","position":1,"name":"Ana s\u0259hif\u0259","item":"https:\/\/www.meydan.tv\/az\/"},{"@type":"ListItem","position":2,"name":"D\u00fcnya","item":"https:\/\/www.meydan.tv\/az\/section\/dunya\/"},{"@type":"ListItem","position":3,"name":"Jurnalistl\u0259r Novruz M\u0259mm\u0259dovun \u0130spaniyada m\u00fclk\u00fcn\u00fc a\u015fkarlay\u0131b"}]},{"@type":"WebSite","@id":"https:\/\/www.meydan.tv\/az\/#website","url":"https:\/\/www.meydan.tv\/az\/","name":"MEYDAN.TV","description":"Meydan TV Az\u0259rbaycan\u0131n media m\u0259kan\u0131ndak\u0131 alternativ s\u0259sidir","publisher":{"@id":"https:\/\/www.meydan.tv\/az\/#organization"},"potentialAction":[{"@type":"SearchAction","target":{"@type":"EntryPoint","urlTemplate":"https:\/\/www.meydan.tv\/az\/?s={search_term_string}"},"query-input":{"@type":"PropertyValueSpecification","valueRequired":true,"valueName":"search_term_string"}}],"inLanguage":"az"},{"@type":"Organization","@id":"https:\/\/www.meydan.tv\/az\/#organization","name":"Meydan TV","url":"https:\/\/www.meydan.tv\/az\/","logo":{"@type":"ImageObject","inLanguage":"az","@id":"https:\/\/www.meydan.tv\/az\/#\/schema\/logo\/image\/","url":"https:\/\/www.meydan.tv\/wp-content\/uploads\/2021\/07\/meydan-logo.svg","contentUrl":"https:\/\/www.meydan.tv\/wp-content\/uploads\/2021\/07\/meydan-logo.svg","width":195,"height":46,"caption":"Meydan TV"},"image":{"@id":"https:\/\/www.meydan.tv\/az\/#\/schema\/logo\/image\/"}},{"@type":"Person","@id":"https:\/\/www.meydan.tv\/az\/#\/schema\/person\/10d11eccf6da3662cf5fdab9806ea91a","name":"user-manager"}]}},"_links":{"self":[{"href":"https:\/\/www.meydan.tv\/az\/wp-json\/wp\/v2\/posts\/198505","targetHints":{"allow":["GET"]}}],"collection":[{"href":"https:\/\/www.meydan.tv\/az\/wp-json\/wp\/v2\/posts"}],"about":[{"href":"https:\/\/www.meydan.tv\/az\/wp-json\/wp\/v2\/types\/post"}],"author":[{"embeddable":true,"href":"https:\/\/www.meydan.tv\/az\/wp-json\/wp\/v2\/users\/11"}],"replies":[{"embeddable":true,"href":"https:\/\/www.meydan.tv\/az\/wp-json\/wp\/v2\/comments?post=198505"}],"version-history":[{"count":0,"href":"https:\/\/www.meydan.tv\/az\/wp-json\/wp\/v2\/posts\/198505\/revisions"}],"wp:featuredmedia":[{"embeddable":true,"href":"https:\/\/www.meydan.tv\/az\/wp-json\/wp\/v2\/media\/134812"}],"wp:attachment":[{"href":"https:\/\/www.meydan.tv\/az\/wp-json\/wp\/v2\/media?parent=198505"}],"wp:term":[{"taxonomy":"category","embeddable":true,"href":"https:\/\/www.meydan.tv\/az\/wp-json\/wp\/v2\/categories?post=198505"},{"taxonomy":"post_tag","embeddable":true,"href":"https:\/\/www.meydan.tv\/az\/wp-json\/wp\/v2\/tags?post=198505"}],"curies":[{"name":"wp","href":"https:\/\/api.w.org\/{rel}","templated":true}]}}