{"id":198486,"date":"2019-12-23T18:00:27","date_gmt":"2019-12-23T18:00:27","guid":{"rendered":"https:\/\/www.meydan.tv\/article\/xameneyi-etirazlarin-gucle-yatirilmasini-teleb-edib\/"},"modified":"2019-12-23T18:00:27","modified_gmt":"2019-12-23T18:00:27","slug":"xameneyi-etirazlarin-gucle-yatirilmasini-teleb-edib","status":"publish","type":"post","link":"https:\/\/www.meydan.tv\/az\/article\/xameneyi-etirazlarin-gucle-yatirilmasini-teleb-edib\/","title":{"rendered":"Xameneyi etirazlar\u0131n g\u00fccl\u0259 yat\u0131r\u0131lmas\u0131n\u0131 t\u0259l\u0259b edib"},"content":{"rendered":"<p>\n  <i><br \/>\n    &quot;1500 n\u0259f\u0259rin \u00f6ld\u00fcr\u00fclm\u0259si beyn\u0259lxalq insan h\u00fcquqlar\u0131 qruplar\u0131n\u0131n g\u00f6st\u0259rdiyi r\u0259q\u0259ml\u0259rind\u0259n xeyli y\u00fcks\u0259kdir\u201d<br \/>\n  <\/i>\n<\/p>\n<p>\n  Ke\u00e7\u0259n ay \u0130randa g\u00fcnl\u0259rl\u0259 davam ed\u0259n etirazlardan sonra Ali R\u0259hb\u0259r Ay\u0259tullah \u018fli Xameneyi \u0259n y\u00fcks\u0259k t\u0259hl\u00fck\u0259sizlik v\u0259 h\u00f6kum\u0259t r\u0259smil\u0259rini bir yer\u0259 toplayaraq g\u00f6st\u0259ri\u015f verib: \u201cOnlar\u0131 dayand\u0131rmaq \u00fc\u00e7\u00fcn laz\u0131m olan\u0131 edin\u201d.\n<\/p>\n<p>\n  Bu \u0259mrin verilm\u0259si ali r\u0259hb\u0259r\u0259 yax\u0131n \u00fc\u00e7 m\u0259nb\u0259 v\u0259 bir m\u0259mur t\u0259r\u0259find\u0259n t\u0259sdiql\u0259nib. Ard\u0131ndan \u0130randa 1979-cu il \u0130slam \u0130nqilab\u0131ndan b\u0259ri etiraz\u00e7\u0131lara qar\u015f\u0131 \u0259n qanl\u0131 basq\u0131n\u0131 h\u0259yata ke\u00e7irilib.\n<\/p>\n<p>\n  Noyabr\u0131n 15-d\u0259 ba\u015flayan iki h\u0259ft\u0259d\u0259n az davam ed\u0259n i\u011fti\u015fa\u015flar zaman\u0131 1500-\u0259 yax\u0131n insan h\u0259lak olub.\n<\/p>\n<p>\n  Daxili \u0130\u015fl\u0259r Nazirliyinin 3 r\u0259smisi t\u0259r\u0259find\u0259n t\u0259sdiq edil\u0259n \u00f6l\u00fc say\u0131na \u0259n az 17 yeniyetm\u0259 v\u0259 400-\u0259 yax\u0131n qad\u0131n, h\u0259m\u00e7inin t\u0259hl\u00fck\u0259sizlik q\u00fcvv\u0259l\u0259rinin v\u0259 polisin n\u00fcmay\u0259nd\u0259l\u0259ri daxildir.\n<\/p>\n<p>\n  \u201c1500 n\u0259f\u0259rin \u00f6ld\u00fcr\u00fclm\u0259si beyn\u0259lxalq insan h\u00fcquqlar\u0131 qruplar\u0131n\u0131n g\u00f6st\u0259rdiyi r\u0259q\u0259ml\u0259rind\u0259n xeyli y\u00fcks\u0259kdir\u201d. \u201cAmnesty \u0130nternational\u201d t\u0259\u015fkilat\u0131n\u0131n 16 dekabr tarixli hesabat\u0131nda \u00f6l\u0259nl\u0259rin say\u0131n\u0131n \u0259n az 304 oldu\u011fu bildirilir. AB\u015e D\u00f6vl\u0259t Departamentinin \u201cReuters\u201d-\u0259 verdiyi a\u00e7\u0131qlamada qeyd edilir ki, etirazlarda 1000-d\u0259n \u00e7ox iranl\u0131 \u00f6ld\u00fcr\u00fclm\u00fc\u015f ola bil\u0259r.\n<\/p>\n<p>\n  \u201cReuters\u201d-\u0259 \u0130ran r\u0259smil\u0259ri t\u0259r\u0259find\u0259n t\u0259sdiql\u0259n\u0259n r\u0259q\u0259ml\u0259r t\u0259hl\u00fck\u0259sizlik q\u00fcvv\u0259l\u0259ri, \u00f6l\u00fcxanalar, x\u0259st\u0259xanalar v\u0259 saxlanma idar\u0259l\u0259rind\u0259n al\u0131nan m\u0259lumatlara s\u00f6yk\u0259nir.\n<\/p>\n<p>\n  H\u00f6kum\u0259t n\u00fcmay\u0259nd\u0259l\u0259ri \u0259mrl\u0259rin Xameneyid\u0259n g\u0259lib- g\u0259lm\u0259diyini t\u0259sdiql\u0259m\u0259yib.\n<\/p>\n<p>\n  Benzinin qiym\u0259tinin g\u00f6zl\u0259nilm\u0259z artmas\u0131 etirazlar\u0131n \u00e7\u0131x\u0131\u015f n\u00f6qt\u0259si olub v\u0259 1979-cu il \u0130slam \u0130nqilab\u0131ndan b\u0259ri \u0130ran\u0131n din xadiml\u0259ri \u00fc\u00e7\u00fcn \u0259n b\u00f6y\u00fck probleml\u0259rd\u0259n birin\u0259 \u00e7evirilib.\n<\/p>\n<p>\n  Noyabr\u0131n 17-d\u0259 v\u0259 etirazlar\u0131n ikinci g\u00fcn\u00fcnd\u0259 i\u011fti\u015fa\u015flar paytaxt Tehrana \u00e7at\u0131b. \u0130nsanlar \u00f6lk\u0259d\u0259 \u0130slam Respublikas\u0131na son qoyma\u011fa v\u0259 onun liderl\u0259rinin istefas\u0131na \u00e7a\u011f\u0131r\u0131\u015f edibl\u0259r. Etiraz\u00e7\u0131lar Xameneyinin \u015f\u0259kill\u0259rini yand\u0131r\u0131blar v\u0259 bunlar sosial mediada payla\u015f\u0131lan videolarda g\u00f6r\u00fcn\u00fcr. \u201cEtiraz\u00e7\u0131lat \u0130ran\u0131n devrilmi\u015f \u015eah\u0131n\u0131n s\u00fcrg\u00fcn edilmi\u015f o\u011flu Rza P\u0259hl\u0259vinin \u00f6lk\u0259y\u0259 qaytar\u0131lmas\u0131n\u0131 t\u0259l\u0259b edibl\u0259r\u201d, \u015fahidl\u0259r bildiribl\u0259r.\n<\/p>\n<p>\n  H\u0259min ax\u015fam Xameneyi Tehran\u0131n m\u0259rk\u0259zind\u0259, \u00f6z\u00fcn\u0259 aid binada y\u00fcks\u0259k s\u0259viyy\u0259li s\u0259lahiyy\u0259tlil\u0259rl\u0259 g\u00f6r\u00fc\u015f\u00fcb. Toplananlar aras\u0131nda t\u0259hl\u00fck\u0259sizlik \u00fczr\u0259 k\u00f6m\u0259k\u00e7il\u0259r, h\u0259m\u00e7inin, prezident H\u0259s\u0259n Ruhani v\u0259 onun kabinetinin \u00fczvl\u0259ri d\u0259 olub.\n<\/p>\n<p>\n  \u201cReuters\u201din \u0259ld\u0259 etdiyi m\u0259lumatlara g\u00f6r\u0259, \u00f6lk\u0259d\u0259ki b\u00fct\u00fcn d\u00f6vl\u0259t m\u00f6vzular\u0131nda son s\u00f6z\u00fc s\u00f6yl\u0259y\u0259n 80 ya\u015fl\u0131 lider s\u0259sini y\u00fcks\u0259ldib v\u0259 i\u011fti\u015fa\u015flar\u0131n idar\u0259 olunmas\u0131n\u0131 t\u0259nqid edib. O, h\u0259m\u00e7inin r\u0259siml\u0259rinin yand\u0131r\u0131lmas\u0131 s\u0259hn\u0259l\u0259rind\u0259n rahats\u0131z oldu\u011funu bildirib v\u0259 respublikan\u0131n m\u0259rhum qurucusu Ay\u0259tullah Xomeyninin heyk\u0259linin y\u0131x\u0131lmas\u0131ndan q\u0259z\u0259bl\u0259ndiyini ifad\u0259 edib.\n<\/p>\n<p>\n  \u201c\u0130slam Respublikas\u0131 t\u0259hl\u00fck\u0259 alt\u0131ndad\u0131r. Bunu ba\u015fa \u00e7atd\u0131rmaq \u00fc\u00e7\u00fcn laz\u0131m olan\u0131 edin. \u018fmr edirl\u0259m\u201d,- o deyib.\n<\/p>\n<p>\n  Xameneyi deyib ki, n\u00fcmayi\u015fl\u0259ri d\u0259rhal dayand\u0131rmad\u0131\u011f\u0131 t\u0259qdird\u0259 toplanm\u0131\u015f v\u0259zif\u0259li \u015f\u0259xsl\u0259r m\u0259suliyy\u0259t da\u015f\u0131yacaq. Toplant\u0131ya qat\u0131lanlar etiraz\u00e7\u0131lar\u0131n rejimi devirm\u0259yi h\u0259d\u0259fl\u0259dikl\u0259rini q\u0259bul edibl\u0259r.\n<\/p>\n<p>\n  \u201cD\u00fc\u015fm\u0259nl\u0259r \u0130slam Respublikas\u0131n\u0131 devirm\u0259k ist\u0259yirl\u0259r v\u0259 d\u0259rhal reaksiya t\u0259l\u0259b olunur\u201d,- m\u0259nb\u0259l\u0259rd\u0259n biri deyib.\n<\/p>\n<p>\n  Noyabr\u0131n 17-d\u0259 ke\u00e7irilmi\u015f iclas haqda m\u0259lumat ver\u0259n d\u00f6rd\u00fcnc\u00fc m\u0259nb\u0259 t\u0259sdiql\u0259yib ki, Xameneyi n\u00fcmayi\u015fl\u0259ri yat\u0131rtmaq \u00fc\u00e7\u00fcn g\u00fcc t\u0259tbiq edilm\u0259sini t\u0259l\u0259b edib.\n<\/p>\n<p>\n  \u201c\u0130mam\u0131m\u0131z yaln\u0131z Allaha cavab verir. \u0130nsanlara v\u0259 \u0130nqilaba \u0259h\u0259miyy\u0259t verir. O, \u00e7ox m\u00f6hk\u0259m idi v\u0259 dedi ki, bu i\u011fti\u015fa\u015f\u00e7\u0131lar \u0259zilm\u0259lidir\u201d.\n<\/p>\n<p>\n  Tehran\u0131n din xadiml\u0259ri s\u00fcrg\u00fcnd\u0259 olan rejim \u0259leyhdarlar\u0131n\u0131, \u00f6lk\u0259nin \u0259sas xarici d\u00fc\u015fm\u0259nl\u0259ri olan AB\u015e, \u0130srail v\u0259 S\u0259udiyy\u0259 \u018fr\u0259bistan\u0131n\u0131 i\u011fti\u015fa\u015flar\u0131 t\u00f6r\u0259tm\u0259kd\u0259 g\u00fcnahland\u0131r\u0131rlar.\n<\/p>\n<p>\n  Xameneyi i\u011f\u015fa\u015flar\u0131 \u201c\u00e7ox t\u0259hl\u00fck\u0259li sui-q\u0259sd\u201d kimi qiym\u0259tl\u0259ndirib.\n<\/p>\n<p>\n  Dekabr\u0131n 3-d\u0259 \u0130ran\u0131n d\u00f6vl\u0259t televiziyas\u0131nda yay\u0131mlanan x\u0259b\u0259rd\u0259 t\u0259hl\u00fck\u0259sizlik q\u00fcvv\u0259l\u0259rinin toqqu\u015fmalarda b\u0259zi \u00fcsyan\u00e7\u0131lar\u0131 g\u00fcll\u0259l\u0259diyini t\u0259sdiql\u0259yib. \u0130ran r\u0259smi olaraq \u00f6l\u00fcm hadis\u0259sini q\u0259bul etmir v\u0259 r\u0259q\u0259ml\u0259ri \u201cspekulyativ\u201d adland\u0131r\u0131b.<\/p>\n","protected":false},"excerpt":{"rendered":"<p>H\u0259min ax\u015fam Xameneyi Tehran\u0131n m\u0259rk\u0259zind\u0259, \u00f6z\u00fcn\u0259 aid binada y\u00fcks\u0259k s\u0259viyy\u0259li s\u0259lahiyy\u0259tlil\u0259rl\u0259 g\u00f6r\u00fc\u015f\u00fcb.<\/p>\n","protected":false},"author":11,"featured_media":127049,"comment_status":"closed","ping_status":"open","sticky":false,"template":"","format":"standard","meta":{"_acf_changed":false,"_sitemap_exclude":false,"_sitemap_priority":"","_sitemap_frequency":"","footnotes":""},"categories":[64],"tags":[],"class_list":["post-198486","post","type-post","status-publish","format-standard","has-post-thumbnail","hentry","category-dunya","infinite-scroll-item","generate-columns","tablet-grid-50","mobile-grid-100","grid-parent","grid-33","no-featured-image-padding"],"acf":[],"yoast_head":"<!-- This site is optimized with the Yoast SEO plugin v27.5 - https:\/\/yoast.com\/product\/yoast-seo-wordpress\/ -->\n<title>Xameneyi etirazlar\u0131n g\u00fccl\u0259 yat\u0131r\u0131lmas\u0131n\u0131 t\u0259l\u0259b edib - MEYDAN.TV<\/title>\n<meta name=\"robots\" content=\"index, follow, max-snippet:-1, max-image-preview:large, max-video-preview:-1\" \/>\n<link rel=\"canonical\" href=\"https:\/\/www.meydan.tv\/az\/article\/xameneyi-etirazlarin-gucle-yatirilmasini-teleb-edib\/\" \/>\n<meta property=\"og:locale\" content=\"az_AZ\" \/>\n<meta property=\"og:type\" content=\"article\" \/>\n<meta property=\"og:title\" content=\"Xameneyi etirazlar\u0131n g\u00fccl\u0259 yat\u0131r\u0131lmas\u0131n\u0131 t\u0259l\u0259b edib - MEYDAN.TV\" \/>\n<meta property=\"og:description\" content=\"H\u0259min ax\u015fam Xameneyi Tehran\u0131n m\u0259rk\u0259zind\u0259, \u00f6z\u00fcn\u0259 aid binada y\u00fcks\u0259k s\u0259viyy\u0259li s\u0259lahiyy\u0259tlil\u0259rl\u0259 g\u00f6r\u00fc\u015f\u00fcb.\" \/>\n<meta property=\"og:url\" content=\"https:\/\/www.meydan.tv\/az\/article\/xameneyi-etirazlarin-gucle-yatirilmasini-teleb-edib\/\" \/>\n<meta property=\"og:site_name\" content=\"MEYDAN.TV\" \/>\n<meta property=\"article:published_time\" content=\"2019-12-23T18:00:27+00:00\" \/>\n<meta property=\"og:image\" content=\"https:\/\/www.meydan.tv\/wp-content\/uploads\/7f0824e4f958e642dd6d477848b245e2.jpg\" \/>\n\t<meta property=\"og:image:width\" content=\"720\" \/>\n\t<meta property=\"og:image:height\" content=\"480\" \/>\n\t<meta property=\"og:image:type\" content=\"image\/jpeg\" \/>\n<meta name=\"author\" content=\"user-manager\" \/>\n<meta name=\"twitter:card\" content=\"summary_large_image\" \/>\n<script type=\"application\/ld+json\" class=\"yoast-schema-graph\">{\"@context\":\"https:\\\/\\\/schema.org\",\"@graph\":[{\"@type\":\"Article\",\"@id\":\"https:\\\/\\\/www.meydan.tv\\\/az\\\/article\\\/xameneyi-etirazlarin-gucle-yatirilmasini-teleb-edib\\\/#article\",\"isPartOf\":{\"@id\":\"https:\\\/\\\/www.meydan.tv\\\/az\\\/article\\\/xameneyi-etirazlarin-gucle-yatirilmasini-teleb-edib\\\/\"},\"author\":{\"name\":\"user-manager\",\"@id\":\"https:\\\/\\\/www.meydan.tv\\\/az\\\/#\\\/schema\\\/person\\\/10d11eccf6da3662cf5fdab9806ea91a\"},\"headline\":\"Xameneyi etirazlar\u0131n g\u00fccl\u0259 yat\u0131r\u0131lmas\u0131n\u0131 t\u0259l\u0259b edib\",\"datePublished\":\"2019-12-23T18:00:27+00:00\",\"mainEntityOfPage\":{\"@id\":\"https:\\\/\\\/www.meydan.tv\\\/az\\\/article\\\/xameneyi-etirazlarin-gucle-yatirilmasini-teleb-edib\\\/\"},\"wordCount\":888,\"publisher\":{\"@id\":\"https:\\\/\\\/www.meydan.tv\\\/az\\\/#organization\"},\"image\":{\"@id\":\"https:\\\/\\\/www.meydan.tv\\\/az\\\/article\\\/xameneyi-etirazlarin-gucle-yatirilmasini-teleb-edib\\\/#primaryimage\"},\"thumbnailUrl\":\"https:\\\/\\\/www.meydan.tv\\\/wp-content\\\/uploads\\\/7f0824e4f958e642dd6d477848b245e2.jpg\",\"articleSection\":[\"D\u00fcnya\"],\"inLanguage\":\"az\"},{\"@type\":\"WebPage\",\"@id\":\"https:\\\/\\\/www.meydan.tv\\\/az\\\/article\\\/xameneyi-etirazlarin-gucle-yatirilmasini-teleb-edib\\\/\",\"url\":\"https:\\\/\\\/www.meydan.tv\\\/az\\\/article\\\/xameneyi-etirazlarin-gucle-yatirilmasini-teleb-edib\\\/\",\"name\":\"Xameneyi etirazlar\u0131n g\u00fccl\u0259 yat\u0131r\u0131lmas\u0131n\u0131 t\u0259l\u0259b edib - MEYDAN.TV\",\"isPartOf\":{\"@id\":\"https:\\\/\\\/www.meydan.tv\\\/az\\\/#website\"},\"primaryImageOfPage\":{\"@id\":\"https:\\\/\\\/www.meydan.tv\\\/az\\\/article\\\/xameneyi-etirazlarin-gucle-yatirilmasini-teleb-edib\\\/#primaryimage\"},\"image\":{\"@id\":\"https:\\\/\\\/www.meydan.tv\\\/az\\\/article\\\/xameneyi-etirazlarin-gucle-yatirilmasini-teleb-edib\\\/#primaryimage\"},\"thumbnailUrl\":\"https:\\\/\\\/www.meydan.tv\\\/wp-content\\\/uploads\\\/7f0824e4f958e642dd6d477848b245e2.jpg\",\"datePublished\":\"2019-12-23T18:00:27+00:00\",\"breadcrumb\":{\"@id\":\"https:\\\/\\\/www.meydan.tv\\\/az\\\/article\\\/xameneyi-etirazlarin-gucle-yatirilmasini-teleb-edib\\\/#breadcrumb\"},\"inLanguage\":\"az\",\"potentialAction\":[{\"@type\":\"ReadAction\",\"target\":[\"https:\\\/\\\/www.meydan.tv\\\/az\\\/article\\\/xameneyi-etirazlarin-gucle-yatirilmasini-teleb-edib\\\/\"]}]},{\"@type\":\"ImageObject\",\"inLanguage\":\"az\",\"@id\":\"https:\\\/\\\/www.meydan.tv\\\/az\\\/article\\\/xameneyi-etirazlarin-gucle-yatirilmasini-teleb-edib\\\/#primaryimage\",\"url\":\"https:\\\/\\\/www.meydan.tv\\\/wp-content\\\/uploads\\\/7f0824e4f958e642dd6d477848b245e2.jpg\",\"contentUrl\":\"https:\\\/\\\/www.meydan.tv\\\/wp-content\\\/uploads\\\/7f0824e4f958e642dd6d477848b245e2.jpg\",\"width\":720,\"height\":480,\"caption\":\"Source: meydan tv\"},{\"@type\":\"BreadcrumbList\",\"@id\":\"https:\\\/\\\/www.meydan.tv\\\/az\\\/article\\\/xameneyi-etirazlarin-gucle-yatirilmasini-teleb-edib\\\/#breadcrumb\",\"itemListElement\":[{\"@type\":\"ListItem\",\"position\":1,\"name\":\"Ana s\u0259hif\u0259\",\"item\":\"https:\\\/\\\/www.meydan.tv\\\/az\\\/\"},{\"@type\":\"ListItem\",\"position\":2,\"name\":\"D\u00fcnya\",\"item\":\"https:\\\/\\\/www.meydan.tv\\\/az\\\/section\\\/dunya\\\/\"},{\"@type\":\"ListItem\",\"position\":3,\"name\":\"Xameneyi etirazlar\u0131n g\u00fccl\u0259 yat\u0131r\u0131lmas\u0131n\u0131 t\u0259l\u0259b edib\"}]},{\"@type\":\"WebSite\",\"@id\":\"https:\\\/\\\/www.meydan.tv\\\/az\\\/#website\",\"url\":\"https:\\\/\\\/www.meydan.tv\\\/az\\\/\",\"name\":\"MEYDAN.TV\",\"description\":\"Meydan TV Az\u0259rbaycan\u0131n media m\u0259kan\u0131ndak\u0131 alternativ s\u0259sidir\",\"publisher\":{\"@id\":\"https:\\\/\\\/www.meydan.tv\\\/az\\\/#organization\"},\"potentialAction\":[{\"@type\":\"SearchAction\",\"target\":{\"@type\":\"EntryPoint\",\"urlTemplate\":\"https:\\\/\\\/www.meydan.tv\\\/az\\\/?s={search_term_string}\"},\"query-input\":{\"@type\":\"PropertyValueSpecification\",\"valueRequired\":true,\"valueName\":\"search_term_string\"}}],\"inLanguage\":\"az\"},{\"@type\":\"Organization\",\"@id\":\"https:\\\/\\\/www.meydan.tv\\\/az\\\/#organization\",\"name\":\"Meydan TV\",\"url\":\"https:\\\/\\\/www.meydan.tv\\\/az\\\/\",\"logo\":{\"@type\":\"ImageObject\",\"inLanguage\":\"az\",\"@id\":\"https:\\\/\\\/www.meydan.tv\\\/az\\\/#\\\/schema\\\/logo\\\/image\\\/\",\"url\":\"https:\\\/\\\/www.meydan.tv\\\/wp-content\\\/uploads\\\/2021\\\/07\\\/meydan-logo.svg\",\"contentUrl\":\"https:\\\/\\\/www.meydan.tv\\\/wp-content\\\/uploads\\\/2021\\\/07\\\/meydan-logo.svg\",\"width\":195,\"height\":46,\"caption\":\"Meydan TV\"},\"image\":{\"@id\":\"https:\\\/\\\/www.meydan.tv\\\/az\\\/#\\\/schema\\\/logo\\\/image\\\/\"}},{\"@type\":\"Person\",\"@id\":\"https:\\\/\\\/www.meydan.tv\\\/az\\\/#\\\/schema\\\/person\\\/10d11eccf6da3662cf5fdab9806ea91a\",\"name\":\"user-manager\"}]}<\/script>\n<!-- \/ Yoast SEO plugin. -->","yoast_head_json":{"title":"Xameneyi etirazlar\u0131n g\u00fccl\u0259 yat\u0131r\u0131lmas\u0131n\u0131 t\u0259l\u0259b edib - MEYDAN.TV","robots":{"index":"index","follow":"follow","max-snippet":"max-snippet:-1","max-image-preview":"max-image-preview:large","max-video-preview":"max-video-preview:-1"},"canonical":"https:\/\/www.meydan.tv\/az\/article\/xameneyi-etirazlarin-gucle-yatirilmasini-teleb-edib\/","og_locale":"az_AZ","og_type":"article","og_title":"Xameneyi etirazlar\u0131n g\u00fccl\u0259 yat\u0131r\u0131lmas\u0131n\u0131 t\u0259l\u0259b edib - MEYDAN.TV","og_description":"H\u0259min ax\u015fam Xameneyi Tehran\u0131n m\u0259rk\u0259zind\u0259, \u00f6z\u00fcn\u0259 aid binada y\u00fcks\u0259k s\u0259viyy\u0259li s\u0259lahiyy\u0259tlil\u0259rl\u0259 g\u00f6r\u00fc\u015f\u00fcb.","og_url":"https:\/\/www.meydan.tv\/az\/article\/xameneyi-etirazlarin-gucle-yatirilmasini-teleb-edib\/","og_site_name":"MEYDAN.TV","article_published_time":"2019-12-23T18:00:27+00:00","og_image":[{"width":720,"height":480,"url":"https:\/\/www.meydan.tv\/wp-content\/uploads\/7f0824e4f958e642dd6d477848b245e2.jpg","type":"image\/jpeg"}],"author":"user-manager","twitter_card":"summary_large_image","schema":{"@context":"https:\/\/schema.org","@graph":[{"@type":"Article","@id":"https:\/\/www.meydan.tv\/az\/article\/xameneyi-etirazlarin-gucle-yatirilmasini-teleb-edib\/#article","isPartOf":{"@id":"https:\/\/www.meydan.tv\/az\/article\/xameneyi-etirazlarin-gucle-yatirilmasini-teleb-edib\/"},"author":{"name":"user-manager","@id":"https:\/\/www.meydan.tv\/az\/#\/schema\/person\/10d11eccf6da3662cf5fdab9806ea91a"},"headline":"Xameneyi etirazlar\u0131n g\u00fccl\u0259 yat\u0131r\u0131lmas\u0131n\u0131 t\u0259l\u0259b edib","datePublished":"2019-12-23T18:00:27+00:00","mainEntityOfPage":{"@id":"https:\/\/www.meydan.tv\/az\/article\/xameneyi-etirazlarin-gucle-yatirilmasini-teleb-edib\/"},"wordCount":888,"publisher":{"@id":"https:\/\/www.meydan.tv\/az\/#organization"},"image":{"@id":"https:\/\/www.meydan.tv\/az\/article\/xameneyi-etirazlarin-gucle-yatirilmasini-teleb-edib\/#primaryimage"},"thumbnailUrl":"https:\/\/www.meydan.tv\/wp-content\/uploads\/7f0824e4f958e642dd6d477848b245e2.jpg","articleSection":["D\u00fcnya"],"inLanguage":"az"},{"@type":"WebPage","@id":"https:\/\/www.meydan.tv\/az\/article\/xameneyi-etirazlarin-gucle-yatirilmasini-teleb-edib\/","url":"https:\/\/www.meydan.tv\/az\/article\/xameneyi-etirazlarin-gucle-yatirilmasini-teleb-edib\/","name":"Xameneyi etirazlar\u0131n g\u00fccl\u0259 yat\u0131r\u0131lmas\u0131n\u0131 t\u0259l\u0259b edib - MEYDAN.TV","isPartOf":{"@id":"https:\/\/www.meydan.tv\/az\/#website"},"primaryImageOfPage":{"@id":"https:\/\/www.meydan.tv\/az\/article\/xameneyi-etirazlarin-gucle-yatirilmasini-teleb-edib\/#primaryimage"},"image":{"@id":"https:\/\/www.meydan.tv\/az\/article\/xameneyi-etirazlarin-gucle-yatirilmasini-teleb-edib\/#primaryimage"},"thumbnailUrl":"https:\/\/www.meydan.tv\/wp-content\/uploads\/7f0824e4f958e642dd6d477848b245e2.jpg","datePublished":"2019-12-23T18:00:27+00:00","breadcrumb":{"@id":"https:\/\/www.meydan.tv\/az\/article\/xameneyi-etirazlarin-gucle-yatirilmasini-teleb-edib\/#breadcrumb"},"inLanguage":"az","potentialAction":[{"@type":"ReadAction","target":["https:\/\/www.meydan.tv\/az\/article\/xameneyi-etirazlarin-gucle-yatirilmasini-teleb-edib\/"]}]},{"@type":"ImageObject","inLanguage":"az","@id":"https:\/\/www.meydan.tv\/az\/article\/xameneyi-etirazlarin-gucle-yatirilmasini-teleb-edib\/#primaryimage","url":"https:\/\/www.meydan.tv\/wp-content\/uploads\/7f0824e4f958e642dd6d477848b245e2.jpg","contentUrl":"https:\/\/www.meydan.tv\/wp-content\/uploads\/7f0824e4f958e642dd6d477848b245e2.jpg","width":720,"height":480,"caption":"Source: meydan tv"},{"@type":"BreadcrumbList","@id":"https:\/\/www.meydan.tv\/az\/article\/xameneyi-etirazlarin-gucle-yatirilmasini-teleb-edib\/#breadcrumb","itemListElement":[{"@type":"ListItem","position":1,"name":"Ana s\u0259hif\u0259","item":"https:\/\/www.meydan.tv\/az\/"},{"@type":"ListItem","position":2,"name":"D\u00fcnya","item":"https:\/\/www.meydan.tv\/az\/section\/dunya\/"},{"@type":"ListItem","position":3,"name":"Xameneyi etirazlar\u0131n g\u00fccl\u0259 yat\u0131r\u0131lmas\u0131n\u0131 t\u0259l\u0259b edib"}]},{"@type":"WebSite","@id":"https:\/\/www.meydan.tv\/az\/#website","url":"https:\/\/www.meydan.tv\/az\/","name":"MEYDAN.TV","description":"Meydan TV Az\u0259rbaycan\u0131n media m\u0259kan\u0131ndak\u0131 alternativ s\u0259sidir","publisher":{"@id":"https:\/\/www.meydan.tv\/az\/#organization"},"potentialAction":[{"@type":"SearchAction","target":{"@type":"EntryPoint","urlTemplate":"https:\/\/www.meydan.tv\/az\/?s={search_term_string}"},"query-input":{"@type":"PropertyValueSpecification","valueRequired":true,"valueName":"search_term_string"}}],"inLanguage":"az"},{"@type":"Organization","@id":"https:\/\/www.meydan.tv\/az\/#organization","name":"Meydan TV","url":"https:\/\/www.meydan.tv\/az\/","logo":{"@type":"ImageObject","inLanguage":"az","@id":"https:\/\/www.meydan.tv\/az\/#\/schema\/logo\/image\/","url":"https:\/\/www.meydan.tv\/wp-content\/uploads\/2021\/07\/meydan-logo.svg","contentUrl":"https:\/\/www.meydan.tv\/wp-content\/uploads\/2021\/07\/meydan-logo.svg","width":195,"height":46,"caption":"Meydan TV"},"image":{"@id":"https:\/\/www.meydan.tv\/az\/#\/schema\/logo\/image\/"}},{"@type":"Person","@id":"https:\/\/www.meydan.tv\/az\/#\/schema\/person\/10d11eccf6da3662cf5fdab9806ea91a","name":"user-manager"}]}},"_links":{"self":[{"href":"https:\/\/www.meydan.tv\/az\/wp-json\/wp\/v2\/posts\/198486","targetHints":{"allow":["GET"]}}],"collection":[{"href":"https:\/\/www.meydan.tv\/az\/wp-json\/wp\/v2\/posts"}],"about":[{"href":"https:\/\/www.meydan.tv\/az\/wp-json\/wp\/v2\/types\/post"}],"author":[{"embeddable":true,"href":"https:\/\/www.meydan.tv\/az\/wp-json\/wp\/v2\/users\/11"}],"replies":[{"embeddable":true,"href":"https:\/\/www.meydan.tv\/az\/wp-json\/wp\/v2\/comments?post=198486"}],"version-history":[{"count":0,"href":"https:\/\/www.meydan.tv\/az\/wp-json\/wp\/v2\/posts\/198486\/revisions"}],"wp:featuredmedia":[{"embeddable":true,"href":"https:\/\/www.meydan.tv\/az\/wp-json\/wp\/v2\/media\/127049"}],"wp:attachment":[{"href":"https:\/\/www.meydan.tv\/az\/wp-json\/wp\/v2\/media?parent=198486"}],"wp:term":[{"taxonomy":"category","embeddable":true,"href":"https:\/\/www.meydan.tv\/az\/wp-json\/wp\/v2\/categories?post=198486"},{"taxonomy":"post_tag","embeddable":true,"href":"https:\/\/www.meydan.tv\/az\/wp-json\/wp\/v2\/tags?post=198486"}],"curies":[{"name":"wp","href":"https:\/\/api.w.org\/{rel}","templated":true}]}}