{"id":198482,"date":"2019-12-23T14:42:09","date_gmt":"2019-12-23T14:42:09","guid":{"rendered":"https:\/\/www.meydan.tv\/article\/qasiqci-cinayetine-gore-5-nefere-olum-hokmu-verilib\/"},"modified":"2019-12-23T14:42:09","modified_gmt":"2019-12-23T14:42:09","slug":"qasiqci-cinayetine-gore-5-nefere-olum-hokmu-verilib","status":"publish","type":"post","link":"https:\/\/www.meydan.tv\/az\/article\/qasiqci-cinayetine-gore-5-nefere-olum-hokmu-verilib\/","title":{"rendered":"Qa\u015f\u0131q\u00e7\u0131 cinay\u0259tin\u0259 g\u00f6r\u0259 5 n\u0259f\u0259r\u0259 \u00f6l\u00fcm h\u00f6km\u00fc verilib"},"content":{"rendered":"<p>\n  <i><br \/>\n    Daha 3 n\u0259f\u0259r 24 il m\u00fcdd\u0259tin\u0259 h\u0259bs c\u0259zas\u0131 al\u0131b<br \/>\n  <\/i>\n<\/p>\n<p>\n  Dekabr\u0131n 23-d\u0259 S\u0259udiyy\u0259 \u018fr\u0259bistan\u0131 ke\u00e7\u0259n ilin oktyabr\u0131nda \u0130stanbulda q\u0259tl\u0259 yetiril\u0259n jurnalist Camal Qa\u015f\u0131q\u00e7\u0131n\u0131n \u00f6l\u00fcm i\u015fin\u0259 g\u00f6r\u0259 5 n\u0259f\u0259r\u0259 edam v\u0259 daha \u00fc\u00e7 n\u0259f\u0259r\u0259 24 il m\u00fcdd\u0259tin\u0259 h\u0259bs c\u0259zas\u0131 verib, &#8211; \u201cReuters\u201d x\u0259b\u0259r verir.\n<\/p>\n<p>\n  S\u0259udiyy\u0259 prokurorunun m\u00fcavini v\u0259 s\u00f6zc\u00fcs\u00fc \u015ealaan \u0259l-\u015ealaan (Shalaan al-Shalaan) m\u0259hk\u0259m\u0259d\u0259 \u00e7\u0131xar\u0131lan h\u00f6km\u00fc oxuyaraq deyib ki, m\u0259hk\u0259m\u0259 m\u00fchakim\u0259 edil\u0259n 11 n\u0259f\u0259rd\u0259n \u00fc\u00e7\u00fcn\u00fcn g\u00fcnahkar olmad\u0131\u011f\u0131n\u0131 m\u00fc\u0259yy\u0259n edib.\n<\/p>\n<p>\n  Qa\u015f\u0131q\u00e7\u0131 AB\u015e-da m\u0259skunla\u015fm\u0131\u015fd\u0131 v\u0259 S\u0259udiyy\u0259nin v\u0259li\u0259hd \u015fahzad\u0259si M\u0259h\u0259mm\u0259d bin Salman\u0131n s\u0259rt t\u0259nqid\u00e7isi oub. O, sonuncu d\u0259f\u0259 2 oktyabr 2018-ci il tarixind\u0259 toyundan \u0259vv\u0259l s\u0259n\u0259d almaq \u00fc\u00e7\u00fcn getdiyi S\u0259udiyy\u0259 \u018fr\u0259bistan\u0131n\u0131n \u0130stanbuldak\u0131 konsullu\u011funda g\u00f6r\u00fcn\u00fcb. Onun c\u0259s\u0259dinin par\u00e7alanaraq binadan \u00e7\u0131xar\u0131ld\u0131\u011f\u0131 bildirilir. Qa\u015f\u0131q\u00e7\u0131n\u0131n b\u0259d\u0259ninin qal\u0131qlar\u0131 tap\u0131lmay\u0131b.\n<\/p>\n<p>\n  Jurnalistin q\u0259tli qlobal etirazlara s\u0259b\u0259b olub v\u0259 S\u0259udiyy\u0259 \u015fahzad\u0259sinin imicin\u0259 \u0259h\u0259miyy\u0259tli z\u0259rb\u0259 vurub. CIA v\u0259 b\u0259zi Q\u0259rb h\u00f6kum\u0259tl\u0259ri \u015fahzad\u0259 M\u0259h\u0259mm\u0259din jurnalistin \u00f6ld\u00fcr\u00fclm\u0259sini sifari\u015f etdiyin\u0259 inand\u0131qlar\u0131n\u0131 deyibl\u0259r, lakin S\u0259udiyy\u0259 r\u0259smil\u0259ri onun q\u0259tld\u0259 he\u00e7 bir rolu olmad\u0131\u011f\u0131n\u0131 bildirib. \u018fr-Riyadda Qa\u015f\u0131\u00e7\u0131n\u0131n gizli \u00f6l\u00fcm\u00fc il\u0259 ba\u011fl\u0131 11 s\u0259udiyy\u0259li \u015f\u00fcbh\u0259li m\u00fchakim\u0259 olunub.\n<\/p>\n<p>\n  Q\u0259tll\u0259 ba\u011fl\u0131 21 n\u0259f\u0259r c\u0259lb olunub v\u0259 10 n\u0259f\u0259r h\u0259bs edilm\u0259d\u0259n dindirilm\u0259y\u0259 \u00e7a\u011f\u0131r\u0131l\u0131b.\n<\/p>\n<p>\n  \u018fr-Riyad\u0131n cinay\u0259t m\u0259hk\u0259m\u0259si adlar\u0131 h\u0259l\u0259 a\u00e7\u0131qlanmayan be\u015f \u015f\u0259xs\u0259 Qa\u015f\u0131q\u00e7\u0131n\u0131 \u00f6ld\u00fcr\u00fclm\u0259sind\u0259 i\u015ftirak etm\u0259siyl\u0259 ba\u011fl\u0131 \u00f6l\u00fcm h\u00f6km\u00fc \u00e7\u0131xar\u0131b.\n<\/p>\n<p>\n  H\u0259bs olunan \u00fc\u00e7 n\u0259f\u0259r\u0259 bu cinay\u0259ti \u00f6rt-basd\u0131r etm\u0259kd\u0259 v\u0259 qanunu pozmaqda roluna g\u00f6r\u0259 24 il m\u00fcdd\u0259tin\u0259 m\u00fcxt\u0259lif c\u0259zalar verilib.\n<\/p>\n<p>\n  \u015ealaan \u0259lav\u0259 edib ki, m\u0259hkum olunmu\u015flarla Qa\u015f\u0131q\u00e7\u0131 aras\u0131nda \u00f6nc\u0259d\u0259n d\u00fc\u015fm\u0259n\u00e7ilik olmay\u0131b.\n<\/p>\n<p>\n  \u201cH\u00f6kml\u0259rd\u0259n \u015fikay\u0259t veril\u0259 bil\u0259r\u201d, o bildirib.\n<\/p>\n<p>\n  Ke\u00e7\u0259n il noyabr ay\u0131nda S\u0259udiyy\u0259 prokuroru deyib ki, S\u0259udiyy\u0259 \u018fr\u0259bistan\u0131n\u0131n ke\u00e7mi\u015f y\u00fcks\u0259k r\u00fctb\u0259li m\u0259sl\u0259h\u0259t\u00e7isi S\u0259ud \u0259l-Qahtani S\u0259udiyy\u0259 konsullu\u011funa onu \u00f6ld\u00fcrm\u0259y\u0259 ged\u0259n komanda il\u0259 girm\u0259zd\u0259n \u0259vv\u0259l Qa\u015f\u0131q\u00e7\u0131n\u0131n f\u0259aliyy\u0259tini m\u00fczakir\u0259 edib.\n<\/p>\n<p>\n  Prokuror Qahtaninin k\u0259\u015ffiyyat r\u0259isinin m\u00fcavini \u018fhm\u0259d \u0259l-Asiri il\u0259 koordinal\u0131 \u015f\u0259kild\u0259 h\u0259r\u0259k\u0259t etdiyini bildirib. O deyib ki, \u0259l-Asiri Qa\u015f\u0131q\u00e7\u0131n\u0131n T\u00fcrkiy\u0259d\u0259n geri qaytar\u0131lmas\u0131n\u0131 \u0259mr edib v\u0259 konsulluqdak\u0131 dan\u0131\u015f\u0131qlar\u0131n ard\u0131ndan onu \u00f6ld\u00fcrm\u0259k q\u0259rar\u0131na g\u0259lib.\n<\/p>\n<p>\n  H\u0259r iki \u015f\u0259xs v\u0259zif\u0259l\u0259rind\u0259n k\u0259narla\u015fd\u0131r\u0131l\u0131b, lakin Asiri m\u00fchakim\u0259 olunark\u0259n Qahtani m\u0259hk\u0259m\u0259d\u0259n k\u0259narda qal\u0131b.\n<\/p>\n<p>\n  Bazar ert\u0259si g\u00fcn\u00fc \u015ealaan Asirinin d\u0259lil olmad\u0131\u011f\u0131na g\u00f6r\u0259 s\u0259rb\u0259st burax\u0131ld\u0131\u011f\u0131n\u0131, Qahtaninin ara\u015fd\u0131r\u0131ld\u0131\u011f\u0131n\u0131, ancaq ittiham edilm\u0259diyini v\u0259 s\u0259rb\u0259st burax\u0131ld\u0131\u011f\u0131n\u0131 deyib.<\/p>\n","protected":false},"excerpt":{"rendered":"<p>Jurnalistin q\u0259tli qlobal etirazlara s\u0259b\u0259b olub v\u0259 S\u0259udiyy\u0259 \u015fahzad\u0259sinin imicin\u0259 \u0259h\u0259miyy\u0259tli z\u0259rb\u0259 vurub.<\/p>\n","protected":false},"author":11,"featured_media":111557,"comment_status":"closed","ping_status":"open","sticky":false,"template":"","format":"standard","meta":{"_acf_changed":false,"_sitemap_exclude":false,"_sitemap_priority":"","_sitemap_frequency":"","footnotes":""},"categories":[64],"tags":[],"class_list":["post-198482","post","type-post","status-publish","format-standard","has-post-thumbnail","hentry","category-dunya","infinite-scroll-item","generate-columns","tablet-grid-50","mobile-grid-100","grid-parent","grid-33","no-featured-image-padding"],"acf":[],"yoast_head":"<!-- This site is optimized with the Yoast SEO plugin v27.5 - https:\/\/yoast.com\/product\/yoast-seo-wordpress\/ -->\n<title>Qa\u015f\u0131q\u00e7\u0131 cinay\u0259tin\u0259 g\u00f6r\u0259 5 n\u0259f\u0259r\u0259 \u00f6l\u00fcm h\u00f6km\u00fc verilib - MEYDAN.TV<\/title>\n<meta name=\"robots\" content=\"index, follow, max-snippet:-1, max-image-preview:large, max-video-preview:-1\" \/>\n<link rel=\"canonical\" href=\"https:\/\/www.meydan.tv\/az\/article\/qasiqci-cinayetine-gore-5-nefere-olum-hokmu-verilib\/\" \/>\n<meta property=\"og:locale\" content=\"az_AZ\" \/>\n<meta property=\"og:type\" content=\"article\" \/>\n<meta property=\"og:title\" content=\"Qa\u015f\u0131q\u00e7\u0131 cinay\u0259tin\u0259 g\u00f6r\u0259 5 n\u0259f\u0259r\u0259 \u00f6l\u00fcm h\u00f6km\u00fc verilib - MEYDAN.TV\" \/>\n<meta property=\"og:description\" content=\"Jurnalistin q\u0259tli qlobal etirazlara s\u0259b\u0259b olub v\u0259 S\u0259udiyy\u0259 \u015fahzad\u0259sinin imicin\u0259 \u0259h\u0259miyy\u0259tli z\u0259rb\u0259 vurub.\" \/>\n<meta property=\"og:url\" content=\"https:\/\/www.meydan.tv\/az\/article\/qasiqci-cinayetine-gore-5-nefere-olum-hokmu-verilib\/\" \/>\n<meta property=\"og:site_name\" content=\"MEYDAN.TV\" \/>\n<meta property=\"article:published_time\" content=\"2019-12-23T14:42:09+00:00\" \/>\n<meta property=\"og:image\" content=\"https:\/\/www.meydan.tv\/wp-content\/uploads\/44386.jpg\" \/>\n\t<meta property=\"og:image:width\" content=\"1484\" \/>\n\t<meta property=\"og:image:height\" content=\"835\" \/>\n\t<meta property=\"og:image:type\" content=\"image\/jpeg\" \/>\n<meta name=\"author\" content=\"user-manager\" \/>\n<meta name=\"twitter:card\" content=\"summary_large_image\" \/>\n<script type=\"application\/ld+json\" class=\"yoast-schema-graph\">{\"@context\":\"https:\\\/\\\/schema.org\",\"@graph\":[{\"@type\":\"Article\",\"@id\":\"https:\\\/\\\/www.meydan.tv\\\/az\\\/article\\\/qasiqci-cinayetine-gore-5-nefere-olum-hokmu-verilib\\\/#article\",\"isPartOf\":{\"@id\":\"https:\\\/\\\/www.meydan.tv\\\/az\\\/article\\\/qasiqci-cinayetine-gore-5-nefere-olum-hokmu-verilib\\\/\"},\"author\":{\"name\":\"user-manager\",\"@id\":\"https:\\\/\\\/www.meydan.tv\\\/az\\\/#\\\/schema\\\/person\\\/10d11eccf6da3662cf5fdab9806ea91a\"},\"headline\":\"Qa\u015f\u0131q\u00e7\u0131 cinay\u0259tin\u0259 g\u00f6r\u0259 5 n\u0259f\u0259r\u0259 \u00f6l\u00fcm h\u00f6km\u00fc verilib\",\"datePublished\":\"2019-12-23T14:42:09+00:00\",\"mainEntityOfPage\":{\"@id\":\"https:\\\/\\\/www.meydan.tv\\\/az\\\/article\\\/qasiqci-cinayetine-gore-5-nefere-olum-hokmu-verilib\\\/\"},\"wordCount\":592,\"publisher\":{\"@id\":\"https:\\\/\\\/www.meydan.tv\\\/az\\\/#organization\"},\"image\":{\"@id\":\"https:\\\/\\\/www.meydan.tv\\\/az\\\/article\\\/qasiqci-cinayetine-gore-5-nefere-olum-hokmu-verilib\\\/#primaryimage\"},\"thumbnailUrl\":\"https:\\\/\\\/www.meydan.tv\\\/wp-content\\\/uploads\\\/44386.jpg\",\"articleSection\":[\"D\u00fcnya\"],\"inLanguage\":\"az\"},{\"@type\":\"WebPage\",\"@id\":\"https:\\\/\\\/www.meydan.tv\\\/az\\\/article\\\/qasiqci-cinayetine-gore-5-nefere-olum-hokmu-verilib\\\/\",\"url\":\"https:\\\/\\\/www.meydan.tv\\\/az\\\/article\\\/qasiqci-cinayetine-gore-5-nefere-olum-hokmu-verilib\\\/\",\"name\":\"Qa\u015f\u0131q\u00e7\u0131 cinay\u0259tin\u0259 g\u00f6r\u0259 5 n\u0259f\u0259r\u0259 \u00f6l\u00fcm h\u00f6km\u00fc verilib - MEYDAN.TV\",\"isPartOf\":{\"@id\":\"https:\\\/\\\/www.meydan.tv\\\/az\\\/#website\"},\"primaryImageOfPage\":{\"@id\":\"https:\\\/\\\/www.meydan.tv\\\/az\\\/article\\\/qasiqci-cinayetine-gore-5-nefere-olum-hokmu-verilib\\\/#primaryimage\"},\"image\":{\"@id\":\"https:\\\/\\\/www.meydan.tv\\\/az\\\/article\\\/qasiqci-cinayetine-gore-5-nefere-olum-hokmu-verilib\\\/#primaryimage\"},\"thumbnailUrl\":\"https:\\\/\\\/www.meydan.tv\\\/wp-content\\\/uploads\\\/44386.jpg\",\"datePublished\":\"2019-12-23T14:42:09+00:00\",\"breadcrumb\":{\"@id\":\"https:\\\/\\\/www.meydan.tv\\\/az\\\/article\\\/qasiqci-cinayetine-gore-5-nefere-olum-hokmu-verilib\\\/#breadcrumb\"},\"inLanguage\":\"az\",\"potentialAction\":[{\"@type\":\"ReadAction\",\"target\":[\"https:\\\/\\\/www.meydan.tv\\\/az\\\/article\\\/qasiqci-cinayetine-gore-5-nefere-olum-hokmu-verilib\\\/\"]}]},{\"@type\":\"ImageObject\",\"inLanguage\":\"az\",\"@id\":\"https:\\\/\\\/www.meydan.tv\\\/az\\\/article\\\/qasiqci-cinayetine-gore-5-nefere-olum-hokmu-verilib\\\/#primaryimage\",\"url\":\"https:\\\/\\\/www.meydan.tv\\\/wp-content\\\/uploads\\\/44386.jpg\",\"contentUrl\":\"https:\\\/\\\/www.meydan.tv\\\/wp-content\\\/uploads\\\/44386.jpg\",\"width\":1484,\"height\":835,\"caption\":\"Source:\"},{\"@type\":\"BreadcrumbList\",\"@id\":\"https:\\\/\\\/www.meydan.tv\\\/az\\\/article\\\/qasiqci-cinayetine-gore-5-nefere-olum-hokmu-verilib\\\/#breadcrumb\",\"itemListElement\":[{\"@type\":\"ListItem\",\"position\":1,\"name\":\"Ana s\u0259hif\u0259\",\"item\":\"https:\\\/\\\/www.meydan.tv\\\/az\\\/\"},{\"@type\":\"ListItem\",\"position\":2,\"name\":\"D\u00fcnya\",\"item\":\"https:\\\/\\\/www.meydan.tv\\\/az\\\/section\\\/dunya\\\/\"},{\"@type\":\"ListItem\",\"position\":3,\"name\":\"Qa\u015f\u0131q\u00e7\u0131 cinay\u0259tin\u0259 g\u00f6r\u0259 5 n\u0259f\u0259r\u0259 \u00f6l\u00fcm h\u00f6km\u00fc verilib\"}]},{\"@type\":\"WebSite\",\"@id\":\"https:\\\/\\\/www.meydan.tv\\\/az\\\/#website\",\"url\":\"https:\\\/\\\/www.meydan.tv\\\/az\\\/\",\"name\":\"MEYDAN.TV\",\"description\":\"Meydan TV Az\u0259rbaycan\u0131n media m\u0259kan\u0131ndak\u0131 alternativ s\u0259sidir\",\"publisher\":{\"@id\":\"https:\\\/\\\/www.meydan.tv\\\/az\\\/#organization\"},\"potentialAction\":[{\"@type\":\"SearchAction\",\"target\":{\"@type\":\"EntryPoint\",\"urlTemplate\":\"https:\\\/\\\/www.meydan.tv\\\/az\\\/?s={search_term_string}\"},\"query-input\":{\"@type\":\"PropertyValueSpecification\",\"valueRequired\":true,\"valueName\":\"search_term_string\"}}],\"inLanguage\":\"az\"},{\"@type\":\"Organization\",\"@id\":\"https:\\\/\\\/www.meydan.tv\\\/az\\\/#organization\",\"name\":\"Meydan TV\",\"url\":\"https:\\\/\\\/www.meydan.tv\\\/az\\\/\",\"logo\":{\"@type\":\"ImageObject\",\"inLanguage\":\"az\",\"@id\":\"https:\\\/\\\/www.meydan.tv\\\/az\\\/#\\\/schema\\\/logo\\\/image\\\/\",\"url\":\"https:\\\/\\\/www.meydan.tv\\\/wp-content\\\/uploads\\\/2021\\\/07\\\/meydan-logo.svg\",\"contentUrl\":\"https:\\\/\\\/www.meydan.tv\\\/wp-content\\\/uploads\\\/2021\\\/07\\\/meydan-logo.svg\",\"width\":195,\"height\":46,\"caption\":\"Meydan TV\"},\"image\":{\"@id\":\"https:\\\/\\\/www.meydan.tv\\\/az\\\/#\\\/schema\\\/logo\\\/image\\\/\"}},{\"@type\":\"Person\",\"@id\":\"https:\\\/\\\/www.meydan.tv\\\/az\\\/#\\\/schema\\\/person\\\/10d11eccf6da3662cf5fdab9806ea91a\",\"name\":\"user-manager\"}]}<\/script>\n<!-- \/ Yoast SEO plugin. -->","yoast_head_json":{"title":"Qa\u015f\u0131q\u00e7\u0131 cinay\u0259tin\u0259 g\u00f6r\u0259 5 n\u0259f\u0259r\u0259 \u00f6l\u00fcm h\u00f6km\u00fc verilib - MEYDAN.TV","robots":{"index":"index","follow":"follow","max-snippet":"max-snippet:-1","max-image-preview":"max-image-preview:large","max-video-preview":"max-video-preview:-1"},"canonical":"https:\/\/www.meydan.tv\/az\/article\/qasiqci-cinayetine-gore-5-nefere-olum-hokmu-verilib\/","og_locale":"az_AZ","og_type":"article","og_title":"Qa\u015f\u0131q\u00e7\u0131 cinay\u0259tin\u0259 g\u00f6r\u0259 5 n\u0259f\u0259r\u0259 \u00f6l\u00fcm h\u00f6km\u00fc verilib - MEYDAN.TV","og_description":"Jurnalistin q\u0259tli qlobal etirazlara s\u0259b\u0259b olub v\u0259 S\u0259udiyy\u0259 \u015fahzad\u0259sinin imicin\u0259 \u0259h\u0259miyy\u0259tli z\u0259rb\u0259 vurub.","og_url":"https:\/\/www.meydan.tv\/az\/article\/qasiqci-cinayetine-gore-5-nefere-olum-hokmu-verilib\/","og_site_name":"MEYDAN.TV","article_published_time":"2019-12-23T14:42:09+00:00","og_image":[{"width":1484,"height":835,"url":"https:\/\/www.meydan.tv\/wp-content\/uploads\/44386.jpg","type":"image\/jpeg"}],"author":"user-manager","twitter_card":"summary_large_image","schema":{"@context":"https:\/\/schema.org","@graph":[{"@type":"Article","@id":"https:\/\/www.meydan.tv\/az\/article\/qasiqci-cinayetine-gore-5-nefere-olum-hokmu-verilib\/#article","isPartOf":{"@id":"https:\/\/www.meydan.tv\/az\/article\/qasiqci-cinayetine-gore-5-nefere-olum-hokmu-verilib\/"},"author":{"name":"user-manager","@id":"https:\/\/www.meydan.tv\/az\/#\/schema\/person\/10d11eccf6da3662cf5fdab9806ea91a"},"headline":"Qa\u015f\u0131q\u00e7\u0131 cinay\u0259tin\u0259 g\u00f6r\u0259 5 n\u0259f\u0259r\u0259 \u00f6l\u00fcm h\u00f6km\u00fc verilib","datePublished":"2019-12-23T14:42:09+00:00","mainEntityOfPage":{"@id":"https:\/\/www.meydan.tv\/az\/article\/qasiqci-cinayetine-gore-5-nefere-olum-hokmu-verilib\/"},"wordCount":592,"publisher":{"@id":"https:\/\/www.meydan.tv\/az\/#organization"},"image":{"@id":"https:\/\/www.meydan.tv\/az\/article\/qasiqci-cinayetine-gore-5-nefere-olum-hokmu-verilib\/#primaryimage"},"thumbnailUrl":"https:\/\/www.meydan.tv\/wp-content\/uploads\/44386.jpg","articleSection":["D\u00fcnya"],"inLanguage":"az"},{"@type":"WebPage","@id":"https:\/\/www.meydan.tv\/az\/article\/qasiqci-cinayetine-gore-5-nefere-olum-hokmu-verilib\/","url":"https:\/\/www.meydan.tv\/az\/article\/qasiqci-cinayetine-gore-5-nefere-olum-hokmu-verilib\/","name":"Qa\u015f\u0131q\u00e7\u0131 cinay\u0259tin\u0259 g\u00f6r\u0259 5 n\u0259f\u0259r\u0259 \u00f6l\u00fcm h\u00f6km\u00fc verilib - MEYDAN.TV","isPartOf":{"@id":"https:\/\/www.meydan.tv\/az\/#website"},"primaryImageOfPage":{"@id":"https:\/\/www.meydan.tv\/az\/article\/qasiqci-cinayetine-gore-5-nefere-olum-hokmu-verilib\/#primaryimage"},"image":{"@id":"https:\/\/www.meydan.tv\/az\/article\/qasiqci-cinayetine-gore-5-nefere-olum-hokmu-verilib\/#primaryimage"},"thumbnailUrl":"https:\/\/www.meydan.tv\/wp-content\/uploads\/44386.jpg","datePublished":"2019-12-23T14:42:09+00:00","breadcrumb":{"@id":"https:\/\/www.meydan.tv\/az\/article\/qasiqci-cinayetine-gore-5-nefere-olum-hokmu-verilib\/#breadcrumb"},"inLanguage":"az","potentialAction":[{"@type":"ReadAction","target":["https:\/\/www.meydan.tv\/az\/article\/qasiqci-cinayetine-gore-5-nefere-olum-hokmu-verilib\/"]}]},{"@type":"ImageObject","inLanguage":"az","@id":"https:\/\/www.meydan.tv\/az\/article\/qasiqci-cinayetine-gore-5-nefere-olum-hokmu-verilib\/#primaryimage","url":"https:\/\/www.meydan.tv\/wp-content\/uploads\/44386.jpg","contentUrl":"https:\/\/www.meydan.tv\/wp-content\/uploads\/44386.jpg","width":1484,"height":835,"caption":"Source:"},{"@type":"BreadcrumbList","@id":"https:\/\/www.meydan.tv\/az\/article\/qasiqci-cinayetine-gore-5-nefere-olum-hokmu-verilib\/#breadcrumb","itemListElement":[{"@type":"ListItem","position":1,"name":"Ana s\u0259hif\u0259","item":"https:\/\/www.meydan.tv\/az\/"},{"@type":"ListItem","position":2,"name":"D\u00fcnya","item":"https:\/\/www.meydan.tv\/az\/section\/dunya\/"},{"@type":"ListItem","position":3,"name":"Qa\u015f\u0131q\u00e7\u0131 cinay\u0259tin\u0259 g\u00f6r\u0259 5 n\u0259f\u0259r\u0259 \u00f6l\u00fcm h\u00f6km\u00fc verilib"}]},{"@type":"WebSite","@id":"https:\/\/www.meydan.tv\/az\/#website","url":"https:\/\/www.meydan.tv\/az\/","name":"MEYDAN.TV","description":"Meydan TV Az\u0259rbaycan\u0131n media m\u0259kan\u0131ndak\u0131 alternativ s\u0259sidir","publisher":{"@id":"https:\/\/www.meydan.tv\/az\/#organization"},"potentialAction":[{"@type":"SearchAction","target":{"@type":"EntryPoint","urlTemplate":"https:\/\/www.meydan.tv\/az\/?s={search_term_string}"},"query-input":{"@type":"PropertyValueSpecification","valueRequired":true,"valueName":"search_term_string"}}],"inLanguage":"az"},{"@type":"Organization","@id":"https:\/\/www.meydan.tv\/az\/#organization","name":"Meydan TV","url":"https:\/\/www.meydan.tv\/az\/","logo":{"@type":"ImageObject","inLanguage":"az","@id":"https:\/\/www.meydan.tv\/az\/#\/schema\/logo\/image\/","url":"https:\/\/www.meydan.tv\/wp-content\/uploads\/2021\/07\/meydan-logo.svg","contentUrl":"https:\/\/www.meydan.tv\/wp-content\/uploads\/2021\/07\/meydan-logo.svg","width":195,"height":46,"caption":"Meydan TV"},"image":{"@id":"https:\/\/www.meydan.tv\/az\/#\/schema\/logo\/image\/"}},{"@type":"Person","@id":"https:\/\/www.meydan.tv\/az\/#\/schema\/person\/10d11eccf6da3662cf5fdab9806ea91a","name":"user-manager"}]}},"_links":{"self":[{"href":"https:\/\/www.meydan.tv\/az\/wp-json\/wp\/v2\/posts\/198482","targetHints":{"allow":["GET"]}}],"collection":[{"href":"https:\/\/www.meydan.tv\/az\/wp-json\/wp\/v2\/posts"}],"about":[{"href":"https:\/\/www.meydan.tv\/az\/wp-json\/wp\/v2\/types\/post"}],"author":[{"embeddable":true,"href":"https:\/\/www.meydan.tv\/az\/wp-json\/wp\/v2\/users\/11"}],"replies":[{"embeddable":true,"href":"https:\/\/www.meydan.tv\/az\/wp-json\/wp\/v2\/comments?post=198482"}],"version-history":[{"count":0,"href":"https:\/\/www.meydan.tv\/az\/wp-json\/wp\/v2\/posts\/198482\/revisions"}],"wp:featuredmedia":[{"embeddable":true,"href":"https:\/\/www.meydan.tv\/az\/wp-json\/wp\/v2\/media\/111557"}],"wp:attachment":[{"href":"https:\/\/www.meydan.tv\/az\/wp-json\/wp\/v2\/media?parent=198482"}],"wp:term":[{"taxonomy":"category","embeddable":true,"href":"https:\/\/www.meydan.tv\/az\/wp-json\/wp\/v2\/categories?post=198482"},{"taxonomy":"post_tag","embeddable":true,"href":"https:\/\/www.meydan.tv\/az\/wp-json\/wp\/v2\/tags?post=198482"}],"curies":[{"name":"wp","href":"https:\/\/api.w.org\/{rel}","templated":true}]}}