{"id":198468,"date":"2019-12-22T09:49:20","date_gmt":"2019-12-22T09:49:20","guid":{"rendered":"https:\/\/www.meydan.tv\/article\/ele-bildiler-icra-hakimiyyetinde-islemisem-milyonum-var-oglumu-hebs-etdiler\/"},"modified":"2019-12-22T09:49:20","modified_gmt":"2019-12-22T09:49:20","slug":"ele-bildiler-icra-hakimiyyetinde-islemisem-milyonum-var-oglumu-hebs-etdiler","status":"publish","type":"post","link":"https:\/\/www.meydan.tv\/az\/article\/ele-bildiler-icra-hakimiyyetinde-islemisem-milyonum-var-oglumu-hebs-etdiler\/","title":{"rendered":"\u201cEl\u0259 bildil\u0259r icra hakimiyy\u0259tind\u0259 i\u015fl\u0259mi\u015f\u0259m, milyonum var, o\u011flumu h\u0259bs etdil\u0259r\u201d"},"content":{"rendered":"<p>\n  <i><br \/>\n    A\u011fstafa rayon sakini \u00f6lk\u0259 r\u0259hb\u0259rliyind\u0259n k\u00f6m\u0259k ist\u0259yir<br \/>\n  <\/i>\n<\/p>\n<p>\n  \u201cO\u011flumu \u015f\u0259rl\u0259yib h\u0259bs etdil\u0259r. S\u0259b\u0259bi m\u0259nd\u0259n pul qoparmaq idi. \u00c7\u00fcnki uzun ill\u0259r icra hakimiyy\u0259tind\u0259 i\u015fl\u0259mi\u015f\u0259m, el\u0259 bilirdil\u0259r milyonum var. O\u011flumu azad etm\u0259k \u00fc\u00e7\u00fcn m\u0259nd\u0259n pul ist\u0259dil\u0259r. Verm\u0259dim. O\u011flum h\u0259bs edildi. Yat\u0131b \u00e7\u0131xandan sonra bir d\u0259 \u015f\u0259rl\u0259dil\u0259r. Amma bu d\u0259f\u0259 arxalar\u0131nda xeyli yanl\u0131\u015fl\u0131qlar buraxd\u0131lar. \u0130ndi qal\u0131blar bu s\u0259hvl\u0259rin i\u00e7ind\u0259. N\u0259 geriy\u0259, n\u0259 \u00f6n\u0259 add\u0131m ata bilirl\u0259r. N\u0259tic\u0259d\u0259 2 il\u0259 yax\u0131nd\u0131r ki, o\u011fluma i\u015f k\u0259silmir, istintaq bitmir\u201d.\n<\/p>\n<p>\n  A\u011fstafan\u0131n Da\u015fk\u0259s\u0259m\u0259nli k\u0259ndinin sakini Al\u0131 C\u0259f\u0259rov bel\u0259 deyir.\n<\/p>\n<p>\n  <b><br \/>\n    <i><br \/>\n      \u201cAlan-satan m\u0259lum, h\u0259bs edil\u0259n m\u0259nim o\u011flum\u201d<br \/>\n    <\/i><br \/>\n  <\/b>\n<\/p>\n<p>\n  Al\u0131 C\u0259f\u0259rov ixtisasca m\u00fc\u0259llimdir. Sonuncu i\u015f yeri Qazax Rayon \u0130cra Hakimiyy\u0259ti olub. \u0130ki il bundan \u0259vv\u0259l \u00f6z ist\u0259yi il\u0259 i\u015fd\u0259n ayr\u0131l\u0131b. Deyir, \u0259m\u0259k haqq\u0131 a\u015fa\u011f\u0131 idi, ar\u0131 saxlamaq q\u0259rar\u0131na g\u0259lib. Yoxsa i\u015fi il\u0259 ba\u011fl\u0131 h\u0259r hans\u0131 problemi olmay\u0131b.\n<\/p>\n<p>\n  \u201cBundan bir az sonra o\u011flum Natiq C\u0259f\u0259rov qanunsuz odlu silah g\u0259zdirm\u0259k madd\u0259si il\u0259 h\u0259bs edildi. \u018fslind\u0259 is\u0259 odlu silahla \u0259laq\u0259si yox idi. Bir n\u0259f\u0259r onun ma\u015f\u0131n\u0131 il\u0259 tapan\u00e7a satma\u011fa gedib. Satan da m\u0259lum olub, alan da. Onlar ikisi d\u0259 \u00e7\u00f6ld\u0259 ola-ola m\u0259nim o\u011flumu h\u0259bs edibl\u0259r. \u00d6z\u00fc d\u0259 tapan\u00e7a sat\u0131lmay\u0131b da, xarab imi\u015f. Bu, \u0259dal\u0259tsizlikdir\u201d.\n<\/p>\n<p>\n  <b><br \/>\n    <i><br \/>\n      \u201c30 min ist\u0259dil\u0259r, ver\u0259 bilm\u0259dim, o\u011flumu h\u0259bs etdil\u0259r\u201d<br \/>\n    <\/i><br \/>\n  <\/b>\n<\/p>\n<p>\n  Ata deyir ki, h\u0259min i\u015f 4 il bundan \u00f6nc\u0259 olub. Ba\u015flar\u0131na g\u0259l\u0259nl\u0259 ba\u011fl\u0131 aidiyyat\u0131 qurumlara says\u0131z-hesabs\u0131z m\u0259ktublar g\u00f6nd\u0259rib, ancaq bir i\u015f\u0259 yaramay\u0131b:\n<\/p>\n<p>\n  \u201cYerli idar\u0259l\u0259rin ist\u0259diyi pulu da verm\u0259yinc\u0259, o\u011fluma 3 il i\u015f k\u0259sibl\u0259r. D\u00fc\u015f\u00fcn\u00fcrl\u0259r ki, 15 il icra hakimiyy\u0259tind\u0259 i\u015fl\u0259y\u0259n adam\u0131n pulu olar. Bel\u0259likl\u0259, 30 min ist\u0259mi\u015fdil\u0259r. Yox idi, ver\u0259 bilm\u0259dim. Getdi h\u0259bsini yatd\u0131, \u00e7\u0131xd\u0131\u201d.\n<\/p>\n<p>\n  <b><br \/>\n    <i><br \/>\n      \u201cPolis evimizi s\u0259n\u0259d t\u0259qdim etm\u0259d\u0259n axtar\u0131b\u201d<br \/>\n    <\/i><br \/>\n  <\/b>\n<\/p>\n<p>\n  Al\u0131 C\u0259f\u0259riv deyir ki, \u00e7\u0131xandan sonra o\u011fluna ancaq 1 ay 7 g\u00fcn evd\u0259 qalma\u011fa imkan veribl\u0259r. Sonra narkotikl\u0259 \u015f\u0259rl\u0259yib, yenid\u0259n tutublar:\n<\/p>\n<p>\n  \u201cN\u0259dir ki, m\u0259n onlara ist\u0259dikl\u0259rini verm\u0259dim. H\u0259min g\u00fcn sentyabr\u0131n 21-d\u0259 (2018-ci il) m\u0259n A\u011fstafada, dostlar\u0131mla idim. 6-7 aras\u0131 evd\u0259n z\u0259ng etdil\u0259r ki, b\u0259s polisl\u0259r g\u0259lib, Natiqi v\u0259 s\u0259ni soru\u015furlar. Dedim, telefonu polis\u0259 ver. Verdil\u0259r, soru\u015fdular, s\u0259n hardasan? Dedim, A\u011fstafada. Dedil\u0259r, \u201corda dur, g\u0259lirik\u201d. M\u0259n orda g\u00f6zl\u0259m\u0259kd\u0259, polis evi axtar\u0131b. \u00d6z\u00fc d\u0259 s\u0259n\u0259d olmadan. M\u00fclki geyimd\u0259\u201d.\n<\/p>\n<p>\n  <b><br \/>\n    <i><br \/>\n      \u201cO\u011flumu h\u0259bs etdil\u0259r, m\u0259n\u0259 bu bar\u0259d\u0259 bir k\u0259lim\u0259 d\u0259 dem\u0259dil\u0259r\u201d<br \/>\n    <\/i><br \/>\n  <\/b>\n<\/p>\n<p>\n  Ata deyir ki, o\u011flu h\u0259min vaxt ma\u015f\u0131n d\u00fcz\u0259ldil\u0259n sexd\u0259 imi\u015f. Yerini \u00f6yr\u0259nib ora gedibl\u0259r. \u00d6z ma\u015f\u0131n\u0131ndan d\u00fc\u015f\u00fcr\u00fcb, polis avtomobilin\u0259 mindirib, apar\u0131blar polis \u015f\u00f6b\u0259sin\u0259:\n<\/p>\n<p>\n  \u201cM\u0259n d\u0259 o an g\u00f6zl\u0259yir\u0259m, arxay\u0131nam ki, polis yan\u0131ma g\u0259lir. Bu zaman z\u0259ng g\u0259ldi, a\u00e7d\u0131m ki, o\u011flumdur. Polisin telefonundan z\u0259ng edir. Dedi ki, b\u0259s m\u0259ni polis \u015f\u00f6b\u0259sin\u0259 g\u0259tirdil\u0259r, he\u00e7 n\u0259 bilmir\u0259m, he\u00e7 n\u0259 d\u0259 demirl\u0259r. Telefonu polis\u0259 ver, dedim. Soru\u015fdum: \u201cM\u0259nim o\u011flumu niy\u0259 tutmusunuz?\u201d Dedi: \u201cTap\u015f\u0131r\u0131q bel\u0259dir\u201d. T\u0259krar z\u0259ng etdim, g\u00f6t\u00fcrm\u0259di. G\u0259ldim \u015f\u00f6b\u0259y\u0259. Kimd\u0259n soru\u015fdum, dedil\u0259r, \u201co\u011flun burada deyil\u201d. \u018fn az\u0131 saxlan\u0131lmas\u0131n\u0131n s\u0259b\u0259bini bilm\u0259k \u00fc\u00e7\u00fcn q\u0259bul olunmaq ist\u0259dim. 6-7 saat qald\u0131m, kims\u0259 m\u0259ni q\u0259bul etm\u0259di\u201d.\n<\/p>\n<p>\n  <b><br \/>\n    <i><br \/>\n      \u201c102 dedi ki, sizin o\u011flunuzu yuxar\u0131n\u0131n tap\u015f\u0131r\u0131\u011f\u0131 il\u0259 h\u0259bs edibl\u0259r\u201d<br \/>\n    <\/i><br \/>\n  <\/b>\n<\/p>\n<p>\n  Bundan sonra ata 102 xidm\u0259tin\u0259 z\u0259ng etm\u0259k m\u0259cburiyy\u0259tind\u0259 qal\u0131b:\n<\/p>\n<p>\n  \u201cDedim, o\u011flumu h\u0259bs edibl\u0259r, s\u0259b\u0259bini izah etmirl\u0259r, yerini demirl\u0259r, q\u0259bul etmirl\u0259r. Dedil\u0259r, \u201cara\u015fd\u0131raca\u011f\u0131q\u201d. Bel\u0259c\u0259 3 d\u0259f\u0259 z\u0259ng etdim. Ax\u0131rda ordak\u0131 q\u0131z dedi ki, b\u0259s sizin o\u011flunuzu yuxar\u0131n\u0131n tap\u015f\u0131r\u0131\u011f\u0131 il\u0259 h\u0259bs edibl\u0259r. Kor-pe\u015fman ev\u0259 d\u00f6nd\u00fcm. S\u0259h\u0259ri g\u00fcn g\u00fcnortayacan m\u0259n Natiqd\u0259n x\u0259b\u0259r tuta bilm\u0259dim\u201d.\n<\/p>\n<figure class=\"wp-block-image size-large\">\n  <img decoding=\"async\" src=\"https:\/\/www.meydan.tv\/az\/image_from_ios-1-jpg-86\/\" alt=\"image_from_ios (1).jpg\" class=\"wp-image-134736\"\/><figcaption>\n    RP-nin r\u0259smisi Mehman Xanki\u015fiyevin cavab m\u0259ktubu<br \/>\n  <\/figcaption><\/figure>\n<p>\n  <b><br \/>\n    <i><br \/>\n      \u201cD\u00f6y\u00fcb, i\u015fg\u0259nc\u0259 veribl\u0259r dey\u0259, \u00fcz\u0259 \u00e7\u0131xarm\u0131rm\u0131\u015flar\u201d<br \/>\n    <\/i><br \/>\n  <\/b>\n<\/p>\n<p>\n  Bundan sonra Al\u0131 C\u0259f\u0259rov ba\u015flay\u0131b Daxili \u0130\u015fl\u0259r Nazirliyin\u0259 (D\u0130N) m\u0259ktublar g\u00f6nd\u0259rm\u0259y\u0259. Deyir, o\u011flu sentyabr\u0131n 21-d\u0259 h\u0259bs edilib. Ay\u0131n 30-d\u0259k h\u0259l\u0259 onun harada oldu\u011fundan x\u0259b\u0259rsiz olublar. Ata bundan sonra Bak\u0131ya \u00fcz tutub. Buradak\u0131 polis idar\u0259l\u0259rini v\u0259 s. g\u0259zib. Ancaq o\u011flunu tapa bilm\u0259yib:\n<\/p>\n<p>\n  \u201cS\u0259n dem\u0259, M\u00fct\u0259\u015f\u0259kkil Cinay\u0259tkarl\u0131\u011fa Qar\u015f\u0131 M\u00fcbariz\u0259 \u0130dar\u0259sind\u0259 saxlan\u0131rm\u0131\u015f. D\u00f6y\u00fcb, i\u015fg\u0259nc\u0259 veribl\u0259r dey\u0259, \u00fcz\u0259 \u00e7\u0131xarm\u0131rm\u0131\u015flar. D\u0130N-\u0259 teleqram vurandan sonra m\u0259n\u0259 bir cavab g\u0259ldi. H\u0259min cavab m\u0259ktubu sentyabr\u0131n 28-d\u0259 A\u011fstafa po\u00e7tuna daxil olub. 26-da A\u011fstafan\u0131n polis r\u0259isi m\u0259ktubu pe\u00e7atlay\u0131b. M\u0259n d\u0259 30-da alm\u0131\u015fam. Dem\u0259li, 24-d\u0259 o\u011flum bar\u0259sind\u0259 m\u0259hk\u0259m\u0259 q\u0259rar verib. Onu 4 ay h\u0259bs edibl\u0259r. Bu, o dem\u0259kdir ki, 26-da polis r\u0259isi art\u0131q o\u011flumun h\u0259bsind\u0259n x\u0259b\u0259rdar idi. Ancaq m\u0259n\u0259 m\u0259lumat verilm\u0259yib\u201d.\n<\/p>\n<p>\n  <b><br \/>\n    <i><br \/>\n      \u201cV\u0259kil\u0259 tap\u015f\u0131r\u0131blar ki, ail\u0259sin\u0259 m\u0259lumat\u0131 tez verm\u0259\u201d<br \/>\n    <\/i><br \/>\n  <\/b>\n<\/p>\n<p>\n  Ata deyir ki, ald\u0131\u011f\u0131 cavabda \u201co\u011flunuz sentyabr\u0131n 21-d\u0259 polis\u0259 d\u0259v\u0259t edilib. Haqq\u0131nda b\u0259zi cinay\u0259t \u0259m\u0259ll\u0259ri a\u015fkarlan\u0131b v\u0259 4 ay h\u0259bs edilib\u201d, \u2013 yaz\u0131l\u0131b.\n<\/p>\n<p>\n  \u201cSonra d\u00f6vl\u0259tin o\u011fluma tutdu\u011fu v\u0259kil z\u0259ng etdi. Dedi, \u201cm\u00fc\u0259llim, sizin o\u011flunuz sentyabr\u0131n 24-d\u0259 4 ay h\u0259bs edilib\u201d. Soru\u015furam ki, niy\u0259 h\u0259min g\u00fcn demirdin? Deyir: \u201cYad\u0131mdan \u00e7\u0131x\u0131b\u201d. M\u0259n dem\u0259yim, siz deyin, bel\u0259 d\u0259 olur? G\u00f6r\u00fcn\u00fcr, tap\u015f\u0131r\u0131q bel\u0259 olub ki, tez dem\u0259\u201d.\n<\/p>\n<p>\n  <b><br \/>\n    <i><br \/>\n      \u201cH\u0259r \u015feyi yalandan d\u00fcz-qo\u015f edibl\u0259r\u201d<br \/>\n    <\/i><br \/>\n  <\/b>\n<\/p>\n<p>\n  Al\u0131 C\u0259f\u0259rov bir ne\u00e7\u0259 g\u00fcn sonra m\u0259hk\u0259m\u0259nin q\u0259rar\u0131n\u0131 ala bilib. H\u0259min q\u0259rarda is\u0259 o\u011flunun sentyabr\u0131n 22-d\u0259 h\u0259bs edildiyi yaz\u0131l\u0131b. Ata deyir ki, o q\u0259d\u0259r h\u0259r \u015feyi yalandan d\u00fcz-qo\u015f edibl\u0259r ki, r\u0259q\u0259ml\u0259ri d\u0259 s\u0259hv yaz\u0131blar. Bunu harada deyib, ona \u201cmexaniki s\u0259hvdir, d\u00fc\u015f\u00fcb\u201d, &#8211; cavab\u0131n\u0131 veribl\u0259r:\n<\/p>\n<p>\n  \u201cBanditizmin m\u00fcst\u0259ntiqi is\u0259 dedi ki, indi d\u0259 dey\u0259rik ki, texniki s\u0259hv olub. Ya da dey\u0259rik ki, 21-d\u0259 tutub buraxm\u0131\u015f\u0131q. 22-d\u0259 yen\u0259 tutmu\u015fuq. Deyir\u0259m, kameralar\u0131 a\u00e7\u0131n. Burax\u0131ld\u0131\u011f\u0131n\u0131, \u015f\u00f6b\u0259d\u0259n \u00e7\u0131xd\u0131\u011f\u0131n\u0131 g\u00f6r\u0259k. Onu da a\u00e7m\u0131rlar. Bunun ba\u015fqa ad\u0131 yoxdur. O u\u015fa\u011f\u0131n bu s\u00f6hb\u0259td\u0259n x\u0259b\u0259ri yoxdur. \u015e\u0259rl\u0259yibl\u0259r. D\u00f6y\u00fcb, i\u015fg\u0259nc\u0259 il\u0259 boynuna qoydurublar. H\u0259tta o q\u0259d\u0259r d\u00f6y\u00fcbl\u0259r ki, qaraciy\u0259ri partlay\u0131b. \u00d6d\u00fcnd\u0259 da\u015f oldu\u011fu ad\u0131 il\u0259 \u0259m\u0259liyyat edibl\u0259r. Bax, ist\u0259dikl\u0259rini almayanda camaat\u0131n balas\u0131n\u0131 rayonlarda bel\u0259 \u015f\u0259rl\u0259yib, d\u00f6y\u00fcb, h\u0259yat\u0131n\u0131 qarald\u0131rlar\u201d.\n<\/p>\n<p>\n  <b><br \/>\n    <i><br \/>\n      \u201cDeyibl\u0259r, \u201catan 100 min g\u0259tirsin\u201d\u201d<br \/>\n    <\/i><br \/>\n  <\/b>\n<\/p>\n<p>\n  Ata deyir ki, o\u011flu i\u00e7\u0259rid\u0259 olanda onu d\u00f6y\u0259nl\u0259rd\u0259n \u201cn\u0259 vers\u0259m, m\u0259ni buraxars\u0131z?\u201d &#8211; dey\u0259 soru\u015fub. Deyibl\u0259r, 100 min manat. Al\u0131 C\u0259f\u0259rov o q\u0259d\u0259r pulunun olmad\u0131\u011f\u0131n\u0131 s\u00f6yl\u0259yir:\n<\/p>\n<p>\n  \u201cN\u0259 m\u0259nim, n\u0259 d\u0259 o\u011flumun o q\u0259d\u0259r pulu var. El\u0259 onlara da deyib ki, birc\u0259 \u201cMercedes\u201d avtomobilim var. O da 1990-c\u0131 ilindir. Bu d\u0259qiq\u0259 verim siz\u0259. Onunla raz\u0131la\u015fmay\u0131blar, deyibl\u0259r, \u201catan 100 min g\u0259tirsin\u201d. Yaz\u0131\u011f\u0131 elektrik stuluna ba\u011flay\u0131blar. Paya il\u0259 d\u00f6y\u00fcb, s\u00f6y\u00fcbl\u0259r. Deyibl\u0259r, qol \u00e7\u0259km\u0259s\u0259n, ananla, arvad\u0131n\u0131 g\u0259tir\u0259c\u0259yik. Cibind\u0259n \u00e7\u0131xan narkotiki evind\u0259n d\u0259 \u00e7\u0131xaraca\u011f\u0131q. H\u00f6kum\u0259t varsa, m\u0259n bu s\u0259n\u0259dl\u0259ri may\u0131n 17-d\u0259 Ba\u015f Prokurorlu\u011fun q\u0259bulunda olub, onlara vermi\u015f\u0259m. Niy\u0259 cavab vermirl\u0259r?\u201d\n<\/p>\n<p>\n  <b><br \/>\n    <i><br \/>\n      \u201c\u00d6z v\u0259t\u0259nda\u015f\u0131na bunu ed\u0259n hakimiyy\u0259t erm\u0259niy\u0259 n\u0259 etm\u0259z ki?\u201d<br \/>\n    <\/i><br \/>\n  <\/b>\n<\/p>\n<p>\n  Al\u0131 C\u0259f\u0259rov deyir ki, indi o\u011flu 1 il 4 ayd\u0131r i\u00e7\u0259rid\u0259dir. \u0130\u015f verm\u0259yibl\u0259r. \u0130stintaq gedir:\n<\/p>\n<p>\n  \u201cBax, bizi bel\u0259 s\u00fcr\u00fcnd\u00fcr\u00fcrl\u0259r. Sonra da deyirl\u0259r ki, Qaraba\u011f\u0131 alaq. Qaraba\u011f erm\u0259nil\u0259ri d\u0259 orda biziml\u0259 birg\u0259 ya\u015fas\u0131n. Daha demirl\u0259r e, \u00f6z v\u0259t\u0259nda\u015f\u0131na bunu ed\u0259n hakimiyy\u0259t erm\u0259niy\u0259 n\u0259 etm\u0259z ki? Ba\u015f\u0131na min bir oyun a\u00e7ar\u201d.\n<\/p>\n<p>\n  Ata Prezident v\u0259 Birinci vitse-prezidentd\u0259n o\u011fluna \u0259dal\u0259t ist\u0259yir\n<\/p>\n<p>\n  Al\u0131 C\u0259f\u0259rov \u00fczl\u0259\u015fdikl\u0259ri probleml\u0259rl\u0259, haqs\u0131zl\u0131qla ba\u011fl\u0131 Prezident \u0130lham \u018fliyev\u0259, Birinci vitse-prezident Mehriban \u018fliyevaya m\u00fcraci\u0259t edir. Onlardan o\u011flu Natiq C\u0259f\u0259rovun i\u015finin \u0259dal\u0259tli ara\u015fd\u0131r\u0131lmas\u0131na g\u00f6st\u0259ri\u015f verm\u0259l\u0259rini xahi\u015f edir:\n<\/p>\n<p>\n  \u201cM\u0259n o\u011flumun haqs\u0131z yer\u0259 daha \u00e7ox h\u0259bsd\u0259 yatmas\u0131n\u0131 ist\u0259mir\u0259m. Fikirl\u0259\u015fm\u0259kd\u0259n anas\u0131 da, m\u0259n d\u0259 \u00e7\u00fcr\u00fcm\u00fc\u015f\u00fck. Pis g\u00fcnd\u0259yik, anlay\u0131n. Siz d\u0259 bizim kimi ata v\u0259 anas\u0131n\u0131z. Nolar, bizi \u00f6vlad\u0131m\u0131zla s\u0131nama\u011fa imkan verm\u0259yin\u201d.\n<\/p>\n<p>\n  A\u011fstafa Rayon Polis \u015e\u00f6b\u0259sind\u0259n Meydan TV-y\u0259 bu bar\u0259d\u0259 a\u00e7\u0131qlama verm\u0259k s\u0259lahiyy\u0259tl\u0259rinin olmad\u0131\u011f\u0131n\u0131 s\u00f6yl\u0259yibl\u0259r:\n<\/p>\n<p>\n  \u201c\u0130\u015fin istintaq\u0131 gedir, h\u0259l\u0259 ara\u015fd\u0131r\u0131lma m\u0259rh\u0259l\u0259sind\u0259dir. Art\u0131q m\u0259lumat ver\u0259 bilm\u0259rik. Bunun \u00fc\u00e7\u00fcn Daxili \u0130\u015fl\u0259r Nazirliyin\u0259 m\u00fcraci\u0259t edin\u201d.\n<\/p>\n<p>\n  Daxili \u0130\u015fl\u0259r Nazirliyinin m\u0259tbuat xidm\u0259tind\u0259n is\u0259 m\u0259s\u0259l\u0259y\u0259 m\u00fcnasib\u0259t \u00f6yr\u0259nm\u0259k m\u00fcmk\u00fcn olmay\u0131b.\n<\/p>\n<figure class=\"wp-block-image size-large\">\n  <img decoding=\"async\" src=\"https:\/\/www.meydan.tv\/az\/image_from_ios-2-jpg-82\/\" alt=\"image_from_ios (2).jpg\" class=\"wp-image-134739\"\/><figcaption>\n    A\u011fstafa RP\u015e-nin r\u0259is m\u00fcavini, polis mayoru Cabir \u018fl\u0259sg\u0259rovun cavab m\u0259ktubu<br \/>\n  <\/figcaption><\/figure>\n","protected":false},"excerpt":{"rendered":"<p>Ata deyir ki, o q\u0259d\u0259r h\u0259r \u015feyi yalandan d\u00fcz-qo\u015f edibl\u0259r ki, r\u0259q\u0259ml\u0259ri d\u0259 s\u0259hv yaz\u0131blar.<\/p>\n","protected":false},"author":11,"featured_media":134733,"comment_status":"closed","ping_status":"open","sticky":false,"template":"","format":"standard","meta":{"_acf_changed":false,"_sitemap_exclude":false,"_sitemap_priority":"","_sitemap_frequency":"","footnotes":""},"categories":[60],"tags":[],"class_list":["post-198468","post","type-post","status-publish","format-standard","has-post-thumbnail","hentry","category-bolge","infinite-scroll-item","generate-columns","tablet-grid-50","mobile-grid-100","grid-parent","grid-33","no-featured-image-padding"],"acf":[],"yoast_head":"<!-- This site is optimized with the Yoast SEO plugin v27.5 - https:\/\/yoast.com\/product\/yoast-seo-wordpress\/ -->\n<title>\u201cEl\u0259 bildil\u0259r icra hakimiyy\u0259tind\u0259 i\u015fl\u0259mi\u015f\u0259m, milyonum var, o\u011flumu h\u0259bs etdil\u0259r\u201d - MEYDAN.TV<\/title>\n<meta name=\"robots\" content=\"index, follow, max-snippet:-1, max-image-preview:large, max-video-preview:-1\" \/>\n<link rel=\"canonical\" href=\"https:\/\/www.meydan.tv\/az\/article\/ele-bildiler-icra-hakimiyyetinde-islemisem-milyonum-var-oglumu-hebs-etdiler\/\" \/>\n<meta property=\"og:locale\" content=\"az_AZ\" \/>\n<meta property=\"og:type\" content=\"article\" \/>\n<meta property=\"og:title\" content=\"\u201cEl\u0259 bildil\u0259r icra hakimiyy\u0259tind\u0259 i\u015fl\u0259mi\u015f\u0259m, milyonum var, o\u011flumu h\u0259bs etdil\u0259r\u201d - MEYDAN.TV\" \/>\n<meta property=\"og:description\" content=\"Ata deyir ki, o q\u0259d\u0259r h\u0259r \u015feyi yalandan d\u00fcz-qo\u015f edibl\u0259r ki, r\u0259q\u0259ml\u0259ri d\u0259 s\u0259hv yaz\u0131blar.\" \/>\n<meta property=\"og:url\" content=\"https:\/\/www.meydan.tv\/az\/article\/ele-bildiler-icra-hakimiyyetinde-islemisem-milyonum-var-oglumu-hebs-etdiler\/\" \/>\n<meta property=\"og:site_name\" content=\"MEYDAN.TV\" \/>\n<meta property=\"article:published_time\" content=\"2019-12-22T09:49:20+00:00\" \/>\n<meta property=\"og:image\" content=\"https:\/\/www.meydan.tv\/wp-content\/uploads\/image_from_ios_avtrx3w-scaled.jpg\" \/>\n\t<meta property=\"og:image:width\" content=\"2560\" \/>\n\t<meta property=\"og:image:height\" content=\"1920\" \/>\n\t<meta property=\"og:image:type\" content=\"image\/jpeg\" \/>\n<meta name=\"author\" content=\"user-manager\" \/>\n<meta name=\"twitter:card\" content=\"summary_large_image\" \/>\n<script type=\"application\/ld+json\" class=\"yoast-schema-graph\">{\"@context\":\"https:\\\/\\\/schema.org\",\"@graph\":[{\"@type\":\"Article\",\"@id\":\"https:\\\/\\\/www.meydan.tv\\\/az\\\/article\\\/ele-bildiler-icra-hakimiyyetinde-islemisem-milyonum-var-oglumu-hebs-etdiler\\\/#article\",\"isPartOf\":{\"@id\":\"https:\\\/\\\/www.meydan.tv\\\/az\\\/article\\\/ele-bildiler-icra-hakimiyyetinde-islemisem-milyonum-var-oglumu-hebs-etdiler\\\/\"},\"author\":{\"name\":\"user-manager\",\"@id\":\"https:\\\/\\\/www.meydan.tv\\\/az\\\/#\\\/schema\\\/person\\\/10d11eccf6da3662cf5fdab9806ea91a\"},\"headline\":\"\u201cEl\u0259 bildil\u0259r icra hakimiyy\u0259tind\u0259 i\u015fl\u0259mi\u015f\u0259m, milyonum var, o\u011flumu h\u0259bs etdil\u0259r\u201d\",\"datePublished\":\"2019-12-22T09:49:20+00:00\",\"mainEntityOfPage\":{\"@id\":\"https:\\\/\\\/www.meydan.tv\\\/az\\\/article\\\/ele-bildiler-icra-hakimiyyetinde-islemisem-milyonum-var-oglumu-hebs-etdiler\\\/\"},\"wordCount\":1791,\"publisher\":{\"@id\":\"https:\\\/\\\/www.meydan.tv\\\/az\\\/#organization\"},\"image\":{\"@id\":\"https:\\\/\\\/www.meydan.tv\\\/az\\\/article\\\/ele-bildiler-icra-hakimiyyetinde-islemisem-milyonum-var-oglumu-hebs-etdiler\\\/#primaryimage\"},\"thumbnailUrl\":\"https:\\\/\\\/www.meydan.tv\\\/wp-content\\\/uploads\\\/image_from_ios_avtrx3w-scaled.jpg\",\"articleSection\":[\"B\u00f6lg\u0259\"],\"inLanguage\":\"az\"},{\"@type\":\"WebPage\",\"@id\":\"https:\\\/\\\/www.meydan.tv\\\/az\\\/article\\\/ele-bildiler-icra-hakimiyyetinde-islemisem-milyonum-var-oglumu-hebs-etdiler\\\/\",\"url\":\"https:\\\/\\\/www.meydan.tv\\\/az\\\/article\\\/ele-bildiler-icra-hakimiyyetinde-islemisem-milyonum-var-oglumu-hebs-etdiler\\\/\",\"name\":\"\u201cEl\u0259 bildil\u0259r icra hakimiyy\u0259tind\u0259 i\u015fl\u0259mi\u015f\u0259m, milyonum var, o\u011flumu h\u0259bs etdil\u0259r\u201d - MEYDAN.TV\",\"isPartOf\":{\"@id\":\"https:\\\/\\\/www.meydan.tv\\\/az\\\/#website\"},\"primaryImageOfPage\":{\"@id\":\"https:\\\/\\\/www.meydan.tv\\\/az\\\/article\\\/ele-bildiler-icra-hakimiyyetinde-islemisem-milyonum-var-oglumu-hebs-etdiler\\\/#primaryimage\"},\"image\":{\"@id\":\"https:\\\/\\\/www.meydan.tv\\\/az\\\/article\\\/ele-bildiler-icra-hakimiyyetinde-islemisem-milyonum-var-oglumu-hebs-etdiler\\\/#primaryimage\"},\"thumbnailUrl\":\"https:\\\/\\\/www.meydan.tv\\\/wp-content\\\/uploads\\\/image_from_ios_avtrx3w-scaled.jpg\",\"datePublished\":\"2019-12-22T09:49:20+00:00\",\"breadcrumb\":{\"@id\":\"https:\\\/\\\/www.meydan.tv\\\/az\\\/article\\\/ele-bildiler-icra-hakimiyyetinde-islemisem-milyonum-var-oglumu-hebs-etdiler\\\/#breadcrumb\"},\"inLanguage\":\"az\",\"potentialAction\":[{\"@type\":\"ReadAction\",\"target\":[\"https:\\\/\\\/www.meydan.tv\\\/az\\\/article\\\/ele-bildiler-icra-hakimiyyetinde-islemisem-milyonum-var-oglumu-hebs-etdiler\\\/\"]}]},{\"@type\":\"ImageObject\",\"inLanguage\":\"az\",\"@id\":\"https:\\\/\\\/www.meydan.tv\\\/az\\\/article\\\/ele-bildiler-icra-hakimiyyetinde-islemisem-milyonum-var-oglumu-hebs-etdiler\\\/#primaryimage\",\"url\":\"https:\\\/\\\/www.meydan.tv\\\/wp-content\\\/uploads\\\/image_from_ios_avtrx3w-scaled.jpg\",\"contentUrl\":\"https:\\\/\\\/www.meydan.tv\\\/wp-content\\\/uploads\\\/image_from_ios_avtrx3w-scaled.jpg\",\"width\":2560,\"height\":1920,\"caption\":\"Source: Foto: Meydan TV\"},{\"@type\":\"BreadcrumbList\",\"@id\":\"https:\\\/\\\/www.meydan.tv\\\/az\\\/article\\\/ele-bildiler-icra-hakimiyyetinde-islemisem-milyonum-var-oglumu-hebs-etdiler\\\/#breadcrumb\",\"itemListElement\":[{\"@type\":\"ListItem\",\"position\":1,\"name\":\"Ana s\u0259hif\u0259\",\"item\":\"https:\\\/\\\/www.meydan.tv\\\/az\\\/\"},{\"@type\":\"ListItem\",\"position\":2,\"name\":\"B\u00f6lg\u0259\",\"item\":\"https:\\\/\\\/www.meydan.tv\\\/az\\\/section\\\/bolge\\\/\"},{\"@type\":\"ListItem\",\"position\":3,\"name\":\"\u201cEl\u0259 bildil\u0259r icra hakimiyy\u0259tind\u0259 i\u015fl\u0259mi\u015f\u0259m, milyonum var, o\u011flumu h\u0259bs etdil\u0259r\u201d\"}]},{\"@type\":\"WebSite\",\"@id\":\"https:\\\/\\\/www.meydan.tv\\\/az\\\/#website\",\"url\":\"https:\\\/\\\/www.meydan.tv\\\/az\\\/\",\"name\":\"MEYDAN.TV\",\"description\":\"Meydan TV Az\u0259rbaycan\u0131n media m\u0259kan\u0131ndak\u0131 alternativ s\u0259sidir\",\"publisher\":{\"@id\":\"https:\\\/\\\/www.meydan.tv\\\/az\\\/#organization\"},\"potentialAction\":[{\"@type\":\"SearchAction\",\"target\":{\"@type\":\"EntryPoint\",\"urlTemplate\":\"https:\\\/\\\/www.meydan.tv\\\/az\\\/?s={search_term_string}\"},\"query-input\":{\"@type\":\"PropertyValueSpecification\",\"valueRequired\":true,\"valueName\":\"search_term_string\"}}],\"inLanguage\":\"az\"},{\"@type\":\"Organization\",\"@id\":\"https:\\\/\\\/www.meydan.tv\\\/az\\\/#organization\",\"name\":\"Meydan TV\",\"url\":\"https:\\\/\\\/www.meydan.tv\\\/az\\\/\",\"logo\":{\"@type\":\"ImageObject\",\"inLanguage\":\"az\",\"@id\":\"https:\\\/\\\/www.meydan.tv\\\/az\\\/#\\\/schema\\\/logo\\\/image\\\/\",\"url\":\"https:\\\/\\\/www.meydan.tv\\\/wp-content\\\/uploads\\\/2021\\\/07\\\/meydan-logo.svg\",\"contentUrl\":\"https:\\\/\\\/www.meydan.tv\\\/wp-content\\\/uploads\\\/2021\\\/07\\\/meydan-logo.svg\",\"width\":195,\"height\":46,\"caption\":\"Meydan TV\"},\"image\":{\"@id\":\"https:\\\/\\\/www.meydan.tv\\\/az\\\/#\\\/schema\\\/logo\\\/image\\\/\"}},{\"@type\":\"Person\",\"@id\":\"https:\\\/\\\/www.meydan.tv\\\/az\\\/#\\\/schema\\\/person\\\/10d11eccf6da3662cf5fdab9806ea91a\",\"name\":\"user-manager\"}]}<\/script>\n<!-- \/ Yoast SEO plugin. -->","yoast_head_json":{"title":"\u201cEl\u0259 bildil\u0259r icra hakimiyy\u0259tind\u0259 i\u015fl\u0259mi\u015f\u0259m, milyonum var, o\u011flumu h\u0259bs etdil\u0259r\u201d - MEYDAN.TV","robots":{"index":"index","follow":"follow","max-snippet":"max-snippet:-1","max-image-preview":"max-image-preview:large","max-video-preview":"max-video-preview:-1"},"canonical":"https:\/\/www.meydan.tv\/az\/article\/ele-bildiler-icra-hakimiyyetinde-islemisem-milyonum-var-oglumu-hebs-etdiler\/","og_locale":"az_AZ","og_type":"article","og_title":"\u201cEl\u0259 bildil\u0259r icra hakimiyy\u0259tind\u0259 i\u015fl\u0259mi\u015f\u0259m, milyonum var, o\u011flumu h\u0259bs etdil\u0259r\u201d - MEYDAN.TV","og_description":"Ata deyir ki, o q\u0259d\u0259r h\u0259r \u015feyi yalandan d\u00fcz-qo\u015f edibl\u0259r ki, r\u0259q\u0259ml\u0259ri d\u0259 s\u0259hv yaz\u0131blar.","og_url":"https:\/\/www.meydan.tv\/az\/article\/ele-bildiler-icra-hakimiyyetinde-islemisem-milyonum-var-oglumu-hebs-etdiler\/","og_site_name":"MEYDAN.TV","article_published_time":"2019-12-22T09:49:20+00:00","og_image":[{"width":2560,"height":1920,"url":"https:\/\/www.meydan.tv\/wp-content\/uploads\/image_from_ios_avtrx3w-scaled.jpg","type":"image\/jpeg"}],"author":"user-manager","twitter_card":"summary_large_image","schema":{"@context":"https:\/\/schema.org","@graph":[{"@type":"Article","@id":"https:\/\/www.meydan.tv\/az\/article\/ele-bildiler-icra-hakimiyyetinde-islemisem-milyonum-var-oglumu-hebs-etdiler\/#article","isPartOf":{"@id":"https:\/\/www.meydan.tv\/az\/article\/ele-bildiler-icra-hakimiyyetinde-islemisem-milyonum-var-oglumu-hebs-etdiler\/"},"author":{"name":"user-manager","@id":"https:\/\/www.meydan.tv\/az\/#\/schema\/person\/10d11eccf6da3662cf5fdab9806ea91a"},"headline":"\u201cEl\u0259 bildil\u0259r icra hakimiyy\u0259tind\u0259 i\u015fl\u0259mi\u015f\u0259m, milyonum var, o\u011flumu h\u0259bs etdil\u0259r\u201d","datePublished":"2019-12-22T09:49:20+00:00","mainEntityOfPage":{"@id":"https:\/\/www.meydan.tv\/az\/article\/ele-bildiler-icra-hakimiyyetinde-islemisem-milyonum-var-oglumu-hebs-etdiler\/"},"wordCount":1791,"publisher":{"@id":"https:\/\/www.meydan.tv\/az\/#organization"},"image":{"@id":"https:\/\/www.meydan.tv\/az\/article\/ele-bildiler-icra-hakimiyyetinde-islemisem-milyonum-var-oglumu-hebs-etdiler\/#primaryimage"},"thumbnailUrl":"https:\/\/www.meydan.tv\/wp-content\/uploads\/image_from_ios_avtrx3w-scaled.jpg","articleSection":["B\u00f6lg\u0259"],"inLanguage":"az"},{"@type":"WebPage","@id":"https:\/\/www.meydan.tv\/az\/article\/ele-bildiler-icra-hakimiyyetinde-islemisem-milyonum-var-oglumu-hebs-etdiler\/","url":"https:\/\/www.meydan.tv\/az\/article\/ele-bildiler-icra-hakimiyyetinde-islemisem-milyonum-var-oglumu-hebs-etdiler\/","name":"\u201cEl\u0259 bildil\u0259r icra hakimiyy\u0259tind\u0259 i\u015fl\u0259mi\u015f\u0259m, milyonum var, o\u011flumu h\u0259bs etdil\u0259r\u201d - MEYDAN.TV","isPartOf":{"@id":"https:\/\/www.meydan.tv\/az\/#website"},"primaryImageOfPage":{"@id":"https:\/\/www.meydan.tv\/az\/article\/ele-bildiler-icra-hakimiyyetinde-islemisem-milyonum-var-oglumu-hebs-etdiler\/#primaryimage"},"image":{"@id":"https:\/\/www.meydan.tv\/az\/article\/ele-bildiler-icra-hakimiyyetinde-islemisem-milyonum-var-oglumu-hebs-etdiler\/#primaryimage"},"thumbnailUrl":"https:\/\/www.meydan.tv\/wp-content\/uploads\/image_from_ios_avtrx3w-scaled.jpg","datePublished":"2019-12-22T09:49:20+00:00","breadcrumb":{"@id":"https:\/\/www.meydan.tv\/az\/article\/ele-bildiler-icra-hakimiyyetinde-islemisem-milyonum-var-oglumu-hebs-etdiler\/#breadcrumb"},"inLanguage":"az","potentialAction":[{"@type":"ReadAction","target":["https:\/\/www.meydan.tv\/az\/article\/ele-bildiler-icra-hakimiyyetinde-islemisem-milyonum-var-oglumu-hebs-etdiler\/"]}]},{"@type":"ImageObject","inLanguage":"az","@id":"https:\/\/www.meydan.tv\/az\/article\/ele-bildiler-icra-hakimiyyetinde-islemisem-milyonum-var-oglumu-hebs-etdiler\/#primaryimage","url":"https:\/\/www.meydan.tv\/wp-content\/uploads\/image_from_ios_avtrx3w-scaled.jpg","contentUrl":"https:\/\/www.meydan.tv\/wp-content\/uploads\/image_from_ios_avtrx3w-scaled.jpg","width":2560,"height":1920,"caption":"Source: Foto: Meydan TV"},{"@type":"BreadcrumbList","@id":"https:\/\/www.meydan.tv\/az\/article\/ele-bildiler-icra-hakimiyyetinde-islemisem-milyonum-var-oglumu-hebs-etdiler\/#breadcrumb","itemListElement":[{"@type":"ListItem","position":1,"name":"Ana s\u0259hif\u0259","item":"https:\/\/www.meydan.tv\/az\/"},{"@type":"ListItem","position":2,"name":"B\u00f6lg\u0259","item":"https:\/\/www.meydan.tv\/az\/section\/bolge\/"},{"@type":"ListItem","position":3,"name":"\u201cEl\u0259 bildil\u0259r icra hakimiyy\u0259tind\u0259 i\u015fl\u0259mi\u015f\u0259m, milyonum var, o\u011flumu h\u0259bs etdil\u0259r\u201d"}]},{"@type":"WebSite","@id":"https:\/\/www.meydan.tv\/az\/#website","url":"https:\/\/www.meydan.tv\/az\/","name":"MEYDAN.TV","description":"Meydan TV Az\u0259rbaycan\u0131n media m\u0259kan\u0131ndak\u0131 alternativ s\u0259sidir","publisher":{"@id":"https:\/\/www.meydan.tv\/az\/#organization"},"potentialAction":[{"@type":"SearchAction","target":{"@type":"EntryPoint","urlTemplate":"https:\/\/www.meydan.tv\/az\/?s={search_term_string}"},"query-input":{"@type":"PropertyValueSpecification","valueRequired":true,"valueName":"search_term_string"}}],"inLanguage":"az"},{"@type":"Organization","@id":"https:\/\/www.meydan.tv\/az\/#organization","name":"Meydan TV","url":"https:\/\/www.meydan.tv\/az\/","logo":{"@type":"ImageObject","inLanguage":"az","@id":"https:\/\/www.meydan.tv\/az\/#\/schema\/logo\/image\/","url":"https:\/\/www.meydan.tv\/wp-content\/uploads\/2021\/07\/meydan-logo.svg","contentUrl":"https:\/\/www.meydan.tv\/wp-content\/uploads\/2021\/07\/meydan-logo.svg","width":195,"height":46,"caption":"Meydan TV"},"image":{"@id":"https:\/\/www.meydan.tv\/az\/#\/schema\/logo\/image\/"}},{"@type":"Person","@id":"https:\/\/www.meydan.tv\/az\/#\/schema\/person\/10d11eccf6da3662cf5fdab9806ea91a","name":"user-manager"}]}},"_links":{"self":[{"href":"https:\/\/www.meydan.tv\/az\/wp-json\/wp\/v2\/posts\/198468","targetHints":{"allow":["GET"]}}],"collection":[{"href":"https:\/\/www.meydan.tv\/az\/wp-json\/wp\/v2\/posts"}],"about":[{"href":"https:\/\/www.meydan.tv\/az\/wp-json\/wp\/v2\/types\/post"}],"author":[{"embeddable":true,"href":"https:\/\/www.meydan.tv\/az\/wp-json\/wp\/v2\/users\/11"}],"replies":[{"embeddable":true,"href":"https:\/\/www.meydan.tv\/az\/wp-json\/wp\/v2\/comments?post=198468"}],"version-history":[{"count":0,"href":"https:\/\/www.meydan.tv\/az\/wp-json\/wp\/v2\/posts\/198468\/revisions"}],"wp:featuredmedia":[{"embeddable":true,"href":"https:\/\/www.meydan.tv\/az\/wp-json\/wp\/v2\/media\/134733"}],"wp:attachment":[{"href":"https:\/\/www.meydan.tv\/az\/wp-json\/wp\/v2\/media?parent=198468"}],"wp:term":[{"taxonomy":"category","embeddable":true,"href":"https:\/\/www.meydan.tv\/az\/wp-json\/wp\/v2\/categories?post=198468"},{"taxonomy":"post_tag","embeddable":true,"href":"https:\/\/www.meydan.tv\/az\/wp-json\/wp\/v2\/tags?post=198468"}],"curies":[{"name":"wp","href":"https:\/\/api.w.org\/{rel}","templated":true}]}}