{"id":198466,"date":"2019-12-22T09:04:11","date_gmt":"2019-12-22T09:04:11","guid":{"rendered":"https:\/\/www.meydan.tv\/article\/goycay-sakini-bizim-rusvetxor-memurlari-da-tutsunlar\/"},"modified":"2019-12-22T09:04:11","modified_gmt":"2019-12-22T09:04:11","slug":"goycay-sakini-bizim-rusvetxor-memurlari-da-tutsunlar","status":"publish","type":"post","link":"https:\/\/www.meydan.tv\/az\/article\/goycay-sakini-bizim-rusvetxor-memurlari-da-tutsunlar\/","title":{"rendered":"G\u00f6y\u00e7ay sakini: Bizim r\u00fc\u015fv\u0259txor m\u0259murlar\u0131 da tutsunlar"},"content":{"rendered":"<p>\n  <i><br \/>\n    \u018fli \u018fhm\u0259dov: \u201c10 milyonuncu v\u0259t\u0259nda\u015f do\u011fulanda bayram edirl\u0259r, ancaq qap\u0131lar\u0131na ged\u0259nd\u0259 deyirl\u0259r, niy\u0259 d\u00fcnyaya g\u0259tirirsiz?\u201d<br \/>\n  <\/i>\n<\/p>\n<p>\n  \u201c\u0130cra ba\u015f\u00e7\u0131s\u0131n\u0131n q\u0259bulunda oldum, k\u00f6m\u0259k ist\u0259dim. Dedi, bunu vaxt\u0131nda bu q\u0259d\u0259r u\u015fa\u011f\u0131 d\u00fcnyaya g\u0259tir\u0259nd\u0259 d\u00fc\u015f\u00fcn\u0259ydin. Neynirsiz bu q\u0259d\u0259r u\u015fa\u011f\u0131? M\u0259n siz\u0259 ev tik\u0259n\u0259m? M\u0259n siz\u0259 i\u015f tapanam? Ay ba\u015f\u00e7\u0131, yan\u0131nda des\u0259m, cibim\u0259 narkotik atd\u0131r\u0131b tutduracaqsan, ona g\u00f6r\u0259 d\u0259 s\u00f6z\u00fcm\u00fc burdan deyir\u0259m. M\u0259n s\u0259nd\u0259n ev, i\u015f ist\u0259mir\u0259m, ancaq prezident s\u0259ni bura m\u0259n\u0259 g\u00f6r\u0259 t\u0259yin edibs\u0259, m\u0259nim sosial v\u0259ziyy\u0259timin d\u00fcz\u0259lm\u0259si \u00fc\u00e7\u00fcn s\u0259n d\u0259 h\u0259r\u0259k\u0259t el\u0259m\u0259lis\u0259n, m\u0259nim i\u015fl\u0259, evl\u0259 t\u0259min olunma\u011f\u0131m \u00fc\u00e7\u00fcn laz\u0131mi d\u00f6vl\u0259t idar\u0259l\u0259rin\u0259 m\u0259ktub g\u00f6nd\u0259rm\u0259lis\u0259n, bildirm\u0259lis\u0259n ki, \u0259razimd\u0259 evsiz, i\u015fsiz ail\u0259 var, t\u0259l\u0259b etm\u0259lis\u0259n. B\u0259s s\u0259ni bura niy\u0259 t\u0259yin edibl\u0259r? Park tikib pul silm\u0259y\u0259?\u201d\n<\/p>\n<p>\n  Bunu Meydan TV-y\u0259 G\u00f6y\u00e7ay\u0131n \u00c7\u0259r\u0259k\u0259 k\u0259nd sakini \u018fli \u018fhm\u0259dov deyir.\n<\/p>\n<p>\n  \u018fli \u018fhm\u0259dovun 3 azya\u015fl\u0131 \u00f6vlad\u0131 var, yax\u0131nlarda d\u00f6rd\u00fcnc\u00fc \u00f6vlad\u0131 d\u00fcnyaya g\u0259l\u0259c\u0259k. Ancaq i\u015f oras\u0131ndad\u0131r ki, \u00f6vladlar\u0131n\u0131 saxlay\u0131b b\u00f6y\u00fctm\u0259k \u00fc\u00e7\u00fcn n\u0259 evi, n\u0259 d\u0259 qazanc\u0131 var. Deyir, \u00f6vladlar\u0131 t\u0259hsil\u0259 meylli olsalar da, \u00e7ox vaxt imkans\u0131zl\u0131qdan m\u0259kt\u0259b\u0259 ged\u0259 bilmirl\u0259r.\n<\/p>\n<p>\n  <b><br \/>\n    <i><br \/>\n      \u201cB\u0259lk\u0259 h\u00f6kum\u0259t insafa g\u0259l\u0259, u\u015faqpulu ver\u0259&#8230;\u201d<br \/>\n    <\/i><br \/>\n  <\/b>\n<\/p>\n<p>\n  \u018fli \u018fhm\u0259dov dan\u0131\u015f\u0131r:\n<\/p>\n<p>\n  \u201cF\u0259hl\u0259 i\u015fi d\u00fc\u015f\u0259nd\u0259 gedir\u0259m, s\u0259h\u0259rd\u0259n ax\u015famacan i\u015fl\u0259yir\u0259m, 3-5 manat al\u0131b g\u0259lir\u0259m. O da h\u0259ft\u0259d\u0259, ayda bir d\u0259f\u0259 olur. U\u015faqlara ayaqqab\u0131 yox, isti geyim yox, alma\u011fa pul da yox&#8230; M\u0259kt\u0259b\u0259 ged\u0259 bilmirl\u0259r. Oturub \u00fcmidl\u0259 g\u00f6zl\u0259yirik ki, b\u0259lk\u0259 h\u00f6kum\u0259tin insaf\u0131 ola, bir q\u0259rar ver\u0259, u\u015faqpulu veril\u0259, birt\u0259h\u0259r v\u0259ziyy\u0259td\u0259n \u00e7\u0131xar\u0131q. U\u015faq Allah\u0131n nem\u0259tidir, ondan nec\u0259 imtina el\u0259m\u0259k olar? Allah verir, biz d\u0259 imtina el\u0259mirik. G\u00fcnah\u0131 u\u015fa\u011f\u0131 d\u00fcnyaya g\u0259tir\u0259nl\u0259rd\u0259 yox, o u\u015fa\u011f\u0131n yax\u015f\u0131 ya\u015famas\u0131 \u00fc\u00e7\u00fcn \u00f6hd\u0259lik g\u00f6t\u00fcr\u0259n h\u00f6kum\u0259td\u0259 g\u00f6rm\u0259k laz\u0131md\u0131r. M\u0259n \u00f6lk\u0259y\u0259 g\u0259l\u0259c\u0259yin \u00fc\u00e7 \u0259sg\u0259rini vermi\u015f\u0259m, d\u00f6rd\u00fcnc\u00fc \u0259sg\u0259ri d\u0259 ver\u0259c\u0259m, bunun n\u0259yi pisdir ki? M\u0259nim d\u00f6rd balam g\u0259l\u0259c\u0259kd\u0259 s\u0259ng\u0259rd\u0259 dayan\u0131b bunlar\u0131 qoruyacaq, bunlarsa m\u0259nim balalar\u0131m\u0131 sanki q\u0259sd\u0259n ac\u0131ndan \u00f6ld\u00fcrm\u0259y\u0259 \u00e7al\u0131\u015f\u0131rlar. 10 milyonuncu v\u0259t\u0259nda\u015f do\u011fulanda bayram edirl\u0259r, ancaq qap\u0131lar\u0131na ged\u0259nd\u0259 deyirl\u0259r, niy\u0259 d\u00fcnyaya g\u0259tirirsiz?\u201d\n<\/p>\n<p>\n  <b><br \/>\n    \u201cDeyirl\u0259r, ev da\u011f\u0131lacaq, ail\u0259ni g\u00f6t\u00fcr, \u00e7\u0131x\u201d<br \/>\n  <\/b>\n<\/p>\n<p>\n  Ya\u015fad\u0131qlar\u0131 ev k\u00f6hn\u0259 v\u0259 q\u0259zal\u0131d\u0131r. Deyir, rayon icra hakimiyy\u0259tinin i\u015f\u00e7il\u0259ri d\u0259 ev\u0259 bax\u0131\u015f ke\u00e7iribl\u0259r v\u0259 bu evd\u0259 ya\u015fama\u011f\u0131n t\u0259hl\u00fck\u0259li oldu\u011funu bildiribl\u0259r:\n<\/p>\n<p>\n  \u201c\u0130cra hakimiyy\u0259tinin n\u00fcmay\u0259nd\u0259l\u0259ri g\u0259lib, ev\u0259 bax\u0131\u015f ke\u00e7iribl\u0259r, deyibl\u0259r, bu ev da\u011f\u0131lacaq, yaz\u0131qd\u0131 bu u\u015faqlar, da\u011f\u0131nt\u0131lar\u0131n alt\u0131nda qalacaqlar, n\u0259yi g\u00f6zl\u0259yirs\u0259n, \u00e7\u0131xart bunlar\u0131 evd\u0259n&#8230; Deyir\u0259m, dedikl\u0259rinizi m\u0259n d\u0259 yax\u015f\u0131 g\u00f6r\u00fcr\u0259m, anlay\u0131ram. Ancaq bu boyda ail\u0259ni hara \u00e7\u0131xard\u0131m? \u00c7\u00f6ld\u0259 saxlay\u0131m? H\u0259yat yolda\u015f\u0131m hamil\u0259liyi \u00e7\u0259tin ke\u00e7irir, ayaqlar\u0131 \u015fi\u015fib, g\u0259z\u0259 bilmir. Anam alt\u0131 d\u0259f\u0259 \u0259m\u0259liyyat olunub. Atam m\u00fcharib\u0259d\u0259 ald\u0131\u011f\u0131 travmalara g\u00f6r\u0259 g\u0259z\u0259 bilmir. Art\u0131q g\u00f6zl\u0259ri d\u0259 g\u00f6rm\u00fcr. Ki\u015fi m\u00fcharib\u0259d\u0259 yaralan\u0131b, ancaq \u0259lillik t\u0259yin etm\u0259k \u00fc\u00e7\u00fcn r\u00fc\u015fv\u0259t ist\u0259yirl\u0259r. Uzun ill\u0259r gedib-g\u0259ldi, b\u0259lk\u0259 \u0259lli d\u0259f\u0259 s\u0259n\u0259dl\u0259ri yenil\u0259di, toplay\u0131b t\u0259qdim el\u0259di, h\u0259r d\u0259f\u0259 x\u0259st\u0259 adam\u0131 get-g\u0259l\u0259 sald\u0131lar, ax\u0131rda dedil\u0259r, day\u0131, bu i\u015fl\u0259r \u201c\u015firinliksiz\u201d olmur. O da get-g\u0259l etm\u0259kd\u0259n yoruldu, daha getm\u0259di. Deyirl\u0259r, d\u00fcn\u0259n icra ba\u015f\u00e7\u0131lar\u0131n\u0131 tutublar, g\u0259lib bizim r\u00fc\u015fv\u0259t alan m\u0259murlar\u0131 da tutsunlar. M\u00fcharib\u0259d\u0259 sa\u011flaml\u0131\u011f\u0131n\u0131 itir\u0259n adama \u0259lilliyi r\u00fc\u015fv\u0259tl\u0259 t\u0259yin edirl\u0259r. Atam\u0131n ayaqlar\u0131 tutulub, bizim k\u00f6m\u0259yimizl\u0259 h\u0259r\u0259k\u0259t edir, halbuki, cavan ya\u015flar\u0131nda sa\u011flaml\u0131\u011f\u0131n\u0131 torpa\u011fa g\u00f6r\u0259 itirib\u201d.\n<\/p>\n<p>\n  <b><br \/>\n    \u00d6z\u00fcn\u0259m\u0259\u015f\u011fullu\u011fa qo\u015fula bilmir<br \/>\n  <\/b>\n<\/p>\n<p>\n  \u018fli \u018fhm\u0259dov deyir, \u00f6z\u00fcn\u0259m\u0259\u015f\u011fulluq proqram\u0131na qo\u015fulmaq \u00fc\u00e7\u00fcn rayon M\u0259\u015f\u011fulluq M\u0259rk\u0259zin\u0259 gedib. Ancaq ald\u0131\u011f\u0131 cavabdan m\u0259yus olub:\n<\/p>\n<p>\n  \u201cH\u00f6kum\u0259t ham\u0131ya heyvan verir. M\u0259\u015f\u011fulluq M\u0259rk\u0259zin\u0259 m\u00fcraci\u0259t el\u0259dim, dedim, m\u0259n\u0259 d\u0259 heyvan verin, saxlay\u0131m, art\u0131r\u0131m, dolan\u0131m. Dedil\u0259r, s\u0259n\u0259 d\u00fc\u015fm\u00fcr. S\u0259b\u0259bini bildirm\u0259dil\u0259r. El\u0259c\u0259, dedil\u0259r, d\u00fc\u015fm\u00fcr, v\u0259ssalam. Halbuki, imkan\u0131, i\u015fi olan adamlar tan\u0131y\u0131ram, onlara heyvan veribl\u0259r. \u018fg\u0259r bu heyvan m\u0259s\u0259l\u0259si kas\u0131b \u00fc\u00e7\u00fcn idis\u0259, niy\u0259 h\u0259r yerd\u0259n \u0259li \u00fcz\u00fcl\u0259n kas\u0131ba yox, qazanc\u0131, i\u015fi olan adamlara verilir? Sosial yard\u0131m da ala bilmirik, deyirl\u0259r, i\u015fl\u0259m\u0259lis\u0259n. Sosial yard\u0131m\u0131 da i\u015fi, maa\u015f\u0131 olana verir h\u00f6kum\u0259t. Halbuki, sosial yard\u0131m i\u015fsiz ail\u0259y\u0259 olmal\u0131d\u0131r. H\u00f6kum\u0259t maa\u015f alan\u0131n pulunun \u00fcst\u00fcn\u0259 pul qoyur, i\u015fi olmayana deyir, g\u0259lir yerin yoxdur, s\u0259n\u0259 sosial yard\u0131m d\u00fc\u015fm\u00fcr\u201d.\n<\/p>\n<p>\n  G\u00f6y\u00e7ay Rayon \u0130cra Hakimiyy\u0259tind\u0259n Meydan TV-y\u0259 bildirilib ki, \u018fli \u018fhm\u0259dov d\u0259f\u0259l\u0259rl\u0259 Birinci vitse-prezident\u0259 v\u0259 ba\u015fqa qurumlara m\u0259ktub yaz\u0131b. H\u0259min m\u0259ktublar ara\u015fd\u0131r\u0131lmas\u0131 \u00fc\u00e7\u00fcn icra hakimiyy\u0259tin\u0259 g\u00f6nd\u0259rilib. \u018fli \u018fhm\u0259dov icra hakimiyy\u0259tin\u0259 d\u0259v\u0259t olunub v\u0259 ona bildirilib ki, o, m\u0259ktublar\u0131nda qeyd etdiyi probleml\u0259r\u0259 g\u00f6r\u0259 aidiyy\u0259ti \u00fczr\u0259 qurumlara m\u00fcraci\u0259t etm\u0259lidir: \u201cEv ist\u0259y\u0259n bura g\u0259lir, ma\u015f\u0131n ist\u0259y\u0259n bura g\u0259lir, i\u015f ist\u0259y\u0259n bura g\u0259lir&#8230; Ax\u0131 v\u0259t\u0259nda\u015f\u0131n bu ist\u0259kl\u0259rini h\u0259yata ke\u00e7irm\u0259k m\u00fcmk\u00fcn deyil. Bunlar icra hakimiyy\u0259tinin v\u0259zif\u0259 v\u0259 s\u0259lahiyy\u0259tl\u0259rin\u0259 aid deyil\u201d.\n<\/p>\n<p>\n  \u0130cra hakimiyy\u0259tind\u0259n bildirilib ki, b\u0259l\u0259diyy\u0259 se\u00e7kil\u0259ri bitdikd\u0259n sonra \u018fli \u018fhm\u0259dovun evinin t\u0259mir-b\u0259rpas\u0131 \u00fc\u00e7\u00fcn materiallar\u0131n ayr\u0131lmas\u0131na g\u00f6r\u0259 \u00c7\u0259r\u0259k\u0259 k\u0259nd B\u0259l\u0259diyy\u0259sin\u0259 m\u00fcraci\u0259t olunacaq.\n<\/p>\n<p>\n  Rayon M\u0259\u015f\u011fulluq M\u0259rk\u0259zind\u0259n bildirilib ki, \u018fli \u018fhm\u0259dov t\u0259liml\u0259r\u0259 qo\u015fulmal\u0131, biznes-plan t\u0259qdim etm\u0259lidir, m\u00fct\u0259x\u0259ssisl\u0259rin r\u0259yind\u0259n sonra \u00f6z\u00fcn\u0259m\u0259\u015f\u011fulluq proqramlar\u0131na qo\u015fulmas\u0131 haqq\u0131nda q\u0259rar verilm\u0259lidir. Ancaq \u018fli \u018fhm\u0259dov M\u0259\u015f\u011fulluq M\u0259rk\u0259zin\u0259 \u015fifahi m\u00fcraci\u0259t edib v\u0259 ona qoyun verilm\u0259sini ist\u0259yib. V\u0259t\u0259nda\u015fa \u00f6z\u00fcn\u0259m\u0259\u015f\u011fulluq proqramlar\u0131na qo\u015fulma\u011f\u0131n qaydalar\u0131 izah olunsa da, o, yen\u0259 t\u0259l\u0259b olunanlara \u0259m\u0259l etm\u0259yib.<\/p>\n","protected":false},"excerpt":{"rendered":"<p>\u018fli \u018fhm\u0259dov deyir, \u00f6z\u00fcn\u0259m\u0259\u015f\u011fulluq proqram\u0131na qo\u015fulmaq \u00fc\u00e7\u00fcn rayon M\u0259\u015f\u011fulluq M\u0259rk\u0259zin\u0259 gedib.<\/p>\n","protected":false},"author":11,"featured_media":133786,"comment_status":"closed","ping_status":"open","sticky":false,"template":"","format":"standard","meta":{"_acf_changed":false,"_sitemap_exclude":false,"_sitemap_priority":"","_sitemap_frequency":"","footnotes":""},"categories":[60],"tags":[],"class_list":["post-198466","post","type-post","status-publish","format-standard","has-post-thumbnail","hentry","category-bolge","infinite-scroll-item","generate-columns","tablet-grid-50","mobile-grid-100","grid-parent","grid-33","no-featured-image-padding"],"acf":[],"yoast_head":"<!-- This site is optimized with the Yoast SEO plugin v27.5 - https:\/\/yoast.com\/product\/yoast-seo-wordpress\/ -->\n<title>G\u00f6y\u00e7ay sakini: Bizim r\u00fc\u015fv\u0259txor m\u0259murlar\u0131 da tutsunlar - MEYDAN.TV<\/title>\n<meta name=\"robots\" content=\"index, follow, max-snippet:-1, max-image-preview:large, max-video-preview:-1\" \/>\n<link rel=\"canonical\" href=\"https:\/\/www.meydan.tv\/az\/article\/goycay-sakini-bizim-rusvetxor-memurlari-da-tutsunlar\/\" \/>\n<meta property=\"og:locale\" content=\"az_AZ\" \/>\n<meta property=\"og:type\" content=\"article\" \/>\n<meta property=\"og:title\" content=\"G\u00f6y\u00e7ay sakini: Bizim r\u00fc\u015fv\u0259txor m\u0259murlar\u0131 da tutsunlar - MEYDAN.TV\" \/>\n<meta property=\"og:description\" content=\"\u018fli \u018fhm\u0259dov deyir, \u00f6z\u00fcn\u0259m\u0259\u015f\u011fulluq proqram\u0131na qo\u015fulmaq \u00fc\u00e7\u00fcn rayon M\u0259\u015f\u011fulluq M\u0259rk\u0259zin\u0259 gedib.\" \/>\n<meta property=\"og:url\" content=\"https:\/\/www.meydan.tv\/az\/article\/goycay-sakini-bizim-rusvetxor-memurlari-da-tutsunlar\/\" \/>\n<meta property=\"og:site_name\" content=\"MEYDAN.TV\" \/>\n<meta property=\"article:published_time\" content=\"2019-12-22T09:04:11+00:00\" \/>\n<meta property=\"og:image\" content=\"https:\/\/www.meydan.tv\/wp-content\/uploads\/b4d7bde825f0ae10de0993c9957f6376.jpg\" \/>\n\t<meta property=\"og:image:width\" content=\"1896\" \/>\n\t<meta property=\"og:image:height\" content=\"1272\" \/>\n\t<meta property=\"og:image:type\" content=\"image\/jpeg\" \/>\n<meta name=\"author\" content=\"user-manager\" \/>\n<meta name=\"twitter:card\" content=\"summary_large_image\" \/>\n<script type=\"application\/ld+json\" class=\"yoast-schema-graph\">{\"@context\":\"https:\\\/\\\/schema.org\",\"@graph\":[{\"@type\":\"Article\",\"@id\":\"https:\\\/\\\/www.meydan.tv\\\/az\\\/article\\\/goycay-sakini-bizim-rusvetxor-memurlari-da-tutsunlar\\\/#article\",\"isPartOf\":{\"@id\":\"https:\\\/\\\/www.meydan.tv\\\/az\\\/article\\\/goycay-sakini-bizim-rusvetxor-memurlari-da-tutsunlar\\\/\"},\"author\":{\"name\":\"user-manager\",\"@id\":\"https:\\\/\\\/www.meydan.tv\\\/az\\\/#\\\/schema\\\/person\\\/10d11eccf6da3662cf5fdab9806ea91a\"},\"headline\":\"G\u00f6y\u00e7ay sakini: Bizim r\u00fc\u015fv\u0259txor m\u0259murlar\u0131 da tutsunlar\",\"datePublished\":\"2019-12-22T09:04:11+00:00\",\"mainEntityOfPage\":{\"@id\":\"https:\\\/\\\/www.meydan.tv\\\/az\\\/article\\\/goycay-sakini-bizim-rusvetxor-memurlari-da-tutsunlar\\\/\"},\"wordCount\":1271,\"publisher\":{\"@id\":\"https:\\\/\\\/www.meydan.tv\\\/az\\\/#organization\"},\"image\":{\"@id\":\"https:\\\/\\\/www.meydan.tv\\\/az\\\/article\\\/goycay-sakini-bizim-rusvetxor-memurlari-da-tutsunlar\\\/#primaryimage\"},\"thumbnailUrl\":\"https:\\\/\\\/www.meydan.tv\\\/wp-content\\\/uploads\\\/b4d7bde825f0ae10de0993c9957f6376.jpg\",\"articleSection\":[\"B\u00f6lg\u0259\"],\"inLanguage\":\"az\"},{\"@type\":\"WebPage\",\"@id\":\"https:\\\/\\\/www.meydan.tv\\\/az\\\/article\\\/goycay-sakini-bizim-rusvetxor-memurlari-da-tutsunlar\\\/\",\"url\":\"https:\\\/\\\/www.meydan.tv\\\/az\\\/article\\\/goycay-sakini-bizim-rusvetxor-memurlari-da-tutsunlar\\\/\",\"name\":\"G\u00f6y\u00e7ay sakini: Bizim r\u00fc\u015fv\u0259txor m\u0259murlar\u0131 da tutsunlar - MEYDAN.TV\",\"isPartOf\":{\"@id\":\"https:\\\/\\\/www.meydan.tv\\\/az\\\/#website\"},\"primaryImageOfPage\":{\"@id\":\"https:\\\/\\\/www.meydan.tv\\\/az\\\/article\\\/goycay-sakini-bizim-rusvetxor-memurlari-da-tutsunlar\\\/#primaryimage\"},\"image\":{\"@id\":\"https:\\\/\\\/www.meydan.tv\\\/az\\\/article\\\/goycay-sakini-bizim-rusvetxor-memurlari-da-tutsunlar\\\/#primaryimage\"},\"thumbnailUrl\":\"https:\\\/\\\/www.meydan.tv\\\/wp-content\\\/uploads\\\/b4d7bde825f0ae10de0993c9957f6376.jpg\",\"datePublished\":\"2019-12-22T09:04:11+00:00\",\"breadcrumb\":{\"@id\":\"https:\\\/\\\/www.meydan.tv\\\/az\\\/article\\\/goycay-sakini-bizim-rusvetxor-memurlari-da-tutsunlar\\\/#breadcrumb\"},\"inLanguage\":\"az\",\"potentialAction\":[{\"@type\":\"ReadAction\",\"target\":[\"https:\\\/\\\/www.meydan.tv\\\/az\\\/article\\\/goycay-sakini-bizim-rusvetxor-memurlari-da-tutsunlar\\\/\"]}]},{\"@type\":\"ImageObject\",\"inLanguage\":\"az\",\"@id\":\"https:\\\/\\\/www.meydan.tv\\\/az\\\/article\\\/goycay-sakini-bizim-rusvetxor-memurlari-da-tutsunlar\\\/#primaryimage\",\"url\":\"https:\\\/\\\/www.meydan.tv\\\/wp-content\\\/uploads\\\/b4d7bde825f0ae10de0993c9957f6376.jpg\",\"contentUrl\":\"https:\\\/\\\/www.meydan.tv\\\/wp-content\\\/uploads\\\/b4d7bde825f0ae10de0993c9957f6376.jpg\",\"width\":1896,\"height\":1272,\"caption\":\"Foto: arxiv\"},{\"@type\":\"BreadcrumbList\",\"@id\":\"https:\\\/\\\/www.meydan.tv\\\/az\\\/article\\\/goycay-sakini-bizim-rusvetxor-memurlari-da-tutsunlar\\\/#breadcrumb\",\"itemListElement\":[{\"@type\":\"ListItem\",\"position\":1,\"name\":\"Ana s\u0259hif\u0259\",\"item\":\"https:\\\/\\\/www.meydan.tv\\\/az\\\/\"},{\"@type\":\"ListItem\",\"position\":2,\"name\":\"B\u00f6lg\u0259\",\"item\":\"https:\\\/\\\/www.meydan.tv\\\/az\\\/section\\\/bolge\\\/\"},{\"@type\":\"ListItem\",\"position\":3,\"name\":\"G\u00f6y\u00e7ay sakini: Bizim r\u00fc\u015fv\u0259txor m\u0259murlar\u0131 da tutsunlar\"}]},{\"@type\":\"WebSite\",\"@id\":\"https:\\\/\\\/www.meydan.tv\\\/az\\\/#website\",\"url\":\"https:\\\/\\\/www.meydan.tv\\\/az\\\/\",\"name\":\"MEYDAN.TV\",\"description\":\"Meydan TV Az\u0259rbaycan\u0131n media m\u0259kan\u0131ndak\u0131 alternativ s\u0259sidir\",\"publisher\":{\"@id\":\"https:\\\/\\\/www.meydan.tv\\\/az\\\/#organization\"},\"potentialAction\":[{\"@type\":\"SearchAction\",\"target\":{\"@type\":\"EntryPoint\",\"urlTemplate\":\"https:\\\/\\\/www.meydan.tv\\\/az\\\/?s={search_term_string}\"},\"query-input\":{\"@type\":\"PropertyValueSpecification\",\"valueRequired\":true,\"valueName\":\"search_term_string\"}}],\"inLanguage\":\"az\"},{\"@type\":\"Organization\",\"@id\":\"https:\\\/\\\/www.meydan.tv\\\/az\\\/#organization\",\"name\":\"Meydan TV\",\"url\":\"https:\\\/\\\/www.meydan.tv\\\/az\\\/\",\"logo\":{\"@type\":\"ImageObject\",\"inLanguage\":\"az\",\"@id\":\"https:\\\/\\\/www.meydan.tv\\\/az\\\/#\\\/schema\\\/logo\\\/image\\\/\",\"url\":\"https:\\\/\\\/www.meydan.tv\\\/wp-content\\\/uploads\\\/2021\\\/07\\\/meydan-logo.svg\",\"contentUrl\":\"https:\\\/\\\/www.meydan.tv\\\/wp-content\\\/uploads\\\/2021\\\/07\\\/meydan-logo.svg\",\"width\":195,\"height\":46,\"caption\":\"Meydan TV\"},\"image\":{\"@id\":\"https:\\\/\\\/www.meydan.tv\\\/az\\\/#\\\/schema\\\/logo\\\/image\\\/\"}},{\"@type\":\"Person\",\"@id\":\"https:\\\/\\\/www.meydan.tv\\\/az\\\/#\\\/schema\\\/person\\\/10d11eccf6da3662cf5fdab9806ea91a\",\"name\":\"user-manager\"}]}<\/script>\n<!-- \/ Yoast SEO plugin. -->","yoast_head_json":{"title":"G\u00f6y\u00e7ay sakini: Bizim r\u00fc\u015fv\u0259txor m\u0259murlar\u0131 da tutsunlar - MEYDAN.TV","robots":{"index":"index","follow":"follow","max-snippet":"max-snippet:-1","max-image-preview":"max-image-preview:large","max-video-preview":"max-video-preview:-1"},"canonical":"https:\/\/www.meydan.tv\/az\/article\/goycay-sakini-bizim-rusvetxor-memurlari-da-tutsunlar\/","og_locale":"az_AZ","og_type":"article","og_title":"G\u00f6y\u00e7ay sakini: Bizim r\u00fc\u015fv\u0259txor m\u0259murlar\u0131 da tutsunlar - MEYDAN.TV","og_description":"\u018fli \u018fhm\u0259dov deyir, \u00f6z\u00fcn\u0259m\u0259\u015f\u011fulluq proqram\u0131na qo\u015fulmaq \u00fc\u00e7\u00fcn rayon M\u0259\u015f\u011fulluq M\u0259rk\u0259zin\u0259 gedib.","og_url":"https:\/\/www.meydan.tv\/az\/article\/goycay-sakini-bizim-rusvetxor-memurlari-da-tutsunlar\/","og_site_name":"MEYDAN.TV","article_published_time":"2019-12-22T09:04:11+00:00","og_image":[{"width":1896,"height":1272,"url":"https:\/\/www.meydan.tv\/wp-content\/uploads\/b4d7bde825f0ae10de0993c9957f6376.jpg","type":"image\/jpeg"}],"author":"user-manager","twitter_card":"summary_large_image","schema":{"@context":"https:\/\/schema.org","@graph":[{"@type":"Article","@id":"https:\/\/www.meydan.tv\/az\/article\/goycay-sakini-bizim-rusvetxor-memurlari-da-tutsunlar\/#article","isPartOf":{"@id":"https:\/\/www.meydan.tv\/az\/article\/goycay-sakini-bizim-rusvetxor-memurlari-da-tutsunlar\/"},"author":{"name":"user-manager","@id":"https:\/\/www.meydan.tv\/az\/#\/schema\/person\/10d11eccf6da3662cf5fdab9806ea91a"},"headline":"G\u00f6y\u00e7ay sakini: Bizim r\u00fc\u015fv\u0259txor m\u0259murlar\u0131 da tutsunlar","datePublished":"2019-12-22T09:04:11+00:00","mainEntityOfPage":{"@id":"https:\/\/www.meydan.tv\/az\/article\/goycay-sakini-bizim-rusvetxor-memurlari-da-tutsunlar\/"},"wordCount":1271,"publisher":{"@id":"https:\/\/www.meydan.tv\/az\/#organization"},"image":{"@id":"https:\/\/www.meydan.tv\/az\/article\/goycay-sakini-bizim-rusvetxor-memurlari-da-tutsunlar\/#primaryimage"},"thumbnailUrl":"https:\/\/www.meydan.tv\/wp-content\/uploads\/b4d7bde825f0ae10de0993c9957f6376.jpg","articleSection":["B\u00f6lg\u0259"],"inLanguage":"az"},{"@type":"WebPage","@id":"https:\/\/www.meydan.tv\/az\/article\/goycay-sakini-bizim-rusvetxor-memurlari-da-tutsunlar\/","url":"https:\/\/www.meydan.tv\/az\/article\/goycay-sakini-bizim-rusvetxor-memurlari-da-tutsunlar\/","name":"G\u00f6y\u00e7ay sakini: Bizim r\u00fc\u015fv\u0259txor m\u0259murlar\u0131 da tutsunlar - MEYDAN.TV","isPartOf":{"@id":"https:\/\/www.meydan.tv\/az\/#website"},"primaryImageOfPage":{"@id":"https:\/\/www.meydan.tv\/az\/article\/goycay-sakini-bizim-rusvetxor-memurlari-da-tutsunlar\/#primaryimage"},"image":{"@id":"https:\/\/www.meydan.tv\/az\/article\/goycay-sakini-bizim-rusvetxor-memurlari-da-tutsunlar\/#primaryimage"},"thumbnailUrl":"https:\/\/www.meydan.tv\/wp-content\/uploads\/b4d7bde825f0ae10de0993c9957f6376.jpg","datePublished":"2019-12-22T09:04:11+00:00","breadcrumb":{"@id":"https:\/\/www.meydan.tv\/az\/article\/goycay-sakini-bizim-rusvetxor-memurlari-da-tutsunlar\/#breadcrumb"},"inLanguage":"az","potentialAction":[{"@type":"ReadAction","target":["https:\/\/www.meydan.tv\/az\/article\/goycay-sakini-bizim-rusvetxor-memurlari-da-tutsunlar\/"]}]},{"@type":"ImageObject","inLanguage":"az","@id":"https:\/\/www.meydan.tv\/az\/article\/goycay-sakini-bizim-rusvetxor-memurlari-da-tutsunlar\/#primaryimage","url":"https:\/\/www.meydan.tv\/wp-content\/uploads\/b4d7bde825f0ae10de0993c9957f6376.jpg","contentUrl":"https:\/\/www.meydan.tv\/wp-content\/uploads\/b4d7bde825f0ae10de0993c9957f6376.jpg","width":1896,"height":1272,"caption":"Foto: arxiv"},{"@type":"BreadcrumbList","@id":"https:\/\/www.meydan.tv\/az\/article\/goycay-sakini-bizim-rusvetxor-memurlari-da-tutsunlar\/#breadcrumb","itemListElement":[{"@type":"ListItem","position":1,"name":"Ana s\u0259hif\u0259","item":"https:\/\/www.meydan.tv\/az\/"},{"@type":"ListItem","position":2,"name":"B\u00f6lg\u0259","item":"https:\/\/www.meydan.tv\/az\/section\/bolge\/"},{"@type":"ListItem","position":3,"name":"G\u00f6y\u00e7ay sakini: Bizim r\u00fc\u015fv\u0259txor m\u0259murlar\u0131 da tutsunlar"}]},{"@type":"WebSite","@id":"https:\/\/www.meydan.tv\/az\/#website","url":"https:\/\/www.meydan.tv\/az\/","name":"MEYDAN.TV","description":"Meydan TV Az\u0259rbaycan\u0131n media m\u0259kan\u0131ndak\u0131 alternativ s\u0259sidir","publisher":{"@id":"https:\/\/www.meydan.tv\/az\/#organization"},"potentialAction":[{"@type":"SearchAction","target":{"@type":"EntryPoint","urlTemplate":"https:\/\/www.meydan.tv\/az\/?s={search_term_string}"},"query-input":{"@type":"PropertyValueSpecification","valueRequired":true,"valueName":"search_term_string"}}],"inLanguage":"az"},{"@type":"Organization","@id":"https:\/\/www.meydan.tv\/az\/#organization","name":"Meydan TV","url":"https:\/\/www.meydan.tv\/az\/","logo":{"@type":"ImageObject","inLanguage":"az","@id":"https:\/\/www.meydan.tv\/az\/#\/schema\/logo\/image\/","url":"https:\/\/www.meydan.tv\/wp-content\/uploads\/2021\/07\/meydan-logo.svg","contentUrl":"https:\/\/www.meydan.tv\/wp-content\/uploads\/2021\/07\/meydan-logo.svg","width":195,"height":46,"caption":"Meydan TV"},"image":{"@id":"https:\/\/www.meydan.tv\/az\/#\/schema\/logo\/image\/"}},{"@type":"Person","@id":"https:\/\/www.meydan.tv\/az\/#\/schema\/person\/10d11eccf6da3662cf5fdab9806ea91a","name":"user-manager"}]}},"_links":{"self":[{"href":"https:\/\/www.meydan.tv\/az\/wp-json\/wp\/v2\/posts\/198466","targetHints":{"allow":["GET"]}}],"collection":[{"href":"https:\/\/www.meydan.tv\/az\/wp-json\/wp\/v2\/posts"}],"about":[{"href":"https:\/\/www.meydan.tv\/az\/wp-json\/wp\/v2\/types\/post"}],"author":[{"embeddable":true,"href":"https:\/\/www.meydan.tv\/az\/wp-json\/wp\/v2\/users\/11"}],"replies":[{"embeddable":true,"href":"https:\/\/www.meydan.tv\/az\/wp-json\/wp\/v2\/comments?post=198466"}],"version-history":[{"count":0,"href":"https:\/\/www.meydan.tv\/az\/wp-json\/wp\/v2\/posts\/198466\/revisions"}],"wp:featuredmedia":[{"embeddable":true,"href":"https:\/\/www.meydan.tv\/az\/wp-json\/wp\/v2\/media\/133786"}],"wp:attachment":[{"href":"https:\/\/www.meydan.tv\/az\/wp-json\/wp\/v2\/media?parent=198466"}],"wp:term":[{"taxonomy":"category","embeddable":true,"href":"https:\/\/www.meydan.tv\/az\/wp-json\/wp\/v2\/categories?post=198466"},{"taxonomy":"post_tag","embeddable":true,"href":"https:\/\/www.meydan.tv\/az\/wp-json\/wp\/v2\/tags?post=198466"}],"curies":[{"name":"wp","href":"https:\/\/api.w.org\/{rel}","templated":true}]}}