{"id":198455,"date":"2019-12-20T12:56:13","date_gmt":"2019-12-20T12:56:13","guid":{"rendered":"https:\/\/www.meydan.tv\/article\/wada-azerbaycan-2017-ci-ilde-dopinq-pozuntusuna-gore-14-cu-olub\/"},"modified":"2019-12-20T12:56:13","modified_gmt":"2019-12-20T12:56:13","slug":"wada-azerbaycan-2017-ci-ilde-dopinq-pozuntusuna-gore-14-cu-olub","status":"publish","type":"post","link":"https:\/\/www.meydan.tv\/az\/article\/wada-azerbaycan-2017-ci-ilde-dopinq-pozuntusuna-gore-14-cu-olub\/","title":{"rendered":"WADA: Az\u0259rbaycan 2017-ci ild\u0259 dopinq pozuntusuna g\u00f6r\u0259 14-c\u00fc olub"},"content":{"rendered":"<p>\n  <i><br \/>\n    Amal Abu\u015fov: \u201c\u0130dman federasiyalar\u0131 yalan\u00e7\u0131 n\u0259tic\u0259l\u0259r ard\u0131nca qa\u00e7mamal\u0131d\u0131rlar\u201d<br \/>\n  <\/i>\n<\/p>\n<p>\n  \u00dcmumd\u00fcnya Antidopinq Agentliyi (WADA) 2017-ci ilin yekunlar\u0131 il\u0259 ba\u011fl\u0131 hesabat\u0131n\u0131 a\u00e7\u0131qlay\u0131b.\n<\/p>\n<p>\n  Hesabatda Az\u0259rbaycan idman\u00e7\u0131lar\u0131n\u0131n \u201cyuxar\u0131\u201d pill\u0259l\u0259rd\u0259 oldu\u011fu qeyd olunub.\n<\/p>\n<p>\n  APA-n\u0131n m\u0259lumat\u0131na g\u00f6r\u0259, il \u0259rzind\u0259 32 qayda pozuntusuna yol ver\u0259n Az\u0259rbaycan t\u0259msil\u00e7il\u0259ri siyah\u0131da 14-d\u00fcr.\n<\/p>\n<p>\n  \u201cMilli \u00fczvl\u0259ri 30 d\u0259f\u0259 dopinq test zaman\u0131 \u201cili\u015fibs\u0259\u201d, iki d\u0259f\u0259 bundan imtinaya g\u00f6r\u0259 c\u0259zalan\u0131b. 30 pozuntudan 24-\u00fc ki\u015fi, 6-s\u0131 qad\u0131n idman\u00e7\u0131lar\u0131n hesab\u0131ndad\u0131r. Bunlardan 21-i yar\u0131\u015f zaman\u0131, 9-u turnird\u0259n k\u0259nar a\u015fkarlan\u0131b. 10 m\u00fcxt\u0259lif idman n\u00f6v\u00fcnd\u0259ki t\u0259msil\u00e7il\u0259rimizd\u0259n g\u00f6t\u00fcr\u00fcl\u0259n analizl\u0259r m\u00fcsb\u0259t n\u0259tic\u0259 verib. \u0130dman\u00e7\u0131lar\u0131m\u0131z a\u011f\u0131r atletikada daha \u00e7ox \u2013 9 d\u0259f\u0259 \u201cf\u0259rql\u0259nib\u201d. G\u00fcl\u0259\u015fd\u0259 6, velosiped idman\u0131nda 4, atletika v\u0259 bodibildinqin h\u0259r\u0259sind\u0259 3, h\u0259ndbol v\u0259 c\u00fcdonun h\u0259r\u0259sind\u0259 2 bel\u0259 hal ya\u015fan\u0131b. Bir qayda pozuntusuna yol veril\u0259n \u00fc\u00e7 idman n\u00f6v\u00fc s\u0131ras\u0131nda boks v\u0259 karate il\u0259 yana\u015f\u0131, n\u0259 q\u0259d\u0259r q\u0259rib\u0259 olsa da amerika futbolu da var\u201d.\n<\/p>\n<p>\n  \u00dcmumilikd\u0259 WADA 245 min 232 dopinq testi g\u00f6t\u00fcr\u00fcb, 93 idman n\u00f6v\u00fc \u00fczr\u0259 114 \u00f6lk\u0259 t\u0259msil\u00e7isi yoxlan\u0131l\u0131b. Bodibildinq (266), atletika (242), velosiped idman\u0131 (218) n\u00f6vl\u0259ri daha \u00e7ox \u201cili\u015fibl\u0259r\u201d.\n<\/p>\n<p>\n  M\u0259lumatda \u0259n \u00e7ox qayda pozan \u00f6lk\u0259 \u0130taliyad\u0131r. Bu \u00f6lk\u0259nin idman\u00e7\u0131lar\u0131 171 d\u0259f\u0259 diqq\u0259t m\u0259rk\u0259zin\u0259 d\u00fc\u015f\u00fcbl\u0259r. Fransa 128, AB\u015e 103, Braziliya 84, Rusiya 82 d\u0259f\u0259 agentliyin qaydalar\u0131na zidd h\u0259r\u0259k\u0259t edib.\n<\/p>\n<p>\n  \u0130dman yazar\u0131 Amal Abu\u015fov \u00dcmumd\u00fcnya Antidopinq Agentliyinin hesabat\u0131n\u0131 Meydan TV-y\u0259 \u015f\u0259rh ed\u0259rk\u0259n bildirib ki, dopinq t\u0259kc\u0259 Az\u0259rbaycanda deyil, \u00fcmumilikd\u0259 d\u00fcnya idman\u0131nda ciddi probleml\u0259rd\u0259n birin\u0259 \u00e7evrilib. O qeyd edib ki, son ill\u0259rd\u0259 dopinql\u0259 ba\u011fl\u0131 qalmallar art\u0131b:\n<\/p>\n<p>\n  \u201cB\u0259z\u0259n d\u0259 bu tip q\u0259rarlar o q\u0259d\u0259r gec verilir ki, bir q\u0259d\u0259r d\u0259 daldan at\u0131lan da\u015f effekti verir\u201d.\n<\/p>\n<p>\n  Amal Abu\u015fov xat\u0131rlad\u0131b ki, bu yax\u0131nlarda a\u011f\u0131r atletimiz Nizami Pa\u015fayev 10 ild\u0259n sonra Avropa \u00e7empionu ad\u0131na layiq g\u00f6r\u00fcld\u00fc.\n<\/p>\n<p>\n  \u201cS\u0259b\u0259b d\u0259 o olmu\u015fdu ki, Nizami Pa\u015fayevin 2-ci oldu\u011fu h\u0259min yar\u0131\u015fda \u00e7empion olan qazax\u0131stanl\u0131 idman\u00e7\u0131n\u0131n dopinq testi m\u00fcsb\u0259t cavab verib. Amma Pa\u015fayevin \u00f6z\u00fcn\u00fcn d\u0259 dopinq-testi m\u00fcsb\u0259t n\u0259tic\u0259 verdiyi \u00fc\u00e7\u00fcn 2006-c\u0131 il Avropa \u00e7empionlu\u011fu v\u0259 2008-ci il Pekin Yay Olimpiya Oyunlar\u0131ndak\u0131 n\u0259tic\u0259si (5-ci yer) l\u0259\u011fv olunub. Buradan bel\u0259 ba\u015fa d\u00fc\u015f\u00fcl\u00fcr ki, bu s\u0259viyy\u0259li yar\u0131\u015flarda qalib ad\u0131n\u0131 qazanan \u0259ks\u0259r idman\u00e7\u0131lar hans\u0131sa formada dopinqd\u0259n istifad\u0259 edir. Kim n\u0259 vaxt ili\u015fdis\u0259, onda da ictimaiyy\u0259t bundan x\u0259b\u0259r tutur. \u00d6z\u00fc d\u0259 bu \u00fcsul post-sovet regionunda d\u0259bdir. \u00c7\u00fcnki Qazax\u0131stan t\u0259msil\u00e7il\u0259ri d\u0259 bir \u00e7ox c\u0259zalara m\u0259ruz qal\u0131r. Bu yax\u0131nlarda Rusiyaya da geni\u015f miqyasda c\u0259za t\u0259tbiq olundu\u201d.\n<\/p>\n<p>\n  Amal Abu\u015fov g\u00fcman edir ki, olay\u0131n i\u00e7ind\u0259 m\u00fc\u0259yy\u0259n \u00e7alarlar var. Onun fikrinc\u0259, hans\u0131sa \u00f6lk\u0259l\u0259rd\u0259n bu \u00fcsulla n\u0259yins\u0259 \u0259v\u0259zi \u00e7\u0131x\u0131l\u0131r. Amma bu m\u0259qam\u0131n \u00f6z\u00fc bel\u0259 fakt\u0131n a\u011f\u0131rl\u0131\u011f\u0131n\u0131 d\u0259yi\u015fmir.\n<\/p>\n<p>\n  Onun s\u00f6zl\u0259rin\u0259 g\u00f6r\u0259, son ill\u0259rd\u0259 dopinq n\u0259zar\u0259ti g\u00fccl\u0259nib, qaydalar s\u0259rtl\u0259\u015fdirilib:\n<\/p>\n<p>\n  \u201cH\u0259m d\u0259 texnologiyan\u0131n inki\u015faf\u0131 bu kimi hallarla m\u00fcbariz\u0259 aparma\u011f\u0131 asanla\u015fd\u0131r\u0131r. M\u00fcasir tibbi avadanl\u0131\u011f\u0131n \u201cg\u00f6z\u00fcnd\u0259n\u201d he\u00e7 n\u0259 yay\u0131nm\u0131r. M\u0259s\u0259l\u0259nin dig\u0259r t\u0259r\u0259fini unutmayaq. \u0130dman\u00e7\u0131 da insand\u0131r. B\u0259z\u0259n x\u0259st\u0259l\u0259nir, z\u0259d\u0259l\u0259nir v\u0259 q\u0259bul edil\u0259n hans\u0131sa d\u0259rman preparat\u0131n\u0131n t\u0259rkibind\u0259 qada\u011fan olunmu\u015f madd\u0259 yer al\u0131rsa, bu da dopinq say\u0131l\u0131r\u201d.\n<\/p>\n<figure class=\"wp-block-image size-large\">\n  <img decoding=\"async\" src=\"https:\/\/www.meydan.tv\/az\/amal-abusov\/\" alt=\"Amal Abu\u015fov\" class=\"wp-image-64811\"\/><figcaption>\n    Amal Abu\u015fov<br \/>\n  <\/figcaption><\/figure>\n<p>\n  Ancaq m\u00fcsahibimiz 32 r\u0259q\u0259mini Az\u0259rbaycan \u00fc\u00e7\u00fcn \u00e7ox ciddi say\u0131b:\n<\/p>\n<p>\n  \u201cOnsuz da \u00fczd\u0259 olan idman\u00e7\u0131lar\u0131m\u0131z\u0131n say\u0131 el\u0259 d\u0259 \u00e7ox deyil. Bolqar\u0131standan a\u011f\u0131r atletl\u0259r g\u0259tirmi\u015fdik. Sonradan m\u0259lum oldu ki, onlarla birlikd\u0259 g\u0259l\u0259n bolqar m\u0259\u015fq\u00e7i g\u0259tirdiyi idman\u00e7\u0131lara da, yerlil\u0259r\u0259 d\u0259 daim dopinq verirmi\u015f. \u00c7ox g\u00fcman ki, n\u0259 vaxtsa bunun \u00fcst\u00fcn\u00fcn a\u00e7\u0131laca\u011f\u0131n\u0131 o da bilirmi\u015f. Vacib olan h\u0259min vaxt n\u0259tic\u0259 g\u00f6st\u0259rm\u0259k, n\u0259tic\u0259y\u0259 g\u00f6r\u0259 m\u00fckafat almaq imi\u015f. Sonras\u0131 onu maraqland\u0131rmay\u0131b\u201d.\n<\/p>\n<p>\n  Amal Abu\u015fov deyib ki, haz\u0131rda Az\u0259rbaycanda da bu i\u015f\u0259 n\u0259zar\u0259t g\u00fccl\u0259ndirilib. O bildirib ki, b\u00fct\u00fcn yar\u0131\u015flarda idman\u00e7\u0131lar analiz verm\u0259y\u0259 c\u0259lb olunur.\n<\/p>\n<p>\n  \u201cH\u0259tta bel\u0259 q\u0259fil yoxlamalar b\u0259zi futbol oyunlar\u0131ndan sonra da ke\u00e7irilirdi. Yax\u015f\u0131 ki, futbol\u00e7ular\u0131m\u0131zdan indiy\u0259 q\u0259d\u0259r dopinqd\u0259 ili\u015f\u0259n olmay\u0131b. \u0130dman\u00e7\u0131n\u0131n bil\u0259-bil\u0259 dopinq istifad\u0259 etm\u0259si cinay\u0259t\u0259 b\u0259rab\u0259r \u0259m\u0259ldir. Bununla o ba\u015fqa bir h\u0259mkar\u0131n\u0131n haqq\u0131n\u0131 yeyir, \u00f6z n\u0259tic\u0259l\u0259rini saxtala\u015fd\u0131r\u0131r. Bel\u0259 hallar\u0131 biz ham\u0131l\u0131qla pisl\u0259m\u0259liyik. \u00d6z istedad\u0131na b\u0259l\u0259d olan idman\u00e7\u0131lar n\u0259tic\u0259l\u0259rinin m\u00fckafatlar \u00fc\u00e7\u00fcn yet\u0259rli olmad\u0131\u011f\u0131n\u0131 bilir, a\u011f\u0131r m\u0259\u015fql\u0259rd\u0259ns\u0259 dopinq q\u0259buluna \u00fcst\u00fcnl\u00fck verir. Bizim idman federasiyalar\u0131 da bu i\u015fd\u0259 \u00e7ox diqq\u0259tli olmal\u0131d\u0131lar. Yalan\u00e7\u0131 n\u0259tic\u0259l\u0259r ard\u0131nca qa\u00e7maq yox, idman\u0131 kompleks \u015f\u0259kild\u0259 inki\u015faf etdirm\u0259k laz\u0131md\u0131\u201d.<\/p>\n","protected":false},"excerpt":{"rendered":"<p>Ancaq m\u00fcsahibimiz 32 r\u0259q\u0259mini Az\u0259rbaycan \u00fc\u00e7\u00fcn \u00e7ox ciddi say\u0131b<\/p>\n","protected":false},"author":11,"featured_media":134598,"comment_status":"closed","ping_status":"open","sticky":false,"template":"","format":"standard","meta":{"_acf_changed":false,"_sitemap_exclude":false,"_sitemap_priority":"","_sitemap_frequency":"","footnotes":""},"categories":[62],"tags":[],"class_list":["post-198455","post","type-post","status-publish","format-standard","has-post-thumbnail","hentry","category-sosial","infinite-scroll-item","generate-columns","tablet-grid-50","mobile-grid-100","grid-parent","grid-33","no-featured-image-padding"],"acf":[],"yoast_head":"<!-- This site is optimized with the Yoast SEO plugin v27.4 - https:\/\/yoast.com\/product\/yoast-seo-wordpress\/ -->\n<title>WADA: Az\u0259rbaycan 2017-ci ild\u0259 dopinq pozuntusuna g\u00f6r\u0259 14-c\u00fc olub - MEYDAN.TV<\/title>\n<meta name=\"robots\" content=\"index, follow, max-snippet:-1, max-image-preview:large, max-video-preview:-1\" \/>\n<link rel=\"canonical\" href=\"https:\/\/www.meydan.tv\/az\/article\/wada-azerbaycan-2017-ci-ilde-dopinq-pozuntusuna-gore-14-cu-olub\/\" \/>\n<meta property=\"og:locale\" content=\"az_AZ\" \/>\n<meta property=\"og:type\" content=\"article\" \/>\n<meta property=\"og:title\" content=\"WADA: Az\u0259rbaycan 2017-ci ild\u0259 dopinq pozuntusuna g\u00f6r\u0259 14-c\u00fc olub - MEYDAN.TV\" \/>\n<meta property=\"og:description\" content=\"Ancaq m\u00fcsahibimiz 32 r\u0259q\u0259mini Az\u0259rbaycan \u00fc\u00e7\u00fcn \u00e7ox ciddi say\u0131b\" \/>\n<meta property=\"og:url\" content=\"https:\/\/www.meydan.tv\/az\/article\/wada-azerbaycan-2017-ci-ilde-dopinq-pozuntusuna-gore-14-cu-olub\/\" \/>\n<meta property=\"og:site_name\" content=\"MEYDAN.TV\" \/>\n<meta property=\"article:published_time\" content=\"2019-12-20T12:56:13+00:00\" \/>\n<meta property=\"og:image\" content=\"https:\/\/www.meydan.tv\/wp-content\/uploads\/1576836494356_bv7zlddk.jpg\" \/>\n\t<meta property=\"og:image:width\" content=\"750\" \/>\n\t<meta property=\"og:image:height\" content=\"499\" \/>\n\t<meta property=\"og:image:type\" content=\"image\/jpeg\" \/>\n<meta name=\"author\" content=\"user-manager\" \/>\n<meta name=\"twitter:card\" content=\"summary_large_image\" \/>\n<script type=\"application\/ld+json\" class=\"yoast-schema-graph\">{\"@context\":\"https:\\\/\\\/schema.org\",\"@graph\":[{\"@type\":\"Article\",\"@id\":\"https:\\\/\\\/www.meydan.tv\\\/az\\\/article\\\/wada-azerbaycan-2017-ci-ilde-dopinq-pozuntusuna-gore-14-cu-olub\\\/#article\",\"isPartOf\":{\"@id\":\"https:\\\/\\\/www.meydan.tv\\\/az\\\/article\\\/wada-azerbaycan-2017-ci-ilde-dopinq-pozuntusuna-gore-14-cu-olub\\\/\"},\"author\":{\"name\":\"user-manager\",\"@id\":\"https:\\\/\\\/www.meydan.tv\\\/az\\\/#\\\/schema\\\/person\\\/10d11eccf6da3662cf5fdab9806ea91a\"},\"headline\":\"WADA: Az\u0259rbaycan 2017-ci ild\u0259 dopinq pozuntusuna g\u00f6r\u0259 14-c\u00fc olub\",\"datePublished\":\"2019-12-20T12:56:13+00:00\",\"mainEntityOfPage\":{\"@id\":\"https:\\\/\\\/www.meydan.tv\\\/az\\\/article\\\/wada-azerbaycan-2017-ci-ilde-dopinq-pozuntusuna-gore-14-cu-olub\\\/\"},\"wordCount\":973,\"publisher\":{\"@id\":\"https:\\\/\\\/www.meydan.tv\\\/az\\\/#organization\"},\"image\":{\"@id\":\"https:\\\/\\\/www.meydan.tv\\\/az\\\/article\\\/wada-azerbaycan-2017-ci-ilde-dopinq-pozuntusuna-gore-14-cu-olub\\\/#primaryimage\"},\"thumbnailUrl\":\"https:\\\/\\\/www.meydan.tv\\\/wp-content\\\/uploads\\\/1576836494356_bv7zlddk.jpg\",\"articleSection\":[\"Sosial\"],\"inLanguage\":\"az\"},{\"@type\":\"WebPage\",\"@id\":\"https:\\\/\\\/www.meydan.tv\\\/az\\\/article\\\/wada-azerbaycan-2017-ci-ilde-dopinq-pozuntusuna-gore-14-cu-olub\\\/\",\"url\":\"https:\\\/\\\/www.meydan.tv\\\/az\\\/article\\\/wada-azerbaycan-2017-ci-ilde-dopinq-pozuntusuna-gore-14-cu-olub\\\/\",\"name\":\"WADA: Az\u0259rbaycan 2017-ci ild\u0259 dopinq pozuntusuna g\u00f6r\u0259 14-c\u00fc olub - MEYDAN.TV\",\"isPartOf\":{\"@id\":\"https:\\\/\\\/www.meydan.tv\\\/az\\\/#website\"},\"primaryImageOfPage\":{\"@id\":\"https:\\\/\\\/www.meydan.tv\\\/az\\\/article\\\/wada-azerbaycan-2017-ci-ilde-dopinq-pozuntusuna-gore-14-cu-olub\\\/#primaryimage\"},\"image\":{\"@id\":\"https:\\\/\\\/www.meydan.tv\\\/az\\\/article\\\/wada-azerbaycan-2017-ci-ilde-dopinq-pozuntusuna-gore-14-cu-olub\\\/#primaryimage\"},\"thumbnailUrl\":\"https:\\\/\\\/www.meydan.tv\\\/wp-content\\\/uploads\\\/1576836494356_bv7zlddk.jpg\",\"datePublished\":\"2019-12-20T12:56:13+00:00\",\"breadcrumb\":{\"@id\":\"https:\\\/\\\/www.meydan.tv\\\/az\\\/article\\\/wada-azerbaycan-2017-ci-ilde-dopinq-pozuntusuna-gore-14-cu-olub\\\/#breadcrumb\"},\"inLanguage\":\"az\",\"potentialAction\":[{\"@type\":\"ReadAction\",\"target\":[\"https:\\\/\\\/www.meydan.tv\\\/az\\\/article\\\/wada-azerbaycan-2017-ci-ilde-dopinq-pozuntusuna-gore-14-cu-olub\\\/\"]}]},{\"@type\":\"ImageObject\",\"inLanguage\":\"az\",\"@id\":\"https:\\\/\\\/www.meydan.tv\\\/az\\\/article\\\/wada-azerbaycan-2017-ci-ilde-dopinq-pozuntusuna-gore-14-cu-olub\\\/#primaryimage\",\"url\":\"https:\\\/\\\/www.meydan.tv\\\/wp-content\\\/uploads\\\/1576836494356_bv7zlddk.jpg\",\"contentUrl\":\"https:\\\/\\\/www.meydan.tv\\\/wp-content\\\/uploads\\\/1576836494356_bv7zlddk.jpg\",\"width\":750,\"height\":499,\"caption\":\"Source: Foto: arxiv\"},{\"@type\":\"BreadcrumbList\",\"@id\":\"https:\\\/\\\/www.meydan.tv\\\/az\\\/article\\\/wada-azerbaycan-2017-ci-ilde-dopinq-pozuntusuna-gore-14-cu-olub\\\/#breadcrumb\",\"itemListElement\":[{\"@type\":\"ListItem\",\"position\":1,\"name\":\"Ana s\u0259hif\u0259\",\"item\":\"https:\\\/\\\/www.meydan.tv\\\/az\\\/\"},{\"@type\":\"ListItem\",\"position\":2,\"name\":\"Sosial\",\"item\":\"https:\\\/\\\/www.meydan.tv\\\/az\\\/section\\\/sosial\\\/\"},{\"@type\":\"ListItem\",\"position\":3,\"name\":\"WADA: Az\u0259rbaycan 2017-ci ild\u0259 dopinq pozuntusuna g\u00f6r\u0259 14-c\u00fc olub\"}]},{\"@type\":\"WebSite\",\"@id\":\"https:\\\/\\\/www.meydan.tv\\\/az\\\/#website\",\"url\":\"https:\\\/\\\/www.meydan.tv\\\/az\\\/\",\"name\":\"MEYDAN.TV\",\"description\":\"Meydan TV Az\u0259rbaycan\u0131n media m\u0259kan\u0131ndak\u0131 alternativ s\u0259sidir\",\"publisher\":{\"@id\":\"https:\\\/\\\/www.meydan.tv\\\/az\\\/#organization\"},\"potentialAction\":[{\"@type\":\"SearchAction\",\"target\":{\"@type\":\"EntryPoint\",\"urlTemplate\":\"https:\\\/\\\/www.meydan.tv\\\/az\\\/?s={search_term_string}\"},\"query-input\":{\"@type\":\"PropertyValueSpecification\",\"valueRequired\":true,\"valueName\":\"search_term_string\"}}],\"inLanguage\":\"az\"},{\"@type\":\"Organization\",\"@id\":\"https:\\\/\\\/www.meydan.tv\\\/az\\\/#organization\",\"name\":\"Meydan TV\",\"url\":\"https:\\\/\\\/www.meydan.tv\\\/az\\\/\",\"logo\":{\"@type\":\"ImageObject\",\"inLanguage\":\"az\",\"@id\":\"https:\\\/\\\/www.meydan.tv\\\/az\\\/#\\\/schema\\\/logo\\\/image\\\/\",\"url\":\"https:\\\/\\\/www.meydan.tv\\\/wp-content\\\/uploads\\\/2021\\\/07\\\/meydan-logo.svg\",\"contentUrl\":\"https:\\\/\\\/www.meydan.tv\\\/wp-content\\\/uploads\\\/2021\\\/07\\\/meydan-logo.svg\",\"width\":195,\"height\":46,\"caption\":\"Meydan TV\"},\"image\":{\"@id\":\"https:\\\/\\\/www.meydan.tv\\\/az\\\/#\\\/schema\\\/logo\\\/image\\\/\"}},{\"@type\":\"Person\",\"@id\":\"https:\\\/\\\/www.meydan.tv\\\/az\\\/#\\\/schema\\\/person\\\/10d11eccf6da3662cf5fdab9806ea91a\",\"name\":\"user-manager\"}]}<\/script>\n<!-- \/ Yoast SEO plugin. -->","yoast_head_json":{"title":"WADA: Az\u0259rbaycan 2017-ci ild\u0259 dopinq pozuntusuna g\u00f6r\u0259 14-c\u00fc olub - MEYDAN.TV","robots":{"index":"index","follow":"follow","max-snippet":"max-snippet:-1","max-image-preview":"max-image-preview:large","max-video-preview":"max-video-preview:-1"},"canonical":"https:\/\/www.meydan.tv\/az\/article\/wada-azerbaycan-2017-ci-ilde-dopinq-pozuntusuna-gore-14-cu-olub\/","og_locale":"az_AZ","og_type":"article","og_title":"WADA: Az\u0259rbaycan 2017-ci ild\u0259 dopinq pozuntusuna g\u00f6r\u0259 14-c\u00fc olub - MEYDAN.TV","og_description":"Ancaq m\u00fcsahibimiz 32 r\u0259q\u0259mini Az\u0259rbaycan \u00fc\u00e7\u00fcn \u00e7ox ciddi say\u0131b","og_url":"https:\/\/www.meydan.tv\/az\/article\/wada-azerbaycan-2017-ci-ilde-dopinq-pozuntusuna-gore-14-cu-olub\/","og_site_name":"MEYDAN.TV","article_published_time":"2019-12-20T12:56:13+00:00","og_image":[{"width":750,"height":499,"url":"https:\/\/www.meydan.tv\/wp-content\/uploads\/1576836494356_bv7zlddk.jpg","type":"image\/jpeg"}],"author":"user-manager","twitter_card":"summary_large_image","schema":{"@context":"https:\/\/schema.org","@graph":[{"@type":"Article","@id":"https:\/\/www.meydan.tv\/az\/article\/wada-azerbaycan-2017-ci-ilde-dopinq-pozuntusuna-gore-14-cu-olub\/#article","isPartOf":{"@id":"https:\/\/www.meydan.tv\/az\/article\/wada-azerbaycan-2017-ci-ilde-dopinq-pozuntusuna-gore-14-cu-olub\/"},"author":{"name":"user-manager","@id":"https:\/\/www.meydan.tv\/az\/#\/schema\/person\/10d11eccf6da3662cf5fdab9806ea91a"},"headline":"WADA: Az\u0259rbaycan 2017-ci ild\u0259 dopinq pozuntusuna g\u00f6r\u0259 14-c\u00fc olub","datePublished":"2019-12-20T12:56:13+00:00","mainEntityOfPage":{"@id":"https:\/\/www.meydan.tv\/az\/article\/wada-azerbaycan-2017-ci-ilde-dopinq-pozuntusuna-gore-14-cu-olub\/"},"wordCount":973,"publisher":{"@id":"https:\/\/www.meydan.tv\/az\/#organization"},"image":{"@id":"https:\/\/www.meydan.tv\/az\/article\/wada-azerbaycan-2017-ci-ilde-dopinq-pozuntusuna-gore-14-cu-olub\/#primaryimage"},"thumbnailUrl":"https:\/\/www.meydan.tv\/wp-content\/uploads\/1576836494356_bv7zlddk.jpg","articleSection":["Sosial"],"inLanguage":"az"},{"@type":"WebPage","@id":"https:\/\/www.meydan.tv\/az\/article\/wada-azerbaycan-2017-ci-ilde-dopinq-pozuntusuna-gore-14-cu-olub\/","url":"https:\/\/www.meydan.tv\/az\/article\/wada-azerbaycan-2017-ci-ilde-dopinq-pozuntusuna-gore-14-cu-olub\/","name":"WADA: Az\u0259rbaycan 2017-ci ild\u0259 dopinq pozuntusuna g\u00f6r\u0259 14-c\u00fc olub - MEYDAN.TV","isPartOf":{"@id":"https:\/\/www.meydan.tv\/az\/#website"},"primaryImageOfPage":{"@id":"https:\/\/www.meydan.tv\/az\/article\/wada-azerbaycan-2017-ci-ilde-dopinq-pozuntusuna-gore-14-cu-olub\/#primaryimage"},"image":{"@id":"https:\/\/www.meydan.tv\/az\/article\/wada-azerbaycan-2017-ci-ilde-dopinq-pozuntusuna-gore-14-cu-olub\/#primaryimage"},"thumbnailUrl":"https:\/\/www.meydan.tv\/wp-content\/uploads\/1576836494356_bv7zlddk.jpg","datePublished":"2019-12-20T12:56:13+00:00","breadcrumb":{"@id":"https:\/\/www.meydan.tv\/az\/article\/wada-azerbaycan-2017-ci-ilde-dopinq-pozuntusuna-gore-14-cu-olub\/#breadcrumb"},"inLanguage":"az","potentialAction":[{"@type":"ReadAction","target":["https:\/\/www.meydan.tv\/az\/article\/wada-azerbaycan-2017-ci-ilde-dopinq-pozuntusuna-gore-14-cu-olub\/"]}]},{"@type":"ImageObject","inLanguage":"az","@id":"https:\/\/www.meydan.tv\/az\/article\/wada-azerbaycan-2017-ci-ilde-dopinq-pozuntusuna-gore-14-cu-olub\/#primaryimage","url":"https:\/\/www.meydan.tv\/wp-content\/uploads\/1576836494356_bv7zlddk.jpg","contentUrl":"https:\/\/www.meydan.tv\/wp-content\/uploads\/1576836494356_bv7zlddk.jpg","width":750,"height":499,"caption":"Source: Foto: arxiv"},{"@type":"BreadcrumbList","@id":"https:\/\/www.meydan.tv\/az\/article\/wada-azerbaycan-2017-ci-ilde-dopinq-pozuntusuna-gore-14-cu-olub\/#breadcrumb","itemListElement":[{"@type":"ListItem","position":1,"name":"Ana s\u0259hif\u0259","item":"https:\/\/www.meydan.tv\/az\/"},{"@type":"ListItem","position":2,"name":"Sosial","item":"https:\/\/www.meydan.tv\/az\/section\/sosial\/"},{"@type":"ListItem","position":3,"name":"WADA: Az\u0259rbaycan 2017-ci ild\u0259 dopinq pozuntusuna g\u00f6r\u0259 14-c\u00fc olub"}]},{"@type":"WebSite","@id":"https:\/\/www.meydan.tv\/az\/#website","url":"https:\/\/www.meydan.tv\/az\/","name":"MEYDAN.TV","description":"Meydan TV Az\u0259rbaycan\u0131n media m\u0259kan\u0131ndak\u0131 alternativ s\u0259sidir","publisher":{"@id":"https:\/\/www.meydan.tv\/az\/#organization"},"potentialAction":[{"@type":"SearchAction","target":{"@type":"EntryPoint","urlTemplate":"https:\/\/www.meydan.tv\/az\/?s={search_term_string}"},"query-input":{"@type":"PropertyValueSpecification","valueRequired":true,"valueName":"search_term_string"}}],"inLanguage":"az"},{"@type":"Organization","@id":"https:\/\/www.meydan.tv\/az\/#organization","name":"Meydan TV","url":"https:\/\/www.meydan.tv\/az\/","logo":{"@type":"ImageObject","inLanguage":"az","@id":"https:\/\/www.meydan.tv\/az\/#\/schema\/logo\/image\/","url":"https:\/\/www.meydan.tv\/wp-content\/uploads\/2021\/07\/meydan-logo.svg","contentUrl":"https:\/\/www.meydan.tv\/wp-content\/uploads\/2021\/07\/meydan-logo.svg","width":195,"height":46,"caption":"Meydan TV"},"image":{"@id":"https:\/\/www.meydan.tv\/az\/#\/schema\/logo\/image\/"}},{"@type":"Person","@id":"https:\/\/www.meydan.tv\/az\/#\/schema\/person\/10d11eccf6da3662cf5fdab9806ea91a","name":"user-manager"}]}},"_links":{"self":[{"href":"https:\/\/www.meydan.tv\/az\/wp-json\/wp\/v2\/posts\/198455","targetHints":{"allow":["GET"]}}],"collection":[{"href":"https:\/\/www.meydan.tv\/az\/wp-json\/wp\/v2\/posts"}],"about":[{"href":"https:\/\/www.meydan.tv\/az\/wp-json\/wp\/v2\/types\/post"}],"author":[{"embeddable":true,"href":"https:\/\/www.meydan.tv\/az\/wp-json\/wp\/v2\/users\/11"}],"replies":[{"embeddable":true,"href":"https:\/\/www.meydan.tv\/az\/wp-json\/wp\/v2\/comments?post=198455"}],"version-history":[{"count":0,"href":"https:\/\/www.meydan.tv\/az\/wp-json\/wp\/v2\/posts\/198455\/revisions"}],"wp:featuredmedia":[{"embeddable":true,"href":"https:\/\/www.meydan.tv\/az\/wp-json\/wp\/v2\/media\/134598"}],"wp:attachment":[{"href":"https:\/\/www.meydan.tv\/az\/wp-json\/wp\/v2\/media?parent=198455"}],"wp:term":[{"taxonomy":"category","embeddable":true,"href":"https:\/\/www.meydan.tv\/az\/wp-json\/wp\/v2\/categories?post=198455"},{"taxonomy":"post_tag","embeddable":true,"href":"https:\/\/www.meydan.tv\/az\/wp-json\/wp\/v2\/tags?post=198455"}],"curies":[{"name":"wp","href":"https:\/\/api.w.org\/{rel}","templated":true}]}}