{"id":198442,"date":"2019-12-19T15:23:58","date_gmt":"2019-12-19T15:23:58","guid":{"rendered":"https:\/\/www.meydan.tv\/article\/yuzlerler-hindli-vetendasliq-qanununa-etiraz-edir\/"},"modified":"2019-12-19T15:23:58","modified_gmt":"2019-12-19T15:23:58","slug":"yuzlerler-hindli-vetendasliq-qanununa-etiraz-edir","status":"publish","type":"post","link":"https:\/\/www.meydan.tv\/az\/article\/yuzlerler-hindli-vetendasliq-qanununa-etiraz-edir\/","title":{"rendered":"Y\u00fczl\u0259rl\u0259r hindli v\u0259t\u0259nda\u015fl\u0131q qanununa etiraz edir"},"content":{"rendered":"<p>\n  <i><br \/>\n    Polis zorak\u0131l\u0131\u011f\u0131n\u0131n v\u0259 h\u0259bsl\u0259rin artmas\u0131 g\u00f6zl\u0259nilir<br \/>\n  <\/i>\n<\/p>\n<p>\n  Hindistanda aksiyalar davam edir. N\u00fcmayi\u015f\u00e7il\u0259r m\u00fcbahis\u0259li yeni v\u0259t\u0259nda\u015fl\u0131q qanununa qar\u015f\u0131 ba\u015flam\u0131\u015f aksiyalar\u0131 qada\u011fan ed\u0259n h\u00f6kum\u0259t\u0259 etiraz edirl\u0259r. Polis t\u0259zyiqi m\u00fc\u015fahid\u0259 edilib,- \u201cReuters\u201d x\u0259b\u0259r verir.\n<\/p>\n<p>\n  \u00d6lk\u0259d\u0259 m\u00f6vcud olan ayr\u0131-se\u00e7kiliyin institutla\u015fd\u0131r\u0131lmas\u0131 hesab edil\u0259n yeni qanuna qar\u015f\u0131 ictimai q\u0259z\u0259b getdikc\u0259 art\u0131r. Bir s\u0131ra \u0259razil\u0259rd\u0259 k\u00fctl\u0259vi toplant\u0131lara qada\u011fa qoyulmas\u0131na baxmayaraq, y\u00fcr\u00fc\u015fl\u0259r v\u0259 mitinql\u0259r davam edir. Polis zorak\u0131l\u0131\u011f\u0131n\u0131n v\u0259 h\u0259bsl\u0259rin artmas\u0131 g\u00f6zl\u0259nilir.\n<\/p>\n<p>\n  H\u00f6kum\u0259t qada\u011fas\u0131 paytaxt Dehlinin bir hiss\u0259sind\u0259 v\u0259 Uttar Prade\u015f v\u0259 Karnataka b\u00f6lg\u0259l\u0259rind\u0259 t\u0259tbiq edilib.\n<\/p>\n<p>\n  Polis c\u00fcm\u0259 ax\u015fam\u0131 Dehli v\u0259 c\u0259nubdak\u0131 Bengaluru \u015f\u0259h\u0259rind\u0259 y\u00fczl\u0259rl\u0259 insan\u0131 n\u0259zar\u0259t\u0259 al\u0131b v\u0259 b\u0259zi yerl\u0259rd\u0259 internet ba\u011flan\u0131b.\n<\/p>\n<p>\n  Hindistan\u0131n d\u00fcny\u0259vi konstitusiyas\u0131na x\u0259l\u0259l g\u0259tir\u0259n qanunun q\u0259bul edilm\u0259siyl\u0259 ba\u015flayan etirazlar art\u0131q iki h\u0259ft\u0259dir davam edir.\n<\/p>\n<p>\n  Q\u0259bul edilmi\u015f qanun qon\u015fu \u00f6lk\u0259l\u0259rd\u0259n olan qa\u00e7q\u0131nlara v\u0259t\u0259nda\u015fl\u0131\u011f\u0131n verilm\u0259siyl\u0259 ba\u011fl\u0131d\u0131r. Qanuna \u0259sas\u0259n, qa\u00e7q\u0131nlar m\u00fcs\u0259lmand\u0131rsa, onlara v\u0259t\u0259nda\u015fl\u0131q verilmir. Yaln\u0131z hindu, xristian, parsi v\u0259 ya buddist oldu\u011fu t\u0259qdird\u0259 qa\u00e7q\u0131nlar Hindistanda v\u0259t\u0259nda\u015fl\u0131q ala bil\u0259r.\n<\/p>\n<p>\n  Qanunun t\u0259nqid\u00e7il\u0259ri q\u0259bul edilmi\u015f qanunu qeyri-konstitusional adland\u0131r\u0131r v\u0259 Hindistan \u0259halisinin 14% -ni t\u0259\u015fkil ed\u0259n m\u00fcs\u0259lmanlar\u0131n c\u0259miyy\u0259td\u0259n xaric edilm\u0259sini h\u0259d\u0259fl\u0259diyini vur\u011fulay\u0131r.<\/p>\n","protected":false},"excerpt":{"rendered":"<p>Polis c\u00fcm\u0259 ax\u015fam\u0131 Dehli v\u0259 c\u0259nubdak\u0131 Bengaluru \u015f\u0259h\u0259rind\u0259 y\u00fczl\u0259rl\u0259 insan\u0131 n\u0259zar\u0259t\u0259 al\u0131b v\u0259 b\u0259zi yerl\u0259rd\u0259 internet ba\u011flan\u0131b.<\/p>\n","protected":false},"author":11,"featured_media":134562,"comment_status":"closed","ping_status":"open","sticky":false,"template":"","format":"standard","meta":{"_acf_changed":false,"_sitemap_exclude":false,"_sitemap_priority":"","_sitemap_frequency":"","footnotes":""},"categories":[64],"tags":[],"class_list":["post-198442","post","type-post","status-publish","format-standard","has-post-thumbnail","hentry","category-dunya","infinite-scroll-item","generate-columns","tablet-grid-50","mobile-grid-100","grid-parent","grid-33","no-featured-image-padding"],"acf":[],"yoast_head":"<!-- This site is optimized with the Yoast SEO plugin v27.5 - https:\/\/yoast.com\/product\/yoast-seo-wordpress\/ -->\n<title>Y\u00fczl\u0259rl\u0259r hindli v\u0259t\u0259nda\u015fl\u0131q qanununa etiraz edir - MEYDAN.TV<\/title>\n<meta name=\"robots\" content=\"index, follow, max-snippet:-1, max-image-preview:large, max-video-preview:-1\" \/>\n<link rel=\"canonical\" href=\"https:\/\/www.meydan.tv\/az\/article\/yuzlerler-hindli-vetendasliq-qanununa-etiraz-edir\/\" \/>\n<meta property=\"og:locale\" content=\"az_AZ\" \/>\n<meta property=\"og:type\" content=\"article\" \/>\n<meta property=\"og:title\" content=\"Y\u00fczl\u0259rl\u0259r hindli v\u0259t\u0259nda\u015fl\u0131q qanununa etiraz edir - MEYDAN.TV\" \/>\n<meta property=\"og:description\" content=\"Polis c\u00fcm\u0259 ax\u015fam\u0131 Dehli v\u0259 c\u0259nubdak\u0131 Bengaluru \u015f\u0259h\u0259rind\u0259 y\u00fczl\u0259rl\u0259 insan\u0131 n\u0259zar\u0259t\u0259 al\u0131b v\u0259 b\u0259zi yerl\u0259rd\u0259 internet ba\u011flan\u0131b.\" \/>\n<meta property=\"og:url\" content=\"https:\/\/www.meydan.tv\/az\/article\/yuzlerler-hindli-vetendasliq-qanununa-etiraz-edir\/\" \/>\n<meta property=\"og:site_name\" content=\"MEYDAN.TV\" \/>\n<meta property=\"article:published_time\" content=\"2019-12-19T15:23:58+00:00\" \/>\n<meta property=\"og:image\" content=\"https:\/\/www.meydan.tv\/wp-content\/uploads\/431640417_0_0_4752_2674_600x0_80_0_0_0d48aef5c38ada02d59b21a81b79a70c.jpg\" \/>\n\t<meta property=\"og:image:width\" content=\"852\" \/>\n\t<meta property=\"og:image:height\" content=\"480\" \/>\n\t<meta property=\"og:image:type\" content=\"image\/jpeg\" \/>\n<meta name=\"author\" content=\"user-manager\" \/>\n<meta name=\"twitter:card\" content=\"summary_large_image\" \/>\n<script type=\"application\/ld+json\" class=\"yoast-schema-graph\">{\"@context\":\"https:\\\/\\\/schema.org\",\"@graph\":[{\"@type\":\"Article\",\"@id\":\"https:\\\/\\\/www.meydan.tv\\\/az\\\/article\\\/yuzlerler-hindli-vetendasliq-qanununa-etiraz-edir\\\/#article\",\"isPartOf\":{\"@id\":\"https:\\\/\\\/www.meydan.tv\\\/az\\\/article\\\/yuzlerler-hindli-vetendasliq-qanununa-etiraz-edir\\\/\"},\"author\":{\"name\":\"user-manager\",\"@id\":\"https:\\\/\\\/www.meydan.tv\\\/az\\\/#\\\/schema\\\/person\\\/10d11eccf6da3662cf5fdab9806ea91a\"},\"headline\":\"Y\u00fczl\u0259rl\u0259r hindli v\u0259t\u0259nda\u015fl\u0131q qanununa etiraz edir\",\"datePublished\":\"2019-12-19T15:23:58+00:00\",\"mainEntityOfPage\":{\"@id\":\"https:\\\/\\\/www.meydan.tv\\\/az\\\/article\\\/yuzlerler-hindli-vetendasliq-qanununa-etiraz-edir\\\/\"},\"wordCount\":318,\"publisher\":{\"@id\":\"https:\\\/\\\/www.meydan.tv\\\/az\\\/#organization\"},\"image\":{\"@id\":\"https:\\\/\\\/www.meydan.tv\\\/az\\\/article\\\/yuzlerler-hindli-vetendasliq-qanununa-etiraz-edir\\\/#primaryimage\"},\"thumbnailUrl\":\"https:\\\/\\\/www.meydan.tv\\\/wp-content\\\/uploads\\\/431640417_0_0_4752_2674_600x0_80_0_0_0d48aef5c38ada02d59b21a81b79a70c.jpg\",\"articleSection\":[\"D\u00fcnya\"],\"inLanguage\":\"az\"},{\"@type\":\"WebPage\",\"@id\":\"https:\\\/\\\/www.meydan.tv\\\/az\\\/article\\\/yuzlerler-hindli-vetendasliq-qanununa-etiraz-edir\\\/\",\"url\":\"https:\\\/\\\/www.meydan.tv\\\/az\\\/article\\\/yuzlerler-hindli-vetendasliq-qanununa-etiraz-edir\\\/\",\"name\":\"Y\u00fczl\u0259rl\u0259r hindli v\u0259t\u0259nda\u015fl\u0131q qanununa etiraz edir - MEYDAN.TV\",\"isPartOf\":{\"@id\":\"https:\\\/\\\/www.meydan.tv\\\/az\\\/#website\"},\"primaryImageOfPage\":{\"@id\":\"https:\\\/\\\/www.meydan.tv\\\/az\\\/article\\\/yuzlerler-hindli-vetendasliq-qanununa-etiraz-edir\\\/#primaryimage\"},\"image\":{\"@id\":\"https:\\\/\\\/www.meydan.tv\\\/az\\\/article\\\/yuzlerler-hindli-vetendasliq-qanununa-etiraz-edir\\\/#primaryimage\"},\"thumbnailUrl\":\"https:\\\/\\\/www.meydan.tv\\\/wp-content\\\/uploads\\\/431640417_0_0_4752_2674_600x0_80_0_0_0d48aef5c38ada02d59b21a81b79a70c.jpg\",\"datePublished\":\"2019-12-19T15:23:58+00:00\",\"breadcrumb\":{\"@id\":\"https:\\\/\\\/www.meydan.tv\\\/az\\\/article\\\/yuzlerler-hindli-vetendasliq-qanununa-etiraz-edir\\\/#breadcrumb\"},\"inLanguage\":\"az\",\"potentialAction\":[{\"@type\":\"ReadAction\",\"target\":[\"https:\\\/\\\/www.meydan.tv\\\/az\\\/article\\\/yuzlerler-hindli-vetendasliq-qanununa-etiraz-edir\\\/\"]}]},{\"@type\":\"ImageObject\",\"inLanguage\":\"az\",\"@id\":\"https:\\\/\\\/www.meydan.tv\\\/az\\\/article\\\/yuzlerler-hindli-vetendasliq-qanununa-etiraz-edir\\\/#primaryimage\",\"url\":\"https:\\\/\\\/www.meydan.tv\\\/wp-content\\\/uploads\\\/431640417_0_0_4752_2674_600x0_80_0_0_0d48aef5c38ada02d59b21a81b79a70c.jpg\",\"contentUrl\":\"https:\\\/\\\/www.meydan.tv\\\/wp-content\\\/uploads\\\/431640417_0_0_4752_2674_600x0_80_0_0_0d48aef5c38ada02d59b21a81b79a70c.jpg\",\"width\":852,\"height\":480,\"caption\":\"Source: Foto: arxiv\"},{\"@type\":\"BreadcrumbList\",\"@id\":\"https:\\\/\\\/www.meydan.tv\\\/az\\\/article\\\/yuzlerler-hindli-vetendasliq-qanununa-etiraz-edir\\\/#breadcrumb\",\"itemListElement\":[{\"@type\":\"ListItem\",\"position\":1,\"name\":\"Ana s\u0259hif\u0259\",\"item\":\"https:\\\/\\\/www.meydan.tv\\\/az\\\/\"},{\"@type\":\"ListItem\",\"position\":2,\"name\":\"D\u00fcnya\",\"item\":\"https:\\\/\\\/www.meydan.tv\\\/az\\\/section\\\/dunya\\\/\"},{\"@type\":\"ListItem\",\"position\":3,\"name\":\"Y\u00fczl\u0259rl\u0259r hindli v\u0259t\u0259nda\u015fl\u0131q qanununa etiraz edir\"}]},{\"@type\":\"WebSite\",\"@id\":\"https:\\\/\\\/www.meydan.tv\\\/az\\\/#website\",\"url\":\"https:\\\/\\\/www.meydan.tv\\\/az\\\/\",\"name\":\"MEYDAN.TV\",\"description\":\"Meydan TV Az\u0259rbaycan\u0131n media m\u0259kan\u0131ndak\u0131 alternativ s\u0259sidir\",\"publisher\":{\"@id\":\"https:\\\/\\\/www.meydan.tv\\\/az\\\/#organization\"},\"potentialAction\":[{\"@type\":\"SearchAction\",\"target\":{\"@type\":\"EntryPoint\",\"urlTemplate\":\"https:\\\/\\\/www.meydan.tv\\\/az\\\/?s={search_term_string}\"},\"query-input\":{\"@type\":\"PropertyValueSpecification\",\"valueRequired\":true,\"valueName\":\"search_term_string\"}}],\"inLanguage\":\"az\"},{\"@type\":\"Organization\",\"@id\":\"https:\\\/\\\/www.meydan.tv\\\/az\\\/#organization\",\"name\":\"Meydan TV\",\"url\":\"https:\\\/\\\/www.meydan.tv\\\/az\\\/\",\"logo\":{\"@type\":\"ImageObject\",\"inLanguage\":\"az\",\"@id\":\"https:\\\/\\\/www.meydan.tv\\\/az\\\/#\\\/schema\\\/logo\\\/image\\\/\",\"url\":\"https:\\\/\\\/www.meydan.tv\\\/wp-content\\\/uploads\\\/2021\\\/07\\\/meydan-logo.svg\",\"contentUrl\":\"https:\\\/\\\/www.meydan.tv\\\/wp-content\\\/uploads\\\/2021\\\/07\\\/meydan-logo.svg\",\"width\":195,\"height\":46,\"caption\":\"Meydan TV\"},\"image\":{\"@id\":\"https:\\\/\\\/www.meydan.tv\\\/az\\\/#\\\/schema\\\/logo\\\/image\\\/\"}},{\"@type\":\"Person\",\"@id\":\"https:\\\/\\\/www.meydan.tv\\\/az\\\/#\\\/schema\\\/person\\\/10d11eccf6da3662cf5fdab9806ea91a\",\"name\":\"user-manager\"}]}<\/script>\n<!-- \/ Yoast SEO plugin. -->","yoast_head_json":{"title":"Y\u00fczl\u0259rl\u0259r hindli v\u0259t\u0259nda\u015fl\u0131q qanununa etiraz edir - MEYDAN.TV","robots":{"index":"index","follow":"follow","max-snippet":"max-snippet:-1","max-image-preview":"max-image-preview:large","max-video-preview":"max-video-preview:-1"},"canonical":"https:\/\/www.meydan.tv\/az\/article\/yuzlerler-hindli-vetendasliq-qanununa-etiraz-edir\/","og_locale":"az_AZ","og_type":"article","og_title":"Y\u00fczl\u0259rl\u0259r hindli v\u0259t\u0259nda\u015fl\u0131q qanununa etiraz edir - MEYDAN.TV","og_description":"Polis c\u00fcm\u0259 ax\u015fam\u0131 Dehli v\u0259 c\u0259nubdak\u0131 Bengaluru \u015f\u0259h\u0259rind\u0259 y\u00fczl\u0259rl\u0259 insan\u0131 n\u0259zar\u0259t\u0259 al\u0131b v\u0259 b\u0259zi yerl\u0259rd\u0259 internet ba\u011flan\u0131b.","og_url":"https:\/\/www.meydan.tv\/az\/article\/yuzlerler-hindli-vetendasliq-qanununa-etiraz-edir\/","og_site_name":"MEYDAN.TV","article_published_time":"2019-12-19T15:23:58+00:00","og_image":[{"width":852,"height":480,"url":"https:\/\/www.meydan.tv\/wp-content\/uploads\/431640417_0_0_4752_2674_600x0_80_0_0_0d48aef5c38ada02d59b21a81b79a70c.jpg","type":"image\/jpeg"}],"author":"user-manager","twitter_card":"summary_large_image","schema":{"@context":"https:\/\/schema.org","@graph":[{"@type":"Article","@id":"https:\/\/www.meydan.tv\/az\/article\/yuzlerler-hindli-vetendasliq-qanununa-etiraz-edir\/#article","isPartOf":{"@id":"https:\/\/www.meydan.tv\/az\/article\/yuzlerler-hindli-vetendasliq-qanununa-etiraz-edir\/"},"author":{"name":"user-manager","@id":"https:\/\/www.meydan.tv\/az\/#\/schema\/person\/10d11eccf6da3662cf5fdab9806ea91a"},"headline":"Y\u00fczl\u0259rl\u0259r hindli v\u0259t\u0259nda\u015fl\u0131q qanununa etiraz edir","datePublished":"2019-12-19T15:23:58+00:00","mainEntityOfPage":{"@id":"https:\/\/www.meydan.tv\/az\/article\/yuzlerler-hindli-vetendasliq-qanununa-etiraz-edir\/"},"wordCount":318,"publisher":{"@id":"https:\/\/www.meydan.tv\/az\/#organization"},"image":{"@id":"https:\/\/www.meydan.tv\/az\/article\/yuzlerler-hindli-vetendasliq-qanununa-etiraz-edir\/#primaryimage"},"thumbnailUrl":"https:\/\/www.meydan.tv\/wp-content\/uploads\/431640417_0_0_4752_2674_600x0_80_0_0_0d48aef5c38ada02d59b21a81b79a70c.jpg","articleSection":["D\u00fcnya"],"inLanguage":"az"},{"@type":"WebPage","@id":"https:\/\/www.meydan.tv\/az\/article\/yuzlerler-hindli-vetendasliq-qanununa-etiraz-edir\/","url":"https:\/\/www.meydan.tv\/az\/article\/yuzlerler-hindli-vetendasliq-qanununa-etiraz-edir\/","name":"Y\u00fczl\u0259rl\u0259r hindli v\u0259t\u0259nda\u015fl\u0131q qanununa etiraz edir - MEYDAN.TV","isPartOf":{"@id":"https:\/\/www.meydan.tv\/az\/#website"},"primaryImageOfPage":{"@id":"https:\/\/www.meydan.tv\/az\/article\/yuzlerler-hindli-vetendasliq-qanununa-etiraz-edir\/#primaryimage"},"image":{"@id":"https:\/\/www.meydan.tv\/az\/article\/yuzlerler-hindli-vetendasliq-qanununa-etiraz-edir\/#primaryimage"},"thumbnailUrl":"https:\/\/www.meydan.tv\/wp-content\/uploads\/431640417_0_0_4752_2674_600x0_80_0_0_0d48aef5c38ada02d59b21a81b79a70c.jpg","datePublished":"2019-12-19T15:23:58+00:00","breadcrumb":{"@id":"https:\/\/www.meydan.tv\/az\/article\/yuzlerler-hindli-vetendasliq-qanununa-etiraz-edir\/#breadcrumb"},"inLanguage":"az","potentialAction":[{"@type":"ReadAction","target":["https:\/\/www.meydan.tv\/az\/article\/yuzlerler-hindli-vetendasliq-qanununa-etiraz-edir\/"]}]},{"@type":"ImageObject","inLanguage":"az","@id":"https:\/\/www.meydan.tv\/az\/article\/yuzlerler-hindli-vetendasliq-qanununa-etiraz-edir\/#primaryimage","url":"https:\/\/www.meydan.tv\/wp-content\/uploads\/431640417_0_0_4752_2674_600x0_80_0_0_0d48aef5c38ada02d59b21a81b79a70c.jpg","contentUrl":"https:\/\/www.meydan.tv\/wp-content\/uploads\/431640417_0_0_4752_2674_600x0_80_0_0_0d48aef5c38ada02d59b21a81b79a70c.jpg","width":852,"height":480,"caption":"Source: Foto: arxiv"},{"@type":"BreadcrumbList","@id":"https:\/\/www.meydan.tv\/az\/article\/yuzlerler-hindli-vetendasliq-qanununa-etiraz-edir\/#breadcrumb","itemListElement":[{"@type":"ListItem","position":1,"name":"Ana s\u0259hif\u0259","item":"https:\/\/www.meydan.tv\/az\/"},{"@type":"ListItem","position":2,"name":"D\u00fcnya","item":"https:\/\/www.meydan.tv\/az\/section\/dunya\/"},{"@type":"ListItem","position":3,"name":"Y\u00fczl\u0259rl\u0259r hindli v\u0259t\u0259nda\u015fl\u0131q qanununa etiraz edir"}]},{"@type":"WebSite","@id":"https:\/\/www.meydan.tv\/az\/#website","url":"https:\/\/www.meydan.tv\/az\/","name":"MEYDAN.TV","description":"Meydan TV Az\u0259rbaycan\u0131n media m\u0259kan\u0131ndak\u0131 alternativ s\u0259sidir","publisher":{"@id":"https:\/\/www.meydan.tv\/az\/#organization"},"potentialAction":[{"@type":"SearchAction","target":{"@type":"EntryPoint","urlTemplate":"https:\/\/www.meydan.tv\/az\/?s={search_term_string}"},"query-input":{"@type":"PropertyValueSpecification","valueRequired":true,"valueName":"search_term_string"}}],"inLanguage":"az"},{"@type":"Organization","@id":"https:\/\/www.meydan.tv\/az\/#organization","name":"Meydan TV","url":"https:\/\/www.meydan.tv\/az\/","logo":{"@type":"ImageObject","inLanguage":"az","@id":"https:\/\/www.meydan.tv\/az\/#\/schema\/logo\/image\/","url":"https:\/\/www.meydan.tv\/wp-content\/uploads\/2021\/07\/meydan-logo.svg","contentUrl":"https:\/\/www.meydan.tv\/wp-content\/uploads\/2021\/07\/meydan-logo.svg","width":195,"height":46,"caption":"Meydan TV"},"image":{"@id":"https:\/\/www.meydan.tv\/az\/#\/schema\/logo\/image\/"}},{"@type":"Person","@id":"https:\/\/www.meydan.tv\/az\/#\/schema\/person\/10d11eccf6da3662cf5fdab9806ea91a","name":"user-manager"}]}},"_links":{"self":[{"href":"https:\/\/www.meydan.tv\/az\/wp-json\/wp\/v2\/posts\/198442","targetHints":{"allow":["GET"]}}],"collection":[{"href":"https:\/\/www.meydan.tv\/az\/wp-json\/wp\/v2\/posts"}],"about":[{"href":"https:\/\/www.meydan.tv\/az\/wp-json\/wp\/v2\/types\/post"}],"author":[{"embeddable":true,"href":"https:\/\/www.meydan.tv\/az\/wp-json\/wp\/v2\/users\/11"}],"replies":[{"embeddable":true,"href":"https:\/\/www.meydan.tv\/az\/wp-json\/wp\/v2\/comments?post=198442"}],"version-history":[{"count":0,"href":"https:\/\/www.meydan.tv\/az\/wp-json\/wp\/v2\/posts\/198442\/revisions"}],"wp:featuredmedia":[{"embeddable":true,"href":"https:\/\/www.meydan.tv\/az\/wp-json\/wp\/v2\/media\/134562"}],"wp:attachment":[{"href":"https:\/\/www.meydan.tv\/az\/wp-json\/wp\/v2\/media?parent=198442"}],"wp:term":[{"taxonomy":"category","embeddable":true,"href":"https:\/\/www.meydan.tv\/az\/wp-json\/wp\/v2\/categories?post=198442"},{"taxonomy":"post_tag","embeddable":true,"href":"https:\/\/www.meydan.tv\/az\/wp-json\/wp\/v2\/tags?post=198442"}],"curies":[{"name":"wp","href":"https:\/\/api.w.org\/{rel}","templated":true}]}}