{"id":198426,"date":"2019-12-18T20:37:43","date_gmt":"2019-12-18T20:37:43","guid":{"rendered":"https:\/\/www.meydan.tv\/article\/trampa-qarsi-impicment-sesvermesi-kecirile-biler\/"},"modified":"2019-12-18T20:37:43","modified_gmt":"2019-12-18T20:37:43","slug":"trampa-qarsi-impicment-sesvermesi-kecirile-biler","status":"publish","type":"post","link":"https:\/\/www.meydan.tv\/az\/article\/trampa-qarsi-impicment-sesvermesi-kecirile-biler\/","title":{"rendered":"Trampa qar\u015f\u0131 impi\u00e7ment s\u0259sverm\u0259si ke\u00e7iril\u0259 bil\u0259r"},"content":{"rendered":"<p>\n  <i><br \/>\n    H\u0259r iki madd\u0259nin pozulmas\u0131 Trampa qar\u015f\u0131 qald\u0131r\u0131lm\u0131\u015f r\u0259smi ittihamlard\u0131r<br \/>\n  <\/i>\n<\/p>\n<p>\n  AB\u015e N\u00fcmay\u0259nd\u0259l\u0259r Palatas\u0131n\u0131n spikeri Nensi Pelosi b\u0259yan edib ki, qanunverici palata dekabr\u0131n 18-d\u0259 impi\u00e7menti m\u00fczakir\u0259 etm\u0259k v\u0259 s\u0259s\u0259 qoymaq \u00fc\u00e7\u00fcn toplanacaq. RFE\/RL x\u0259b\u0259r verir ki, prezident Donald Tramp onu &quot;\u00e7evrili\u015f&quot; c\u0259hdind\u0259 ittiham edib v\u0259 deyib ki, o, bununla Amerikan\u0131n demokratiyas\u0131n\u0131 devirir.\n<\/p>\n<p>\n  Dekabr\u0131n 17-d\u0259 yay\u0131mlanan alt\u0131 s\u0259hif\u0259lik m\u0259ktubda Tramp Pelosiy\u0259 deyib ki, &quot;tarix sizi s\u0259rt m\u00fchakim\u0259 ed\u0259c\u0259k&quot;.\n<\/p>\n<p>\n  M\u0259ktub N\u00fcmay\u0259nd\u0259l\u0259r Palatas\u0131n\u0131n qanun layih\u0259l\u0259rin\u0259 n\u0259zar\u0259t ed\u0259n Komit\u0259si alt\u0131 saat davam ed\u0259n m\u00fczakir\u0259ni t\u0259min ed\u0259n qanunvericiliyi t\u0259sdiql\u0259diyi \u00fc\u00e7\u00fcn ictimail\u0259\u015fib. Bundan \u00f6nc\u0259 Trampa qar\u015f\u0131 ir\u0259li s\u00fcr\u00fcl\u0259n impi\u00e7mentl\u0259 ba\u011fl\u0131 iki madd\u0259 s\u0259s\u0259 qoyulub. H\u0259r iki madd\u0259nin pozulmas\u0131 Trampa qar\u015f\u0131 qald\u0131r\u0131lm\u0131\u015f r\u0259smi ittihamlard\u0131r.\n<\/p>\n<p>\n  Pelosi m\u0259ktubunda qeyd edib ki, impi\u00e7ment &quot;Konstitusiya t\u0259r\u0259find\u0259n biz\u0259 veril\u0259n \u0259n b\u00f6y\u00fck s\u0259lahiyy\u0259tl\u0259rd\u0259n biridir&quot; v\u0259 b\u00fct\u00fcn qanunverici orqan\u0131n demokratik \u00fczvl\u0259rini m\u00fczakir\u0259d\u0259 i\u015ftirak etm\u0259y\u0259 \u00e7a\u011f\u0131r\u0131b.\n<\/p>\n<p>\n  Tramp haz\u0131rda v\u0259zif\u0259 s\u0259lahiyy\u0259tl\u0259rind\u0259n sui-istifad\u0259d\u0259 ittiham edilir. Bundan \u0259lav\u0259, o, Ukraynan\u0131 Tramp\u0131n siyasi r\u0259qibl\u0259rin\u0259 qar\u015f\u0131 t\u0259hqiqat aparma\u011fa s\u00f6vq ed\u0259n Konqres\u0259 mane olmaqda ittiham edilir. Tramp h\u0259m\u00e7inin Kiyev\u0259 391 milyon dollarl\u0131q h\u0259rbi yard\u0131m g\u00f6nd\u0259rilm\u0259sini t\u0259xir\u0259 salmaqda t\u0259qsirli bilinir.\n<\/p>\n<p>\n  Tramp\u0131n \u00fczl\u0259\u015f\u0259c\u0259yi ittihamlara g\u0259linc\u0259, Pelosi deyib: &quot;\u00c7ox t\u0259\u0259ss\u00fcf ki, faktlar, prezidentin \u00f6z \u015f\u0259xsi, siyasi m\u0259nafeyi namin\u0259 s\u0259lahiyy\u0259tl\u0259rind\u0259n sui-istifad\u0259 etdiyini g\u00f6st\u0259rir v\u0259 o, Konqres\u0259 mane\u0259 t\u00f6r\u0259d\u0259r\u0259k Konstitusiya v\u0259 Amerika xalq\u0131ndan \u00fcst\u00fcn oldu\u011funu bildirib&quot;.\n<\/p>\n<p>\n  Buna cavab olaraq Tramp m\u0259hk\u0259m\u0259 i\u015finin &quot;qanunsuz, partizan \u00e7evrili\u015find\u0259n ba\u015fqa bir \u015fey olmad\u0131\u011f\u0131n\u0131&quot; deyib.\n<\/p>\n<p>\n  Respublika\u00e7\u0131 Tramp g\u0259l\u0259n il ke\u00e7iril\u0259c\u0259k prezident se\u00e7kil\u0259rind\u0259 yenid\u0259n se\u00e7ilm\u0259k \u00fc\u00e7\u00fcn \u00e7al\u0131\u015f\u0131r.\n<\/p>\n<p>\n  O, h\u0259m\u00e7inin Pelosiy\u0259 bildirib:\n<\/p>\n<p>\n  &quot;Etibars\u0131z impi\u00e7mentiniz\u0259 \u0259lav\u0259 olaraq siz v\u0259zif\u0259nizl\u0259 ba\u011fl\u0131 and\u0131n\u0131z\u0131 v\u0259 Konstitusiyaya etimad\u0131n\u0131z\u0131 pozursunuz v\u0259 bununla siz Amerika demokratiyas\u0131na a\u00e7\u0131q m\u00fcharib\u0259 elan edirsiniz&quot;.\n<\/p>\n<p>\n  Senat\u0131n \u00e7oxluq lideri Mi\u00e7 Mekkonel (Mitch McConnell) dekabr\u0131n 17-d\u0259 yuxar\u0131 palatada ke\u00e7irilmi\u015f m\u0259hk\u0259m\u0259 prosesind\u0259 d\u00f6rd \u015fahidin \u00e7a\u011f\u0131r\u0131lmas\u0131 bar\u0259d\u0259 demokratlar\u0131n t\u0259klifini r\u0259dd edib.\n<\/p>\n<p>\n  Demokratlar ke\u00e7mi\u015f milli t\u0259hl\u00fck\u0259sizlik m\u0259s\u0259l\u0259l\u0259ri \u00fczr\u0259 m\u00fc\u015faviri Con Bolton (John Bolton), A\u011f Evin q\u0259rargah r\u0259isi v\u0259zif\u0259sini icra ed\u0259n Mik Mulveyni (Mick Mulvaney), k\u00f6m\u0259k\u00e7isi Robert Bler (Robert Blair) v\u0259 b\u00fcdc\u0259 r\u0259smisi Maykl Duffeyd\u0259n (Michael Duffey) ifad\u0259 t\u0259l\u0259b edib.\n<\/p>\n<p>\n  McConnell demokratlar t\u0259r\u0259find\u0259n \u015fahidl\u0259rin t\u0259l\u0259b edilm\u0259sini r\u0259dd ed\u0259r\u0259k, bunu q\u0259rib\u0259 ist\u0259k adland\u0131r\u0131b.\n<\/p>\n<p>\n  Senatdak\u0131 \u0259n y\u00fcks\u0259k demokrat senator say\u0131lan \u00c7ak \u015eumer (Chuck Schumer) m\u00fchakim\u0259 zaman\u0131 mill\u0259t v\u0259kill\u0259rinin Tramp\u0131n Ukrayna il\u0259 m\u00fcnasib\u0259tl\u0259ri idar\u0259 etm\u0259si haqq\u0131nda &quot;bilikl\u0259r\u0259&quot; sahib \u015fahidl\u0259rin ifad\u0259l\u0259rin\u0259 qulaq verm\u0259l\u0259ri laz\u0131m oldu\u011funu deyib.\n<\/p>\n<p>\n  Tramp\u0131n Senatdak\u0131 respublika\u00e7\u0131lar t\u0259r\u0259find\u0259n b\u0259ra\u0259t almas\u0131 g\u00f6zl\u0259nilir.<\/p>\n","protected":false},"excerpt":{"rendered":"<p>Tramp\u0131n Senatdak\u0131 respublika\u00e7\u0131lar t\u0259r\u0259find\u0259n b\u0259ra\u0259t almas\u0131 g\u00f6zl\u0259nilir.<\/p>\n","protected":false},"author":11,"featured_media":134529,"comment_status":"closed","ping_status":"open","sticky":false,"template":"","format":"standard","meta":{"_acf_changed":false,"_sitemap_exclude":false,"_sitemap_priority":"","_sitemap_frequency":"","footnotes":""},"categories":[64],"tags":[],"class_list":["post-198426","post","type-post","status-publish","format-standard","has-post-thumbnail","hentry","category-dunya","infinite-scroll-item","generate-columns","tablet-grid-50","mobile-grid-100","grid-parent","grid-33","no-featured-image-padding"],"acf":[],"yoast_head":"<!-- This site is optimized with the Yoast SEO plugin v27.5 - https:\/\/yoast.com\/product\/yoast-seo-wordpress\/ -->\n<title>Trampa qar\u015f\u0131 impi\u00e7ment s\u0259sverm\u0259si ke\u00e7iril\u0259 bil\u0259r - MEYDAN.TV<\/title>\n<meta name=\"robots\" content=\"index, follow, max-snippet:-1, max-image-preview:large, max-video-preview:-1\" \/>\n<link rel=\"canonical\" href=\"https:\/\/www.meydan.tv\/az\/article\/trampa-qarsi-impicment-sesvermesi-kecirile-biler\/\" \/>\n<meta property=\"og:locale\" content=\"az_AZ\" \/>\n<meta property=\"og:type\" content=\"article\" \/>\n<meta property=\"og:title\" content=\"Trampa qar\u015f\u0131 impi\u00e7ment s\u0259sverm\u0259si ke\u00e7iril\u0259 bil\u0259r - MEYDAN.TV\" \/>\n<meta property=\"og:description\" content=\"Tramp\u0131n Senatdak\u0131 respublika\u00e7\u0131lar t\u0259r\u0259find\u0259n b\u0259ra\u0259t almas\u0131 g\u00f6zl\u0259nilir.\" \/>\n<meta property=\"og:url\" content=\"https:\/\/www.meydan.tv\/az\/article\/trampa-qarsi-impicment-sesvermesi-kecirile-biler\/\" \/>\n<meta property=\"og:site_name\" content=\"MEYDAN.TV\" \/>\n<meta property=\"article:published_time\" content=\"2019-12-18T20:37:43+00:00\" \/>\n<meta property=\"og:image\" content=\"https:\/\/www.meydan.tv\/wp-content\/uploads\/415d9d12fd8a6d2.jpg\" \/>\n\t<meta property=\"og:image:width\" content=\"851\" \/>\n\t<meta property=\"og:image:height\" content=\"480\" \/>\n\t<meta property=\"og:image:type\" content=\"image\/jpeg\" \/>\n<meta name=\"author\" content=\"user-manager\" \/>\n<meta name=\"twitter:card\" content=\"summary_large_image\" \/>\n<script type=\"application\/ld+json\" class=\"yoast-schema-graph\">{\"@context\":\"https:\\\/\\\/schema.org\",\"@graph\":[{\"@type\":\"Article\",\"@id\":\"https:\\\/\\\/www.meydan.tv\\\/az\\\/article\\\/trampa-qarsi-impicment-sesvermesi-kecirile-biler\\\/#article\",\"isPartOf\":{\"@id\":\"https:\\\/\\\/www.meydan.tv\\\/az\\\/article\\\/trampa-qarsi-impicment-sesvermesi-kecirile-biler\\\/\"},\"author\":{\"name\":\"user-manager\",\"@id\":\"https:\\\/\\\/www.meydan.tv\\\/az\\\/#\\\/schema\\\/person\\\/10d11eccf6da3662cf5fdab9806ea91a\"},\"headline\":\"Trampa qar\u015f\u0131 impi\u00e7ment s\u0259sverm\u0259si ke\u00e7iril\u0259 bil\u0259r\",\"datePublished\":\"2019-12-18T20:37:43+00:00\",\"mainEntityOfPage\":{\"@id\":\"https:\\\/\\\/www.meydan.tv\\\/az\\\/article\\\/trampa-qarsi-impicment-sesvermesi-kecirile-biler\\\/\"},\"wordCount\":623,\"publisher\":{\"@id\":\"https:\\\/\\\/www.meydan.tv\\\/az\\\/#organization\"},\"image\":{\"@id\":\"https:\\\/\\\/www.meydan.tv\\\/az\\\/article\\\/trampa-qarsi-impicment-sesvermesi-kecirile-biler\\\/#primaryimage\"},\"thumbnailUrl\":\"https:\\\/\\\/www.meydan.tv\\\/wp-content\\\/uploads\\\/415d9d12fd8a6d2.jpg\",\"articleSection\":[\"D\u00fcnya\"],\"inLanguage\":\"az\"},{\"@type\":\"WebPage\",\"@id\":\"https:\\\/\\\/www.meydan.tv\\\/az\\\/article\\\/trampa-qarsi-impicment-sesvermesi-kecirile-biler\\\/\",\"url\":\"https:\\\/\\\/www.meydan.tv\\\/az\\\/article\\\/trampa-qarsi-impicment-sesvermesi-kecirile-biler\\\/\",\"name\":\"Trampa qar\u015f\u0131 impi\u00e7ment s\u0259sverm\u0259si ke\u00e7iril\u0259 bil\u0259r - MEYDAN.TV\",\"isPartOf\":{\"@id\":\"https:\\\/\\\/www.meydan.tv\\\/az\\\/#website\"},\"primaryImageOfPage\":{\"@id\":\"https:\\\/\\\/www.meydan.tv\\\/az\\\/article\\\/trampa-qarsi-impicment-sesvermesi-kecirile-biler\\\/#primaryimage\"},\"image\":{\"@id\":\"https:\\\/\\\/www.meydan.tv\\\/az\\\/article\\\/trampa-qarsi-impicment-sesvermesi-kecirile-biler\\\/#primaryimage\"},\"thumbnailUrl\":\"https:\\\/\\\/www.meydan.tv\\\/wp-content\\\/uploads\\\/415d9d12fd8a6d2.jpg\",\"datePublished\":\"2019-12-18T20:37:43+00:00\",\"breadcrumb\":{\"@id\":\"https:\\\/\\\/www.meydan.tv\\\/az\\\/article\\\/trampa-qarsi-impicment-sesvermesi-kecirile-biler\\\/#breadcrumb\"},\"inLanguage\":\"az\",\"potentialAction\":[{\"@type\":\"ReadAction\",\"target\":[\"https:\\\/\\\/www.meydan.tv\\\/az\\\/article\\\/trampa-qarsi-impicment-sesvermesi-kecirile-biler\\\/\"]}]},{\"@type\":\"ImageObject\",\"inLanguage\":\"az\",\"@id\":\"https:\\\/\\\/www.meydan.tv\\\/az\\\/article\\\/trampa-qarsi-impicment-sesvermesi-kecirile-biler\\\/#primaryimage\",\"url\":\"https:\\\/\\\/www.meydan.tv\\\/wp-content\\\/uploads\\\/415d9d12fd8a6d2.jpg\",\"contentUrl\":\"https:\\\/\\\/www.meydan.tv\\\/wp-content\\\/uploads\\\/415d9d12fd8a6d2.jpg\",\"width\":851,\"height\":480,\"caption\":\"Foto: arxiv\"},{\"@type\":\"BreadcrumbList\",\"@id\":\"https:\\\/\\\/www.meydan.tv\\\/az\\\/article\\\/trampa-qarsi-impicment-sesvermesi-kecirile-biler\\\/#breadcrumb\",\"itemListElement\":[{\"@type\":\"ListItem\",\"position\":1,\"name\":\"Ana s\u0259hif\u0259\",\"item\":\"https:\\\/\\\/www.meydan.tv\\\/az\\\/\"},{\"@type\":\"ListItem\",\"position\":2,\"name\":\"D\u00fcnya\",\"item\":\"https:\\\/\\\/www.meydan.tv\\\/az\\\/section\\\/dunya\\\/\"},{\"@type\":\"ListItem\",\"position\":3,\"name\":\"Trampa qar\u015f\u0131 impi\u00e7ment s\u0259sverm\u0259si ke\u00e7iril\u0259 bil\u0259r\"}]},{\"@type\":\"WebSite\",\"@id\":\"https:\\\/\\\/www.meydan.tv\\\/az\\\/#website\",\"url\":\"https:\\\/\\\/www.meydan.tv\\\/az\\\/\",\"name\":\"MEYDAN.TV\",\"description\":\"Meydan TV Az\u0259rbaycan\u0131n media m\u0259kan\u0131ndak\u0131 alternativ s\u0259sidir\",\"publisher\":{\"@id\":\"https:\\\/\\\/www.meydan.tv\\\/az\\\/#organization\"},\"potentialAction\":[{\"@type\":\"SearchAction\",\"target\":{\"@type\":\"EntryPoint\",\"urlTemplate\":\"https:\\\/\\\/www.meydan.tv\\\/az\\\/?s={search_term_string}\"},\"query-input\":{\"@type\":\"PropertyValueSpecification\",\"valueRequired\":true,\"valueName\":\"search_term_string\"}}],\"inLanguage\":\"az\"},{\"@type\":\"Organization\",\"@id\":\"https:\\\/\\\/www.meydan.tv\\\/az\\\/#organization\",\"name\":\"Meydan TV\",\"url\":\"https:\\\/\\\/www.meydan.tv\\\/az\\\/\",\"logo\":{\"@type\":\"ImageObject\",\"inLanguage\":\"az\",\"@id\":\"https:\\\/\\\/www.meydan.tv\\\/az\\\/#\\\/schema\\\/logo\\\/image\\\/\",\"url\":\"https:\\\/\\\/www.meydan.tv\\\/wp-content\\\/uploads\\\/2021\\\/07\\\/meydan-logo.svg\",\"contentUrl\":\"https:\\\/\\\/www.meydan.tv\\\/wp-content\\\/uploads\\\/2021\\\/07\\\/meydan-logo.svg\",\"width\":195,\"height\":46,\"caption\":\"Meydan TV\"},\"image\":{\"@id\":\"https:\\\/\\\/www.meydan.tv\\\/az\\\/#\\\/schema\\\/logo\\\/image\\\/\"}},{\"@type\":\"Person\",\"@id\":\"https:\\\/\\\/www.meydan.tv\\\/az\\\/#\\\/schema\\\/person\\\/10d11eccf6da3662cf5fdab9806ea91a\",\"name\":\"user-manager\"}]}<\/script>\n<!-- \/ Yoast SEO plugin. -->","yoast_head_json":{"title":"Trampa qar\u015f\u0131 impi\u00e7ment s\u0259sverm\u0259si ke\u00e7iril\u0259 bil\u0259r - MEYDAN.TV","robots":{"index":"index","follow":"follow","max-snippet":"max-snippet:-1","max-image-preview":"max-image-preview:large","max-video-preview":"max-video-preview:-1"},"canonical":"https:\/\/www.meydan.tv\/az\/article\/trampa-qarsi-impicment-sesvermesi-kecirile-biler\/","og_locale":"az_AZ","og_type":"article","og_title":"Trampa qar\u015f\u0131 impi\u00e7ment s\u0259sverm\u0259si ke\u00e7iril\u0259 bil\u0259r - MEYDAN.TV","og_description":"Tramp\u0131n Senatdak\u0131 respublika\u00e7\u0131lar t\u0259r\u0259find\u0259n b\u0259ra\u0259t almas\u0131 g\u00f6zl\u0259nilir.","og_url":"https:\/\/www.meydan.tv\/az\/article\/trampa-qarsi-impicment-sesvermesi-kecirile-biler\/","og_site_name":"MEYDAN.TV","article_published_time":"2019-12-18T20:37:43+00:00","og_image":[{"width":851,"height":480,"url":"https:\/\/www.meydan.tv\/wp-content\/uploads\/415d9d12fd8a6d2.jpg","type":"image\/jpeg"}],"author":"user-manager","twitter_card":"summary_large_image","schema":{"@context":"https:\/\/schema.org","@graph":[{"@type":"Article","@id":"https:\/\/www.meydan.tv\/az\/article\/trampa-qarsi-impicment-sesvermesi-kecirile-biler\/#article","isPartOf":{"@id":"https:\/\/www.meydan.tv\/az\/article\/trampa-qarsi-impicment-sesvermesi-kecirile-biler\/"},"author":{"name":"user-manager","@id":"https:\/\/www.meydan.tv\/az\/#\/schema\/person\/10d11eccf6da3662cf5fdab9806ea91a"},"headline":"Trampa qar\u015f\u0131 impi\u00e7ment s\u0259sverm\u0259si ke\u00e7iril\u0259 bil\u0259r","datePublished":"2019-12-18T20:37:43+00:00","mainEntityOfPage":{"@id":"https:\/\/www.meydan.tv\/az\/article\/trampa-qarsi-impicment-sesvermesi-kecirile-biler\/"},"wordCount":623,"publisher":{"@id":"https:\/\/www.meydan.tv\/az\/#organization"},"image":{"@id":"https:\/\/www.meydan.tv\/az\/article\/trampa-qarsi-impicment-sesvermesi-kecirile-biler\/#primaryimage"},"thumbnailUrl":"https:\/\/www.meydan.tv\/wp-content\/uploads\/415d9d12fd8a6d2.jpg","articleSection":["D\u00fcnya"],"inLanguage":"az"},{"@type":"WebPage","@id":"https:\/\/www.meydan.tv\/az\/article\/trampa-qarsi-impicment-sesvermesi-kecirile-biler\/","url":"https:\/\/www.meydan.tv\/az\/article\/trampa-qarsi-impicment-sesvermesi-kecirile-biler\/","name":"Trampa qar\u015f\u0131 impi\u00e7ment s\u0259sverm\u0259si ke\u00e7iril\u0259 bil\u0259r - MEYDAN.TV","isPartOf":{"@id":"https:\/\/www.meydan.tv\/az\/#website"},"primaryImageOfPage":{"@id":"https:\/\/www.meydan.tv\/az\/article\/trampa-qarsi-impicment-sesvermesi-kecirile-biler\/#primaryimage"},"image":{"@id":"https:\/\/www.meydan.tv\/az\/article\/trampa-qarsi-impicment-sesvermesi-kecirile-biler\/#primaryimage"},"thumbnailUrl":"https:\/\/www.meydan.tv\/wp-content\/uploads\/415d9d12fd8a6d2.jpg","datePublished":"2019-12-18T20:37:43+00:00","breadcrumb":{"@id":"https:\/\/www.meydan.tv\/az\/article\/trampa-qarsi-impicment-sesvermesi-kecirile-biler\/#breadcrumb"},"inLanguage":"az","potentialAction":[{"@type":"ReadAction","target":["https:\/\/www.meydan.tv\/az\/article\/trampa-qarsi-impicment-sesvermesi-kecirile-biler\/"]}]},{"@type":"ImageObject","inLanguage":"az","@id":"https:\/\/www.meydan.tv\/az\/article\/trampa-qarsi-impicment-sesvermesi-kecirile-biler\/#primaryimage","url":"https:\/\/www.meydan.tv\/wp-content\/uploads\/415d9d12fd8a6d2.jpg","contentUrl":"https:\/\/www.meydan.tv\/wp-content\/uploads\/415d9d12fd8a6d2.jpg","width":851,"height":480,"caption":"Foto: arxiv"},{"@type":"BreadcrumbList","@id":"https:\/\/www.meydan.tv\/az\/article\/trampa-qarsi-impicment-sesvermesi-kecirile-biler\/#breadcrumb","itemListElement":[{"@type":"ListItem","position":1,"name":"Ana s\u0259hif\u0259","item":"https:\/\/www.meydan.tv\/az\/"},{"@type":"ListItem","position":2,"name":"D\u00fcnya","item":"https:\/\/www.meydan.tv\/az\/section\/dunya\/"},{"@type":"ListItem","position":3,"name":"Trampa qar\u015f\u0131 impi\u00e7ment s\u0259sverm\u0259si ke\u00e7iril\u0259 bil\u0259r"}]},{"@type":"WebSite","@id":"https:\/\/www.meydan.tv\/az\/#website","url":"https:\/\/www.meydan.tv\/az\/","name":"MEYDAN.TV","description":"Meydan TV Az\u0259rbaycan\u0131n media m\u0259kan\u0131ndak\u0131 alternativ s\u0259sidir","publisher":{"@id":"https:\/\/www.meydan.tv\/az\/#organization"},"potentialAction":[{"@type":"SearchAction","target":{"@type":"EntryPoint","urlTemplate":"https:\/\/www.meydan.tv\/az\/?s={search_term_string}"},"query-input":{"@type":"PropertyValueSpecification","valueRequired":true,"valueName":"search_term_string"}}],"inLanguage":"az"},{"@type":"Organization","@id":"https:\/\/www.meydan.tv\/az\/#organization","name":"Meydan TV","url":"https:\/\/www.meydan.tv\/az\/","logo":{"@type":"ImageObject","inLanguage":"az","@id":"https:\/\/www.meydan.tv\/az\/#\/schema\/logo\/image\/","url":"https:\/\/www.meydan.tv\/wp-content\/uploads\/2021\/07\/meydan-logo.svg","contentUrl":"https:\/\/www.meydan.tv\/wp-content\/uploads\/2021\/07\/meydan-logo.svg","width":195,"height":46,"caption":"Meydan TV"},"image":{"@id":"https:\/\/www.meydan.tv\/az\/#\/schema\/logo\/image\/"}},{"@type":"Person","@id":"https:\/\/www.meydan.tv\/az\/#\/schema\/person\/10d11eccf6da3662cf5fdab9806ea91a","name":"user-manager"}]}},"_links":{"self":[{"href":"https:\/\/www.meydan.tv\/az\/wp-json\/wp\/v2\/posts\/198426","targetHints":{"allow":["GET"]}}],"collection":[{"href":"https:\/\/www.meydan.tv\/az\/wp-json\/wp\/v2\/posts"}],"about":[{"href":"https:\/\/www.meydan.tv\/az\/wp-json\/wp\/v2\/types\/post"}],"author":[{"embeddable":true,"href":"https:\/\/www.meydan.tv\/az\/wp-json\/wp\/v2\/users\/11"}],"replies":[{"embeddable":true,"href":"https:\/\/www.meydan.tv\/az\/wp-json\/wp\/v2\/comments?post=198426"}],"version-history":[{"count":0,"href":"https:\/\/www.meydan.tv\/az\/wp-json\/wp\/v2\/posts\/198426\/revisions"}],"wp:featuredmedia":[{"embeddable":true,"href":"https:\/\/www.meydan.tv\/az\/wp-json\/wp\/v2\/media\/134529"}],"wp:attachment":[{"href":"https:\/\/www.meydan.tv\/az\/wp-json\/wp\/v2\/media?parent=198426"}],"wp:term":[{"taxonomy":"category","embeddable":true,"href":"https:\/\/www.meydan.tv\/az\/wp-json\/wp\/v2\/categories?post=198426"},{"taxonomy":"post_tag","embeddable":true,"href":"https:\/\/www.meydan.tv\/az\/wp-json\/wp\/v2\/tags?post=198426"}],"curies":[{"name":"wp","href":"https:\/\/api.w.org\/{rel}","templated":true}]}}