{"id":198409,"date":"2019-12-17T20:07:07","date_gmt":"2019-12-17T20:07:07","guid":{"rendered":"https:\/\/www.meydan.tv\/article\/departament-ermeni-genosidi-qanun-layihesi-abs-siyaseti-deyil\/"},"modified":"2019-12-17T20:07:07","modified_gmt":"2019-12-17T20:07:07","slug":"departament-ermeni-genosidi-qanun-layihesi-abs-siyaseti-deyil","status":"publish","type":"post","link":"https:\/\/www.meydan.tv\/az\/article\/departament-ermeni-genosidi-qanun-layihesi-abs-siyaseti-deyil\/","title":{"rendered":"Departament: \u201cErm\u0259ni genosidi\u201d qanun layih\u0259si AB\u015e siyas\u0259ti deyil"},"content":{"rendered":"<p>\n  <i><br \/>\n    \u201cBizim bax\u0131\u015flar\u0131m\u0131z prezidentin \u00f6t\u0259n ilin aprel ay\u0131ndan bu m\u00f6vzuda s\u0259sl\u0259ndirilmi\u015f a\u00e7\u0131qlamas\u0131nda \u00f6z \u0259ksini tap\u0131b\u201d<br \/>\n  <\/i>\n<\/p>\n<p>\n  AB\u015e D\u00f6vl\u0259t Departamenti dekabr\u0131n 17-d\u0259 bildirib ki, konqresd\u0259 erm\u0259ni soyq\u0131r\u0131m\u0131n\u0131 tan\u0131maq \u00fc\u00e7\u00fcn at\u0131lan son add\u0131m AB\u015e prezidenti Donald Tramp administrasiyas\u0131n\u0131n siyas\u0259tini \u0259ks etdirmir, &#8211; AFP x\u0259b\u0259r verir.\n<\/p>\n<p>\n  Q\u0131sa b\u0259yanatda departament bildirib ki, Tramp administrasiyas\u0131n\u0131n erm\u0259ni soyq\u0131r\u0131m\u0131 il\u0259 ba\u011fl\u0131 m\u00f6vqeyi d\u0259yi\u015fm\u0259z olaraq qal\u0131r.\n<\/p>\n<p>\n  Senat ke\u00e7\u0259n h\u0259ft\u0259 Osmanl\u0131 t\u00fcrkl\u0259ri t\u0259r\u0259find\u0259n 1 milyondan \u00e7ox erm\u0259ninin k\u00fctl\u0259vi q\u0259tlini soyq\u0131r\u0131m kimi tan\u0131maq \u00fc\u00e7\u00fcn yekdillikl\u0259 s\u0259s verib. N\u00fcmay\u0259nd\u0259l\u0259r palatas\u0131 bundan \u00f6nc\u0259 eyniadl\u0131 qanun layih\u0259sini q\u0259bul etmi\u015fdi v\u0259 qanunverici qurumun bu add\u0131m\u0131 o zaman da AB\u015e-\u0131n NATO m\u00fctt\u0259fiqi T\u00fcrkiy\u0259nin k\u0259skin etiraz\u0131na s\u0259b\u0259b olmu\u015fdu.\n<\/p>\n<p>\n  \u201cAdministrasiyan\u0131n m\u00f6vqeyi d\u0259yi\u015fm\u0259yib\u201d,- departamentin s\u00f6zc\u00fcs\u00fc Morgan Ortagus iki c\u00fcml\u0259lik \u015f\u0259rhind\u0259 bildirib:\n<\/p>\n<p>\n  \u201cBizim bax\u0131\u015flar\u0131m\u0131z prezidentin \u00f6t\u0259n ilin aprel ay\u0131ndan bu m\u00f6vzuda s\u0259sl\u0259ndirilmi\u015f a\u00e7\u0131qlamas\u0131nda \u00f6z \u0259ksini tap\u0131b\u201d.\n<\/p>\n<p>\n  24 apreld\u0259 Prezident Donald Tramp \u201cErm\u0259ni Anma G\u00fcn\u00fc\u201dn\u00fc \u00f6z b\u0259yanat\u0131nda xat\u0131rlatm\u0131\u015f v\u0259 \u201c20-ci \u0259srin \u0259n a\u011f\u0131r k\u00fctl\u0259vi v\u0259h\u015filikl\u0259rind\u0259n birind\u0259 \u0259ziyy\u0259t \u00e7\u0259k\u0259nl\u0259rin xatir\u0259sini\u201d h\u00f6rm\u0259tl\u0259 anm\u0131\u015fd\u0131. Uzun m\u00fcdd\u0259tdir davam ed\u0259n AB\u015e siyas\u0259tin\u0259 uy\u011fun olaraq onun b\u0259yanat\u0131nda da \u201csoyq\u0131r\u0131m\u201d ifad\u0259sind\u0259n istifad\u0259 edilm\u0259mi\u015fdi.\n<\/p>\n<p>\n  Bundan \u00f6nc\u0259 Senatda Ankaran\u0131n Suriyadak\u0131 h\u00fccumuna v\u0259 Rusiyaya m\u0259xsus S-400 raket sistemini sat\u0131n almas\u0131na reaksiya olaraq T\u00fcrkiy\u0259y\u0259 sanksiya t\u0259tbiq edilm\u0259si il\u0259 ba\u011fl\u0131 s\u0259sverm\u0259 olmu\u015fdu.\n<\/p>\n<p>\n  Bununla art\u0131q bir ne\u00e7\u0259 d\u0259f\u0259dir ki, Konqres t\u0259r\u0259find\u0259n Tramp administrasiyas\u0131 T\u00fcrkiy\u0259 Prezidenti R\u0259c\u0259b Tayyib \u018frdo\u011fana qar\u015f\u0131 daha s\u0259rt \u00e7\u0131x\u0131\u015f etm\u0259y\u0259 m\u0259cbur edilir.<\/p>\n","protected":false},"excerpt":{"rendered":"<p>Senat ke\u00e7\u0259n h\u0259ft\u0259 Osmanl\u0131 t\u00fcrkl\u0259ri t\u0259r\u0259find\u0259n 1 milyondan \u00e7ox erm\u0259ninin k\u00fctl\u0259vi q\u0259tlini soyq\u0131r\u0131m kimi tan\u0131maq \u00fc\u00e7\u00fcn yekdillikl\u0259 s\u0259s verib.<\/p>\n","protected":false},"author":11,"featured_media":97918,"comment_status":"closed","ping_status":"open","sticky":false,"template":"","format":"standard","meta":{"_acf_changed":false,"_sitemap_exclude":false,"_sitemap_priority":"","_sitemap_frequency":"","footnotes":""},"categories":[64],"tags":[],"class_list":["post-198409","post","type-post","status-publish","format-standard","has-post-thumbnail","hentry","category-dunya","infinite-scroll-item","generate-columns","tablet-grid-50","mobile-grid-100","grid-parent","grid-33","no-featured-image-padding"],"acf":[],"yoast_head":"<!-- This site is optimized with the Yoast SEO plugin v27.5 - https:\/\/yoast.com\/product\/yoast-seo-wordpress\/ -->\n<title>Departament: \u201cErm\u0259ni genosidi\u201d qanun layih\u0259si AB\u015e siyas\u0259ti deyil - MEYDAN.TV<\/title>\n<meta name=\"robots\" content=\"index, follow, max-snippet:-1, max-image-preview:large, max-video-preview:-1\" \/>\n<link rel=\"canonical\" href=\"https:\/\/www.meydan.tv\/az\/article\/departament-ermeni-genosidi-qanun-layihesi-abs-siyaseti-deyil\/\" \/>\n<meta property=\"og:locale\" content=\"az_AZ\" \/>\n<meta property=\"og:type\" content=\"article\" \/>\n<meta property=\"og:title\" content=\"Departament: \u201cErm\u0259ni genosidi\u201d qanun layih\u0259si AB\u015e siyas\u0259ti deyil - MEYDAN.TV\" \/>\n<meta property=\"og:description\" content=\"Senat ke\u00e7\u0259n h\u0259ft\u0259 Osmanl\u0131 t\u00fcrkl\u0259ri t\u0259r\u0259find\u0259n 1 milyondan \u00e7ox erm\u0259ninin k\u00fctl\u0259vi q\u0259tlini soyq\u0131r\u0131m kimi tan\u0131maq \u00fc\u00e7\u00fcn yekdillikl\u0259 s\u0259s verib.\" \/>\n<meta property=\"og:url\" content=\"https:\/\/www.meydan.tv\/az\/article\/departament-ermeni-genosidi-qanun-layihesi-abs-siyaseti-deyil\/\" \/>\n<meta property=\"og:site_name\" content=\"MEYDAN.TV\" \/>\n<meta property=\"article:published_time\" content=\"2019-12-17T20:07:07+00:00\" \/>\n<meta property=\"og:image\" content=\"https:\/\/www.meydan.tv\/wp-content\/uploads\/38700.jpg\" \/>\n\t<meta property=\"og:image:width\" content=\"630\" \/>\n\t<meta property=\"og:image:height\" content=\"354\" \/>\n\t<meta property=\"og:image:type\" content=\"image\/jpeg\" \/>\n<meta name=\"author\" content=\"user-manager\" \/>\n<meta name=\"twitter:card\" content=\"summary_large_image\" \/>\n<script type=\"application\/ld+json\" class=\"yoast-schema-graph\">{\"@context\":\"https:\\\/\\\/schema.org\",\"@graph\":[{\"@type\":\"Article\",\"@id\":\"https:\\\/\\\/www.meydan.tv\\\/az\\\/article\\\/departament-ermeni-genosidi-qanun-layihesi-abs-siyaseti-deyil\\\/#article\",\"isPartOf\":{\"@id\":\"https:\\\/\\\/www.meydan.tv\\\/az\\\/article\\\/departament-ermeni-genosidi-qanun-layihesi-abs-siyaseti-deyil\\\/\"},\"author\":{\"name\":\"user-manager\",\"@id\":\"https:\\\/\\\/www.meydan.tv\\\/az\\\/#\\\/schema\\\/person\\\/10d11eccf6da3662cf5fdab9806ea91a\"},\"headline\":\"Departament: \u201cErm\u0259ni genosidi\u201d qanun layih\u0259si AB\u015e siyas\u0259ti deyil\",\"datePublished\":\"2019-12-17T20:07:07+00:00\",\"mainEntityOfPage\":{\"@id\":\"https:\\\/\\\/www.meydan.tv\\\/az\\\/article\\\/departament-ermeni-genosidi-qanun-layihesi-abs-siyaseti-deyil\\\/\"},\"wordCount\":371,\"publisher\":{\"@id\":\"https:\\\/\\\/www.meydan.tv\\\/az\\\/#organization\"},\"image\":{\"@id\":\"https:\\\/\\\/www.meydan.tv\\\/az\\\/article\\\/departament-ermeni-genosidi-qanun-layihesi-abs-siyaseti-deyil\\\/#primaryimage\"},\"thumbnailUrl\":\"https:\\\/\\\/www.meydan.tv\\\/wp-content\\\/uploads\\\/38700.jpg\",\"articleSection\":[\"D\u00fcnya\"],\"inLanguage\":\"az\"},{\"@type\":\"WebPage\",\"@id\":\"https:\\\/\\\/www.meydan.tv\\\/az\\\/article\\\/departament-ermeni-genosidi-qanun-layihesi-abs-siyaseti-deyil\\\/\",\"url\":\"https:\\\/\\\/www.meydan.tv\\\/az\\\/article\\\/departament-ermeni-genosidi-qanun-layihesi-abs-siyaseti-deyil\\\/\",\"name\":\"Departament: \u201cErm\u0259ni genosidi\u201d qanun layih\u0259si AB\u015e siyas\u0259ti deyil - MEYDAN.TV\",\"isPartOf\":{\"@id\":\"https:\\\/\\\/www.meydan.tv\\\/az\\\/#website\"},\"primaryImageOfPage\":{\"@id\":\"https:\\\/\\\/www.meydan.tv\\\/az\\\/article\\\/departament-ermeni-genosidi-qanun-layihesi-abs-siyaseti-deyil\\\/#primaryimage\"},\"image\":{\"@id\":\"https:\\\/\\\/www.meydan.tv\\\/az\\\/article\\\/departament-ermeni-genosidi-qanun-layihesi-abs-siyaseti-deyil\\\/#primaryimage\"},\"thumbnailUrl\":\"https:\\\/\\\/www.meydan.tv\\\/wp-content\\\/uploads\\\/38700.jpg\",\"datePublished\":\"2019-12-17T20:07:07+00:00\",\"breadcrumb\":{\"@id\":\"https:\\\/\\\/www.meydan.tv\\\/az\\\/article\\\/departament-ermeni-genosidi-qanun-layihesi-abs-siyaseti-deyil\\\/#breadcrumb\"},\"inLanguage\":\"az\",\"potentialAction\":[{\"@type\":\"ReadAction\",\"target\":[\"https:\\\/\\\/www.meydan.tv\\\/az\\\/article\\\/departament-ermeni-genosidi-qanun-layihesi-abs-siyaseti-deyil\\\/\"]}]},{\"@type\":\"ImageObject\",\"inLanguage\":\"az\",\"@id\":\"https:\\\/\\\/www.meydan.tv\\\/az\\\/article\\\/departament-ermeni-genosidi-qanun-layihesi-abs-siyaseti-deyil\\\/#primaryimage\",\"url\":\"https:\\\/\\\/www.meydan.tv\\\/wp-content\\\/uploads\\\/38700.jpg\",\"contentUrl\":\"https:\\\/\\\/www.meydan.tv\\\/wp-content\\\/uploads\\\/38700.jpg\",\"width\":630,\"height\":354,\"caption\":\"AB\u015e D\u00f6vl\u0259t Departamenti\"},{\"@type\":\"BreadcrumbList\",\"@id\":\"https:\\\/\\\/www.meydan.tv\\\/az\\\/article\\\/departament-ermeni-genosidi-qanun-layihesi-abs-siyaseti-deyil\\\/#breadcrumb\",\"itemListElement\":[{\"@type\":\"ListItem\",\"position\":1,\"name\":\"Ana s\u0259hif\u0259\",\"item\":\"https:\\\/\\\/www.meydan.tv\\\/az\\\/\"},{\"@type\":\"ListItem\",\"position\":2,\"name\":\"D\u00fcnya\",\"item\":\"https:\\\/\\\/www.meydan.tv\\\/az\\\/section\\\/dunya\\\/\"},{\"@type\":\"ListItem\",\"position\":3,\"name\":\"Departament: \u201cErm\u0259ni genosidi\u201d qanun layih\u0259si AB\u015e siyas\u0259ti deyil\"}]},{\"@type\":\"WebSite\",\"@id\":\"https:\\\/\\\/www.meydan.tv\\\/az\\\/#website\",\"url\":\"https:\\\/\\\/www.meydan.tv\\\/az\\\/\",\"name\":\"MEYDAN.TV\",\"description\":\"Meydan TV Az\u0259rbaycan\u0131n media m\u0259kan\u0131ndak\u0131 alternativ s\u0259sidir\",\"publisher\":{\"@id\":\"https:\\\/\\\/www.meydan.tv\\\/az\\\/#organization\"},\"potentialAction\":[{\"@type\":\"SearchAction\",\"target\":{\"@type\":\"EntryPoint\",\"urlTemplate\":\"https:\\\/\\\/www.meydan.tv\\\/az\\\/?s={search_term_string}\"},\"query-input\":{\"@type\":\"PropertyValueSpecification\",\"valueRequired\":true,\"valueName\":\"search_term_string\"}}],\"inLanguage\":\"az\"},{\"@type\":\"Organization\",\"@id\":\"https:\\\/\\\/www.meydan.tv\\\/az\\\/#organization\",\"name\":\"Meydan TV\",\"url\":\"https:\\\/\\\/www.meydan.tv\\\/az\\\/\",\"logo\":{\"@type\":\"ImageObject\",\"inLanguage\":\"az\",\"@id\":\"https:\\\/\\\/www.meydan.tv\\\/az\\\/#\\\/schema\\\/logo\\\/image\\\/\",\"url\":\"https:\\\/\\\/www.meydan.tv\\\/wp-content\\\/uploads\\\/2021\\\/07\\\/meydan-logo.svg\",\"contentUrl\":\"https:\\\/\\\/www.meydan.tv\\\/wp-content\\\/uploads\\\/2021\\\/07\\\/meydan-logo.svg\",\"width\":195,\"height\":46,\"caption\":\"Meydan TV\"},\"image\":{\"@id\":\"https:\\\/\\\/www.meydan.tv\\\/az\\\/#\\\/schema\\\/logo\\\/image\\\/\"}},{\"@type\":\"Person\",\"@id\":\"https:\\\/\\\/www.meydan.tv\\\/az\\\/#\\\/schema\\\/person\\\/10d11eccf6da3662cf5fdab9806ea91a\",\"name\":\"user-manager\"}]}<\/script>\n<!-- \/ Yoast SEO plugin. -->","yoast_head_json":{"title":"Departament: \u201cErm\u0259ni genosidi\u201d qanun layih\u0259si AB\u015e siyas\u0259ti deyil - MEYDAN.TV","robots":{"index":"index","follow":"follow","max-snippet":"max-snippet:-1","max-image-preview":"max-image-preview:large","max-video-preview":"max-video-preview:-1"},"canonical":"https:\/\/www.meydan.tv\/az\/article\/departament-ermeni-genosidi-qanun-layihesi-abs-siyaseti-deyil\/","og_locale":"az_AZ","og_type":"article","og_title":"Departament: \u201cErm\u0259ni genosidi\u201d qanun layih\u0259si AB\u015e siyas\u0259ti deyil - MEYDAN.TV","og_description":"Senat ke\u00e7\u0259n h\u0259ft\u0259 Osmanl\u0131 t\u00fcrkl\u0259ri t\u0259r\u0259find\u0259n 1 milyondan \u00e7ox erm\u0259ninin k\u00fctl\u0259vi q\u0259tlini soyq\u0131r\u0131m kimi tan\u0131maq \u00fc\u00e7\u00fcn yekdillikl\u0259 s\u0259s verib.","og_url":"https:\/\/www.meydan.tv\/az\/article\/departament-ermeni-genosidi-qanun-layihesi-abs-siyaseti-deyil\/","og_site_name":"MEYDAN.TV","article_published_time":"2019-12-17T20:07:07+00:00","og_image":[{"width":630,"height":354,"url":"https:\/\/www.meydan.tv\/wp-content\/uploads\/38700.jpg","type":"image\/jpeg"}],"author":"user-manager","twitter_card":"summary_large_image","schema":{"@context":"https:\/\/schema.org","@graph":[{"@type":"Article","@id":"https:\/\/www.meydan.tv\/az\/article\/departament-ermeni-genosidi-qanun-layihesi-abs-siyaseti-deyil\/#article","isPartOf":{"@id":"https:\/\/www.meydan.tv\/az\/article\/departament-ermeni-genosidi-qanun-layihesi-abs-siyaseti-deyil\/"},"author":{"name":"user-manager","@id":"https:\/\/www.meydan.tv\/az\/#\/schema\/person\/10d11eccf6da3662cf5fdab9806ea91a"},"headline":"Departament: \u201cErm\u0259ni genosidi\u201d qanun layih\u0259si AB\u015e siyas\u0259ti deyil","datePublished":"2019-12-17T20:07:07+00:00","mainEntityOfPage":{"@id":"https:\/\/www.meydan.tv\/az\/article\/departament-ermeni-genosidi-qanun-layihesi-abs-siyaseti-deyil\/"},"wordCount":371,"publisher":{"@id":"https:\/\/www.meydan.tv\/az\/#organization"},"image":{"@id":"https:\/\/www.meydan.tv\/az\/article\/departament-ermeni-genosidi-qanun-layihesi-abs-siyaseti-deyil\/#primaryimage"},"thumbnailUrl":"https:\/\/www.meydan.tv\/wp-content\/uploads\/38700.jpg","articleSection":["D\u00fcnya"],"inLanguage":"az"},{"@type":"WebPage","@id":"https:\/\/www.meydan.tv\/az\/article\/departament-ermeni-genosidi-qanun-layihesi-abs-siyaseti-deyil\/","url":"https:\/\/www.meydan.tv\/az\/article\/departament-ermeni-genosidi-qanun-layihesi-abs-siyaseti-deyil\/","name":"Departament: \u201cErm\u0259ni genosidi\u201d qanun layih\u0259si AB\u015e siyas\u0259ti deyil - MEYDAN.TV","isPartOf":{"@id":"https:\/\/www.meydan.tv\/az\/#website"},"primaryImageOfPage":{"@id":"https:\/\/www.meydan.tv\/az\/article\/departament-ermeni-genosidi-qanun-layihesi-abs-siyaseti-deyil\/#primaryimage"},"image":{"@id":"https:\/\/www.meydan.tv\/az\/article\/departament-ermeni-genosidi-qanun-layihesi-abs-siyaseti-deyil\/#primaryimage"},"thumbnailUrl":"https:\/\/www.meydan.tv\/wp-content\/uploads\/38700.jpg","datePublished":"2019-12-17T20:07:07+00:00","breadcrumb":{"@id":"https:\/\/www.meydan.tv\/az\/article\/departament-ermeni-genosidi-qanun-layihesi-abs-siyaseti-deyil\/#breadcrumb"},"inLanguage":"az","potentialAction":[{"@type":"ReadAction","target":["https:\/\/www.meydan.tv\/az\/article\/departament-ermeni-genosidi-qanun-layihesi-abs-siyaseti-deyil\/"]}]},{"@type":"ImageObject","inLanguage":"az","@id":"https:\/\/www.meydan.tv\/az\/article\/departament-ermeni-genosidi-qanun-layihesi-abs-siyaseti-deyil\/#primaryimage","url":"https:\/\/www.meydan.tv\/wp-content\/uploads\/38700.jpg","contentUrl":"https:\/\/www.meydan.tv\/wp-content\/uploads\/38700.jpg","width":630,"height":354,"caption":"AB\u015e D\u00f6vl\u0259t Departamenti"},{"@type":"BreadcrumbList","@id":"https:\/\/www.meydan.tv\/az\/article\/departament-ermeni-genosidi-qanun-layihesi-abs-siyaseti-deyil\/#breadcrumb","itemListElement":[{"@type":"ListItem","position":1,"name":"Ana s\u0259hif\u0259","item":"https:\/\/www.meydan.tv\/az\/"},{"@type":"ListItem","position":2,"name":"D\u00fcnya","item":"https:\/\/www.meydan.tv\/az\/section\/dunya\/"},{"@type":"ListItem","position":3,"name":"Departament: \u201cErm\u0259ni genosidi\u201d qanun layih\u0259si AB\u015e siyas\u0259ti deyil"}]},{"@type":"WebSite","@id":"https:\/\/www.meydan.tv\/az\/#website","url":"https:\/\/www.meydan.tv\/az\/","name":"MEYDAN.TV","description":"Meydan TV Az\u0259rbaycan\u0131n media m\u0259kan\u0131ndak\u0131 alternativ s\u0259sidir","publisher":{"@id":"https:\/\/www.meydan.tv\/az\/#organization"},"potentialAction":[{"@type":"SearchAction","target":{"@type":"EntryPoint","urlTemplate":"https:\/\/www.meydan.tv\/az\/?s={search_term_string}"},"query-input":{"@type":"PropertyValueSpecification","valueRequired":true,"valueName":"search_term_string"}}],"inLanguage":"az"},{"@type":"Organization","@id":"https:\/\/www.meydan.tv\/az\/#organization","name":"Meydan TV","url":"https:\/\/www.meydan.tv\/az\/","logo":{"@type":"ImageObject","inLanguage":"az","@id":"https:\/\/www.meydan.tv\/az\/#\/schema\/logo\/image\/","url":"https:\/\/www.meydan.tv\/wp-content\/uploads\/2021\/07\/meydan-logo.svg","contentUrl":"https:\/\/www.meydan.tv\/wp-content\/uploads\/2021\/07\/meydan-logo.svg","width":195,"height":46,"caption":"Meydan TV"},"image":{"@id":"https:\/\/www.meydan.tv\/az\/#\/schema\/logo\/image\/"}},{"@type":"Person","@id":"https:\/\/www.meydan.tv\/az\/#\/schema\/person\/10d11eccf6da3662cf5fdab9806ea91a","name":"user-manager"}]}},"_links":{"self":[{"href":"https:\/\/www.meydan.tv\/az\/wp-json\/wp\/v2\/posts\/198409","targetHints":{"allow":["GET"]}}],"collection":[{"href":"https:\/\/www.meydan.tv\/az\/wp-json\/wp\/v2\/posts"}],"about":[{"href":"https:\/\/www.meydan.tv\/az\/wp-json\/wp\/v2\/types\/post"}],"author":[{"embeddable":true,"href":"https:\/\/www.meydan.tv\/az\/wp-json\/wp\/v2\/users\/11"}],"replies":[{"embeddable":true,"href":"https:\/\/www.meydan.tv\/az\/wp-json\/wp\/v2\/comments?post=198409"}],"version-history":[{"count":0,"href":"https:\/\/www.meydan.tv\/az\/wp-json\/wp\/v2\/posts\/198409\/revisions"}],"wp:featuredmedia":[{"embeddable":true,"href":"https:\/\/www.meydan.tv\/az\/wp-json\/wp\/v2\/media\/97918"}],"wp:attachment":[{"href":"https:\/\/www.meydan.tv\/az\/wp-json\/wp\/v2\/media?parent=198409"}],"wp:term":[{"taxonomy":"category","embeddable":true,"href":"https:\/\/www.meydan.tv\/az\/wp-json\/wp\/v2\/categories?post=198409"},{"taxonomy":"post_tag","embeddable":true,"href":"https:\/\/www.meydan.tv\/az\/wp-json\/wp\/v2\/tags?post=198409"}],"curies":[{"name":"wp","href":"https:\/\/api.w.org\/{rel}","templated":true}]}}