{"id":198408,"date":"2019-12-17T20:03:18","date_gmt":"2019-12-17T20:03:18","guid":{"rendered":"https:\/\/www.meydan.tv\/article\/muserref-edam-cezasina-mehkum-edilib\/"},"modified":"2019-12-17T20:03:18","modified_gmt":"2019-12-17T20:03:18","slug":"muserref-edam-cezasina-mehkum-edilib","status":"publish","type":"post","link":"https:\/\/www.meydan.tv\/az\/article\/muserref-edam-cezasina-mehkum-edilib\/","title":{"rendered":"M\u00fc\u015f\u0259rr\u0259f edam c\u0259zas\u0131na m\u0259hkum edilib"},"content":{"rendered":"<p>\n  <i><br \/>\n    Ke\u00e7mi\u015f prezident hakimin h\u00f6km\u00fcn\u00fc dinl\u0259m\u0259k \u00fc\u00e7\u00fcn m\u0259hk\u0259m\u0259d\u0259 i\u015ftirak etm\u0259yib<br \/>\n  <\/i>\n<\/p>\n<p>\n  \u00c7evrili\u015f il\u0259 hakimiyy\u0259ti \u0259l\u0259 ke\u00e7ir\u0259n Pakistan\u0131n ke\u00e7mi\u015f h\u0259rbi lideri P\u0259rviz M\u00fc\u015f\u0259rr\u0259f d\u00f6vl\u0259t\u0259 x\u0259yan\u0259t etdiyi v\u0259 \u00f6lk\u0259nin konstitusiyas\u0131n\u0131 pozdu\u011fu \u00fc\u00e7\u00fcn edam c\u0259zas\u0131na m\u0259hkum edilib,- \u201cGuardian\u201d x\u0259b\u0259r verir.\n<\/p>\n<p>\n  Eks-prezident 2007-ci ild\u0259 hakimiyy\u0259ti \u0259l\u0259 ke\u00e7irm\u0259y\u0259 \u00e7al\u0131\u015fd\u0131\u011f\u0131 zaman konstitusiyan\u0131 m\u00fcv\u0259qq\u0259ti dayand\u0131rmas\u0131 il\u0259 ba\u011fl\u0131 ittiham edilirdi v\u0259 bununla ba\u011fl\u0131 m\u00fchakim\u0259 olunurdu.\n<\/p>\n<p>\n  M\u0259hk\u0259m\u0259 prosesi \u0130slamabadda qapal\u0131 terrorla m\u00fcbariz\u0259 m\u0259hk\u0259m\u0259sind\u0259 ke\u00e7irilib. H\u00f6km d\u00f6vl\u0259t m\u0259muru Salman Nadeem t\u0259r\u0259find\u0259n t\u0259sdiql\u0259nib. O bildirib: \u201cP\u0259rviz M\u00fc\u015f\u0259rr\u0259f Pakistan\u0131n konstitusiyas\u0131n\u0131 pozdu\u011funa g\u00f6r\u0259 6-c\u0131 madd\u0259 il\u0259 t\u0259qsirkar bilinib\u201d.\n<\/p>\n<p>\n  \u00c7oxsayl\u0131 \u0259mrl\u0259ri yox sayan 76 ya\u015fl\u0131 M\u00fc\u015f\u0259rr\u0259f hakimin h\u00f6km\u00fcn\u00fc dinl\u0259m\u0259k \u00fc\u00e7\u00fcn m\u0259hk\u0259m\u0259d\u0259 i\u015ftirak etm\u0259yib. O, 2016-c\u0131 ild\u0259 Dubayda tibbi m\u00fcalic\u0259 almaq \u00fc\u00e7\u00fcn \u00f6lk\u0259ni t\u0259rk edib v\u0259 o vaxtdan b\u0259ri orada qal\u0131b.\n<\/p>\n<p>\n  Pakistanda h\u0259r zaman ordu b\u00f6y\u00fck g\u00fcc\u0259 sahib olub v\u0259 haz\u0131rk\u0131 Ba\u015f nazir \u0130mran Xan il\u0259 \u00e7ox yax\u0131n \u0259laq\u0259d\u0259 olub. Bu, eyni zamanda Pakistanda bir h\u0259rbi liderin konstitusiyan\u0131 pozdu\u011funa g\u00f6r\u0259 ilk d\u0259f\u0259 m\u0259hkum edilm\u0259sidir.\n<\/p>\n<p>\n  M\u00fc\u015f\u0259rr\u0259f 1999-cu ild\u0259 Navaz \u015e\u0259rifi devir\u0259n h\u0259rbi \u00e7evrili\u015f\u0259 r\u0259hb\u0259rlik ed\u0259n silahl\u0131 q\u00fcvv\u0259l\u0259rin ba\u015f\u00e7\u0131s\u0131 olub. Devrilmi\u015f Ba\u015f nazir m\u0259hk\u0259m\u0259y\u0259 verilmi\u015fdi v\u0259 n\u0259tic\u0259 etibariyl\u0259 \u00f6lk\u0259d\u0259n qa\u00e7ma\u011fa m\u0259cbur edilmi\u015fdi. M\u00fc\u015f\u0259rr\u0259f 2001-ci ild\u0259 prezident olub v\u0259 yeddi il hakimiyy\u0259td\u0259 qal\u0131b. Onun hakimiyy\u0259ti zaman\u0131 Pakistanda t\u0259zyiql\u0259r art\u0131b v\u0259 insan h\u00fcquqlar\u0131n\u0131n pozulmas\u0131 hallar\u0131 \u00e7oxal\u0131b. Bu m\u00fcdd\u0259t \u0259rzind\u0259 o, bir \u00e7ox sui-q\u0259sdd\u0259n xilas ola bilib.\n<\/p>\n<p>\n  Lakin onun 2007-ci ild\u0259 konstitusiyan\u0131 iflic etm\u0259si v\u0259 \u00f6lk\u0259d\u0259 f\u00f6vq\u0259lad\u0259 hal qaydalar\u0131 t\u0259tbiq etm\u0259si q\u0259rar\u0131 k\u00fctl\u0259vi etirazlara s\u0259b\u0259b olmu\u015fdu. M\u00fc\u015f\u0259rr\u0259f 2008-ci ild\u0259 istefa verm\u0259k m\u0259cburiyy\u0259tind\u0259 qalm\u0131\u015fd\u0131 v\u0259 impi\u00e7ment\u0259 s\u0259b\u0259b olmamaq \u00fc\u00e7\u00fcn Londona \u00f6z irad\u0259si alt\u0131nda s\u00fcrg\u00fcn\u0259 getmi\u015fdi.\n<\/p>\n<p>\n  Ona qar\u015f\u0131 y\u00fcks\u0259k x\u0259yan\u0259tl\u0259 ba\u011fl\u0131 m\u0259hk\u0259m\u0259 prosesl\u0259ri 2014-c\u00fc ild\u0259 \u015e\u0259rif yenid\u0259n Ba\u015f nazir se\u00e7ildikd\u0259n sonra ba\u015flay\u0131b.\n<\/p>\n<p>\n  M\u00fc\u015f\u0259rr\u0259f m\u0259hk\u0259m\u0259 prosesinin siyasi motivli oldu\u011funa inan\u0131r. Ke\u00e7\u0259n ay Dubayda x\u0259st\u0259xana ota\u011f\u0131ndan ona adi video yaz\u0131s\u0131 yay\u0131lm\u0131\u015fd\u0131. H\u00f6kum\u0259t t\u0259r\u0259find\u0259n 2013-c\u00fc ild\u0259 ir\u0259li s\u00fcr\u00fcl\u0259n m\u0259hk\u0259m\u0259 i\u015fin\u0259 \u0259dal\u0259tli bax\u0131lmad\u0131\u011f\u0131n\u0131 dil\u0259 g\u0259tir\u0259n M\u00fc\u015f\u0259rr\u0259f demi\u015fdi: \u201cM\u0259n mill\u0259tim\u0259 xidm\u0259t etmi\u015f\u0259m v\u0259 \u00f6lk\u0259m \u00fc\u00e7\u00fcn \u0259n do\u011fru q\u0259rarlar\u0131 q\u0259bul etmi\u015f\u0259m&quot;.\n<\/p>\n<p>\n  \u0130slamabaddak\u0131 h\u00fcquq m\u00fct\u0259x\u0259ssisl\u0259ri M\u00fc\u015f\u0259rr\u0259fin etirazetm\u0259 h\u00fcququna sahib oldu\u011funu bildiribl\u0259r.\n<\/p>\n<p>\n  M\u00fc\u015f\u0259rr\u0259f 11 sentyabrdan sonra AB\u015e-\u0131n ba\u015flatd\u0131\u011f\u0131 \u201cterrorla m\u00fcharib\u0259\u201dd\u0259 Va\u015finqtonun \u0259n b\u00f6y\u00fck d\u0259st\u0259k\u00e7isi olub. Onun bu q\u0259rar\u0131 dini partiyalar t\u0259r\u0259find\u0259n t\u0259nqid edilib v\u0259 bu m\u00fcdd\u0259t \u0259rzind\u0259 Pakistanda islam\u00e7\u0131 zorak\u0131l\u0131q h\u00f6km s\u00fcr\u00fcb.<\/p>\n","protected":false},"excerpt":{"rendered":"<p>Lakin onun 2007-ci ild\u0259 konstitusiyan\u0131 iflic etm\u0259si v\u0259 \u00f6lk\u0259d\u0259 f\u00f6vq\u0259lad\u0259 hal qaydalar\u0131 t\u0259tbiq etm\u0259si q\u0259rar\u0131 k\u00fctl\u0259vi etirazlara s\u0259b\u0259b olmu\u015fdu.<\/p>\n","protected":false},"author":11,"featured_media":134484,"comment_status":"closed","ping_status":"open","sticky":false,"template":"","format":"standard","meta":{"_acf_changed":false,"_sitemap_exclude":false,"_sitemap_priority":"","_sitemap_frequency":"","footnotes":""},"categories":[64],"tags":[],"class_list":["post-198408","post","type-post","status-publish","format-standard","has-post-thumbnail","hentry","category-dunya","infinite-scroll-item","generate-columns","tablet-grid-50","mobile-grid-100","grid-parent","grid-33","no-featured-image-padding"],"acf":[],"yoast_head":"<!-- This site is optimized with the Yoast SEO plugin v27.5 - https:\/\/yoast.com\/product\/yoast-seo-wordpress\/ -->\n<title>M\u00fc\u015f\u0259rr\u0259f edam c\u0259zas\u0131na m\u0259hkum edilib - MEYDAN.TV<\/title>\n<meta name=\"robots\" content=\"index, follow, max-snippet:-1, max-image-preview:large, max-video-preview:-1\" \/>\n<link rel=\"canonical\" href=\"https:\/\/www.meydan.tv\/az\/article\/muserref-edam-cezasina-mehkum-edilib\/\" \/>\n<meta property=\"og:locale\" content=\"az_AZ\" \/>\n<meta property=\"og:type\" content=\"article\" \/>\n<meta property=\"og:title\" content=\"M\u00fc\u015f\u0259rr\u0259f edam c\u0259zas\u0131na m\u0259hkum edilib - MEYDAN.TV\" \/>\n<meta property=\"og:description\" content=\"Lakin onun 2007-ci ild\u0259 konstitusiyan\u0131 iflic etm\u0259si v\u0259 \u00f6lk\u0259d\u0259 f\u00f6vq\u0259lad\u0259 hal qaydalar\u0131 t\u0259tbiq etm\u0259si q\u0259rar\u0131 k\u00fctl\u0259vi etirazlara s\u0259b\u0259b olmu\u015fdu.\" \/>\n<meta property=\"og:url\" content=\"https:\/\/www.meydan.tv\/az\/article\/muserref-edam-cezasina-mehkum-edilib\/\" \/>\n<meta property=\"og:site_name\" content=\"MEYDAN.TV\" \/>\n<meta property=\"article:published_time\" content=\"2019-12-17T20:03:18+00:00\" \/>\n<meta property=\"og:image\" content=\"https:\/\/www.meydan.tv\/wp-content\/uploads\/parviz7.jpg\" \/>\n\t<meta property=\"og:image:width\" content=\"1200\" \/>\n\t<meta property=\"og:image:height\" content=\"675\" \/>\n\t<meta property=\"og:image:type\" content=\"image\/jpeg\" \/>\n<meta name=\"author\" content=\"user-manager\" \/>\n<meta name=\"twitter:card\" content=\"summary_large_image\" \/>\n<script type=\"application\/ld+json\" class=\"yoast-schema-graph\">{\"@context\":\"https:\\\/\\\/schema.org\",\"@graph\":[{\"@type\":\"Article\",\"@id\":\"https:\\\/\\\/www.meydan.tv\\\/az\\\/article\\\/muserref-edam-cezasina-mehkum-edilib\\\/#article\",\"isPartOf\":{\"@id\":\"https:\\\/\\\/www.meydan.tv\\\/az\\\/article\\\/muserref-edam-cezasina-mehkum-edilib\\\/\"},\"author\":{\"name\":\"user-manager\",\"@id\":\"https:\\\/\\\/www.meydan.tv\\\/az\\\/#\\\/schema\\\/person\\\/10d11eccf6da3662cf5fdab9806ea91a\"},\"headline\":\"M\u00fc\u015f\u0259rr\u0259f edam c\u0259zas\u0131na m\u0259hkum edilib\",\"datePublished\":\"2019-12-17T20:03:18+00:00\",\"mainEntityOfPage\":{\"@id\":\"https:\\\/\\\/www.meydan.tv\\\/az\\\/article\\\/muserref-edam-cezasina-mehkum-edilib\\\/\"},\"wordCount\":601,\"publisher\":{\"@id\":\"https:\\\/\\\/www.meydan.tv\\\/az\\\/#organization\"},\"image\":{\"@id\":\"https:\\\/\\\/www.meydan.tv\\\/az\\\/article\\\/muserref-edam-cezasina-mehkum-edilib\\\/#primaryimage\"},\"thumbnailUrl\":\"https:\\\/\\\/www.meydan.tv\\\/wp-content\\\/uploads\\\/parviz7.jpg\",\"articleSection\":[\"D\u00fcnya\"],\"inLanguage\":\"az\"},{\"@type\":\"WebPage\",\"@id\":\"https:\\\/\\\/www.meydan.tv\\\/az\\\/article\\\/muserref-edam-cezasina-mehkum-edilib\\\/\",\"url\":\"https:\\\/\\\/www.meydan.tv\\\/az\\\/article\\\/muserref-edam-cezasina-mehkum-edilib\\\/\",\"name\":\"M\u00fc\u015f\u0259rr\u0259f edam c\u0259zas\u0131na m\u0259hkum edilib - MEYDAN.TV\",\"isPartOf\":{\"@id\":\"https:\\\/\\\/www.meydan.tv\\\/az\\\/#website\"},\"primaryImageOfPage\":{\"@id\":\"https:\\\/\\\/www.meydan.tv\\\/az\\\/article\\\/muserref-edam-cezasina-mehkum-edilib\\\/#primaryimage\"},\"image\":{\"@id\":\"https:\\\/\\\/www.meydan.tv\\\/az\\\/article\\\/muserref-edam-cezasina-mehkum-edilib\\\/#primaryimage\"},\"thumbnailUrl\":\"https:\\\/\\\/www.meydan.tv\\\/wp-content\\\/uploads\\\/parviz7.jpg\",\"datePublished\":\"2019-12-17T20:03:18+00:00\",\"breadcrumb\":{\"@id\":\"https:\\\/\\\/www.meydan.tv\\\/az\\\/article\\\/muserref-edam-cezasina-mehkum-edilib\\\/#breadcrumb\"},\"inLanguage\":\"az\",\"potentialAction\":[{\"@type\":\"ReadAction\",\"target\":[\"https:\\\/\\\/www.meydan.tv\\\/az\\\/article\\\/muserref-edam-cezasina-mehkum-edilib\\\/\"]}]},{\"@type\":\"ImageObject\",\"inLanguage\":\"az\",\"@id\":\"https:\\\/\\\/www.meydan.tv\\\/az\\\/article\\\/muserref-edam-cezasina-mehkum-edilib\\\/#primaryimage\",\"url\":\"https:\\\/\\\/www.meydan.tv\\\/wp-content\\\/uploads\\\/parviz7.jpg\",\"contentUrl\":\"https:\\\/\\\/www.meydan.tv\\\/wp-content\\\/uploads\\\/parviz7.jpg\",\"width\":1200,\"height\":675,\"caption\":\"Source: Foto: arxiv\"},{\"@type\":\"BreadcrumbList\",\"@id\":\"https:\\\/\\\/www.meydan.tv\\\/az\\\/article\\\/muserref-edam-cezasina-mehkum-edilib\\\/#breadcrumb\",\"itemListElement\":[{\"@type\":\"ListItem\",\"position\":1,\"name\":\"Ana s\u0259hif\u0259\",\"item\":\"https:\\\/\\\/www.meydan.tv\\\/az\\\/\"},{\"@type\":\"ListItem\",\"position\":2,\"name\":\"D\u00fcnya\",\"item\":\"https:\\\/\\\/www.meydan.tv\\\/az\\\/section\\\/dunya\\\/\"},{\"@type\":\"ListItem\",\"position\":3,\"name\":\"M\u00fc\u015f\u0259rr\u0259f edam c\u0259zas\u0131na m\u0259hkum edilib\"}]},{\"@type\":\"WebSite\",\"@id\":\"https:\\\/\\\/www.meydan.tv\\\/az\\\/#website\",\"url\":\"https:\\\/\\\/www.meydan.tv\\\/az\\\/\",\"name\":\"MEYDAN.TV\",\"description\":\"Meydan TV Az\u0259rbaycan\u0131n media m\u0259kan\u0131ndak\u0131 alternativ s\u0259sidir\",\"publisher\":{\"@id\":\"https:\\\/\\\/www.meydan.tv\\\/az\\\/#organization\"},\"potentialAction\":[{\"@type\":\"SearchAction\",\"target\":{\"@type\":\"EntryPoint\",\"urlTemplate\":\"https:\\\/\\\/www.meydan.tv\\\/az\\\/?s={search_term_string}\"},\"query-input\":{\"@type\":\"PropertyValueSpecification\",\"valueRequired\":true,\"valueName\":\"search_term_string\"}}],\"inLanguage\":\"az\"},{\"@type\":\"Organization\",\"@id\":\"https:\\\/\\\/www.meydan.tv\\\/az\\\/#organization\",\"name\":\"Meydan TV\",\"url\":\"https:\\\/\\\/www.meydan.tv\\\/az\\\/\",\"logo\":{\"@type\":\"ImageObject\",\"inLanguage\":\"az\",\"@id\":\"https:\\\/\\\/www.meydan.tv\\\/az\\\/#\\\/schema\\\/logo\\\/image\\\/\",\"url\":\"https:\\\/\\\/www.meydan.tv\\\/wp-content\\\/uploads\\\/2021\\\/07\\\/meydan-logo.svg\",\"contentUrl\":\"https:\\\/\\\/www.meydan.tv\\\/wp-content\\\/uploads\\\/2021\\\/07\\\/meydan-logo.svg\",\"width\":195,\"height\":46,\"caption\":\"Meydan TV\"},\"image\":{\"@id\":\"https:\\\/\\\/www.meydan.tv\\\/az\\\/#\\\/schema\\\/logo\\\/image\\\/\"}},{\"@type\":\"Person\",\"@id\":\"https:\\\/\\\/www.meydan.tv\\\/az\\\/#\\\/schema\\\/person\\\/10d11eccf6da3662cf5fdab9806ea91a\",\"name\":\"user-manager\"}]}<\/script>\n<!-- \/ Yoast SEO plugin. -->","yoast_head_json":{"title":"M\u00fc\u015f\u0259rr\u0259f edam c\u0259zas\u0131na m\u0259hkum edilib - MEYDAN.TV","robots":{"index":"index","follow":"follow","max-snippet":"max-snippet:-1","max-image-preview":"max-image-preview:large","max-video-preview":"max-video-preview:-1"},"canonical":"https:\/\/www.meydan.tv\/az\/article\/muserref-edam-cezasina-mehkum-edilib\/","og_locale":"az_AZ","og_type":"article","og_title":"M\u00fc\u015f\u0259rr\u0259f edam c\u0259zas\u0131na m\u0259hkum edilib - MEYDAN.TV","og_description":"Lakin onun 2007-ci ild\u0259 konstitusiyan\u0131 iflic etm\u0259si v\u0259 \u00f6lk\u0259d\u0259 f\u00f6vq\u0259lad\u0259 hal qaydalar\u0131 t\u0259tbiq etm\u0259si q\u0259rar\u0131 k\u00fctl\u0259vi etirazlara s\u0259b\u0259b olmu\u015fdu.","og_url":"https:\/\/www.meydan.tv\/az\/article\/muserref-edam-cezasina-mehkum-edilib\/","og_site_name":"MEYDAN.TV","article_published_time":"2019-12-17T20:03:18+00:00","og_image":[{"width":1200,"height":675,"url":"https:\/\/www.meydan.tv\/wp-content\/uploads\/parviz7.jpg","type":"image\/jpeg"}],"author":"user-manager","twitter_card":"summary_large_image","schema":{"@context":"https:\/\/schema.org","@graph":[{"@type":"Article","@id":"https:\/\/www.meydan.tv\/az\/article\/muserref-edam-cezasina-mehkum-edilib\/#article","isPartOf":{"@id":"https:\/\/www.meydan.tv\/az\/article\/muserref-edam-cezasina-mehkum-edilib\/"},"author":{"name":"user-manager","@id":"https:\/\/www.meydan.tv\/az\/#\/schema\/person\/10d11eccf6da3662cf5fdab9806ea91a"},"headline":"M\u00fc\u015f\u0259rr\u0259f edam c\u0259zas\u0131na m\u0259hkum edilib","datePublished":"2019-12-17T20:03:18+00:00","mainEntityOfPage":{"@id":"https:\/\/www.meydan.tv\/az\/article\/muserref-edam-cezasina-mehkum-edilib\/"},"wordCount":601,"publisher":{"@id":"https:\/\/www.meydan.tv\/az\/#organization"},"image":{"@id":"https:\/\/www.meydan.tv\/az\/article\/muserref-edam-cezasina-mehkum-edilib\/#primaryimage"},"thumbnailUrl":"https:\/\/www.meydan.tv\/wp-content\/uploads\/parviz7.jpg","articleSection":["D\u00fcnya"],"inLanguage":"az"},{"@type":"WebPage","@id":"https:\/\/www.meydan.tv\/az\/article\/muserref-edam-cezasina-mehkum-edilib\/","url":"https:\/\/www.meydan.tv\/az\/article\/muserref-edam-cezasina-mehkum-edilib\/","name":"M\u00fc\u015f\u0259rr\u0259f edam c\u0259zas\u0131na m\u0259hkum edilib - MEYDAN.TV","isPartOf":{"@id":"https:\/\/www.meydan.tv\/az\/#website"},"primaryImageOfPage":{"@id":"https:\/\/www.meydan.tv\/az\/article\/muserref-edam-cezasina-mehkum-edilib\/#primaryimage"},"image":{"@id":"https:\/\/www.meydan.tv\/az\/article\/muserref-edam-cezasina-mehkum-edilib\/#primaryimage"},"thumbnailUrl":"https:\/\/www.meydan.tv\/wp-content\/uploads\/parviz7.jpg","datePublished":"2019-12-17T20:03:18+00:00","breadcrumb":{"@id":"https:\/\/www.meydan.tv\/az\/article\/muserref-edam-cezasina-mehkum-edilib\/#breadcrumb"},"inLanguage":"az","potentialAction":[{"@type":"ReadAction","target":["https:\/\/www.meydan.tv\/az\/article\/muserref-edam-cezasina-mehkum-edilib\/"]}]},{"@type":"ImageObject","inLanguage":"az","@id":"https:\/\/www.meydan.tv\/az\/article\/muserref-edam-cezasina-mehkum-edilib\/#primaryimage","url":"https:\/\/www.meydan.tv\/wp-content\/uploads\/parviz7.jpg","contentUrl":"https:\/\/www.meydan.tv\/wp-content\/uploads\/parviz7.jpg","width":1200,"height":675,"caption":"Source: Foto: arxiv"},{"@type":"BreadcrumbList","@id":"https:\/\/www.meydan.tv\/az\/article\/muserref-edam-cezasina-mehkum-edilib\/#breadcrumb","itemListElement":[{"@type":"ListItem","position":1,"name":"Ana s\u0259hif\u0259","item":"https:\/\/www.meydan.tv\/az\/"},{"@type":"ListItem","position":2,"name":"D\u00fcnya","item":"https:\/\/www.meydan.tv\/az\/section\/dunya\/"},{"@type":"ListItem","position":3,"name":"M\u00fc\u015f\u0259rr\u0259f edam c\u0259zas\u0131na m\u0259hkum edilib"}]},{"@type":"WebSite","@id":"https:\/\/www.meydan.tv\/az\/#website","url":"https:\/\/www.meydan.tv\/az\/","name":"MEYDAN.TV","description":"Meydan TV Az\u0259rbaycan\u0131n media m\u0259kan\u0131ndak\u0131 alternativ s\u0259sidir","publisher":{"@id":"https:\/\/www.meydan.tv\/az\/#organization"},"potentialAction":[{"@type":"SearchAction","target":{"@type":"EntryPoint","urlTemplate":"https:\/\/www.meydan.tv\/az\/?s={search_term_string}"},"query-input":{"@type":"PropertyValueSpecification","valueRequired":true,"valueName":"search_term_string"}}],"inLanguage":"az"},{"@type":"Organization","@id":"https:\/\/www.meydan.tv\/az\/#organization","name":"Meydan TV","url":"https:\/\/www.meydan.tv\/az\/","logo":{"@type":"ImageObject","inLanguage":"az","@id":"https:\/\/www.meydan.tv\/az\/#\/schema\/logo\/image\/","url":"https:\/\/www.meydan.tv\/wp-content\/uploads\/2021\/07\/meydan-logo.svg","contentUrl":"https:\/\/www.meydan.tv\/wp-content\/uploads\/2021\/07\/meydan-logo.svg","width":195,"height":46,"caption":"Meydan TV"},"image":{"@id":"https:\/\/www.meydan.tv\/az\/#\/schema\/logo\/image\/"}},{"@type":"Person","@id":"https:\/\/www.meydan.tv\/az\/#\/schema\/person\/10d11eccf6da3662cf5fdab9806ea91a","name":"user-manager"}]}},"_links":{"self":[{"href":"https:\/\/www.meydan.tv\/az\/wp-json\/wp\/v2\/posts\/198408","targetHints":{"allow":["GET"]}}],"collection":[{"href":"https:\/\/www.meydan.tv\/az\/wp-json\/wp\/v2\/posts"}],"about":[{"href":"https:\/\/www.meydan.tv\/az\/wp-json\/wp\/v2\/types\/post"}],"author":[{"embeddable":true,"href":"https:\/\/www.meydan.tv\/az\/wp-json\/wp\/v2\/users\/11"}],"replies":[{"embeddable":true,"href":"https:\/\/www.meydan.tv\/az\/wp-json\/wp\/v2\/comments?post=198408"}],"version-history":[{"count":0,"href":"https:\/\/www.meydan.tv\/az\/wp-json\/wp\/v2\/posts\/198408\/revisions"}],"wp:featuredmedia":[{"embeddable":true,"href":"https:\/\/www.meydan.tv\/az\/wp-json\/wp\/v2\/media\/134484"}],"wp:attachment":[{"href":"https:\/\/www.meydan.tv\/az\/wp-json\/wp\/v2\/media?parent=198408"}],"wp:term":[{"taxonomy":"category","embeddable":true,"href":"https:\/\/www.meydan.tv\/az\/wp-json\/wp\/v2\/categories?post=198408"},{"taxonomy":"post_tag","embeddable":true,"href":"https:\/\/www.meydan.tv\/az\/wp-json\/wp\/v2\/tags?post=198408"}],"curies":[{"name":"wp","href":"https:\/\/api.w.org\/{rel}","templated":true}]}}