{"id":198407,"date":"2019-12-17T19:17:04","date_gmt":"2019-12-17T19:17:04","guid":{"rendered":"https:\/\/www.meydan.tv\/article\/dukan-sahibi-nisyeni-kesse-acindan-qirilacagiq\/"},"modified":"2019-12-17T19:17:04","modified_gmt":"2019-12-17T19:17:04","slug":"dukan-sahibi-nisyeni-kesse-acindan-qirilacagiq","status":"publish","type":"post","link":"https:\/\/www.meydan.tv\/az\/article\/dukan-sahibi-nisyeni-kesse-acindan-qirilacagiq\/","title":{"rendered":"\u201cD\u00fckan sahibi nisy\u0259ni k\u0259ss\u0259, ac\u0131ndan q\u0131r\u0131laca\u011f\u0131q\u201d"},"content":{"rendered":"<p>\n  <i><br \/>\n    Yard\u0131ml\u0131 sakini borcla ya\u015fad\u0131\u011f\u0131n\u0131 deyir<br \/>\n  <\/i>\n<\/p>\n<p>\n  Yard\u0131ml\u0131n\u0131n \u018fv\u00e7\u0259dulan k\u0259ndind\u0259 ya\u015fayan \u018fyyar \u015e\u00fck\u00fcrov burada \u0259n kas\u0131b ail\u0259 olduqlar\u0131n\u0131 deyir. Ail\u0259nin he\u00e7 bir g\u0259liri yoxdur.\n<\/p>\n<p>\n  <b><br \/>\n    <i><br \/>\n      \u201cU\u015faqlar dil\u0259n\u00e7i g\u00fcn\u00fcnd\u0259 gedir m\u0259kt\u0259b\u0259\u201d<br \/>\n    <\/i><br \/>\n  <\/b>\n<\/p>\n<p>\n  \u018fv\u00e7\u0259dulan\u0131n t\u0259mirsiz, k\u0259l\u0259-k\u00f6t\u00fcr yollar\u0131 var. K\u0259ndd\u0259 ya\u015fayanlar\u0131n da \u015f\u0259raitind\u0259n \u00e7\u0259tin v\u0259ziyy\u0259td\u0259 ya\u015fad\u0131qlar\u0131 g\u00f6r\u00fcn\u00fcr. El\u0259 \u018fyyar \u015e\u00fck\u00fcrov da k\u0259ndd\u0259 dolan\u0131\u015f\u0131\u011f\u0131n a\u011f\u0131r oldu\u011funu bildirir:\n<\/p>\n<p>\n  \u201cAdamlar heyvan\u0131n\u0131 sat\u0131r ki, bir ne\u00e7\u0259 ayl\u0131q \u0259rzaq t\u0259dar\u00fck\u00fcn\u00fc g\u00f6rs\u00fcn. \u018fslind\u0259, ham\u0131 kas\u0131bd\u0131\u201d.\n<\/p>\n<p>\n  \u015e\u00fck\u00fcrovlar ail\u0259sinin ya\u015fad\u0131\u011f\u0131 ev d\u0259 yarars\u0131z v\u0259ziyy\u0259td\u0259dir. 7 n\u0259f\u0259r bir otaqda ya\u015fay\u0131r. \u018fyyar ayd\u0131nl\u0131q g\u0259tirir:\n<\/p>\n<p>\n  \u201cDoqquz \u00f6vlad\u0131mdan yeddisini evl\u0259ndirmi\u015f\u0259m. Toy m\u0259rasiml\u0259rini yola verm\u0259kd\u0259n h\u0259y\u0259td\u0259 heyvan da qalmay\u0131b. Q\u0131z\u0131m\u0131n iki u\u015fa\u011f\u0131n\u0131 q\u0259yyumlu\u011fa g\u00f6t\u00fcrm\u00fc\u015f\u0259m. Q\u0131z\u0131m yenid\u0259n ail\u0259 h\u0259yat\u0131 qurdu, u\u015faqlar m\u0259nim \u00fcst\u00fcmd\u0259 qald\u0131. Ata aliment vermir. \u0130\u015fin arxas\u0131nca getm\u0259y\u0259 imkan\u0131m da yoxdu. H\u0259r ikisi m\u0259kt\u0259blidi. \u0130nan\u0131n, dil\u0259n\u00e7i g\u00fcn\u00fcnd\u0259 gedirl\u0259r m\u0259kt\u0259b\u0259\u201d.\n<\/p>\n<p>\n  P\u0259nc\u0259r\u0259d\u0259n \u018fyyar\u0131n \u00e7\u0259p\u0259r\u0259 s\u00f6yk\u0259n\u0259n h\u0259yat yolda\u015f\u0131 \u018fziz\u0259 Abbasovan\u0131 g\u00f6r\u00fcr\u00fck. Uzun ill\u0259rdir ruhi x\u0259st\u0259likd\u0259n \u0259ziyy\u0259t \u00e7\u0259kdiyini \u00f6yr\u0259nirik. \u018fyyar deyir ki, imkans\u0131zl\u0131qdan qad\u0131n\u0131 h\u0259kim\u0259 apara bilmir.\n<\/p>\n<figure class=\"wp-block-image size-large\">\n  <img decoding=\"async\" src=\"https:\/\/www.meydan.tv\/az\/image_from_ios-1-jpg-83\/\" alt=\"image_from_ios (1).jpg\" class=\"wp-image-134472\"\/><figcaption>\n    \u018fyyar \u015e\u00fck\u00fcrov<br \/>\n  <\/figcaption><\/figure>\n<p>\n  <b><br \/>\n    <i><br \/>\n      \u201cD\u00fckan sahibi nisy\u0259ni k\u0259ss\u0259, ac\u0131ndan q\u0131r\u0131laca\u011f\u0131q\u201d<br \/>\n    <\/i><br \/>\n  <\/b>\n<\/p>\n<p>\n  \u018fyyar \u015e\u00fck\u00fcrovla birlikd\u0259 ya\u015fayan o\u011flu Nicat evlidir, iki \u00f6vlad\u0131 var. Nicat i\u015f tapa bilm\u0259diyini deyir. Halbuki h\u0259r c\u00fcr i\u015f\u0259 raz\u0131d\u0131r: \u201cNe\u00e7\u0259 d\u0259f\u0259 m\u0259\u015f\u011fulluq idar\u0259sin\u0259 getmi\u015f\u0259m, he\u00e7 \u0259h\u0259miyy\u0259t vermirl\u0259r. Heyvan paylay\u0131rlar, biz\u0259 \u00e7atanda deyirl\u0259r ki, yoxdur. D\u00f6vl\u0259td\u0259n he\u00e7 n\u0259 g\u00f6rm\u00fcr\u00fck\u201d.\n<\/p>\n<p>\n  \u018fyyar deyir ki, k\u0259ndd\u0259ki d\u00fckana borclar\u0131 400 manata \u00e7at\u0131b: \u201cBorcla ya\u015fay\u0131r\u0131q. D\u00fckan sahibi nisy\u0259ni k\u0259ss\u0259, ac\u0131ndan q\u0131r\u0131laca\u011f\u0131q. K\u0259nd camaat\u0131 \u00fc\u00e7\u00fcn \u201cYasin\u201d oxuyuram, \u00fc\u00e7-be\u015f manat verirl\u0259r. Amma bununla ail\u0259 dolanmaz. \u0130ndi he\u00e7 \u00f6l\u00fcs\u00fcn\u00fc yada salan da yoxdu. Ham\u0131n\u0131n ba\u015f\u0131 bir tik\u0259 \u00e7\u00f6r\u0259y\u0259 qar\u0131\u015f\u0131b\u201d.\n<\/p>\n<p>\n  M\u00fcsahibimiz tezlikl\u0259 62 ya\u015f\u0131n\u0131n tamam olaca\u011f\u0131n\u0131 s\u00f6yl\u0259yir. Pensiyaya \u00e7\u0131xmas\u0131na \u00fc\u00e7 ild\u0259n \u00e7ox var, sosial yard\u0131m almaq c\u0259hdl\u0259ri is\u0259 u\u011furlu al\u0131nmay\u0131b. \u018fziz\u0259 Abbasovan\u0131n pensiyaya \u00e7\u0131xmas\u0131na da \u00e7ox qal\u0131b. \u018fyyar \u00e7ox \u00e7ar\u0259siz durumda olduqlar\u0131n\u0131 deyir: \u201cB\u0259s nec\u0259 dolanaq?! Bu ya\u015f\u0131mda gedib f\u0259hl\u0259lik el\u0259yim?\u201d\n<\/p>\n<figure class=\"wp-block-image size-large\">\n  <img decoding=\"async\" src=\"https:\/\/www.meydan.tv\/az\/image_from_ios-2-jpg-80\/\" alt=\"image_from_ios (2).jpg\" class=\"wp-image-134481\"\/><figcaption>\n    \u018fziz\u0259 Abbasova<br \/>\n  <\/figcaption><\/figure>\n<p>\n  &quot;<br \/>\n  <b><br \/>\n    <i><br \/>\n      Hamam\u0131m\u0131z yoxdur, l\u0259y\u0259n qoyub \u00e7imirik\u201d<br \/>\n    <\/i><br \/>\n  <\/b>\n<\/p>\n<p>\n  K\u0259ndd\u0259 qaz yoxdur, camaat evini odunla q\u0131zd\u0131rma\u011fa \u00e7al\u0131\u015f\u0131r. \u018fyyar \u015e\u00fck\u00fcrov deyir ki, buna da d\u00f6vl\u0259t qurumlar\u0131 imkan vermir:\n<\/p>\n<p>\n  \u201cMe\u015f\u0259ni camaat\u0131n \u00fcz\u00fcn\u0259 ba\u011flay\u0131blar. Odun g\u0259tirm\u0259y\u0259 imkan vermirl\u0259r\u201d.\n<\/p>\n<p>\n  H\u0259rd\u0259n k\u0259ndin k\u0259l\u0259-k\u00f6t\u00fcr k\u00fc\u00e7\u0259l\u0259rind\u0259 uzunqulaqla a\u011fac budaqlar\u0131 da\u015f\u0131yan adamlar g\u00f6z\u0259 d\u0259yir. \u018fyyar buna daha he\u00e7 kimin t\u0259\u0259cc\u00fcbl\u0259nm\u0259diyini deyir:\n<\/p>\n<p>\n  \u201cHalbuki x\u0259cal\u0259t \u00e7\u0259kil\u0259si hald\u0131. \u0130ndi hans\u0131 d\u00f6vrd\u00fc ki, e\u015f\u015f\u0259kl\u0259 odun da\u015f\u0131y\u0131r\u0131q?!\u201d\n<\/p>\n<figure class=\"wp-block-image size-large\">\n  <img decoding=\"async\" src=\"https:\/\/www.meydan.tv\/az\/image_from_ios-jpg-128\/\" alt=\"image_from_ios.jpg\" class=\"wp-image-134468\"\/><figcaption>\n    &#8220;\u0130nan\u0131n, dil\u0259n\u00e7i g\u00fcn\u00fcnd\u0259 gedirl\u0259r m\u0259kt\u0259b\u0259\u201d.<br \/>\n  <\/figcaption><\/figure>\n<p>\n  Yard\u0131ml\u0131n\u0131n k\u0259ndl\u0259rind\u0259 q\u0131\u015f s\u0259rt \u00e7\u0259kir. Soyuq havalar t\u0259xmin\u0259n 5-6 ay s\u00fcr\u00fcr. \u018fyyar buralarda ya\u015fama\u011f\u0131n asan olmad\u0131\u011f\u0131n\u0131 bildirir:\n<\/p>\n<p>\n  \u201cQ\u0131\u015f\u0131 ba\u015fa vurmaq \u00fc\u00e7\u00fcn az\u0131 iki ma\u015f\u0131n odun laz\u0131md\u0131. Bu da 800 manat el\u0259yir. Me\u015f\u0259 idar\u0259si is\u0259 yaln\u0131z c\u0259rim\u0259 el\u0259m\u0259yi bilir. K\u00f6rp\u0259 u\u015faqlar \u00f6ls\u00fcn evd\u0259 soyuqdan?\u201d\n<\/p>\n<p>\n  \u201cHamam\u0131m\u0131z yoxdur, l\u0259y\u0259n qoyub \u00e7imirik\u201d, &#8211; bunu da sonradan \u018fyyar deyir biz\u0259. Onsuz da hamam\u0131 q\u0131zd\u0131rma\u011fa n\u0259 qaz var, n\u0259 d\u0259 odun&#8230;\n<\/p>\n<p>\n  Bak\u0131ya qay\u0131tmaq \u00fc\u00e7\u00fcn \u0259vv\u0259lc\u0259 Masall\u0131ya g\u0259lm\u0259k laz\u0131md\u0131r. \u018fyyar biz\u0259 k\u0259ndin \u00e7\u0131x\u0131\u015f\u0131na q\u0259d\u0259r yolda\u015fl\u0131q el\u0259yir. \u015eikay\u0259t edir ki, \u00fcz tutdu\u011fu b\u00fct\u00fcn idar\u0259l\u0259rd\u0259 pul ist\u0259yirl\u0259r. Onun dini inanc\u0131 is\u0259 r\u00fc\u015fv\u0259t verm\u0259yi g\u00fcnah say\u0131r: \u201cB\u0131\u00e7aq s\u00fcm\u00fcy\u0259 dir\u0259nib dey\u0259, s\u0259simi qald\u0131rmaq m\u0259cburiyy\u0259tind\u0259y\u0259m&#8230;\u201d\n<\/p>\n<p>\n  Evd\u0259n xeyli uzaqla\u015f\u0131r\u0131q. \u018fziz\u0259 h\u0259l\u0259 d\u0259 \u00e7\u0259p\u0259r\u0259 s\u00f6yk\u0259nib, haradasa uzaqda m\u0259chul n\u00f6qt\u0259y\u0259 bax\u0131r&#8230;\n<\/p>\n<p>\n  Yard\u0131ml\u0131 Rayon \u0130cra Hakimiyy\u0259tind\u0259n Meydan TV-y\u0259 deyibl\u0259r ki, qurum i\u015f v\u0259 sosial yard\u0131m m\u0259s\u0259l\u0259l\u0259rin\u0259 baxm\u0131r. V\u0259t\u0259nda\u015flar\u0131n evl\u0259rini d\u00fcz\u0259ltm\u0259k d\u0259 onlar\u0131n v\u0259zif\u0259l\u0259rin\u0259 daxil deyil. Amma v\u0259t\u0259nda\u015f \u015fikay\u0259t ed\u0259rs\u0259, \u0259laq\u0259dar orqanlara y\u00f6nl\u0259ndir\u0259 bil\u0259rl\u0259r.\n<\/p>\n<figure class=\"wp-block-image size-large\">\n  <img decoding=\"async\" src=\"https:\/\/www.meydan.tv\/az\/image_from_ios-3-jpg-43\/\" alt=\"image_from_ios (3).jpg\" class=\"wp-image-134475\"\/><figcaption>\n    Nicat \u015e\u00fck\u00fcrov<br \/>\n  <\/figcaption><\/figure>\n","protected":false},"excerpt":{"rendered":"<p>\u201cHamam\u0131m\u0131z yoxdur, l\u0259y\u0259n qoyub \u00e7imirik\u201d<\/p>\n","protected":false},"author":11,"featured_media":134478,"comment_status":"closed","ping_status":"open","sticky":false,"template":"","format":"standard","meta":{"_acf_changed":false,"_sitemap_exclude":false,"_sitemap_priority":"","_sitemap_frequency":"","footnotes":""},"categories":[60],"tags":[],"class_list":["post-198407","post","type-post","status-publish","format-standard","has-post-thumbnail","hentry","category-bolge","infinite-scroll-item","generate-columns","tablet-grid-50","mobile-grid-100","grid-parent","grid-33","no-featured-image-padding"],"acf":[],"yoast_head":"<!-- This site is optimized with the Yoast SEO plugin v27.5 - https:\/\/yoast.com\/product\/yoast-seo-wordpress\/ -->\n<title>\u201cD\u00fckan sahibi nisy\u0259ni k\u0259ss\u0259, ac\u0131ndan q\u0131r\u0131laca\u011f\u0131q\u201d - MEYDAN.TV<\/title>\n<meta name=\"robots\" content=\"index, follow, max-snippet:-1, max-image-preview:large, max-video-preview:-1\" \/>\n<link rel=\"canonical\" href=\"https:\/\/www.meydan.tv\/az\/article\/dukan-sahibi-nisyeni-kesse-acindan-qirilacagiq\/\" \/>\n<meta property=\"og:locale\" content=\"az_AZ\" \/>\n<meta property=\"og:type\" content=\"article\" \/>\n<meta property=\"og:title\" content=\"\u201cD\u00fckan sahibi nisy\u0259ni k\u0259ss\u0259, ac\u0131ndan q\u0131r\u0131laca\u011f\u0131q\u201d - MEYDAN.TV\" \/>\n<meta property=\"og:description\" content=\"\u201cHamam\u0131m\u0131z yoxdur, l\u0259y\u0259n qoyub \u00e7imirik\u201d\" \/>\n<meta property=\"og:url\" content=\"https:\/\/www.meydan.tv\/az\/article\/dukan-sahibi-nisyeni-kesse-acindan-qirilacagiq\/\" \/>\n<meta property=\"og:site_name\" content=\"MEYDAN.TV\" \/>\n<meta property=\"article:published_time\" content=\"2019-12-17T19:17:04+00:00\" \/>\n<meta property=\"og:image\" content=\"https:\/\/www.meydan.tv\/wp-content\/uploads\/image_from_ios_4_dfow0qv.jpg\" \/>\n\t<meta property=\"og:image:width\" content=\"1024\" \/>\n\t<meta property=\"og:image:height\" content=\"764\" \/>\n\t<meta property=\"og:image:type\" content=\"image\/jpeg\" \/>\n<meta name=\"author\" content=\"user-manager\" \/>\n<meta name=\"twitter:card\" content=\"summary_large_image\" \/>\n<script type=\"application\/ld+json\" class=\"yoast-schema-graph\">{\"@context\":\"https:\\\/\\\/schema.org\",\"@graph\":[{\"@type\":\"Article\",\"@id\":\"https:\\\/\\\/www.meydan.tv\\\/az\\\/article\\\/dukan-sahibi-nisyeni-kesse-acindan-qirilacagiq\\\/#article\",\"isPartOf\":{\"@id\":\"https:\\\/\\\/www.meydan.tv\\\/az\\\/article\\\/dukan-sahibi-nisyeni-kesse-acindan-qirilacagiq\\\/\"},\"author\":{\"name\":\"user-manager\",\"@id\":\"https:\\\/\\\/www.meydan.tv\\\/az\\\/#\\\/schema\\\/person\\\/10d11eccf6da3662cf5fdab9806ea91a\"},\"headline\":\"\u201cD\u00fckan sahibi nisy\u0259ni k\u0259ss\u0259, ac\u0131ndan q\u0131r\u0131laca\u011f\u0131q\u201d\",\"datePublished\":\"2019-12-17T19:17:04+00:00\",\"mainEntityOfPage\":{\"@id\":\"https:\\\/\\\/www.meydan.tv\\\/az\\\/article\\\/dukan-sahibi-nisyeni-kesse-acindan-qirilacagiq\\\/\"},\"wordCount\":873,\"publisher\":{\"@id\":\"https:\\\/\\\/www.meydan.tv\\\/az\\\/#organization\"},\"image\":{\"@id\":\"https:\\\/\\\/www.meydan.tv\\\/az\\\/article\\\/dukan-sahibi-nisyeni-kesse-acindan-qirilacagiq\\\/#primaryimage\"},\"thumbnailUrl\":\"https:\\\/\\\/www.meydan.tv\\\/wp-content\\\/uploads\\\/image_from_ios_4_dfow0qv.jpg\",\"articleSection\":[\"B\u00f6lg\u0259\"],\"inLanguage\":\"az\"},{\"@type\":\"WebPage\",\"@id\":\"https:\\\/\\\/www.meydan.tv\\\/az\\\/article\\\/dukan-sahibi-nisyeni-kesse-acindan-qirilacagiq\\\/\",\"url\":\"https:\\\/\\\/www.meydan.tv\\\/az\\\/article\\\/dukan-sahibi-nisyeni-kesse-acindan-qirilacagiq\\\/\",\"name\":\"\u201cD\u00fckan sahibi nisy\u0259ni k\u0259ss\u0259, ac\u0131ndan q\u0131r\u0131laca\u011f\u0131q\u201d - MEYDAN.TV\",\"isPartOf\":{\"@id\":\"https:\\\/\\\/www.meydan.tv\\\/az\\\/#website\"},\"primaryImageOfPage\":{\"@id\":\"https:\\\/\\\/www.meydan.tv\\\/az\\\/article\\\/dukan-sahibi-nisyeni-kesse-acindan-qirilacagiq\\\/#primaryimage\"},\"image\":{\"@id\":\"https:\\\/\\\/www.meydan.tv\\\/az\\\/article\\\/dukan-sahibi-nisyeni-kesse-acindan-qirilacagiq\\\/#primaryimage\"},\"thumbnailUrl\":\"https:\\\/\\\/www.meydan.tv\\\/wp-content\\\/uploads\\\/image_from_ios_4_dfow0qv.jpg\",\"datePublished\":\"2019-12-17T19:17:04+00:00\",\"breadcrumb\":{\"@id\":\"https:\\\/\\\/www.meydan.tv\\\/az\\\/article\\\/dukan-sahibi-nisyeni-kesse-acindan-qirilacagiq\\\/#breadcrumb\"},\"inLanguage\":\"az\",\"potentialAction\":[{\"@type\":\"ReadAction\",\"target\":[\"https:\\\/\\\/www.meydan.tv\\\/az\\\/article\\\/dukan-sahibi-nisyeni-kesse-acindan-qirilacagiq\\\/\"]}]},{\"@type\":\"ImageObject\",\"inLanguage\":\"az\",\"@id\":\"https:\\\/\\\/www.meydan.tv\\\/az\\\/article\\\/dukan-sahibi-nisyeni-kesse-acindan-qirilacagiq\\\/#primaryimage\",\"url\":\"https:\\\/\\\/www.meydan.tv\\\/wp-content\\\/uploads\\\/image_from_ios_4_dfow0qv.jpg\",\"contentUrl\":\"https:\\\/\\\/www.meydan.tv\\\/wp-content\\\/uploads\\\/image_from_ios_4_dfow0qv.jpg\",\"width\":1024,\"height\":764,\"caption\":\"Source: Specify Source\"},{\"@type\":\"BreadcrumbList\",\"@id\":\"https:\\\/\\\/www.meydan.tv\\\/az\\\/article\\\/dukan-sahibi-nisyeni-kesse-acindan-qirilacagiq\\\/#breadcrumb\",\"itemListElement\":[{\"@type\":\"ListItem\",\"position\":1,\"name\":\"Ana s\u0259hif\u0259\",\"item\":\"https:\\\/\\\/www.meydan.tv\\\/az\\\/\"},{\"@type\":\"ListItem\",\"position\":2,\"name\":\"B\u00f6lg\u0259\",\"item\":\"https:\\\/\\\/www.meydan.tv\\\/az\\\/section\\\/bolge\\\/\"},{\"@type\":\"ListItem\",\"position\":3,\"name\":\"\u201cD\u00fckan sahibi nisy\u0259ni k\u0259ss\u0259, ac\u0131ndan q\u0131r\u0131laca\u011f\u0131q\u201d\"}]},{\"@type\":\"WebSite\",\"@id\":\"https:\\\/\\\/www.meydan.tv\\\/az\\\/#website\",\"url\":\"https:\\\/\\\/www.meydan.tv\\\/az\\\/\",\"name\":\"MEYDAN.TV\",\"description\":\"Meydan TV Az\u0259rbaycan\u0131n media m\u0259kan\u0131ndak\u0131 alternativ s\u0259sidir\",\"publisher\":{\"@id\":\"https:\\\/\\\/www.meydan.tv\\\/az\\\/#organization\"},\"potentialAction\":[{\"@type\":\"SearchAction\",\"target\":{\"@type\":\"EntryPoint\",\"urlTemplate\":\"https:\\\/\\\/www.meydan.tv\\\/az\\\/?s={search_term_string}\"},\"query-input\":{\"@type\":\"PropertyValueSpecification\",\"valueRequired\":true,\"valueName\":\"search_term_string\"}}],\"inLanguage\":\"az\"},{\"@type\":\"Organization\",\"@id\":\"https:\\\/\\\/www.meydan.tv\\\/az\\\/#organization\",\"name\":\"Meydan TV\",\"url\":\"https:\\\/\\\/www.meydan.tv\\\/az\\\/\",\"logo\":{\"@type\":\"ImageObject\",\"inLanguage\":\"az\",\"@id\":\"https:\\\/\\\/www.meydan.tv\\\/az\\\/#\\\/schema\\\/logo\\\/image\\\/\",\"url\":\"https:\\\/\\\/www.meydan.tv\\\/wp-content\\\/uploads\\\/2021\\\/07\\\/meydan-logo.svg\",\"contentUrl\":\"https:\\\/\\\/www.meydan.tv\\\/wp-content\\\/uploads\\\/2021\\\/07\\\/meydan-logo.svg\",\"width\":195,\"height\":46,\"caption\":\"Meydan TV\"},\"image\":{\"@id\":\"https:\\\/\\\/www.meydan.tv\\\/az\\\/#\\\/schema\\\/logo\\\/image\\\/\"}},{\"@type\":\"Person\",\"@id\":\"https:\\\/\\\/www.meydan.tv\\\/az\\\/#\\\/schema\\\/person\\\/10d11eccf6da3662cf5fdab9806ea91a\",\"name\":\"user-manager\"}]}<\/script>\n<!-- \/ Yoast SEO plugin. -->","yoast_head_json":{"title":"\u201cD\u00fckan sahibi nisy\u0259ni k\u0259ss\u0259, ac\u0131ndan q\u0131r\u0131laca\u011f\u0131q\u201d - MEYDAN.TV","robots":{"index":"index","follow":"follow","max-snippet":"max-snippet:-1","max-image-preview":"max-image-preview:large","max-video-preview":"max-video-preview:-1"},"canonical":"https:\/\/www.meydan.tv\/az\/article\/dukan-sahibi-nisyeni-kesse-acindan-qirilacagiq\/","og_locale":"az_AZ","og_type":"article","og_title":"\u201cD\u00fckan sahibi nisy\u0259ni k\u0259ss\u0259, ac\u0131ndan q\u0131r\u0131laca\u011f\u0131q\u201d - MEYDAN.TV","og_description":"\u201cHamam\u0131m\u0131z yoxdur, l\u0259y\u0259n qoyub \u00e7imirik\u201d","og_url":"https:\/\/www.meydan.tv\/az\/article\/dukan-sahibi-nisyeni-kesse-acindan-qirilacagiq\/","og_site_name":"MEYDAN.TV","article_published_time":"2019-12-17T19:17:04+00:00","og_image":[{"width":1024,"height":764,"url":"https:\/\/www.meydan.tv\/wp-content\/uploads\/image_from_ios_4_dfow0qv.jpg","type":"image\/jpeg"}],"author":"user-manager","twitter_card":"summary_large_image","schema":{"@context":"https:\/\/schema.org","@graph":[{"@type":"Article","@id":"https:\/\/www.meydan.tv\/az\/article\/dukan-sahibi-nisyeni-kesse-acindan-qirilacagiq\/#article","isPartOf":{"@id":"https:\/\/www.meydan.tv\/az\/article\/dukan-sahibi-nisyeni-kesse-acindan-qirilacagiq\/"},"author":{"name":"user-manager","@id":"https:\/\/www.meydan.tv\/az\/#\/schema\/person\/10d11eccf6da3662cf5fdab9806ea91a"},"headline":"\u201cD\u00fckan sahibi nisy\u0259ni k\u0259ss\u0259, ac\u0131ndan q\u0131r\u0131laca\u011f\u0131q\u201d","datePublished":"2019-12-17T19:17:04+00:00","mainEntityOfPage":{"@id":"https:\/\/www.meydan.tv\/az\/article\/dukan-sahibi-nisyeni-kesse-acindan-qirilacagiq\/"},"wordCount":873,"publisher":{"@id":"https:\/\/www.meydan.tv\/az\/#organization"},"image":{"@id":"https:\/\/www.meydan.tv\/az\/article\/dukan-sahibi-nisyeni-kesse-acindan-qirilacagiq\/#primaryimage"},"thumbnailUrl":"https:\/\/www.meydan.tv\/wp-content\/uploads\/image_from_ios_4_dfow0qv.jpg","articleSection":["B\u00f6lg\u0259"],"inLanguage":"az"},{"@type":"WebPage","@id":"https:\/\/www.meydan.tv\/az\/article\/dukan-sahibi-nisyeni-kesse-acindan-qirilacagiq\/","url":"https:\/\/www.meydan.tv\/az\/article\/dukan-sahibi-nisyeni-kesse-acindan-qirilacagiq\/","name":"\u201cD\u00fckan sahibi nisy\u0259ni k\u0259ss\u0259, ac\u0131ndan q\u0131r\u0131laca\u011f\u0131q\u201d - MEYDAN.TV","isPartOf":{"@id":"https:\/\/www.meydan.tv\/az\/#website"},"primaryImageOfPage":{"@id":"https:\/\/www.meydan.tv\/az\/article\/dukan-sahibi-nisyeni-kesse-acindan-qirilacagiq\/#primaryimage"},"image":{"@id":"https:\/\/www.meydan.tv\/az\/article\/dukan-sahibi-nisyeni-kesse-acindan-qirilacagiq\/#primaryimage"},"thumbnailUrl":"https:\/\/www.meydan.tv\/wp-content\/uploads\/image_from_ios_4_dfow0qv.jpg","datePublished":"2019-12-17T19:17:04+00:00","breadcrumb":{"@id":"https:\/\/www.meydan.tv\/az\/article\/dukan-sahibi-nisyeni-kesse-acindan-qirilacagiq\/#breadcrumb"},"inLanguage":"az","potentialAction":[{"@type":"ReadAction","target":["https:\/\/www.meydan.tv\/az\/article\/dukan-sahibi-nisyeni-kesse-acindan-qirilacagiq\/"]}]},{"@type":"ImageObject","inLanguage":"az","@id":"https:\/\/www.meydan.tv\/az\/article\/dukan-sahibi-nisyeni-kesse-acindan-qirilacagiq\/#primaryimage","url":"https:\/\/www.meydan.tv\/wp-content\/uploads\/image_from_ios_4_dfow0qv.jpg","contentUrl":"https:\/\/www.meydan.tv\/wp-content\/uploads\/image_from_ios_4_dfow0qv.jpg","width":1024,"height":764,"caption":"Source: Specify Source"},{"@type":"BreadcrumbList","@id":"https:\/\/www.meydan.tv\/az\/article\/dukan-sahibi-nisyeni-kesse-acindan-qirilacagiq\/#breadcrumb","itemListElement":[{"@type":"ListItem","position":1,"name":"Ana s\u0259hif\u0259","item":"https:\/\/www.meydan.tv\/az\/"},{"@type":"ListItem","position":2,"name":"B\u00f6lg\u0259","item":"https:\/\/www.meydan.tv\/az\/section\/bolge\/"},{"@type":"ListItem","position":3,"name":"\u201cD\u00fckan sahibi nisy\u0259ni k\u0259ss\u0259, ac\u0131ndan q\u0131r\u0131laca\u011f\u0131q\u201d"}]},{"@type":"WebSite","@id":"https:\/\/www.meydan.tv\/az\/#website","url":"https:\/\/www.meydan.tv\/az\/","name":"MEYDAN.TV","description":"Meydan TV Az\u0259rbaycan\u0131n media m\u0259kan\u0131ndak\u0131 alternativ s\u0259sidir","publisher":{"@id":"https:\/\/www.meydan.tv\/az\/#organization"},"potentialAction":[{"@type":"SearchAction","target":{"@type":"EntryPoint","urlTemplate":"https:\/\/www.meydan.tv\/az\/?s={search_term_string}"},"query-input":{"@type":"PropertyValueSpecification","valueRequired":true,"valueName":"search_term_string"}}],"inLanguage":"az"},{"@type":"Organization","@id":"https:\/\/www.meydan.tv\/az\/#organization","name":"Meydan TV","url":"https:\/\/www.meydan.tv\/az\/","logo":{"@type":"ImageObject","inLanguage":"az","@id":"https:\/\/www.meydan.tv\/az\/#\/schema\/logo\/image\/","url":"https:\/\/www.meydan.tv\/wp-content\/uploads\/2021\/07\/meydan-logo.svg","contentUrl":"https:\/\/www.meydan.tv\/wp-content\/uploads\/2021\/07\/meydan-logo.svg","width":195,"height":46,"caption":"Meydan TV"},"image":{"@id":"https:\/\/www.meydan.tv\/az\/#\/schema\/logo\/image\/"}},{"@type":"Person","@id":"https:\/\/www.meydan.tv\/az\/#\/schema\/person\/10d11eccf6da3662cf5fdab9806ea91a","name":"user-manager"}]}},"_links":{"self":[{"href":"https:\/\/www.meydan.tv\/az\/wp-json\/wp\/v2\/posts\/198407","targetHints":{"allow":["GET"]}}],"collection":[{"href":"https:\/\/www.meydan.tv\/az\/wp-json\/wp\/v2\/posts"}],"about":[{"href":"https:\/\/www.meydan.tv\/az\/wp-json\/wp\/v2\/types\/post"}],"author":[{"embeddable":true,"href":"https:\/\/www.meydan.tv\/az\/wp-json\/wp\/v2\/users\/11"}],"replies":[{"embeddable":true,"href":"https:\/\/www.meydan.tv\/az\/wp-json\/wp\/v2\/comments?post=198407"}],"version-history":[{"count":0,"href":"https:\/\/www.meydan.tv\/az\/wp-json\/wp\/v2\/posts\/198407\/revisions"}],"wp:featuredmedia":[{"embeddable":true,"href":"https:\/\/www.meydan.tv\/az\/wp-json\/wp\/v2\/media\/134478"}],"wp:attachment":[{"href":"https:\/\/www.meydan.tv\/az\/wp-json\/wp\/v2\/media?parent=198407"}],"wp:term":[{"taxonomy":"category","embeddable":true,"href":"https:\/\/www.meydan.tv\/az\/wp-json\/wp\/v2\/categories?post=198407"},{"taxonomy":"post_tag","embeddable":true,"href":"https:\/\/www.meydan.tv\/az\/wp-json\/wp\/v2\/tags?post=198407"}],"curies":[{"name":"wp","href":"https:\/\/api.w.org\/{rel}","templated":true}]}}