{"id":198406,"date":"2019-12-17T14:57:31","date_gmt":"2019-12-17T14:57:31","guid":{"rendered":"https:\/\/www.meydan.tv\/article\/musali-sakinleri-teze-mekteb-temirli-yol-qaz-xetti-tibb-menteqesi-aptek-isteyirik\/"},"modified":"2019-12-17T14:57:31","modified_gmt":"2019-12-17T14:57:31","slug":"musali-sakinleri-teze-mekteb-temirli-yol-qaz-xetti-tibb-menteqesi-aptek-isteyirik","status":"publish","type":"post","link":"https:\/\/www.meydan.tv\/az\/article\/musali-sakinleri-teze-mekteb-temirli-yol-qaz-xetti-tibb-menteqesi-aptek-isteyirik\/","title":{"rendered":"Musal\u0131 sakinl\u0259ri: T\u0259z\u0259 m\u0259kt\u0259b, t\u0259mirli yol, qaz x\u0259tti, tibb m\u0259nt\u0259q\u0259si, aptek ist\u0259yirik"},"content":{"rendered":"<p>\n  <i><br \/>\n    K\u0259ndlil\u0259r deyir, sosial probleml\u0259r h\u0259llini tapmad\u0131qca, ba\u015fqa yerl\u0259r\u0259 k\u00f6\u00e7 etm\u0259kd\u0259n ba\u015fqa \u00e7ar\u0259l\u0259ri qalm\u0131r<br \/>\n  <\/i>\n<\/p>\n<p>\n  &quot;Aradabir Bak\u0131dan g\u0259lirl\u0259r, m\u0259kt\u0259bi, yollar\u0131 sa\u011fdan-soldan \u00e7\u0259kirl\u0259r, sonra da gedib icra hakimiyy\u0259tind\u0259n, t\u0259hsil \u015f\u00f6b\u0259sind\u0259n dil\u0259n\u00e7i kimi pullar\u0131n\u0131 al\u0131b, \u00e7\u0259kdikl\u0259ri videolar\u0131 da silib, qay\u0131d\u0131rlar Bak\u0131ya&#8230;\u201d\n<\/p>\n<p>\n  C\u0259lilabad\u0131n Musal\u0131 k\u0259nd sakinl\u0259ri Meydan TV-y\u0259 probleml\u0259rind\u0259n dan\u0131\u015f\u0131rlar. Onlar\u0131n \u0259sas \u015fikay\u0259tl\u0259ri k\u0259nd orta m\u0259kt\u0259binin binas\u0131, k\u0259nd yollar\u0131, mavi yanaca\u011f\u0131n, k\u0259ndd\u0259 tibb m\u0259nt\u0259q\u0259sinin, aptekin olmamas\u0131d\u0131r.\n<\/p>\n<p>\n  <b><br \/>\n    \u201c61 ilin m\u0259kt\u0259bi t\u0259mir olunmur\u201d<br \/>\n  <\/b>\n<\/p>\n<p>\n  Sakinl\u0259rin s\u00f6zl\u0259rin\u0259 g\u00f6r\u0259, 200-\u0259 yax\u0131n \u015fagirdin t\u0259hsil ald\u0131\u011f\u0131 11 illik k\u0259nd orta m\u0259kt\u0259binin binas\u0131 1958-ci ild\u0259 istifad\u0259y\u0259 verilib. 61 ildir ki, f\u0259aliyy\u0259t g\u00f6st\u0259r\u0259n m\u0259kt\u0259b ara-s\u0131ra el\u0259 sovet vaxt\u0131 t\u0259mir olunurmu\u015f:\n<\/p>\n<p>\n  \u201cO vaxtlar aradabir dam \u00f6rt\u00fcy\u00fc t\u0259z\u0259l\u0259nirdi, \u015f\u00fc\u015f\u0259si, qap\u0131s\u0131 d\u0259yi\u015fdirilirdi, sinif otaqlar\u0131n\u0131n, d\u0259hlizl\u0259rin divarlar\u0131 r\u0259ngl\u0259nirdi, avadanl\u0131qlar yenil\u0259nirdi&#8230; 30 il\u0259 yax\u0131nd\u0131r ki, m\u0259kt\u0259bd\u0259 bu i\u015fl\u0259r g\u00f6r\u00fclm\u00fcr. D\u00f6\u015f\u0259m\u0259l\u0259r \u00e7\u00fcr\u00fcy\u00fcb, dam \u00f6rt\u00fcy\u00fc da\u011f\u0131l\u0131b, sinif otaqlar\u0131nda d\u0259rs vaxt\u0131 u\u015faqlar\u0131n aya\u011f\u0131n\u0131n alt\u0131ndan si\u00e7ovullar qa\u00e7\u0131r. Partalar, stullar s\u0131n\u0131q-salxaqd\u0131r. He\u00e7 bir d\u0259rs l\u0259vazimat\u0131 yoxdur. Bu \u015f\u0259raitd\u0259 hans\u0131 t\u0259hsild\u0259n s\u00f6hb\u0259t ged\u0259 bil\u0259r? Ham\u0131 m\u0259kt\u0259b\u0259 sad\u0259c\u0259 vaxt ke\u00e7irm\u0259k \u00fc\u00e7\u00fcn gedir \u2013 m\u00fc\u0259lliml\u0259r d\u0259, \u015fagirdl\u0259r d\u0259&#8230; G\u0259r\u0259k m\u00fc\u0259llimin \u0259linin alt\u0131nda avadanl\u0131q, d\u0259rs v\u0259saiti, normal, m\u00fcasir standarta cavab ver\u0259n d\u0259rs l\u0259vazimat\u0131 olsun ki, \u015fagird\u0259 d\u0259rs ke\u00e7sin. M\u00fc\u0259llim d\u0259, \u015fagird d\u0259 sinifd\u0259 z\u0259ng vurulanad\u0259k \u00f6z\u00fcn\u00fc si\u00e7ovullardan qorumaqla m\u0259\u015f\u011fuldur\u201d.\n<\/p>\n<figure class=\"wp-block-image size-large\">\n  <img decoding=\"async\" src=\"https:\/\/www.meydan.tv\/az\/20191217_144536-jpg\/\" alt=\"20191217_144536.jpg\" class=\"wp-image-134463\"\/><figcaption>\n    &#8220;Ham\u0131 m\u0259kt\u0259b\u0259 sad\u0259c\u0259 vaxt ke\u00e7irm\u0259k \u00fc\u00e7\u00fcn gedir \u2013 m\u00fc\u0259lliml\u0259r d\u0259, \u015fagirdl\u0259r d\u0259&#8230;&#8221;<br \/>\n  <\/figcaption><\/figure>\n<p>\n  <b><br \/>\n    <i><br \/>\n      \u201cX\u0259st\u0259l\u0259rimizi Yard\u0131ml\u0131 yolunacan zorla \u00e7atd\u0131r\u0131r\u0131q\u201d<br \/>\n    <\/i><br \/>\n  <\/b>\n<\/p>\n<p>\n  Sakinl\u0259r deyir, \u00f6t\u0259n q\u0131\u015f m\u0259kt\u0259b \u015fagirdl\u0259rin g\u0259tirdikl\u0259ri odunla isinirmi\u015f.\n<\/p>\n<p>\n  \u201cU\u015faqlar m\u0259kt\u0259b\u0259 n\u00f6vb\u0259yl\u0259 odun apar\u0131rd\u0131lar. \u00d6t\u0259n q\u0131\u015f u\u015faqlara n\u00f6vb\u0259ti d\u0259f\u0259 m\u0259kt\u0259b\u0259 odun g\u0259tirm\u0259l\u0259ri tap\u015f\u0131r\u0131landa etiraz etdik, m\u0259kt\u0259b bir ne\u00e7\u0259 g\u00fcn isinm\u0259di, u\u015faqlar\u0131 m\u0259kt\u0259b\u0259 buraxmad\u0131q, icra hakimiyy\u0259ti g\u00f6r\u0259nd\u0259 ki, valideynl\u0259r dir\u0259nib, \u00f6zl\u0259ri odun problemini h\u0259ll etdil\u0259r. Bu il is\u0259 h\u0259l\u0259lik m\u0259kt\u0259bd\u0259 odun problemi yoxdur. Qar\u015f\u0131dak\u0131 daha soyuq, s\u0259rt aylarda v\u0259ziyy\u0259t nec\u0259 olacaq, bilmirik\u201d, &#8211; valideynl\u0259rd\u0259n biri deyir.\n<\/p>\n<p>\n  Sakinl\u0259ri narahat ed\u0259n m\u0259s\u0259l\u0259l\u0259rd\u0259n biri d\u0259 k\u0259ndi\u00e7i yollard\u0131r. Onlar\u0131n dem\u0259sin\u0259 g\u00f6r\u0259, \u0259sas\u0259n q\u0131\u015f aylar\u0131nda yollar\u0131n ke\u00e7ilm\u0259zliyidir:\n<\/p>\n<p>\n  \u201cA\u011f\u0131r x\u0259st\u0259miz olanda Yard\u0131ml\u0131 yoluna q\u0259d\u0259r zorla apar\u0131b \u00e7atd\u0131r\u0131r\u0131q. B\u0259z\u0259n diz\u0259 q\u0259d\u0259r pal\u00e7\u0131q olur. U\u015faqlar\u0131 m\u0259kt\u0259b\u0259 g\u00f6nd\u0259r\u0259nd\u0259 ayaqqab\u0131lar\u0131n\u0131n \u00fcst\u00fcnd\u0259n sellofan ba\u011flay\u0131r\u0131q. \u0130mkan vers\u0259l\u0259r, he\u00e7 olmasa \u00f6z\u00fcm\u00fcz me\u015f\u0259d\u0259n torpaq g\u0259tirib, \u00e7\u0131nq\u0131lla qar\u0131\u015fd\u0131r\u0131b k\u0259ndi\u00e7i yollara t\u00f6k\u0259rik. Me\u015f\u0259d\u0259n torpaq da\u015f\u0131ma\u011fa da icaz\u0259 yoxdur\u201d.\n<\/p>\n<p>\n  <b><br \/>\n    <i><br \/>\n      \u201cH\u0259r ail\u0259y\u0259 odun limiti ay\u0131rs\u0131nlar\u201d<br \/>\n    <\/i><br \/>\n  <\/b>\n<\/p>\n<p>\n  H\u0259l\u0259 Sovet vaxt\u0131ndan k\u0259ndd\u0259 qaz x\u0259tti olmay\u0131b. Sakinl\u0259r deyir, odunun da ilb\u0259il bahala\u015fmas\u0131 v\u0259ziyy\u0259ti a\u011f\u0131rla\u015fd\u0131r\u0131r:\n<\/p>\n<p>\n  \u201cBunun bir \u00e7\u0131x\u0131\u015f yolu olmal\u0131d\u0131r. Ya h\u0259r ail\u0259 \u00fc\u00e7\u00fcn limit ay\u0131rs\u0131nlar, me\u015f\u0259d\u0259n \u00f6zl\u0259ri odun pay\u0131 versinl\u0259r, ya qaz m\u0259s\u0259l\u0259sini h\u0259ll etsinl\u0259r. Bizi me\u015f\u0259y\u0259 yax\u0131n buraxm\u0131rlar, \u00f6zl\u0259ri me\u015f\u0259ni k\u0259sib, g\u0259tirib odunu biz\u0259 be\u015fqat qiym\u0259t\u0259 sat\u0131rlar. Me\u015f\u0259ni q\u0131rmaq olmazd\u0131sa, bu odunu hardan \u0259ld\u0259 edib, g\u0259tirib biz\u0259 sat\u0131rlar?\u201d\n<\/p>\n<p>\n  K\u0259ndlil\u0259r deyir, evl\u0259rd\u0259 elektrik cihazlar\u0131 qo\u015fmaq da m\u00fcmk\u00fcn deyil, \u00e7\u00fcnki elektrik naqill\u0259ri y\u00fckl\u0259nir v\u0259 q\u0131saqapanmalar ba\u015f verir.\n<\/p>\n<p>\n  K\u0259ndin daha bir problemi is\u0259 aptek v\u0259 tibb m\u0259nt\u0259q\u0259sinin olmamas\u0131d\u0131r:\n<\/p>\n<p>\n  \u201cBa\u015fa\u011fr\u0131 d\u0259rman\u0131na g\u00f6r\u0259 d\u0259 rayon m\u0259rk\u0259zin\u0259 getm\u0259li oluruq. K\u0259ndd\u0259 bir tibb m\u0259nt\u0259q\u0259si olsa, x\u0259st\u0259l\u0259r sistem k\u00f6\u00e7\u00fcrm\u0259sin\u0259, iyn\u0259 vurdurma\u011fa g\u00f6r\u0259 rayon m\u0259rk\u0259zin\u0259 getm\u0259z. Bir aptek olsa, laz\u0131m olan anda d\u0259rman \u00fc\u00e7\u00fcn m\u0259\u0259tt\u0259l qalmar\u0131q\u201d.\n<\/p>\n<p>\n  K\u0259ndd\u0259 i\u015fsizlik h\u00f6km s\u00fcr\u00fcr. Da\u011f k\u0259ndi oldu\u011funa g\u00f6r\u0259, k\u0259ndlil\u0259r \u0259kinl\u0259 geni\u015f m\u0259\u015f\u011ful ola bilmirl\u0259r. \u018fsas m\u0259\u015f\u011fuliyy\u0259tl\u0259ri heyvandarl\u0131qd\u0131r. Ancaq qeyd edildiyi kimi, yollar\u0131n b\u0259rbad olmas\u0131 heyvandarl\u0131\u011fa da mane olur.\n<\/p>\n<figure class=\"wp-block-image size-large\">\n  <img decoding=\"async\" src=\"https:\/\/www.meydan.tv\/az\/image_from_ios-1-jpg-81\/\" alt=\"image_from_ios (1).jpg\" class=\"wp-image-134457\"\/><figcaption>\n    &#8220;M\u00fc\u0259llim d\u0259, \u015fagird d\u0259 sinifd\u0259 z\u0259ng vurulanad\u0259k \u00f6z\u00fcn\u00fc si\u00e7ovullardan qorumaqla m\u0259\u015f\u011fuldur\u201d.<br \/>\n  <\/figcaption><\/figure>\n<p>\n  <b><br \/>\n    <i><br \/>\n      Direktor: \u201cT\u0259z\u0259 m\u0259kt\u0259b tikilm\u0259si 2023-c\u00fc il\u0259 planla\u015fd\u0131r\u0131l\u0131b\u201d<br \/>\n    <\/i><br \/>\n  <\/b>\n<\/p>\n<p>\n  Musal\u0131 k\u0259nd orta m\u0259kt\u0259binin direktoru \u0130srail Quliyev Meydan TV-y\u0259 bildirib ki, h\u00f6kum\u0259t 2019-cu ild\u0259 k\u0259ndd\u0259 yeni m\u0259kt\u0259b tikm\u0259li idi. Ancaq sonradan bu i\u015f 2023-c\u00fc il\u0259 qal\u0131b:\n<\/p>\n<p>\n  \u201c\u00c7ox s\u0259birsizlikl\u0259 g\u00f6zl\u0259yirdik ki, k\u0259ndd\u0259 yeni m\u0259kt\u0259b tikil\u0259c\u0259k. T\u0259\u0259ss\u00fcf ki, m\u0259n\u0259 m\u0259lum olmayan s\u0259b\u0259bl\u0259rd\u0259n m\u0259kt\u0259b tikintisi 2023-c\u00fc il\u0259 qald\u0131. \u018flb\u0259tt\u0259 ki, bir direktor olaraq m\u0259n d\u0259 m\u0259kt\u0259bin durumundan naraz\u0131yam. 1969-cu ild\u0259 pal\u00e7\u0131qdan tikilmi\u015f m\u0259kt\u0259bdir. El\u0259 pal\u00e7\u0131qdan oldu\u011fu \u00fc\u00e7\u00fcn divara r\u0259ng \u00e7\u0259k\u0259 bilmirik. \u00c7\u0259kdiyimiz r\u0259ng torpaqqar\u0131\u015f\u0131q ovulub t\u00f6k\u00fcl\u00fcr. Sinif otaqlar\u0131 t\u0259mirsiz v\u0259 \u015f\u0259raitsizdir. Ancaq odun m\u0259s\u0259l\u0259sin\u0259 g\u0259linc\u0259, valideynl\u0259r yanl\u0131\u015fl\u0131\u011fa yol verir. \u00c7\u00fcnki biz he\u00e7 vaxt valideyn hesab\u0131na odun problemi h\u0259ll etm\u0259mi\u015fik. Bunu hans\u0131 valideyn deyirs\u0259, bil\u0259siz ki, yalan dan\u0131\u015f\u0131r. D\u00f6vl\u0259tin biz\u0259 q\u0131\u015f m\u00f6vs\u00fcm\u00fc \u00fc\u00e7\u00fcn h\u0259r il ay\u0131rd\u0131\u011f\u0131 odun c\u0259mi 29 g\u00fcn \u00e7at\u0131r. Odun probleminin qalan hiss\u0259sini biz ya m\u00fc\u0259lliml\u0259rl\u0259 \u00f6z aram\u0131zda h\u0259ll edirik, ya da hans\u0131sa i\u015f adam\u0131 \u00e7\u0131x\u0131b m\u0259kt\u0259b\u0259 odun yard\u0131m\u0131 edir\u201d.\n<\/p>\n<p>\n  \u0130srail Quliyev deyir, \u015f\u0259raitsizliy\u0259 baxmayaraq, m\u0259kt\u0259bd\u0259 d\u0259rsl\u0259r normas\u0131nda ke\u00e7ir. Bunun n\u0259tic\u0259sidir ki, h\u0259r il k\u0259nd m\u0259kt\u0259binin bir ne\u00e7\u0259 m\u0259zunu y\u00fcks\u0259k n\u0259tic\u0259l\u0259r g\u00f6st\u0259rm\u0259kl\u0259 ali m\u0259kt\u0259b t\u0259l\u0259b\u0259si olur. Ancaq bununla yana\u015f\u0131, k\u0259ndd\u0259 \u00f6vladlar\u0131n\u0131 t\u0259hsil\u0259 meyll\u0259ndirm\u0259y\u0259nl\u0259r d\u0259 var:\n<\/p>\n<p>\n  \u201cG\u00f6r\u00fcrs\u0259n ki, u\u015faq g\u00fcnl\u0259rl\u0259 d\u0259rs\u0259 g\u0259lmir, k\u0259nd i\u00e7ind\u0259 valideyni il\u0259 qar\u015f\u0131la\u015f\u0131ram, deyir\u0259m, u\u015fa\u011f\u0131 niy\u0259 m\u0259kt\u0259b\u0259 g\u00f6nd\u0259rmirs\u0259n? Deyir, m\u0259kt\u0259b soyuqdur. Halbuki, sinifl\u0259r h\u0259mi\u015f\u0259 isti olur, evl\u0259rind\u0259n d\u0259 isti olur. \u201cM\u0259kt\u0259b soyuqdur\u201d dey\u0259n valideynl\u0259ri yan\u0131ma sal\u0131b g\u0259tirir\u0259m m\u0259kt\u0259b\u0259, deyir\u0259m, gir, bax, g\u00f6r, hans\u0131 sinif soyuqdur? Dem\u0259yim odur ki, u\u015fa\u011f\u0131n\u0131 oxutmaq ist\u0259m\u0259y\u0259n\u0259 h\u0259mi\u015f\u0259 b\u0259han\u0259 var. Oxumaq ist\u0259y\u0259n \u00fc\u00e7\u00fcn s\u0259rh\u0259d, b\u0259han\u0259 yoxdur\u201d.\n<\/p>\n<p>\n  C\u0259lilabad Rayon \u0130cra Hakimiyy\u0259tind\u0259n bildirilib ki Musal\u0131 ucqar k\u0259nd oldu\u011funa g\u00f6r\u0259 qazla\u015fd\u0131r\u0131lmas\u0131 m\u00fcmk\u00fcn deyil. K\u0259ndi\u00e7i yollara g\u0259linc\u0259, qurum n\u00f6vb\u0259ti b\u0259l\u0259diyy\u0259 se\u00e7kil\u0259rind\u0259n sonra bu m\u0259s\u0259l\u0259 il\u0259 ba\u011fl\u0131 k\u0259nd b\u0259l\u0259diyy\u0259sin\u0259 m\u00fcraci\u0259t ed\u0259c\u0259k.\n<\/p>\n<figure class=\"wp-block-image size-large\">\n  <img decoding=\"async\" src=\"https:\/\/www.meydan.tv\/az\/image_from_ios-2-jpg-79\/\" alt=\"image_from_ios (2).jpg\" class=\"wp-image-134466\"\/><figcaption>\n    &#8220;Bu \u015f\u0259raitd\u0259 hans\u0131 t\u0259hsild\u0259n s\u00f6hb\u0259t ged\u0259 bil\u0259r?&#8221;<br \/>\n  <\/figcaption><\/figure>\n","protected":false},"excerpt":{"rendered":"<p>&#8220;H\u0259l\u0259 Sovet vaxt\u0131ndan k\u0259ndd\u0259 qaz x\u0259tti olmay\u0131b&#8221;<\/p>\n","protected":false},"author":11,"featured_media":134454,"comment_status":"closed","ping_status":"open","sticky":false,"template":"","format":"standard","meta":{"_acf_changed":false,"_sitemap_exclude":false,"_sitemap_priority":"","_sitemap_frequency":"","footnotes":""},"categories":[60],"tags":[],"class_list":["post-198406","post","type-post","status-publish","format-standard","has-post-thumbnail","hentry","category-bolge","infinite-scroll-item","generate-columns","tablet-grid-50","mobile-grid-100","grid-parent","grid-33","no-featured-image-padding"],"acf":[],"yoast_head":"<!-- This site is optimized with the Yoast SEO plugin v27.5 - https:\/\/yoast.com\/product\/yoast-seo-wordpress\/ -->\n<title>Musal\u0131 sakinl\u0259ri: T\u0259z\u0259 m\u0259kt\u0259b, t\u0259mirli yol, qaz x\u0259tti, tibb m\u0259nt\u0259q\u0259si, aptek ist\u0259yirik - MEYDAN.TV<\/title>\n<meta name=\"robots\" content=\"index, follow, max-snippet:-1, max-image-preview:large, max-video-preview:-1\" \/>\n<link rel=\"canonical\" href=\"https:\/\/www.meydan.tv\/az\/article\/musali-sakinleri-teze-mekteb-temirli-yol-qaz-xetti-tibb-menteqesi-aptek-isteyirik\/\" \/>\n<meta property=\"og:locale\" content=\"az_AZ\" \/>\n<meta property=\"og:type\" content=\"article\" \/>\n<meta property=\"og:title\" content=\"Musal\u0131 sakinl\u0259ri: T\u0259z\u0259 m\u0259kt\u0259b, t\u0259mirli yol, qaz x\u0259tti, tibb m\u0259nt\u0259q\u0259si, aptek ist\u0259yirik - MEYDAN.TV\" \/>\n<meta property=\"og:description\" content=\"&quot;H\u0259l\u0259 Sovet vaxt\u0131ndan k\u0259ndd\u0259 qaz x\u0259tti olmay\u0131b&quot;\" \/>\n<meta property=\"og:url\" content=\"https:\/\/www.meydan.tv\/az\/article\/musali-sakinleri-teze-mekteb-temirli-yol-qaz-xetti-tibb-menteqesi-aptek-isteyirik\/\" \/>\n<meta property=\"og:site_name\" content=\"MEYDAN.TV\" \/>\n<meta property=\"article:published_time\" content=\"2019-12-17T14:57:31+00:00\" \/>\n<meta property=\"og:image\" content=\"https:\/\/www.meydan.tv\/wp-content\/uploads\/image_from_ios_wfkwbhi.jpg\" \/>\n\t<meta property=\"og:image:width\" content=\"960\" \/>\n\t<meta property=\"og:image:height\" content=\"540\" \/>\n\t<meta property=\"og:image:type\" content=\"image\/jpeg\" \/>\n<meta name=\"author\" content=\"user-manager\" \/>\n<meta name=\"twitter:card\" content=\"summary_large_image\" \/>\n<script type=\"application\/ld+json\" class=\"yoast-schema-graph\">{\"@context\":\"https:\\\/\\\/schema.org\",\"@graph\":[{\"@type\":\"Article\",\"@id\":\"https:\\\/\\\/www.meydan.tv\\\/az\\\/article\\\/musali-sakinleri-teze-mekteb-temirli-yol-qaz-xetti-tibb-menteqesi-aptek-isteyirik\\\/#article\",\"isPartOf\":{\"@id\":\"https:\\\/\\\/www.meydan.tv\\\/az\\\/article\\\/musali-sakinleri-teze-mekteb-temirli-yol-qaz-xetti-tibb-menteqesi-aptek-isteyirik\\\/\"},\"author\":{\"name\":\"user-manager\",\"@id\":\"https:\\\/\\\/www.meydan.tv\\\/az\\\/#\\\/schema\\\/person\\\/10d11eccf6da3662cf5fdab9806ea91a\"},\"headline\":\"Musal\u0131 sakinl\u0259ri: T\u0259z\u0259 m\u0259kt\u0259b, t\u0259mirli yol, qaz x\u0259tti, tibb m\u0259nt\u0259q\u0259si, aptek ist\u0259yirik\",\"datePublished\":\"2019-12-17T14:57:31+00:00\",\"mainEntityOfPage\":{\"@id\":\"https:\\\/\\\/www.meydan.tv\\\/az\\\/article\\\/musali-sakinleri-teze-mekteb-temirli-yol-qaz-xetti-tibb-menteqesi-aptek-isteyirik\\\/\"},\"wordCount\":1391,\"publisher\":{\"@id\":\"https:\\\/\\\/www.meydan.tv\\\/az\\\/#organization\"},\"image\":{\"@id\":\"https:\\\/\\\/www.meydan.tv\\\/az\\\/article\\\/musali-sakinleri-teze-mekteb-temirli-yol-qaz-xetti-tibb-menteqesi-aptek-isteyirik\\\/#primaryimage\"},\"thumbnailUrl\":\"https:\\\/\\\/www.meydan.tv\\\/wp-content\\\/uploads\\\/image_from_ios_wfkwbhi.jpg\",\"articleSection\":[\"B\u00f6lg\u0259\"],\"inLanguage\":\"az\"},{\"@type\":\"WebPage\",\"@id\":\"https:\\\/\\\/www.meydan.tv\\\/az\\\/article\\\/musali-sakinleri-teze-mekteb-temirli-yol-qaz-xetti-tibb-menteqesi-aptek-isteyirik\\\/\",\"url\":\"https:\\\/\\\/www.meydan.tv\\\/az\\\/article\\\/musali-sakinleri-teze-mekteb-temirli-yol-qaz-xetti-tibb-menteqesi-aptek-isteyirik\\\/\",\"name\":\"Musal\u0131 sakinl\u0259ri: T\u0259z\u0259 m\u0259kt\u0259b, t\u0259mirli yol, qaz x\u0259tti, tibb m\u0259nt\u0259q\u0259si, aptek ist\u0259yirik - MEYDAN.TV\",\"isPartOf\":{\"@id\":\"https:\\\/\\\/www.meydan.tv\\\/az\\\/#website\"},\"primaryImageOfPage\":{\"@id\":\"https:\\\/\\\/www.meydan.tv\\\/az\\\/article\\\/musali-sakinleri-teze-mekteb-temirli-yol-qaz-xetti-tibb-menteqesi-aptek-isteyirik\\\/#primaryimage\"},\"image\":{\"@id\":\"https:\\\/\\\/www.meydan.tv\\\/az\\\/article\\\/musali-sakinleri-teze-mekteb-temirli-yol-qaz-xetti-tibb-menteqesi-aptek-isteyirik\\\/#primaryimage\"},\"thumbnailUrl\":\"https:\\\/\\\/www.meydan.tv\\\/wp-content\\\/uploads\\\/image_from_ios_wfkwbhi.jpg\",\"datePublished\":\"2019-12-17T14:57:31+00:00\",\"breadcrumb\":{\"@id\":\"https:\\\/\\\/www.meydan.tv\\\/az\\\/article\\\/musali-sakinleri-teze-mekteb-temirli-yol-qaz-xetti-tibb-menteqesi-aptek-isteyirik\\\/#breadcrumb\"},\"inLanguage\":\"az\",\"potentialAction\":[{\"@type\":\"ReadAction\",\"target\":[\"https:\\\/\\\/www.meydan.tv\\\/az\\\/article\\\/musali-sakinleri-teze-mekteb-temirli-yol-qaz-xetti-tibb-menteqesi-aptek-isteyirik\\\/\"]}]},{\"@type\":\"ImageObject\",\"inLanguage\":\"az\",\"@id\":\"https:\\\/\\\/www.meydan.tv\\\/az\\\/article\\\/musali-sakinleri-teze-mekteb-temirli-yol-qaz-xetti-tibb-menteqesi-aptek-isteyirik\\\/#primaryimage\",\"url\":\"https:\\\/\\\/www.meydan.tv\\\/wp-content\\\/uploads\\\/image_from_ios_wfkwbhi.jpg\",\"contentUrl\":\"https:\\\/\\\/www.meydan.tv\\\/wp-content\\\/uploads\\\/image_from_ios_wfkwbhi.jpg\",\"width\":960,\"height\":540,\"caption\":\"Source: Specify Source\"},{\"@type\":\"BreadcrumbList\",\"@id\":\"https:\\\/\\\/www.meydan.tv\\\/az\\\/article\\\/musali-sakinleri-teze-mekteb-temirli-yol-qaz-xetti-tibb-menteqesi-aptek-isteyirik\\\/#breadcrumb\",\"itemListElement\":[{\"@type\":\"ListItem\",\"position\":1,\"name\":\"Ana s\u0259hif\u0259\",\"item\":\"https:\\\/\\\/www.meydan.tv\\\/az\\\/\"},{\"@type\":\"ListItem\",\"position\":2,\"name\":\"B\u00f6lg\u0259\",\"item\":\"https:\\\/\\\/www.meydan.tv\\\/az\\\/section\\\/bolge\\\/\"},{\"@type\":\"ListItem\",\"position\":3,\"name\":\"Musal\u0131 sakinl\u0259ri: T\u0259z\u0259 m\u0259kt\u0259b, t\u0259mirli yol, qaz x\u0259tti, tibb m\u0259nt\u0259q\u0259si, aptek ist\u0259yirik\"}]},{\"@type\":\"WebSite\",\"@id\":\"https:\\\/\\\/www.meydan.tv\\\/az\\\/#website\",\"url\":\"https:\\\/\\\/www.meydan.tv\\\/az\\\/\",\"name\":\"MEYDAN.TV\",\"description\":\"Meydan TV Az\u0259rbaycan\u0131n media m\u0259kan\u0131ndak\u0131 alternativ s\u0259sidir\",\"publisher\":{\"@id\":\"https:\\\/\\\/www.meydan.tv\\\/az\\\/#organization\"},\"potentialAction\":[{\"@type\":\"SearchAction\",\"target\":{\"@type\":\"EntryPoint\",\"urlTemplate\":\"https:\\\/\\\/www.meydan.tv\\\/az\\\/?s={search_term_string}\"},\"query-input\":{\"@type\":\"PropertyValueSpecification\",\"valueRequired\":true,\"valueName\":\"search_term_string\"}}],\"inLanguage\":\"az\"},{\"@type\":\"Organization\",\"@id\":\"https:\\\/\\\/www.meydan.tv\\\/az\\\/#organization\",\"name\":\"Meydan TV\",\"url\":\"https:\\\/\\\/www.meydan.tv\\\/az\\\/\",\"logo\":{\"@type\":\"ImageObject\",\"inLanguage\":\"az\",\"@id\":\"https:\\\/\\\/www.meydan.tv\\\/az\\\/#\\\/schema\\\/logo\\\/image\\\/\",\"url\":\"https:\\\/\\\/www.meydan.tv\\\/wp-content\\\/uploads\\\/2021\\\/07\\\/meydan-logo.svg\",\"contentUrl\":\"https:\\\/\\\/www.meydan.tv\\\/wp-content\\\/uploads\\\/2021\\\/07\\\/meydan-logo.svg\",\"width\":195,\"height\":46,\"caption\":\"Meydan TV\"},\"image\":{\"@id\":\"https:\\\/\\\/www.meydan.tv\\\/az\\\/#\\\/schema\\\/logo\\\/image\\\/\"}},{\"@type\":\"Person\",\"@id\":\"https:\\\/\\\/www.meydan.tv\\\/az\\\/#\\\/schema\\\/person\\\/10d11eccf6da3662cf5fdab9806ea91a\",\"name\":\"user-manager\"}]}<\/script>\n<!-- \/ Yoast SEO plugin. -->","yoast_head_json":{"title":"Musal\u0131 sakinl\u0259ri: T\u0259z\u0259 m\u0259kt\u0259b, t\u0259mirli yol, qaz x\u0259tti, tibb m\u0259nt\u0259q\u0259si, aptek ist\u0259yirik - MEYDAN.TV","robots":{"index":"index","follow":"follow","max-snippet":"max-snippet:-1","max-image-preview":"max-image-preview:large","max-video-preview":"max-video-preview:-1"},"canonical":"https:\/\/www.meydan.tv\/az\/article\/musali-sakinleri-teze-mekteb-temirli-yol-qaz-xetti-tibb-menteqesi-aptek-isteyirik\/","og_locale":"az_AZ","og_type":"article","og_title":"Musal\u0131 sakinl\u0259ri: T\u0259z\u0259 m\u0259kt\u0259b, t\u0259mirli yol, qaz x\u0259tti, tibb m\u0259nt\u0259q\u0259si, aptek ist\u0259yirik - MEYDAN.TV","og_description":"\"H\u0259l\u0259 Sovet vaxt\u0131ndan k\u0259ndd\u0259 qaz x\u0259tti olmay\u0131b\"","og_url":"https:\/\/www.meydan.tv\/az\/article\/musali-sakinleri-teze-mekteb-temirli-yol-qaz-xetti-tibb-menteqesi-aptek-isteyirik\/","og_site_name":"MEYDAN.TV","article_published_time":"2019-12-17T14:57:31+00:00","og_image":[{"width":960,"height":540,"url":"https:\/\/www.meydan.tv\/wp-content\/uploads\/image_from_ios_wfkwbhi.jpg","type":"image\/jpeg"}],"author":"user-manager","twitter_card":"summary_large_image","schema":{"@context":"https:\/\/schema.org","@graph":[{"@type":"Article","@id":"https:\/\/www.meydan.tv\/az\/article\/musali-sakinleri-teze-mekteb-temirli-yol-qaz-xetti-tibb-menteqesi-aptek-isteyirik\/#article","isPartOf":{"@id":"https:\/\/www.meydan.tv\/az\/article\/musali-sakinleri-teze-mekteb-temirli-yol-qaz-xetti-tibb-menteqesi-aptek-isteyirik\/"},"author":{"name":"user-manager","@id":"https:\/\/www.meydan.tv\/az\/#\/schema\/person\/10d11eccf6da3662cf5fdab9806ea91a"},"headline":"Musal\u0131 sakinl\u0259ri: T\u0259z\u0259 m\u0259kt\u0259b, t\u0259mirli yol, qaz x\u0259tti, tibb m\u0259nt\u0259q\u0259si, aptek ist\u0259yirik","datePublished":"2019-12-17T14:57:31+00:00","mainEntityOfPage":{"@id":"https:\/\/www.meydan.tv\/az\/article\/musali-sakinleri-teze-mekteb-temirli-yol-qaz-xetti-tibb-menteqesi-aptek-isteyirik\/"},"wordCount":1391,"publisher":{"@id":"https:\/\/www.meydan.tv\/az\/#organization"},"image":{"@id":"https:\/\/www.meydan.tv\/az\/article\/musali-sakinleri-teze-mekteb-temirli-yol-qaz-xetti-tibb-menteqesi-aptek-isteyirik\/#primaryimage"},"thumbnailUrl":"https:\/\/www.meydan.tv\/wp-content\/uploads\/image_from_ios_wfkwbhi.jpg","articleSection":["B\u00f6lg\u0259"],"inLanguage":"az"},{"@type":"WebPage","@id":"https:\/\/www.meydan.tv\/az\/article\/musali-sakinleri-teze-mekteb-temirli-yol-qaz-xetti-tibb-menteqesi-aptek-isteyirik\/","url":"https:\/\/www.meydan.tv\/az\/article\/musali-sakinleri-teze-mekteb-temirli-yol-qaz-xetti-tibb-menteqesi-aptek-isteyirik\/","name":"Musal\u0131 sakinl\u0259ri: T\u0259z\u0259 m\u0259kt\u0259b, t\u0259mirli yol, qaz x\u0259tti, tibb m\u0259nt\u0259q\u0259si, aptek ist\u0259yirik - MEYDAN.TV","isPartOf":{"@id":"https:\/\/www.meydan.tv\/az\/#website"},"primaryImageOfPage":{"@id":"https:\/\/www.meydan.tv\/az\/article\/musali-sakinleri-teze-mekteb-temirli-yol-qaz-xetti-tibb-menteqesi-aptek-isteyirik\/#primaryimage"},"image":{"@id":"https:\/\/www.meydan.tv\/az\/article\/musali-sakinleri-teze-mekteb-temirli-yol-qaz-xetti-tibb-menteqesi-aptek-isteyirik\/#primaryimage"},"thumbnailUrl":"https:\/\/www.meydan.tv\/wp-content\/uploads\/image_from_ios_wfkwbhi.jpg","datePublished":"2019-12-17T14:57:31+00:00","breadcrumb":{"@id":"https:\/\/www.meydan.tv\/az\/article\/musali-sakinleri-teze-mekteb-temirli-yol-qaz-xetti-tibb-menteqesi-aptek-isteyirik\/#breadcrumb"},"inLanguage":"az","potentialAction":[{"@type":"ReadAction","target":["https:\/\/www.meydan.tv\/az\/article\/musali-sakinleri-teze-mekteb-temirli-yol-qaz-xetti-tibb-menteqesi-aptek-isteyirik\/"]}]},{"@type":"ImageObject","inLanguage":"az","@id":"https:\/\/www.meydan.tv\/az\/article\/musali-sakinleri-teze-mekteb-temirli-yol-qaz-xetti-tibb-menteqesi-aptek-isteyirik\/#primaryimage","url":"https:\/\/www.meydan.tv\/wp-content\/uploads\/image_from_ios_wfkwbhi.jpg","contentUrl":"https:\/\/www.meydan.tv\/wp-content\/uploads\/image_from_ios_wfkwbhi.jpg","width":960,"height":540,"caption":"Source: Specify Source"},{"@type":"BreadcrumbList","@id":"https:\/\/www.meydan.tv\/az\/article\/musali-sakinleri-teze-mekteb-temirli-yol-qaz-xetti-tibb-menteqesi-aptek-isteyirik\/#breadcrumb","itemListElement":[{"@type":"ListItem","position":1,"name":"Ana s\u0259hif\u0259","item":"https:\/\/www.meydan.tv\/az\/"},{"@type":"ListItem","position":2,"name":"B\u00f6lg\u0259","item":"https:\/\/www.meydan.tv\/az\/section\/bolge\/"},{"@type":"ListItem","position":3,"name":"Musal\u0131 sakinl\u0259ri: T\u0259z\u0259 m\u0259kt\u0259b, t\u0259mirli yol, qaz x\u0259tti, tibb m\u0259nt\u0259q\u0259si, aptek ist\u0259yirik"}]},{"@type":"WebSite","@id":"https:\/\/www.meydan.tv\/az\/#website","url":"https:\/\/www.meydan.tv\/az\/","name":"MEYDAN.TV","description":"Meydan TV Az\u0259rbaycan\u0131n media m\u0259kan\u0131ndak\u0131 alternativ s\u0259sidir","publisher":{"@id":"https:\/\/www.meydan.tv\/az\/#organization"},"potentialAction":[{"@type":"SearchAction","target":{"@type":"EntryPoint","urlTemplate":"https:\/\/www.meydan.tv\/az\/?s={search_term_string}"},"query-input":{"@type":"PropertyValueSpecification","valueRequired":true,"valueName":"search_term_string"}}],"inLanguage":"az"},{"@type":"Organization","@id":"https:\/\/www.meydan.tv\/az\/#organization","name":"Meydan TV","url":"https:\/\/www.meydan.tv\/az\/","logo":{"@type":"ImageObject","inLanguage":"az","@id":"https:\/\/www.meydan.tv\/az\/#\/schema\/logo\/image\/","url":"https:\/\/www.meydan.tv\/wp-content\/uploads\/2021\/07\/meydan-logo.svg","contentUrl":"https:\/\/www.meydan.tv\/wp-content\/uploads\/2021\/07\/meydan-logo.svg","width":195,"height":46,"caption":"Meydan TV"},"image":{"@id":"https:\/\/www.meydan.tv\/az\/#\/schema\/logo\/image\/"}},{"@type":"Person","@id":"https:\/\/www.meydan.tv\/az\/#\/schema\/person\/10d11eccf6da3662cf5fdab9806ea91a","name":"user-manager"}]}},"_links":{"self":[{"href":"https:\/\/www.meydan.tv\/az\/wp-json\/wp\/v2\/posts\/198406","targetHints":{"allow":["GET"]}}],"collection":[{"href":"https:\/\/www.meydan.tv\/az\/wp-json\/wp\/v2\/posts"}],"about":[{"href":"https:\/\/www.meydan.tv\/az\/wp-json\/wp\/v2\/types\/post"}],"author":[{"embeddable":true,"href":"https:\/\/www.meydan.tv\/az\/wp-json\/wp\/v2\/users\/11"}],"replies":[{"embeddable":true,"href":"https:\/\/www.meydan.tv\/az\/wp-json\/wp\/v2\/comments?post=198406"}],"version-history":[{"count":0,"href":"https:\/\/www.meydan.tv\/az\/wp-json\/wp\/v2\/posts\/198406\/revisions"}],"wp:featuredmedia":[{"embeddable":true,"href":"https:\/\/www.meydan.tv\/az\/wp-json\/wp\/v2\/media\/134454"}],"wp:attachment":[{"href":"https:\/\/www.meydan.tv\/az\/wp-json\/wp\/v2\/media?parent=198406"}],"wp:term":[{"taxonomy":"category","embeddable":true,"href":"https:\/\/www.meydan.tv\/az\/wp-json\/wp\/v2\/categories?post=198406"},{"taxonomy":"post_tag","embeddable":true,"href":"https:\/\/www.meydan.tv\/az\/wp-json\/wp\/v2\/tags?post=198406"}],"curies":[{"name":"wp","href":"https:\/\/api.w.org\/{rel}","templated":true}]}}