{"id":198399,"date":"2019-12-17T08:17:01","date_gmt":"2019-12-17T08:17:01","guid":{"rendered":"https:\/\/www.meydan.tv\/article\/kend-yerinde-sansi-olan-pensiya-alir\/"},"modified":"2019-12-17T08:17:01","modified_gmt":"2019-12-17T08:17:01","slug":"kend-yerinde-sansi-olan-pensiya-alir","status":"publish","type":"post","link":"https:\/\/www.meydan.tv\/az\/article\/kend-yerinde-sansi-olan-pensiya-alir\/","title":{"rendered":"\u201cK\u0259nd yerind\u0259 \u015fans\u0131 olan pensiya al\u0131r\u201d"},"content":{"rendered":"<p>\n  <i><br \/>\n    Almaz \u0130smay\u0131lova: \u201cX\u0259st\u0259 oldu\u011fu halda, q\u0131z\u0131m\u0131n pensiyas\u0131n\u0131 k\u0259sibl\u0259r\u201d<br \/>\n  <\/i>\n<\/p>\n<p>\n  \u201cDeyirl\u0259r, k\u0259ndlis\u0259n, \u0259k, bec\u0259r, dolan. Daha demirl\u0259r ki, k\u0259ndlinin bunu etm\u0259y\u0259 \u015f\u0259raiti yoxdur. M\u0259s\u0259l\u0259n, m\u0259n dursam ki, meyv\u0259 yeti\u015fdirir\u0259m, budur, ba\u011fd\u0131, nar a\u011faclar\u0131 il\u0259 doludur. Di g\u0259l, suvarma\u011fa bir damc\u0131 su tapm\u0131ram\u201d.\n<\/p>\n<p>\n  Ucar rayonunun Alpout k\u0259ndinin sakini, 57 ya\u015fl\u0131 Almaz \u0130smay\u0131lova bel\u0259 deyir.\n<\/p>\n<p>\n  <b><br \/>\n    <i><br \/>\n      \u201c\u015eans\u0131 olan pensiya al\u0131r\u201d<br \/>\n    <\/i><br \/>\n  <\/b>\n<\/p>\n<p>\n  Almaz \u0130smay\u0131lova bildirir ki, k\u0259nd yerind\u0259 camaat \u015fansl\u0131d\u0131rsa, pensiya al\u0131r, onunla dolan\u0131r. Yoxsa, ba\u015fqa bir yerd\u0259n g\u0259lir \u0259ld\u0259 etm\u0259k \u00e7\u0259tindir, hardasa m\u00fc\u015fk\u00fcld\u00fcr:\n<\/p>\n<p>\n  \u201cO da ki pensiya ya\u015f\u0131n\u0131 g\u00fcn\u00fc-g\u00fcnd\u0259n art\u0131rd\u0131lar. He\u00e7 biz\u0259 d\u00fc\u015fm\u00fcr. \u00d6lm\u00fc\u015f yolda\u015f\u0131m\u0131n 80 manatl\u0131q pensiyas\u0131n\u0131 al\u0131ram. Onunla 2 q\u0131z\u0131m, 1 d\u0259 \u00f6z\u00fcm, \u00e7\u0259tinlikl\u0259 dolan\u0131r\u0131q\u201d.\n<\/p>\n<p>\n  Almaz \u0130smay\u0131lovan\u0131n b\u00f6y\u00fck q\u0131z\u0131n\u0131n 18, ki\u00e7iyinin 13 ya\u015f\u0131 var. Ki\u00e7ik q\u0131z\u0131 S\u0259bin\u0259 \u0130smay\u0131lova ruhi x\u0259st\u0259dir. 4 ay bundan \u00f6nc\u0259sin\u0259 q\u0259d\u0259r buna g\u00f6r\u0259 pensiya da al\u0131rm\u0131\u015f. Sonradan pensiyas\u0131n\u0131 k\u0259sibl\u0259r, deyibl\u0259r: \u201cM\u00fcalic\u0259si var, getsin ruhi-\u0259s\u0259b dispanserl\u0259rind\u0259n birind\u0259 m\u00fcalic\u0259 als\u0131n, sa\u011fals\u0131n\u201d.\n<\/p>\n<p>\n  \u00abBiz 13 ildir onu aparmad\u0131\u011f\u0131m\u0131z x\u0259st\u0259xana, etdirm\u0259diyimiz m\u00fcalic\u0259 qalmay\u0131b. Sa\u011falsayd\u0131, sa\u011falard\u0131 d\u0259\u201d, &#8211; ana deyir.\n<\/p>\n<p>\n  <b><br \/>\n    <i><br \/>\n      \u201cBu u\u015faq sa\u011fala bils\u0259ydi, ill\u0259rdir h\u0259kiml\u0259r onu sa\u011faldard\u0131\u201d<br \/>\n    <\/i><br \/>\n  <\/b>\n<\/p>\n<p>\n  Almaz \u0130smay\u0131lova deyir ki, q\u0131z\u0131n\u0131n pensiya ald\u0131\u011f\u0131 vaxtlar evl\u0259rin\u0259 220 manata yax\u0131n ayl\u0131q pul g\u0259lirmi\u015f. Onunla \u00e7\u0259tinlikl\u0259 d\u0259 olsa, dolan\u0131rm\u0131\u015flar. \u0130ndi ald\u0131qlar\u0131 sad\u0259c\u0259 80 manatd\u0131r. O da he\u00e7 n\u0259y\u0259 \u00e7atm\u0131r:\n<\/p>\n<p>\n  \u201cKi\u00e7ik q\u0131z\u0131m u\u015faql\u0131qdan q\u00fcsurludur. He\u00e7 m\u0259kt\u0259b\u0259 d\u0259 g\u00f6nd\u0259r\u0259 bilm\u0259mi\u015f\u0259m. Nitq q\u00fcsuru var, epilepsiyadan da \u0259ziyy\u0259t \u00e7\u0259kir. H\u0259m d\u0259 nevroloji problemlidir. Qavrama qabiliyy\u0259ti yoxdur. Bu u\u015faq sa\u011fala bils\u0259ydi, ill\u0259rdir h\u0259kiml\u0259r sa\u011faldard\u0131 d\u0259\u201d.\n<\/p>\n<p>\n  <b><br \/>\n    <i><br \/>\n      \u201cBird\u0259f\u0259lik desinl\u0259r ki, siz\u0259 pensiya vermirik\u201d<br \/>\n    <\/i><br \/>\n  <\/b>\n<\/p>\n<p>\n  Ana deyir ki, hara m\u00fcraci\u0259t edirl\u0259rs\u0259, \u201cbizlik deyil\u201d cavab\u0131n\u0131 al\u0131rlar:\n<\/p>\n<p>\n  \u201cAx\u0131rda apard\u0131q Bak\u0131ya. Orada bir az m\u00fcalic\u0259 g\u00f6t\u00fcrd\u00fc. He\u00e7 bir xeyri yoxdur, yen\u0259 \u0259vv\u0259lki kimidir, yen\u0259 yard\u0131ma m\u00f6htacd\u0131r. Ordan ka\u011f\u0131z g\u0259tirdim. Ucardak\u0131 komissiyaya verdim. Burada da dedil\u0259r ki, m\u00fcalic\u0259si var. U\u015faqd\u0131, m\u0259n onu t\u0259kba\u015f\u0131na g\u00f6nd\u0259r\u0259 bilm\u0259r\u0259m. Bu boyda evi-e\u015fiyi d\u0259 at\u0131b getm\u0259k olmur. Daha bird\u0259f\u0259lik desinl\u0259r ki, siz\u0259 pensiya vermirik\u201d.\n<\/p>\n<figure class=\"wp-block-image size-large\">\n  <img decoding=\"async\" src=\"https:\/\/www.meydan.tv\/az\/image_from_ios-jpg-127\/\" alt=\"image_from_ios.jpg\" class=\"wp-image-134436\"\/><figcaption>\n    &#8220;Ki\u00e7ik q\u0131z\u0131m u\u015faql\u0131qdan q\u00fcsurludur&#8221;.<br \/>\n  <\/figcaption><\/figure>\n<p>\n  Almaz \u0130smay\u0131lova deyir ki, q\u0131z\u0131n\u0131n m\u00fcalic\u0259 il\u0259 sa\u011falmas\u0131 m\u00fcmk\u00fcn deyil. Onun uzunm\u00fcdd\u0259tli evd\u0259n k\u0259narda m\u00fcalic\u0259 almas\u0131 da m\u00fc\u015fk\u00fcld\u00fcr:\n<\/p>\n<p>\n  \u201c13 ya\u015fl\u0131 u\u015fa\u011f\u0131 hara g\u00f6nd\u0259rim? Dispanserd\u0259 kimdi ona normal baxan? Daha da pis v\u0259ziyy\u0259t\u0259 d\u00fc\u015f\u0259c\u0259k. Bilirsiz, evd\u0259 onun naz\u0131n\u0131 nec\u0259 \u00e7\u0259kirik? G\u00f6nd\u0259rs\u0259k, ona bizim kimi baxa bil\u0259c\u0259kl\u0259rmi?\u201d\n<\/p>\n<p>\n  <b><br \/>\n    <i><br \/>\n      \u201cM\u00fcalic\u0259sin\u0259, g\u00fcnd\u0259lik ehtiyaclar\u0131na \u00e7ox pul gedir\u201d<br \/>\n    <\/i><br \/>\n  <\/b>\n<\/p>\n<p>\n  Ana deyir ki, pensiyas\u0131 k\u0259sil\u0259nd\u0259n S\u0259bin\u0259nin m\u00fcalic\u0259sin\u0259, ehtiyaclar\u0131na pul tapm\u0131r. Bilmir hara m\u00fcraci\u0259t etsin. Yazd\u0131\u011f\u0131 m\u0259ktublara da daha cavab g\u0259lmir:\n<\/p>\n<p>\n  \u201cQ\u0131z\u0131n m\u00fcalic\u0259sin\u0259, g\u00fcnd\u0259lik ehtiyaclar\u0131na \u00e7ox pul gedir. X\u0259rcl\u0259ri \u00e7oxdur. T\u0259s\u0259rr\u00fcfatla m\u0259\u015f\u011ful olma\u011fa da su tapm\u0131r\u0131q. \u00c7\u0259tindir, i\u015fl\u0259y\u0259 d\u0259 bilmir\u0259m. Q\u0131z\u0131 qoyub uzunm\u00fcdd\u0259tli harasa \u00e7\u0131xmaq olmur. H\u0259r an bax\u0131ma m\u00f6htacd\u0131r\u201d.\n<\/p>\n<p>\n  Ucar Rayon M\u0259rk\u0259zi X\u0259st\u0259xanas\u0131ndan Meydan TV-y\u0259 bildirilib ki, v\u0259t\u0259nda\u015f q\u0131z\u0131n\u0131 da g\u00f6t\u00fcr\u00fcb g\u0259lsin:\n<\/p>\n<p>\n  \u201cBurda komissiya var. Baxs\u0131nlar. Ancaq deyilibs\u0259 ki, dispanser\u0259 getm\u0259lidir, ba\u015fqa n\u0259s\u0259 etm\u0259k olmaz. Biri var, \u0259li-aya\u011f\u0131 olmayan biri, biri d\u0259 var sinir x\u0259st\u0259likl\u0259ri. Bu x\u0259st\u0259likl\u0259rin b\u0259zil\u0259rinin m\u00fcalic\u0259si var. Yoxsursa, bununla ba\u011fl\u0131 yatd\u0131\u011f\u0131 dispanserd\u0259n ka\u011f\u0131z g\u0259tirm\u0259lidir. \u0130st\u0259nil\u0259n halda, x\u0259st\u0259xanada yatmal\u0131d\u0131r deyilibs\u0259, bunu etm\u0259lidirl\u0259r\u201d.<\/p>\n","protected":false},"excerpt":{"rendered":"<p>Ana deyir ki, pensiyas\u0131 k\u0259sil\u0259nd\u0259n S\u0259bin\u0259nin m\u00fcalic\u0259sin\u0259, ehtiyaclar\u0131na pul tapm\u0131r.<\/p>\n","protected":false},"author":11,"featured_media":134433,"comment_status":"closed","ping_status":"open","sticky":false,"template":"","format":"standard","meta":{"_acf_changed":false,"_sitemap_exclude":false,"_sitemap_priority":"","_sitemap_frequency":"","footnotes":""},"categories":[60],"tags":[],"class_list":["post-198399","post","type-post","status-publish","format-standard","has-post-thumbnail","hentry","category-bolge","infinite-scroll-item","generate-columns","tablet-grid-50","mobile-grid-100","grid-parent","grid-33","no-featured-image-padding"],"acf":[],"yoast_head":"<!-- This site is optimized with the Yoast SEO plugin v27.5 - https:\/\/yoast.com\/product\/yoast-seo-wordpress\/ -->\n<title>\u201cK\u0259nd yerind\u0259 \u015fans\u0131 olan pensiya al\u0131r\u201d - MEYDAN.TV<\/title>\n<meta name=\"robots\" content=\"index, follow, max-snippet:-1, max-image-preview:large, max-video-preview:-1\" \/>\n<link rel=\"canonical\" href=\"https:\/\/www.meydan.tv\/az\/article\/kend-yerinde-sansi-olan-pensiya-alir\/\" \/>\n<meta property=\"og:locale\" content=\"az_AZ\" \/>\n<meta property=\"og:type\" content=\"article\" \/>\n<meta property=\"og:title\" content=\"\u201cK\u0259nd yerind\u0259 \u015fans\u0131 olan pensiya al\u0131r\u201d - MEYDAN.TV\" \/>\n<meta property=\"og:description\" content=\"Ana deyir ki, pensiyas\u0131 k\u0259sil\u0259nd\u0259n S\u0259bin\u0259nin m\u00fcalic\u0259sin\u0259, ehtiyaclar\u0131na pul tapm\u0131r.\" \/>\n<meta property=\"og:url\" content=\"https:\/\/www.meydan.tv\/az\/article\/kend-yerinde-sansi-olan-pensiya-alir\/\" \/>\n<meta property=\"og:site_name\" content=\"MEYDAN.TV\" \/>\n<meta property=\"article:published_time\" content=\"2019-12-17T08:17:01+00:00\" \/>\n<meta property=\"og:image\" content=\"https:\/\/www.meydan.tv\/wp-content\/uploads\/image_from_ios_1_piuwlf4-scaled.jpg\" \/>\n\t<meta property=\"og:image:width\" content=\"2560\" \/>\n\t<meta property=\"og:image:height\" content=\"1920\" \/>\n\t<meta property=\"og:image:type\" content=\"image\/jpeg\" \/>\n<meta name=\"author\" content=\"user-manager\" \/>\n<meta name=\"twitter:card\" content=\"summary_large_image\" \/>\n<script type=\"application\/ld+json\" class=\"yoast-schema-graph\">{\"@context\":\"https:\\\/\\\/schema.org\",\"@graph\":[{\"@type\":\"Article\",\"@id\":\"https:\\\/\\\/www.meydan.tv\\\/az\\\/article\\\/kend-yerinde-sansi-olan-pensiya-alir\\\/#article\",\"isPartOf\":{\"@id\":\"https:\\\/\\\/www.meydan.tv\\\/az\\\/article\\\/kend-yerinde-sansi-olan-pensiya-alir\\\/\"},\"author\":{\"name\":\"user-manager\",\"@id\":\"https:\\\/\\\/www.meydan.tv\\\/az\\\/#\\\/schema\\\/person\\\/10d11eccf6da3662cf5fdab9806ea91a\"},\"headline\":\"\u201cK\u0259nd yerind\u0259 \u015fans\u0131 olan pensiya al\u0131r\u201d\",\"datePublished\":\"2019-12-17T08:17:01+00:00\",\"mainEntityOfPage\":{\"@id\":\"https:\\\/\\\/www.meydan.tv\\\/az\\\/article\\\/kend-yerinde-sansi-olan-pensiya-alir\\\/\"},\"wordCount\":754,\"publisher\":{\"@id\":\"https:\\\/\\\/www.meydan.tv\\\/az\\\/#organization\"},\"image\":{\"@id\":\"https:\\\/\\\/www.meydan.tv\\\/az\\\/article\\\/kend-yerinde-sansi-olan-pensiya-alir\\\/#primaryimage\"},\"thumbnailUrl\":\"https:\\\/\\\/www.meydan.tv\\\/wp-content\\\/uploads\\\/image_from_ios_1_piuwlf4-scaled.jpg\",\"articleSection\":[\"B\u00f6lg\u0259\"],\"inLanguage\":\"az\"},{\"@type\":\"WebPage\",\"@id\":\"https:\\\/\\\/www.meydan.tv\\\/az\\\/article\\\/kend-yerinde-sansi-olan-pensiya-alir\\\/\",\"url\":\"https:\\\/\\\/www.meydan.tv\\\/az\\\/article\\\/kend-yerinde-sansi-olan-pensiya-alir\\\/\",\"name\":\"\u201cK\u0259nd yerind\u0259 \u015fans\u0131 olan pensiya al\u0131r\u201d - MEYDAN.TV\",\"isPartOf\":{\"@id\":\"https:\\\/\\\/www.meydan.tv\\\/az\\\/#website\"},\"primaryImageOfPage\":{\"@id\":\"https:\\\/\\\/www.meydan.tv\\\/az\\\/article\\\/kend-yerinde-sansi-olan-pensiya-alir\\\/#primaryimage\"},\"image\":{\"@id\":\"https:\\\/\\\/www.meydan.tv\\\/az\\\/article\\\/kend-yerinde-sansi-olan-pensiya-alir\\\/#primaryimage\"},\"thumbnailUrl\":\"https:\\\/\\\/www.meydan.tv\\\/wp-content\\\/uploads\\\/image_from_ios_1_piuwlf4-scaled.jpg\",\"datePublished\":\"2019-12-17T08:17:01+00:00\",\"breadcrumb\":{\"@id\":\"https:\\\/\\\/www.meydan.tv\\\/az\\\/article\\\/kend-yerinde-sansi-olan-pensiya-alir\\\/#breadcrumb\"},\"inLanguage\":\"az\",\"potentialAction\":[{\"@type\":\"ReadAction\",\"target\":[\"https:\\\/\\\/www.meydan.tv\\\/az\\\/article\\\/kend-yerinde-sansi-olan-pensiya-alir\\\/\"]}]},{\"@type\":\"ImageObject\",\"inLanguage\":\"az\",\"@id\":\"https:\\\/\\\/www.meydan.tv\\\/az\\\/article\\\/kend-yerinde-sansi-olan-pensiya-alir\\\/#primaryimage\",\"url\":\"https:\\\/\\\/www.meydan.tv\\\/wp-content\\\/uploads\\\/image_from_ios_1_piuwlf4-scaled.jpg\",\"contentUrl\":\"https:\\\/\\\/www.meydan.tv\\\/wp-content\\\/uploads\\\/image_from_ios_1_piuwlf4-scaled.jpg\",\"width\":2560,\"height\":1920,\"caption\":\"Source: Specify Source\"},{\"@type\":\"BreadcrumbList\",\"@id\":\"https:\\\/\\\/www.meydan.tv\\\/az\\\/article\\\/kend-yerinde-sansi-olan-pensiya-alir\\\/#breadcrumb\",\"itemListElement\":[{\"@type\":\"ListItem\",\"position\":1,\"name\":\"Ana s\u0259hif\u0259\",\"item\":\"https:\\\/\\\/www.meydan.tv\\\/az\\\/\"},{\"@type\":\"ListItem\",\"position\":2,\"name\":\"B\u00f6lg\u0259\",\"item\":\"https:\\\/\\\/www.meydan.tv\\\/az\\\/section\\\/bolge\\\/\"},{\"@type\":\"ListItem\",\"position\":3,\"name\":\"\u201cK\u0259nd yerind\u0259 \u015fans\u0131 olan pensiya al\u0131r\u201d\"}]},{\"@type\":\"WebSite\",\"@id\":\"https:\\\/\\\/www.meydan.tv\\\/az\\\/#website\",\"url\":\"https:\\\/\\\/www.meydan.tv\\\/az\\\/\",\"name\":\"MEYDAN.TV\",\"description\":\"Meydan TV Az\u0259rbaycan\u0131n media m\u0259kan\u0131ndak\u0131 alternativ s\u0259sidir\",\"publisher\":{\"@id\":\"https:\\\/\\\/www.meydan.tv\\\/az\\\/#organization\"},\"potentialAction\":[{\"@type\":\"SearchAction\",\"target\":{\"@type\":\"EntryPoint\",\"urlTemplate\":\"https:\\\/\\\/www.meydan.tv\\\/az\\\/?s={search_term_string}\"},\"query-input\":{\"@type\":\"PropertyValueSpecification\",\"valueRequired\":true,\"valueName\":\"search_term_string\"}}],\"inLanguage\":\"az\"},{\"@type\":\"Organization\",\"@id\":\"https:\\\/\\\/www.meydan.tv\\\/az\\\/#organization\",\"name\":\"Meydan TV\",\"url\":\"https:\\\/\\\/www.meydan.tv\\\/az\\\/\",\"logo\":{\"@type\":\"ImageObject\",\"inLanguage\":\"az\",\"@id\":\"https:\\\/\\\/www.meydan.tv\\\/az\\\/#\\\/schema\\\/logo\\\/image\\\/\",\"url\":\"https:\\\/\\\/www.meydan.tv\\\/wp-content\\\/uploads\\\/2021\\\/07\\\/meydan-logo.svg\",\"contentUrl\":\"https:\\\/\\\/www.meydan.tv\\\/wp-content\\\/uploads\\\/2021\\\/07\\\/meydan-logo.svg\",\"width\":195,\"height\":46,\"caption\":\"Meydan TV\"},\"image\":{\"@id\":\"https:\\\/\\\/www.meydan.tv\\\/az\\\/#\\\/schema\\\/logo\\\/image\\\/\"}},{\"@type\":\"Person\",\"@id\":\"https:\\\/\\\/www.meydan.tv\\\/az\\\/#\\\/schema\\\/person\\\/10d11eccf6da3662cf5fdab9806ea91a\",\"name\":\"user-manager\"}]}<\/script>\n<!-- \/ Yoast SEO plugin. -->","yoast_head_json":{"title":"\u201cK\u0259nd yerind\u0259 \u015fans\u0131 olan pensiya al\u0131r\u201d - MEYDAN.TV","robots":{"index":"index","follow":"follow","max-snippet":"max-snippet:-1","max-image-preview":"max-image-preview:large","max-video-preview":"max-video-preview:-1"},"canonical":"https:\/\/www.meydan.tv\/az\/article\/kend-yerinde-sansi-olan-pensiya-alir\/","og_locale":"az_AZ","og_type":"article","og_title":"\u201cK\u0259nd yerind\u0259 \u015fans\u0131 olan pensiya al\u0131r\u201d - MEYDAN.TV","og_description":"Ana deyir ki, pensiyas\u0131 k\u0259sil\u0259nd\u0259n S\u0259bin\u0259nin m\u00fcalic\u0259sin\u0259, ehtiyaclar\u0131na pul tapm\u0131r.","og_url":"https:\/\/www.meydan.tv\/az\/article\/kend-yerinde-sansi-olan-pensiya-alir\/","og_site_name":"MEYDAN.TV","article_published_time":"2019-12-17T08:17:01+00:00","og_image":[{"width":2560,"height":1920,"url":"https:\/\/www.meydan.tv\/wp-content\/uploads\/image_from_ios_1_piuwlf4-scaled.jpg","type":"image\/jpeg"}],"author":"user-manager","twitter_card":"summary_large_image","schema":{"@context":"https:\/\/schema.org","@graph":[{"@type":"Article","@id":"https:\/\/www.meydan.tv\/az\/article\/kend-yerinde-sansi-olan-pensiya-alir\/#article","isPartOf":{"@id":"https:\/\/www.meydan.tv\/az\/article\/kend-yerinde-sansi-olan-pensiya-alir\/"},"author":{"name":"user-manager","@id":"https:\/\/www.meydan.tv\/az\/#\/schema\/person\/10d11eccf6da3662cf5fdab9806ea91a"},"headline":"\u201cK\u0259nd yerind\u0259 \u015fans\u0131 olan pensiya al\u0131r\u201d","datePublished":"2019-12-17T08:17:01+00:00","mainEntityOfPage":{"@id":"https:\/\/www.meydan.tv\/az\/article\/kend-yerinde-sansi-olan-pensiya-alir\/"},"wordCount":754,"publisher":{"@id":"https:\/\/www.meydan.tv\/az\/#organization"},"image":{"@id":"https:\/\/www.meydan.tv\/az\/article\/kend-yerinde-sansi-olan-pensiya-alir\/#primaryimage"},"thumbnailUrl":"https:\/\/www.meydan.tv\/wp-content\/uploads\/image_from_ios_1_piuwlf4-scaled.jpg","articleSection":["B\u00f6lg\u0259"],"inLanguage":"az"},{"@type":"WebPage","@id":"https:\/\/www.meydan.tv\/az\/article\/kend-yerinde-sansi-olan-pensiya-alir\/","url":"https:\/\/www.meydan.tv\/az\/article\/kend-yerinde-sansi-olan-pensiya-alir\/","name":"\u201cK\u0259nd yerind\u0259 \u015fans\u0131 olan pensiya al\u0131r\u201d - MEYDAN.TV","isPartOf":{"@id":"https:\/\/www.meydan.tv\/az\/#website"},"primaryImageOfPage":{"@id":"https:\/\/www.meydan.tv\/az\/article\/kend-yerinde-sansi-olan-pensiya-alir\/#primaryimage"},"image":{"@id":"https:\/\/www.meydan.tv\/az\/article\/kend-yerinde-sansi-olan-pensiya-alir\/#primaryimage"},"thumbnailUrl":"https:\/\/www.meydan.tv\/wp-content\/uploads\/image_from_ios_1_piuwlf4-scaled.jpg","datePublished":"2019-12-17T08:17:01+00:00","breadcrumb":{"@id":"https:\/\/www.meydan.tv\/az\/article\/kend-yerinde-sansi-olan-pensiya-alir\/#breadcrumb"},"inLanguage":"az","potentialAction":[{"@type":"ReadAction","target":["https:\/\/www.meydan.tv\/az\/article\/kend-yerinde-sansi-olan-pensiya-alir\/"]}]},{"@type":"ImageObject","inLanguage":"az","@id":"https:\/\/www.meydan.tv\/az\/article\/kend-yerinde-sansi-olan-pensiya-alir\/#primaryimage","url":"https:\/\/www.meydan.tv\/wp-content\/uploads\/image_from_ios_1_piuwlf4-scaled.jpg","contentUrl":"https:\/\/www.meydan.tv\/wp-content\/uploads\/image_from_ios_1_piuwlf4-scaled.jpg","width":2560,"height":1920,"caption":"Source: Specify Source"},{"@type":"BreadcrumbList","@id":"https:\/\/www.meydan.tv\/az\/article\/kend-yerinde-sansi-olan-pensiya-alir\/#breadcrumb","itemListElement":[{"@type":"ListItem","position":1,"name":"Ana s\u0259hif\u0259","item":"https:\/\/www.meydan.tv\/az\/"},{"@type":"ListItem","position":2,"name":"B\u00f6lg\u0259","item":"https:\/\/www.meydan.tv\/az\/section\/bolge\/"},{"@type":"ListItem","position":3,"name":"\u201cK\u0259nd yerind\u0259 \u015fans\u0131 olan pensiya al\u0131r\u201d"}]},{"@type":"WebSite","@id":"https:\/\/www.meydan.tv\/az\/#website","url":"https:\/\/www.meydan.tv\/az\/","name":"MEYDAN.TV","description":"Meydan TV Az\u0259rbaycan\u0131n media m\u0259kan\u0131ndak\u0131 alternativ s\u0259sidir","publisher":{"@id":"https:\/\/www.meydan.tv\/az\/#organization"},"potentialAction":[{"@type":"SearchAction","target":{"@type":"EntryPoint","urlTemplate":"https:\/\/www.meydan.tv\/az\/?s={search_term_string}"},"query-input":{"@type":"PropertyValueSpecification","valueRequired":true,"valueName":"search_term_string"}}],"inLanguage":"az"},{"@type":"Organization","@id":"https:\/\/www.meydan.tv\/az\/#organization","name":"Meydan TV","url":"https:\/\/www.meydan.tv\/az\/","logo":{"@type":"ImageObject","inLanguage":"az","@id":"https:\/\/www.meydan.tv\/az\/#\/schema\/logo\/image\/","url":"https:\/\/www.meydan.tv\/wp-content\/uploads\/2021\/07\/meydan-logo.svg","contentUrl":"https:\/\/www.meydan.tv\/wp-content\/uploads\/2021\/07\/meydan-logo.svg","width":195,"height":46,"caption":"Meydan TV"},"image":{"@id":"https:\/\/www.meydan.tv\/az\/#\/schema\/logo\/image\/"}},{"@type":"Person","@id":"https:\/\/www.meydan.tv\/az\/#\/schema\/person\/10d11eccf6da3662cf5fdab9806ea91a","name":"user-manager"}]}},"_links":{"self":[{"href":"https:\/\/www.meydan.tv\/az\/wp-json\/wp\/v2\/posts\/198399","targetHints":{"allow":["GET"]}}],"collection":[{"href":"https:\/\/www.meydan.tv\/az\/wp-json\/wp\/v2\/posts"}],"about":[{"href":"https:\/\/www.meydan.tv\/az\/wp-json\/wp\/v2\/types\/post"}],"author":[{"embeddable":true,"href":"https:\/\/www.meydan.tv\/az\/wp-json\/wp\/v2\/users\/11"}],"replies":[{"embeddable":true,"href":"https:\/\/www.meydan.tv\/az\/wp-json\/wp\/v2\/comments?post=198399"}],"version-history":[{"count":0,"href":"https:\/\/www.meydan.tv\/az\/wp-json\/wp\/v2\/posts\/198399\/revisions"}],"wp:featuredmedia":[{"embeddable":true,"href":"https:\/\/www.meydan.tv\/az\/wp-json\/wp\/v2\/media\/134433"}],"wp:attachment":[{"href":"https:\/\/www.meydan.tv\/az\/wp-json\/wp\/v2\/media?parent=198399"}],"wp:term":[{"taxonomy":"category","embeddable":true,"href":"https:\/\/www.meydan.tv\/az\/wp-json\/wp\/v2\/categories?post=198399"},{"taxonomy":"post_tag","embeddable":true,"href":"https:\/\/www.meydan.tv\/az\/wp-json\/wp\/v2\/tags?post=198399"}],"curies":[{"name":"wp","href":"https:\/\/api.w.org\/{rel}","templated":true}]}}