{"id":198391,"date":"2019-12-16T14:10:46","date_gmt":"2019-12-16T14:10:46","guid":{"rendered":"https:\/\/www.meydan.tv\/article\/tetil-azerbaycanda-qonsu-olkelerde-ve-avropada\/"},"modified":"2019-12-16T14:10:46","modified_gmt":"2019-12-16T14:10:46","slug":"tetil-azerbaycanda-qonsu-olkelerde-ve-avropada","status":"publish","type":"post","link":"https:\/\/www.meydan.tv\/az\/article\/tetil-azerbaycanda-qonsu-olkelerde-ve-avropada\/","title":{"rendered":"T\u0259til: Az\u0259rbaycanda, qon\u015fu \u00f6lk\u0259l\u0259rd\u0259 v\u0259 Avropada\u2026"},"content":{"rendered":"<p>\n  <i><br \/>\n    Yeni il t\u0259tilini qeyd etm\u0259k cib\u0259 uy\u011fundurmu?<br \/>\n  <\/i>\n<\/p>\n<p>\n  Az\u0259rbaycanda 31 dekabr \u2013 6 yanvar aral\u0131\u011f\u0131nda yeni il t\u0259tili olacaq. N\u0259 az, n\u0259 \u00e7ox d\u00fcz 7 g\u00fcn i\u015f olmayacaq. Bu t\u0259tili kimi Az\u0259rbaycan\u0131n b\u00f6lg\u0259l\u0259rind\u0259, kimi evind\u0259, kimi d\u0259 xaricd\u0259 ke\u00e7irm\u0259yi planla\u015fd\u0131r\u0131r.\n<\/p>\n<p>\n  H\u0259l\u0259 n\u0259 ed\u0259c\u0259yini planlamayanlar da var. Onlara k\u00f6m\u0259k olmaq \u00fc\u00e7\u00fcn h\u0259m Az\u0259rbaycan\u0131n b\u00f6lg\u0259l\u0259rind\u0259ki, h\u0259m d\u0259 xaricd\u0259ki qiym\u0259tl\u0259ri hesablam\u0131\u015f\u0131q.\n<\/p>\n<p>\n  \u201cBooking.com\u201d otel axtar\u0131\u015f sayt\u0131 g\u00f6st\u0259rir ki, 31 dekabr v\u0259 6 yanvar (r\u0259smi t\u0259til g\u00fcnl\u0259ri) tarixl\u0259rind\u0259 Q\u0259b\u0259l\u0259d\u0259 \u0259n ucuz mehmanxanan\u0131n 6 gec\u0259si 460 manatad\u0131r. Qiym\u0259t\u0259 s\u0259h\u0259r yem\u0259yi daxil deyil.\n<\/p>\n<p>\n  Qubada is\u0259 h\u0259min tarixl\u0259r\u0259 \u0259n ucuz mehmanxanan\u0131n 6 gec\u0259si 590 manatad\u0131r. Burada da qiym\u0259t\u0259 s\u0259h\u0259r yem\u0259yi daxil deyil.\n<\/p>\n<p>\n  31 dekabr &#8211; 6 yanvar t\u0259tilini Qusarda ke\u00e7irm\u0259k ist\u0259s\u0259niz, 900 manat\u0131 g\u00f6zd\u0259n \u00e7\u0131xarmal\u0131s\u0131n\u0131z. Bu qiym\u0259t\u0259 s\u0259h\u0259r yem\u0259yi daxil deyil, sad\u0259c\u0259 gec\u0259l\u0259m\u0259k m\u00fcmk\u00fcnd\u00fcr.\n<\/p>\n<p>\n  L\u0259nk\u0259ran\u0131n qiym\u0259tl\u0259ri dig\u0259rl\u0259rin\u0259 baxanda ucuzdur. 6 g\u00fcnl\u00fck t\u0259tili buradak\u0131 mehmanxanalarda 240-390 manat aras\u0131d\u0131r. B\u0259zi mehmanxanalarda qiym\u0259t\u0259 s\u0259h\u0259r yem\u0259yi d\u0259 daxildir.\n<\/p>\n<p>\n  T\u0259tili Qaxda ke\u00e7irm\u0259k ist\u0259s\u0259niz, mehmanxanaya 420-600 manat aras\u0131 bir r\u0259q\u0259m \u00f6d\u0259m\u0259li olacaqs\u0131n\u0131z. Qiym\u0259t\u0259 s\u0259h\u0259r yem\u0259yi daxil deyil.\n<\/p>\n<figure class=\"wp-block-image size-large\">\n  <img decoding=\"async\" src=\"https:\/\/www.meydan.tv\/az\/1-jpg-6\/\" alt=\"1.jpg\" class=\"wp-image-134406\"\/><figcaption>\n    \u0130stirah\u0259t m\u0259rk\u0259zi<br \/>\n  <\/figcaption><\/figure>\n<p>\n  <b><br \/>\n    <i><br \/>\n      B\u0259s xaricd\u0259?<br \/>\n    <\/i><br \/>\n  <\/b>\n<\/p>\n<p>\n  Xarici \u00f6lk\u0259l\u0259r\u0259 g\u0259linc\u0259, az\u0259rbaycanl\u0131lar yeni ili daha \u00e7ox Dubay, Tbilisi v\u0259 Moskvada ke\u00e7irm\u0259yi sevirl\u0259r. Avropa \u00f6lk\u0259l\u0259rind\u0259ns\u0259, Fransa, \u0130taliya, Hollandiya v\u0259 \u00c7exiyan\u0131n qiym\u0259tl\u0259rini hesablam\u0131\u015f\u0131q.\n<\/p>\n<p>\n  <b><br \/>\n    <i><br \/>\n      Dubay, Birl\u0259\u015fmi\u015f \u018fr\u0259b \u018fmirlikl\u0259ri<br \/>\n    <\/i><br \/>\n  <\/b>\n<\/p>\n<p>\n  Az\u0259rbaycan Hava Yollar\u0131 il\u0259 (AZAL) 30 dekabr \u2013 6 yanvara olan Bak\u0131-Dubay-Bak\u0131 u\u00e7u\u015funun qiym\u0259ti 1478 manatd\u0131r. Bu, h\u0259min tarixl\u0259rin \u0259n ucuz reysidir.\n<\/p>\n<p>\n  Eyni tarixd\u0259 h\u0259min u\u00e7u\u015fu \u201cUnited Arab Emirates\u201d Tbilisi hava liman\u0131ndan 342 dollara (580 manat) h\u0259yata ke\u00e7irir. O ki qald\u0131 harada qalaca\u011f\u0131n\u0131za, Dubay\u0131n \u015f\u0259h\u0259r m\u0259rk\u0259zin\u0259 6 km-lik m\u0259saf\u0259d\u0259 olan \u0259n ucuz 3 ulduzlu mehmanxanan\u0131n 6 gec\u0259lik qiym\u0259ti 231 dollard\u0131r (391 manat).\n<\/p>\n<p>\n  Hosteld\u0259 qalmaq ist\u0259s\u0259niz, bu qiym\u0259t 54 dollara (91 manat) q\u0259d\u0259r azal\u0131r.\n<\/p>\n<p>\n  Bu s\u0259yah\u0259t siz\u0259 Tbilisid\u0259n u\u00e7ub, hosteld\u0259 qalmaqla 671, Bak\u0131dan u\u00e7ub, oteld\u0259 qalmaqla 1869 manata ba\u015fa g\u0259l\u0259c\u0259k.\n<\/p>\n<p>\n  <b><br \/>\n    <i><br \/>\n      Tbilisi, G\u00fcrc\u00fcstan<br \/>\n    <\/i><br \/>\n  <\/b>\n<\/p>\n<p>\n  Bak\u0131dan Tbilisiy\u0259 avtobus, qatar v\u0259 t\u0259yyar\u0259 il\u0259 ged\u0259 bil\u0259rsiz. Avtobusla gedib-g\u0259lm\u0259k 30, qatarla (kupe) 68 manata ba\u015fa g\u0259l\u0259c\u0259k. Yeni il \u0259r\u0259f\u0259sind\u0259 Tbilisiy\u0259 \u0259n ucuz t\u0259yyar\u0259 biletini AZAL v\u0259 T\u00fcrk Hava Yollar\u0131 (birg\u0259 u\u00e7u\u015fdur) t\u0259klif edir: gedi\u015f-g\u0259li\u015f 725 manata.\n<\/p>\n<p>\n  Tbilisid\u0259 qala bil\u0259c\u0259yiniz \u0259n ucuz 3 ulduzlu mehmanxanan\u0131n 6 gec\u0259si 121 manatad\u0131r. A\u015fa\u011f\u0131 qiym\u0259tl\u0259 (avtobusla gedi\u015f) hesablansa, c\u0259mi 151 manat edir. Bel\u0259likl\u0259, yeni ili Tbilisid\u0259 qar\u015f\u0131lamaq siz\u0259 151 manata ba\u015fa g\u0259l\u0259c\u0259k.\n<\/p>\n<figure class=\"wp-block-image size-large\">\n  <img decoding=\"async\" src=\"https:\/\/www.meydan.tv\/az\/gurcustan-2\/\" alt=\"G\u00fcrc\u00fcstan\" class=\"wp-image-116190\"\/><figcaption>\n    Tiflis<br \/>\n  <\/figcaption><\/figure>\n<p>\n  <b><br \/>\n    <i><br \/>\n      Moskva, Rusiya<br \/>\n    <\/i><br \/>\n  <\/b>\n<\/p>\n<p>\n  Bak\u0131dan Moskvaya h\u0259m qatar, h\u0259m d\u0259 t\u0259yyar\u0259 il\u0259 ged\u0259 bil\u0259rsiz. Qatarla gedi\u015f-g\u0259li\u015f t\u0259xmin\u0259n 360 manata ba\u015fa g\u0259lir. 30 dekabr \u2013 6 yanvar tarixl\u0259rind\u0259 Bak\u0131dan Moskvaya \u0259n ucuz gedi\u015f-g\u0259li\u015fi T\u00fcrk Hava Yollar\u0131 v\u0259 AZAL t\u0259klif edir (birg\u0259 reysdir) &#8211; 645 manata.\n<\/p>\n<p>\n  Belorusun \u201cBelavia Airlines\u201d \u015firk\u0259tinin h\u0259min tarixl\u0259r\u0259 olan Tbilisi- Moskva-Tbilisi reysinin qiym\u0259ti is\u0259 451 manatad\u0131r.\n<\/p>\n<p>\n  Yeni il \u0259r\u0259f\u0259sind\u0259 Moskvan\u0131n \u015f\u0259h\u0259r m\u0259rk\u0259zin\u0259 yax\u0131n \u0259n ucuz mehmanxanan\u0131n 6 gec\u0259lik qiym\u0259ti 202 manatd\u0131r. Qiym\u0259t\u0259 s\u0259h\u0259r yem\u0259yi daxil deyil. Hosteld\u0259 qalma\u011f\u0131 se\u00e7s\u0259niz, qiym\u0259t 35 manata enir.\n<\/p>\n<p>\n  Dem\u0259li, \u0259n ucuz qiym\u0259tl\u0259rl\u0259, Tbilisid\u0259n gedib, hosteld\u0259 qalmaqla yeni ili Moskvada ke\u00e7irm\u0259k siz\u0259 653 manata ba\u015fa g\u0259l\u0259c\u0259k. Bak\u0131dan gedib, oteld\u0259 qalsan\u0131z bu qiym\u0259t 847 manat edir.\n<\/p>\n<figure class=\"wp-block-image size-large\">\n  <img decoding=\"async\" src=\"https:\/\/www.meydan.tv\/az\/1200px-moscow-city_36211143494-jpg\/\" alt=\"1200px-Moscow-City_(36211143494).jpg\" class=\"wp-image-134409\"\/><figcaption>\n    Moskva<br \/>\n  <\/figcaption><\/figure>\n<p>\n  <b><br \/>\n    <i><br \/>\n      Paris, Fransa<br \/>\n    <\/i><br \/>\n  <\/b>\n<\/p>\n<p>\n  31 dekabr &#8211; 6 yanvar tarixl\u0259rind\u0259 \u0259n ucuz Bak\u0131-Paris-Bak\u0131 u\u00e7u\u015funu \u201cAeroflot\u201d h\u0259yata ke\u00e7irir &#8211; 1071 manata.\n<\/p>\n<p>\n  H\u0259min tarixl\u0259r\u0259 \u0259n ucuz Tbilisi-Paris-Tbilisi u\u00e7u\u015fu \u201cPegasus\u201d t\u0259klif edir &#8211; 593 manata.\n<\/p>\n<p>\n  Yeni il \u0259r\u0259f\u0259sind\u0259 Parisin \u0259n ucuz 3 ulduzlu mehmanxanas\u0131n\u0131n 6 gec\u0259lik qiym\u0259ti 825 manatad\u0131r. Hosteld\u0259 qalmaqla qiym\u0259t 390 manat \u00f6d\u0259m\u0259k m\u00fcmk\u00fcnd\u00fcr. Bel\u0259likl\u0259, Parisd\u0259 7 g\u00fcnl\u00fck yeni il t\u0259tili Bak\u0131 u\u00e7u\u015fu v\u0259 otel qiym\u0259ti il\u0259 1896, Tbilisid\u0259n u\u00e7maqla v\u0259 hosteld\u0259 qalmaqla 983 manat edir.\n<\/p>\n<p>\n  <b><br \/>\n    <i><br \/>\n      Roma, \u0130taliya<br \/>\n    <\/i><br \/>\n  <\/b>\n<\/p>\n<p>\n  30 dekabr &#8211; 6 yanvarda \u0259n ucuz Bak\u0131-Roma-Bak\u0131 u\u00e7u\u015funu da T\u00fcrk Hava Yollar\u0131 t\u0259klif edir. T\u0259xmin\u0259n 1066 manata. Milli hava yollar\u0131 olan AZAL Bak\u0131dan Romaya u\u00e7u\u015f t\u0259\u015fkil etmir.\n<\/p>\n<p>\n  Eyni u\u00e7u\u015f Tbilisi Hava Liman\u0131ndan T\u00fcrk Hava Yollar\u0131 il\u0259 631 manatd\u0131r.\n<\/p>\n<p>\n  Romada \u0259n uy\u011fun mehmanxanan\u0131n 6 gec\u0259lik qiym\u0259ti 828 manatd\u0131r. \u018fn a\u015fa\u011f\u0131 qiym\u0259tl\u0259 yeni ili Romada qar\u015f\u0131lamaq siz\u0259 Bak\u0131dan u\u00e7u\u015fla 1894, Tbilisid\u0259n u\u00e7u\u015fla 1459 manata ba\u015fa g\u0259l\u0259c\u0259k.\n<\/p>\n<figure class=\"wp-block-image size-large\">\n  <img decoding=\"async\" src=\"https:\/\/www.meydan.tv\/az\/rim-parizh-jpg\/\" alt=\"\u0440\u0438\u043c-\u043f\u0430\u0440\u0438\u0436.jpg\" class=\"wp-image-134412\"\/><figcaption>\n    Roma v\u0259 Paris<br \/>\n  <\/figcaption><\/figure>\n<p>\n  <b><br \/>\n    <i><br \/>\n      Praqa, \u00c7exiya Respublikas\u0131<br \/>\n    <\/i><br \/>\n  <\/b>\n<\/p>\n<p>\n  30 dekabr \u2013 6 yanvar tarixl\u0259rind\u0259 \u0259n ucuz Bak\u0131-Praqa-Bak\u0131 reysinin qiym\u0259ti 1041 manatad\u0131r. U\u00e7u\u015fu T\u00fcrk Hava Yollar\u0131 t\u0259\u015fkil edir. \u201cPegasus\u201dun h\u0259min tarixl\u0259r\u0259 olan Tbilisi-Praqa-Tbilisi reysinin qiym\u0259ti is\u0259 563 manatd\u0131r.\n<\/p>\n<p>\n  Praqada \u015f\u0259h\u0259r m\u0259rk\u0259zin\u0259 yax\u0131n mehmanxanan\u0131n 6 gec\u0259lik qiym\u0259ti 394 manatd\u0131r. Bel\u0259likl\u0259, Praqada ke\u00e7ir\u0259c\u0259yiniz 1 h\u0259ft\u0259lik yeni il t\u0259tili siz\u0259 Bak\u0131dan u\u00e7u\u015fla 1435, Tbilisid\u0259n getm\u0259kl\u0259 957 manata ba\u015fa g\u0259l\u0259c\u0259k.\n<\/p>\n<p>\n  <b><br \/>\n    <i><br \/>\n      Amsterdam, Hollandiya<br \/>\n    <\/i><br \/>\n  <\/b>\n<\/p>\n<p>\n  30 dekabr \u2013 6 yanvar tarixl\u0259rind\u0259 \u0259n ucuz Bak\u0131 -Amsterdam-Bak\u0131 reysini d\u0259 T\u00fcrk Hava Yollar\u0131 \u015firk\u0259ti t\u0259klif edir &#8211; 901 manata. H\u0259min tarixl\u0259r\u0259 \u0259n ucuz Tbilisi-Amsterdam-Tbilisi u\u00e7u\u015funun qiym\u0259ti is\u0259 544 manatad\u0131r. Bu u\u00e7u\u015fu da T\u00fcrk Hava Yollar\u0131 h\u0259yata ke\u00e7irir.\n<\/p>\n<p>\n  M\u0259lum tarixl\u0259r\u0259 Amsterdam\u0131n m\u0259rk\u0259z\u0259 yax\u0131n, \u0259n ucuz mehmanxanas\u0131n\u0131n 6 gec\u0259si 1134 manatd\u0131r.\n<\/p>\n<p>\n  Bel\u0259likl\u0259, yeni ili Amsterdamda qar\u015f\u0131lamaq siz\u0259 Bak\u0131dan u\u00e7u\u015fla 2035, Tbilisid\u0259n getm\u0259kl\u0259 is\u0259 1678 manata ba\u015fa g\u0259l\u0259c\u0259k.\n<\/p>\n<p>\n  Bu sayd\u0131\u011f\u0131m\u0131z yerl\u0259r \u0259n m\u0259\u015fhur yeni il \u015f\u0259nlikl\u0259rinin ke\u00e7irildiyi \u015f\u0259h\u0259rl\u0259r idi. Adlar\u0131 \u00e7ox \u00e7\u0259kilm\u0259y\u0259n, ancaq yeni il \u00fc\u00e7\u00fcn s\u0259rf\u0259li olan yerl\u0259r d\u0259 var. G\u00fcrc\u00fcstan\u0131n Kutaisi \u015f\u0259h\u0259rind\u0259n \u201cWizzAir\u201d Hava \u015eirk\u0259ti m\u00fcxt\u0259lif Avropa \u015f\u0259h\u0259rl\u0259rin\u0259 u\u00e7u\u015flar t\u0259\u015fkil edir. Kutaisid\u0259n olan u\u00e7u\u015flar\u0131n qiym\u0259ti is\u0259 bir istiqam\u0259t\u0259 t\u0259xmin\u0259n 80 -200 manat aras\u0131 d\u0259yi\u015fir.\n<\/p>\n<figure class=\"wp-block-image size-large\">\n  <img decoding=\"async\" src=\"https:\/\/www.meydan.tv\/az\/prague-river-bridges-jpg\/\" alt=\"prague-river-bridges.jpg\" class=\"wp-image-134418\"\/><figcaption>\n    Praqa v\u0259 Amsterdam<br \/>\n  <\/figcaption><\/figure>\n<p>\n  <b><br \/>\n    <i><br \/>\n      T\u0259til cib\u0259 uy\u011fundurmu?<br \/>\n    <\/i><br \/>\n  <\/b>\n<\/p>\n<p>\n  D\u00f6vl\u0259t Statistika Komit\u0259sinin \u0259n son a\u00e7\u0131qlad\u0131\u011f\u0131 m\u0259lumata \u0259sas\u0259n, Az\u0259rbaycanda orta ayl\u0131q \u0259m\u0259k haqq\u0131 585,2 manatd\u0131r. R\u0259q\u0259ml\u0259rd\u0259n g\u00f6r\u00fcn\u00fcr ki, orta statistik az\u0259rbaycanl\u0131n\u0131n yeni ili ke\u00e7irm\u0259k \u00fc\u00e7\u00fcn g\u00fcc\u00fcn\u00fcn \u00e7atd\u0131\u011f\u0131 yegan\u0259 xarici \u00f6lk\u0259 G\u00fcrc\u00fcstand\u0131r.\n<\/p>\n<p>\n  Az\u0259rbaycan b\u00f6lg\u0259l\u0259rind\u0259n is\u0259 L\u0259nk\u0259ran v\u0259 Qax ucuzdur. G\u00fcrc\u00fcstan\u0131n paytaxt\u0131 Tbilisi Az\u0259rbaycan b\u00f6lg\u0259l\u0259rin\u0259 baxanda, orta statistik az\u0259rbaycanl\u0131n\u0131n b\u00fcdc\u0259sin\u0259 daha uy\u011fundur.\n<\/p>\n<p>\n  \u00dcmumiyy\u0259tl\u0259, qon\u015fu \u00f6lk\u0259y\u0259 il \u0259rzind\u0259 ged\u0259nl\u0259rin say\u0131 \u00e7oxdur. Bel\u0259 ki, G\u00fcrc\u00fcstan\u0131n Milli Turizm Administrasiyas\u0131n\u0131n r\u00fcbl\u00fck hesabat\u0131ndan (iyun-sentyabr) a m\u0259lum olur ki, G\u00fcrc\u00fcstana s\u0259f\u0259r ed\u0259n az\u0259rbaycanl\u0131 ziyar\u0259t\u00e7il\u0259rin say\u0131 7 faiz art\u0131b.\n<\/p>\n<p>\n  <a href=\"https:\/\/www.meydan.tv\/az\/article\/hesabat-her-bir-azerbaycanli-gurcustanda-orta-hesabla-303-manat-xercleyib\/?ref=list-news\"><br \/>\n    Az\u0259rbaycandan G\u00fcrc\u00fcstana<br \/>\n  <\/a><br \/>\n  ged\u0259n h\u0259r turist ortalama 524,5 lari (302,32 manat), Erm\u0259nistandan ged\u0259n h\u0259r turist is\u0259 553,9 lari (319,27 manat) x\u0259rcl\u0259yib.\n<\/p>\n<p>\n  Bu ilin yanvar-noyabr aylar\u0131nda Az\u0259rbaycandan G\u00fcrc\u00fcstana s\u0259f\u0259r ed\u0259nl\u0259rin say\u0131 1 milyon 404 min 28 n\u0259f\u0259r olub.\n<\/p>\n<p>\n  Hesabatda bildirilir ki, illik m\u00fcqayis\u0259d\u0259 qon\u015fu \u00f6lk\u0259y\u0259 yollanan az\u0259rbaycanl\u0131 ziyar\u0259t\u00e7il\u0259rin say\u0131 92 min 121 n\u0259f\u0259r v\u0259 ya 7 faiz art\u0131b.<\/p>\n","protected":false},"excerpt":{"rendered":"<p>R\u0259q\u0259ml\u0259rd\u0259n g\u00f6r\u00fcn\u00fcr ki, orta statistik az\u0259rbaycanl\u0131n\u0131n yeni ili ke\u00e7irm\u0259k \u00fc\u00e7\u00fcn g\u00fcc\u00fcn\u00fcn \u00e7atd\u0131\u011f\u0131 yegan\u0259 xarici \u00f6lk\u0259 G\u00fcrc\u00fcstand\u0131r.<\/p>\n","protected":false},"author":11,"featured_media":134403,"comment_status":"closed","ping_status":"open","sticky":false,"template":"","format":"standard","meta":{"_acf_changed":false,"_sitemap_exclude":false,"_sitemap_priority":"","_sitemap_frequency":"","footnotes":""},"categories":[62],"tags":[],"class_list":["post-198391","post","type-post","status-publish","format-standard","has-post-thumbnail","hentry","category-sosial","infinite-scroll-item","generate-columns","tablet-grid-50","mobile-grid-100","grid-parent","grid-33","no-featured-image-padding"],"acf":[],"yoast_head":"<!-- This site is optimized with the Yoast SEO plugin v27.4 - https:\/\/yoast.com\/product\/yoast-seo-wordpress\/ -->\n<title>T\u0259til: Az\u0259rbaycanda, qon\u015fu \u00f6lk\u0259l\u0259rd\u0259 v\u0259 Avropada\u2026 - MEYDAN.TV<\/title>\n<meta name=\"robots\" content=\"index, follow, max-snippet:-1, max-image-preview:large, max-video-preview:-1\" \/>\n<link rel=\"canonical\" href=\"https:\/\/www.meydan.tv\/az\/article\/tetil-azerbaycanda-qonsu-olkelerde-ve-avropada\/\" \/>\n<meta property=\"og:locale\" content=\"az_AZ\" \/>\n<meta property=\"og:type\" content=\"article\" \/>\n<meta property=\"og:title\" content=\"T\u0259til: Az\u0259rbaycanda, qon\u015fu \u00f6lk\u0259l\u0259rd\u0259 v\u0259 Avropada\u2026 - MEYDAN.TV\" \/>\n<meta property=\"og:description\" content=\"R\u0259q\u0259ml\u0259rd\u0259n g\u00f6r\u00fcn\u00fcr ki, orta statistik az\u0259rbaycanl\u0131n\u0131n yeni ili ke\u00e7irm\u0259k \u00fc\u00e7\u00fcn g\u00fcc\u00fcn\u00fcn \u00e7atd\u0131\u011f\u0131 yegan\u0259 xarici \u00f6lk\u0259 G\u00fcrc\u00fcstand\u0131r.\" \/>\n<meta property=\"og:url\" content=\"https:\/\/www.meydan.tv\/az\/article\/tetil-azerbaycanda-qonsu-olkelerde-ve-avropada\/\" \/>\n<meta property=\"og:site_name\" content=\"MEYDAN.TV\" \/>\n<meta property=\"article:published_time\" content=\"2019-12-16T14:10:46+00:00\" \/>\n<meta property=\"og:image\" content=\"https:\/\/www.meydan.tv\/wp-content\/uploads\/trend_yeni_il_271216_25.jpg\" \/>\n\t<meta property=\"og:image:width\" content=\"1200\" \/>\n\t<meta property=\"og:image:height\" content=\"801\" \/>\n\t<meta property=\"og:image:type\" content=\"image\/jpeg\" \/>\n<meta name=\"author\" content=\"user-manager\" \/>\n<meta name=\"twitter:card\" content=\"summary_large_image\" \/>\n<script type=\"application\/ld+json\" class=\"yoast-schema-graph\">{\"@context\":\"https:\\\/\\\/schema.org\",\"@graph\":[{\"@type\":\"Article\",\"@id\":\"https:\\\/\\\/www.meydan.tv\\\/az\\\/article\\\/tetil-azerbaycanda-qonsu-olkelerde-ve-avropada\\\/#article\",\"isPartOf\":{\"@id\":\"https:\\\/\\\/www.meydan.tv\\\/az\\\/article\\\/tetil-azerbaycanda-qonsu-olkelerde-ve-avropada\\\/\"},\"author\":{\"name\":\"user-manager\",\"@id\":\"https:\\\/\\\/www.meydan.tv\\\/az\\\/#\\\/schema\\\/person\\\/10d11eccf6da3662cf5fdab9806ea91a\"},\"headline\":\"T\u0259til: Az\u0259rbaycanda, qon\u015fu \u00f6lk\u0259l\u0259rd\u0259 v\u0259 Avropada\u2026\",\"datePublished\":\"2019-12-16T14:10:46+00:00\",\"mainEntityOfPage\":{\"@id\":\"https:\\\/\\\/www.meydan.tv\\\/az\\\/article\\\/tetil-azerbaycanda-qonsu-olkelerde-ve-avropada\\\/\"},\"wordCount\":1385,\"publisher\":{\"@id\":\"https:\\\/\\\/www.meydan.tv\\\/az\\\/#organization\"},\"image\":{\"@id\":\"https:\\\/\\\/www.meydan.tv\\\/az\\\/article\\\/tetil-azerbaycanda-qonsu-olkelerde-ve-avropada\\\/#primaryimage\"},\"thumbnailUrl\":\"https:\\\/\\\/www.meydan.tv\\\/wp-content\\\/uploads\\\/trend_yeni_il_271216_25.jpg\",\"articleSection\":[\"Sosial\"],\"inLanguage\":\"az\"},{\"@type\":\"WebPage\",\"@id\":\"https:\\\/\\\/www.meydan.tv\\\/az\\\/article\\\/tetil-azerbaycanda-qonsu-olkelerde-ve-avropada\\\/\",\"url\":\"https:\\\/\\\/www.meydan.tv\\\/az\\\/article\\\/tetil-azerbaycanda-qonsu-olkelerde-ve-avropada\\\/\",\"name\":\"T\u0259til: Az\u0259rbaycanda, qon\u015fu \u00f6lk\u0259l\u0259rd\u0259 v\u0259 Avropada\u2026 - MEYDAN.TV\",\"isPartOf\":{\"@id\":\"https:\\\/\\\/www.meydan.tv\\\/az\\\/#website\"},\"primaryImageOfPage\":{\"@id\":\"https:\\\/\\\/www.meydan.tv\\\/az\\\/article\\\/tetil-azerbaycanda-qonsu-olkelerde-ve-avropada\\\/#primaryimage\"},\"image\":{\"@id\":\"https:\\\/\\\/www.meydan.tv\\\/az\\\/article\\\/tetil-azerbaycanda-qonsu-olkelerde-ve-avropada\\\/#primaryimage\"},\"thumbnailUrl\":\"https:\\\/\\\/www.meydan.tv\\\/wp-content\\\/uploads\\\/trend_yeni_il_271216_25.jpg\",\"datePublished\":\"2019-12-16T14:10:46+00:00\",\"breadcrumb\":{\"@id\":\"https:\\\/\\\/www.meydan.tv\\\/az\\\/article\\\/tetil-azerbaycanda-qonsu-olkelerde-ve-avropada\\\/#breadcrumb\"},\"inLanguage\":\"az\",\"potentialAction\":[{\"@type\":\"ReadAction\",\"target\":[\"https:\\\/\\\/www.meydan.tv\\\/az\\\/article\\\/tetil-azerbaycanda-qonsu-olkelerde-ve-avropada\\\/\"]}]},{\"@type\":\"ImageObject\",\"inLanguage\":\"az\",\"@id\":\"https:\\\/\\\/www.meydan.tv\\\/az\\\/article\\\/tetil-azerbaycanda-qonsu-olkelerde-ve-avropada\\\/#primaryimage\",\"url\":\"https:\\\/\\\/www.meydan.tv\\\/wp-content\\\/uploads\\\/trend_yeni_il_271216_25.jpg\",\"contentUrl\":\"https:\\\/\\\/www.meydan.tv\\\/wp-content\\\/uploads\\\/trend_yeni_il_271216_25.jpg\",\"width\":1200,\"height\":801,\"caption\":\"Foto: arxiv\"},{\"@type\":\"BreadcrumbList\",\"@id\":\"https:\\\/\\\/www.meydan.tv\\\/az\\\/article\\\/tetil-azerbaycanda-qonsu-olkelerde-ve-avropada\\\/#breadcrumb\",\"itemListElement\":[{\"@type\":\"ListItem\",\"position\":1,\"name\":\"Ana s\u0259hif\u0259\",\"item\":\"https:\\\/\\\/www.meydan.tv\\\/az\\\/\"},{\"@type\":\"ListItem\",\"position\":2,\"name\":\"Sosial\",\"item\":\"https:\\\/\\\/www.meydan.tv\\\/az\\\/section\\\/sosial\\\/\"},{\"@type\":\"ListItem\",\"position\":3,\"name\":\"T\u0259til: Az\u0259rbaycanda, qon\u015fu \u00f6lk\u0259l\u0259rd\u0259 v\u0259 Avropada\u2026\"}]},{\"@type\":\"WebSite\",\"@id\":\"https:\\\/\\\/www.meydan.tv\\\/az\\\/#website\",\"url\":\"https:\\\/\\\/www.meydan.tv\\\/az\\\/\",\"name\":\"MEYDAN.TV\",\"description\":\"Meydan TV Az\u0259rbaycan\u0131n media m\u0259kan\u0131ndak\u0131 alternativ s\u0259sidir\",\"publisher\":{\"@id\":\"https:\\\/\\\/www.meydan.tv\\\/az\\\/#organization\"},\"potentialAction\":[{\"@type\":\"SearchAction\",\"target\":{\"@type\":\"EntryPoint\",\"urlTemplate\":\"https:\\\/\\\/www.meydan.tv\\\/az\\\/?s={search_term_string}\"},\"query-input\":{\"@type\":\"PropertyValueSpecification\",\"valueRequired\":true,\"valueName\":\"search_term_string\"}}],\"inLanguage\":\"az\"},{\"@type\":\"Organization\",\"@id\":\"https:\\\/\\\/www.meydan.tv\\\/az\\\/#organization\",\"name\":\"Meydan TV\",\"url\":\"https:\\\/\\\/www.meydan.tv\\\/az\\\/\",\"logo\":{\"@type\":\"ImageObject\",\"inLanguage\":\"az\",\"@id\":\"https:\\\/\\\/www.meydan.tv\\\/az\\\/#\\\/schema\\\/logo\\\/image\\\/\",\"url\":\"https:\\\/\\\/www.meydan.tv\\\/wp-content\\\/uploads\\\/2021\\\/07\\\/meydan-logo.svg\",\"contentUrl\":\"https:\\\/\\\/www.meydan.tv\\\/wp-content\\\/uploads\\\/2021\\\/07\\\/meydan-logo.svg\",\"width\":195,\"height\":46,\"caption\":\"Meydan TV\"},\"image\":{\"@id\":\"https:\\\/\\\/www.meydan.tv\\\/az\\\/#\\\/schema\\\/logo\\\/image\\\/\"}},{\"@type\":\"Person\",\"@id\":\"https:\\\/\\\/www.meydan.tv\\\/az\\\/#\\\/schema\\\/person\\\/10d11eccf6da3662cf5fdab9806ea91a\",\"name\":\"user-manager\"}]}<\/script>\n<!-- \/ Yoast SEO plugin. -->","yoast_head_json":{"title":"T\u0259til: Az\u0259rbaycanda, qon\u015fu \u00f6lk\u0259l\u0259rd\u0259 v\u0259 Avropada\u2026 - MEYDAN.TV","robots":{"index":"index","follow":"follow","max-snippet":"max-snippet:-1","max-image-preview":"max-image-preview:large","max-video-preview":"max-video-preview:-1"},"canonical":"https:\/\/www.meydan.tv\/az\/article\/tetil-azerbaycanda-qonsu-olkelerde-ve-avropada\/","og_locale":"az_AZ","og_type":"article","og_title":"T\u0259til: Az\u0259rbaycanda, qon\u015fu \u00f6lk\u0259l\u0259rd\u0259 v\u0259 Avropada\u2026 - MEYDAN.TV","og_description":"R\u0259q\u0259ml\u0259rd\u0259n g\u00f6r\u00fcn\u00fcr ki, orta statistik az\u0259rbaycanl\u0131n\u0131n yeni ili ke\u00e7irm\u0259k \u00fc\u00e7\u00fcn g\u00fcc\u00fcn\u00fcn \u00e7atd\u0131\u011f\u0131 yegan\u0259 xarici \u00f6lk\u0259 G\u00fcrc\u00fcstand\u0131r.","og_url":"https:\/\/www.meydan.tv\/az\/article\/tetil-azerbaycanda-qonsu-olkelerde-ve-avropada\/","og_site_name":"MEYDAN.TV","article_published_time":"2019-12-16T14:10:46+00:00","og_image":[{"width":1200,"height":801,"url":"https:\/\/www.meydan.tv\/wp-content\/uploads\/trend_yeni_il_271216_25.jpg","type":"image\/jpeg"}],"author":"user-manager","twitter_card":"summary_large_image","schema":{"@context":"https:\/\/schema.org","@graph":[{"@type":"Article","@id":"https:\/\/www.meydan.tv\/az\/article\/tetil-azerbaycanda-qonsu-olkelerde-ve-avropada\/#article","isPartOf":{"@id":"https:\/\/www.meydan.tv\/az\/article\/tetil-azerbaycanda-qonsu-olkelerde-ve-avropada\/"},"author":{"name":"user-manager","@id":"https:\/\/www.meydan.tv\/az\/#\/schema\/person\/10d11eccf6da3662cf5fdab9806ea91a"},"headline":"T\u0259til: Az\u0259rbaycanda, qon\u015fu \u00f6lk\u0259l\u0259rd\u0259 v\u0259 Avropada\u2026","datePublished":"2019-12-16T14:10:46+00:00","mainEntityOfPage":{"@id":"https:\/\/www.meydan.tv\/az\/article\/tetil-azerbaycanda-qonsu-olkelerde-ve-avropada\/"},"wordCount":1385,"publisher":{"@id":"https:\/\/www.meydan.tv\/az\/#organization"},"image":{"@id":"https:\/\/www.meydan.tv\/az\/article\/tetil-azerbaycanda-qonsu-olkelerde-ve-avropada\/#primaryimage"},"thumbnailUrl":"https:\/\/www.meydan.tv\/wp-content\/uploads\/trend_yeni_il_271216_25.jpg","articleSection":["Sosial"],"inLanguage":"az"},{"@type":"WebPage","@id":"https:\/\/www.meydan.tv\/az\/article\/tetil-azerbaycanda-qonsu-olkelerde-ve-avropada\/","url":"https:\/\/www.meydan.tv\/az\/article\/tetil-azerbaycanda-qonsu-olkelerde-ve-avropada\/","name":"T\u0259til: Az\u0259rbaycanda, qon\u015fu \u00f6lk\u0259l\u0259rd\u0259 v\u0259 Avropada\u2026 - MEYDAN.TV","isPartOf":{"@id":"https:\/\/www.meydan.tv\/az\/#website"},"primaryImageOfPage":{"@id":"https:\/\/www.meydan.tv\/az\/article\/tetil-azerbaycanda-qonsu-olkelerde-ve-avropada\/#primaryimage"},"image":{"@id":"https:\/\/www.meydan.tv\/az\/article\/tetil-azerbaycanda-qonsu-olkelerde-ve-avropada\/#primaryimage"},"thumbnailUrl":"https:\/\/www.meydan.tv\/wp-content\/uploads\/trend_yeni_il_271216_25.jpg","datePublished":"2019-12-16T14:10:46+00:00","breadcrumb":{"@id":"https:\/\/www.meydan.tv\/az\/article\/tetil-azerbaycanda-qonsu-olkelerde-ve-avropada\/#breadcrumb"},"inLanguage":"az","potentialAction":[{"@type":"ReadAction","target":["https:\/\/www.meydan.tv\/az\/article\/tetil-azerbaycanda-qonsu-olkelerde-ve-avropada\/"]}]},{"@type":"ImageObject","inLanguage":"az","@id":"https:\/\/www.meydan.tv\/az\/article\/tetil-azerbaycanda-qonsu-olkelerde-ve-avropada\/#primaryimage","url":"https:\/\/www.meydan.tv\/wp-content\/uploads\/trend_yeni_il_271216_25.jpg","contentUrl":"https:\/\/www.meydan.tv\/wp-content\/uploads\/trend_yeni_il_271216_25.jpg","width":1200,"height":801,"caption":"Foto: arxiv"},{"@type":"BreadcrumbList","@id":"https:\/\/www.meydan.tv\/az\/article\/tetil-azerbaycanda-qonsu-olkelerde-ve-avropada\/#breadcrumb","itemListElement":[{"@type":"ListItem","position":1,"name":"Ana s\u0259hif\u0259","item":"https:\/\/www.meydan.tv\/az\/"},{"@type":"ListItem","position":2,"name":"Sosial","item":"https:\/\/www.meydan.tv\/az\/section\/sosial\/"},{"@type":"ListItem","position":3,"name":"T\u0259til: Az\u0259rbaycanda, qon\u015fu \u00f6lk\u0259l\u0259rd\u0259 v\u0259 Avropada\u2026"}]},{"@type":"WebSite","@id":"https:\/\/www.meydan.tv\/az\/#website","url":"https:\/\/www.meydan.tv\/az\/","name":"MEYDAN.TV","description":"Meydan TV Az\u0259rbaycan\u0131n media m\u0259kan\u0131ndak\u0131 alternativ s\u0259sidir","publisher":{"@id":"https:\/\/www.meydan.tv\/az\/#organization"},"potentialAction":[{"@type":"SearchAction","target":{"@type":"EntryPoint","urlTemplate":"https:\/\/www.meydan.tv\/az\/?s={search_term_string}"},"query-input":{"@type":"PropertyValueSpecification","valueRequired":true,"valueName":"search_term_string"}}],"inLanguage":"az"},{"@type":"Organization","@id":"https:\/\/www.meydan.tv\/az\/#organization","name":"Meydan TV","url":"https:\/\/www.meydan.tv\/az\/","logo":{"@type":"ImageObject","inLanguage":"az","@id":"https:\/\/www.meydan.tv\/az\/#\/schema\/logo\/image\/","url":"https:\/\/www.meydan.tv\/wp-content\/uploads\/2021\/07\/meydan-logo.svg","contentUrl":"https:\/\/www.meydan.tv\/wp-content\/uploads\/2021\/07\/meydan-logo.svg","width":195,"height":46,"caption":"Meydan TV"},"image":{"@id":"https:\/\/www.meydan.tv\/az\/#\/schema\/logo\/image\/"}},{"@type":"Person","@id":"https:\/\/www.meydan.tv\/az\/#\/schema\/person\/10d11eccf6da3662cf5fdab9806ea91a","name":"user-manager"}]}},"_links":{"self":[{"href":"https:\/\/www.meydan.tv\/az\/wp-json\/wp\/v2\/posts\/198391","targetHints":{"allow":["GET"]}}],"collection":[{"href":"https:\/\/www.meydan.tv\/az\/wp-json\/wp\/v2\/posts"}],"about":[{"href":"https:\/\/www.meydan.tv\/az\/wp-json\/wp\/v2\/types\/post"}],"author":[{"embeddable":true,"href":"https:\/\/www.meydan.tv\/az\/wp-json\/wp\/v2\/users\/11"}],"replies":[{"embeddable":true,"href":"https:\/\/www.meydan.tv\/az\/wp-json\/wp\/v2\/comments?post=198391"}],"version-history":[{"count":0,"href":"https:\/\/www.meydan.tv\/az\/wp-json\/wp\/v2\/posts\/198391\/revisions"}],"wp:featuredmedia":[{"embeddable":true,"href":"https:\/\/www.meydan.tv\/az\/wp-json\/wp\/v2\/media\/134403"}],"wp:attachment":[{"href":"https:\/\/www.meydan.tv\/az\/wp-json\/wp\/v2\/media?parent=198391"}],"wp:term":[{"taxonomy":"category","embeddable":true,"href":"https:\/\/www.meydan.tv\/az\/wp-json\/wp\/v2\/categories?post=198391"},{"taxonomy":"post_tag","embeddable":true,"href":"https:\/\/www.meydan.tv\/az\/wp-json\/wp\/v2\/tags?post=198391"}],"curies":[{"name":"wp","href":"https:\/\/api.w.org\/{rel}","templated":true}]}}