{"id":198389,"date":"2019-12-16T15:04:12","date_gmt":"2019-12-16T15:04:12","guid":{"rendered":"https:\/\/www.meydan.tv\/article\/erdogan-turkiye-incirlik-hava-bazasini-baglaya-biler\/"},"modified":"2019-12-16T15:04:12","modified_gmt":"2019-12-16T15:04:12","slug":"erdogan-turkiye-incirlik-hava-bazasini-baglaya-biler","status":"publish","type":"post","link":"https:\/\/www.meydan.tv\/az\/article\/erdogan-turkiye-incirlik-hava-bazasini-baglaya-biler\/","title":{"rendered":"\u018frdo\u011fan: T\u00fcrkiy\u0259 \u0130ncirlik hava bazas\u0131n\u0131 ba\u011flaya bil\u0259r"},"content":{"rendered":"<p>\n  <i><br \/>\n    \u201cLaz\u0131m g\u0259l\u0259rs\u0259, T\u00fcrkiy\u0259 Kur\u0259cik olan radar bazas\u0131n\u0131 da ba\u011flaya bil\u0259r\u201d<br \/>\n  <\/i>\n<\/p>\n<p>\n  T\u00fcrkiy\u0259 AB\u015e-\u0131n sanksiya t\u0259hdidl\u0259rin\u0259 cavab olaraq AB\u015e-\u0131n n\u00fcv\u0259 ba\u015fl\u0131qlar\u0131na sahib \u0130ncirlik hava bazas\u0131n\u0131 ba\u011flaya bil\u0259r, &#8211; \u201cAl Jazeera\u201d x\u0259b\u0259r verir.\n<\/p>\n<p>\n  \u201cBel\u0259 bir add\u0131m atma\u011fa ehtiyac olarsa, \u0259lb\u0259tt\u0259 ki, s\u0259lahiyy\u0259timiz var &#8230; Laz\u0131m g\u0259l\u0259rs\u0259, \u0130ncirliyi ba\u011flayaca\u011f\u0131q\u201d, &#8211; prezident R\u0259c\u0259b Tayyib \u018frdo\u011fan bazar g\u00fcn\u00fc \u201cA Haber TV\u201d-d\u0259 m\u00fcsahib\u0259si zaman\u0131 bildirib.\n<\/p>\n<p>\n  AB\u015e senatorlar\u0131 ke\u00e7\u0259n h\u0259ft\u0259 Ankaran\u0131n Rusiyadan bu ilin \u0259vv\u0259lind\u0259 S-400 raketd\u0259n m\u00fcdafi\u0259 sisteminin almas\u0131 v\u0259 bu yax\u0131nlarda Suriyan\u0131n \u015fimal\u0131nda ba\u015flatd\u0131\u011f\u0131 h\u0259rbi \u0259m\u0259liyyatlar il\u0259 \u0259laq\u0259dar T\u00fcrkiy\u0259y\u0259 sanksiya t\u0259tbiq etm\u0259kl\u0259 ba\u011fl\u0131 ir\u0259li s\u00fcr\u00fcl\u0259n qanunvericiliyi d\u0259st\u0259kl\u0259yib.\n<\/p>\n<p>\n  \u0130ncirlik Suriya s\u0259rh\u0259dind\u0259n t\u0259qrib\u0259n 150 km m\u0259saf\u0259d\u0259, Adana \u015f\u0259h\u0259rind\u0259n k\u0259narda yerl\u0259\u015fir v\u0259 T\u00fcrk H\u0259rbi Hava Q\u00fcvv\u0259l\u0259rinin istifad\u0259 etdiyi \u0259sas aviabazad\u0131r. 2011-ci ilin noyabr ay\u0131ndan b\u0259ri AB\u015e h\u0259rbi hava q\u00fcvv\u0259l\u0259ri bazadan pilotsuz u\u00e7u\u015flar h\u0259yata ke\u00e7irib v\u0259 bunu \u0259sas\u0259n \u0130\u015e\u0130D silahl\u0131 qrupla\u015fmas\u0131na qar\u015f\u0131 hava h\u00fccumlar\u0131 h\u0259yata ke\u00e7irm\u0259k \u00fc\u00e7\u00fcn istifad\u0259 edib.\n<\/p>\n<p>\n  AB\u015e \u0130ncirlikd\u0259 n\u00fcv\u0259 silahlar\u0131n\u0131 Soyuq M\u00fcharib\u0259nin miras\u0131 olaraq saxlay\u0131b.\n<\/p>\n<p>\n  \u201cLaz\u0131m g\u0259l\u0259rs\u0259, T\u00fcrkiy\u0259 Kur\u0259cik olan radar bazas\u0131n\u0131 da ba\u011flaya bil\u0259r\u201d, &#8211; \u018frdo\u011fan \u0259lav\u0259 edib. K\u00fcr\u0259cik T\u00fcrkiy\u0259nin \u015f\u0259rqind\u0259 yerl\u0259\u015f\u0259n \u0259sas NATO bazas\u0131d\u0131r.\n<\/p>\n<p>\n  \u201c\u018fg\u0259r onlar bu sanksiyalar\u0131n t\u0259tbiqi il\u0259 bizi h\u0259d\u0259l\u0259yirl\u0259rs\u0259, t\u0259bii ki, qar\u015f\u0131l\u0131q olaraq cavab ver\u0259c\u0259yik\u201d,- \u018frdo\u011fan deyib.\n<\/p>\n<p>\n  C\u00fcm\u0259 g\u00fcn\u00fc AB\u015e Senat\u0131nda Birinci d\u00fcnya m\u00fcharib\u0259sinin sonunda erm\u0259nil\u0259rin k\u00fctl\u0259vi q\u0259tlini \u201csoyq\u0131r\u0131m\u201d kimi tan\u0131yan ayr\u0131ca q\u0259tnam\u0259nin q\u0259bulu bar\u0259d\u0259 dan\u0131\u015fan \u018frdo\u011fan qanun layih\u0259sinin \u201ctamamil\u0259 siyasi\u201d oldu\u011funu s\u00f6yl\u0259yib.\n<\/p>\n<p>\n  O qeyd edib ki, Ankara AB\u015e-\u0131n bu add\u0131m\u0131na qar\u015f\u0131 ke\u00e7mi\u015f \u0259srl\u0259rd\u0259 yerli amerikal\u0131lar\u0131n \u00f6ld\u00fcr\u00fclm\u0259sini soyq\u0131r\u0131m kimi tan\u0131yan parlament q\u0259tnam\u0259l\u0259ri il\u0259 cavab ver\u0259 bil\u0259r.\n<\/p>\n<p>\n  AB\u015e Senat\u0131n\u0131n t\u0259sdiql\u0259diyi q\u0259tnam\u0259 T\u00fcrkiy\u0259 t\u0259r\u0259find\u0259n d\u0259rhal q\u0131nan\u0131b v\u0259 qanunverici orqan\u0131n bu add\u0131m\u0131 AB\u015e prezidenti Donald Tramp\u0131n Ankaraya qar\u015f\u0131 s\u0259rt siyas\u0259tinin davam\u0131 kimi qiym\u0259tl\u0259ndirilib.\n<\/p>\n<p>\n  Tramp administrasiyas\u0131 2017-ci ild\u0259 prezidentin Rusiya ordusu il\u0259 \u0259m\u0259kda\u015fl\u0131q ed\u0259n \u00f6lk\u0259l\u0259r\u0259 maliyy\u0259 c\u0259zalar\u0131 t\u0259tbiq etm\u0259sini n\u0259z\u0259rd\u0259 tutan sanksiya qanununu imzalamas\u0131na baxmayaraq, indiy\u0259 q\u0259d\u0259r T\u00fcrkiy\u0259y\u0259 sanksiya t\u0259tbiq etm\u0259yib.\n<\/p>\n<p>\n  Art\u0131q ikit\u0259r\u0259fli \u0259laq\u0259l\u0259rin g\u0259rginl\u0259\u015fdiyi bir vaxtda Va\u015finqton istehsal\u00e7\u0131s\u0131 v\u0259 al\u0131c\u0131s\u0131 oldu\u011fu AB\u015e-\u0131n F-35 gizli d\u00f6y\u00fc\u015f t\u0259yyar\u0259si proqram\u0131n\u0131n Ankaraya t\u0259dar\u00fck edilm\u0259sini dayand\u0131r\u0131b. AB\u015e bu add\u0131m\u0131 T\u00fcrkiy\u0259nin rus raket sistemini sat\u0131n almas\u0131 qar\u015f\u0131l\u0131\u011f\u0131nda c\u0259za olaraq t\u0259tbiq edib.\n<\/p>\n<p>\n  \u015e\u0259nb\u0259 g\u00fcn\u00fc Q\u0259t\u0259rd\u0259 bir konfransda \u00e7\u0131x\u0131\u015f ed\u0259n T\u00fcrkiy\u0259nin Xarici i\u015fl\u0259r naziri Mevlut \u00c7avu\u015fo\u011flu deyib ki, n\u0259tic\u0259nin nec\u0259liyind\u0259n as\u0131l\u0131 olmayaraq T\u00fcrkiy\u0259 Rusiya il\u0259 ba\u011flad\u0131\u011f\u0131 S-400 m\u00fcqavil\u0259sini l\u0259\u011fv etm\u0259y\u0259c\u0259k.<\/p>\n","protected":false},"excerpt":{"rendered":"<p>\u201c\u018fg\u0259r onlar bu sanksiyalar\u0131n t\u0259tbiqi il\u0259 bizi h\u0259d\u0259l\u0259yirl\u0259rs\u0259, t\u0259bii ki, qar\u015f\u0131l\u0131q olaraq cavab ver\u0259c\u0259yik\u201d,- \u018frdo\u011fan deyib.<\/p>\n","protected":false},"author":11,"featured_media":64565,"comment_status":"closed","ping_status":"open","sticky":false,"template":"","format":"standard","meta":{"_acf_changed":false,"_sitemap_exclude":false,"_sitemap_priority":"","_sitemap_frequency":"","footnotes":""},"categories":[64],"tags":[],"class_list":["post-198389","post","type-post","status-publish","format-standard","has-post-thumbnail","hentry","category-dunya","infinite-scroll-item","generate-columns","tablet-grid-50","mobile-grid-100","grid-parent","grid-33","no-featured-image-padding"],"acf":[],"yoast_head":"<!-- This site is optimized with the Yoast SEO plugin v27.5 - https:\/\/yoast.com\/product\/yoast-seo-wordpress\/ -->\n<title>\u018frdo\u011fan: T\u00fcrkiy\u0259 \u0130ncirlik hava bazas\u0131n\u0131 ba\u011flaya bil\u0259r - MEYDAN.TV<\/title>\n<meta name=\"robots\" content=\"index, follow, max-snippet:-1, max-image-preview:large, max-video-preview:-1\" \/>\n<link rel=\"canonical\" href=\"https:\/\/www.meydan.tv\/az\/article\/erdogan-turkiye-incirlik-hava-bazasini-baglaya-biler\/\" \/>\n<meta property=\"og:locale\" content=\"az_AZ\" \/>\n<meta property=\"og:type\" content=\"article\" \/>\n<meta property=\"og:title\" content=\"\u018frdo\u011fan: T\u00fcrkiy\u0259 \u0130ncirlik hava bazas\u0131n\u0131 ba\u011flaya bil\u0259r - MEYDAN.TV\" \/>\n<meta property=\"og:description\" content=\"\u201c\u018fg\u0259r onlar bu sanksiyalar\u0131n t\u0259tbiqi il\u0259 bizi h\u0259d\u0259l\u0259yirl\u0259rs\u0259, t\u0259bii ki, qar\u015f\u0131l\u0131q olaraq cavab ver\u0259c\u0259yik\u201d,- \u018frdo\u011fan deyib.\" \/>\n<meta property=\"og:url\" content=\"https:\/\/www.meydan.tv\/az\/article\/erdogan-turkiye-incirlik-hava-bazasini-baglaya-biler\/\" \/>\n<meta property=\"og:site_name\" content=\"MEYDAN.TV\" \/>\n<meta property=\"article:published_time\" content=\"2019-12-16T15:04:12+00:00\" \/>\n<meta property=\"og:image\" content=\"https:\/\/www.meydan.tv\/wp-content\/uploads\/24630.jpg\" \/>\n\t<meta property=\"og:image:width\" content=\"668\" \/>\n\t<meta property=\"og:image:height\" content=\"500\" \/>\n\t<meta property=\"og:image:type\" content=\"image\/jpeg\" \/>\n<meta name=\"author\" content=\"user-manager\" \/>\n<meta name=\"twitter:card\" content=\"summary_large_image\" \/>\n<script type=\"application\/ld+json\" class=\"yoast-schema-graph\">{\"@context\":\"https:\\\/\\\/schema.org\",\"@graph\":[{\"@type\":\"Article\",\"@id\":\"https:\\\/\\\/www.meydan.tv\\\/az\\\/article\\\/erdogan-turkiye-incirlik-hava-bazasini-baglaya-biler\\\/#article\",\"isPartOf\":{\"@id\":\"https:\\\/\\\/www.meydan.tv\\\/az\\\/article\\\/erdogan-turkiye-incirlik-hava-bazasini-baglaya-biler\\\/\"},\"author\":{\"name\":\"user-manager\",\"@id\":\"https:\\\/\\\/www.meydan.tv\\\/az\\\/#\\\/schema\\\/person\\\/10d11eccf6da3662cf5fdab9806ea91a\"},\"headline\":\"\u018frdo\u011fan: T\u00fcrkiy\u0259 \u0130ncirlik hava bazas\u0131n\u0131 ba\u011flaya bil\u0259r\",\"datePublished\":\"2019-12-16T15:04:12+00:00\",\"mainEntityOfPage\":{\"@id\":\"https:\\\/\\\/www.meydan.tv\\\/az\\\/article\\\/erdogan-turkiye-incirlik-hava-bazasini-baglaya-biler\\\/\"},\"wordCount\":627,\"publisher\":{\"@id\":\"https:\\\/\\\/www.meydan.tv\\\/az\\\/#organization\"},\"image\":{\"@id\":\"https:\\\/\\\/www.meydan.tv\\\/az\\\/article\\\/erdogan-turkiye-incirlik-hava-bazasini-baglaya-biler\\\/#primaryimage\"},\"thumbnailUrl\":\"https:\\\/\\\/www.meydan.tv\\\/wp-content\\\/uploads\\\/24630.jpg\",\"articleSection\":[\"D\u00fcnya\"],\"inLanguage\":\"az\"},{\"@type\":\"WebPage\",\"@id\":\"https:\\\/\\\/www.meydan.tv\\\/az\\\/article\\\/erdogan-turkiye-incirlik-hava-bazasini-baglaya-biler\\\/\",\"url\":\"https:\\\/\\\/www.meydan.tv\\\/az\\\/article\\\/erdogan-turkiye-incirlik-hava-bazasini-baglaya-biler\\\/\",\"name\":\"\u018frdo\u011fan: T\u00fcrkiy\u0259 \u0130ncirlik hava bazas\u0131n\u0131 ba\u011flaya bil\u0259r - MEYDAN.TV\",\"isPartOf\":{\"@id\":\"https:\\\/\\\/www.meydan.tv\\\/az\\\/#website\"},\"primaryImageOfPage\":{\"@id\":\"https:\\\/\\\/www.meydan.tv\\\/az\\\/article\\\/erdogan-turkiye-incirlik-hava-bazasini-baglaya-biler\\\/#primaryimage\"},\"image\":{\"@id\":\"https:\\\/\\\/www.meydan.tv\\\/az\\\/article\\\/erdogan-turkiye-incirlik-hava-bazasini-baglaya-biler\\\/#primaryimage\"},\"thumbnailUrl\":\"https:\\\/\\\/www.meydan.tv\\\/wp-content\\\/uploads\\\/24630.jpg\",\"datePublished\":\"2019-12-16T15:04:12+00:00\",\"breadcrumb\":{\"@id\":\"https:\\\/\\\/www.meydan.tv\\\/az\\\/article\\\/erdogan-turkiye-incirlik-hava-bazasini-baglaya-biler\\\/#breadcrumb\"},\"inLanguage\":\"az\",\"potentialAction\":[{\"@type\":\"ReadAction\",\"target\":[\"https:\\\/\\\/www.meydan.tv\\\/az\\\/article\\\/erdogan-turkiye-incirlik-hava-bazasini-baglaya-biler\\\/\"]}]},{\"@type\":\"ImageObject\",\"inLanguage\":\"az\",\"@id\":\"https:\\\/\\\/www.meydan.tv\\\/az\\\/article\\\/erdogan-turkiye-incirlik-hava-bazasini-baglaya-biler\\\/#primaryimage\",\"url\":\"https:\\\/\\\/www.meydan.tv\\\/wp-content\\\/uploads\\\/24630.jpg\",\"contentUrl\":\"https:\\\/\\\/www.meydan.tv\\\/wp-content\\\/uploads\\\/24630.jpg\",\"width\":668,\"height\":500,\"caption\":\"Source:\"},{\"@type\":\"BreadcrumbList\",\"@id\":\"https:\\\/\\\/www.meydan.tv\\\/az\\\/article\\\/erdogan-turkiye-incirlik-hava-bazasini-baglaya-biler\\\/#breadcrumb\",\"itemListElement\":[{\"@type\":\"ListItem\",\"position\":1,\"name\":\"Ana s\u0259hif\u0259\",\"item\":\"https:\\\/\\\/www.meydan.tv\\\/az\\\/\"},{\"@type\":\"ListItem\",\"position\":2,\"name\":\"D\u00fcnya\",\"item\":\"https:\\\/\\\/www.meydan.tv\\\/az\\\/section\\\/dunya\\\/\"},{\"@type\":\"ListItem\",\"position\":3,\"name\":\"\u018frdo\u011fan: T\u00fcrkiy\u0259 \u0130ncirlik hava bazas\u0131n\u0131 ba\u011flaya bil\u0259r\"}]},{\"@type\":\"WebSite\",\"@id\":\"https:\\\/\\\/www.meydan.tv\\\/az\\\/#website\",\"url\":\"https:\\\/\\\/www.meydan.tv\\\/az\\\/\",\"name\":\"MEYDAN.TV\",\"description\":\"Meydan TV Az\u0259rbaycan\u0131n media m\u0259kan\u0131ndak\u0131 alternativ s\u0259sidir\",\"publisher\":{\"@id\":\"https:\\\/\\\/www.meydan.tv\\\/az\\\/#organization\"},\"potentialAction\":[{\"@type\":\"SearchAction\",\"target\":{\"@type\":\"EntryPoint\",\"urlTemplate\":\"https:\\\/\\\/www.meydan.tv\\\/az\\\/?s={search_term_string}\"},\"query-input\":{\"@type\":\"PropertyValueSpecification\",\"valueRequired\":true,\"valueName\":\"search_term_string\"}}],\"inLanguage\":\"az\"},{\"@type\":\"Organization\",\"@id\":\"https:\\\/\\\/www.meydan.tv\\\/az\\\/#organization\",\"name\":\"Meydan TV\",\"url\":\"https:\\\/\\\/www.meydan.tv\\\/az\\\/\",\"logo\":{\"@type\":\"ImageObject\",\"inLanguage\":\"az\",\"@id\":\"https:\\\/\\\/www.meydan.tv\\\/az\\\/#\\\/schema\\\/logo\\\/image\\\/\",\"url\":\"https:\\\/\\\/www.meydan.tv\\\/wp-content\\\/uploads\\\/2021\\\/07\\\/meydan-logo.svg\",\"contentUrl\":\"https:\\\/\\\/www.meydan.tv\\\/wp-content\\\/uploads\\\/2021\\\/07\\\/meydan-logo.svg\",\"width\":195,\"height\":46,\"caption\":\"Meydan TV\"},\"image\":{\"@id\":\"https:\\\/\\\/www.meydan.tv\\\/az\\\/#\\\/schema\\\/logo\\\/image\\\/\"}},{\"@type\":\"Person\",\"@id\":\"https:\\\/\\\/www.meydan.tv\\\/az\\\/#\\\/schema\\\/person\\\/10d11eccf6da3662cf5fdab9806ea91a\",\"name\":\"user-manager\"}]}<\/script>\n<!-- \/ Yoast SEO plugin. -->","yoast_head_json":{"title":"\u018frdo\u011fan: T\u00fcrkiy\u0259 \u0130ncirlik hava bazas\u0131n\u0131 ba\u011flaya bil\u0259r - MEYDAN.TV","robots":{"index":"index","follow":"follow","max-snippet":"max-snippet:-1","max-image-preview":"max-image-preview:large","max-video-preview":"max-video-preview:-1"},"canonical":"https:\/\/www.meydan.tv\/az\/article\/erdogan-turkiye-incirlik-hava-bazasini-baglaya-biler\/","og_locale":"az_AZ","og_type":"article","og_title":"\u018frdo\u011fan: T\u00fcrkiy\u0259 \u0130ncirlik hava bazas\u0131n\u0131 ba\u011flaya bil\u0259r - MEYDAN.TV","og_description":"\u201c\u018fg\u0259r onlar bu sanksiyalar\u0131n t\u0259tbiqi il\u0259 bizi h\u0259d\u0259l\u0259yirl\u0259rs\u0259, t\u0259bii ki, qar\u015f\u0131l\u0131q olaraq cavab ver\u0259c\u0259yik\u201d,- \u018frdo\u011fan deyib.","og_url":"https:\/\/www.meydan.tv\/az\/article\/erdogan-turkiye-incirlik-hava-bazasini-baglaya-biler\/","og_site_name":"MEYDAN.TV","article_published_time":"2019-12-16T15:04:12+00:00","og_image":[{"width":668,"height":500,"url":"https:\/\/www.meydan.tv\/wp-content\/uploads\/24630.jpg","type":"image\/jpeg"}],"author":"user-manager","twitter_card":"summary_large_image","schema":{"@context":"https:\/\/schema.org","@graph":[{"@type":"Article","@id":"https:\/\/www.meydan.tv\/az\/article\/erdogan-turkiye-incirlik-hava-bazasini-baglaya-biler\/#article","isPartOf":{"@id":"https:\/\/www.meydan.tv\/az\/article\/erdogan-turkiye-incirlik-hava-bazasini-baglaya-biler\/"},"author":{"name":"user-manager","@id":"https:\/\/www.meydan.tv\/az\/#\/schema\/person\/10d11eccf6da3662cf5fdab9806ea91a"},"headline":"\u018frdo\u011fan: T\u00fcrkiy\u0259 \u0130ncirlik hava bazas\u0131n\u0131 ba\u011flaya bil\u0259r","datePublished":"2019-12-16T15:04:12+00:00","mainEntityOfPage":{"@id":"https:\/\/www.meydan.tv\/az\/article\/erdogan-turkiye-incirlik-hava-bazasini-baglaya-biler\/"},"wordCount":627,"publisher":{"@id":"https:\/\/www.meydan.tv\/az\/#organization"},"image":{"@id":"https:\/\/www.meydan.tv\/az\/article\/erdogan-turkiye-incirlik-hava-bazasini-baglaya-biler\/#primaryimage"},"thumbnailUrl":"https:\/\/www.meydan.tv\/wp-content\/uploads\/24630.jpg","articleSection":["D\u00fcnya"],"inLanguage":"az"},{"@type":"WebPage","@id":"https:\/\/www.meydan.tv\/az\/article\/erdogan-turkiye-incirlik-hava-bazasini-baglaya-biler\/","url":"https:\/\/www.meydan.tv\/az\/article\/erdogan-turkiye-incirlik-hava-bazasini-baglaya-biler\/","name":"\u018frdo\u011fan: T\u00fcrkiy\u0259 \u0130ncirlik hava bazas\u0131n\u0131 ba\u011flaya bil\u0259r - MEYDAN.TV","isPartOf":{"@id":"https:\/\/www.meydan.tv\/az\/#website"},"primaryImageOfPage":{"@id":"https:\/\/www.meydan.tv\/az\/article\/erdogan-turkiye-incirlik-hava-bazasini-baglaya-biler\/#primaryimage"},"image":{"@id":"https:\/\/www.meydan.tv\/az\/article\/erdogan-turkiye-incirlik-hava-bazasini-baglaya-biler\/#primaryimage"},"thumbnailUrl":"https:\/\/www.meydan.tv\/wp-content\/uploads\/24630.jpg","datePublished":"2019-12-16T15:04:12+00:00","breadcrumb":{"@id":"https:\/\/www.meydan.tv\/az\/article\/erdogan-turkiye-incirlik-hava-bazasini-baglaya-biler\/#breadcrumb"},"inLanguage":"az","potentialAction":[{"@type":"ReadAction","target":["https:\/\/www.meydan.tv\/az\/article\/erdogan-turkiye-incirlik-hava-bazasini-baglaya-biler\/"]}]},{"@type":"ImageObject","inLanguage":"az","@id":"https:\/\/www.meydan.tv\/az\/article\/erdogan-turkiye-incirlik-hava-bazasini-baglaya-biler\/#primaryimage","url":"https:\/\/www.meydan.tv\/wp-content\/uploads\/24630.jpg","contentUrl":"https:\/\/www.meydan.tv\/wp-content\/uploads\/24630.jpg","width":668,"height":500,"caption":"Source:"},{"@type":"BreadcrumbList","@id":"https:\/\/www.meydan.tv\/az\/article\/erdogan-turkiye-incirlik-hava-bazasini-baglaya-biler\/#breadcrumb","itemListElement":[{"@type":"ListItem","position":1,"name":"Ana s\u0259hif\u0259","item":"https:\/\/www.meydan.tv\/az\/"},{"@type":"ListItem","position":2,"name":"D\u00fcnya","item":"https:\/\/www.meydan.tv\/az\/section\/dunya\/"},{"@type":"ListItem","position":3,"name":"\u018frdo\u011fan: T\u00fcrkiy\u0259 \u0130ncirlik hava bazas\u0131n\u0131 ba\u011flaya bil\u0259r"}]},{"@type":"WebSite","@id":"https:\/\/www.meydan.tv\/az\/#website","url":"https:\/\/www.meydan.tv\/az\/","name":"MEYDAN.TV","description":"Meydan TV Az\u0259rbaycan\u0131n media m\u0259kan\u0131ndak\u0131 alternativ s\u0259sidir","publisher":{"@id":"https:\/\/www.meydan.tv\/az\/#organization"},"potentialAction":[{"@type":"SearchAction","target":{"@type":"EntryPoint","urlTemplate":"https:\/\/www.meydan.tv\/az\/?s={search_term_string}"},"query-input":{"@type":"PropertyValueSpecification","valueRequired":true,"valueName":"search_term_string"}}],"inLanguage":"az"},{"@type":"Organization","@id":"https:\/\/www.meydan.tv\/az\/#organization","name":"Meydan TV","url":"https:\/\/www.meydan.tv\/az\/","logo":{"@type":"ImageObject","inLanguage":"az","@id":"https:\/\/www.meydan.tv\/az\/#\/schema\/logo\/image\/","url":"https:\/\/www.meydan.tv\/wp-content\/uploads\/2021\/07\/meydan-logo.svg","contentUrl":"https:\/\/www.meydan.tv\/wp-content\/uploads\/2021\/07\/meydan-logo.svg","width":195,"height":46,"caption":"Meydan TV"},"image":{"@id":"https:\/\/www.meydan.tv\/az\/#\/schema\/logo\/image\/"}},{"@type":"Person","@id":"https:\/\/www.meydan.tv\/az\/#\/schema\/person\/10d11eccf6da3662cf5fdab9806ea91a","name":"user-manager"}]}},"_links":{"self":[{"href":"https:\/\/www.meydan.tv\/az\/wp-json\/wp\/v2\/posts\/198389","targetHints":{"allow":["GET"]}}],"collection":[{"href":"https:\/\/www.meydan.tv\/az\/wp-json\/wp\/v2\/posts"}],"about":[{"href":"https:\/\/www.meydan.tv\/az\/wp-json\/wp\/v2\/types\/post"}],"author":[{"embeddable":true,"href":"https:\/\/www.meydan.tv\/az\/wp-json\/wp\/v2\/users\/11"}],"replies":[{"embeddable":true,"href":"https:\/\/www.meydan.tv\/az\/wp-json\/wp\/v2\/comments?post=198389"}],"version-history":[{"count":0,"href":"https:\/\/www.meydan.tv\/az\/wp-json\/wp\/v2\/posts\/198389\/revisions"}],"wp:featuredmedia":[{"embeddable":true,"href":"https:\/\/www.meydan.tv\/az\/wp-json\/wp\/v2\/media\/64565"}],"wp:attachment":[{"href":"https:\/\/www.meydan.tv\/az\/wp-json\/wp\/v2\/media?parent=198389"}],"wp:term":[{"taxonomy":"category","embeddable":true,"href":"https:\/\/www.meydan.tv\/az\/wp-json\/wp\/v2\/categories?post=198389"},{"taxonomy":"post_tag","embeddable":true,"href":"https:\/\/www.meydan.tv\/az\/wp-json\/wp\/v2\/tags?post=198389"}],"curies":[{"name":"wp","href":"https:\/\/api.w.org\/{rel}","templated":true}]}}