{"id":198387,"date":"2019-12-16T15:00:23","date_gmt":"2019-12-16T15:00:23","guid":{"rendered":"https:\/\/www.meydan.tv\/article\/ozilin-uygurlara-desteyi-cin-televiziyasinda-oyunun-yayimini-dayandirib\/"},"modified":"2019-12-16T15:00:23","modified_gmt":"2019-12-16T15:00:23","slug":"ozilin-uygurlara-desteyi-cin-televiziyasinda-oyunun-yayimini-dayandirib","status":"publish","type":"post","link":"https:\/\/www.meydan.tv\/az\/article\/ozilin-uygurlara-desteyi-cin-televiziyasinda-oyunun-yayimini-dayandirib\/","title":{"rendered":"\u00d6zilin uy\u011furlara d\u0259st\u0259yi \u00c7in televiziyas\u0131nda oyunun yay\u0131m\u0131n\u0131 dayand\u0131r\u0131b"},"content":{"rendered":"<p>\n  <i><br \/>\n    \u201c\u00d6zilin a\u00e7\u0131qlamalar\u0131 \u00c7ind\u0259ki azarke\u015fl\u0259rini k\u0259d\u0259rl\u0259ndirib\u201d<br \/>\n  <\/i>\n<\/p>\n<p>\n  Bazar g\u00fcn\u00fc \u00c7in d\u00f6vl\u0259t medias\u0131 \u0130ngilt\u0259r\u0259 Premyer Liqas\u0131nda \u201cArsenal\u201d-\u201cManchester City\u201d oyununun yay\u0131m\u0131n\u0131 dayand\u0131r\u0131b. CNN-in m\u0259lumat\u0131na g\u00f6r\u0259, buna s\u0259b\u0259b \u201cArsenal\u201d\u0131n oyun\u00e7usu Mesut \u00d6zilin sosial mediada \u00c7inin M\u00fcs\u0259lman Uy\u011fur azl\u0131\u011f\u0131na d\u0259st\u0259k olaraq payla\u015fd\u0131\u011f\u0131 mesajlard\u0131r.\n<\/p>\n<p>\n  \u201c\u00c7ind\u0259 \u201cQuran\u201dlar yand\u0131r\u0131l\u0131r, m\u0259scidl\u0259r ba\u011flan\u0131r, \u0130slam ilahiyyat m\u0259kt\u0259bl\u0259ri, m\u0259dr\u0259s\u0259l\u0259r qada\u011fan edilir, din aliml\u0259ri bir-bir \u00f6ld\u00fcr\u00fcl\u00fcr. B\u00fct\u00fcn bunlara baxmayaraq, m\u00fcs\u0259lmanlar sakit qal\u0131rlar\u201d, &#8211; \u00f6z\u00fc d\u0259 m\u00fcs\u0259lman olan \u00d6zil h\u0259m \u201cTwitter\u201d, h\u0259m d\u0259 \u201c\u0130nstagram\u201d hesab\u0131nda qeyd edib.\n<\/p>\n<p>\n  AB\u015e D\u00f6vl\u0259t Departamenti son iki il yar\u0131m m\u00fcdd\u0259tind\u0259 \u00c7inin \u0259sas\u0259n m\u00fcs\u0259lman etnik azl\u0131q olan 2 milyona yax\u0131n uy\u011furu h\u0259bs etdiyini deyib. H\u0259bs olunmu\u015f uy\u011furlar\u0131n \u00fcmumi d\u00fc\u015f\u0259rg\u0259l\u0259r\u0259 g\u00f6nd\u0259rildiyi bildirilir.\n<\/p>\n<p>\n  CNN-in \u0259ld\u0259 etdiyi m\u0259lumatlarda d\u00fc\u015f\u0259rg\u0259l\u0259rd\u0259 i\u015fg\u0259nc\u0259 v\u0259 zorak\u0131l\u0131q hallar\u0131n\u0131n geni\u015f hal ald\u0131\u011f\u0131 vur\u011fulan\u0131r.\n<\/p>\n<p>\n  Noyabr\u0131n \u0259vv\u0259lind\u0259 Birl\u0259\u015fmi\u015f Mill\u0259tl\u0259r T\u0259\u015fkilat\u0131n\u0131n forumunda \u00f6lk\u0259sinin insan haqlar\u0131 v\u0259ziyy\u0259tini m\u00fcdafi\u0259 ed\u0259n \u00c7in Xarici i\u015fl\u0259r nazirinin m\u00fcavini Le Yucheng deyib ki, onun \u00f6lk\u0259si son d\u00f6rd onillikd\u0259 \u201cbir milyarddan \u00e7ox insan\u0131n yoxsulluqdan \u00e7\u0131xartmas\u0131\u201d il\u0259 ba\u011fl\u0131 \u201c\u0259lam\u0259tdar ir\u0259lil\u0259yi\u015f\u201d \u0259ld\u0259 edib.\n<\/p>\n<p>\n  \u00c7inin CCTV kanal\u0131 \u0259vv\u0259lc\u0259 oyunu 16 dekabr tarixind\u0259, yerli vaxtla 12:30-da CCTV-5 idman kanal\u0131nda canl\u0131 yay\u0131mlama\u011f\u0131 planla\u015fd\u0131r\u0131bm\u0131\u015f.\n<\/p>\n<p>\n  Canl\u0131 yay\u0131m qrafikini tez-tez d\u0259yi\u015fdiyini qeyd ed\u0259n CCTV CNN-in bazar g\u00fcn\u00fc Premyer Liqan\u0131n apar\u0131c\u0131 oyunu olan \u201cArsenal\u201d-\u201cManchester\u201d oyununu g\u00f6st\u0259rm\u0259m\u0259sinin s\u0259b\u0259bi il\u0259 ba\u011fl\u0131 sual\u0131na cavab verm\u0259yib.\n<\/p>\n<p>\n  \u00c7inli video yay\u0131m sayt\u0131 PPTV d\u0259 oyunun yay\u0131m\u0131n\u0131 dayand\u0131r\u0131b.\n<\/p>\n<p>\n  \u201cSina Sports\u201d onlayn idman platformas\u0131 \u201cSina Weibo\u201d-da qeyd edib: \u201c\u00d6zilin a\u00e7\u0131qlamalar\u0131 \u00c7ind\u0259ki azarke\u015fl\u0259rini k\u0259d\u0259rl\u0259ndirib. Sad\u0259c\u0259 tan\u0131nm\u0131\u015f bir idman\u00e7\u0131 oldu\u011fu \u00fc\u00e7\u00fcn ona milli maraqlarla \u0259laq\u0259li m\u00f6vzularda \u015f\u0259rh verm\u0259k h\u00fcququ vermir. O, bu haqda a\u00e7\u0131qlama verm\u0259lidir\u201d.\n<\/p>\n<p>\n  \u00c7inin \u0259n m\u0259\u015fhur futbol saytlar\u0131ndan biri olan \u201cDongqiudi.com\u201d c\u00fcm\u0259 g\u00fcn\u00fc b\u0259yanat yay\u0131b:\n<\/p>\n<p>\n  \u201cS\u00f6z azadl\u0131\u011f\u0131n\u0131n h\u00fcdudlar\u0131 var v\u0259 bundan daxili i\u015fl\u0259r\u0259 qar\u0131\u015fmamaqla dig\u0259r \u00f6lk\u0259l\u0259rin suverenliyin\u0259 h\u00f6rm\u0259t \u0259sas\u0131nda istifad\u0259 etm\u0259k laz\u0131md\u0131r\u201d.\n<\/p>\n<p>\n  C\u00fcm\u0259 g\u00fcn\u00fc d\u00f6vl\u0259t q\u0259zeti olan \u201cGlobal Times\u201d-a verdiyi m\u00fcsahib\u0259d\u0259 \u00c7in Futbol Assosiasiyas\u0131n\u0131n r\u0259smisi \u00d6zilin dedikl\u0259rind\u0259n \u201cb\u00f6y\u00fck hidd\u0259t v\u0259 x\u0259yal q\u0131r\u0131ql\u0131\u011f\u0131na\u201d u\u011frad\u0131qlar\u0131n\u0131 bildirib:\n<\/p>\n<p>\n  \u201c\u015e\u0259rqi T\u00fcrkistan milliyy\u0259t\u00e7i bir m\u0259s\u0259l\u0259 deyil, dini bir m\u0259s\u0259l\u0259 d\u0259 deyil, bu, separatizm, terrorizm, ekstremizmdir v\u0259 b\u00fct\u00fcn d\u00fcnyada s\u00fclhsev\u0259r insanlar t\u0259r\u0259find\u0259n r\u0259dd edilir. \u00d6zilin s\u00f6zl\u0259ri yaln\u0131z onu sev\u0259n \u00e7inli azarke\u015fl\u0259ri incitm\u0259di, onun s\u00f6zl\u0259ri h\u0259m d\u0259 \u00c7in xalq\u0131n\u0131n hissl\u0259rin\u0259 toxundu. Bizim \u00fc\u00e7\u00fcn bu, q\u0259buledilm\u0259zdir\u201d.<\/p>\n","protected":false},"excerpt":{"rendered":"<p>\u00c7inli video yay\u0131m sayt\u0131 PPTV d\u0259 oyunun yay\u0131m\u0131n\u0131 dayand\u0131r\u0131b.<\/p>\n","protected":false},"author":11,"featured_media":134427,"comment_status":"closed","ping_status":"open","sticky":false,"template":"","format":"standard","meta":{"_acf_changed":false,"_sitemap_exclude":false,"_sitemap_priority":"","_sitemap_frequency":"","footnotes":""},"categories":[64],"tags":[],"class_list":["post-198387","post","type-post","status-publish","format-standard","has-post-thumbnail","hentry","category-dunya","infinite-scroll-item","generate-columns","tablet-grid-50","mobile-grid-100","grid-parent","grid-33","no-featured-image-padding"],"acf":[],"yoast_head":"<!-- This site is optimized with the Yoast SEO plugin v27.5 - https:\/\/yoast.com\/product\/yoast-seo-wordpress\/ -->\n<title>\u00d6zilin uy\u011furlara d\u0259st\u0259yi \u00c7in televiziyas\u0131nda oyunun yay\u0131m\u0131n\u0131 dayand\u0131r\u0131b - MEYDAN.TV<\/title>\n<meta name=\"robots\" content=\"index, follow, max-snippet:-1, max-image-preview:large, max-video-preview:-1\" \/>\n<link rel=\"canonical\" href=\"https:\/\/www.meydan.tv\/az\/article\/ozilin-uygurlara-desteyi-cin-televiziyasinda-oyunun-yayimini-dayandirib\/\" \/>\n<meta property=\"og:locale\" content=\"az_AZ\" \/>\n<meta property=\"og:type\" content=\"article\" \/>\n<meta property=\"og:title\" content=\"\u00d6zilin uy\u011furlara d\u0259st\u0259yi \u00c7in televiziyas\u0131nda oyunun yay\u0131m\u0131n\u0131 dayand\u0131r\u0131b - MEYDAN.TV\" \/>\n<meta property=\"og:description\" content=\"\u00c7inli video yay\u0131m sayt\u0131 PPTV d\u0259 oyunun yay\u0131m\u0131n\u0131 dayand\u0131r\u0131b.\" \/>\n<meta property=\"og:url\" content=\"https:\/\/www.meydan.tv\/az\/article\/ozilin-uygurlara-desteyi-cin-televiziyasinda-oyunun-yayimini-dayandirib\/\" \/>\n<meta property=\"og:site_name\" content=\"MEYDAN.TV\" \/>\n<meta property=\"article:published_time\" content=\"2019-12-16T15:00:23+00:00\" \/>\n<meta property=\"og:image\" content=\"https:\/\/www.meydan.tv\/wp-content\/uploads\/skysports-arsenalk-mesut-ozil_4795195.jpg\" \/>\n\t<meta property=\"og:image:width\" content=\"856\" \/>\n\t<meta property=\"og:image:height\" content=\"482\" \/>\n\t<meta property=\"og:image:type\" content=\"image\/jpeg\" \/>\n<meta name=\"author\" content=\"user-manager\" \/>\n<meta name=\"twitter:card\" content=\"summary_large_image\" \/>\n<script type=\"application\/ld+json\" class=\"yoast-schema-graph\">{\"@context\":\"https:\\\/\\\/schema.org\",\"@graph\":[{\"@type\":\"Article\",\"@id\":\"https:\\\/\\\/www.meydan.tv\\\/az\\\/article\\\/ozilin-uygurlara-desteyi-cin-televiziyasinda-oyunun-yayimini-dayandirib\\\/#article\",\"isPartOf\":{\"@id\":\"https:\\\/\\\/www.meydan.tv\\\/az\\\/article\\\/ozilin-uygurlara-desteyi-cin-televiziyasinda-oyunun-yayimini-dayandirib\\\/\"},\"author\":{\"name\":\"user-manager\",\"@id\":\"https:\\\/\\\/www.meydan.tv\\\/az\\\/#\\\/schema\\\/person\\\/10d11eccf6da3662cf5fdab9806ea91a\"},\"headline\":\"\u00d6zilin uy\u011furlara d\u0259st\u0259yi \u00c7in televiziyas\u0131nda oyunun yay\u0131m\u0131n\u0131 dayand\u0131r\u0131b\",\"datePublished\":\"2019-12-16T15:00:23+00:00\",\"mainEntityOfPage\":{\"@id\":\"https:\\\/\\\/www.meydan.tv\\\/az\\\/article\\\/ozilin-uygurlara-desteyi-cin-televiziyasinda-oyunun-yayimini-dayandirib\\\/\"},\"wordCount\":585,\"publisher\":{\"@id\":\"https:\\\/\\\/www.meydan.tv\\\/az\\\/#organization\"},\"image\":{\"@id\":\"https:\\\/\\\/www.meydan.tv\\\/az\\\/article\\\/ozilin-uygurlara-desteyi-cin-televiziyasinda-oyunun-yayimini-dayandirib\\\/#primaryimage\"},\"thumbnailUrl\":\"https:\\\/\\\/www.meydan.tv\\\/wp-content\\\/uploads\\\/skysports-arsenalk-mesut-ozil_4795195.jpg\",\"articleSection\":[\"D\u00fcnya\"],\"inLanguage\":\"az\"},{\"@type\":\"WebPage\",\"@id\":\"https:\\\/\\\/www.meydan.tv\\\/az\\\/article\\\/ozilin-uygurlara-desteyi-cin-televiziyasinda-oyunun-yayimini-dayandirib\\\/\",\"url\":\"https:\\\/\\\/www.meydan.tv\\\/az\\\/article\\\/ozilin-uygurlara-desteyi-cin-televiziyasinda-oyunun-yayimini-dayandirib\\\/\",\"name\":\"\u00d6zilin uy\u011furlara d\u0259st\u0259yi \u00c7in televiziyas\u0131nda oyunun yay\u0131m\u0131n\u0131 dayand\u0131r\u0131b - MEYDAN.TV\",\"isPartOf\":{\"@id\":\"https:\\\/\\\/www.meydan.tv\\\/az\\\/#website\"},\"primaryImageOfPage\":{\"@id\":\"https:\\\/\\\/www.meydan.tv\\\/az\\\/article\\\/ozilin-uygurlara-desteyi-cin-televiziyasinda-oyunun-yayimini-dayandirib\\\/#primaryimage\"},\"image\":{\"@id\":\"https:\\\/\\\/www.meydan.tv\\\/az\\\/article\\\/ozilin-uygurlara-desteyi-cin-televiziyasinda-oyunun-yayimini-dayandirib\\\/#primaryimage\"},\"thumbnailUrl\":\"https:\\\/\\\/www.meydan.tv\\\/wp-content\\\/uploads\\\/skysports-arsenalk-mesut-ozil_4795195.jpg\",\"datePublished\":\"2019-12-16T15:00:23+00:00\",\"breadcrumb\":{\"@id\":\"https:\\\/\\\/www.meydan.tv\\\/az\\\/article\\\/ozilin-uygurlara-desteyi-cin-televiziyasinda-oyunun-yayimini-dayandirib\\\/#breadcrumb\"},\"inLanguage\":\"az\",\"potentialAction\":[{\"@type\":\"ReadAction\",\"target\":[\"https:\\\/\\\/www.meydan.tv\\\/az\\\/article\\\/ozilin-uygurlara-desteyi-cin-televiziyasinda-oyunun-yayimini-dayandirib\\\/\"]}]},{\"@type\":\"ImageObject\",\"inLanguage\":\"az\",\"@id\":\"https:\\\/\\\/www.meydan.tv\\\/az\\\/article\\\/ozilin-uygurlara-desteyi-cin-televiziyasinda-oyunun-yayimini-dayandirib\\\/#primaryimage\",\"url\":\"https:\\\/\\\/www.meydan.tv\\\/wp-content\\\/uploads\\\/skysports-arsenalk-mesut-ozil_4795195.jpg\",\"contentUrl\":\"https:\\\/\\\/www.meydan.tv\\\/wp-content\\\/uploads\\\/skysports-arsenalk-mesut-ozil_4795195.jpg\",\"width\":856,\"height\":482,\"caption\":\"Source: Foto: google.ru\"},{\"@type\":\"BreadcrumbList\",\"@id\":\"https:\\\/\\\/www.meydan.tv\\\/az\\\/article\\\/ozilin-uygurlara-desteyi-cin-televiziyasinda-oyunun-yayimini-dayandirib\\\/#breadcrumb\",\"itemListElement\":[{\"@type\":\"ListItem\",\"position\":1,\"name\":\"Ana s\u0259hif\u0259\",\"item\":\"https:\\\/\\\/www.meydan.tv\\\/az\\\/\"},{\"@type\":\"ListItem\",\"position\":2,\"name\":\"D\u00fcnya\",\"item\":\"https:\\\/\\\/www.meydan.tv\\\/az\\\/section\\\/dunya\\\/\"},{\"@type\":\"ListItem\",\"position\":3,\"name\":\"\u00d6zilin uy\u011furlara d\u0259st\u0259yi \u00c7in televiziyas\u0131nda oyunun yay\u0131m\u0131n\u0131 dayand\u0131r\u0131b\"}]},{\"@type\":\"WebSite\",\"@id\":\"https:\\\/\\\/www.meydan.tv\\\/az\\\/#website\",\"url\":\"https:\\\/\\\/www.meydan.tv\\\/az\\\/\",\"name\":\"MEYDAN.TV\",\"description\":\"Meydan TV Az\u0259rbaycan\u0131n media m\u0259kan\u0131ndak\u0131 alternativ s\u0259sidir\",\"publisher\":{\"@id\":\"https:\\\/\\\/www.meydan.tv\\\/az\\\/#organization\"},\"potentialAction\":[{\"@type\":\"SearchAction\",\"target\":{\"@type\":\"EntryPoint\",\"urlTemplate\":\"https:\\\/\\\/www.meydan.tv\\\/az\\\/?s={search_term_string}\"},\"query-input\":{\"@type\":\"PropertyValueSpecification\",\"valueRequired\":true,\"valueName\":\"search_term_string\"}}],\"inLanguage\":\"az\"},{\"@type\":\"Organization\",\"@id\":\"https:\\\/\\\/www.meydan.tv\\\/az\\\/#organization\",\"name\":\"Meydan TV\",\"url\":\"https:\\\/\\\/www.meydan.tv\\\/az\\\/\",\"logo\":{\"@type\":\"ImageObject\",\"inLanguage\":\"az\",\"@id\":\"https:\\\/\\\/www.meydan.tv\\\/az\\\/#\\\/schema\\\/logo\\\/image\\\/\",\"url\":\"https:\\\/\\\/www.meydan.tv\\\/wp-content\\\/uploads\\\/2021\\\/07\\\/meydan-logo.svg\",\"contentUrl\":\"https:\\\/\\\/www.meydan.tv\\\/wp-content\\\/uploads\\\/2021\\\/07\\\/meydan-logo.svg\",\"width\":195,\"height\":46,\"caption\":\"Meydan TV\"},\"image\":{\"@id\":\"https:\\\/\\\/www.meydan.tv\\\/az\\\/#\\\/schema\\\/logo\\\/image\\\/\"}},{\"@type\":\"Person\",\"@id\":\"https:\\\/\\\/www.meydan.tv\\\/az\\\/#\\\/schema\\\/person\\\/10d11eccf6da3662cf5fdab9806ea91a\",\"name\":\"user-manager\"}]}<\/script>\n<!-- \/ Yoast SEO plugin. -->","yoast_head_json":{"title":"\u00d6zilin uy\u011furlara d\u0259st\u0259yi \u00c7in televiziyas\u0131nda oyunun yay\u0131m\u0131n\u0131 dayand\u0131r\u0131b - MEYDAN.TV","robots":{"index":"index","follow":"follow","max-snippet":"max-snippet:-1","max-image-preview":"max-image-preview:large","max-video-preview":"max-video-preview:-1"},"canonical":"https:\/\/www.meydan.tv\/az\/article\/ozilin-uygurlara-desteyi-cin-televiziyasinda-oyunun-yayimini-dayandirib\/","og_locale":"az_AZ","og_type":"article","og_title":"\u00d6zilin uy\u011furlara d\u0259st\u0259yi \u00c7in televiziyas\u0131nda oyunun yay\u0131m\u0131n\u0131 dayand\u0131r\u0131b - MEYDAN.TV","og_description":"\u00c7inli video yay\u0131m sayt\u0131 PPTV d\u0259 oyunun yay\u0131m\u0131n\u0131 dayand\u0131r\u0131b.","og_url":"https:\/\/www.meydan.tv\/az\/article\/ozilin-uygurlara-desteyi-cin-televiziyasinda-oyunun-yayimini-dayandirib\/","og_site_name":"MEYDAN.TV","article_published_time":"2019-12-16T15:00:23+00:00","og_image":[{"width":856,"height":482,"url":"https:\/\/www.meydan.tv\/wp-content\/uploads\/skysports-arsenalk-mesut-ozil_4795195.jpg","type":"image\/jpeg"}],"author":"user-manager","twitter_card":"summary_large_image","schema":{"@context":"https:\/\/schema.org","@graph":[{"@type":"Article","@id":"https:\/\/www.meydan.tv\/az\/article\/ozilin-uygurlara-desteyi-cin-televiziyasinda-oyunun-yayimini-dayandirib\/#article","isPartOf":{"@id":"https:\/\/www.meydan.tv\/az\/article\/ozilin-uygurlara-desteyi-cin-televiziyasinda-oyunun-yayimini-dayandirib\/"},"author":{"name":"user-manager","@id":"https:\/\/www.meydan.tv\/az\/#\/schema\/person\/10d11eccf6da3662cf5fdab9806ea91a"},"headline":"\u00d6zilin uy\u011furlara d\u0259st\u0259yi \u00c7in televiziyas\u0131nda oyunun yay\u0131m\u0131n\u0131 dayand\u0131r\u0131b","datePublished":"2019-12-16T15:00:23+00:00","mainEntityOfPage":{"@id":"https:\/\/www.meydan.tv\/az\/article\/ozilin-uygurlara-desteyi-cin-televiziyasinda-oyunun-yayimini-dayandirib\/"},"wordCount":585,"publisher":{"@id":"https:\/\/www.meydan.tv\/az\/#organization"},"image":{"@id":"https:\/\/www.meydan.tv\/az\/article\/ozilin-uygurlara-desteyi-cin-televiziyasinda-oyunun-yayimini-dayandirib\/#primaryimage"},"thumbnailUrl":"https:\/\/www.meydan.tv\/wp-content\/uploads\/skysports-arsenalk-mesut-ozil_4795195.jpg","articleSection":["D\u00fcnya"],"inLanguage":"az"},{"@type":"WebPage","@id":"https:\/\/www.meydan.tv\/az\/article\/ozilin-uygurlara-desteyi-cin-televiziyasinda-oyunun-yayimini-dayandirib\/","url":"https:\/\/www.meydan.tv\/az\/article\/ozilin-uygurlara-desteyi-cin-televiziyasinda-oyunun-yayimini-dayandirib\/","name":"\u00d6zilin uy\u011furlara d\u0259st\u0259yi \u00c7in televiziyas\u0131nda oyunun yay\u0131m\u0131n\u0131 dayand\u0131r\u0131b - MEYDAN.TV","isPartOf":{"@id":"https:\/\/www.meydan.tv\/az\/#website"},"primaryImageOfPage":{"@id":"https:\/\/www.meydan.tv\/az\/article\/ozilin-uygurlara-desteyi-cin-televiziyasinda-oyunun-yayimini-dayandirib\/#primaryimage"},"image":{"@id":"https:\/\/www.meydan.tv\/az\/article\/ozilin-uygurlara-desteyi-cin-televiziyasinda-oyunun-yayimini-dayandirib\/#primaryimage"},"thumbnailUrl":"https:\/\/www.meydan.tv\/wp-content\/uploads\/skysports-arsenalk-mesut-ozil_4795195.jpg","datePublished":"2019-12-16T15:00:23+00:00","breadcrumb":{"@id":"https:\/\/www.meydan.tv\/az\/article\/ozilin-uygurlara-desteyi-cin-televiziyasinda-oyunun-yayimini-dayandirib\/#breadcrumb"},"inLanguage":"az","potentialAction":[{"@type":"ReadAction","target":["https:\/\/www.meydan.tv\/az\/article\/ozilin-uygurlara-desteyi-cin-televiziyasinda-oyunun-yayimini-dayandirib\/"]}]},{"@type":"ImageObject","inLanguage":"az","@id":"https:\/\/www.meydan.tv\/az\/article\/ozilin-uygurlara-desteyi-cin-televiziyasinda-oyunun-yayimini-dayandirib\/#primaryimage","url":"https:\/\/www.meydan.tv\/wp-content\/uploads\/skysports-arsenalk-mesut-ozil_4795195.jpg","contentUrl":"https:\/\/www.meydan.tv\/wp-content\/uploads\/skysports-arsenalk-mesut-ozil_4795195.jpg","width":856,"height":482,"caption":"Source: Foto: google.ru"},{"@type":"BreadcrumbList","@id":"https:\/\/www.meydan.tv\/az\/article\/ozilin-uygurlara-desteyi-cin-televiziyasinda-oyunun-yayimini-dayandirib\/#breadcrumb","itemListElement":[{"@type":"ListItem","position":1,"name":"Ana s\u0259hif\u0259","item":"https:\/\/www.meydan.tv\/az\/"},{"@type":"ListItem","position":2,"name":"D\u00fcnya","item":"https:\/\/www.meydan.tv\/az\/section\/dunya\/"},{"@type":"ListItem","position":3,"name":"\u00d6zilin uy\u011furlara d\u0259st\u0259yi \u00c7in televiziyas\u0131nda oyunun yay\u0131m\u0131n\u0131 dayand\u0131r\u0131b"}]},{"@type":"WebSite","@id":"https:\/\/www.meydan.tv\/az\/#website","url":"https:\/\/www.meydan.tv\/az\/","name":"MEYDAN.TV","description":"Meydan TV Az\u0259rbaycan\u0131n media m\u0259kan\u0131ndak\u0131 alternativ s\u0259sidir","publisher":{"@id":"https:\/\/www.meydan.tv\/az\/#organization"},"potentialAction":[{"@type":"SearchAction","target":{"@type":"EntryPoint","urlTemplate":"https:\/\/www.meydan.tv\/az\/?s={search_term_string}"},"query-input":{"@type":"PropertyValueSpecification","valueRequired":true,"valueName":"search_term_string"}}],"inLanguage":"az"},{"@type":"Organization","@id":"https:\/\/www.meydan.tv\/az\/#organization","name":"Meydan TV","url":"https:\/\/www.meydan.tv\/az\/","logo":{"@type":"ImageObject","inLanguage":"az","@id":"https:\/\/www.meydan.tv\/az\/#\/schema\/logo\/image\/","url":"https:\/\/www.meydan.tv\/wp-content\/uploads\/2021\/07\/meydan-logo.svg","contentUrl":"https:\/\/www.meydan.tv\/wp-content\/uploads\/2021\/07\/meydan-logo.svg","width":195,"height":46,"caption":"Meydan TV"},"image":{"@id":"https:\/\/www.meydan.tv\/az\/#\/schema\/logo\/image\/"}},{"@type":"Person","@id":"https:\/\/www.meydan.tv\/az\/#\/schema\/person\/10d11eccf6da3662cf5fdab9806ea91a","name":"user-manager"}]}},"_links":{"self":[{"href":"https:\/\/www.meydan.tv\/az\/wp-json\/wp\/v2\/posts\/198387","targetHints":{"allow":["GET"]}}],"collection":[{"href":"https:\/\/www.meydan.tv\/az\/wp-json\/wp\/v2\/posts"}],"about":[{"href":"https:\/\/www.meydan.tv\/az\/wp-json\/wp\/v2\/types\/post"}],"author":[{"embeddable":true,"href":"https:\/\/www.meydan.tv\/az\/wp-json\/wp\/v2\/users\/11"}],"replies":[{"embeddable":true,"href":"https:\/\/www.meydan.tv\/az\/wp-json\/wp\/v2\/comments?post=198387"}],"version-history":[{"count":0,"href":"https:\/\/www.meydan.tv\/az\/wp-json\/wp\/v2\/posts\/198387\/revisions"}],"wp:featuredmedia":[{"embeddable":true,"href":"https:\/\/www.meydan.tv\/az\/wp-json\/wp\/v2\/media\/134427"}],"wp:attachment":[{"href":"https:\/\/www.meydan.tv\/az\/wp-json\/wp\/v2\/media?parent=198387"}],"wp:term":[{"taxonomy":"category","embeddable":true,"href":"https:\/\/www.meydan.tv\/az\/wp-json\/wp\/v2\/categories?post=198387"},{"taxonomy":"post_tag","embeddable":true,"href":"https:\/\/www.meydan.tv\/az\/wp-json\/wp\/v2\/tags?post=198387"}],"curies":[{"name":"wp","href":"https:\/\/api.w.org\/{rel}","templated":true}]}}