{"id":198380,"date":"2019-12-16T11:18:57","date_gmt":"2019-12-16T11:18:57","guid":{"rendered":"https:\/\/www.meydan.tv\/article\/zelzeleden-zererceken-icra-bascisinin-muavini-dedi-ki-500-manat-ver-evi-berpaya-salaq\/"},"modified":"2019-12-16T11:18:57","modified_gmt":"2019-12-16T11:18:57","slug":"zelzeleden-zererceken-icra-bascisinin-muavini-dedi-ki-500-manat-ver-evi-berpaya-salaq","status":"publish","type":"post","link":"https:\/\/www.meydan.tv\/az\/article\/zelzeleden-zererceken-icra-bascisinin-muavini-dedi-ki-500-manat-ver-evi-berpaya-salaq\/","title":{"rendered":"Z\u0259lz\u0259l\u0259d\u0259n z\u0259r\u0259r\u00e7\u0259k\u0259n: \u0130cra ba\u015f\u00e7\u0131s\u0131n\u0131n m\u00fcavini dedi ki, 500 manat ver, evi b\u0259rpaya salaq"},"content":{"rendered":"<p>\n  <i><br \/>\n    \u201cA\u011fsuda ancaq pulu olanlara ev tikirl\u0259r\u201d<br \/>\n  <\/i>\n<\/p>\n<p>\n  \u201cH\u0259yat yolda\u015f\u0131m 38 ya\u015f\u0131ndayk\u0259n avtomobil q\u0259zas\u0131nda h\u0259yat\u0131n\u0131 itirdi. M\u0259nim 26 ya\u015f\u0131m var idi, iki k\u00f6rp\u0259 u\u015faqla qald\u0131m bu dam\u0131n alt\u0131nda. Bir qarn\u0131 ac, bir qarn\u0131 tox, u\u015faqlar\u0131m\u0131 b\u00f6y\u00fctd\u00fcm. Evl\u0259ndirdim, indi onlar o\u011ful-u\u015faq sahibidirl\u0259r. Bu ill\u0259r \u0259rzind\u0259 g\u00fcc\u00fcm yaln\u0131z onlar\u0131 yedirib-geyindirm\u0259y\u0259 \u00e7atd\u0131. Ona g\u00f6r\u0259 d\u0259 qay\u0131natamdan qalma 70 ilin evin\u0259 \u0259l g\u0259zdir\u0259 bilm\u0259dim\u201d.\n<\/p>\n<p>\n  Bu s\u00f6zl\u0259ri Meydan TV-y\u0259 A\u011fsu rayon sakini Yadigar Qurbanova s\u00f6yl\u0259yir. Dediyin\u0259 g\u00f6r\u0259, 2019-cu ilin \u0259vv\u0259lind\u0259 ba\u015f ver\u0259n z\u0259lz\u0259l\u0259 n\u0259tic\u0259sind\u0259 Heyd\u0259r \u018fliyev k\u00fc\u00e7\u0259si 51 \u00fcnvan\u0131nda yerl\u0259\u015f\u0259n ikiotaql\u0131 evl\u0259ri q\u0259zal\u0131 v\u0259ziyy\u0259t\u0259 d\u00fc\u015f\u00fcb:\n<\/p>\n<p>\n  \u201c\u0130ki g\u0259linim, iki o\u011flum v\u0259 onlar\u0131n u\u015faqlar\u0131, ham\u0131m\u0131z ikiotaql\u0131 evd\u0259 ya\u015fay\u0131r\u0131q. Ev \u00e7ox k\u00f6hn\u0259dir, u\u00e7ub ba\u015f\u0131m\u0131za t\u00f6k\u00fclm\u0259yin\u0259 lap az qal\u0131b. \u00dcst\u0259lik, bu ilin \u0259vv\u0259lind\u0259 z\u0259lz\u0259l\u0259 oldu, ev daha da q\u0259zal\u0131 v\u0259ziyy\u0259t\u0259 d\u00fc\u015fd\u00fc. Fevralda z\u0259lz\u0259l\u0259 oldu, mart ay\u0131nda A\u011fsu Rayon \u0130cra Hakimiyy\u0259tin\u0259 m\u00fcraci\u0259t etdik ki, evimiz\u0259 bax\u0131\u015f ke\u00e7irsinl\u0259r. G\u0259lib, bir d\u0259f\u0259 bax\u0131b getdil\u0259r. Sonradan m\u0259lum oldu ki, ev\u0259 t\u0259mir yaz\u0131blar. Ard\u0131nca f\u0259hl\u0259l\u0259r g\u0259ldi ki, b\u0259s biz buran\u0131 t\u0259mir ed\u0259c\u0259yik. \u00d6zl\u0259riyl\u0259 iki kis\u0259 sement, bir qab da emulsiya g\u0259tirmi\u015fdil\u0259r. Guya evi onunla t\u0259mir ed\u0259c\u0259kdil\u0259r. Baxd\u0131lar, dedil\u0259r ki, biz bu ev\u0259 \u0259limizi vura bilm\u0259rik u\u00e7ur, sonra da \u00e7\u0131x\u0131b getdil\u0259r\u201d.\n<\/p>\n<figure class=\"wp-block-image size-large\">\n  <img decoding=\"async\" src=\"https:\/\/www.meydan.tv\/az\/78136628_3226084237434015_428359976310800384_n-jpg\/\" alt=\"78136628_3226084237434015_428359976310800384_n.jpg\" class=\"wp-image-134382\"\/><figcaption>\n    &#8220;\u0130ki g\u0259linim, iki o\u011flum v\u0259 onlar\u0131n u\u015faqlar\u0131, ham\u0131m\u0131z ikiotaql\u0131 evd\u0259 ya\u015fay\u0131r\u0131q&#8221;<br \/>\n  <\/figcaption><\/figure>\n<p>\n  Yadigar Qurbanova t\u0259krar A\u011fsu Rayon \u0130cra Hakimiyy\u0259tin\u0259 m\u00fcraci\u0259t edib, lakin he\u00e7 bir m\u00fcsb\u0259t n\u0259tic\u0259si olmay\u0131b:\n<\/p>\n<p>\n  \u201c\u0130cra ba\u015f\u00e7\u0131s\u0131n\u0131n m\u00fcavini \u0130qbal Mikay\u0131lov m\u0259n\u0259 dedi ki, be\u015f y\u00fcz manat ver, evi b\u0259rpaya salaq. Be\u015f min manat vers\u0259n evi yenid\u0259n tik\u0259rik. M\u0259n d\u0259 cavab\u0131nda dedim ki, t\u0259k qad\u0131nam, i\u015fl\u0259mir\u0259m. Bir yerd\u0259n k\u00f6m\u0259yim yoxdur. Evd\u0259 d\u0259 iki x\u0259st\u0259 u\u015faq var. On ildir ki, x\u0259st\u0259xana yollar\u0131nda qalm\u0131\u015f\u0131q. A\u011fsuda ancaq pulu olanlara ev tikirl\u0259r. D\u00f6vl\u0259tlil\u0259r imkan vermir ki, kas\u0131blar\u0131n da evl\u0259rin\u0259 baxs\u0131nlar.\n<\/p>\n<p>\n  F\u00f6vq\u0259lad\u0259 Hallar Nazirliyinin Z\u0259lz\u0259l\u0259 b\u00f6lg\u0259si \u00fczr\u0259 Q\u0259rargah\u0131n\u0131n r\u0259isi H\u0259s\u0259n Qas\u0131mzad\u0259y\u0259 dedim ki, g\u0259lin ev\u0259 bax\u0131n, \u00f6z\u00fcn\u00fcz q\u0259rar verin. S\u00f6z verdi ki, g\u0259l\u0259c\u0259y\u0259m, \u00fcst\u00fcnd\u0259n d\u00f6rd ay ke\u00e7ib, he\u00e7 bir x\u0259b\u0259r-\u0259t\u0259r yoxdur.\n<\/p>\n<p>\n  Ya\u011f\u0131\u015f ya\u011fanda suyun ham\u0131s\u0131 evin i\u00e7ind\u0259dir. Vanna, vedr\u0259 qalm\u0131r, ham\u0131s\u0131n\u0131 qoyuruq ortal\u0131\u011fa. Si\u00e7an, si\u00e7ovul doludur, \u00fc\u00e7-d\u00f6rd d\u0259f\u0259 evin i\u00e7ind\u0259 ilan \u00f6ld\u00fcrm\u00fc\u015f\u00fck. K\u0259rt\u0259nk\u0259l\u0259d\u0259n qorxmuruq art\u0131q. H\u0259r de\u015fikd\u0259n \u00e7\u0131xma\u011f\u0131na v\u0259rdi\u015f etmi\u015fik\u201d.\n<\/p>\n<p>\n  A\u011fsu Rayon \u0130cra Hakimiyy\u0259tinin \u0130nformasiya t\u0259minat\u0131 v\u0259 t\u0259hlil sektorunun m\u00fcdiri Cavan\u015fir N\u0259sibov Meydan TV-y\u0259 bildirib ki, \u015fikay\u0259t\u00e7inin ittihamlar\u0131 \u0259sass\u0131zd\u0131r:\n<\/p>\n<p>\n  \u201c\u0130qbal Mikay\u0131lov art\u0131q icrada i\u015fl\u0259mir. \u00d6z\u00fcn\u00fcz bilirsiniz ki, v\u0259zif\u0259d\u0259n ged\u0259n adam\u0131n arxas\u0131nca \u00e7ox s\u00f6z deyirl\u0259r. Bel\u0259 hal he\u00e7 bir halda m\u00fcmk\u00fcn deyil. F\u00f6vq\u0259lad\u0259 Hallar Nazirliyinin s\u0259lahiyy\u0259tin\u0259 daxil olan i\u015fi \u0130qbal Mikay\u0131lov he\u00e7 c\u00fcr \u00f6z \u00fcz\u0259rin\u0259 g\u00f6t\u00fcr\u0259 bilm\u0259z, ortada he\u00e7 bir fakt yoxdur.\n<\/p>\n<figure class=\"wp-block-image size-large\">\n  <img decoding=\"async\" src=\"https:\/\/www.meydan.tv\/az\/74364999_3226071287435310_8835408379741470720_n-jpg\/\" alt=\"74364999_3226071287435310_8835408379741470720_n.jpg\" class=\"wp-image-134385\"\/><figcaption>\n    Yadigar Qurbanova<br \/>\n  <\/figcaption><\/figure>\n<p>\n  Burada el\u0259 adamlar var ki, A\u011fsunu pis m\u0259nada b\u00fct\u00fcn respublikada tan\u0131td\u0131lar. S\u00f6hb\u0259t qad\u0131nlardan gedir. Ki\u015fi s\u0259h\u0259r saat 5-d\u0259n g\u0259tirib h\u0259yat yolda\u015f\u0131n\u0131 icraya qoyur. Qad\u0131nlar ax\u015fama kimi burada otururlar. \u00d6z\u00fc d\u0259 bu, bir-iki g\u00fcn\u00fcn s\u00f6hb\u0259ti deyil. 2019-cu il fevral ay\u0131n\u0131n 6-7-d\u0259n h\u0259r g\u00fcn bura g\u0259lirl\u0259r. Ba\u015fa sal\u0131r\u0131q, k\u00f6hn\u0259, sonra da yeni ba\u015f\u00e7\u0131 d\u0259f\u0259l\u0259rl\u0259 deyib ki, g\u0259lm\u0259yin. \u00dcst\u0259lik, F\u00f6vq\u0259lad\u0259 Hallar Nazirliyinin \u0259m\u0259kda\u015f\u0131 da bildirir ki, ad\u0131n\u0131z siyah\u0131dad\u0131r, n\u00f6vb\u0259ti g\u00fcn yen\u0259 d\u0259 g\u0259lib, burada dayan\u0131rlar.\n<\/p>\n<p>\n  \u0130kinci bir m\u0259s\u0259l\u0259 odur ki, pul ayr\u0131l\u0131b dey\u0259 ham\u0131ya birm\u0259nal\u0131 olaraq ev tikilm\u0259li deyil. Bax\u0131\u015f ke\u00e7irilir, m\u00fc\u0259yy\u0259n edilir ki, dam \u00f6rt\u00fcy\u00fc d\u0259yi\u015fdirilm\u0259li, yaxud da divardak\u0131 \u00e7atlar \u00f6rt\u00fclm\u0259lidir. Qeydiyyat apar\u0131ld\u0131qdan sonra bilinir ki, ev\u0259 y\u00fcz, yaxud min manatl\u0131q t\u0259mir v\u0259saiti x\u0259rcl\u0259n\u0259c\u0259k. Biri bax\u0131r ki, qon\u015fusuna ev tikibl\u0259r, deyir ki, m\u0259n\u0259 d\u0259 tik. Evi olan adamlara yenisinin tikilm\u0259sin\u0259 g\u0259linc\u0259, FHN bizd\u0259n as\u0131l\u0131 olan t\u0259\u015fkilat deyil, bu i\u015fl\u0259r\u0259 biz qar\u0131\u015fa bilm\u0259rik.\n<\/p>\n<p>\n  \u018fg\u0259r v\u0259t\u0259nda\u015f konkret yaz\u0131r ki, m\u0259nim evim u\u00e7ub, onda bax\u0131\u015f ke\u00e7irilir. Bax\u0131\u015f\u0131 onlar ke\u00e7irir, b\u00fct\u00fcn s\u0259lahiyy\u0259ti d\u0259 onlar \u00f6z \u00fcz\u0259rl\u0259rin\u0259 g\u00f6t\u00fcrm\u0259lidir. \u015eikay\u0259t\u00e7il\u0259rin icra hakimiyy\u0259ti il\u0259 ba\u011fl\u0131 ittihamlar\u0131 \u0259sass\u0131zd\u0131r, biz ev tik\u0259n qurum deyilik\u201d.\n<\/p>\n<figure class=\"wp-block-image size-large\">\n  <img decoding=\"async\" src=\"https:\/\/www.meydan.tv\/az\/76896139_3226090400766732_7434133097072820224_n-jpg\/\" alt=\"76896139_3226090400766732_7434133097072820224_n.jpg\" class=\"wp-image-134376\"\/><figcaption>\n    &#8220;Ya\u011f\u0131\u015f ya\u011fanda suyun ham\u0131s\u0131 evin i\u00e7ind\u0259dir&#8221;.<br \/>\n  <\/figcaption><\/figure>\n","protected":false},"excerpt":{"rendered":"<p>&#8220;Fevralda z\u0259lz\u0259l\u0259 oldu, mart ay\u0131nda A\u011fsu Rayon \u0130cra Hakimiyy\u0259tin\u0259 m\u00fcraci\u0259t etdik ki, evimiz\u0259 bax\u0131\u015f ke\u00e7irsinl\u0259r&#8221;.<\/p>\n","protected":false},"author":11,"featured_media":134370,"comment_status":"closed","ping_status":"open","sticky":false,"template":"","format":"standard","meta":{"_acf_changed":false,"_sitemap_exclude":false,"_sitemap_priority":"","_sitemap_frequency":"","footnotes":""},"categories":[60],"tags":[],"class_list":["post-198380","post","type-post","status-publish","format-standard","has-post-thumbnail","hentry","category-bolge","infinite-scroll-item","generate-columns","tablet-grid-50","mobile-grid-100","grid-parent","grid-33","no-featured-image-padding"],"acf":[],"yoast_head":"<!-- This site is optimized with the Yoast SEO plugin v27.5 - https:\/\/yoast.com\/product\/yoast-seo-wordpress\/ -->\n<title>Z\u0259lz\u0259l\u0259d\u0259n z\u0259r\u0259r\u00e7\u0259k\u0259n: \u0130cra ba\u015f\u00e7\u0131s\u0131n\u0131n m\u00fcavini dedi ki, 500 manat ver, evi b\u0259rpaya salaq - MEYDAN.TV<\/title>\n<meta name=\"robots\" content=\"index, follow, max-snippet:-1, max-image-preview:large, max-video-preview:-1\" \/>\n<link rel=\"canonical\" href=\"https:\/\/www.meydan.tv\/az\/article\/zelzeleden-zererceken-icra-bascisinin-muavini-dedi-ki-500-manat-ver-evi-berpaya-salaq\/\" \/>\n<meta property=\"og:locale\" content=\"az_AZ\" \/>\n<meta property=\"og:type\" content=\"article\" \/>\n<meta property=\"og:title\" content=\"Z\u0259lz\u0259l\u0259d\u0259n z\u0259r\u0259r\u00e7\u0259k\u0259n: \u0130cra ba\u015f\u00e7\u0131s\u0131n\u0131n m\u00fcavini dedi ki, 500 manat ver, evi b\u0259rpaya salaq - MEYDAN.TV\" \/>\n<meta property=\"og:description\" content=\"&quot;Fevralda z\u0259lz\u0259l\u0259 oldu, mart ay\u0131nda A\u011fsu Rayon \u0130cra Hakimiyy\u0259tin\u0259 m\u00fcraci\u0259t etdik ki, evimiz\u0259 bax\u0131\u015f ke\u00e7irsinl\u0259r&quot;.\" \/>\n<meta property=\"og:url\" content=\"https:\/\/www.meydan.tv\/az\/article\/zelzeleden-zererceken-icra-bascisinin-muavini-dedi-ki-500-manat-ver-evi-berpaya-salaq\/\" \/>\n<meta property=\"og:site_name\" content=\"MEYDAN.TV\" \/>\n<meta property=\"article:published_time\" content=\"2019-12-16T11:18:57+00:00\" \/>\n<meta property=\"og:image\" content=\"https:\/\/www.meydan.tv\/wp-content\/uploads\/75380050_3226091570766615_3577598231606984704_n.jpg\" \/>\n\t<meta property=\"og:image:width\" content=\"960\" \/>\n\t<meta property=\"og:image:height\" content=\"720\" \/>\n\t<meta property=\"og:image:type\" content=\"image\/jpeg\" \/>\n<meta name=\"author\" content=\"user-manager\" \/>\n<meta name=\"twitter:card\" content=\"summary_large_image\" \/>\n<script type=\"application\/ld+json\" class=\"yoast-schema-graph\">{\"@context\":\"https:\\\/\\\/schema.org\",\"@graph\":[{\"@type\":\"Article\",\"@id\":\"https:\\\/\\\/www.meydan.tv\\\/az\\\/article\\\/zelzeleden-zererceken-icra-bascisinin-muavini-dedi-ki-500-manat-ver-evi-berpaya-salaq\\\/#article\",\"isPartOf\":{\"@id\":\"https:\\\/\\\/www.meydan.tv\\\/az\\\/article\\\/zelzeleden-zererceken-icra-bascisinin-muavini-dedi-ki-500-manat-ver-evi-berpaya-salaq\\\/\"},\"author\":{\"name\":\"user-manager\",\"@id\":\"https:\\\/\\\/www.meydan.tv\\\/az\\\/#\\\/schema\\\/person\\\/10d11eccf6da3662cf5fdab9806ea91a\"},\"headline\":\"Z\u0259lz\u0259l\u0259d\u0259n z\u0259r\u0259r\u00e7\u0259k\u0259n: \u0130cra ba\u015f\u00e7\u0131s\u0131n\u0131n m\u00fcavini dedi ki, 500 manat ver, evi b\u0259rpaya salaq\",\"datePublished\":\"2019-12-16T11:18:57+00:00\",\"mainEntityOfPage\":{\"@id\":\"https:\\\/\\\/www.meydan.tv\\\/az\\\/article\\\/zelzeleden-zererceken-icra-bascisinin-muavini-dedi-ki-500-manat-ver-evi-berpaya-salaq\\\/\"},\"wordCount\":985,\"publisher\":{\"@id\":\"https:\\\/\\\/www.meydan.tv\\\/az\\\/#organization\"},\"image\":{\"@id\":\"https:\\\/\\\/www.meydan.tv\\\/az\\\/article\\\/zelzeleden-zererceken-icra-bascisinin-muavini-dedi-ki-500-manat-ver-evi-berpaya-salaq\\\/#primaryimage\"},\"thumbnailUrl\":\"https:\\\/\\\/www.meydan.tv\\\/wp-content\\\/uploads\\\/75380050_3226091570766615_3577598231606984704_n.jpg\",\"articleSection\":[\"B\u00f6lg\u0259\"],\"inLanguage\":\"az\"},{\"@type\":\"WebPage\",\"@id\":\"https:\\\/\\\/www.meydan.tv\\\/az\\\/article\\\/zelzeleden-zererceken-icra-bascisinin-muavini-dedi-ki-500-manat-ver-evi-berpaya-salaq\\\/\",\"url\":\"https:\\\/\\\/www.meydan.tv\\\/az\\\/article\\\/zelzeleden-zererceken-icra-bascisinin-muavini-dedi-ki-500-manat-ver-evi-berpaya-salaq\\\/\",\"name\":\"Z\u0259lz\u0259l\u0259d\u0259n z\u0259r\u0259r\u00e7\u0259k\u0259n: \u0130cra ba\u015f\u00e7\u0131s\u0131n\u0131n m\u00fcavini dedi ki, 500 manat ver, evi b\u0259rpaya salaq - MEYDAN.TV\",\"isPartOf\":{\"@id\":\"https:\\\/\\\/www.meydan.tv\\\/az\\\/#website\"},\"primaryImageOfPage\":{\"@id\":\"https:\\\/\\\/www.meydan.tv\\\/az\\\/article\\\/zelzeleden-zererceken-icra-bascisinin-muavini-dedi-ki-500-manat-ver-evi-berpaya-salaq\\\/#primaryimage\"},\"image\":{\"@id\":\"https:\\\/\\\/www.meydan.tv\\\/az\\\/article\\\/zelzeleden-zererceken-icra-bascisinin-muavini-dedi-ki-500-manat-ver-evi-berpaya-salaq\\\/#primaryimage\"},\"thumbnailUrl\":\"https:\\\/\\\/www.meydan.tv\\\/wp-content\\\/uploads\\\/75380050_3226091570766615_3577598231606984704_n.jpg\",\"datePublished\":\"2019-12-16T11:18:57+00:00\",\"breadcrumb\":{\"@id\":\"https:\\\/\\\/www.meydan.tv\\\/az\\\/article\\\/zelzeleden-zererceken-icra-bascisinin-muavini-dedi-ki-500-manat-ver-evi-berpaya-salaq\\\/#breadcrumb\"},\"inLanguage\":\"az\",\"potentialAction\":[{\"@type\":\"ReadAction\",\"target\":[\"https:\\\/\\\/www.meydan.tv\\\/az\\\/article\\\/zelzeleden-zererceken-icra-bascisinin-muavini-dedi-ki-500-manat-ver-evi-berpaya-salaq\\\/\"]}]},{\"@type\":\"ImageObject\",\"inLanguage\":\"az\",\"@id\":\"https:\\\/\\\/www.meydan.tv\\\/az\\\/article\\\/zelzeleden-zererceken-icra-bascisinin-muavini-dedi-ki-500-manat-ver-evi-berpaya-salaq\\\/#primaryimage\",\"url\":\"https:\\\/\\\/www.meydan.tv\\\/wp-content\\\/uploads\\\/75380050_3226091570766615_3577598231606984704_n.jpg\",\"contentUrl\":\"https:\\\/\\\/www.meydan.tv\\\/wp-content\\\/uploads\\\/75380050_3226091570766615_3577598231606984704_n.jpg\",\"width\":960,\"height\":720,\"caption\":\"Source: Specify Source\"},{\"@type\":\"BreadcrumbList\",\"@id\":\"https:\\\/\\\/www.meydan.tv\\\/az\\\/article\\\/zelzeleden-zererceken-icra-bascisinin-muavini-dedi-ki-500-manat-ver-evi-berpaya-salaq\\\/#breadcrumb\",\"itemListElement\":[{\"@type\":\"ListItem\",\"position\":1,\"name\":\"Ana s\u0259hif\u0259\",\"item\":\"https:\\\/\\\/www.meydan.tv\\\/az\\\/\"},{\"@type\":\"ListItem\",\"position\":2,\"name\":\"B\u00f6lg\u0259\",\"item\":\"https:\\\/\\\/www.meydan.tv\\\/az\\\/section\\\/bolge\\\/\"},{\"@type\":\"ListItem\",\"position\":3,\"name\":\"Z\u0259lz\u0259l\u0259d\u0259n z\u0259r\u0259r\u00e7\u0259k\u0259n: \u0130cra ba\u015f\u00e7\u0131s\u0131n\u0131n m\u00fcavini dedi ki, 500 manat ver, evi b\u0259rpaya salaq\"}]},{\"@type\":\"WebSite\",\"@id\":\"https:\\\/\\\/www.meydan.tv\\\/az\\\/#website\",\"url\":\"https:\\\/\\\/www.meydan.tv\\\/az\\\/\",\"name\":\"MEYDAN.TV\",\"description\":\"Meydan TV Az\u0259rbaycan\u0131n media m\u0259kan\u0131ndak\u0131 alternativ s\u0259sidir\",\"publisher\":{\"@id\":\"https:\\\/\\\/www.meydan.tv\\\/az\\\/#organization\"},\"potentialAction\":[{\"@type\":\"SearchAction\",\"target\":{\"@type\":\"EntryPoint\",\"urlTemplate\":\"https:\\\/\\\/www.meydan.tv\\\/az\\\/?s={search_term_string}\"},\"query-input\":{\"@type\":\"PropertyValueSpecification\",\"valueRequired\":true,\"valueName\":\"search_term_string\"}}],\"inLanguage\":\"az\"},{\"@type\":\"Organization\",\"@id\":\"https:\\\/\\\/www.meydan.tv\\\/az\\\/#organization\",\"name\":\"Meydan TV\",\"url\":\"https:\\\/\\\/www.meydan.tv\\\/az\\\/\",\"logo\":{\"@type\":\"ImageObject\",\"inLanguage\":\"az\",\"@id\":\"https:\\\/\\\/www.meydan.tv\\\/az\\\/#\\\/schema\\\/logo\\\/image\\\/\",\"url\":\"https:\\\/\\\/www.meydan.tv\\\/wp-content\\\/uploads\\\/2021\\\/07\\\/meydan-logo.svg\",\"contentUrl\":\"https:\\\/\\\/www.meydan.tv\\\/wp-content\\\/uploads\\\/2021\\\/07\\\/meydan-logo.svg\",\"width\":195,\"height\":46,\"caption\":\"Meydan TV\"},\"image\":{\"@id\":\"https:\\\/\\\/www.meydan.tv\\\/az\\\/#\\\/schema\\\/logo\\\/image\\\/\"}},{\"@type\":\"Person\",\"@id\":\"https:\\\/\\\/www.meydan.tv\\\/az\\\/#\\\/schema\\\/person\\\/10d11eccf6da3662cf5fdab9806ea91a\",\"name\":\"user-manager\"}]}<\/script>\n<!-- \/ Yoast SEO plugin. -->","yoast_head_json":{"title":"Z\u0259lz\u0259l\u0259d\u0259n z\u0259r\u0259r\u00e7\u0259k\u0259n: \u0130cra ba\u015f\u00e7\u0131s\u0131n\u0131n m\u00fcavini dedi ki, 500 manat ver, evi b\u0259rpaya salaq - MEYDAN.TV","robots":{"index":"index","follow":"follow","max-snippet":"max-snippet:-1","max-image-preview":"max-image-preview:large","max-video-preview":"max-video-preview:-1"},"canonical":"https:\/\/www.meydan.tv\/az\/article\/zelzeleden-zererceken-icra-bascisinin-muavini-dedi-ki-500-manat-ver-evi-berpaya-salaq\/","og_locale":"az_AZ","og_type":"article","og_title":"Z\u0259lz\u0259l\u0259d\u0259n z\u0259r\u0259r\u00e7\u0259k\u0259n: \u0130cra ba\u015f\u00e7\u0131s\u0131n\u0131n m\u00fcavini dedi ki, 500 manat ver, evi b\u0259rpaya salaq - MEYDAN.TV","og_description":"\"Fevralda z\u0259lz\u0259l\u0259 oldu, mart ay\u0131nda A\u011fsu Rayon \u0130cra Hakimiyy\u0259tin\u0259 m\u00fcraci\u0259t etdik ki, evimiz\u0259 bax\u0131\u015f ke\u00e7irsinl\u0259r\".","og_url":"https:\/\/www.meydan.tv\/az\/article\/zelzeleden-zererceken-icra-bascisinin-muavini-dedi-ki-500-manat-ver-evi-berpaya-salaq\/","og_site_name":"MEYDAN.TV","article_published_time":"2019-12-16T11:18:57+00:00","og_image":[{"width":960,"height":720,"url":"https:\/\/www.meydan.tv\/wp-content\/uploads\/75380050_3226091570766615_3577598231606984704_n.jpg","type":"image\/jpeg"}],"author":"user-manager","twitter_card":"summary_large_image","schema":{"@context":"https:\/\/schema.org","@graph":[{"@type":"Article","@id":"https:\/\/www.meydan.tv\/az\/article\/zelzeleden-zererceken-icra-bascisinin-muavini-dedi-ki-500-manat-ver-evi-berpaya-salaq\/#article","isPartOf":{"@id":"https:\/\/www.meydan.tv\/az\/article\/zelzeleden-zererceken-icra-bascisinin-muavini-dedi-ki-500-manat-ver-evi-berpaya-salaq\/"},"author":{"name":"user-manager","@id":"https:\/\/www.meydan.tv\/az\/#\/schema\/person\/10d11eccf6da3662cf5fdab9806ea91a"},"headline":"Z\u0259lz\u0259l\u0259d\u0259n z\u0259r\u0259r\u00e7\u0259k\u0259n: \u0130cra ba\u015f\u00e7\u0131s\u0131n\u0131n m\u00fcavini dedi ki, 500 manat ver, evi b\u0259rpaya salaq","datePublished":"2019-12-16T11:18:57+00:00","mainEntityOfPage":{"@id":"https:\/\/www.meydan.tv\/az\/article\/zelzeleden-zererceken-icra-bascisinin-muavini-dedi-ki-500-manat-ver-evi-berpaya-salaq\/"},"wordCount":985,"publisher":{"@id":"https:\/\/www.meydan.tv\/az\/#organization"},"image":{"@id":"https:\/\/www.meydan.tv\/az\/article\/zelzeleden-zererceken-icra-bascisinin-muavini-dedi-ki-500-manat-ver-evi-berpaya-salaq\/#primaryimage"},"thumbnailUrl":"https:\/\/www.meydan.tv\/wp-content\/uploads\/75380050_3226091570766615_3577598231606984704_n.jpg","articleSection":["B\u00f6lg\u0259"],"inLanguage":"az"},{"@type":"WebPage","@id":"https:\/\/www.meydan.tv\/az\/article\/zelzeleden-zererceken-icra-bascisinin-muavini-dedi-ki-500-manat-ver-evi-berpaya-salaq\/","url":"https:\/\/www.meydan.tv\/az\/article\/zelzeleden-zererceken-icra-bascisinin-muavini-dedi-ki-500-manat-ver-evi-berpaya-salaq\/","name":"Z\u0259lz\u0259l\u0259d\u0259n z\u0259r\u0259r\u00e7\u0259k\u0259n: \u0130cra ba\u015f\u00e7\u0131s\u0131n\u0131n m\u00fcavini dedi ki, 500 manat ver, evi b\u0259rpaya salaq - MEYDAN.TV","isPartOf":{"@id":"https:\/\/www.meydan.tv\/az\/#website"},"primaryImageOfPage":{"@id":"https:\/\/www.meydan.tv\/az\/article\/zelzeleden-zererceken-icra-bascisinin-muavini-dedi-ki-500-manat-ver-evi-berpaya-salaq\/#primaryimage"},"image":{"@id":"https:\/\/www.meydan.tv\/az\/article\/zelzeleden-zererceken-icra-bascisinin-muavini-dedi-ki-500-manat-ver-evi-berpaya-salaq\/#primaryimage"},"thumbnailUrl":"https:\/\/www.meydan.tv\/wp-content\/uploads\/75380050_3226091570766615_3577598231606984704_n.jpg","datePublished":"2019-12-16T11:18:57+00:00","breadcrumb":{"@id":"https:\/\/www.meydan.tv\/az\/article\/zelzeleden-zererceken-icra-bascisinin-muavini-dedi-ki-500-manat-ver-evi-berpaya-salaq\/#breadcrumb"},"inLanguage":"az","potentialAction":[{"@type":"ReadAction","target":["https:\/\/www.meydan.tv\/az\/article\/zelzeleden-zererceken-icra-bascisinin-muavini-dedi-ki-500-manat-ver-evi-berpaya-salaq\/"]}]},{"@type":"ImageObject","inLanguage":"az","@id":"https:\/\/www.meydan.tv\/az\/article\/zelzeleden-zererceken-icra-bascisinin-muavini-dedi-ki-500-manat-ver-evi-berpaya-salaq\/#primaryimage","url":"https:\/\/www.meydan.tv\/wp-content\/uploads\/75380050_3226091570766615_3577598231606984704_n.jpg","contentUrl":"https:\/\/www.meydan.tv\/wp-content\/uploads\/75380050_3226091570766615_3577598231606984704_n.jpg","width":960,"height":720,"caption":"Source: Specify Source"},{"@type":"BreadcrumbList","@id":"https:\/\/www.meydan.tv\/az\/article\/zelzeleden-zererceken-icra-bascisinin-muavini-dedi-ki-500-manat-ver-evi-berpaya-salaq\/#breadcrumb","itemListElement":[{"@type":"ListItem","position":1,"name":"Ana s\u0259hif\u0259","item":"https:\/\/www.meydan.tv\/az\/"},{"@type":"ListItem","position":2,"name":"B\u00f6lg\u0259","item":"https:\/\/www.meydan.tv\/az\/section\/bolge\/"},{"@type":"ListItem","position":3,"name":"Z\u0259lz\u0259l\u0259d\u0259n z\u0259r\u0259r\u00e7\u0259k\u0259n: \u0130cra ba\u015f\u00e7\u0131s\u0131n\u0131n m\u00fcavini dedi ki, 500 manat ver, evi b\u0259rpaya salaq"}]},{"@type":"WebSite","@id":"https:\/\/www.meydan.tv\/az\/#website","url":"https:\/\/www.meydan.tv\/az\/","name":"MEYDAN.TV","description":"Meydan TV Az\u0259rbaycan\u0131n media m\u0259kan\u0131ndak\u0131 alternativ s\u0259sidir","publisher":{"@id":"https:\/\/www.meydan.tv\/az\/#organization"},"potentialAction":[{"@type":"SearchAction","target":{"@type":"EntryPoint","urlTemplate":"https:\/\/www.meydan.tv\/az\/?s={search_term_string}"},"query-input":{"@type":"PropertyValueSpecification","valueRequired":true,"valueName":"search_term_string"}}],"inLanguage":"az"},{"@type":"Organization","@id":"https:\/\/www.meydan.tv\/az\/#organization","name":"Meydan TV","url":"https:\/\/www.meydan.tv\/az\/","logo":{"@type":"ImageObject","inLanguage":"az","@id":"https:\/\/www.meydan.tv\/az\/#\/schema\/logo\/image\/","url":"https:\/\/www.meydan.tv\/wp-content\/uploads\/2021\/07\/meydan-logo.svg","contentUrl":"https:\/\/www.meydan.tv\/wp-content\/uploads\/2021\/07\/meydan-logo.svg","width":195,"height":46,"caption":"Meydan TV"},"image":{"@id":"https:\/\/www.meydan.tv\/az\/#\/schema\/logo\/image\/"}},{"@type":"Person","@id":"https:\/\/www.meydan.tv\/az\/#\/schema\/person\/10d11eccf6da3662cf5fdab9806ea91a","name":"user-manager"}]}},"_links":{"self":[{"href":"https:\/\/www.meydan.tv\/az\/wp-json\/wp\/v2\/posts\/198380","targetHints":{"allow":["GET"]}}],"collection":[{"href":"https:\/\/www.meydan.tv\/az\/wp-json\/wp\/v2\/posts"}],"about":[{"href":"https:\/\/www.meydan.tv\/az\/wp-json\/wp\/v2\/types\/post"}],"author":[{"embeddable":true,"href":"https:\/\/www.meydan.tv\/az\/wp-json\/wp\/v2\/users\/11"}],"replies":[{"embeddable":true,"href":"https:\/\/www.meydan.tv\/az\/wp-json\/wp\/v2\/comments?post=198380"}],"version-history":[{"count":0,"href":"https:\/\/www.meydan.tv\/az\/wp-json\/wp\/v2\/posts\/198380\/revisions"}],"wp:featuredmedia":[{"embeddable":true,"href":"https:\/\/www.meydan.tv\/az\/wp-json\/wp\/v2\/media\/134370"}],"wp:attachment":[{"href":"https:\/\/www.meydan.tv\/az\/wp-json\/wp\/v2\/media?parent=198380"}],"wp:term":[{"taxonomy":"category","embeddable":true,"href":"https:\/\/www.meydan.tv\/az\/wp-json\/wp\/v2\/categories?post=198380"},{"taxonomy":"post_tag","embeddable":true,"href":"https:\/\/www.meydan.tv\/az\/wp-json\/wp\/v2\/tags?post=198380"}],"curies":[{"name":"wp","href":"https:\/\/api.w.org\/{rel}","templated":true}]}}