{"id":198371,"date":"2019-12-13T19:04:26","date_gmt":"2019-12-13T19:04:26","guid":{"rendered":"https:\/\/www.meydan.tv\/article\/atambayev-qetlde-ittiham-edilir\/"},"modified":"2019-12-13T19:04:26","modified_gmt":"2019-12-13T19:04:26","slug":"atambayev-qetlde-ittiham-edilir","status":"publish","type":"post","link":"https:\/\/www.meydan.tv\/az\/article\/atambayev-qetlde-ittiham-edilir\/","title":{"rendered":"Atambayev q\u0259tld\u0259 ittiham edilir"},"content":{"rendered":"<p>\n  <i><br \/>\n    Ballistik testl\u0259r Niyazb\u0259yovun Atambayev\u0259 aid snayper t\u00fcf\u0259ngi il\u0259 vuruldu\u011funu m\u00fc\u0259yy\u0259nl\u0259\u015fdirib<br \/>\n  <\/i>\n<\/p>\n<p>\n  Q\u0131r\u011f\u0131z\u0131stan\u0131n ke\u00e7mi\u015f prezidenti Almazbek Atambayev avqust ay\u0131nda t\u0259r\u0259fdarlar\u0131 il\u0259 t\u0259hl\u00fck\u0259sizlik q\u00fcvv\u0259l\u0259ri aras\u0131nda iki g\u00fcn davam ed\u0259n qar\u015f\u0131durma zaman\u0131 t\u0259hl\u00fck\u0259sizlik i\u015f\u00e7isinin \u00f6ld\u00fcr\u00fclm\u0259sind\u0259 ittiham olunur.\n<\/p>\n<p>\n  Dekabr\u0131n 13-d\u0259 Daxili i\u015fl\u0259r naziri Ka\u015fkar Junu\u015faliyev deyib ki, Atambayev avqustun 7-d\u0259 Bi\u015fkek yax\u0131nl\u0131\u011f\u0131nda yerl\u0259\u015f\u0259n Koi-Da\u015f k\u0259ndind\u0259 ona aid ev\u0259 h\u00fccum zaman\u0131 alt\u0131 u\u015faq atas\u0131 olan polkovnik Usenbek Niyazb\u0259yova at\u0259\u015f a\u00e7maqda \u015f\u00fcbh\u0259li bilinir.\n<\/p>\n<p>\n  Junu\u015fal\u0131yevin s\u00f6zl\u0259rin\u0259 g\u00f6r\u0259, ballistik testl\u0259r Niyazb\u0259yovun Atambayev\u0259 aid snayper t\u00fcf\u0259ngi il\u0259 sin\u0259sind\u0259n vuruldu\u011funu m\u00fc\u0259yy\u0259n edib.\n<\/p>\n<p>\n  Atambayev \u00f6z\u00fc avqustun 8-d\u0259 jurnalistl\u0259r\u0259 a\u00e7\u0131qlamas\u0131nda deyib ki, o, evd\u0259 silaha sahib v\u0259 \u00e7evik q\u00fcvv\u0259l\u0259r il\u0259 t\u0259r\u0259fdarlar\u0131 aras\u0131nda ba\u015f ver\u0259n qar\u015f\u0131durma zaman\u0131 odlu silahdan at\u0259\u015f a\u00e7an yegan\u0259 \u015f\u0259xs olub.\n<\/p>\n<p>\n  Atambayevin 2013-c\u00fc ild\u0259 h\u0259bsd\u0259 olan m\u00fct\u0259\u015f\u0259kkil cinay\u0259tkar d\u0259st\u0259nin ba\u015f\u00e7\u0131s\u0131n\u0131 qanunsuz s\u0259rb\u0259st burax\u0131lmas\u0131nda i\u015ftirak etm\u0259si il\u0259 ba\u011fl\u0131 istintaqa \u00e7a\u011f\u0131r\u0131lmalara m\u0259h\u0259l qoymad\u0131\u011f\u0131 \u00fc\u00e7\u00fcn onun ya\u015fad\u0131\u011f\u0131 ev\u0259 t\u0259hl\u00fck\u0259sizlik i\u015f\u00e7il\u0259ri g\u00f6nd\u0259rilmi\u015fdi.\n<\/p>\n<p>\n  Atambayev avqustun 8-d\u0259 iki g\u00fcn davam ed\u0259n m\u00fcqavim\u0259td\u0259n sonra polis\u0259 t\u0259slim olub v\u0259 h\u0259bs edilib.\n<\/p>\n<p>\n  O, d\u00f6vl\u0259t n\u00fcmay\u0259nd\u0259l\u0259rin\u0259 qar\u015f\u0131 zor t\u0259tbiq etm\u0259k, k\u00fctl\u0259vi i\u011fti\u015fa\u015flar yaratmaq, q\u0259tl\u0259 r\u0259hb\u0259rlik etm\u0259k, girov g\u00f6t\u00fcrm\u0259k v\u0259 korrupsiyada ittiham edilir.\n<\/p>\n<p>\n  Ke\u00e7mi\u015f prezidentin t\u0259r\u0259fdarlar\u0131n\u0131n \u00e7evik q\u00fcvv\u0259l\u0259rl\u0259 m\u00fcqavim\u0259ti 47 ya\u015fl\u0131 Niyazb\u0259yovun \u00f6l\u00fcm\u00fc v\u0259 79-dan \u00e7oxu h\u00fcquq-m\u00fchafiz\u0259 orqan\u0131n\u0131n \u0259m\u0259kda\u015f\u0131 olmaqla 170-d\u0259n \u00e7ox adam\u0131n yaralanmas\u0131 il\u0259 n\u0259tic\u0259l\u0259nib.<\/p>\n","protected":false},"excerpt":{"rendered":"<p>Ballistik testl\u0259r Niyazb\u0259yovun Atambayev\u0259 aid snayper t\u00fcf\u0259ngi il\u0259 vuruldu\u011funu m\u00fc\u0259yy\u0259nl\u0259\u015fdirib<\/p>\n","protected":false},"author":11,"featured_media":126501,"comment_status":"closed","ping_status":"open","sticky":false,"template":"","format":"standard","meta":{"_acf_changed":false,"_sitemap_exclude":false,"_sitemap_priority":"","_sitemap_frequency":"","footnotes":""},"categories":[64],"tags":[],"class_list":["post-198371","post","type-post","status-publish","format-standard","has-post-thumbnail","hentry","category-dunya","infinite-scroll-item","generate-columns","tablet-grid-50","mobile-grid-100","grid-parent","grid-33","no-featured-image-padding"],"acf":[],"yoast_head":"<!-- This site is optimized with the Yoast SEO plugin v27.5 - https:\/\/yoast.com\/product\/yoast-seo-wordpress\/ -->\n<title>Atambayev q\u0259tld\u0259 ittiham edilir - MEYDAN.TV<\/title>\n<meta name=\"robots\" content=\"index, follow, max-snippet:-1, max-image-preview:large, max-video-preview:-1\" \/>\n<link rel=\"canonical\" href=\"https:\/\/www.meydan.tv\/az\/article\/atambayev-qetlde-ittiham-edilir\/\" \/>\n<meta property=\"og:locale\" content=\"az_AZ\" \/>\n<meta property=\"og:type\" content=\"article\" \/>\n<meta property=\"og:title\" content=\"Atambayev q\u0259tld\u0259 ittiham edilir - MEYDAN.TV\" \/>\n<meta property=\"og:description\" content=\"Ballistik testl\u0259r Niyazb\u0259yovun Atambayev\u0259 aid snayper t\u00fcf\u0259ngi il\u0259 vuruldu\u011funu m\u00fc\u0259yy\u0259nl\u0259\u015fdirib\" \/>\n<meta property=\"og:url\" content=\"https:\/\/www.meydan.tv\/az\/article\/atambayev-qetlde-ittiham-edilir\/\" \/>\n<meta property=\"og:site_name\" content=\"MEYDAN.TV\" \/>\n<meta property=\"article:published_time\" content=\"2019-12-13T19:04:26+00:00\" \/>\n<meta property=\"og:image\" content=\"https:\/\/www.meydan.tv\/wp-content\/uploads\/atambaev-sdpk-1.jpg\" \/>\n\t<meta property=\"og:image:width\" content=\"1200\" \/>\n\t<meta property=\"og:image:height\" content=\"675\" \/>\n\t<meta property=\"og:image:type\" content=\"image\/jpeg\" \/>\n<meta name=\"author\" content=\"user-manager\" \/>\n<meta name=\"twitter:card\" content=\"summary_large_image\" \/>\n<script type=\"application\/ld+json\" class=\"yoast-schema-graph\">{\"@context\":\"https:\\\/\\\/schema.org\",\"@graph\":[{\"@type\":\"Article\",\"@id\":\"https:\\\/\\\/www.meydan.tv\\\/az\\\/article\\\/atambayev-qetlde-ittiham-edilir\\\/#article\",\"isPartOf\":{\"@id\":\"https:\\\/\\\/www.meydan.tv\\\/az\\\/article\\\/atambayev-qetlde-ittiham-edilir\\\/\"},\"author\":{\"name\":\"user-manager\",\"@id\":\"https:\\\/\\\/www.meydan.tv\\\/az\\\/#\\\/schema\\\/person\\\/10d11eccf6da3662cf5fdab9806ea91a\"},\"headline\":\"Atambayev q\u0259tld\u0259 ittiham edilir\",\"datePublished\":\"2019-12-13T19:04:26+00:00\",\"mainEntityOfPage\":{\"@id\":\"https:\\\/\\\/www.meydan.tv\\\/az\\\/article\\\/atambayev-qetlde-ittiham-edilir\\\/\"},\"wordCount\":350,\"publisher\":{\"@id\":\"https:\\\/\\\/www.meydan.tv\\\/az\\\/#organization\"},\"image\":{\"@id\":\"https:\\\/\\\/www.meydan.tv\\\/az\\\/article\\\/atambayev-qetlde-ittiham-edilir\\\/#primaryimage\"},\"thumbnailUrl\":\"https:\\\/\\\/www.meydan.tv\\\/wp-content\\\/uploads\\\/atambaev-sdpk-1.jpg\",\"articleSection\":[\"D\u00fcnya\"],\"inLanguage\":\"az\"},{\"@type\":\"WebPage\",\"@id\":\"https:\\\/\\\/www.meydan.tv\\\/az\\\/article\\\/atambayev-qetlde-ittiham-edilir\\\/\",\"url\":\"https:\\\/\\\/www.meydan.tv\\\/az\\\/article\\\/atambayev-qetlde-ittiham-edilir\\\/\",\"name\":\"Atambayev q\u0259tld\u0259 ittiham edilir - MEYDAN.TV\",\"isPartOf\":{\"@id\":\"https:\\\/\\\/www.meydan.tv\\\/az\\\/#website\"},\"primaryImageOfPage\":{\"@id\":\"https:\\\/\\\/www.meydan.tv\\\/az\\\/article\\\/atambayev-qetlde-ittiham-edilir\\\/#primaryimage\"},\"image\":{\"@id\":\"https:\\\/\\\/www.meydan.tv\\\/az\\\/article\\\/atambayev-qetlde-ittiham-edilir\\\/#primaryimage\"},\"thumbnailUrl\":\"https:\\\/\\\/www.meydan.tv\\\/wp-content\\\/uploads\\\/atambaev-sdpk-1.jpg\",\"datePublished\":\"2019-12-13T19:04:26+00:00\",\"breadcrumb\":{\"@id\":\"https:\\\/\\\/www.meydan.tv\\\/az\\\/article\\\/atambayev-qetlde-ittiham-edilir\\\/#breadcrumb\"},\"inLanguage\":\"az\",\"potentialAction\":[{\"@type\":\"ReadAction\",\"target\":[\"https:\\\/\\\/www.meydan.tv\\\/az\\\/article\\\/atambayev-qetlde-ittiham-edilir\\\/\"]}]},{\"@type\":\"ImageObject\",\"inLanguage\":\"az\",\"@id\":\"https:\\\/\\\/www.meydan.tv\\\/az\\\/article\\\/atambayev-qetlde-ittiham-edilir\\\/#primaryimage\",\"url\":\"https:\\\/\\\/www.meydan.tv\\\/wp-content\\\/uploads\\\/atambaev-sdpk-1.jpg\",\"contentUrl\":\"https:\\\/\\\/www.meydan.tv\\\/wp-content\\\/uploads\\\/atambaev-sdpk-1.jpg\",\"width\":1200,\"height\":675,\"caption\":\"Source: google.az\"},{\"@type\":\"BreadcrumbList\",\"@id\":\"https:\\\/\\\/www.meydan.tv\\\/az\\\/article\\\/atambayev-qetlde-ittiham-edilir\\\/#breadcrumb\",\"itemListElement\":[{\"@type\":\"ListItem\",\"position\":1,\"name\":\"Ana s\u0259hif\u0259\",\"item\":\"https:\\\/\\\/www.meydan.tv\\\/az\\\/\"},{\"@type\":\"ListItem\",\"position\":2,\"name\":\"D\u00fcnya\",\"item\":\"https:\\\/\\\/www.meydan.tv\\\/az\\\/section\\\/dunya\\\/\"},{\"@type\":\"ListItem\",\"position\":3,\"name\":\"Atambayev q\u0259tld\u0259 ittiham edilir\"}]},{\"@type\":\"WebSite\",\"@id\":\"https:\\\/\\\/www.meydan.tv\\\/az\\\/#website\",\"url\":\"https:\\\/\\\/www.meydan.tv\\\/az\\\/\",\"name\":\"MEYDAN.TV\",\"description\":\"Meydan TV Az\u0259rbaycan\u0131n media m\u0259kan\u0131ndak\u0131 alternativ s\u0259sidir\",\"publisher\":{\"@id\":\"https:\\\/\\\/www.meydan.tv\\\/az\\\/#organization\"},\"potentialAction\":[{\"@type\":\"SearchAction\",\"target\":{\"@type\":\"EntryPoint\",\"urlTemplate\":\"https:\\\/\\\/www.meydan.tv\\\/az\\\/?s={search_term_string}\"},\"query-input\":{\"@type\":\"PropertyValueSpecification\",\"valueRequired\":true,\"valueName\":\"search_term_string\"}}],\"inLanguage\":\"az\"},{\"@type\":\"Organization\",\"@id\":\"https:\\\/\\\/www.meydan.tv\\\/az\\\/#organization\",\"name\":\"Meydan TV\",\"url\":\"https:\\\/\\\/www.meydan.tv\\\/az\\\/\",\"logo\":{\"@type\":\"ImageObject\",\"inLanguage\":\"az\",\"@id\":\"https:\\\/\\\/www.meydan.tv\\\/az\\\/#\\\/schema\\\/logo\\\/image\\\/\",\"url\":\"https:\\\/\\\/www.meydan.tv\\\/wp-content\\\/uploads\\\/2021\\\/07\\\/meydan-logo.svg\",\"contentUrl\":\"https:\\\/\\\/www.meydan.tv\\\/wp-content\\\/uploads\\\/2021\\\/07\\\/meydan-logo.svg\",\"width\":195,\"height\":46,\"caption\":\"Meydan TV\"},\"image\":{\"@id\":\"https:\\\/\\\/www.meydan.tv\\\/az\\\/#\\\/schema\\\/logo\\\/image\\\/\"}},{\"@type\":\"Person\",\"@id\":\"https:\\\/\\\/www.meydan.tv\\\/az\\\/#\\\/schema\\\/person\\\/10d11eccf6da3662cf5fdab9806ea91a\",\"name\":\"user-manager\"}]}<\/script>\n<!-- \/ Yoast SEO plugin. -->","yoast_head_json":{"title":"Atambayev q\u0259tld\u0259 ittiham edilir - MEYDAN.TV","robots":{"index":"index","follow":"follow","max-snippet":"max-snippet:-1","max-image-preview":"max-image-preview:large","max-video-preview":"max-video-preview:-1"},"canonical":"https:\/\/www.meydan.tv\/az\/article\/atambayev-qetlde-ittiham-edilir\/","og_locale":"az_AZ","og_type":"article","og_title":"Atambayev q\u0259tld\u0259 ittiham edilir - MEYDAN.TV","og_description":"Ballistik testl\u0259r Niyazb\u0259yovun Atambayev\u0259 aid snayper t\u00fcf\u0259ngi il\u0259 vuruldu\u011funu m\u00fc\u0259yy\u0259nl\u0259\u015fdirib","og_url":"https:\/\/www.meydan.tv\/az\/article\/atambayev-qetlde-ittiham-edilir\/","og_site_name":"MEYDAN.TV","article_published_time":"2019-12-13T19:04:26+00:00","og_image":[{"width":1200,"height":675,"url":"https:\/\/www.meydan.tv\/wp-content\/uploads\/atambaev-sdpk-1.jpg","type":"image\/jpeg"}],"author":"user-manager","twitter_card":"summary_large_image","schema":{"@context":"https:\/\/schema.org","@graph":[{"@type":"Article","@id":"https:\/\/www.meydan.tv\/az\/article\/atambayev-qetlde-ittiham-edilir\/#article","isPartOf":{"@id":"https:\/\/www.meydan.tv\/az\/article\/atambayev-qetlde-ittiham-edilir\/"},"author":{"name":"user-manager","@id":"https:\/\/www.meydan.tv\/az\/#\/schema\/person\/10d11eccf6da3662cf5fdab9806ea91a"},"headline":"Atambayev q\u0259tld\u0259 ittiham edilir","datePublished":"2019-12-13T19:04:26+00:00","mainEntityOfPage":{"@id":"https:\/\/www.meydan.tv\/az\/article\/atambayev-qetlde-ittiham-edilir\/"},"wordCount":350,"publisher":{"@id":"https:\/\/www.meydan.tv\/az\/#organization"},"image":{"@id":"https:\/\/www.meydan.tv\/az\/article\/atambayev-qetlde-ittiham-edilir\/#primaryimage"},"thumbnailUrl":"https:\/\/www.meydan.tv\/wp-content\/uploads\/atambaev-sdpk-1.jpg","articleSection":["D\u00fcnya"],"inLanguage":"az"},{"@type":"WebPage","@id":"https:\/\/www.meydan.tv\/az\/article\/atambayev-qetlde-ittiham-edilir\/","url":"https:\/\/www.meydan.tv\/az\/article\/atambayev-qetlde-ittiham-edilir\/","name":"Atambayev q\u0259tld\u0259 ittiham edilir - MEYDAN.TV","isPartOf":{"@id":"https:\/\/www.meydan.tv\/az\/#website"},"primaryImageOfPage":{"@id":"https:\/\/www.meydan.tv\/az\/article\/atambayev-qetlde-ittiham-edilir\/#primaryimage"},"image":{"@id":"https:\/\/www.meydan.tv\/az\/article\/atambayev-qetlde-ittiham-edilir\/#primaryimage"},"thumbnailUrl":"https:\/\/www.meydan.tv\/wp-content\/uploads\/atambaev-sdpk-1.jpg","datePublished":"2019-12-13T19:04:26+00:00","breadcrumb":{"@id":"https:\/\/www.meydan.tv\/az\/article\/atambayev-qetlde-ittiham-edilir\/#breadcrumb"},"inLanguage":"az","potentialAction":[{"@type":"ReadAction","target":["https:\/\/www.meydan.tv\/az\/article\/atambayev-qetlde-ittiham-edilir\/"]}]},{"@type":"ImageObject","inLanguage":"az","@id":"https:\/\/www.meydan.tv\/az\/article\/atambayev-qetlde-ittiham-edilir\/#primaryimage","url":"https:\/\/www.meydan.tv\/wp-content\/uploads\/atambaev-sdpk-1.jpg","contentUrl":"https:\/\/www.meydan.tv\/wp-content\/uploads\/atambaev-sdpk-1.jpg","width":1200,"height":675,"caption":"Source: google.az"},{"@type":"BreadcrumbList","@id":"https:\/\/www.meydan.tv\/az\/article\/atambayev-qetlde-ittiham-edilir\/#breadcrumb","itemListElement":[{"@type":"ListItem","position":1,"name":"Ana s\u0259hif\u0259","item":"https:\/\/www.meydan.tv\/az\/"},{"@type":"ListItem","position":2,"name":"D\u00fcnya","item":"https:\/\/www.meydan.tv\/az\/section\/dunya\/"},{"@type":"ListItem","position":3,"name":"Atambayev q\u0259tld\u0259 ittiham edilir"}]},{"@type":"WebSite","@id":"https:\/\/www.meydan.tv\/az\/#website","url":"https:\/\/www.meydan.tv\/az\/","name":"MEYDAN.TV","description":"Meydan TV Az\u0259rbaycan\u0131n media m\u0259kan\u0131ndak\u0131 alternativ s\u0259sidir","publisher":{"@id":"https:\/\/www.meydan.tv\/az\/#organization"},"potentialAction":[{"@type":"SearchAction","target":{"@type":"EntryPoint","urlTemplate":"https:\/\/www.meydan.tv\/az\/?s={search_term_string}"},"query-input":{"@type":"PropertyValueSpecification","valueRequired":true,"valueName":"search_term_string"}}],"inLanguage":"az"},{"@type":"Organization","@id":"https:\/\/www.meydan.tv\/az\/#organization","name":"Meydan TV","url":"https:\/\/www.meydan.tv\/az\/","logo":{"@type":"ImageObject","inLanguage":"az","@id":"https:\/\/www.meydan.tv\/az\/#\/schema\/logo\/image\/","url":"https:\/\/www.meydan.tv\/wp-content\/uploads\/2021\/07\/meydan-logo.svg","contentUrl":"https:\/\/www.meydan.tv\/wp-content\/uploads\/2021\/07\/meydan-logo.svg","width":195,"height":46,"caption":"Meydan TV"},"image":{"@id":"https:\/\/www.meydan.tv\/az\/#\/schema\/logo\/image\/"}},{"@type":"Person","@id":"https:\/\/www.meydan.tv\/az\/#\/schema\/person\/10d11eccf6da3662cf5fdab9806ea91a","name":"user-manager"}]}},"_links":{"self":[{"href":"https:\/\/www.meydan.tv\/az\/wp-json\/wp\/v2\/posts\/198371","targetHints":{"allow":["GET"]}}],"collection":[{"href":"https:\/\/www.meydan.tv\/az\/wp-json\/wp\/v2\/posts"}],"about":[{"href":"https:\/\/www.meydan.tv\/az\/wp-json\/wp\/v2\/types\/post"}],"author":[{"embeddable":true,"href":"https:\/\/www.meydan.tv\/az\/wp-json\/wp\/v2\/users\/11"}],"replies":[{"embeddable":true,"href":"https:\/\/www.meydan.tv\/az\/wp-json\/wp\/v2\/comments?post=198371"}],"version-history":[{"count":0,"href":"https:\/\/www.meydan.tv\/az\/wp-json\/wp\/v2\/posts\/198371\/revisions"}],"wp:featuredmedia":[{"embeddable":true,"href":"https:\/\/www.meydan.tv\/az\/wp-json\/wp\/v2\/media\/126501"}],"wp:attachment":[{"href":"https:\/\/www.meydan.tv\/az\/wp-json\/wp\/v2\/media?parent=198371"}],"wp:term":[{"taxonomy":"category","embeddable":true,"href":"https:\/\/www.meydan.tv\/az\/wp-json\/wp\/v2\/categories?post=198371"},{"taxonomy":"post_tag","embeddable":true,"href":"https:\/\/www.meydan.tv\/az\/wp-json\/wp\/v2\/tags?post=198371"}],"curies":[{"name":"wp","href":"https:\/\/api.w.org\/{rel}","templated":true}]}}