{"id":198368,"date":"2019-12-13T17:49:02","date_gmt":"2019-12-13T17:49:02","guid":{"rendered":"https:\/\/www.meydan.tv\/article\/kecmis-bas-nazir-davutoglu-partiya-qurub\/"},"modified":"2019-12-13T17:49:02","modified_gmt":"2019-12-13T17:49:02","slug":"kecmis-bas-nazir-davutoglu-partiya-qurub","status":"publish","type":"post","link":"https:\/\/www.meydan.tv\/az\/article\/kecmis-bas-nazir-davutoglu-partiya-qurub\/","title":{"rendered":"Ke\u00e7mi\u015f Ba\u015f nazir Davuto\u011flu partiya qurub"},"content":{"rendered":"<p>\n  <i><br \/>\n    Davuto\u011flu partiyan\u0131n ad\u0131n\u0131n G\u0259l\u0259c\u0259yin Partiyas\u0131 oldu\u011funu a\u00e7\u0131qlay\u0131b<br \/>\n  <\/i>\n<\/p>\n<p>\n  T\u00fcrkiy\u0259nin ke\u00e7mi\u015f Ba\u015f naziri \u018fhm\u0259d Davuto\u011flu yeni partiya t\u0259sis edib v\u0259 Daxili \u0130\u015fl\u0259r Nazirliyin\u0259 t\u0259sdiq \u00fc\u00e7\u00fcn m\u00fcraci\u0259t edilib, &#8211; T\u00fcrkiy\u0259 medias\u0131 x\u0259b\u0259r verir.\n<\/p>\n<p>\n  Davuto\u011flu partiyan\u0131n ad\u0131n\u0131 G\u0259l\u0259c\u0259yin Partiyas\u0131 (Gelecek Partisi) olaraq a\u00e7\u0131qlay\u0131b.\n<\/p>\n<p>\n  At\u0131lm\u0131\u015f bu add\u0131m prezident R\u0259c\u0259b Tayyib \u018frdo\u011fana v\u0259 onun hakim AK Partiyaya meydan oxuma kimi d\u0259y\u0259rl\u0259ndirilir. Davuto\u011flu \u018frdo\u011fan\u0131n s\u0259rt t\u0259nqid\u00e7isi olaraq tan\u0131n\u0131r. Bu s\u0259b\u0259bd\u0259n onun hakim partiyadan istefas\u0131 ist\u0259ndikd\u0259n sonra Davuto\u011flu \u00f6z\u00fc partiyadan istefas\u0131n\u0131 t\u0259l\u0259b etmi\u015fdi.\n<\/p>\n<p>\n  \u0130stefadan sonra yeni partiya qurmaq s\u0259yl\u0259rini s\u00fcr\u0259tl\u0259ndir\u0259n ke\u00e7mi\u015f Ba\u015f nazir Daxili \u0130\u015fl\u0259r Nazirliyin\u0259 r\u0259smi m\u00fcraci\u0259t edib,- yerli media 13 dekabrda x\u0259b\u0259r verir.\n<\/p>\n<p>\n  Partiyan\u0131n qurulmas\u0131nda Davuto\u011flunun m\u0259sl\u0259kda\u015flar\u0131 Ayhan Sefer \u00dcst\u00fcn, Sel\u00e7uk \u00d6zda\u011f, Feramuz \u00dcst\u00fcn, \u0130zzettin K\u00fc\u00e7\u00fck, Ye\u015fim Karada\u011f ve Nedim Yamal\u0131 da i\u015ftirak edib.\n<\/p>\n<p>\n  Ayhan Sefer \u00dcst\u00fcn partiyan\u0131n qurulmas\u0131 il\u0259 ba\u011fl\u0131 ictimaiyy\u0259ti m\u0259lumatland\u0131raraq t\u00fcrk mill\u0259tin\u0259 u\u011furlar arzulay\u0131b.\n<\/p>\n<p>\n  \u201cArt\u0131q institutla\u015fm\u0131\u015f\u0131q. T\u00fcrkiy\u0259 siyas\u0259tin\u0259 yeni bir partiya qazand\u0131rd\u0131q, yeni bir alternativ do\u011fuldu. Bu g\u00fcnd\u0259n etibar\u0259n qurulma s\u0259yl\u0259rimizi s\u00fcr\u0259tl\u0259 davam etdir\u0259c\u0259yik\u201d,- dey\u0259 \u00dcst\u00fcn bildirib. O qeyd edib ki, sabah partiyan\u0131n t\u0259qdimat\u0131 olacaq.\n<\/p>\n<p>\n  \u201cT\u0259sis\u00e7il\u0259ri, gerbl\u0259ri, \u0259sasnam\u0259l\u0259ri v\u0259 proqram\u0131 t\u0259qdim ed\u0259c\u0259yik. Partiyam\u0131za \u00e7ox maraq var, ad\u0131, loqotipi v\u0259 idar\u0259 hey\u0259ti, qurucular\u0131 bar\u0259d\u0259 in\u015fallah sabah birlikd\u0259 \u00f6yr\u0259n\u0259c\u0259yik\u201d.<\/p>\n","protected":false},"excerpt":{"rendered":"<p>Davuto\u011flu partiyan\u0131n ad\u0131n\u0131n G\u0259l\u0259c\u0259yin Partiyas\u0131  oldu\u011funu a\u00e7\u0131qlay\u0131b<\/p>\n","protected":false},"author":11,"featured_media":54072,"comment_status":"closed","ping_status":"open","sticky":false,"template":"","format":"standard","meta":{"_acf_changed":false,"_sitemap_exclude":false,"_sitemap_priority":"","_sitemap_frequency":"","footnotes":""},"categories":[64],"tags":[],"class_list":["post-198368","post","type-post","status-publish","format-standard","has-post-thumbnail","hentry","category-dunya","infinite-scroll-item","generate-columns","tablet-grid-50","mobile-grid-100","grid-parent","grid-33","no-featured-image-padding"],"acf":[],"yoast_head":"<!-- This site is optimized with the Yoast SEO plugin v27.5 - https:\/\/yoast.com\/product\/yoast-seo-wordpress\/ -->\n<title>Ke\u00e7mi\u015f Ba\u015f nazir Davuto\u011flu partiya qurub - MEYDAN.TV<\/title>\n<meta name=\"robots\" content=\"index, follow, max-snippet:-1, max-image-preview:large, max-video-preview:-1\" \/>\n<link rel=\"canonical\" href=\"https:\/\/www.meydan.tv\/az\/article\/kecmis-bas-nazir-davutoglu-partiya-qurub\/\" \/>\n<meta property=\"og:locale\" content=\"az_AZ\" \/>\n<meta property=\"og:type\" content=\"article\" \/>\n<meta property=\"og:title\" content=\"Ke\u00e7mi\u015f Ba\u015f nazir Davuto\u011flu partiya qurub - MEYDAN.TV\" \/>\n<meta property=\"og:description\" content=\"Davuto\u011flu partiyan\u0131n ad\u0131n\u0131n G\u0259l\u0259c\u0259yin Partiyas\u0131 oldu\u011funu a\u00e7\u0131qlay\u0131b\" \/>\n<meta property=\"og:url\" content=\"https:\/\/www.meydan.tv\/az\/article\/kecmis-bas-nazir-davutoglu-partiya-qurub\/\" \/>\n<meta property=\"og:site_name\" content=\"MEYDAN.TV\" \/>\n<meta property=\"article:published_time\" content=\"2019-12-13T17:49:02+00:00\" \/>\n<meta property=\"og:image\" content=\"https:\/\/www.meydan.tv\/wp-content\/uploads\/20416.jpg\" \/>\n\t<meta property=\"og:image:width\" content=\"750\" \/>\n\t<meta property=\"og:image:height\" content=\"500\" \/>\n\t<meta property=\"og:image:type\" content=\"image\/jpeg\" \/>\n<meta name=\"author\" content=\"user-manager\" \/>\n<meta name=\"twitter:card\" content=\"summary_large_image\" \/>\n<script type=\"application\/ld+json\" class=\"yoast-schema-graph\">{\"@context\":\"https:\\\/\\\/schema.org\",\"@graph\":[{\"@type\":\"Article\",\"@id\":\"https:\\\/\\\/www.meydan.tv\\\/az\\\/article\\\/kecmis-bas-nazir-davutoglu-partiya-qurub\\\/#article\",\"isPartOf\":{\"@id\":\"https:\\\/\\\/www.meydan.tv\\\/az\\\/article\\\/kecmis-bas-nazir-davutoglu-partiya-qurub\\\/\"},\"author\":{\"name\":\"user-manager\",\"@id\":\"https:\\\/\\\/www.meydan.tv\\\/az\\\/#\\\/schema\\\/person\\\/10d11eccf6da3662cf5fdab9806ea91a\"},\"headline\":\"Ke\u00e7mi\u015f Ba\u015f nazir Davuto\u011flu partiya qurub\",\"datePublished\":\"2019-12-13T17:49:02+00:00\",\"mainEntityOfPage\":{\"@id\":\"https:\\\/\\\/www.meydan.tv\\\/az\\\/article\\\/kecmis-bas-nazir-davutoglu-partiya-qurub\\\/\"},\"wordCount\":321,\"publisher\":{\"@id\":\"https:\\\/\\\/www.meydan.tv\\\/az\\\/#organization\"},\"image\":{\"@id\":\"https:\\\/\\\/www.meydan.tv\\\/az\\\/article\\\/kecmis-bas-nazir-davutoglu-partiya-qurub\\\/#primaryimage\"},\"thumbnailUrl\":\"https:\\\/\\\/www.meydan.tv\\\/wp-content\\\/uploads\\\/20416.jpg\",\"articleSection\":[\"D\u00fcnya\"],\"inLanguage\":\"az\"},{\"@type\":\"WebPage\",\"@id\":\"https:\\\/\\\/www.meydan.tv\\\/az\\\/article\\\/kecmis-bas-nazir-davutoglu-partiya-qurub\\\/\",\"url\":\"https:\\\/\\\/www.meydan.tv\\\/az\\\/article\\\/kecmis-bas-nazir-davutoglu-partiya-qurub\\\/\",\"name\":\"Ke\u00e7mi\u015f Ba\u015f nazir Davuto\u011flu partiya qurub - MEYDAN.TV\",\"isPartOf\":{\"@id\":\"https:\\\/\\\/www.meydan.tv\\\/az\\\/#website\"},\"primaryImageOfPage\":{\"@id\":\"https:\\\/\\\/www.meydan.tv\\\/az\\\/article\\\/kecmis-bas-nazir-davutoglu-partiya-qurub\\\/#primaryimage\"},\"image\":{\"@id\":\"https:\\\/\\\/www.meydan.tv\\\/az\\\/article\\\/kecmis-bas-nazir-davutoglu-partiya-qurub\\\/#primaryimage\"},\"thumbnailUrl\":\"https:\\\/\\\/www.meydan.tv\\\/wp-content\\\/uploads\\\/20416.jpg\",\"datePublished\":\"2019-12-13T17:49:02+00:00\",\"breadcrumb\":{\"@id\":\"https:\\\/\\\/www.meydan.tv\\\/az\\\/article\\\/kecmis-bas-nazir-davutoglu-partiya-qurub\\\/#breadcrumb\"},\"inLanguage\":\"az\",\"potentialAction\":[{\"@type\":\"ReadAction\",\"target\":[\"https:\\\/\\\/www.meydan.tv\\\/az\\\/article\\\/kecmis-bas-nazir-davutoglu-partiya-qurub\\\/\"]}]},{\"@type\":\"ImageObject\",\"inLanguage\":\"az\",\"@id\":\"https:\\\/\\\/www.meydan.tv\\\/az\\\/article\\\/kecmis-bas-nazir-davutoglu-partiya-qurub\\\/#primaryimage\",\"url\":\"https:\\\/\\\/www.meydan.tv\\\/wp-content\\\/uploads\\\/20416.jpg\",\"contentUrl\":\"https:\\\/\\\/www.meydan.tv\\\/wp-content\\\/uploads\\\/20416.jpg\",\"width\":750,\"height\":500,\"caption\":\"Source:\"},{\"@type\":\"BreadcrumbList\",\"@id\":\"https:\\\/\\\/www.meydan.tv\\\/az\\\/article\\\/kecmis-bas-nazir-davutoglu-partiya-qurub\\\/#breadcrumb\",\"itemListElement\":[{\"@type\":\"ListItem\",\"position\":1,\"name\":\"Ana s\u0259hif\u0259\",\"item\":\"https:\\\/\\\/www.meydan.tv\\\/az\\\/\"},{\"@type\":\"ListItem\",\"position\":2,\"name\":\"D\u00fcnya\",\"item\":\"https:\\\/\\\/www.meydan.tv\\\/az\\\/section\\\/dunya\\\/\"},{\"@type\":\"ListItem\",\"position\":3,\"name\":\"Ke\u00e7mi\u015f Ba\u015f nazir Davuto\u011flu partiya qurub\"}]},{\"@type\":\"WebSite\",\"@id\":\"https:\\\/\\\/www.meydan.tv\\\/az\\\/#website\",\"url\":\"https:\\\/\\\/www.meydan.tv\\\/az\\\/\",\"name\":\"MEYDAN.TV\",\"description\":\"Meydan TV Az\u0259rbaycan\u0131n media m\u0259kan\u0131ndak\u0131 alternativ s\u0259sidir\",\"publisher\":{\"@id\":\"https:\\\/\\\/www.meydan.tv\\\/az\\\/#organization\"},\"potentialAction\":[{\"@type\":\"SearchAction\",\"target\":{\"@type\":\"EntryPoint\",\"urlTemplate\":\"https:\\\/\\\/www.meydan.tv\\\/az\\\/?s={search_term_string}\"},\"query-input\":{\"@type\":\"PropertyValueSpecification\",\"valueRequired\":true,\"valueName\":\"search_term_string\"}}],\"inLanguage\":\"az\"},{\"@type\":\"Organization\",\"@id\":\"https:\\\/\\\/www.meydan.tv\\\/az\\\/#organization\",\"name\":\"Meydan TV\",\"url\":\"https:\\\/\\\/www.meydan.tv\\\/az\\\/\",\"logo\":{\"@type\":\"ImageObject\",\"inLanguage\":\"az\",\"@id\":\"https:\\\/\\\/www.meydan.tv\\\/az\\\/#\\\/schema\\\/logo\\\/image\\\/\",\"url\":\"https:\\\/\\\/www.meydan.tv\\\/wp-content\\\/uploads\\\/2021\\\/07\\\/meydan-logo.svg\",\"contentUrl\":\"https:\\\/\\\/www.meydan.tv\\\/wp-content\\\/uploads\\\/2021\\\/07\\\/meydan-logo.svg\",\"width\":195,\"height\":46,\"caption\":\"Meydan TV\"},\"image\":{\"@id\":\"https:\\\/\\\/www.meydan.tv\\\/az\\\/#\\\/schema\\\/logo\\\/image\\\/\"}},{\"@type\":\"Person\",\"@id\":\"https:\\\/\\\/www.meydan.tv\\\/az\\\/#\\\/schema\\\/person\\\/10d11eccf6da3662cf5fdab9806ea91a\",\"name\":\"user-manager\"}]}<\/script>\n<!-- \/ Yoast SEO plugin. -->","yoast_head_json":{"title":"Ke\u00e7mi\u015f Ba\u015f nazir Davuto\u011flu partiya qurub - MEYDAN.TV","robots":{"index":"index","follow":"follow","max-snippet":"max-snippet:-1","max-image-preview":"max-image-preview:large","max-video-preview":"max-video-preview:-1"},"canonical":"https:\/\/www.meydan.tv\/az\/article\/kecmis-bas-nazir-davutoglu-partiya-qurub\/","og_locale":"az_AZ","og_type":"article","og_title":"Ke\u00e7mi\u015f Ba\u015f nazir Davuto\u011flu partiya qurub - MEYDAN.TV","og_description":"Davuto\u011flu partiyan\u0131n ad\u0131n\u0131n G\u0259l\u0259c\u0259yin Partiyas\u0131 oldu\u011funu a\u00e7\u0131qlay\u0131b","og_url":"https:\/\/www.meydan.tv\/az\/article\/kecmis-bas-nazir-davutoglu-partiya-qurub\/","og_site_name":"MEYDAN.TV","article_published_time":"2019-12-13T17:49:02+00:00","og_image":[{"width":750,"height":500,"url":"https:\/\/www.meydan.tv\/wp-content\/uploads\/20416.jpg","type":"image\/jpeg"}],"author":"user-manager","twitter_card":"summary_large_image","schema":{"@context":"https:\/\/schema.org","@graph":[{"@type":"Article","@id":"https:\/\/www.meydan.tv\/az\/article\/kecmis-bas-nazir-davutoglu-partiya-qurub\/#article","isPartOf":{"@id":"https:\/\/www.meydan.tv\/az\/article\/kecmis-bas-nazir-davutoglu-partiya-qurub\/"},"author":{"name":"user-manager","@id":"https:\/\/www.meydan.tv\/az\/#\/schema\/person\/10d11eccf6da3662cf5fdab9806ea91a"},"headline":"Ke\u00e7mi\u015f Ba\u015f nazir Davuto\u011flu partiya qurub","datePublished":"2019-12-13T17:49:02+00:00","mainEntityOfPage":{"@id":"https:\/\/www.meydan.tv\/az\/article\/kecmis-bas-nazir-davutoglu-partiya-qurub\/"},"wordCount":321,"publisher":{"@id":"https:\/\/www.meydan.tv\/az\/#organization"},"image":{"@id":"https:\/\/www.meydan.tv\/az\/article\/kecmis-bas-nazir-davutoglu-partiya-qurub\/#primaryimage"},"thumbnailUrl":"https:\/\/www.meydan.tv\/wp-content\/uploads\/20416.jpg","articleSection":["D\u00fcnya"],"inLanguage":"az"},{"@type":"WebPage","@id":"https:\/\/www.meydan.tv\/az\/article\/kecmis-bas-nazir-davutoglu-partiya-qurub\/","url":"https:\/\/www.meydan.tv\/az\/article\/kecmis-bas-nazir-davutoglu-partiya-qurub\/","name":"Ke\u00e7mi\u015f Ba\u015f nazir Davuto\u011flu partiya qurub - MEYDAN.TV","isPartOf":{"@id":"https:\/\/www.meydan.tv\/az\/#website"},"primaryImageOfPage":{"@id":"https:\/\/www.meydan.tv\/az\/article\/kecmis-bas-nazir-davutoglu-partiya-qurub\/#primaryimage"},"image":{"@id":"https:\/\/www.meydan.tv\/az\/article\/kecmis-bas-nazir-davutoglu-partiya-qurub\/#primaryimage"},"thumbnailUrl":"https:\/\/www.meydan.tv\/wp-content\/uploads\/20416.jpg","datePublished":"2019-12-13T17:49:02+00:00","breadcrumb":{"@id":"https:\/\/www.meydan.tv\/az\/article\/kecmis-bas-nazir-davutoglu-partiya-qurub\/#breadcrumb"},"inLanguage":"az","potentialAction":[{"@type":"ReadAction","target":["https:\/\/www.meydan.tv\/az\/article\/kecmis-bas-nazir-davutoglu-partiya-qurub\/"]}]},{"@type":"ImageObject","inLanguage":"az","@id":"https:\/\/www.meydan.tv\/az\/article\/kecmis-bas-nazir-davutoglu-partiya-qurub\/#primaryimage","url":"https:\/\/www.meydan.tv\/wp-content\/uploads\/20416.jpg","contentUrl":"https:\/\/www.meydan.tv\/wp-content\/uploads\/20416.jpg","width":750,"height":500,"caption":"Source:"},{"@type":"BreadcrumbList","@id":"https:\/\/www.meydan.tv\/az\/article\/kecmis-bas-nazir-davutoglu-partiya-qurub\/#breadcrumb","itemListElement":[{"@type":"ListItem","position":1,"name":"Ana s\u0259hif\u0259","item":"https:\/\/www.meydan.tv\/az\/"},{"@type":"ListItem","position":2,"name":"D\u00fcnya","item":"https:\/\/www.meydan.tv\/az\/section\/dunya\/"},{"@type":"ListItem","position":3,"name":"Ke\u00e7mi\u015f Ba\u015f nazir Davuto\u011flu partiya qurub"}]},{"@type":"WebSite","@id":"https:\/\/www.meydan.tv\/az\/#website","url":"https:\/\/www.meydan.tv\/az\/","name":"MEYDAN.TV","description":"Meydan TV Az\u0259rbaycan\u0131n media m\u0259kan\u0131ndak\u0131 alternativ s\u0259sidir","publisher":{"@id":"https:\/\/www.meydan.tv\/az\/#organization"},"potentialAction":[{"@type":"SearchAction","target":{"@type":"EntryPoint","urlTemplate":"https:\/\/www.meydan.tv\/az\/?s={search_term_string}"},"query-input":{"@type":"PropertyValueSpecification","valueRequired":true,"valueName":"search_term_string"}}],"inLanguage":"az"},{"@type":"Organization","@id":"https:\/\/www.meydan.tv\/az\/#organization","name":"Meydan TV","url":"https:\/\/www.meydan.tv\/az\/","logo":{"@type":"ImageObject","inLanguage":"az","@id":"https:\/\/www.meydan.tv\/az\/#\/schema\/logo\/image\/","url":"https:\/\/www.meydan.tv\/wp-content\/uploads\/2021\/07\/meydan-logo.svg","contentUrl":"https:\/\/www.meydan.tv\/wp-content\/uploads\/2021\/07\/meydan-logo.svg","width":195,"height":46,"caption":"Meydan TV"},"image":{"@id":"https:\/\/www.meydan.tv\/az\/#\/schema\/logo\/image\/"}},{"@type":"Person","@id":"https:\/\/www.meydan.tv\/az\/#\/schema\/person\/10d11eccf6da3662cf5fdab9806ea91a","name":"user-manager"}]}},"_links":{"self":[{"href":"https:\/\/www.meydan.tv\/az\/wp-json\/wp\/v2\/posts\/198368","targetHints":{"allow":["GET"]}}],"collection":[{"href":"https:\/\/www.meydan.tv\/az\/wp-json\/wp\/v2\/posts"}],"about":[{"href":"https:\/\/www.meydan.tv\/az\/wp-json\/wp\/v2\/types\/post"}],"author":[{"embeddable":true,"href":"https:\/\/www.meydan.tv\/az\/wp-json\/wp\/v2\/users\/11"}],"replies":[{"embeddable":true,"href":"https:\/\/www.meydan.tv\/az\/wp-json\/wp\/v2\/comments?post=198368"}],"version-history":[{"count":0,"href":"https:\/\/www.meydan.tv\/az\/wp-json\/wp\/v2\/posts\/198368\/revisions"}],"wp:featuredmedia":[{"embeddable":true,"href":"https:\/\/www.meydan.tv\/az\/wp-json\/wp\/v2\/media\/54072"}],"wp:attachment":[{"href":"https:\/\/www.meydan.tv\/az\/wp-json\/wp\/v2\/media?parent=198368"}],"wp:term":[{"taxonomy":"category","embeddable":true,"href":"https:\/\/www.meydan.tv\/az\/wp-json\/wp\/v2\/categories?post=198368"},{"taxonomy":"post_tag","embeddable":true,"href":"https:\/\/www.meydan.tv\/az\/wp-json\/wp\/v2\/tags?post=198368"}],"curies":[{"name":"wp","href":"https:\/\/api.w.org\/{rel}","templated":true}]}}